{"id":97877,"date":"2023-11-17T13:32:50","date_gmt":"2023-11-17T16:32:50","guid":{"rendered":"https:\/\/regiaonews.net.br\/2022\/?p=97877"},"modified":"2023-11-17T13:32:50","modified_gmt":"2023-11-17T16:32:50","slug":"saude-de-colina-realiza-semana-de-combate-a-dengue","status":"publish","type":"post","link":"https:\/\/regiaonews.net.br\/2022\/2023\/11\/17\/saude-de-colina-realiza-semana-de-combate-a-dengue\/","title":{"rendered":"Sa\u00fade de Colina realiza Semana de Combate \u00e0 Dengue"},"content":{"rendered":"<header class=\"site-header wrapper\" data-font-size=\"\">\n<nav id=\"menu-principal\" class=\"site-nav menu-fixed noPrint\">&nbsp;<\/p>\n<\/nav>\n<\/header>\n<section data-font-size=\"\">\n<section class=\"page-content wrapper\">\n<div data-grid=\"spacing\">\n<div data-cell=\"3of4\">\n<section class=\"post\">\n<header class=\"post-header\">\n<div data-grid=\"\">\n<p class=\"post-share noPrint\">\n<\/div>\n<\/header>\n<div class=\"post-content\">\n<article class=\"post-text\"><em>Trenzinho ser\u00e1 atra\u00e7\u00e3o<\/em><em>\u00a0na manh\u00e3 de<\/em><em>\u00a0s\u00e1bado, dia 18 de novembro<\/em><em>, na Pra\u00e7a Matriz<\/em><em>.<\/em><\/p>\n<p>&nbsp;<\/p>\n<p>A Prefeitura Municipal de Colina, por meio da Secretaria Municipal de Sa\u00fade, informa que a Vigil\u00e2ncia Epidemiol\u00f3gica e o Controle de Vetores est\u00e3o realizando orienta\u00e7\u00f5es com entrega de panfletos nas escolas municipais, enfatizando sobre a import\u00e2ncia de crian\u00e7as (juntamente com seus respons\u00e1veis) se mobilizarem para eliminarem potenciais recipientes criadouros do mosquito da Dengue em suas resid\u00eancias.<\/p>\n<p>Vale destacar que o mosquito Aedes Aegypti \u00e9 o principal transmissor de doen\u00e7as como Dengue, Zika, Chikungunya e Febre Amarela.<\/p>\n<p>A Semana de Combate \u00e0 Dengue acontece de 13 a 18 de novembro; sendo que, neste s\u00e1bado, dia 18, seu encerramento contar\u00e1 com o passeio de trenzinho.<\/p>\n<p>Assim, as a\u00e7\u00f5es de combate \u00e0 Dengue ter\u00e3o o ponto alto na manh\u00e3 do dia 18 de novembro, na Pra\u00e7a da Matriz, \u00a0com a\u00e7\u00f5es voltadas para a \u00e1rea da sa\u00fade: tapete l\u00fadico de combate \u00e0 Dengue; demonstra\u00e7\u00e3o de certo e errado; brinquedos infl\u00e1veis; carrinho de pipoca e o tradicional passeio de trenzinho, que contagia as crian\u00e7as.<\/p>\n<p>Para garantir o ingresso, que dar\u00e1 direito a uma volta no trenzinho, as crian\u00e7as dever\u00e3o levar aos pontos de coleta poss\u00edveis criadouros do Aedes Aegypti, como por exemplo uma das op\u00e7\u00f5es abaixo:<\/p>\n<p>&#8211; 10 embalagens pl\u00e1sticas descart\u00e1veis: garrafas em geral, potes, frascos, baldes sem uso;<\/p>\n<p>&#8211; 04 pneus usados (de carro, moto, bicicleta);<\/p>\n<p>&#8211; 05 latas ou gal\u00f5es de tintas usadas;<\/p>\n<p>As trocas ser\u00e3o realizadas dias 16 e 17 de novembro, das 08h \u00e0s 12h e das 14h \u00e0s 16h30 nos seguintes pontos de coleta: Pracinha do Patrim\u00f4nio, Pracinha da COHAB 2, Campo de Futebol da Nova Colina e nas Unidades de Sa\u00fade (ESF\u2019s) do Nosso Teto, Jardim Santa L\u00facia, Vila Fabri e do CDHU 2.<\/p>\n<p>O objetivo \u00e9 fazer com que toda a popula\u00e7\u00e3o se mobilize e fa\u00e7a uma vistoria na pr\u00f3pria casa, n\u00e3o medindo esfor\u00e7os para eliminar o Aedes Aegypti e contribuindo para a preserva\u00e7\u00e3o do meio ambiente.<\/p>\n<\/article>\n<\/div>\n<\/section>\n<\/div>\n<\/div>\n<\/section>\n<\/section>\n","protected":false},"excerpt":{"rendered":"<p>&nbsp; Trenzinho ser\u00e1 atra\u00e7\u00e3o\u00a0na manh\u00e3 de\u00a0s\u00e1bado, dia 18 de novembro,<\/p>\n","protected":false},"author":2,"featured_media":69370,"comment_status":"open","ping_status":"open","sticky":false,"template":"","format":"standard","meta":{"footnotes":""},"categories":[25,5],"tags":[],"class_list":["post-97877","post","type-post","status-publish","format-standard","has-post-thumbnail","hentry","category-cidades","category-colina"],"yoast_head":"<!-- This site is optimized with the Yoast SEO plugin v27.4 - https:\/\/yoast.com\/product\/yoast-seo-wordpress\/ -->\n<title>Sa\u00fade de Colina realiza Semana de Combate \u00e0 Dengue - Regi\u00e3o News<\/title>\n<meta name=\"robots\" content=\"index, follow, max-snippet:-1, max-image-preview:large, max-video-preview:-1\" \/>\n<link rel=\"canonical\" href=\"https:\/\/regiaonews.net.br\/2022\/2023\/11\/17\/saude-de-colina-realiza-semana-de-combate-a-dengue\/\" \/>\n<meta property=\"og:locale\" content=\"pt_BR\" \/>\n<meta property=\"og:type\" content=\"article\" \/>\n<meta property=\"og:title\" content=\"Sa\u00fade de Colina realiza Semana de Combate \u00e0 Dengue - Regi\u00e3o News\" \/>\n<meta property=\"og:description\" content=\"&nbsp; Trenzinho ser\u00e1 atra\u00e7\u00e3o\u00a0na manh\u00e3 de\u00a0s\u00e1bado, dia 18 de novembro,\" \/>\n<meta property=\"og:url\" content=\"https:\/\/regiaonews.net.br\/2022\/2023\/11\/17\/saude-de-colina-realiza-semana-de-combate-a-dengue\/\" \/>\n<meta property=\"og:site_name\" content=\"Regi\u00e3o News\" \/>\n<meta property=\"article:published_time\" content=\"2023-11-17T16:32:50+00:00\" \/>\n<meta property=\"og:image\" content=\"https:\/\/regiaonews.net.br\/2022\/wp-content\/uploads\/2022\/04\/mosquitos_aedes_aegypti_dengue.jpg\" \/>\n\t<meta property=\"og:image:width\" content=\"1170\" \/>\n\t<meta property=\"og:image:height\" content=\"700\" \/>\n\t<meta property=\"og:image:type\" content=\"image\/jpeg\" \/>\n<meta name=\"author\" content=\"Roberto\" \/>\n<meta name=\"twitter:card\" content=\"summary_large_image\" \/>\n<meta name=\"twitter:label1\" content=\"Escrito por\" \/>\n\t<meta name=\"twitter:data1\" content=\"Roberto\" \/>\n\t<meta name=\"twitter:label2\" content=\"Est. tempo de leitura\" \/>\n\t<meta name=\"twitter:data2\" content=\"2 minutos\" \/>\n<script type=\"application\/ld+json\" class=\"yoast-schema-graph\">{\"@context\":\"https:\\\/\\\/schema.org\",\"@graph\":[{\"@type\":\"Article\",\"@id\":\"https:\\\/\\\/regiaonews.net.br\\\/2022\\\/2023\\\/11\\\/17\\\/saude-de-colina-realiza-semana-de-combate-a-dengue\\\/#article\",\"isPartOf\":{\"@id\":\"https:\\\/\\\/regiaonews.net.br\\\/2022\\\/2023\\\/11\\\/17\\\/saude-de-colina-realiza-semana-de-combate-a-dengue\\\/\"},\"author\":{\"name\":\"Roberto\",\"@id\":\"https:\\\/\\\/regiaonews.net.br\\\/2022\\\/#\\\/schema\\\/person\\\/2d205a608a5aa97ac279d7a5e6d89ad8\"},\"headline\":\"Sa\u00fade de Colina realiza Semana de Combate \u00e0 Dengue\",\"datePublished\":\"2023-11-17T16:32:50+00:00\",\"mainEntityOfPage\":{\"@id\":\"https:\\\/\\\/regiaonews.net.br\\\/2022\\\/2023\\\/11\\\/17\\\/saude-de-colina-realiza-semana-de-combate-a-dengue\\\/\"},\"wordCount\":358,\"commentCount\":0,\"publisher\":{\"@id\":\"https:\\\/\\\/regiaonews.net.br\\\/2022\\\/#organization\"},\"image\":{\"@id\":\"https:\\\/\\\/regiaonews.net.br\\\/2022\\\/2023\\\/11\\\/17\\\/saude-de-colina-realiza-semana-de-combate-a-dengue\\\/#primaryimage\"},\"thumbnailUrl\":\"https:\\\/\\\/regiaonews.net.br\\\/2022\\\/wp-content\\\/uploads\\\/2022\\\/04\\\/mosquitos_aedes_aegypti_dengue.jpg\",\"articleSection\":[\"Cidades\",\"Colina\"],\"inLanguage\":\"pt-BR\",\"potentialAction\":[{\"@type\":\"CommentAction\",\"name\":\"Comment\",\"target\":[\"https:\\\/\\\/regiaonews.net.br\\\/2022\\\/2023\\\/11\\\/17\\\/saude-de-colina-realiza-semana-de-combate-a-dengue\\\/#respond\"]}]},{\"@type\":\"WebPage\",\"@id\":\"https:\\\/\\\/regiaonews.net.br\\\/2022\\\/2023\\\/11\\\/17\\\/saude-de-colina-realiza-semana-de-combate-a-dengue\\\/\",\"url\":\"https:\\\/\\\/regiaonews.net.br\\\/2022\\\/2023\\\/11\\\/17\\\/saude-de-colina-realiza-semana-de-combate-a-dengue\\\/\",\"name\":\"Sa\u00fade de Colina realiza Semana de Combate \u00e0 Dengue - Regi\u00e3o News\",\"isPartOf\":{\"@id\":\"https:\\\/\\\/regiaonews.net.br\\\/2022\\\/#website\"},\"primaryImageOfPage\":{\"@id\":\"https:\\\/\\\/regiaonews.net.br\\\/2022\\\/2023\\\/11\\\/17\\\/saude-de-colina-realiza-semana-de-combate-a-dengue\\\/#primaryimage\"},\"image\":{\"@id\":\"https:\\\/\\\/regiaonews.net.br\\\/2022\\\/2023\\\/11\\\/17\\\/saude-de-colina-realiza-semana-de-combate-a-dengue\\\/#primaryimage\"},\"thumbnailUrl\":\"https:\\\/\\\/regiaonews.net.br\\\/2022\\\/wp-content\\\/uploads\\\/2022\\\/04\\\/mosquitos_aedes_aegypti_dengue.jpg\",\"datePublished\":\"2023-11-17T16:32:50+00:00\",\"breadcrumb\":{\"@id\":\"https:\\\/\\\/regiaonews.net.br\\\/2022\\\/2023\\\/11\\\/17\\\/saude-de-colina-realiza-semana-de-combate-a-dengue\\\/#breadcrumb\"},\"inLanguage\":\"pt-BR\",\"potentialAction\":[{\"@type\":\"ReadAction\",\"target\":[\"https:\\\/\\\/regiaonews.net.br\\\/2022\\\/2023\\\/11\\\/17\\\/saude-de-colina-realiza-semana-de-combate-a-dengue\\\/\"]}]},{\"@type\":\"ImageObject\",\"inLanguage\":\"pt-BR\",\"@id\":\"https:\\\/\\\/regiaonews.net.br\\\/2022\\\/2023\\\/11\\\/17\\\/saude-de-colina-realiza-semana-de-combate-a-dengue\\\/#primaryimage\",\"url\":\"https:\\\/\\\/regiaonews.net.br\\\/2022\\\/wp-content\\\/uploads\\\/2022\\\/04\\\/mosquitos_aedes_aegypti_dengue.jpg\",\"contentUrl\":\"https:\\\/\\\/regiaonews.net.br\\\/2022\\\/wp-content\\\/uploads\\\/2022\\\/04\\\/mosquitos_aedes_aegypti_dengue.jpg\",\"width\":1170,\"height\":700,\"caption\":\"Mosquitos de Aedes aegypti s\u00e3o vistos no laborat\u00f3rio da Oxitec em Campinas\"},{\"@type\":\"BreadcrumbList\",\"@id\":\"https:\\\/\\\/regiaonews.net.br\\\/2022\\\/2023\\\/11\\\/17\\\/saude-de-colina-realiza-semana-de-combate-a-dengue\\\/#breadcrumb\",\"itemListElement\":[{\"@type\":\"ListItem\",\"position\":1,\"name\":\"In\u00edcio\",\"item\":\"https:\\\/\\\/regiaonews.net.br\\\/2022\\\/\"},{\"@type\":\"ListItem\",\"position\":2,\"name\":\"Sa\u00fade de Colina realiza Semana de Combate \u00e0 Dengue\"}]},{\"@type\":\"WebSite\",\"@id\":\"https:\\\/\\\/regiaonews.net.br\\\/2022\\\/#website\",\"url\":\"https:\\\/\\\/regiaonews.net.br\\\/2022\\\/\",\"name\":\"Regi\u00e3o News\",\"description\":\"Site de Not\u00edcias de Barretos e regi\u00e3o\",\"publisher\":{\"@id\":\"https:\\\/\\\/regiaonews.net.br\\\/2022\\\/#organization\"},\"potentialAction\":[{\"@type\":\"SearchAction\",\"target\":{\"@type\":\"EntryPoint\",\"urlTemplate\":\"https:\\\/\\\/regiaonews.net.br\\\/2022\\\/?s={search_term_string}\"},\"query-input\":{\"@type\":\"PropertyValueSpecification\",\"valueRequired\":true,\"valueName\":\"search_term_string\"}}],\"inLanguage\":\"pt-BR\"},{\"@type\":\"Organization\",\"@id\":\"https:\\\/\\\/regiaonews.net.br\\\/2022\\\/#organization\",\"name\":\"Regi\u00e3o News\",\"url\":\"https:\\\/\\\/regiaonews.net.br\\\/2022\\\/\",\"logo\":{\"@type\":\"ImageObject\",\"inLanguage\":\"pt-BR\",\"@id\":\"https:\\\/\\\/regiaonews.net.br\\\/2022\\\/#\\\/schema\\\/logo\\\/image\\\/\",\"url\":\"https:\\\/\\\/regiaonews.net.br\\\/2022\\\/wp-content\\\/uploads\\\/2026\\\/03\\\/regiao-13-anos-scaled.jpg\",\"contentUrl\":\"https:\\\/\\\/regiaonews.net.br\\\/2022\\\/wp-content\\\/uploads\\\/2026\\\/03\\\/regiao-13-anos-scaled.jpg\",\"width\":2560,\"height\":635,\"caption\":\"Regi\u00e3o News\"},\"image\":{\"@id\":\"https:\\\/\\\/regiaonews.net.br\\\/2022\\\/#\\\/schema\\\/logo\\\/image\\\/\"}},{\"@type\":\"Person\",\"@id\":\"https:\\\/\\\/regiaonews.net.br\\\/2022\\\/#\\\/schema\\\/person\\\/2d205a608a5aa97ac279d7a5e6d89ad8\",\"name\":\"Roberto\",\"image\":{\"@type\":\"ImageObject\",\"inLanguage\":\"pt-BR\",\"@id\":\"https:\\\/\\\/secure.gravatar.com\\\/avatar\\\/42749d8b712ff9d59ca93dc150494e5b55a44134482993f5baeb97e61b7ecc89?s=96&d=mm&r=g\",\"url\":\"https:\\\/\\\/secure.gravatar.com\\\/avatar\\\/42749d8b712ff9d59ca93dc150494e5b55a44134482993f5baeb97e61b7ecc89?s=96&d=mm&r=g\",\"contentUrl\":\"https:\\\/\\\/secure.gravatar.com\\\/avatar\\\/42749d8b712ff9d59ca93dc150494e5b55a44134482993f5baeb97e61b7ecc89?s=96&d=mm&r=g\",\"caption\":\"Roberto\"},\"url\":\"https:\\\/\\\/regiaonews.net.br\\\/2022\\\/author\\\/roberto\\\/\"}]}<\/script>\n<!-- \/ Yoast SEO plugin. -->","yoast_head_json":{"title":"Sa\u00fade de Colina realiza Semana de Combate \u00e0 Dengue - Regi\u00e3o News","robots":{"index":"index","follow":"follow","max-snippet":"max-snippet:-1","max-image-preview":"max-image-preview:large","max-video-preview":"max-video-preview:-1"},"canonical":"https:\/\/regiaonews.net.br\/2022\/2023\/11\/17\/saude-de-colina-realiza-semana-de-combate-a-dengue\/","og_locale":"pt_BR","og_type":"article","og_title":"Sa\u00fade de Colina realiza Semana de Combate \u00e0 Dengue - Regi\u00e3o News","og_description":"&nbsp; Trenzinho ser\u00e1 atra\u00e7\u00e3o\u00a0na manh\u00e3 de\u00a0s\u00e1bado, dia 18 de novembro,","og_url":"https:\/\/regiaonews.net.br\/2022\/2023\/11\/17\/saude-de-colina-realiza-semana-de-combate-a-dengue\/","og_site_name":"Regi\u00e3o News","article_published_time":"2023-11-17T16:32:50+00:00","og_image":[{"width":1170,"height":700,"url":"https:\/\/regiaonews.net.br\/2022\/wp-content\/uploads\/2022\/04\/mosquitos_aedes_aegypti_dengue.jpg","type":"image\/jpeg"}],"author":"Roberto","twitter_card":"summary_large_image","twitter_misc":{"Escrito por":"Roberto","Est. tempo de leitura":"2 minutos"},"schema":{"@context":"https:\/\/schema.org","@graph":[{"@type":"Article","@id":"https:\/\/regiaonews.net.br\/2022\/2023\/11\/17\/saude-de-colina-realiza-semana-de-combate-a-dengue\/#article","isPartOf":{"@id":"https:\/\/regiaonews.net.br\/2022\/2023\/11\/17\/saude-de-colina-realiza-semana-de-combate-a-dengue\/"},"author":{"name":"Roberto","@id":"https:\/\/regiaonews.net.br\/2022\/#\/schema\/person\/2d205a608a5aa97ac279d7a5e6d89ad8"},"headline":"Sa\u00fade de Colina realiza Semana de Combate \u00e0 Dengue","datePublished":"2023-11-17T16:32:50+00:00","mainEntityOfPage":{"@id":"https:\/\/regiaonews.net.br\/2022\/2023\/11\/17\/saude-de-colina-realiza-semana-de-combate-a-dengue\/"},"wordCount":358,"commentCount":0,"publisher":{"@id":"https:\/\/regiaonews.net.br\/2022\/#organization"},"image":{"@id":"https:\/\/regiaonews.net.br\/2022\/2023\/11\/17\/saude-de-colina-realiza-semana-de-combate-a-dengue\/#primaryimage"},"thumbnailUrl":"https:\/\/regiaonews.net.br\/2022\/wp-content\/uploads\/2022\/04\/mosquitos_aedes_aegypti_dengue.jpg","articleSection":["Cidades","Colina"],"inLanguage":"pt-BR","potentialAction":[{"@type":"CommentAction","name":"Comment","target":["https:\/\/regiaonews.net.br\/2022\/2023\/11\/17\/saude-de-colina-realiza-semana-de-combate-a-dengue\/#respond"]}]},{"@type":"WebPage","@id":"https:\/\/regiaonews.net.br\/2022\/2023\/11\/17\/saude-de-colina-realiza-semana-de-combate-a-dengue\/","url":"https:\/\/regiaonews.net.br\/2022\/2023\/11\/17\/saude-de-colina-realiza-semana-de-combate-a-dengue\/","name":"Sa\u00fade de Colina realiza Semana de Combate \u00e0 Dengue - Regi\u00e3o News","isPartOf":{"@id":"https:\/\/regiaonews.net.br\/2022\/#website"},"primaryImageOfPage":{"@id":"https:\/\/regiaonews.net.br\/2022\/2023\/11\/17\/saude-de-colina-realiza-semana-de-combate-a-dengue\/#primaryimage"},"image":{"@id":"https:\/\/regiaonews.net.br\/2022\/2023\/11\/17\/saude-de-colina-realiza-semana-de-combate-a-dengue\/#primaryimage"},"thumbnailUrl":"https:\/\/regiaonews.net.br\/2022\/wp-content\/uploads\/2022\/04\/mosquitos_aedes_aegypti_dengue.jpg","datePublished":"2023-11-17T16:32:50+00:00","breadcrumb":{"@id":"https:\/\/regiaonews.net.br\/2022\/2023\/11\/17\/saude-de-colina-realiza-semana-de-combate-a-dengue\/#breadcrumb"},"inLanguage":"pt-BR","potentialAction":[{"@type":"ReadAction","target":["https:\/\/regiaonews.net.br\/2022\/2023\/11\/17\/saude-de-colina-realiza-semana-de-combate-a-dengue\/"]}]},{"@type":"ImageObject","inLanguage":"pt-BR","@id":"https:\/\/regiaonews.net.br\/2022\/2023\/11\/17\/saude-de-colina-realiza-semana-de-combate-a-dengue\/#primaryimage","url":"https:\/\/regiaonews.net.br\/2022\/wp-content\/uploads\/2022\/04\/mosquitos_aedes_aegypti_dengue.jpg","contentUrl":"https:\/\/regiaonews.net.br\/2022\/wp-content\/uploads\/2022\/04\/mosquitos_aedes_aegypti_dengue.jpg","width":1170,"height":700,"caption":"Mosquitos de Aedes aegypti s\u00e3o vistos no laborat\u00f3rio da Oxitec em Campinas"},{"@type":"BreadcrumbList","@id":"https:\/\/regiaonews.net.br\/2022\/2023\/11\/17\/saude-de-colina-realiza-semana-de-combate-a-dengue\/#breadcrumb","itemListElement":[{"@type":"ListItem","position":1,"name":"In\u00edcio","item":"https:\/\/regiaonews.net.br\/2022\/"},{"@type":"ListItem","position":2,"name":"Sa\u00fade de Colina realiza Semana de Combate \u00e0 Dengue"}]},{"@type":"WebSite","@id":"https:\/\/regiaonews.net.br\/2022\/#website","url":"https:\/\/regiaonews.net.br\/2022\/","name":"Regi\u00e3o News","description":"Site de Not\u00edcias de Barretos e regi\u00e3o","publisher":{"@id":"https:\/\/regiaonews.net.br\/2022\/#organization"},"potentialAction":[{"@type":"SearchAction","target":{"@type":"EntryPoint","urlTemplate":"https:\/\/regiaonews.net.br\/2022\/?s={search_term_string}"},"query-input":{"@type":"PropertyValueSpecification","valueRequired":true,"valueName":"search_term_string"}}],"inLanguage":"pt-BR"},{"@type":"Organization","@id":"https:\/\/regiaonews.net.br\/2022\/#organization","name":"Regi\u00e3o News","url":"https:\/\/regiaonews.net.br\/2022\/","logo":{"@type":"ImageObject","inLanguage":"pt-BR","@id":"https:\/\/regiaonews.net.br\/2022\/#\/schema\/logo\/image\/","url":"https:\/\/regiaonews.net.br\/2022\/wp-content\/uploads\/2026\/03\/regiao-13-anos-scaled.jpg","contentUrl":"https:\/\/regiaonews.net.br\/2022\/wp-content\/uploads\/2026\/03\/regiao-13-anos-scaled.jpg","width":2560,"height":635,"caption":"Regi\u00e3o News"},"image":{"@id":"https:\/\/regiaonews.net.br\/2022\/#\/schema\/logo\/image\/"}},{"@type":"Person","@id":"https:\/\/regiaonews.net.br\/2022\/#\/schema\/person\/2d205a608a5aa97ac279d7a5e6d89ad8","name":"Roberto","image":{"@type":"ImageObject","inLanguage":"pt-BR","@id":"https:\/\/secure.gravatar.com\/avatar\/42749d8b712ff9d59ca93dc150494e5b55a44134482993f5baeb97e61b7ecc89?s=96&d=mm&r=g","url":"https:\/\/secure.gravatar.com\/avatar\/42749d8b712ff9d59ca93dc150494e5b55a44134482993f5baeb97e61b7ecc89?s=96&d=mm&r=g","contentUrl":"https:\/\/secure.gravatar.com\/avatar\/42749d8b712ff9d59ca93dc150494e5b55a44134482993f5baeb97e61b7ecc89?s=96&d=mm&r=g","caption":"Roberto"},"url":"https:\/\/regiaonews.net.br\/2022\/author\/roberto\/"}]}},"publishpress_future_action":{"enabled":false,"date":"2026-05-04 17:47:17","action":"change-status","newStatus":"draft","terms":[],"taxonomy":"category","extraData":[]},"publishpress_future_workflow_manual_trigger":{"enabledWorkflows":[]},"_links":{"self":[{"href":"https:\/\/regiaonews.net.br\/2022\/wp-json\/wp\/v2\/posts\/97877","targetHints":{"allow":["GET"]}}],"collection":[{"href":"https:\/\/regiaonews.net.br\/2022\/wp-json\/wp\/v2\/posts"}],"about":[{"href":"https:\/\/regiaonews.net.br\/2022\/wp-json\/wp\/v2\/types\/post"}],"author":[{"embeddable":true,"href":"https:\/\/regiaonews.net.br\/2022\/wp-json\/wp\/v2\/users\/2"}],"replies":[{"embeddable":true,"href":"https:\/\/regiaonews.net.br\/2022\/wp-json\/wp\/v2\/comments?post=97877"}],"version-history":[{"count":1,"href":"https:\/\/regiaonews.net.br\/2022\/wp-json\/wp\/v2\/posts\/97877\/revisions"}],"predecessor-version":[{"id":97878,"href":"https:\/\/regiaonews.net.br\/2022\/wp-json\/wp\/v2\/posts\/97877\/revisions\/97878"}],"wp:featuredmedia":[{"embeddable":true,"href":"https:\/\/regiaonews.net.br\/2022\/wp-json\/wp\/v2\/media\/69370"}],"wp:attachment":[{"href":"https:\/\/regiaonews.net.br\/2022\/wp-json\/wp\/v2\/media?parent=97877"}],"wp:term":[{"taxonomy":"category","embeddable":true,"href":"https:\/\/regiaonews.net.br\/2022\/wp-json\/wp\/v2\/categories?post=97877"},{"taxonomy":"post_tag","embeddable":true,"href":"https:\/\/regiaonews.net.br\/2022\/wp-json\/wp\/v2\/tags?post=97877"}],"curies":[{"name":"wp","href":"https:\/\/api.w.org\/{rel}","templated":true}]}}