{"id":97871,"date":"2023-11-17T11:34:26","date_gmt":"2023-11-17T14:34:26","guid":{"rendered":"https:\/\/regiaonews.net.br\/2022\/?p=97871"},"modified":"2023-11-17T11:34:26","modified_gmt":"2023-11-17T14:34:26","slug":"policia-civil-de-barretos-prende-adolescente-suspeito-de-roubo-a-mao-armada","status":"publish","type":"post","link":"https:\/\/regiaonews.net.br\/2022\/2023\/11\/17\/policia-civil-de-barretos-prende-adolescente-suspeito-de-roubo-a-mao-armada\/","title":{"rendered":"Pol\u00edcia Civil de Barretos prende adolescente suspeito de roubo \u00e0 m\u00e3o armada"},"content":{"rendered":"<h3 style=\"text-align: center;\">Ele teria subtra\u00eddo uma motocicleta junto com um homem maior de idade.<\/h3>\n<p>A Pol\u00edcia Civil de Barretos, por interm\u00e9dio dos policiais civis da Delegacia de Investiga\u00e7\u00f5es Gerais e da Delegacia de Investiga\u00e7\u00f5es sobre Entorpecentes, apreendeu, na data de hoje, um adolescente de 17 anos, suspeito de ter praticado um roubo \u00e0 m\u00e3o armada ocorrido no dia 02 de outubro.<\/p>\n<p>Na ocasi\u00e3o, a v\u00edtima, uma mulher de 25 anos, conduzia sua motocicleta HONDA\/CG 160 FAN pelo Bairro Nogueira, quando foi abordada por dois indiv\u00edduos em uma motocicleta, os quais, mediante emprego de arma de fogo, fizeram a v\u00edtima descer da motocicleta, subtraindo-a.<\/p>\n<p>A motocicleta foi localizada alguns dias depois e os policiais civis, atrav\u00e9s da troca de informa\u00e7\u00f5es com a Pol\u00edcia Militar, conseguiram identificar o adolescente como um dos suspeitos do roubo, assim como um homem de 21 anos, o qual j\u00e1 se encontra preso pela pr\u00e1tica de tr\u00e1fico de drogas.<\/p>\n<p>Com o avan\u00e7o das investiga\u00e7\u00f5es, os agentes ainda identificaram um terceiro homem, este de 28 anos, o qual teria encomendado o roubo da motocicleta, para que as pe\u00e7as fossem retiradas e empregadas em sua moto.<\/p>\n<p>Diante disso, a autoridade policial representou ao Judici\u00e1rio pela expedi\u00e7\u00e3o de mandado de busca e apreens\u00e3o contra o adolescente e de pris\u00e3o tempor\u00e1ria contra os dois homens.<\/p>\n<p>Na manh\u00e3 de hoje, os policiais conseguiram apreender o adolescente, o qual confessou a pr\u00e1tica do crime e revelou seu envolvimento em outro roubo.<\/p>\n<p>Em rela\u00e7\u00e3o ao segundo roubador, o mandado foi cumprido junto ao Centro de Deten\u00e7\u00e3o de Tai\u00fava, onde ele j\u00e1 se encontrava preso por tr\u00e1fico de drogas. O mandante do crime permanece foragido e os policiais continuam efetuando dilig\u00eancias para localiz\u00e1-lo.<\/p>\n<p>O adolescente foi removido \u00e0 Funda\u00e7\u00e3o Casa de Araraquara, onde permanecer\u00e1 \u00e0 disposi\u00e7\u00e3o\u00a0da\u00a0Justi\u00e7a.<\/p>\n<div style=\"width: 640px;\" class=\"wp-video\"><video class=\"wp-video-shortcode\" id=\"video-97871-1\" width=\"640\" height=\"362\" preload=\"metadata\" controls=\"controls\"><source type=\"video\/mp4\" src=\"https:\/\/regiaonews.net.br\/2022\/wp-content\/uploads\/2023\/11\/Video-do-WhatsApp-de-2023-11-17-as-10.45.45_e9f20ffd.mp4?_=1\" \/><a href=\"https:\/\/regiaonews.net.br\/2022\/wp-content\/uploads\/2023\/11\/Video-do-WhatsApp-de-2023-11-17-as-10.45.45_e9f20ffd.mp4\">https:\/\/regiaonews.net.br\/2022\/wp-content\/uploads\/2023\/11\/Video-do-WhatsApp-de-2023-11-17-as-10.45.45_e9f20ffd.mp4<\/a><\/video><\/div>\n","protected":false},"excerpt":{"rendered":"<p>Ele teria subtra\u00eddo uma motocicleta junto com um homem maior<\/p>\n","protected":false},"author":2,"featured_media":95519,"comment_status":"open","ping_status":"open","sticky":false,"template":"","format":"standard","meta":{"footnotes":""},"categories":[1],"tags":[],"class_list":["post-97871","post","type-post","status-publish","format-standard","has-post-thumbnail","hentry","category-indefinido"],"yoast_head":"<!-- This site is optimized with the Yoast SEO plugin v27.4 - https:\/\/yoast.com\/product\/yoast-seo-wordpress\/ -->\n<title>Pol\u00edcia Civil de Barretos prende adolescente suspeito de roubo \u00e0 m\u00e3o armada - Regi\u00e3o News<\/title>\n<meta name=\"robots\" content=\"index, follow, max-snippet:-1, max-image-preview:large, max-video-preview:-1\" \/>\n<link rel=\"canonical\" href=\"https:\/\/regiaonews.net.br\/2022\/2023\/11\/17\/policia-civil-de-barretos-prende-adolescente-suspeito-de-roubo-a-mao-armada\/\" \/>\n<meta property=\"og:locale\" content=\"pt_BR\" \/>\n<meta property=\"og:type\" content=\"article\" \/>\n<meta property=\"og:title\" content=\"Pol\u00edcia Civil de Barretos prende adolescente suspeito de roubo \u00e0 m\u00e3o armada - Regi\u00e3o News\" \/>\n<meta property=\"og:description\" content=\"Ele teria subtra\u00eddo uma motocicleta junto com um homem maior\" \/>\n<meta property=\"og:url\" content=\"https:\/\/regiaonews.net.br\/2022\/2023\/11\/17\/policia-civil-de-barretos-prende-adolescente-suspeito-de-roubo-a-mao-armada\/\" \/>\n<meta property=\"og:site_name\" content=\"Regi\u00e3o News\" \/>\n<meta property=\"article:published_time\" content=\"2023-11-17T14:34:26+00:00\" \/>\n<meta property=\"og:image\" content=\"https:\/\/regiaonews.net.br\/2022\/wp-content\/uploads\/2023\/09\/Policia-Civil.jpg\" \/>\n\t<meta property=\"og:image:width\" content=\"789\" \/>\n\t<meta property=\"og:image:height\" content=\"384\" \/>\n\t<meta property=\"og:image:type\" content=\"image\/jpeg\" \/>\n<meta name=\"author\" content=\"Roberto\" \/>\n<meta name=\"twitter:card\" content=\"summary_large_image\" \/>\n<meta name=\"twitter:label1\" content=\"Escrito por\" \/>\n\t<meta name=\"twitter:data1\" content=\"Roberto\" \/>\n\t<meta name=\"twitter:label2\" content=\"Est. tempo de leitura\" \/>\n\t<meta name=\"twitter:data2\" content=\"2 minutos\" \/>\n<script type=\"application\/ld+json\" class=\"yoast-schema-graph\">{\"@context\":\"https:\\\/\\\/schema.org\",\"@graph\":[{\"@type\":\"Article\",\"@id\":\"https:\\\/\\\/regiaonews.net.br\\\/2022\\\/2023\\\/11\\\/17\\\/policia-civil-de-barretos-prende-adolescente-suspeito-de-roubo-a-mao-armada\\\/#article\",\"isPartOf\":{\"@id\":\"https:\\\/\\\/regiaonews.net.br\\\/2022\\\/2023\\\/11\\\/17\\\/policia-civil-de-barretos-prende-adolescente-suspeito-de-roubo-a-mao-armada\\\/\"},\"author\":{\"name\":\"Roberto\",\"@id\":\"https:\\\/\\\/regiaonews.net.br\\\/2022\\\/#\\\/schema\\\/person\\\/2d205a608a5aa97ac279d7a5e6d89ad8\"},\"headline\":\"Pol\u00edcia Civil de Barretos prende adolescente suspeito de roubo \u00e0 m\u00e3o armada\",\"datePublished\":\"2023-11-17T14:34:26+00:00\",\"mainEntityOfPage\":{\"@id\":\"https:\\\/\\\/regiaonews.net.br\\\/2022\\\/2023\\\/11\\\/17\\\/policia-civil-de-barretos-prende-adolescente-suspeito-de-roubo-a-mao-armada\\\/\"},\"wordCount\":348,\"commentCount\":0,\"publisher\":{\"@id\":\"https:\\\/\\\/regiaonews.net.br\\\/2022\\\/#organization\"},\"image\":{\"@id\":\"https:\\\/\\\/regiaonews.net.br\\\/2022\\\/2023\\\/11\\\/17\\\/policia-civil-de-barretos-prende-adolescente-suspeito-de-roubo-a-mao-armada\\\/#primaryimage\"},\"thumbnailUrl\":\"https:\\\/\\\/regiaonews.net.br\\\/2022\\\/wp-content\\\/uploads\\\/2023\\\/09\\\/Policia-Civil.jpg\",\"articleSection\":[\"Indefinido\"],\"inLanguage\":\"pt-BR\",\"potentialAction\":[{\"@type\":\"CommentAction\",\"name\":\"Comment\",\"target\":[\"https:\\\/\\\/regiaonews.net.br\\\/2022\\\/2023\\\/11\\\/17\\\/policia-civil-de-barretos-prende-adolescente-suspeito-de-roubo-a-mao-armada\\\/#respond\"]}]},{\"@type\":\"WebPage\",\"@id\":\"https:\\\/\\\/regiaonews.net.br\\\/2022\\\/2023\\\/11\\\/17\\\/policia-civil-de-barretos-prende-adolescente-suspeito-de-roubo-a-mao-armada\\\/\",\"url\":\"https:\\\/\\\/regiaonews.net.br\\\/2022\\\/2023\\\/11\\\/17\\\/policia-civil-de-barretos-prende-adolescente-suspeito-de-roubo-a-mao-armada\\\/\",\"name\":\"Pol\u00edcia Civil de Barretos prende adolescente suspeito de roubo \u00e0 m\u00e3o armada - Regi\u00e3o News\",\"isPartOf\":{\"@id\":\"https:\\\/\\\/regiaonews.net.br\\\/2022\\\/#website\"},\"primaryImageOfPage\":{\"@id\":\"https:\\\/\\\/regiaonews.net.br\\\/2022\\\/2023\\\/11\\\/17\\\/policia-civil-de-barretos-prende-adolescente-suspeito-de-roubo-a-mao-armada\\\/#primaryimage\"},\"image\":{\"@id\":\"https:\\\/\\\/regiaonews.net.br\\\/2022\\\/2023\\\/11\\\/17\\\/policia-civil-de-barretos-prende-adolescente-suspeito-de-roubo-a-mao-armada\\\/#primaryimage\"},\"thumbnailUrl\":\"https:\\\/\\\/regiaonews.net.br\\\/2022\\\/wp-content\\\/uploads\\\/2023\\\/09\\\/Policia-Civil.jpg\",\"datePublished\":\"2023-11-17T14:34:26+00:00\",\"breadcrumb\":{\"@id\":\"https:\\\/\\\/regiaonews.net.br\\\/2022\\\/2023\\\/11\\\/17\\\/policia-civil-de-barretos-prende-adolescente-suspeito-de-roubo-a-mao-armada\\\/#breadcrumb\"},\"inLanguage\":\"pt-BR\",\"potentialAction\":[{\"@type\":\"ReadAction\",\"target\":[\"https:\\\/\\\/regiaonews.net.br\\\/2022\\\/2023\\\/11\\\/17\\\/policia-civil-de-barretos-prende-adolescente-suspeito-de-roubo-a-mao-armada\\\/\"]}]},{\"@type\":\"ImageObject\",\"inLanguage\":\"pt-BR\",\"@id\":\"https:\\\/\\\/regiaonews.net.br\\\/2022\\\/2023\\\/11\\\/17\\\/policia-civil-de-barretos-prende-adolescente-suspeito-de-roubo-a-mao-armada\\\/#primaryimage\",\"url\":\"https:\\\/\\\/regiaonews.net.br\\\/2022\\\/wp-content\\\/uploads\\\/2023\\\/09\\\/Policia-Civil.jpg\",\"contentUrl\":\"https:\\\/\\\/regiaonews.net.br\\\/2022\\\/wp-content\\\/uploads\\\/2023\\\/09\\\/Policia-Civil.jpg\",\"width\":789,\"height\":384},{\"@type\":\"BreadcrumbList\",\"@id\":\"https:\\\/\\\/regiaonews.net.br\\\/2022\\\/2023\\\/11\\\/17\\\/policia-civil-de-barretos-prende-adolescente-suspeito-de-roubo-a-mao-armada\\\/#breadcrumb\",\"itemListElement\":[{\"@type\":\"ListItem\",\"position\":1,\"name\":\"In\u00edcio\",\"item\":\"https:\\\/\\\/regiaonews.net.br\\\/2022\\\/\"},{\"@type\":\"ListItem\",\"position\":2,\"name\":\"Pol\u00edcia Civil de Barretos prende adolescente suspeito de roubo \u00e0 m\u00e3o armada\"}]},{\"@type\":\"WebSite\",\"@id\":\"https:\\\/\\\/regiaonews.net.br\\\/2022\\\/#website\",\"url\":\"https:\\\/\\\/regiaonews.net.br\\\/2022\\\/\",\"name\":\"Regi\u00e3o News\",\"description\":\"Site de Not\u00edcias de Barretos e regi\u00e3o\",\"publisher\":{\"@id\":\"https:\\\/\\\/regiaonews.net.br\\\/2022\\\/#organization\"},\"potentialAction\":[{\"@type\":\"SearchAction\",\"target\":{\"@type\":\"EntryPoint\",\"urlTemplate\":\"https:\\\/\\\/regiaonews.net.br\\\/2022\\\/?s={search_term_string}\"},\"query-input\":{\"@type\":\"PropertyValueSpecification\",\"valueRequired\":true,\"valueName\":\"search_term_string\"}}],\"inLanguage\":\"pt-BR\"},{\"@type\":\"Organization\",\"@id\":\"https:\\\/\\\/regiaonews.net.br\\\/2022\\\/#organization\",\"name\":\"Regi\u00e3o News\",\"url\":\"https:\\\/\\\/regiaonews.net.br\\\/2022\\\/\",\"logo\":{\"@type\":\"ImageObject\",\"inLanguage\":\"pt-BR\",\"@id\":\"https:\\\/\\\/regiaonews.net.br\\\/2022\\\/#\\\/schema\\\/logo\\\/image\\\/\",\"url\":\"https:\\\/\\\/regiaonews.net.br\\\/2022\\\/wp-content\\\/uploads\\\/2026\\\/03\\\/regiao-13-anos-scaled.jpg\",\"contentUrl\":\"https:\\\/\\\/regiaonews.net.br\\\/2022\\\/wp-content\\\/uploads\\\/2026\\\/03\\\/regiao-13-anos-scaled.jpg\",\"width\":2560,\"height\":635,\"caption\":\"Regi\u00e3o News\"},\"image\":{\"@id\":\"https:\\\/\\\/regiaonews.net.br\\\/2022\\\/#\\\/schema\\\/logo\\\/image\\\/\"}},{\"@type\":\"Person\",\"@id\":\"https:\\\/\\\/regiaonews.net.br\\\/2022\\\/#\\\/schema\\\/person\\\/2d205a608a5aa97ac279d7a5e6d89ad8\",\"name\":\"Roberto\",\"image\":{\"@type\":\"ImageObject\",\"inLanguage\":\"pt-BR\",\"@id\":\"https:\\\/\\\/secure.gravatar.com\\\/avatar\\\/42749d8b712ff9d59ca93dc150494e5b55a44134482993f5baeb97e61b7ecc89?s=96&d=mm&r=g\",\"url\":\"https:\\\/\\\/secure.gravatar.com\\\/avatar\\\/42749d8b712ff9d59ca93dc150494e5b55a44134482993f5baeb97e61b7ecc89?s=96&d=mm&r=g\",\"contentUrl\":\"https:\\\/\\\/secure.gravatar.com\\\/avatar\\\/42749d8b712ff9d59ca93dc150494e5b55a44134482993f5baeb97e61b7ecc89?s=96&d=mm&r=g\",\"caption\":\"Roberto\"},\"url\":\"https:\\\/\\\/regiaonews.net.br\\\/2022\\\/author\\\/roberto\\\/\"}]}<\/script>\n<!-- \/ Yoast SEO plugin. -->","yoast_head_json":{"title":"Pol\u00edcia Civil de Barretos prende adolescente suspeito de roubo \u00e0 m\u00e3o armada - Regi\u00e3o News","robots":{"index":"index","follow":"follow","max-snippet":"max-snippet:-1","max-image-preview":"max-image-preview:large","max-video-preview":"max-video-preview:-1"},"canonical":"https:\/\/regiaonews.net.br\/2022\/2023\/11\/17\/policia-civil-de-barretos-prende-adolescente-suspeito-de-roubo-a-mao-armada\/","og_locale":"pt_BR","og_type":"article","og_title":"Pol\u00edcia Civil de Barretos prende adolescente suspeito de roubo \u00e0 m\u00e3o armada - Regi\u00e3o News","og_description":"Ele teria subtra\u00eddo uma motocicleta junto com um homem maior","og_url":"https:\/\/regiaonews.net.br\/2022\/2023\/11\/17\/policia-civil-de-barretos-prende-adolescente-suspeito-de-roubo-a-mao-armada\/","og_site_name":"Regi\u00e3o News","article_published_time":"2023-11-17T14:34:26+00:00","og_image":[{"width":789,"height":384,"url":"https:\/\/regiaonews.net.br\/2022\/wp-content\/uploads\/2023\/09\/Policia-Civil.jpg","type":"image\/jpeg"}],"author":"Roberto","twitter_card":"summary_large_image","twitter_misc":{"Escrito por":"Roberto","Est. tempo de leitura":"2 minutos"},"schema":{"@context":"https:\/\/schema.org","@graph":[{"@type":"Article","@id":"https:\/\/regiaonews.net.br\/2022\/2023\/11\/17\/policia-civil-de-barretos-prende-adolescente-suspeito-de-roubo-a-mao-armada\/#article","isPartOf":{"@id":"https:\/\/regiaonews.net.br\/2022\/2023\/11\/17\/policia-civil-de-barretos-prende-adolescente-suspeito-de-roubo-a-mao-armada\/"},"author":{"name":"Roberto","@id":"https:\/\/regiaonews.net.br\/2022\/#\/schema\/person\/2d205a608a5aa97ac279d7a5e6d89ad8"},"headline":"Pol\u00edcia Civil de Barretos prende adolescente suspeito de roubo \u00e0 m\u00e3o armada","datePublished":"2023-11-17T14:34:26+00:00","mainEntityOfPage":{"@id":"https:\/\/regiaonews.net.br\/2022\/2023\/11\/17\/policia-civil-de-barretos-prende-adolescente-suspeito-de-roubo-a-mao-armada\/"},"wordCount":348,"commentCount":0,"publisher":{"@id":"https:\/\/regiaonews.net.br\/2022\/#organization"},"image":{"@id":"https:\/\/regiaonews.net.br\/2022\/2023\/11\/17\/policia-civil-de-barretos-prende-adolescente-suspeito-de-roubo-a-mao-armada\/#primaryimage"},"thumbnailUrl":"https:\/\/regiaonews.net.br\/2022\/wp-content\/uploads\/2023\/09\/Policia-Civil.jpg","articleSection":["Indefinido"],"inLanguage":"pt-BR","potentialAction":[{"@type":"CommentAction","name":"Comment","target":["https:\/\/regiaonews.net.br\/2022\/2023\/11\/17\/policia-civil-de-barretos-prende-adolescente-suspeito-de-roubo-a-mao-armada\/#respond"]}]},{"@type":"WebPage","@id":"https:\/\/regiaonews.net.br\/2022\/2023\/11\/17\/policia-civil-de-barretos-prende-adolescente-suspeito-de-roubo-a-mao-armada\/","url":"https:\/\/regiaonews.net.br\/2022\/2023\/11\/17\/policia-civil-de-barretos-prende-adolescente-suspeito-de-roubo-a-mao-armada\/","name":"Pol\u00edcia Civil de Barretos prende adolescente suspeito de roubo \u00e0 m\u00e3o armada - Regi\u00e3o News","isPartOf":{"@id":"https:\/\/regiaonews.net.br\/2022\/#website"},"primaryImageOfPage":{"@id":"https:\/\/regiaonews.net.br\/2022\/2023\/11\/17\/policia-civil-de-barretos-prende-adolescente-suspeito-de-roubo-a-mao-armada\/#primaryimage"},"image":{"@id":"https:\/\/regiaonews.net.br\/2022\/2023\/11\/17\/policia-civil-de-barretos-prende-adolescente-suspeito-de-roubo-a-mao-armada\/#primaryimage"},"thumbnailUrl":"https:\/\/regiaonews.net.br\/2022\/wp-content\/uploads\/2023\/09\/Policia-Civil.jpg","datePublished":"2023-11-17T14:34:26+00:00","breadcrumb":{"@id":"https:\/\/regiaonews.net.br\/2022\/2023\/11\/17\/policia-civil-de-barretos-prende-adolescente-suspeito-de-roubo-a-mao-armada\/#breadcrumb"},"inLanguage":"pt-BR","potentialAction":[{"@type":"ReadAction","target":["https:\/\/regiaonews.net.br\/2022\/2023\/11\/17\/policia-civil-de-barretos-prende-adolescente-suspeito-de-roubo-a-mao-armada\/"]}]},{"@type":"ImageObject","inLanguage":"pt-BR","@id":"https:\/\/regiaonews.net.br\/2022\/2023\/11\/17\/policia-civil-de-barretos-prende-adolescente-suspeito-de-roubo-a-mao-armada\/#primaryimage","url":"https:\/\/regiaonews.net.br\/2022\/wp-content\/uploads\/2023\/09\/Policia-Civil.jpg","contentUrl":"https:\/\/regiaonews.net.br\/2022\/wp-content\/uploads\/2023\/09\/Policia-Civil.jpg","width":789,"height":384},{"@type":"BreadcrumbList","@id":"https:\/\/regiaonews.net.br\/2022\/2023\/11\/17\/policia-civil-de-barretos-prende-adolescente-suspeito-de-roubo-a-mao-armada\/#breadcrumb","itemListElement":[{"@type":"ListItem","position":1,"name":"In\u00edcio","item":"https:\/\/regiaonews.net.br\/2022\/"},{"@type":"ListItem","position":2,"name":"Pol\u00edcia Civil de Barretos prende adolescente suspeito de roubo \u00e0 m\u00e3o armada"}]},{"@type":"WebSite","@id":"https:\/\/regiaonews.net.br\/2022\/#website","url":"https:\/\/regiaonews.net.br\/2022\/","name":"Regi\u00e3o News","description":"Site de Not\u00edcias de Barretos e regi\u00e3o","publisher":{"@id":"https:\/\/regiaonews.net.br\/2022\/#organization"},"potentialAction":[{"@type":"SearchAction","target":{"@type":"EntryPoint","urlTemplate":"https:\/\/regiaonews.net.br\/2022\/?s={search_term_string}"},"query-input":{"@type":"PropertyValueSpecification","valueRequired":true,"valueName":"search_term_string"}}],"inLanguage":"pt-BR"},{"@type":"Organization","@id":"https:\/\/regiaonews.net.br\/2022\/#organization","name":"Regi\u00e3o News","url":"https:\/\/regiaonews.net.br\/2022\/","logo":{"@type":"ImageObject","inLanguage":"pt-BR","@id":"https:\/\/regiaonews.net.br\/2022\/#\/schema\/logo\/image\/","url":"https:\/\/regiaonews.net.br\/2022\/wp-content\/uploads\/2026\/03\/regiao-13-anos-scaled.jpg","contentUrl":"https:\/\/regiaonews.net.br\/2022\/wp-content\/uploads\/2026\/03\/regiao-13-anos-scaled.jpg","width":2560,"height":635,"caption":"Regi\u00e3o News"},"image":{"@id":"https:\/\/regiaonews.net.br\/2022\/#\/schema\/logo\/image\/"}},{"@type":"Person","@id":"https:\/\/regiaonews.net.br\/2022\/#\/schema\/person\/2d205a608a5aa97ac279d7a5e6d89ad8","name":"Roberto","image":{"@type":"ImageObject","inLanguage":"pt-BR","@id":"https:\/\/secure.gravatar.com\/avatar\/42749d8b712ff9d59ca93dc150494e5b55a44134482993f5baeb97e61b7ecc89?s=96&d=mm&r=g","url":"https:\/\/secure.gravatar.com\/avatar\/42749d8b712ff9d59ca93dc150494e5b55a44134482993f5baeb97e61b7ecc89?s=96&d=mm&r=g","contentUrl":"https:\/\/secure.gravatar.com\/avatar\/42749d8b712ff9d59ca93dc150494e5b55a44134482993f5baeb97e61b7ecc89?s=96&d=mm&r=g","caption":"Roberto"},"url":"https:\/\/regiaonews.net.br\/2022\/author\/roberto\/"}]}},"publishpress_future_action":{"enabled":false,"date":"2026-05-04 14:55:07","action":"change-status","newStatus":"draft","terms":[],"taxonomy":"category","extraData":[]},"publishpress_future_workflow_manual_trigger":{"enabledWorkflows":[]},"_links":{"self":[{"href":"https:\/\/regiaonews.net.br\/2022\/wp-json\/wp\/v2\/posts\/97871","targetHints":{"allow":["GET"]}}],"collection":[{"href":"https:\/\/regiaonews.net.br\/2022\/wp-json\/wp\/v2\/posts"}],"about":[{"href":"https:\/\/regiaonews.net.br\/2022\/wp-json\/wp\/v2\/types\/post"}],"author":[{"embeddable":true,"href":"https:\/\/regiaonews.net.br\/2022\/wp-json\/wp\/v2\/users\/2"}],"replies":[{"embeddable":true,"href":"https:\/\/regiaonews.net.br\/2022\/wp-json\/wp\/v2\/comments?post=97871"}],"version-history":[{"count":1,"href":"https:\/\/regiaonews.net.br\/2022\/wp-json\/wp\/v2\/posts\/97871\/revisions"}],"predecessor-version":[{"id":97873,"href":"https:\/\/regiaonews.net.br\/2022\/wp-json\/wp\/v2\/posts\/97871\/revisions\/97873"}],"wp:featuredmedia":[{"embeddable":true,"href":"https:\/\/regiaonews.net.br\/2022\/wp-json\/wp\/v2\/media\/95519"}],"wp:attachment":[{"href":"https:\/\/regiaonews.net.br\/2022\/wp-json\/wp\/v2\/media?parent=97871"}],"wp:term":[{"taxonomy":"category","embeddable":true,"href":"https:\/\/regiaonews.net.br\/2022\/wp-json\/wp\/v2\/categories?post=97871"},{"taxonomy":"post_tag","embeddable":true,"href":"https:\/\/regiaonews.net.br\/2022\/wp-json\/wp\/v2\/tags?post=97871"}],"curies":[{"name":"wp","href":"https:\/\/api.w.org\/{rel}","templated":true}]}}