{"id":97858,"date":"2023-11-17T11:28:08","date_gmt":"2023-11-17T14:28:08","guid":{"rendered":"https:\/\/regiaonews.net.br\/2022\/?p=97858"},"modified":"2023-11-17T11:28:42","modified_gmt":"2023-11-17T14:28:42","slug":"enfermeiro-da-pm-fala-sobre-a-missao-de-transportar-orgaos-nao-e-uma-caixa-e-uma-vida","status":"publish","type":"post","link":"https:\/\/regiaonews.net.br\/2022\/2023\/11\/17\/enfermeiro-da-pm-fala-sobre-a-missao-de-transportar-orgaos-nao-e-uma-caixa-e-uma-vida\/","title":{"rendered":"Enfermeiro da PM fala sobre a miss\u00e3o de transportar \u00f3rg\u00e3os: \u201cN\u00e3o \u00e9 uma caixa, \u00e9 uma vida\u201d"},"content":{"rendered":"<div class=\"col-lg-12 justify\">\n<h3 style=\"text-align: center;\">\u2018Voar para servir\u2019 \u00e9 o lema dos policiais do Comando de Avia\u00e7\u00e3o da PM, um dos respons\u00e1veis pelo transporte de \u00f3rg\u00e3os e pacientes.<\/h3>\n<\/div>\n<div class=\"col-lg-12 mt-3 justify\">\n<div>\n<div>\u201cUm senhor se aproximou e perguntou se podia falar comigo. Apontando para a caixa, disse: \u2018\u00c9 meu filho\u2019. Naquele momento, fiquei sem palavras. Sou pai e me coloquei no lugar dele. Ele pediu para fazer uma ora\u00e7\u00e3o pela \u00faltima vez e se despedir. Comecei a pensar que n\u00e3o \u00e9 simplesmente uma caixa que est\u00e1 ali, \u00e9 uma vida, uma fam\u00edlia.\u201d<\/div>\n<div><\/div>\n<div>O relato \u00e9 do subtenente Rog\u00e9rio, da Divis\u00e3o de Medicina do Comando de Avia\u00e7\u00e3o da Pol\u00edcia Militar (CavPM). Enfermeiro da PM, ele \u00e9 um dos respons\u00e1veis por ajudar no transporte de \u00f3rg\u00e3os para transplantes.<\/div>\n<div><\/div>\n<div>Rog\u00e9rio conta que a cena aconteceu quando a equipe estava saindo do hospital para transportar um cora\u00e7\u00e3o de Sorocaba at\u00e9 S\u00e3o Paulo. \u201cEste foi o momento mais marcante da minha carreira\u201d, conta ele, que est\u00e1 h\u00e1 27 anos na Pol\u00edcia Militar e 14 no CavPM.<\/div>\n<div><\/div>\n<div>\u00c9 por meio da Divis\u00e3o de Medicina que a ocorr\u00eancia de transporte de \u00f3rg\u00e3os chega ao conhecimento do CavPM. A solicita\u00e7\u00e3o entra no Sistema Estadual de Transplante, da Secretaria de Estado da Sa\u00fade, e passa pela triagem da PM para coleta de informa\u00e7\u00f5es pertinentes. O procedimento \u00e9 feito para planejar de forma eficaz a log\u00edstica do transporte e garantir que o \u00f3rg\u00e3o chegue em condi\u00e7\u00f5es adequadas para que seja transplantado.<\/div>\n<div><\/div>\n<div>\u201cTudo come\u00e7a com a depend\u00eancia do \u00f3rg\u00e3o transportado. Cada \u00f3rg\u00e3o tem um tempo de isquemia diferente, e isso impacta a brevidade da nossa opera\u00e7\u00e3o e do nosso planejamento. Ent\u00e3o, via de regra, a demanda chega e j\u00e1 sabemos o \u00f3rg\u00e3o espec\u00edfico e quanto tempo teremos de atua\u00e7\u00e3o. Neste momento, cada um, com a sua divis\u00e3o de fun\u00e7\u00f5es aqui dentro, j\u00e1 vai preparando o planejamento do voo\u201d, explica o capit\u00e3o Guilherme Weisshaupt, comandante de aeronave, piloto e coordenador de equipe.<\/div>\n<div><\/div>\n<div>Essa rapidez e efici\u00eancia no trabalho influenciam muitas vidas, como a de Cinthia, que aguardava na fila para receber um p\u00e2ncreas h\u00e1 sete anos. Acompanhada do marido, ela estava em um evento em S\u00e3o Jos\u00e9 do Rio Preto, a 442 km de dist\u00e2ncia da capital paulista, quando recebeu, \u00e0s 9h de domingo (3\/9), a informa\u00e7\u00e3o de que havia um \u00f3rg\u00e3o compat\u00edvel, mas que precisaria chegar no hospital \u00e0s 13h.<\/div>\n<div>De \u00f4nibus o trajeto levaria mais de sete horas. Por outro lado, a passagem de avi\u00e3o custava quase R$ 6 mil. Foi ent\u00e3o que pediram ajuda na base a\u00e9rea da PM em S\u00e3o Jos\u00e9 do Rio Preto, que fez o transporte e garantiu a realiza\u00e7\u00e3o do transplante.<\/div>\n<div><\/div>\n<div><b>Transporte de \u00f3rg\u00e3os em n\u00fameros<\/b><\/div>\n<div><\/div>\n<div>O Comando de Avia\u00e7\u00e3o da PM auxilia em muitos transportes de \u00f3rg\u00e3os para transplantes. Para sucesso na realiza\u00e7\u00e3o do processo \u00e9 imprescind\u00edvel a agilidade e seguran\u00e7a provida pelos policiais. Somente no ano de 2022, foram realizados 41 transportes e, at\u00e9 outubro de 2023, foram 50 vidas salvas com aux\u00edlio dos militares.<\/div>\n<div><\/div>\n<div>A Pol\u00edcia Civil tamb\u00e9m presta o servi\u00e7o de transporte de \u00f3rg\u00e3os pelo helic\u00f3ptero Pelicano, do Servi\u00e7o Aerot\u00e1tico (SAT).<\/div>\n<div><\/div>\n<div>A coopera\u00e7\u00e3o entre Pol\u00edcia Civil e a Central de Transplantes acontece por meio do acionamento do Servi\u00e7o Aerot\u00e1tico, em seguida a decolagem, embarque de equipes m\u00e9dicas e o desembarque em hospitais.<\/div>\n<div><\/div>\n<div>As miss\u00f5es relacionadas ao Transporte de \u00d3rg\u00e3os Vitais (TROV) s\u00e3o priorit\u00e1rias e urgentes e, com a utiliza\u00e7\u00e3o dos helic\u00f3pteros da Pol\u00edcia Civil, se reduz o tempo de exposi\u00e7\u00e3o dos \u00f3rg\u00e3os fora do corpo humano, cuja corrida contra o rel\u00f3gio \u00e9 necess\u00e1ria para que as equipes m\u00e9dicas tenham tempo suficiente para realizar o transplante e obter o sucesso da opera\u00e7\u00e3o.<\/div>\n<div><\/div>\n<div>Em 2022, foram realizados 19 de TROV e aerom\u00e9dicos. At\u00e9 outubro de 2023, foram 14.<\/div>\n<\/div>\n<\/div>\n","protected":false},"excerpt":{"rendered":"<p>\u2018Voar para servir\u2019 \u00e9 o lema dos policiais do Comando<\/p>\n","protected":false},"author":2,"featured_media":97859,"comment_status":"open","ping_status":"open","sticky":false,"template":"","format":"standard","meta":{"footnotes":""},"categories":[7,23],"tags":[],"class_list":["post-97858","post","type-post","status-publish","format-standard","has-post-thumbnail","hentry","category-estado-de-sao-paulo","category-policia"],"yoast_head":"<!-- This site is optimized with the Yoast SEO plugin v27.4 - https:\/\/yoast.com\/product\/yoast-seo-wordpress\/ -->\n<title>Enfermeiro da PM fala sobre a miss\u00e3o de transportar \u00f3rg\u00e3os: \u201cN\u00e3o \u00e9 uma caixa, \u00e9 uma vida\u201d - Regi\u00e3o News<\/title>\n<meta name=\"robots\" content=\"index, follow, max-snippet:-1, max-image-preview:large, max-video-preview:-1\" \/>\n<link rel=\"canonical\" href=\"https:\/\/regiaonews.net.br\/2022\/2023\/11\/17\/enfermeiro-da-pm-fala-sobre-a-missao-de-transportar-orgaos-nao-e-uma-caixa-e-uma-vida\/\" \/>\n<meta property=\"og:locale\" content=\"pt_BR\" \/>\n<meta property=\"og:type\" content=\"article\" \/>\n<meta property=\"og:title\" content=\"Enfermeiro da PM fala sobre a miss\u00e3o de transportar \u00f3rg\u00e3os: \u201cN\u00e3o \u00e9 uma caixa, \u00e9 uma vida\u201d - Regi\u00e3o News\" \/>\n<meta property=\"og:description\" content=\"\u2018Voar para servir\u2019 \u00e9 o lema dos policiais do Comando\" \/>\n<meta property=\"og:url\" content=\"https:\/\/regiaonews.net.br\/2022\/2023\/11\/17\/enfermeiro-da-pm-fala-sobre-a-missao-de-transportar-orgaos-nao-e-uma-caixa-e-uma-vida\/\" \/>\n<meta property=\"og:site_name\" content=\"Regi\u00e3o News\" \/>\n<meta property=\"article:published_time\" content=\"2023-11-17T14:28:08+00:00\" \/>\n<meta property=\"article:modified_time\" content=\"2023-11-17T14:28:42+00:00\" \/>\n<meta property=\"og:image\" content=\"https:\/\/regiaonews.net.br\/2022\/wp-content\/uploads\/2023\/11\/00052069.jpeg\" \/>\n\t<meta property=\"og:image:width\" content=\"362\" \/>\n\t<meta property=\"og:image:height\" content=\"573\" \/>\n\t<meta property=\"og:image:type\" content=\"image\/jpeg\" \/>\n<meta name=\"author\" content=\"Roberto\" \/>\n<meta name=\"twitter:card\" content=\"summary_large_image\" \/>\n<meta name=\"twitter:label1\" content=\"Escrito por\" \/>\n\t<meta name=\"twitter:data1\" content=\"Roberto\" \/>\n\t<meta name=\"twitter:label2\" content=\"Est. tempo de leitura\" \/>\n\t<meta name=\"twitter:data2\" content=\"4 minutos\" \/>\n<script type=\"application\/ld+json\" class=\"yoast-schema-graph\">{\"@context\":\"https:\\\/\\\/schema.org\",\"@graph\":[{\"@type\":\"Article\",\"@id\":\"https:\\\/\\\/regiaonews.net.br\\\/2022\\\/2023\\\/11\\\/17\\\/enfermeiro-da-pm-fala-sobre-a-missao-de-transportar-orgaos-nao-e-uma-caixa-e-uma-vida\\\/#article\",\"isPartOf\":{\"@id\":\"https:\\\/\\\/regiaonews.net.br\\\/2022\\\/2023\\\/11\\\/17\\\/enfermeiro-da-pm-fala-sobre-a-missao-de-transportar-orgaos-nao-e-uma-caixa-e-uma-vida\\\/\"},\"author\":{\"name\":\"Roberto\",\"@id\":\"https:\\\/\\\/regiaonews.net.br\\\/2022\\\/#\\\/schema\\\/person\\\/2d205a608a5aa97ac279d7a5e6d89ad8\"},\"headline\":\"Enfermeiro da PM fala sobre a miss\u00e3o de transportar \u00f3rg\u00e3os: \u201cN\u00e3o \u00e9 uma caixa, \u00e9 uma vida\u201d\",\"datePublished\":\"2023-11-17T14:28:08+00:00\",\"dateModified\":\"2023-11-17T14:28:42+00:00\",\"mainEntityOfPage\":{\"@id\":\"https:\\\/\\\/regiaonews.net.br\\\/2022\\\/2023\\\/11\\\/17\\\/enfermeiro-da-pm-fala-sobre-a-missao-de-transportar-orgaos-nao-e-uma-caixa-e-uma-vida\\\/\"},\"wordCount\":684,\"commentCount\":0,\"publisher\":{\"@id\":\"https:\\\/\\\/regiaonews.net.br\\\/2022\\\/#organization\"},\"image\":{\"@id\":\"https:\\\/\\\/regiaonews.net.br\\\/2022\\\/2023\\\/11\\\/17\\\/enfermeiro-da-pm-fala-sobre-a-missao-de-transportar-orgaos-nao-e-uma-caixa-e-uma-vida\\\/#primaryimage\"},\"thumbnailUrl\":\"https:\\\/\\\/regiaonews.net.br\\\/2022\\\/wp-content\\\/uploads\\\/2023\\\/11\\\/00052069.jpeg\",\"articleSection\":[\"Estado de S\u00e3o Paulo\",\"Policia\"],\"inLanguage\":\"pt-BR\",\"potentialAction\":[{\"@type\":\"CommentAction\",\"name\":\"Comment\",\"target\":[\"https:\\\/\\\/regiaonews.net.br\\\/2022\\\/2023\\\/11\\\/17\\\/enfermeiro-da-pm-fala-sobre-a-missao-de-transportar-orgaos-nao-e-uma-caixa-e-uma-vida\\\/#respond\"]}]},{\"@type\":\"WebPage\",\"@id\":\"https:\\\/\\\/regiaonews.net.br\\\/2022\\\/2023\\\/11\\\/17\\\/enfermeiro-da-pm-fala-sobre-a-missao-de-transportar-orgaos-nao-e-uma-caixa-e-uma-vida\\\/\",\"url\":\"https:\\\/\\\/regiaonews.net.br\\\/2022\\\/2023\\\/11\\\/17\\\/enfermeiro-da-pm-fala-sobre-a-missao-de-transportar-orgaos-nao-e-uma-caixa-e-uma-vida\\\/\",\"name\":\"Enfermeiro da PM fala sobre a miss\u00e3o de transportar \u00f3rg\u00e3os: \u201cN\u00e3o \u00e9 uma caixa, \u00e9 uma vida\u201d - Regi\u00e3o News\",\"isPartOf\":{\"@id\":\"https:\\\/\\\/regiaonews.net.br\\\/2022\\\/#website\"},\"primaryImageOfPage\":{\"@id\":\"https:\\\/\\\/regiaonews.net.br\\\/2022\\\/2023\\\/11\\\/17\\\/enfermeiro-da-pm-fala-sobre-a-missao-de-transportar-orgaos-nao-e-uma-caixa-e-uma-vida\\\/#primaryimage\"},\"image\":{\"@id\":\"https:\\\/\\\/regiaonews.net.br\\\/2022\\\/2023\\\/11\\\/17\\\/enfermeiro-da-pm-fala-sobre-a-missao-de-transportar-orgaos-nao-e-uma-caixa-e-uma-vida\\\/#primaryimage\"},\"thumbnailUrl\":\"https:\\\/\\\/regiaonews.net.br\\\/2022\\\/wp-content\\\/uploads\\\/2023\\\/11\\\/00052069.jpeg\",\"datePublished\":\"2023-11-17T14:28:08+00:00\",\"dateModified\":\"2023-11-17T14:28:42+00:00\",\"breadcrumb\":{\"@id\":\"https:\\\/\\\/regiaonews.net.br\\\/2022\\\/2023\\\/11\\\/17\\\/enfermeiro-da-pm-fala-sobre-a-missao-de-transportar-orgaos-nao-e-uma-caixa-e-uma-vida\\\/#breadcrumb\"},\"inLanguage\":\"pt-BR\",\"potentialAction\":[{\"@type\":\"ReadAction\",\"target\":[\"https:\\\/\\\/regiaonews.net.br\\\/2022\\\/2023\\\/11\\\/17\\\/enfermeiro-da-pm-fala-sobre-a-missao-de-transportar-orgaos-nao-e-uma-caixa-e-uma-vida\\\/\"]}]},{\"@type\":\"ImageObject\",\"inLanguage\":\"pt-BR\",\"@id\":\"https:\\\/\\\/regiaonews.net.br\\\/2022\\\/2023\\\/11\\\/17\\\/enfermeiro-da-pm-fala-sobre-a-missao-de-transportar-orgaos-nao-e-uma-caixa-e-uma-vida\\\/#primaryimage\",\"url\":\"https:\\\/\\\/regiaonews.net.br\\\/2022\\\/wp-content\\\/uploads\\\/2023\\\/11\\\/00052069.jpeg\",\"contentUrl\":\"https:\\\/\\\/regiaonews.net.br\\\/2022\\\/wp-content\\\/uploads\\\/2023\\\/11\\\/00052069.jpeg\",\"width\":362,\"height\":573},{\"@type\":\"BreadcrumbList\",\"@id\":\"https:\\\/\\\/regiaonews.net.br\\\/2022\\\/2023\\\/11\\\/17\\\/enfermeiro-da-pm-fala-sobre-a-missao-de-transportar-orgaos-nao-e-uma-caixa-e-uma-vida\\\/#breadcrumb\",\"itemListElement\":[{\"@type\":\"ListItem\",\"position\":1,\"name\":\"In\u00edcio\",\"item\":\"https:\\\/\\\/regiaonews.net.br\\\/2022\\\/\"},{\"@type\":\"ListItem\",\"position\":2,\"name\":\"Enfermeiro da PM fala sobre a miss\u00e3o de transportar \u00f3rg\u00e3os: \u201cN\u00e3o \u00e9 uma caixa, \u00e9 uma vida\u201d\"}]},{\"@type\":\"WebSite\",\"@id\":\"https:\\\/\\\/regiaonews.net.br\\\/2022\\\/#website\",\"url\":\"https:\\\/\\\/regiaonews.net.br\\\/2022\\\/\",\"name\":\"Regi\u00e3o News\",\"description\":\"Site de Not\u00edcias de Barretos e regi\u00e3o\",\"publisher\":{\"@id\":\"https:\\\/\\\/regiaonews.net.br\\\/2022\\\/#organization\"},\"potentialAction\":[{\"@type\":\"SearchAction\",\"target\":{\"@type\":\"EntryPoint\",\"urlTemplate\":\"https:\\\/\\\/regiaonews.net.br\\\/2022\\\/?s={search_term_string}\"},\"query-input\":{\"@type\":\"PropertyValueSpecification\",\"valueRequired\":true,\"valueName\":\"search_term_string\"}}],\"inLanguage\":\"pt-BR\"},{\"@type\":\"Organization\",\"@id\":\"https:\\\/\\\/regiaonews.net.br\\\/2022\\\/#organization\",\"name\":\"Regi\u00e3o News\",\"url\":\"https:\\\/\\\/regiaonews.net.br\\\/2022\\\/\",\"logo\":{\"@type\":\"ImageObject\",\"inLanguage\":\"pt-BR\",\"@id\":\"https:\\\/\\\/regiaonews.net.br\\\/2022\\\/#\\\/schema\\\/logo\\\/image\\\/\",\"url\":\"https:\\\/\\\/regiaonews.net.br\\\/2022\\\/wp-content\\\/uploads\\\/2026\\\/03\\\/regiao-13-anos-scaled.jpg\",\"contentUrl\":\"https:\\\/\\\/regiaonews.net.br\\\/2022\\\/wp-content\\\/uploads\\\/2026\\\/03\\\/regiao-13-anos-scaled.jpg\",\"width\":2560,\"height\":635,\"caption\":\"Regi\u00e3o News\"},\"image\":{\"@id\":\"https:\\\/\\\/regiaonews.net.br\\\/2022\\\/#\\\/schema\\\/logo\\\/image\\\/\"}},{\"@type\":\"Person\",\"@id\":\"https:\\\/\\\/regiaonews.net.br\\\/2022\\\/#\\\/schema\\\/person\\\/2d205a608a5aa97ac279d7a5e6d89ad8\",\"name\":\"Roberto\",\"image\":{\"@type\":\"ImageObject\",\"inLanguage\":\"pt-BR\",\"@id\":\"https:\\\/\\\/secure.gravatar.com\\\/avatar\\\/42749d8b712ff9d59ca93dc150494e5b55a44134482993f5baeb97e61b7ecc89?s=96&d=mm&r=g\",\"url\":\"https:\\\/\\\/secure.gravatar.com\\\/avatar\\\/42749d8b712ff9d59ca93dc150494e5b55a44134482993f5baeb97e61b7ecc89?s=96&d=mm&r=g\",\"contentUrl\":\"https:\\\/\\\/secure.gravatar.com\\\/avatar\\\/42749d8b712ff9d59ca93dc150494e5b55a44134482993f5baeb97e61b7ecc89?s=96&d=mm&r=g\",\"caption\":\"Roberto\"},\"url\":\"https:\\\/\\\/regiaonews.net.br\\\/2022\\\/author\\\/roberto\\\/\"}]}<\/script>\n<!-- \/ Yoast SEO plugin. -->","yoast_head_json":{"title":"Enfermeiro da PM fala sobre a miss\u00e3o de transportar \u00f3rg\u00e3os: \u201cN\u00e3o \u00e9 uma caixa, \u00e9 uma vida\u201d - Regi\u00e3o News","robots":{"index":"index","follow":"follow","max-snippet":"max-snippet:-1","max-image-preview":"max-image-preview:large","max-video-preview":"max-video-preview:-1"},"canonical":"https:\/\/regiaonews.net.br\/2022\/2023\/11\/17\/enfermeiro-da-pm-fala-sobre-a-missao-de-transportar-orgaos-nao-e-uma-caixa-e-uma-vida\/","og_locale":"pt_BR","og_type":"article","og_title":"Enfermeiro da PM fala sobre a miss\u00e3o de transportar \u00f3rg\u00e3os: \u201cN\u00e3o \u00e9 uma caixa, \u00e9 uma vida\u201d - Regi\u00e3o News","og_description":"\u2018Voar para servir\u2019 \u00e9 o lema dos policiais do Comando","og_url":"https:\/\/regiaonews.net.br\/2022\/2023\/11\/17\/enfermeiro-da-pm-fala-sobre-a-missao-de-transportar-orgaos-nao-e-uma-caixa-e-uma-vida\/","og_site_name":"Regi\u00e3o News","article_published_time":"2023-11-17T14:28:08+00:00","article_modified_time":"2023-11-17T14:28:42+00:00","og_image":[{"width":362,"height":573,"url":"https:\/\/regiaonews.net.br\/2022\/wp-content\/uploads\/2023\/11\/00052069.jpeg","type":"image\/jpeg"}],"author":"Roberto","twitter_card":"summary_large_image","twitter_misc":{"Escrito por":"Roberto","Est. tempo de leitura":"4 minutos"},"schema":{"@context":"https:\/\/schema.org","@graph":[{"@type":"Article","@id":"https:\/\/regiaonews.net.br\/2022\/2023\/11\/17\/enfermeiro-da-pm-fala-sobre-a-missao-de-transportar-orgaos-nao-e-uma-caixa-e-uma-vida\/#article","isPartOf":{"@id":"https:\/\/regiaonews.net.br\/2022\/2023\/11\/17\/enfermeiro-da-pm-fala-sobre-a-missao-de-transportar-orgaos-nao-e-uma-caixa-e-uma-vida\/"},"author":{"name":"Roberto","@id":"https:\/\/regiaonews.net.br\/2022\/#\/schema\/person\/2d205a608a5aa97ac279d7a5e6d89ad8"},"headline":"Enfermeiro da PM fala sobre a miss\u00e3o de transportar \u00f3rg\u00e3os: \u201cN\u00e3o \u00e9 uma caixa, \u00e9 uma vida\u201d","datePublished":"2023-11-17T14:28:08+00:00","dateModified":"2023-11-17T14:28:42+00:00","mainEntityOfPage":{"@id":"https:\/\/regiaonews.net.br\/2022\/2023\/11\/17\/enfermeiro-da-pm-fala-sobre-a-missao-de-transportar-orgaos-nao-e-uma-caixa-e-uma-vida\/"},"wordCount":684,"commentCount":0,"publisher":{"@id":"https:\/\/regiaonews.net.br\/2022\/#organization"},"image":{"@id":"https:\/\/regiaonews.net.br\/2022\/2023\/11\/17\/enfermeiro-da-pm-fala-sobre-a-missao-de-transportar-orgaos-nao-e-uma-caixa-e-uma-vida\/#primaryimage"},"thumbnailUrl":"https:\/\/regiaonews.net.br\/2022\/wp-content\/uploads\/2023\/11\/00052069.jpeg","articleSection":["Estado de S\u00e3o Paulo","Policia"],"inLanguage":"pt-BR","potentialAction":[{"@type":"CommentAction","name":"Comment","target":["https:\/\/regiaonews.net.br\/2022\/2023\/11\/17\/enfermeiro-da-pm-fala-sobre-a-missao-de-transportar-orgaos-nao-e-uma-caixa-e-uma-vida\/#respond"]}]},{"@type":"WebPage","@id":"https:\/\/regiaonews.net.br\/2022\/2023\/11\/17\/enfermeiro-da-pm-fala-sobre-a-missao-de-transportar-orgaos-nao-e-uma-caixa-e-uma-vida\/","url":"https:\/\/regiaonews.net.br\/2022\/2023\/11\/17\/enfermeiro-da-pm-fala-sobre-a-missao-de-transportar-orgaos-nao-e-uma-caixa-e-uma-vida\/","name":"Enfermeiro da PM fala sobre a miss\u00e3o de transportar \u00f3rg\u00e3os: \u201cN\u00e3o \u00e9 uma caixa, \u00e9 uma vida\u201d - Regi\u00e3o News","isPartOf":{"@id":"https:\/\/regiaonews.net.br\/2022\/#website"},"primaryImageOfPage":{"@id":"https:\/\/regiaonews.net.br\/2022\/2023\/11\/17\/enfermeiro-da-pm-fala-sobre-a-missao-de-transportar-orgaos-nao-e-uma-caixa-e-uma-vida\/#primaryimage"},"image":{"@id":"https:\/\/regiaonews.net.br\/2022\/2023\/11\/17\/enfermeiro-da-pm-fala-sobre-a-missao-de-transportar-orgaos-nao-e-uma-caixa-e-uma-vida\/#primaryimage"},"thumbnailUrl":"https:\/\/regiaonews.net.br\/2022\/wp-content\/uploads\/2023\/11\/00052069.jpeg","datePublished":"2023-11-17T14:28:08+00:00","dateModified":"2023-11-17T14:28:42+00:00","breadcrumb":{"@id":"https:\/\/regiaonews.net.br\/2022\/2023\/11\/17\/enfermeiro-da-pm-fala-sobre-a-missao-de-transportar-orgaos-nao-e-uma-caixa-e-uma-vida\/#breadcrumb"},"inLanguage":"pt-BR","potentialAction":[{"@type":"ReadAction","target":["https:\/\/regiaonews.net.br\/2022\/2023\/11\/17\/enfermeiro-da-pm-fala-sobre-a-missao-de-transportar-orgaos-nao-e-uma-caixa-e-uma-vida\/"]}]},{"@type":"ImageObject","inLanguage":"pt-BR","@id":"https:\/\/regiaonews.net.br\/2022\/2023\/11\/17\/enfermeiro-da-pm-fala-sobre-a-missao-de-transportar-orgaos-nao-e-uma-caixa-e-uma-vida\/#primaryimage","url":"https:\/\/regiaonews.net.br\/2022\/wp-content\/uploads\/2023\/11\/00052069.jpeg","contentUrl":"https:\/\/regiaonews.net.br\/2022\/wp-content\/uploads\/2023\/11\/00052069.jpeg","width":362,"height":573},{"@type":"BreadcrumbList","@id":"https:\/\/regiaonews.net.br\/2022\/2023\/11\/17\/enfermeiro-da-pm-fala-sobre-a-missao-de-transportar-orgaos-nao-e-uma-caixa-e-uma-vida\/#breadcrumb","itemListElement":[{"@type":"ListItem","position":1,"name":"In\u00edcio","item":"https:\/\/regiaonews.net.br\/2022\/"},{"@type":"ListItem","position":2,"name":"Enfermeiro da PM fala sobre a miss\u00e3o de transportar \u00f3rg\u00e3os: \u201cN\u00e3o \u00e9 uma caixa, \u00e9 uma vida\u201d"}]},{"@type":"WebSite","@id":"https:\/\/regiaonews.net.br\/2022\/#website","url":"https:\/\/regiaonews.net.br\/2022\/","name":"Regi\u00e3o News","description":"Site de Not\u00edcias de Barretos e regi\u00e3o","publisher":{"@id":"https:\/\/regiaonews.net.br\/2022\/#organization"},"potentialAction":[{"@type":"SearchAction","target":{"@type":"EntryPoint","urlTemplate":"https:\/\/regiaonews.net.br\/2022\/?s={search_term_string}"},"query-input":{"@type":"PropertyValueSpecification","valueRequired":true,"valueName":"search_term_string"}}],"inLanguage":"pt-BR"},{"@type":"Organization","@id":"https:\/\/regiaonews.net.br\/2022\/#organization","name":"Regi\u00e3o News","url":"https:\/\/regiaonews.net.br\/2022\/","logo":{"@type":"ImageObject","inLanguage":"pt-BR","@id":"https:\/\/regiaonews.net.br\/2022\/#\/schema\/logo\/image\/","url":"https:\/\/regiaonews.net.br\/2022\/wp-content\/uploads\/2026\/03\/regiao-13-anos-scaled.jpg","contentUrl":"https:\/\/regiaonews.net.br\/2022\/wp-content\/uploads\/2026\/03\/regiao-13-anos-scaled.jpg","width":2560,"height":635,"caption":"Regi\u00e3o News"},"image":{"@id":"https:\/\/regiaonews.net.br\/2022\/#\/schema\/logo\/image\/"}},{"@type":"Person","@id":"https:\/\/regiaonews.net.br\/2022\/#\/schema\/person\/2d205a608a5aa97ac279d7a5e6d89ad8","name":"Roberto","image":{"@type":"ImageObject","inLanguage":"pt-BR","@id":"https:\/\/secure.gravatar.com\/avatar\/42749d8b712ff9d59ca93dc150494e5b55a44134482993f5baeb97e61b7ecc89?s=96&d=mm&r=g","url":"https:\/\/secure.gravatar.com\/avatar\/42749d8b712ff9d59ca93dc150494e5b55a44134482993f5baeb97e61b7ecc89?s=96&d=mm&r=g","contentUrl":"https:\/\/secure.gravatar.com\/avatar\/42749d8b712ff9d59ca93dc150494e5b55a44134482993f5baeb97e61b7ecc89?s=96&d=mm&r=g","caption":"Roberto"},"url":"https:\/\/regiaonews.net.br\/2022\/author\/roberto\/"}]}},"publishpress_future_action":{"enabled":false,"date":"2026-05-04 08:56:00","action":"change-status","newStatus":"draft","terms":[],"taxonomy":"category","extraData":[]},"publishpress_future_workflow_manual_trigger":{"enabledWorkflows":[]},"_links":{"self":[{"href":"https:\/\/regiaonews.net.br\/2022\/wp-json\/wp\/v2\/posts\/97858","targetHints":{"allow":["GET"]}}],"collection":[{"href":"https:\/\/regiaonews.net.br\/2022\/wp-json\/wp\/v2\/posts"}],"about":[{"href":"https:\/\/regiaonews.net.br\/2022\/wp-json\/wp\/v2\/types\/post"}],"author":[{"embeddable":true,"href":"https:\/\/regiaonews.net.br\/2022\/wp-json\/wp\/v2\/users\/2"}],"replies":[{"embeddable":true,"href":"https:\/\/regiaonews.net.br\/2022\/wp-json\/wp\/v2\/comments?post=97858"}],"version-history":[{"count":2,"href":"https:\/\/regiaonews.net.br\/2022\/wp-json\/wp\/v2\/posts\/97858\/revisions"}],"predecessor-version":[{"id":97861,"href":"https:\/\/regiaonews.net.br\/2022\/wp-json\/wp\/v2\/posts\/97858\/revisions\/97861"}],"wp:featuredmedia":[{"embeddable":true,"href":"https:\/\/regiaonews.net.br\/2022\/wp-json\/wp\/v2\/media\/97859"}],"wp:attachment":[{"href":"https:\/\/regiaonews.net.br\/2022\/wp-json\/wp\/v2\/media?parent=97858"}],"wp:term":[{"taxonomy":"category","embeddable":true,"href":"https:\/\/regiaonews.net.br\/2022\/wp-json\/wp\/v2\/categories?post=97858"},{"taxonomy":"post_tag","embeddable":true,"href":"https:\/\/regiaonews.net.br\/2022\/wp-json\/wp\/v2\/tags?post=97858"}],"curies":[{"name":"wp","href":"https:\/\/api.w.org\/{rel}","templated":true}]}}