{"id":97854,"date":"2023-11-17T11:26:25","date_gmt":"2023-11-17T14:26:25","guid":{"rendered":"https:\/\/regiaonews.net.br\/2022\/?p=97854"},"modified":"2023-11-17T11:26:25","modified_gmt":"2023-11-17T14:26:25","slug":"sistema-de-saude-da-pm-tera-consultoria-especializada-do-sirio-libanes-para-aprimorar-atendimento","status":"publish","type":"post","link":"https:\/\/regiaonews.net.br\/2022\/2023\/11\/17\/sistema-de-saude-da-pm-tera-consultoria-especializada-do-sirio-libanes-para-aprimorar-atendimento\/","title":{"rendered":"Sistema de Sa\u00fade da PM ter\u00e1 consultoria especializada do S\u00edrio-Liban\u00eas para aprimorar atendimento"},"content":{"rendered":"<div class=\"col-lg-12 mt-4 justify\"><\/div>\n<div class=\"col-lg-12 justify\">\n<h3 style=\"text-align: center;\">Termo foi adicionado ao acordo firmado entre a PM e o hospital em maio<\/h3>\n<\/div>\n<div class=\"col-lg-12 mt-3 justify\">\n<div>\n<div>A Pol\u00edcia Militar e o Hospital S\u00edrio-Liban\u00eas assinaram na tarde desta quinta-feira (16) o 1\u00ba Termo Aditivo ao Acordo de Coopera\u00e7\u00e3o, firmado em maio entre as duas institui\u00e7\u00f5es, que permite ao hospital realizar consultorias especializadas ao Sistema de Sa\u00fade da Pol\u00edcia Militar (SisMen), incluindo a assist\u00eancia da Caixa Beneficente da PM de S\u00e3o Paulo (CBPM). A assinatura foi feita na sede do hospital, na Bela Vista, centro de S\u00e3o Paulo.<\/div>\n<div><\/div>\n<div>\u201cEsse aditivo vai permitir uma an\u00e1lise do que pode se melhorar na gest\u00e3o da sa\u00fade, tanto da Caixa Beneficente, quanto do hospital da PM. Temos o desejo muito grande de melhorar a sa\u00fade dos nossos policiais, e essa parceria oferece uma maior capacita\u00e7\u00e3o nos cursos de especializa\u00e7\u00e3o do padr\u00e3o S\u00edrio-Liban\u00eas, conhecido mundialmente pela qualidade\u201d, disse Guilherme Derrite, secret\u00e1rio da Seguran\u00e7a P\u00fablica.<\/div>\n<div><\/div>\n<div>A consultoria ser\u00e1 realizada por dois meses, prazo que pode ser estendido pelo per\u00edodo necess\u00e1rio para a concretiza\u00e7\u00e3o do termo.<\/div>\n<div><\/div>\n<div>Al\u00e9m do secret\u00e1rio da pasta, participaram da assinatura o comandante-geral da Pol\u00edcia Militar, coronel C\u00e1ssio Ara\u00fajo de Freitas, o Superintendente da Caixa Beneficente da PM, coronel Levi Clemente dos Santos, o diretor geral da Sociedade Beneficente de Senhoras Hospital S\u00edrio Liban\u00eas, Paulo Eduardo Nigro e o setor jur\u00eddico do hospital, representado por Rafael Goto Foja.<\/div>\n<div><\/div>\n<div><b>Parceria PM e S\u00edrio Liban\u00eas<\/b><\/div>\n<div><\/div>\n<div>O Acordo de Coopera\u00e7\u00e3o entre a Pol\u00edcia Militar e o S\u00edrio-Liban\u00eas foi firmado em maio deste ano, com o objetivo de promover o interc\u00e2mbio entre a PM e o hospital.<\/div>\n<div><\/div>\n<div>A parceria permitiu que profissionais e estudantes ligados ao S\u00edrio fizessem resid\u00eancia ou est\u00e1gio no Centro M\u00e9dico da Pol\u00edcia Militar, atendendo os integrantes da corpora\u00e7\u00e3o.<\/div>\n<div><\/div>\n<div>Os policiais do Quadro de Sa\u00fade da PM tamb\u00e9m passaram a ter descontos em congressos e cursos do Instituto S\u00edrio-Liban\u00eas de Pesquisa (IEP).<\/div>\n<\/div>\n<\/div>\n","protected":false},"excerpt":{"rendered":"<p>Termo foi adicionado ao acordo firmado entre a PM e<\/p>\n","protected":false},"author":2,"featured_media":97855,"comment_status":"open","ping_status":"open","sticky":false,"template":"","format":"standard","meta":{"footnotes":""},"categories":[24,3],"tags":[],"class_list":["post-97854","post","type-post","status-publish","format-standard","has-post-thumbnail","hentry","category-brasil","category-geral"],"yoast_head":"<!-- This site is optimized with the Yoast SEO plugin v27.4 - https:\/\/yoast.com\/product\/yoast-seo-wordpress\/ -->\n<title>Sistema de Sa\u00fade da PM ter\u00e1 consultoria especializada do S\u00edrio-Liban\u00eas para aprimorar atendimento - Regi\u00e3o News<\/title>\n<meta name=\"robots\" content=\"index, follow, max-snippet:-1, max-image-preview:large, max-video-preview:-1\" \/>\n<link rel=\"canonical\" href=\"https:\/\/regiaonews.net.br\/2022\/2023\/11\/17\/sistema-de-saude-da-pm-tera-consultoria-especializada-do-sirio-libanes-para-aprimorar-atendimento\/\" \/>\n<meta property=\"og:locale\" content=\"pt_BR\" \/>\n<meta property=\"og:type\" content=\"article\" \/>\n<meta property=\"og:title\" content=\"Sistema de Sa\u00fade da PM ter\u00e1 consultoria especializada do S\u00edrio-Liban\u00eas para aprimorar atendimento - Regi\u00e3o News\" \/>\n<meta property=\"og:description\" content=\"Termo foi adicionado ao acordo firmado entre a PM e\" \/>\n<meta property=\"og:url\" content=\"https:\/\/regiaonews.net.br\/2022\/2023\/11\/17\/sistema-de-saude-da-pm-tera-consultoria-especializada-do-sirio-libanes-para-aprimorar-atendimento\/\" \/>\n<meta property=\"og:site_name\" content=\"Regi\u00e3o News\" \/>\n<meta property=\"article:published_time\" content=\"2023-11-17T14:26:25+00:00\" \/>\n<meta property=\"og:image\" content=\"https:\/\/regiaonews.net.br\/2022\/wp-content\/uploads\/2023\/11\/00052076-scaled.jpeg\" \/>\n\t<meta property=\"og:image:width\" content=\"2560\" \/>\n\t<meta property=\"og:image:height\" content=\"1706\" \/>\n\t<meta property=\"og:image:type\" content=\"image\/jpeg\" \/>\n<meta name=\"author\" content=\"Roberto\" \/>\n<meta name=\"twitter:card\" content=\"summary_large_image\" \/>\n<meta name=\"twitter:label1\" content=\"Escrito por\" \/>\n\t<meta name=\"twitter:data1\" content=\"Roberto\" \/>\n\t<meta name=\"twitter:label2\" content=\"Est. tempo de leitura\" \/>\n\t<meta name=\"twitter:data2\" content=\"2 minutos\" \/>\n<script type=\"application\/ld+json\" class=\"yoast-schema-graph\">{\"@context\":\"https:\\\/\\\/schema.org\",\"@graph\":[{\"@type\":\"Article\",\"@id\":\"https:\\\/\\\/regiaonews.net.br\\\/2022\\\/2023\\\/11\\\/17\\\/sistema-de-saude-da-pm-tera-consultoria-especializada-do-sirio-libanes-para-aprimorar-atendimento\\\/#article\",\"isPartOf\":{\"@id\":\"https:\\\/\\\/regiaonews.net.br\\\/2022\\\/2023\\\/11\\\/17\\\/sistema-de-saude-da-pm-tera-consultoria-especializada-do-sirio-libanes-para-aprimorar-atendimento\\\/\"},\"author\":{\"name\":\"Roberto\",\"@id\":\"https:\\\/\\\/regiaonews.net.br\\\/2022\\\/#\\\/schema\\\/person\\\/2d205a608a5aa97ac279d7a5e6d89ad8\"},\"headline\":\"Sistema de Sa\u00fade da PM ter\u00e1 consultoria especializada do S\u00edrio-Liban\u00eas para aprimorar atendimento\",\"datePublished\":\"2023-11-17T14:26:25+00:00\",\"mainEntityOfPage\":{\"@id\":\"https:\\\/\\\/regiaonews.net.br\\\/2022\\\/2023\\\/11\\\/17\\\/sistema-de-saude-da-pm-tera-consultoria-especializada-do-sirio-libanes-para-aprimorar-atendimento\\\/\"},\"wordCount\":367,\"commentCount\":0,\"publisher\":{\"@id\":\"https:\\\/\\\/regiaonews.net.br\\\/2022\\\/#organization\"},\"image\":{\"@id\":\"https:\\\/\\\/regiaonews.net.br\\\/2022\\\/2023\\\/11\\\/17\\\/sistema-de-saude-da-pm-tera-consultoria-especializada-do-sirio-libanes-para-aprimorar-atendimento\\\/#primaryimage\"},\"thumbnailUrl\":\"https:\\\/\\\/regiaonews.net.br\\\/2022\\\/wp-content\\\/uploads\\\/2023\\\/11\\\/00052076-scaled.jpeg\",\"articleSection\":[\"Brasil\",\"Geral\"],\"inLanguage\":\"pt-BR\",\"potentialAction\":[{\"@type\":\"CommentAction\",\"name\":\"Comment\",\"target\":[\"https:\\\/\\\/regiaonews.net.br\\\/2022\\\/2023\\\/11\\\/17\\\/sistema-de-saude-da-pm-tera-consultoria-especializada-do-sirio-libanes-para-aprimorar-atendimento\\\/#respond\"]}]},{\"@type\":\"WebPage\",\"@id\":\"https:\\\/\\\/regiaonews.net.br\\\/2022\\\/2023\\\/11\\\/17\\\/sistema-de-saude-da-pm-tera-consultoria-especializada-do-sirio-libanes-para-aprimorar-atendimento\\\/\",\"url\":\"https:\\\/\\\/regiaonews.net.br\\\/2022\\\/2023\\\/11\\\/17\\\/sistema-de-saude-da-pm-tera-consultoria-especializada-do-sirio-libanes-para-aprimorar-atendimento\\\/\",\"name\":\"Sistema de Sa\u00fade da PM ter\u00e1 consultoria especializada do S\u00edrio-Liban\u00eas para aprimorar atendimento - Regi\u00e3o News\",\"isPartOf\":{\"@id\":\"https:\\\/\\\/regiaonews.net.br\\\/2022\\\/#website\"},\"primaryImageOfPage\":{\"@id\":\"https:\\\/\\\/regiaonews.net.br\\\/2022\\\/2023\\\/11\\\/17\\\/sistema-de-saude-da-pm-tera-consultoria-especializada-do-sirio-libanes-para-aprimorar-atendimento\\\/#primaryimage\"},\"image\":{\"@id\":\"https:\\\/\\\/regiaonews.net.br\\\/2022\\\/2023\\\/11\\\/17\\\/sistema-de-saude-da-pm-tera-consultoria-especializada-do-sirio-libanes-para-aprimorar-atendimento\\\/#primaryimage\"},\"thumbnailUrl\":\"https:\\\/\\\/regiaonews.net.br\\\/2022\\\/wp-content\\\/uploads\\\/2023\\\/11\\\/00052076-scaled.jpeg\",\"datePublished\":\"2023-11-17T14:26:25+00:00\",\"breadcrumb\":{\"@id\":\"https:\\\/\\\/regiaonews.net.br\\\/2022\\\/2023\\\/11\\\/17\\\/sistema-de-saude-da-pm-tera-consultoria-especializada-do-sirio-libanes-para-aprimorar-atendimento\\\/#breadcrumb\"},\"inLanguage\":\"pt-BR\",\"potentialAction\":[{\"@type\":\"ReadAction\",\"target\":[\"https:\\\/\\\/regiaonews.net.br\\\/2022\\\/2023\\\/11\\\/17\\\/sistema-de-saude-da-pm-tera-consultoria-especializada-do-sirio-libanes-para-aprimorar-atendimento\\\/\"]}]},{\"@type\":\"ImageObject\",\"inLanguage\":\"pt-BR\",\"@id\":\"https:\\\/\\\/regiaonews.net.br\\\/2022\\\/2023\\\/11\\\/17\\\/sistema-de-saude-da-pm-tera-consultoria-especializada-do-sirio-libanes-para-aprimorar-atendimento\\\/#primaryimage\",\"url\":\"https:\\\/\\\/regiaonews.net.br\\\/2022\\\/wp-content\\\/uploads\\\/2023\\\/11\\\/00052076-scaled.jpeg\",\"contentUrl\":\"https:\\\/\\\/regiaonews.net.br\\\/2022\\\/wp-content\\\/uploads\\\/2023\\\/11\\\/00052076-scaled.jpeg\",\"width\":2560,\"height\":1706},{\"@type\":\"BreadcrumbList\",\"@id\":\"https:\\\/\\\/regiaonews.net.br\\\/2022\\\/2023\\\/11\\\/17\\\/sistema-de-saude-da-pm-tera-consultoria-especializada-do-sirio-libanes-para-aprimorar-atendimento\\\/#breadcrumb\",\"itemListElement\":[{\"@type\":\"ListItem\",\"position\":1,\"name\":\"In\u00edcio\",\"item\":\"https:\\\/\\\/regiaonews.net.br\\\/2022\\\/\"},{\"@type\":\"ListItem\",\"position\":2,\"name\":\"Sistema de Sa\u00fade da PM ter\u00e1 consultoria especializada do S\u00edrio-Liban\u00eas para aprimorar atendimento\"}]},{\"@type\":\"WebSite\",\"@id\":\"https:\\\/\\\/regiaonews.net.br\\\/2022\\\/#website\",\"url\":\"https:\\\/\\\/regiaonews.net.br\\\/2022\\\/\",\"name\":\"Regi\u00e3o News\",\"description\":\"Site de Not\u00edcias de Barretos e regi\u00e3o\",\"publisher\":{\"@id\":\"https:\\\/\\\/regiaonews.net.br\\\/2022\\\/#organization\"},\"potentialAction\":[{\"@type\":\"SearchAction\",\"target\":{\"@type\":\"EntryPoint\",\"urlTemplate\":\"https:\\\/\\\/regiaonews.net.br\\\/2022\\\/?s={search_term_string}\"},\"query-input\":{\"@type\":\"PropertyValueSpecification\",\"valueRequired\":true,\"valueName\":\"search_term_string\"}}],\"inLanguage\":\"pt-BR\"},{\"@type\":\"Organization\",\"@id\":\"https:\\\/\\\/regiaonews.net.br\\\/2022\\\/#organization\",\"name\":\"Regi\u00e3o News\",\"url\":\"https:\\\/\\\/regiaonews.net.br\\\/2022\\\/\",\"logo\":{\"@type\":\"ImageObject\",\"inLanguage\":\"pt-BR\",\"@id\":\"https:\\\/\\\/regiaonews.net.br\\\/2022\\\/#\\\/schema\\\/logo\\\/image\\\/\",\"url\":\"https:\\\/\\\/regiaonews.net.br\\\/2022\\\/wp-content\\\/uploads\\\/2026\\\/03\\\/regiao-13-anos-scaled.jpg\",\"contentUrl\":\"https:\\\/\\\/regiaonews.net.br\\\/2022\\\/wp-content\\\/uploads\\\/2026\\\/03\\\/regiao-13-anos-scaled.jpg\",\"width\":2560,\"height\":635,\"caption\":\"Regi\u00e3o News\"},\"image\":{\"@id\":\"https:\\\/\\\/regiaonews.net.br\\\/2022\\\/#\\\/schema\\\/logo\\\/image\\\/\"}},{\"@type\":\"Person\",\"@id\":\"https:\\\/\\\/regiaonews.net.br\\\/2022\\\/#\\\/schema\\\/person\\\/2d205a608a5aa97ac279d7a5e6d89ad8\",\"name\":\"Roberto\",\"image\":{\"@type\":\"ImageObject\",\"inLanguage\":\"pt-BR\",\"@id\":\"https:\\\/\\\/secure.gravatar.com\\\/avatar\\\/42749d8b712ff9d59ca93dc150494e5b55a44134482993f5baeb97e61b7ecc89?s=96&d=mm&r=g\",\"url\":\"https:\\\/\\\/secure.gravatar.com\\\/avatar\\\/42749d8b712ff9d59ca93dc150494e5b55a44134482993f5baeb97e61b7ecc89?s=96&d=mm&r=g\",\"contentUrl\":\"https:\\\/\\\/secure.gravatar.com\\\/avatar\\\/42749d8b712ff9d59ca93dc150494e5b55a44134482993f5baeb97e61b7ecc89?s=96&d=mm&r=g\",\"caption\":\"Roberto\"},\"url\":\"https:\\\/\\\/regiaonews.net.br\\\/2022\\\/author\\\/roberto\\\/\"}]}<\/script>\n<!-- \/ Yoast SEO plugin. -->","yoast_head_json":{"title":"Sistema de Sa\u00fade da PM ter\u00e1 consultoria especializada do S\u00edrio-Liban\u00eas para aprimorar atendimento - Regi\u00e3o News","robots":{"index":"index","follow":"follow","max-snippet":"max-snippet:-1","max-image-preview":"max-image-preview:large","max-video-preview":"max-video-preview:-1"},"canonical":"https:\/\/regiaonews.net.br\/2022\/2023\/11\/17\/sistema-de-saude-da-pm-tera-consultoria-especializada-do-sirio-libanes-para-aprimorar-atendimento\/","og_locale":"pt_BR","og_type":"article","og_title":"Sistema de Sa\u00fade da PM ter\u00e1 consultoria especializada do S\u00edrio-Liban\u00eas para aprimorar atendimento - Regi\u00e3o News","og_description":"Termo foi adicionado ao acordo firmado entre a PM e","og_url":"https:\/\/regiaonews.net.br\/2022\/2023\/11\/17\/sistema-de-saude-da-pm-tera-consultoria-especializada-do-sirio-libanes-para-aprimorar-atendimento\/","og_site_name":"Regi\u00e3o News","article_published_time":"2023-11-17T14:26:25+00:00","og_image":[{"width":2560,"height":1706,"url":"https:\/\/regiaonews.net.br\/2022\/wp-content\/uploads\/2023\/11\/00052076-scaled.jpeg","type":"image\/jpeg"}],"author":"Roberto","twitter_card":"summary_large_image","twitter_misc":{"Escrito por":"Roberto","Est. tempo de leitura":"2 minutos"},"schema":{"@context":"https:\/\/schema.org","@graph":[{"@type":"Article","@id":"https:\/\/regiaonews.net.br\/2022\/2023\/11\/17\/sistema-de-saude-da-pm-tera-consultoria-especializada-do-sirio-libanes-para-aprimorar-atendimento\/#article","isPartOf":{"@id":"https:\/\/regiaonews.net.br\/2022\/2023\/11\/17\/sistema-de-saude-da-pm-tera-consultoria-especializada-do-sirio-libanes-para-aprimorar-atendimento\/"},"author":{"name":"Roberto","@id":"https:\/\/regiaonews.net.br\/2022\/#\/schema\/person\/2d205a608a5aa97ac279d7a5e6d89ad8"},"headline":"Sistema de Sa\u00fade da PM ter\u00e1 consultoria especializada do S\u00edrio-Liban\u00eas para aprimorar atendimento","datePublished":"2023-11-17T14:26:25+00:00","mainEntityOfPage":{"@id":"https:\/\/regiaonews.net.br\/2022\/2023\/11\/17\/sistema-de-saude-da-pm-tera-consultoria-especializada-do-sirio-libanes-para-aprimorar-atendimento\/"},"wordCount":367,"commentCount":0,"publisher":{"@id":"https:\/\/regiaonews.net.br\/2022\/#organization"},"image":{"@id":"https:\/\/regiaonews.net.br\/2022\/2023\/11\/17\/sistema-de-saude-da-pm-tera-consultoria-especializada-do-sirio-libanes-para-aprimorar-atendimento\/#primaryimage"},"thumbnailUrl":"https:\/\/regiaonews.net.br\/2022\/wp-content\/uploads\/2023\/11\/00052076-scaled.jpeg","articleSection":["Brasil","Geral"],"inLanguage":"pt-BR","potentialAction":[{"@type":"CommentAction","name":"Comment","target":["https:\/\/regiaonews.net.br\/2022\/2023\/11\/17\/sistema-de-saude-da-pm-tera-consultoria-especializada-do-sirio-libanes-para-aprimorar-atendimento\/#respond"]}]},{"@type":"WebPage","@id":"https:\/\/regiaonews.net.br\/2022\/2023\/11\/17\/sistema-de-saude-da-pm-tera-consultoria-especializada-do-sirio-libanes-para-aprimorar-atendimento\/","url":"https:\/\/regiaonews.net.br\/2022\/2023\/11\/17\/sistema-de-saude-da-pm-tera-consultoria-especializada-do-sirio-libanes-para-aprimorar-atendimento\/","name":"Sistema de Sa\u00fade da PM ter\u00e1 consultoria especializada do S\u00edrio-Liban\u00eas para aprimorar atendimento - Regi\u00e3o News","isPartOf":{"@id":"https:\/\/regiaonews.net.br\/2022\/#website"},"primaryImageOfPage":{"@id":"https:\/\/regiaonews.net.br\/2022\/2023\/11\/17\/sistema-de-saude-da-pm-tera-consultoria-especializada-do-sirio-libanes-para-aprimorar-atendimento\/#primaryimage"},"image":{"@id":"https:\/\/regiaonews.net.br\/2022\/2023\/11\/17\/sistema-de-saude-da-pm-tera-consultoria-especializada-do-sirio-libanes-para-aprimorar-atendimento\/#primaryimage"},"thumbnailUrl":"https:\/\/regiaonews.net.br\/2022\/wp-content\/uploads\/2023\/11\/00052076-scaled.jpeg","datePublished":"2023-11-17T14:26:25+00:00","breadcrumb":{"@id":"https:\/\/regiaonews.net.br\/2022\/2023\/11\/17\/sistema-de-saude-da-pm-tera-consultoria-especializada-do-sirio-libanes-para-aprimorar-atendimento\/#breadcrumb"},"inLanguage":"pt-BR","potentialAction":[{"@type":"ReadAction","target":["https:\/\/regiaonews.net.br\/2022\/2023\/11\/17\/sistema-de-saude-da-pm-tera-consultoria-especializada-do-sirio-libanes-para-aprimorar-atendimento\/"]}]},{"@type":"ImageObject","inLanguage":"pt-BR","@id":"https:\/\/regiaonews.net.br\/2022\/2023\/11\/17\/sistema-de-saude-da-pm-tera-consultoria-especializada-do-sirio-libanes-para-aprimorar-atendimento\/#primaryimage","url":"https:\/\/regiaonews.net.br\/2022\/wp-content\/uploads\/2023\/11\/00052076-scaled.jpeg","contentUrl":"https:\/\/regiaonews.net.br\/2022\/wp-content\/uploads\/2023\/11\/00052076-scaled.jpeg","width":2560,"height":1706},{"@type":"BreadcrumbList","@id":"https:\/\/regiaonews.net.br\/2022\/2023\/11\/17\/sistema-de-saude-da-pm-tera-consultoria-especializada-do-sirio-libanes-para-aprimorar-atendimento\/#breadcrumb","itemListElement":[{"@type":"ListItem","position":1,"name":"In\u00edcio","item":"https:\/\/regiaonews.net.br\/2022\/"},{"@type":"ListItem","position":2,"name":"Sistema de Sa\u00fade da PM ter\u00e1 consultoria especializada do S\u00edrio-Liban\u00eas para aprimorar atendimento"}]},{"@type":"WebSite","@id":"https:\/\/regiaonews.net.br\/2022\/#website","url":"https:\/\/regiaonews.net.br\/2022\/","name":"Regi\u00e3o News","description":"Site de Not\u00edcias de Barretos e regi\u00e3o","publisher":{"@id":"https:\/\/regiaonews.net.br\/2022\/#organization"},"potentialAction":[{"@type":"SearchAction","target":{"@type":"EntryPoint","urlTemplate":"https:\/\/regiaonews.net.br\/2022\/?s={search_term_string}"},"query-input":{"@type":"PropertyValueSpecification","valueRequired":true,"valueName":"search_term_string"}}],"inLanguage":"pt-BR"},{"@type":"Organization","@id":"https:\/\/regiaonews.net.br\/2022\/#organization","name":"Regi\u00e3o News","url":"https:\/\/regiaonews.net.br\/2022\/","logo":{"@type":"ImageObject","inLanguage":"pt-BR","@id":"https:\/\/regiaonews.net.br\/2022\/#\/schema\/logo\/image\/","url":"https:\/\/regiaonews.net.br\/2022\/wp-content\/uploads\/2026\/03\/regiao-13-anos-scaled.jpg","contentUrl":"https:\/\/regiaonews.net.br\/2022\/wp-content\/uploads\/2026\/03\/regiao-13-anos-scaled.jpg","width":2560,"height":635,"caption":"Regi\u00e3o News"},"image":{"@id":"https:\/\/regiaonews.net.br\/2022\/#\/schema\/logo\/image\/"}},{"@type":"Person","@id":"https:\/\/regiaonews.net.br\/2022\/#\/schema\/person\/2d205a608a5aa97ac279d7a5e6d89ad8","name":"Roberto","image":{"@type":"ImageObject","inLanguage":"pt-BR","@id":"https:\/\/secure.gravatar.com\/avatar\/42749d8b712ff9d59ca93dc150494e5b55a44134482993f5baeb97e61b7ecc89?s=96&d=mm&r=g","url":"https:\/\/secure.gravatar.com\/avatar\/42749d8b712ff9d59ca93dc150494e5b55a44134482993f5baeb97e61b7ecc89?s=96&d=mm&r=g","contentUrl":"https:\/\/secure.gravatar.com\/avatar\/42749d8b712ff9d59ca93dc150494e5b55a44134482993f5baeb97e61b7ecc89?s=96&d=mm&r=g","caption":"Roberto"},"url":"https:\/\/regiaonews.net.br\/2022\/author\/roberto\/"}]}},"publishpress_future_action":{"enabled":false,"date":"2026-05-04 10:05:39","action":"change-status","newStatus":"draft","terms":[],"taxonomy":"category","extraData":[]},"publishpress_future_workflow_manual_trigger":{"enabledWorkflows":[]},"_links":{"self":[{"href":"https:\/\/regiaonews.net.br\/2022\/wp-json\/wp\/v2\/posts\/97854","targetHints":{"allow":["GET"]}}],"collection":[{"href":"https:\/\/regiaonews.net.br\/2022\/wp-json\/wp\/v2\/posts"}],"about":[{"href":"https:\/\/regiaonews.net.br\/2022\/wp-json\/wp\/v2\/types\/post"}],"author":[{"embeddable":true,"href":"https:\/\/regiaonews.net.br\/2022\/wp-json\/wp\/v2\/users\/2"}],"replies":[{"embeddable":true,"href":"https:\/\/regiaonews.net.br\/2022\/wp-json\/wp\/v2\/comments?post=97854"}],"version-history":[{"count":1,"href":"https:\/\/regiaonews.net.br\/2022\/wp-json\/wp\/v2\/posts\/97854\/revisions"}],"predecessor-version":[{"id":97857,"href":"https:\/\/regiaonews.net.br\/2022\/wp-json\/wp\/v2\/posts\/97854\/revisions\/97857"}],"wp:featuredmedia":[{"embeddable":true,"href":"https:\/\/regiaonews.net.br\/2022\/wp-json\/wp\/v2\/media\/97855"}],"wp:attachment":[{"href":"https:\/\/regiaonews.net.br\/2022\/wp-json\/wp\/v2\/media?parent=97854"}],"wp:term":[{"taxonomy":"category","embeddable":true,"href":"https:\/\/regiaonews.net.br\/2022\/wp-json\/wp\/v2\/categories?post=97854"},{"taxonomy":"post_tag","embeddable":true,"href":"https:\/\/regiaonews.net.br\/2022\/wp-json\/wp\/v2\/tags?post=97854"}],"curies":[{"name":"wp","href":"https:\/\/api.w.org\/{rel}","templated":true}]}}