{"id":97847,"date":"2023-11-16T23:47:44","date_gmt":"2023-11-17T02:47:44","guid":{"rendered":"https:\/\/regiaonews.net.br\/2022\/?p=97847"},"modified":"2023-11-16T23:47:44","modified_gmt":"2023-11-17T02:47:44","slug":"brasil-perde-na-colombia-com-noite-inspirada-de-luis-dias","status":"publish","type":"post","link":"https:\/\/regiaonews.net.br\/2022\/2023\/11\/16\/brasil-perde-na-colombia-com-noite-inspirada-de-luis-dias\/","title":{"rendered":"Brasil perde na Col\u00f4mbia com noite inspirada de Luis Dias"},"content":{"rendered":"<div id=\"sm-push\" class=\"socl-center\"><\/div>\n<div class=\"container\">\n<div class=\"toolkit-container-large\">\n<div class=\"d-flex flex-column flex-lg-row\">\n<div class=\"toolkit-container-medium\"><main><\/p>\n<article class=\"toolkit-media-content tbl-forkorts-article tbl-forkorts-article-active\" data-dp6-item=\"articleContainer\" data-itemprop=\"articleBody\" data-url=\"https:\/\/esportes.r7.com\/futebol\/brasil-e-colombia-derrota-eliminatorias-da-copa-do-mundo-relato-16112023\" data-changing-text-area=\"\" data-content=\"article\">\n<div class=\"toolkit-image-container media_box full-dimensions442x241\">\n<div class=\"toolkit-image-container__edges edges\">\n<div class=\"gallery_link\"><\/div>\n<\/div>\n<div class=\"toolkit-image-container__info content_image\" data-dimensions=\"442x241\">\n<h4 class=\"toolkit-image-container__caption legend_box  \">Luis D\u00edaz comemora gol que empatou a partida ( Maur\u00edcio Due\u00f1as Casta\u00f1eda\/EFE)<\/h4>\n<\/div>\n<\/div>\n<p>O Brasil sofreu nova derrota nas\u00a0<strong><a href=\"https:\/\/esportes.r7.com\/futebol\/tabelas\/2025\/Eliminatorias\/America-do-Sul\">Eliminat\u00f3rias Sul-Americanas<\/a><\/strong>\u00a0e perdeu para a Col\u00f4mbia por 2 a 1, de virada, nesta quinta-feira (16). O gol brasileiro foi marcado por Gabriel Martinelli.<\/p>\n<p>A grande estrela da noite foi Luis D\u00edaz. A estrela do Liverpool marcou, de cabe\u00e7a, os gols da virada dos donos da casa.<\/p>\n<div class=\"toolkit-card-primary mb-7\" data-dp6-item=\"vejaTambem\">\n<div class=\"toolkit-card-primary__body\">\n<ul class=\"toolkit-list d-flex\">\n<li class=\"toolkit-card-secondary\">\n<h3 class=\"toolkit-card-secondary__title\"><\/h3>\n<\/li>\n<\/ul>\n<\/div>\n<\/div>\n<p>Das arquibancadas do est\u00e1dio Metropolitano, o pai dele, Mane D\u00edaz, que passou 13 dias sequestrado, fato que mobilizou o pa\u00eds em uma campanha mundial para que ele fosse libertado, assistiu \u00e0 atua\u00e7\u00e3o do filho e se emocionou com ele.<\/p>\n<div id=\"standard_11\" class=\"st-placement standard_11 inArticle\">\n<div class=\"st-adunit-inarticle st-inarticle-slot\">\n<div class=\"st-adunit st-adunit-tagged st-reset st-show\">\n<div class=\"st-adunit-ad st-reset\">\n<div class=\"st-display-render st-reset open 320x50\">\n<div class=\"st-canvas st-reset horizontal-static\"><iframe id=\"seedtag_creative_197\" class=\"st-reset\" title=\"seedtag_creative_197\" name=\"seedtag_creative\" scrolling=\"no\" data-mce-fragment=\"1\"><\/iframe><\/div>\n<\/div>\n<\/div>\n<\/div>\n<\/div>\n<\/div>\n<p>Com a derrota, o Brasil despenca para a quinta coloca\u00e7\u00e3o, com cinco pontos conquistados. A Col\u00f4mbia, ap\u00f3s trope\u00e7ar na \u00faltima data Fifa, sobe para terceiro lugar, com nove pontos.<\/p>\n<p>Esta \u00e9 a primeira vit\u00f3ria da Col\u00f4mbia sobre o Brasil em jogos v\u00e1lidos pelas Eliminat\u00f3rias. Nos \u00faltimos 14 confrontos, foram sete vit\u00f3rias brasileiras e sete empates.<\/p>\n<p><strong>Pr\u00f3ximas partidas<\/strong><\/p>\n<p>O Brasil volta a campo na pr\u00f3xima ter\u00e7a-feira (21), contra a Argentina, no est\u00e1dio do Maracan\u00e3, \u00e0s 21h30 (de Bras\u00edlia), em duelo que re\u00fane as duas sele\u00e7\u00f5es mais vencedoras de Copa do Mundo no continente. A Col\u00f4mbia, por sua vez, enfrenta o Paraguai, \u00e0s 20h (de Bras\u00edlia), no mesmo dia, em Assun\u00e7\u00e3o<\/p>\n<p><button class=\"swiper-button-prev swiper-button-white toolkit-gallery-button toolkit-fade\" title=\"Anterior\" aria-label=\"Anterior\" data-gallery-button=\"prev\"><\/button><button class=\"swiper-button-next swiper-button-white toolkit-gallery-button toolkit-fade\" title=\"Pr\u00f3ximo\" aria-label=\"Pr\u00f3ximo\" data-gallery-button=\"next\"><\/button><a style=\"text-align: center;\" href=\"https:\/\/esportes.r7.com\/futebol\/selecao-brasileira\"><b>A\u00a0 sele\u00e7\u00e3o brasileira<\/b><\/a><span style=\"text-align: center;\">\u00a0entra em campo nesta quinta-feira (16), contra a Col\u00f4mbia, pelas eliminat\u00f3rias da Copa do Mundo. A grande not\u00edcia da partida \u00e9 a possibilidade de Endrick estrear pela Canarinha. A convoca\u00e7\u00e3o da joia de 17 anos, que vem brilhando pelo Palmeiras, j\u00e1 entrou para a hist\u00f3ria, pois ele se tornou um dos mais jovens a serem convocados para o selecionado nacional.\u00a0<\/span><button class=\"swiper-button-prev swiper-button-white toolkit-gallery-button toolkit-fade\" title=\"Anterior\" aria-label=\"Anterior\" data-gallery-button=\"prev\"><\/button><\/p>\n<div id=\"standard_12\" class=\"st-placement standard_12 inArticle\">\n<div class=\"st-adunit-inarticle st-inarticle-slot\">\n<div class=\"st-adunit st-adunit-tagged st-reset st-show\">\n<div class=\"st-adunit-ad st-reset\"><\/div>\n<\/div>\n<\/div>\n<\/div>\n<div data-article-gallery-id=\"6553b957cd77c0c0510015fd\" data-article-gallery-url=\"https:\/\/esportes.r7.com\/futebol\/fotos\/jogadores-mais-jovens-convocados-para-a-selecao-brasileira-endrick-14112023\">\n<article>\n<div class=\"toolkit-gallery-container\" data-gallery-id=\"6553b957cd77c0c0510015fd\">\n<div class=\"toolkit-gallery toolkit-fade-hoverable\" data-dp6-item=\"gallerySlides\" data-gallery=\"wrapper-carousel\">\n<div class=\"swiper-container toolkit-gallery-description swiper-container-initialized swiper-container-horizontal swiper-container-android\" data-gallery=\"description\">\n<p class=\"toolkit-gallery-description__title\" data-size-control-font=\"\">\n<\/div>\n<\/div>\n<\/div>\n<\/article>\n<\/div>\n<\/article>\n<p><\/main><\/div>\n<\/div>\n<\/div>\n<\/div>\n","protected":false},"excerpt":{"rendered":"<p>Luis D\u00edaz comemora gol que empatou a partida ( Maur\u00edcio<\/p>\n","protected":false},"author":2,"featured_media":97848,"comment_status":"open","ping_status":"open","sticky":false,"template":"","format":"standard","meta":{"footnotes":""},"categories":[188,21],"tags":[],"class_list":["post-97847","post","type-post","status-publish","format-standard","has-post-thumbnail","hentry","category-eliminatorias","category-esporte"],"yoast_head":"<!-- This site is optimized with the Yoast SEO plugin v27.4 - https:\/\/yoast.com\/product\/yoast-seo-wordpress\/ -->\n<title>Brasil perde na Col\u00f4mbia com noite inspirada de Luis Dias - Regi\u00e3o News<\/title>\n<meta name=\"robots\" content=\"index, follow, max-snippet:-1, max-image-preview:large, max-video-preview:-1\" \/>\n<link rel=\"canonical\" href=\"https:\/\/regiaonews.net.br\/2022\/2023\/11\/16\/brasil-perde-na-colombia-com-noite-inspirada-de-luis-dias\/\" \/>\n<meta property=\"og:locale\" content=\"pt_BR\" \/>\n<meta property=\"og:type\" content=\"article\" \/>\n<meta property=\"og:title\" content=\"Brasil perde na Col\u00f4mbia com noite inspirada de Luis Dias - Regi\u00e3o News\" \/>\n<meta property=\"og:description\" content=\"Luis D\u00edaz comemora gol que empatou a partida ( Maur\u00edcio\" \/>\n<meta property=\"og:url\" content=\"https:\/\/regiaonews.net.br\/2022\/2023\/11\/16\/brasil-perde-na-colombia-com-noite-inspirada-de-luis-dias\/\" \/>\n<meta property=\"og:site_name\" content=\"Regi\u00e3o News\" \/>\n<meta property=\"article:published_time\" content=\"2023-11-17T02:47:44+00:00\" \/>\n<meta property=\"og:image\" content=\"https:\/\/regiaonews.net.br\/2022\/wp-content\/uploads\/2023\/11\/colombia-x-brasil-16112023230908077.jpeg\" \/>\n\t<meta property=\"og:image:width\" content=\"442\" \/>\n\t<meta property=\"og:image:height\" content=\"241\" \/>\n\t<meta property=\"og:image:type\" content=\"image\/jpeg\" \/>\n<meta name=\"author\" content=\"Roberto\" \/>\n<meta name=\"twitter:card\" content=\"summary_large_image\" \/>\n<meta name=\"twitter:label1\" content=\"Escrito por\" \/>\n\t<meta name=\"twitter:data1\" content=\"Roberto\" \/>\n\t<meta name=\"twitter:label2\" content=\"Est. tempo de leitura\" \/>\n\t<meta name=\"twitter:data2\" content=\"2 minutos\" \/>\n<script type=\"application\/ld+json\" class=\"yoast-schema-graph\">{\"@context\":\"https:\\\/\\\/schema.org\",\"@graph\":[{\"@type\":\"Article\",\"@id\":\"https:\\\/\\\/regiaonews.net.br\\\/2022\\\/2023\\\/11\\\/16\\\/brasil-perde-na-colombia-com-noite-inspirada-de-luis-dias\\\/#article\",\"isPartOf\":{\"@id\":\"https:\\\/\\\/regiaonews.net.br\\\/2022\\\/2023\\\/11\\\/16\\\/brasil-perde-na-colombia-com-noite-inspirada-de-luis-dias\\\/\"},\"author\":{\"name\":\"Roberto\",\"@id\":\"https:\\\/\\\/regiaonews.net.br\\\/2022\\\/#\\\/schema\\\/person\\\/2d205a608a5aa97ac279d7a5e6d89ad8\"},\"headline\":\"Brasil perde na Col\u00f4mbia com noite inspirada de Luis Dias\",\"datePublished\":\"2023-11-17T02:47:44+00:00\",\"mainEntityOfPage\":{\"@id\":\"https:\\\/\\\/regiaonews.net.br\\\/2022\\\/2023\\\/11\\\/16\\\/brasil-perde-na-colombia-com-noite-inspirada-de-luis-dias\\\/\"},\"wordCount\":313,\"commentCount\":0,\"publisher\":{\"@id\":\"https:\\\/\\\/regiaonews.net.br\\\/2022\\\/#organization\"},\"image\":{\"@id\":\"https:\\\/\\\/regiaonews.net.br\\\/2022\\\/2023\\\/11\\\/16\\\/brasil-perde-na-colombia-com-noite-inspirada-de-luis-dias\\\/#primaryimage\"},\"thumbnailUrl\":\"https:\\\/\\\/regiaonews.net.br\\\/2022\\\/wp-content\\\/uploads\\\/2023\\\/11\\\/colombia-x-brasil-16112023230908077.jpeg\",\"articleSection\":[\"Eliminat\u00f3rias\",\"Esporte\"],\"inLanguage\":\"pt-BR\",\"potentialAction\":[{\"@type\":\"CommentAction\",\"name\":\"Comment\",\"target\":[\"https:\\\/\\\/regiaonews.net.br\\\/2022\\\/2023\\\/11\\\/16\\\/brasil-perde-na-colombia-com-noite-inspirada-de-luis-dias\\\/#respond\"]}]},{\"@type\":\"WebPage\",\"@id\":\"https:\\\/\\\/regiaonews.net.br\\\/2022\\\/2023\\\/11\\\/16\\\/brasil-perde-na-colombia-com-noite-inspirada-de-luis-dias\\\/\",\"url\":\"https:\\\/\\\/regiaonews.net.br\\\/2022\\\/2023\\\/11\\\/16\\\/brasil-perde-na-colombia-com-noite-inspirada-de-luis-dias\\\/\",\"name\":\"Brasil perde na Col\u00f4mbia com noite inspirada de Luis Dias - Regi\u00e3o News\",\"isPartOf\":{\"@id\":\"https:\\\/\\\/regiaonews.net.br\\\/2022\\\/#website\"},\"primaryImageOfPage\":{\"@id\":\"https:\\\/\\\/regiaonews.net.br\\\/2022\\\/2023\\\/11\\\/16\\\/brasil-perde-na-colombia-com-noite-inspirada-de-luis-dias\\\/#primaryimage\"},\"image\":{\"@id\":\"https:\\\/\\\/regiaonews.net.br\\\/2022\\\/2023\\\/11\\\/16\\\/brasil-perde-na-colombia-com-noite-inspirada-de-luis-dias\\\/#primaryimage\"},\"thumbnailUrl\":\"https:\\\/\\\/regiaonews.net.br\\\/2022\\\/wp-content\\\/uploads\\\/2023\\\/11\\\/colombia-x-brasil-16112023230908077.jpeg\",\"datePublished\":\"2023-11-17T02:47:44+00:00\",\"breadcrumb\":{\"@id\":\"https:\\\/\\\/regiaonews.net.br\\\/2022\\\/2023\\\/11\\\/16\\\/brasil-perde-na-colombia-com-noite-inspirada-de-luis-dias\\\/#breadcrumb\"},\"inLanguage\":\"pt-BR\",\"potentialAction\":[{\"@type\":\"ReadAction\",\"target\":[\"https:\\\/\\\/regiaonews.net.br\\\/2022\\\/2023\\\/11\\\/16\\\/brasil-perde-na-colombia-com-noite-inspirada-de-luis-dias\\\/\"]}]},{\"@type\":\"ImageObject\",\"inLanguage\":\"pt-BR\",\"@id\":\"https:\\\/\\\/regiaonews.net.br\\\/2022\\\/2023\\\/11\\\/16\\\/brasil-perde-na-colombia-com-noite-inspirada-de-luis-dias\\\/#primaryimage\",\"url\":\"https:\\\/\\\/regiaonews.net.br\\\/2022\\\/wp-content\\\/uploads\\\/2023\\\/11\\\/colombia-x-brasil-16112023230908077.jpeg\",\"contentUrl\":\"https:\\\/\\\/regiaonews.net.br\\\/2022\\\/wp-content\\\/uploads\\\/2023\\\/11\\\/colombia-x-brasil-16112023230908077.jpeg\",\"width\":442,\"height\":241},{\"@type\":\"BreadcrumbList\",\"@id\":\"https:\\\/\\\/regiaonews.net.br\\\/2022\\\/2023\\\/11\\\/16\\\/brasil-perde-na-colombia-com-noite-inspirada-de-luis-dias\\\/#breadcrumb\",\"itemListElement\":[{\"@type\":\"ListItem\",\"position\":1,\"name\":\"In\u00edcio\",\"item\":\"https:\\\/\\\/regiaonews.net.br\\\/2022\\\/\"},{\"@type\":\"ListItem\",\"position\":2,\"name\":\"Brasil perde na Col\u00f4mbia com noite inspirada de Luis Dias\"}]},{\"@type\":\"WebSite\",\"@id\":\"https:\\\/\\\/regiaonews.net.br\\\/2022\\\/#website\",\"url\":\"https:\\\/\\\/regiaonews.net.br\\\/2022\\\/\",\"name\":\"Regi\u00e3o News\",\"description\":\"Site de Not\u00edcias de Barretos e regi\u00e3o\",\"publisher\":{\"@id\":\"https:\\\/\\\/regiaonews.net.br\\\/2022\\\/#organization\"},\"potentialAction\":[{\"@type\":\"SearchAction\",\"target\":{\"@type\":\"EntryPoint\",\"urlTemplate\":\"https:\\\/\\\/regiaonews.net.br\\\/2022\\\/?s={search_term_string}\"},\"query-input\":{\"@type\":\"PropertyValueSpecification\",\"valueRequired\":true,\"valueName\":\"search_term_string\"}}],\"inLanguage\":\"pt-BR\"},{\"@type\":\"Organization\",\"@id\":\"https:\\\/\\\/regiaonews.net.br\\\/2022\\\/#organization\",\"name\":\"Regi\u00e3o News\",\"url\":\"https:\\\/\\\/regiaonews.net.br\\\/2022\\\/\",\"logo\":{\"@type\":\"ImageObject\",\"inLanguage\":\"pt-BR\",\"@id\":\"https:\\\/\\\/regiaonews.net.br\\\/2022\\\/#\\\/schema\\\/logo\\\/image\\\/\",\"url\":\"https:\\\/\\\/regiaonews.net.br\\\/2022\\\/wp-content\\\/uploads\\\/2026\\\/03\\\/regiao-13-anos-scaled.jpg\",\"contentUrl\":\"https:\\\/\\\/regiaonews.net.br\\\/2022\\\/wp-content\\\/uploads\\\/2026\\\/03\\\/regiao-13-anos-scaled.jpg\",\"width\":2560,\"height\":635,\"caption\":\"Regi\u00e3o News\"},\"image\":{\"@id\":\"https:\\\/\\\/regiaonews.net.br\\\/2022\\\/#\\\/schema\\\/logo\\\/image\\\/\"}},{\"@type\":\"Person\",\"@id\":\"https:\\\/\\\/regiaonews.net.br\\\/2022\\\/#\\\/schema\\\/person\\\/2d205a608a5aa97ac279d7a5e6d89ad8\",\"name\":\"Roberto\",\"image\":{\"@type\":\"ImageObject\",\"inLanguage\":\"pt-BR\",\"@id\":\"https:\\\/\\\/secure.gravatar.com\\\/avatar\\\/42749d8b712ff9d59ca93dc150494e5b55a44134482993f5baeb97e61b7ecc89?s=96&d=mm&r=g\",\"url\":\"https:\\\/\\\/secure.gravatar.com\\\/avatar\\\/42749d8b712ff9d59ca93dc150494e5b55a44134482993f5baeb97e61b7ecc89?s=96&d=mm&r=g\",\"contentUrl\":\"https:\\\/\\\/secure.gravatar.com\\\/avatar\\\/42749d8b712ff9d59ca93dc150494e5b55a44134482993f5baeb97e61b7ecc89?s=96&d=mm&r=g\",\"caption\":\"Roberto\"},\"url\":\"https:\\\/\\\/regiaonews.net.br\\\/2022\\\/author\\\/roberto\\\/\"}]}<\/script>\n<!-- \/ Yoast SEO plugin. -->","yoast_head_json":{"title":"Brasil perde na Col\u00f4mbia com noite inspirada de Luis Dias - Regi\u00e3o News","robots":{"index":"index","follow":"follow","max-snippet":"max-snippet:-1","max-image-preview":"max-image-preview:large","max-video-preview":"max-video-preview:-1"},"canonical":"https:\/\/regiaonews.net.br\/2022\/2023\/11\/16\/brasil-perde-na-colombia-com-noite-inspirada-de-luis-dias\/","og_locale":"pt_BR","og_type":"article","og_title":"Brasil perde na Col\u00f4mbia com noite inspirada de Luis Dias - Regi\u00e3o News","og_description":"Luis D\u00edaz comemora gol que empatou a partida ( Maur\u00edcio","og_url":"https:\/\/regiaonews.net.br\/2022\/2023\/11\/16\/brasil-perde-na-colombia-com-noite-inspirada-de-luis-dias\/","og_site_name":"Regi\u00e3o News","article_published_time":"2023-11-17T02:47:44+00:00","og_image":[{"width":442,"height":241,"url":"https:\/\/regiaonews.net.br\/2022\/wp-content\/uploads\/2023\/11\/colombia-x-brasil-16112023230908077.jpeg","type":"image\/jpeg"}],"author":"Roberto","twitter_card":"summary_large_image","twitter_misc":{"Escrito por":"Roberto","Est. tempo de leitura":"2 minutos"},"schema":{"@context":"https:\/\/schema.org","@graph":[{"@type":"Article","@id":"https:\/\/regiaonews.net.br\/2022\/2023\/11\/16\/brasil-perde-na-colombia-com-noite-inspirada-de-luis-dias\/#article","isPartOf":{"@id":"https:\/\/regiaonews.net.br\/2022\/2023\/11\/16\/brasil-perde-na-colombia-com-noite-inspirada-de-luis-dias\/"},"author":{"name":"Roberto","@id":"https:\/\/regiaonews.net.br\/2022\/#\/schema\/person\/2d205a608a5aa97ac279d7a5e6d89ad8"},"headline":"Brasil perde na Col\u00f4mbia com noite inspirada de Luis Dias","datePublished":"2023-11-17T02:47:44+00:00","mainEntityOfPage":{"@id":"https:\/\/regiaonews.net.br\/2022\/2023\/11\/16\/brasil-perde-na-colombia-com-noite-inspirada-de-luis-dias\/"},"wordCount":313,"commentCount":0,"publisher":{"@id":"https:\/\/regiaonews.net.br\/2022\/#organization"},"image":{"@id":"https:\/\/regiaonews.net.br\/2022\/2023\/11\/16\/brasil-perde-na-colombia-com-noite-inspirada-de-luis-dias\/#primaryimage"},"thumbnailUrl":"https:\/\/regiaonews.net.br\/2022\/wp-content\/uploads\/2023\/11\/colombia-x-brasil-16112023230908077.jpeg","articleSection":["Eliminat\u00f3rias","Esporte"],"inLanguage":"pt-BR","potentialAction":[{"@type":"CommentAction","name":"Comment","target":["https:\/\/regiaonews.net.br\/2022\/2023\/11\/16\/brasil-perde-na-colombia-com-noite-inspirada-de-luis-dias\/#respond"]}]},{"@type":"WebPage","@id":"https:\/\/regiaonews.net.br\/2022\/2023\/11\/16\/brasil-perde-na-colombia-com-noite-inspirada-de-luis-dias\/","url":"https:\/\/regiaonews.net.br\/2022\/2023\/11\/16\/brasil-perde-na-colombia-com-noite-inspirada-de-luis-dias\/","name":"Brasil perde na Col\u00f4mbia com noite inspirada de Luis Dias - Regi\u00e3o News","isPartOf":{"@id":"https:\/\/regiaonews.net.br\/2022\/#website"},"primaryImageOfPage":{"@id":"https:\/\/regiaonews.net.br\/2022\/2023\/11\/16\/brasil-perde-na-colombia-com-noite-inspirada-de-luis-dias\/#primaryimage"},"image":{"@id":"https:\/\/regiaonews.net.br\/2022\/2023\/11\/16\/brasil-perde-na-colombia-com-noite-inspirada-de-luis-dias\/#primaryimage"},"thumbnailUrl":"https:\/\/regiaonews.net.br\/2022\/wp-content\/uploads\/2023\/11\/colombia-x-brasil-16112023230908077.jpeg","datePublished":"2023-11-17T02:47:44+00:00","breadcrumb":{"@id":"https:\/\/regiaonews.net.br\/2022\/2023\/11\/16\/brasil-perde-na-colombia-com-noite-inspirada-de-luis-dias\/#breadcrumb"},"inLanguage":"pt-BR","potentialAction":[{"@type":"ReadAction","target":["https:\/\/regiaonews.net.br\/2022\/2023\/11\/16\/brasil-perde-na-colombia-com-noite-inspirada-de-luis-dias\/"]}]},{"@type":"ImageObject","inLanguage":"pt-BR","@id":"https:\/\/regiaonews.net.br\/2022\/2023\/11\/16\/brasil-perde-na-colombia-com-noite-inspirada-de-luis-dias\/#primaryimage","url":"https:\/\/regiaonews.net.br\/2022\/wp-content\/uploads\/2023\/11\/colombia-x-brasil-16112023230908077.jpeg","contentUrl":"https:\/\/regiaonews.net.br\/2022\/wp-content\/uploads\/2023\/11\/colombia-x-brasil-16112023230908077.jpeg","width":442,"height":241},{"@type":"BreadcrumbList","@id":"https:\/\/regiaonews.net.br\/2022\/2023\/11\/16\/brasil-perde-na-colombia-com-noite-inspirada-de-luis-dias\/#breadcrumb","itemListElement":[{"@type":"ListItem","position":1,"name":"In\u00edcio","item":"https:\/\/regiaonews.net.br\/2022\/"},{"@type":"ListItem","position":2,"name":"Brasil perde na Col\u00f4mbia com noite inspirada de Luis Dias"}]},{"@type":"WebSite","@id":"https:\/\/regiaonews.net.br\/2022\/#website","url":"https:\/\/regiaonews.net.br\/2022\/","name":"Regi\u00e3o News","description":"Site de Not\u00edcias de Barretos e regi\u00e3o","publisher":{"@id":"https:\/\/regiaonews.net.br\/2022\/#organization"},"potentialAction":[{"@type":"SearchAction","target":{"@type":"EntryPoint","urlTemplate":"https:\/\/regiaonews.net.br\/2022\/?s={search_term_string}"},"query-input":{"@type":"PropertyValueSpecification","valueRequired":true,"valueName":"search_term_string"}}],"inLanguage":"pt-BR"},{"@type":"Organization","@id":"https:\/\/regiaonews.net.br\/2022\/#organization","name":"Regi\u00e3o News","url":"https:\/\/regiaonews.net.br\/2022\/","logo":{"@type":"ImageObject","inLanguage":"pt-BR","@id":"https:\/\/regiaonews.net.br\/2022\/#\/schema\/logo\/image\/","url":"https:\/\/regiaonews.net.br\/2022\/wp-content\/uploads\/2026\/03\/regiao-13-anos-scaled.jpg","contentUrl":"https:\/\/regiaonews.net.br\/2022\/wp-content\/uploads\/2026\/03\/regiao-13-anos-scaled.jpg","width":2560,"height":635,"caption":"Regi\u00e3o News"},"image":{"@id":"https:\/\/regiaonews.net.br\/2022\/#\/schema\/logo\/image\/"}},{"@type":"Person","@id":"https:\/\/regiaonews.net.br\/2022\/#\/schema\/person\/2d205a608a5aa97ac279d7a5e6d89ad8","name":"Roberto","image":{"@type":"ImageObject","inLanguage":"pt-BR","@id":"https:\/\/secure.gravatar.com\/avatar\/42749d8b712ff9d59ca93dc150494e5b55a44134482993f5baeb97e61b7ecc89?s=96&d=mm&r=g","url":"https:\/\/secure.gravatar.com\/avatar\/42749d8b712ff9d59ca93dc150494e5b55a44134482993f5baeb97e61b7ecc89?s=96&d=mm&r=g","contentUrl":"https:\/\/secure.gravatar.com\/avatar\/42749d8b712ff9d59ca93dc150494e5b55a44134482993f5baeb97e61b7ecc89?s=96&d=mm&r=g","caption":"Roberto"},"url":"https:\/\/regiaonews.net.br\/2022\/author\/roberto\/"}]}},"publishpress_future_action":{"enabled":false,"date":"2026-05-04 10:05:40","action":"change-status","newStatus":"draft","terms":[],"taxonomy":"category","extraData":[]},"publishpress_future_workflow_manual_trigger":{"enabledWorkflows":[]},"_links":{"self":[{"href":"https:\/\/regiaonews.net.br\/2022\/wp-json\/wp\/v2\/posts\/97847","targetHints":{"allow":["GET"]}}],"collection":[{"href":"https:\/\/regiaonews.net.br\/2022\/wp-json\/wp\/v2\/posts"}],"about":[{"href":"https:\/\/regiaonews.net.br\/2022\/wp-json\/wp\/v2\/types\/post"}],"author":[{"embeddable":true,"href":"https:\/\/regiaonews.net.br\/2022\/wp-json\/wp\/v2\/users\/2"}],"replies":[{"embeddable":true,"href":"https:\/\/regiaonews.net.br\/2022\/wp-json\/wp\/v2\/comments?post=97847"}],"version-history":[{"count":1,"href":"https:\/\/regiaonews.net.br\/2022\/wp-json\/wp\/v2\/posts\/97847\/revisions"}],"predecessor-version":[{"id":97849,"href":"https:\/\/regiaonews.net.br\/2022\/wp-json\/wp\/v2\/posts\/97847\/revisions\/97849"}],"wp:featuredmedia":[{"embeddable":true,"href":"https:\/\/regiaonews.net.br\/2022\/wp-json\/wp\/v2\/media\/97848"}],"wp:attachment":[{"href":"https:\/\/regiaonews.net.br\/2022\/wp-json\/wp\/v2\/media?parent=97847"}],"wp:term":[{"taxonomy":"category","embeddable":true,"href":"https:\/\/regiaonews.net.br\/2022\/wp-json\/wp\/v2\/categories?post=97847"},{"taxonomy":"post_tag","embeddable":true,"href":"https:\/\/regiaonews.net.br\/2022\/wp-json\/wp\/v2\/tags?post=97847"}],"curies":[{"name":"wp","href":"https:\/\/api.w.org\/{rel}","templated":true}]}}