{"id":97825,"date":"2023-11-16T20:09:44","date_gmt":"2023-11-16T23:09:44","guid":{"rendered":"https:\/\/regiaonews.net.br\/2022\/?p=97825"},"modified":"2023-11-16T20:09:44","modified_gmt":"2023-11-16T23:09:44","slug":"terceira-edicao-do-todas-as-cores-contra-o-racismo-lota-o-cine-barretos","status":"publish","type":"post","link":"https:\/\/regiaonews.net.br\/2022\/2023\/11\/16\/terceira-edicao-do-todas-as-cores-contra-o-racismo-lota-o-cine-barretos\/","title":{"rendered":"Terceira edi\u00e7\u00e3o do \u2018Todas as cores contra o racismo\u2019 lota o Cine Barretos"},"content":{"rendered":"<p>Evento, promovido pelo Cemei Ana Carvalho Castanho em comemora\u00e7\u00e3o ao m\u00eas da Consci\u00eancia Negra, contou com diversas apresenta\u00e7\u00f5es art\u00edsticas da cultura afro<\/p>\n<p>Pelo terceiro ano consecutivo, o Centro Municipal de Educa\u00e7\u00e3o Infantil Ana Carvalho Castanho, do bairro Zequinha Am\u00eandola, realizou o evento \u201cTodas as cores contra o racismo\u201d e lotou o Centro Cultural \u2018Os\u00f3rio Falleiros da Rocha\u2019 &#8211; Teatro Cine Barretos, na noite de ter\u00e7a-feira, 14 de novembro. O espet\u00e1culo em comemora\u00e7\u00e3o ao m\u00eas da Consci\u00eancia Negra, cuja celebra\u00e7\u00e3o se d\u00e1 na pr\u00f3xima segunda, dia 21, contou com diversas apresenta\u00e7\u00f5es art\u00edsticas sobre a cultura afro.<br \/>\nSilvana da Silva Sampaio, diretora do Cemei, contou que a ideia do evento surgiu em 2021 para, al\u00e9m de lutar contra o racismo, fortalecer a autoestima da pessoa negra. \u201cEsse evento come\u00e7ou de uma ideia que eu tive assim que cheguei a Barretos e percebi que, diferente de outras cidades que morei, o negro tem mais oportunidades. Embora o racismo continue existindo, porque ele \u00e9 estrutural, aqui havia mais possibilidades, principalmente profissionais, para a pessoa negra. Ent\u00e3o, em 2021, a gente teve a ideia de fazer um evento ainda pequeno l\u00e1 na escola, que era na luta contra o racismo, mas de uma forma que fortalecesse a autoestima da pessoa negra\u201d, comentou.<br \/>\nO vice-diretor Cl\u00f3vis Candido dos Santos Filho explicou que as apresenta\u00e7\u00f5es s\u00e3o a culmin\u00e2ncia de um trabalho desenvolvido ao logo de todo o ano na Unidade Escolar. \u201c\u00c9 um trabalho feito com muito afinco com as crian\u00e7as, desde o in\u00edcio do ano letivo\u201d, disse.<br \/>\nA edi\u00e7\u00e3o deste ano ainda contou com a participa\u00e7\u00e3o de 40 alunos da Escola Municipal Prof. Giuseppe Carn\u00edmeo; do Grupo Quintal da Capoeira, do Mestre Kim; &#8220;AF Company&#8221;, com a turma de Hip Hop Kids do Prof. Aristeu; al\u00e9m de v\u00e1rias surpresas.<br \/>\nDiretor da E.M. Prof. Giuseppe Carn\u00edmeo, tamb\u00e9m no bairro Zequinha Am\u00eandola, Paulo Cezar do Nascimento falou da import\u00e2ncia dessa parceria. \u201cAssim que a Silvana fez o convite para n\u00f3s, de pronto eu j\u00e1 aceitei, porque \u00e9 uma coisa que vem ao anseio dos objetivos que a escola tem que \u00e9 trabalhar a quest\u00e3o racial\u201d. Ele tamb\u00e9m destacou que mais de 46% dos estudantes da Unidade Escolar em que atua s\u00e3o negros e que j\u00e1 enfrentou problemas relacionados \u00e0 quest\u00e3o racial. \u201cJ\u00e1 tivemos problemas, em dois anos de gest\u00e3o, relacionados \u00e0 quest\u00e3o racial, que levantamos e colocamos em pauta. Eu acho que \u00e9 um dever meu e uma miss\u00e3o que a gente tem enquanto profissional e cidad\u00e3o de estar levando essa bandeira adiante\u201d, disse.<\/p>\n","protected":false},"excerpt":{"rendered":"<p>Evento, promovido pelo Cemei Ana Carvalho Castanho em comemora\u00e7\u00e3o ao<\/p>\n","protected":false},"author":2,"featured_media":97826,"comment_status":"open","ping_status":"open","sticky":false,"template":"","format":"standard","meta":{"footnotes":""},"categories":[14,25],"tags":[],"class_list":["post-97825","post","type-post","status-publish","format-standard","has-post-thumbnail","hentry","category-barretos","category-cidades"],"yoast_head":"<!-- This site is optimized with the Yoast SEO plugin v27.4 - https:\/\/yoast.com\/product\/yoast-seo-wordpress\/ -->\n<title>Terceira edi\u00e7\u00e3o do \u2018Todas as cores contra o racismo\u2019 lota o Cine Barretos - Regi\u00e3o News<\/title>\n<meta name=\"robots\" content=\"index, follow, max-snippet:-1, max-image-preview:large, max-video-preview:-1\" \/>\n<link rel=\"canonical\" href=\"https:\/\/regiaonews.net.br\/2022\/2023\/11\/16\/terceira-edicao-do-todas-as-cores-contra-o-racismo-lota-o-cine-barretos\/\" \/>\n<meta property=\"og:locale\" content=\"pt_BR\" \/>\n<meta property=\"og:type\" content=\"article\" \/>\n<meta property=\"og:title\" content=\"Terceira edi\u00e7\u00e3o do \u2018Todas as cores contra o racismo\u2019 lota o Cine Barretos - Regi\u00e3o News\" \/>\n<meta property=\"og:description\" content=\"Evento, promovido pelo Cemei Ana Carvalho Castanho em comemora\u00e7\u00e3o ao\" \/>\n<meta property=\"og:url\" content=\"https:\/\/regiaonews.net.br\/2022\/2023\/11\/16\/terceira-edicao-do-todas-as-cores-contra-o-racismo-lota-o-cine-barretos\/\" \/>\n<meta property=\"og:site_name\" content=\"Regi\u00e3o News\" \/>\n<meta property=\"article:published_time\" content=\"2023-11-16T23:09:44+00:00\" \/>\n<meta property=\"og:image\" content=\"https:\/\/regiaonews.net.br\/2022\/wp-content\/uploads\/2023\/11\/WhatsApp-Image-2023-11-16-at-17.47.48.jpeg\" \/>\n\t<meta property=\"og:image:width\" content=\"1600\" \/>\n\t<meta property=\"og:image:height\" content=\"1068\" \/>\n\t<meta property=\"og:image:type\" content=\"image\/jpeg\" \/>\n<meta name=\"author\" content=\"Roberto\" \/>\n<meta name=\"twitter:card\" content=\"summary_large_image\" \/>\n<meta name=\"twitter:label1\" content=\"Escrito por\" \/>\n\t<meta name=\"twitter:data1\" content=\"Roberto\" \/>\n\t<meta name=\"twitter:label2\" content=\"Est. tempo de leitura\" \/>\n\t<meta name=\"twitter:data2\" content=\"3 minutos\" \/>\n<script type=\"application\/ld+json\" class=\"yoast-schema-graph\">{\"@context\":\"https:\\\/\\\/schema.org\",\"@graph\":[{\"@type\":\"Article\",\"@id\":\"https:\\\/\\\/regiaonews.net.br\\\/2022\\\/2023\\\/11\\\/16\\\/terceira-edicao-do-todas-as-cores-contra-o-racismo-lota-o-cine-barretos\\\/#article\",\"isPartOf\":{\"@id\":\"https:\\\/\\\/regiaonews.net.br\\\/2022\\\/2023\\\/11\\\/16\\\/terceira-edicao-do-todas-as-cores-contra-o-racismo-lota-o-cine-barretos\\\/\"},\"author\":{\"name\":\"Roberto\",\"@id\":\"https:\\\/\\\/regiaonews.net.br\\\/2022\\\/#\\\/schema\\\/person\\\/2d205a608a5aa97ac279d7a5e6d89ad8\"},\"headline\":\"Terceira edi\u00e7\u00e3o do \u2018Todas as cores contra o racismo\u2019 lota o Cine Barretos\",\"datePublished\":\"2023-11-16T23:09:44+00:00\",\"mainEntityOfPage\":{\"@id\":\"https:\\\/\\\/regiaonews.net.br\\\/2022\\\/2023\\\/11\\\/16\\\/terceira-edicao-do-todas-as-cores-contra-o-racismo-lota-o-cine-barretos\\\/\"},\"wordCount\":462,\"commentCount\":0,\"publisher\":{\"@id\":\"https:\\\/\\\/regiaonews.net.br\\\/2022\\\/#organization\"},\"image\":{\"@id\":\"https:\\\/\\\/regiaonews.net.br\\\/2022\\\/2023\\\/11\\\/16\\\/terceira-edicao-do-todas-as-cores-contra-o-racismo-lota-o-cine-barretos\\\/#primaryimage\"},\"thumbnailUrl\":\"https:\\\/\\\/regiaonews.net.br\\\/2022\\\/wp-content\\\/uploads\\\/2023\\\/11\\\/WhatsApp-Image-2023-11-16-at-17.47.48.jpeg\",\"articleSection\":[\"Barretos\",\"Cidades\"],\"inLanguage\":\"pt-BR\",\"potentialAction\":[{\"@type\":\"CommentAction\",\"name\":\"Comment\",\"target\":[\"https:\\\/\\\/regiaonews.net.br\\\/2022\\\/2023\\\/11\\\/16\\\/terceira-edicao-do-todas-as-cores-contra-o-racismo-lota-o-cine-barretos\\\/#respond\"]}]},{\"@type\":\"WebPage\",\"@id\":\"https:\\\/\\\/regiaonews.net.br\\\/2022\\\/2023\\\/11\\\/16\\\/terceira-edicao-do-todas-as-cores-contra-o-racismo-lota-o-cine-barretos\\\/\",\"url\":\"https:\\\/\\\/regiaonews.net.br\\\/2022\\\/2023\\\/11\\\/16\\\/terceira-edicao-do-todas-as-cores-contra-o-racismo-lota-o-cine-barretos\\\/\",\"name\":\"Terceira edi\u00e7\u00e3o do \u2018Todas as cores contra o racismo\u2019 lota o Cine Barretos - Regi\u00e3o News\",\"isPartOf\":{\"@id\":\"https:\\\/\\\/regiaonews.net.br\\\/2022\\\/#website\"},\"primaryImageOfPage\":{\"@id\":\"https:\\\/\\\/regiaonews.net.br\\\/2022\\\/2023\\\/11\\\/16\\\/terceira-edicao-do-todas-as-cores-contra-o-racismo-lota-o-cine-barretos\\\/#primaryimage\"},\"image\":{\"@id\":\"https:\\\/\\\/regiaonews.net.br\\\/2022\\\/2023\\\/11\\\/16\\\/terceira-edicao-do-todas-as-cores-contra-o-racismo-lota-o-cine-barretos\\\/#primaryimage\"},\"thumbnailUrl\":\"https:\\\/\\\/regiaonews.net.br\\\/2022\\\/wp-content\\\/uploads\\\/2023\\\/11\\\/WhatsApp-Image-2023-11-16-at-17.47.48.jpeg\",\"datePublished\":\"2023-11-16T23:09:44+00:00\",\"breadcrumb\":{\"@id\":\"https:\\\/\\\/regiaonews.net.br\\\/2022\\\/2023\\\/11\\\/16\\\/terceira-edicao-do-todas-as-cores-contra-o-racismo-lota-o-cine-barretos\\\/#breadcrumb\"},\"inLanguage\":\"pt-BR\",\"potentialAction\":[{\"@type\":\"ReadAction\",\"target\":[\"https:\\\/\\\/regiaonews.net.br\\\/2022\\\/2023\\\/11\\\/16\\\/terceira-edicao-do-todas-as-cores-contra-o-racismo-lota-o-cine-barretos\\\/\"]}]},{\"@type\":\"ImageObject\",\"inLanguage\":\"pt-BR\",\"@id\":\"https:\\\/\\\/regiaonews.net.br\\\/2022\\\/2023\\\/11\\\/16\\\/terceira-edicao-do-todas-as-cores-contra-o-racismo-lota-o-cine-barretos\\\/#primaryimage\",\"url\":\"https:\\\/\\\/regiaonews.net.br\\\/2022\\\/wp-content\\\/uploads\\\/2023\\\/11\\\/WhatsApp-Image-2023-11-16-at-17.47.48.jpeg\",\"contentUrl\":\"https:\\\/\\\/regiaonews.net.br\\\/2022\\\/wp-content\\\/uploads\\\/2023\\\/11\\\/WhatsApp-Image-2023-11-16-at-17.47.48.jpeg\",\"width\":1600,\"height\":1068},{\"@type\":\"BreadcrumbList\",\"@id\":\"https:\\\/\\\/regiaonews.net.br\\\/2022\\\/2023\\\/11\\\/16\\\/terceira-edicao-do-todas-as-cores-contra-o-racismo-lota-o-cine-barretos\\\/#breadcrumb\",\"itemListElement\":[{\"@type\":\"ListItem\",\"position\":1,\"name\":\"In\u00edcio\",\"item\":\"https:\\\/\\\/regiaonews.net.br\\\/2022\\\/\"},{\"@type\":\"ListItem\",\"position\":2,\"name\":\"Terceira edi\u00e7\u00e3o do \u2018Todas as cores contra o racismo\u2019 lota o Cine Barretos\"}]},{\"@type\":\"WebSite\",\"@id\":\"https:\\\/\\\/regiaonews.net.br\\\/2022\\\/#website\",\"url\":\"https:\\\/\\\/regiaonews.net.br\\\/2022\\\/\",\"name\":\"Regi\u00e3o News\",\"description\":\"Site de Not\u00edcias de Barretos e regi\u00e3o\",\"publisher\":{\"@id\":\"https:\\\/\\\/regiaonews.net.br\\\/2022\\\/#organization\"},\"potentialAction\":[{\"@type\":\"SearchAction\",\"target\":{\"@type\":\"EntryPoint\",\"urlTemplate\":\"https:\\\/\\\/regiaonews.net.br\\\/2022\\\/?s={search_term_string}\"},\"query-input\":{\"@type\":\"PropertyValueSpecification\",\"valueRequired\":true,\"valueName\":\"search_term_string\"}}],\"inLanguage\":\"pt-BR\"},{\"@type\":\"Organization\",\"@id\":\"https:\\\/\\\/regiaonews.net.br\\\/2022\\\/#organization\",\"name\":\"Regi\u00e3o News\",\"url\":\"https:\\\/\\\/regiaonews.net.br\\\/2022\\\/\",\"logo\":{\"@type\":\"ImageObject\",\"inLanguage\":\"pt-BR\",\"@id\":\"https:\\\/\\\/regiaonews.net.br\\\/2022\\\/#\\\/schema\\\/logo\\\/image\\\/\",\"url\":\"https:\\\/\\\/regiaonews.net.br\\\/2022\\\/wp-content\\\/uploads\\\/2026\\\/03\\\/regiao-13-anos-scaled.jpg\",\"contentUrl\":\"https:\\\/\\\/regiaonews.net.br\\\/2022\\\/wp-content\\\/uploads\\\/2026\\\/03\\\/regiao-13-anos-scaled.jpg\",\"width\":2560,\"height\":635,\"caption\":\"Regi\u00e3o News\"},\"image\":{\"@id\":\"https:\\\/\\\/regiaonews.net.br\\\/2022\\\/#\\\/schema\\\/logo\\\/image\\\/\"}},{\"@type\":\"Person\",\"@id\":\"https:\\\/\\\/regiaonews.net.br\\\/2022\\\/#\\\/schema\\\/person\\\/2d205a608a5aa97ac279d7a5e6d89ad8\",\"name\":\"Roberto\",\"image\":{\"@type\":\"ImageObject\",\"inLanguage\":\"pt-BR\",\"@id\":\"https:\\\/\\\/secure.gravatar.com\\\/avatar\\\/42749d8b712ff9d59ca93dc150494e5b55a44134482993f5baeb97e61b7ecc89?s=96&d=mm&r=g\",\"url\":\"https:\\\/\\\/secure.gravatar.com\\\/avatar\\\/42749d8b712ff9d59ca93dc150494e5b55a44134482993f5baeb97e61b7ecc89?s=96&d=mm&r=g\",\"contentUrl\":\"https:\\\/\\\/secure.gravatar.com\\\/avatar\\\/42749d8b712ff9d59ca93dc150494e5b55a44134482993f5baeb97e61b7ecc89?s=96&d=mm&r=g\",\"caption\":\"Roberto\"},\"url\":\"https:\\\/\\\/regiaonews.net.br\\\/2022\\\/author\\\/roberto\\\/\"}]}<\/script>\n<!-- \/ Yoast SEO plugin. -->","yoast_head_json":{"title":"Terceira edi\u00e7\u00e3o do \u2018Todas as cores contra o racismo\u2019 lota o Cine Barretos - Regi\u00e3o News","robots":{"index":"index","follow":"follow","max-snippet":"max-snippet:-1","max-image-preview":"max-image-preview:large","max-video-preview":"max-video-preview:-1"},"canonical":"https:\/\/regiaonews.net.br\/2022\/2023\/11\/16\/terceira-edicao-do-todas-as-cores-contra-o-racismo-lota-o-cine-barretos\/","og_locale":"pt_BR","og_type":"article","og_title":"Terceira edi\u00e7\u00e3o do \u2018Todas as cores contra o racismo\u2019 lota o Cine Barretos - Regi\u00e3o News","og_description":"Evento, promovido pelo Cemei Ana Carvalho Castanho em comemora\u00e7\u00e3o ao","og_url":"https:\/\/regiaonews.net.br\/2022\/2023\/11\/16\/terceira-edicao-do-todas-as-cores-contra-o-racismo-lota-o-cine-barretos\/","og_site_name":"Regi\u00e3o News","article_published_time":"2023-11-16T23:09:44+00:00","og_image":[{"width":1600,"height":1068,"url":"https:\/\/regiaonews.net.br\/2022\/wp-content\/uploads\/2023\/11\/WhatsApp-Image-2023-11-16-at-17.47.48.jpeg","type":"image\/jpeg"}],"author":"Roberto","twitter_card":"summary_large_image","twitter_misc":{"Escrito por":"Roberto","Est. tempo de leitura":"3 minutos"},"schema":{"@context":"https:\/\/schema.org","@graph":[{"@type":"Article","@id":"https:\/\/regiaonews.net.br\/2022\/2023\/11\/16\/terceira-edicao-do-todas-as-cores-contra-o-racismo-lota-o-cine-barretos\/#article","isPartOf":{"@id":"https:\/\/regiaonews.net.br\/2022\/2023\/11\/16\/terceira-edicao-do-todas-as-cores-contra-o-racismo-lota-o-cine-barretos\/"},"author":{"name":"Roberto","@id":"https:\/\/regiaonews.net.br\/2022\/#\/schema\/person\/2d205a608a5aa97ac279d7a5e6d89ad8"},"headline":"Terceira edi\u00e7\u00e3o do \u2018Todas as cores contra o racismo\u2019 lota o Cine Barretos","datePublished":"2023-11-16T23:09:44+00:00","mainEntityOfPage":{"@id":"https:\/\/regiaonews.net.br\/2022\/2023\/11\/16\/terceira-edicao-do-todas-as-cores-contra-o-racismo-lota-o-cine-barretos\/"},"wordCount":462,"commentCount":0,"publisher":{"@id":"https:\/\/regiaonews.net.br\/2022\/#organization"},"image":{"@id":"https:\/\/regiaonews.net.br\/2022\/2023\/11\/16\/terceira-edicao-do-todas-as-cores-contra-o-racismo-lota-o-cine-barretos\/#primaryimage"},"thumbnailUrl":"https:\/\/regiaonews.net.br\/2022\/wp-content\/uploads\/2023\/11\/WhatsApp-Image-2023-11-16-at-17.47.48.jpeg","articleSection":["Barretos","Cidades"],"inLanguage":"pt-BR","potentialAction":[{"@type":"CommentAction","name":"Comment","target":["https:\/\/regiaonews.net.br\/2022\/2023\/11\/16\/terceira-edicao-do-todas-as-cores-contra-o-racismo-lota-o-cine-barretos\/#respond"]}]},{"@type":"WebPage","@id":"https:\/\/regiaonews.net.br\/2022\/2023\/11\/16\/terceira-edicao-do-todas-as-cores-contra-o-racismo-lota-o-cine-barretos\/","url":"https:\/\/regiaonews.net.br\/2022\/2023\/11\/16\/terceira-edicao-do-todas-as-cores-contra-o-racismo-lota-o-cine-barretos\/","name":"Terceira edi\u00e7\u00e3o do \u2018Todas as cores contra o racismo\u2019 lota o Cine Barretos - Regi\u00e3o News","isPartOf":{"@id":"https:\/\/regiaonews.net.br\/2022\/#website"},"primaryImageOfPage":{"@id":"https:\/\/regiaonews.net.br\/2022\/2023\/11\/16\/terceira-edicao-do-todas-as-cores-contra-o-racismo-lota-o-cine-barretos\/#primaryimage"},"image":{"@id":"https:\/\/regiaonews.net.br\/2022\/2023\/11\/16\/terceira-edicao-do-todas-as-cores-contra-o-racismo-lota-o-cine-barretos\/#primaryimage"},"thumbnailUrl":"https:\/\/regiaonews.net.br\/2022\/wp-content\/uploads\/2023\/11\/WhatsApp-Image-2023-11-16-at-17.47.48.jpeg","datePublished":"2023-11-16T23:09:44+00:00","breadcrumb":{"@id":"https:\/\/regiaonews.net.br\/2022\/2023\/11\/16\/terceira-edicao-do-todas-as-cores-contra-o-racismo-lota-o-cine-barretos\/#breadcrumb"},"inLanguage":"pt-BR","potentialAction":[{"@type":"ReadAction","target":["https:\/\/regiaonews.net.br\/2022\/2023\/11\/16\/terceira-edicao-do-todas-as-cores-contra-o-racismo-lota-o-cine-barretos\/"]}]},{"@type":"ImageObject","inLanguage":"pt-BR","@id":"https:\/\/regiaonews.net.br\/2022\/2023\/11\/16\/terceira-edicao-do-todas-as-cores-contra-o-racismo-lota-o-cine-barretos\/#primaryimage","url":"https:\/\/regiaonews.net.br\/2022\/wp-content\/uploads\/2023\/11\/WhatsApp-Image-2023-11-16-at-17.47.48.jpeg","contentUrl":"https:\/\/regiaonews.net.br\/2022\/wp-content\/uploads\/2023\/11\/WhatsApp-Image-2023-11-16-at-17.47.48.jpeg","width":1600,"height":1068},{"@type":"BreadcrumbList","@id":"https:\/\/regiaonews.net.br\/2022\/2023\/11\/16\/terceira-edicao-do-todas-as-cores-contra-o-racismo-lota-o-cine-barretos\/#breadcrumb","itemListElement":[{"@type":"ListItem","position":1,"name":"In\u00edcio","item":"https:\/\/regiaonews.net.br\/2022\/"},{"@type":"ListItem","position":2,"name":"Terceira edi\u00e7\u00e3o do \u2018Todas as cores contra o racismo\u2019 lota o Cine Barretos"}]},{"@type":"WebSite","@id":"https:\/\/regiaonews.net.br\/2022\/#website","url":"https:\/\/regiaonews.net.br\/2022\/","name":"Regi\u00e3o News","description":"Site de Not\u00edcias de Barretos e regi\u00e3o","publisher":{"@id":"https:\/\/regiaonews.net.br\/2022\/#organization"},"potentialAction":[{"@type":"SearchAction","target":{"@type":"EntryPoint","urlTemplate":"https:\/\/regiaonews.net.br\/2022\/?s={search_term_string}"},"query-input":{"@type":"PropertyValueSpecification","valueRequired":true,"valueName":"search_term_string"}}],"inLanguage":"pt-BR"},{"@type":"Organization","@id":"https:\/\/regiaonews.net.br\/2022\/#organization","name":"Regi\u00e3o News","url":"https:\/\/regiaonews.net.br\/2022\/","logo":{"@type":"ImageObject","inLanguage":"pt-BR","@id":"https:\/\/regiaonews.net.br\/2022\/#\/schema\/logo\/image\/","url":"https:\/\/regiaonews.net.br\/2022\/wp-content\/uploads\/2026\/03\/regiao-13-anos-scaled.jpg","contentUrl":"https:\/\/regiaonews.net.br\/2022\/wp-content\/uploads\/2026\/03\/regiao-13-anos-scaled.jpg","width":2560,"height":635,"caption":"Regi\u00e3o News"},"image":{"@id":"https:\/\/regiaonews.net.br\/2022\/#\/schema\/logo\/image\/"}},{"@type":"Person","@id":"https:\/\/regiaonews.net.br\/2022\/#\/schema\/person\/2d205a608a5aa97ac279d7a5e6d89ad8","name":"Roberto","image":{"@type":"ImageObject","inLanguage":"pt-BR","@id":"https:\/\/secure.gravatar.com\/avatar\/42749d8b712ff9d59ca93dc150494e5b55a44134482993f5baeb97e61b7ecc89?s=96&d=mm&r=g","url":"https:\/\/secure.gravatar.com\/avatar\/42749d8b712ff9d59ca93dc150494e5b55a44134482993f5baeb97e61b7ecc89?s=96&d=mm&r=g","contentUrl":"https:\/\/secure.gravatar.com\/avatar\/42749d8b712ff9d59ca93dc150494e5b55a44134482993f5baeb97e61b7ecc89?s=96&d=mm&r=g","caption":"Roberto"},"url":"https:\/\/regiaonews.net.br\/2022\/author\/roberto\/"}]}},"publishpress_future_action":{"enabled":false,"date":"2026-05-04 16:27:15","action":"change-status","newStatus":"draft","terms":[],"taxonomy":"category","extraData":[]},"publishpress_future_workflow_manual_trigger":{"enabledWorkflows":[]},"_links":{"self":[{"href":"https:\/\/regiaonews.net.br\/2022\/wp-json\/wp\/v2\/posts\/97825","targetHints":{"allow":["GET"]}}],"collection":[{"href":"https:\/\/regiaonews.net.br\/2022\/wp-json\/wp\/v2\/posts"}],"about":[{"href":"https:\/\/regiaonews.net.br\/2022\/wp-json\/wp\/v2\/types\/post"}],"author":[{"embeddable":true,"href":"https:\/\/regiaonews.net.br\/2022\/wp-json\/wp\/v2\/users\/2"}],"replies":[{"embeddable":true,"href":"https:\/\/regiaonews.net.br\/2022\/wp-json\/wp\/v2\/comments?post=97825"}],"version-history":[{"count":1,"href":"https:\/\/regiaonews.net.br\/2022\/wp-json\/wp\/v2\/posts\/97825\/revisions"}],"predecessor-version":[{"id":97827,"href":"https:\/\/regiaonews.net.br\/2022\/wp-json\/wp\/v2\/posts\/97825\/revisions\/97827"}],"wp:featuredmedia":[{"embeddable":true,"href":"https:\/\/regiaonews.net.br\/2022\/wp-json\/wp\/v2\/media\/97826"}],"wp:attachment":[{"href":"https:\/\/regiaonews.net.br\/2022\/wp-json\/wp\/v2\/media?parent=97825"}],"wp:term":[{"taxonomy":"category","embeddable":true,"href":"https:\/\/regiaonews.net.br\/2022\/wp-json\/wp\/v2\/categories?post=97825"},{"taxonomy":"post_tag","embeddable":true,"href":"https:\/\/regiaonews.net.br\/2022\/wp-json\/wp\/v2\/tags?post=97825"}],"curies":[{"name":"wp","href":"https:\/\/api.w.org\/{rel}","templated":true}]}}