{"id":97819,"date":"2023-11-16T19:44:01","date_gmt":"2023-11-16T22:44:01","guid":{"rendered":"https:\/\/regiaonews.net.br\/2022\/?p=97819"},"modified":"2023-11-16T19:44:01","modified_gmt":"2023-11-16T22:44:01","slug":"espetaculo-cenas-urbanas-movimenta-teatro-cine-barretos","status":"publish","type":"post","link":"https:\/\/regiaonews.net.br\/2022\/2023\/11\/16\/espetaculo-cenas-urbanas-movimenta-teatro-cine-barretos\/","title":{"rendered":"Espet\u00e1culo &#8220;Cenas Urbanas&#8221; movimenta Teatro Cine Barretos"},"content":{"rendered":"<p>Montagem integra o 21\u00ba Festival \u201cCemart mostra sua arte\u201d; segunda sess\u00e3o est\u00e1 marcada para domingo, 19 de novembro, \u00e0s 19h30<\/p>\n<p>Aplausos empolgados e muita emo\u00e7\u00e3o marcaram o espet\u00e1culo \u201cCenas Urbanas\u201d, das turmas juvenil e adulto do N\u00facleo de Dan\u00e7a do Centro Municipal de Artes \u201cBezerra de Menezes\u201d (Cemart). As apresenta\u00e7\u00f5es ocorreram na quarta-feira, 15 de novembro, no Centro Cultural \u201cOs\u00f3rio Falleiros da Rocha\u201d \u2013 Teatro Cine Barretos. A segunda sess\u00e3o est\u00e1 marcada para domingo, 19 de dezembro \u00e0s 19h30, tamb\u00e9m com entrada gratuita e arrecada\u00e7\u00e3o solid\u00e1ria de alimentos para o Fundo Social de Solidariedade.<br \/>\nRealizado pela Prefeitura da Est\u00e2ncia Tur\u00edstica de Barretos, por meio da Secretaria Municipal de Cultura, o evento e integra a programa\u00e7\u00e3o do 21\u00ba Festival \u201cCemart mostra sua arte\u201d. Para o secret\u00e1rio municipal de cultura, Rog\u00e9rio Teod\u00f3sio, o espet\u00e1culo \u00e9 para ser apreciado por toda a popula\u00e7\u00e3o. \u201cCenas Urbanas \u00e9 mais um grandioso trabalho, criado a partir de muita t\u00e9cnica e talento. Apreciem sem modera\u00e7\u00e3o\u201d, concluiu.<br \/>\nAs coreografias s\u00e3o assinadas pelos professores do Cemart, com participa\u00e7\u00e3o o dan\u00e7arino Guilherme Camassuti em uma coreografia, e s\u00e3o apresentadas pelos alunos dos cursos de Jazz, Contempor\u00e2neo, Ballet Adulto, Teatro Musical e Sapateado. As montagens, organizadas em estrutura de micro contos que recortam a realidade, partindo da subjetividade de cada criador, proporcionaram momentos de alegria, perturba\u00e7\u00e3o, emo\u00e7\u00e3o e encantamento.<br \/>\nO bailarino Gabriel Oliveira Amorim dan\u00e7a h\u00e1 12 anos, j\u00e1 foi destaque nacional Promodan\u00e7a e falou da experi\u00eancia em Cenas Urbanas. \u201cFoi muito bom dan\u00e7ar. Tirando o nervosismo da estreia, foi muito bom estar aqui. Eu fa\u00e7o aula com o Jos\u00e9 Luiz e adoro participar das apresenta\u00e7\u00f5es do N\u00facleo de Dan\u00e7a do Cemart\u201d, disse.<br \/>\nMaria Clara Teodoro de Oliveira Lima teve destaque na coreografia \u201cSerenata ao luar\u201d. Ela disse que gostou do processo de ensaios do espet\u00e1culo e que a experi\u00eancia foi enriquecedora. \u201cTivemos v\u00e1rios ensaios e nos dividimos em v\u00e1rios grupos e hor\u00e1rios, depois nos juntamos e aconteceu este espet\u00e1culo maravilhoso. Tudo isso foi \u00f3timo. Eu dan\u00e7o h\u00e1 12 anos e hoje estou muito feliz, empolgada e orgulhosa de ver onde consigo chegar\u201d, contou.<br \/>\nDaniela Teodoro Oliveira, m\u00e3e da Maria Clara, ressaltou a import\u00e2ncia dos pais no desenvolvimento art\u00edstico e cultural dos jovens. \u201c\u00c9 um orgulho. Quanto mais ela cresce, agora fazendo papel principal, mais sinto que \u00e9 importante o nosso apoio\u201d, explicou.<br \/>\nJos\u00e9 Carlos Lima, pai da Maria Clara, se emocionou ao ver a filha no papel principal e resumiu: \u201cEu disse que n\u00e3o ia dar conta de falar. \u00c9 lindo. Criamos filhos para voar\u201d.<br \/>\nAna Maria Mariano, coordenadora do N\u00facleo de Dan\u00e7a, destacou a import\u00e2ncia da Escola de Forma\u00e7\u00e3o do N\u00facleo de Dan\u00e7a para a forma\u00e7\u00e3o de bailarinos e dan\u00e7arinos. \u201cA estrutura em Escola de Forma\u00e7\u00e3o \u00e9 fundamental para o desenvolvimento e crescimento dos bailarinos. Mais uma vez fomos surpreendidos com o desempenho dos nossos alunos e ficamos orgulhosos e felizes\u201d, disse.<br \/>\nO espet\u00e1culo \u00e9 composto pelas coreografias Gatos da Madrugada, Sala de Espelhos, Patricinhas e Serenata ao Luar, de Jos\u00e9 Luiz Sihea; Frames, Ladies Night e Night Fever, de Joyce Camassuti; Amanhecer, de Ana Maria Mariano; Hora do Rush, Intervalos e Fl\u00e2neur, de Helena Baptista; Quando o rel\u00f3gio bate 18h, de Carolina Ribeiro; O vendedor de Sonhos, de Guilherme Camassuti; e Estudantes, de Carolina Ribeiro e Joyce Camassuti.<\/p>\n","protected":false},"excerpt":{"rendered":"<p>Montagem integra o 21\u00ba Festival \u201cCemart mostra sua arte\u201d; segunda<\/p>\n","protected":false},"author":2,"featured_media":97820,"comment_status":"open","ping_status":"open","sticky":false,"template":"","format":"standard","meta":{"footnotes":""},"categories":[14,25],"tags":[],"class_list":["post-97819","post","type-post","status-publish","format-standard","has-post-thumbnail","hentry","category-barretos","category-cidades"],"yoast_head":"<!-- This site is optimized with the Yoast SEO plugin v27.4 - https:\/\/yoast.com\/product\/yoast-seo-wordpress\/ -->\n<title>Espet\u00e1culo &quot;Cenas Urbanas&quot; movimenta Teatro Cine Barretos - Regi\u00e3o News<\/title>\n<meta name=\"robots\" content=\"index, follow, max-snippet:-1, max-image-preview:large, max-video-preview:-1\" \/>\n<link rel=\"canonical\" href=\"https:\/\/regiaonews.net.br\/2022\/2023\/11\/16\/espetaculo-cenas-urbanas-movimenta-teatro-cine-barretos\/\" \/>\n<meta property=\"og:locale\" content=\"pt_BR\" \/>\n<meta property=\"og:type\" content=\"article\" \/>\n<meta property=\"og:title\" content=\"Espet\u00e1culo &quot;Cenas Urbanas&quot; movimenta Teatro Cine Barretos - Regi\u00e3o News\" \/>\n<meta property=\"og:description\" content=\"Montagem integra o 21\u00ba Festival \u201cCemart mostra sua arte\u201d; segunda\" \/>\n<meta property=\"og:url\" content=\"https:\/\/regiaonews.net.br\/2022\/2023\/11\/16\/espetaculo-cenas-urbanas-movimenta-teatro-cine-barretos\/\" \/>\n<meta property=\"og:site_name\" content=\"Regi\u00e3o News\" \/>\n<meta property=\"article:published_time\" content=\"2023-11-16T22:44:01+00:00\" \/>\n<meta property=\"og:image\" content=\"https:\/\/regiaonews.net.br\/2022\/wp-content\/uploads\/2023\/11\/WhatsApp-Image-2023-11-16-at-17.47.47.jpeg\" \/>\n\t<meta property=\"og:image:width\" content=\"1600\" \/>\n\t<meta property=\"og:image:height\" content=\"900\" \/>\n\t<meta property=\"og:image:type\" content=\"image\/jpeg\" \/>\n<meta name=\"author\" content=\"Roberto\" \/>\n<meta name=\"twitter:card\" content=\"summary_large_image\" \/>\n<meta name=\"twitter:label1\" content=\"Escrito por\" \/>\n\t<meta name=\"twitter:data1\" content=\"Roberto\" \/>\n\t<meta name=\"twitter:label2\" content=\"Est. tempo de leitura\" \/>\n\t<meta name=\"twitter:data2\" content=\"3 minutos\" \/>\n<script type=\"application\/ld+json\" class=\"yoast-schema-graph\">{\"@context\":\"https:\\\/\\\/schema.org\",\"@graph\":[{\"@type\":\"Article\",\"@id\":\"https:\\\/\\\/regiaonews.net.br\\\/2022\\\/2023\\\/11\\\/16\\\/espetaculo-cenas-urbanas-movimenta-teatro-cine-barretos\\\/#article\",\"isPartOf\":{\"@id\":\"https:\\\/\\\/regiaonews.net.br\\\/2022\\\/2023\\\/11\\\/16\\\/espetaculo-cenas-urbanas-movimenta-teatro-cine-barretos\\\/\"},\"author\":{\"name\":\"Roberto\",\"@id\":\"https:\\\/\\\/regiaonews.net.br\\\/2022\\\/#\\\/schema\\\/person\\\/2d205a608a5aa97ac279d7a5e6d89ad8\"},\"headline\":\"Espet\u00e1culo &#8220;Cenas Urbanas&#8221; movimenta Teatro Cine Barretos\",\"datePublished\":\"2023-11-16T22:44:01+00:00\",\"mainEntityOfPage\":{\"@id\":\"https:\\\/\\\/regiaonews.net.br\\\/2022\\\/2023\\\/11\\\/16\\\/espetaculo-cenas-urbanas-movimenta-teatro-cine-barretos\\\/\"},\"wordCount\":592,\"commentCount\":0,\"publisher\":{\"@id\":\"https:\\\/\\\/regiaonews.net.br\\\/2022\\\/#organization\"},\"image\":{\"@id\":\"https:\\\/\\\/regiaonews.net.br\\\/2022\\\/2023\\\/11\\\/16\\\/espetaculo-cenas-urbanas-movimenta-teatro-cine-barretos\\\/#primaryimage\"},\"thumbnailUrl\":\"https:\\\/\\\/regiaonews.net.br\\\/2022\\\/wp-content\\\/uploads\\\/2023\\\/11\\\/WhatsApp-Image-2023-11-16-at-17.47.47.jpeg\",\"articleSection\":[\"Barretos\",\"Cidades\"],\"inLanguage\":\"pt-BR\",\"potentialAction\":[{\"@type\":\"CommentAction\",\"name\":\"Comment\",\"target\":[\"https:\\\/\\\/regiaonews.net.br\\\/2022\\\/2023\\\/11\\\/16\\\/espetaculo-cenas-urbanas-movimenta-teatro-cine-barretos\\\/#respond\"]}]},{\"@type\":\"WebPage\",\"@id\":\"https:\\\/\\\/regiaonews.net.br\\\/2022\\\/2023\\\/11\\\/16\\\/espetaculo-cenas-urbanas-movimenta-teatro-cine-barretos\\\/\",\"url\":\"https:\\\/\\\/regiaonews.net.br\\\/2022\\\/2023\\\/11\\\/16\\\/espetaculo-cenas-urbanas-movimenta-teatro-cine-barretos\\\/\",\"name\":\"Espet\u00e1culo \\\"Cenas Urbanas\\\" movimenta Teatro Cine Barretos - Regi\u00e3o News\",\"isPartOf\":{\"@id\":\"https:\\\/\\\/regiaonews.net.br\\\/2022\\\/#website\"},\"primaryImageOfPage\":{\"@id\":\"https:\\\/\\\/regiaonews.net.br\\\/2022\\\/2023\\\/11\\\/16\\\/espetaculo-cenas-urbanas-movimenta-teatro-cine-barretos\\\/#primaryimage\"},\"image\":{\"@id\":\"https:\\\/\\\/regiaonews.net.br\\\/2022\\\/2023\\\/11\\\/16\\\/espetaculo-cenas-urbanas-movimenta-teatro-cine-barretos\\\/#primaryimage\"},\"thumbnailUrl\":\"https:\\\/\\\/regiaonews.net.br\\\/2022\\\/wp-content\\\/uploads\\\/2023\\\/11\\\/WhatsApp-Image-2023-11-16-at-17.47.47.jpeg\",\"datePublished\":\"2023-11-16T22:44:01+00:00\",\"breadcrumb\":{\"@id\":\"https:\\\/\\\/regiaonews.net.br\\\/2022\\\/2023\\\/11\\\/16\\\/espetaculo-cenas-urbanas-movimenta-teatro-cine-barretos\\\/#breadcrumb\"},\"inLanguage\":\"pt-BR\",\"potentialAction\":[{\"@type\":\"ReadAction\",\"target\":[\"https:\\\/\\\/regiaonews.net.br\\\/2022\\\/2023\\\/11\\\/16\\\/espetaculo-cenas-urbanas-movimenta-teatro-cine-barretos\\\/\"]}]},{\"@type\":\"ImageObject\",\"inLanguage\":\"pt-BR\",\"@id\":\"https:\\\/\\\/regiaonews.net.br\\\/2022\\\/2023\\\/11\\\/16\\\/espetaculo-cenas-urbanas-movimenta-teatro-cine-barretos\\\/#primaryimage\",\"url\":\"https:\\\/\\\/regiaonews.net.br\\\/2022\\\/wp-content\\\/uploads\\\/2023\\\/11\\\/WhatsApp-Image-2023-11-16-at-17.47.47.jpeg\",\"contentUrl\":\"https:\\\/\\\/regiaonews.net.br\\\/2022\\\/wp-content\\\/uploads\\\/2023\\\/11\\\/WhatsApp-Image-2023-11-16-at-17.47.47.jpeg\",\"width\":1600,\"height\":900},{\"@type\":\"BreadcrumbList\",\"@id\":\"https:\\\/\\\/regiaonews.net.br\\\/2022\\\/2023\\\/11\\\/16\\\/espetaculo-cenas-urbanas-movimenta-teatro-cine-barretos\\\/#breadcrumb\",\"itemListElement\":[{\"@type\":\"ListItem\",\"position\":1,\"name\":\"In\u00edcio\",\"item\":\"https:\\\/\\\/regiaonews.net.br\\\/2022\\\/\"},{\"@type\":\"ListItem\",\"position\":2,\"name\":\"Espet\u00e1culo &#8220;Cenas Urbanas&#8221; movimenta Teatro Cine Barretos\"}]},{\"@type\":\"WebSite\",\"@id\":\"https:\\\/\\\/regiaonews.net.br\\\/2022\\\/#website\",\"url\":\"https:\\\/\\\/regiaonews.net.br\\\/2022\\\/\",\"name\":\"Regi\u00e3o News\",\"description\":\"Site de Not\u00edcias de Barretos e regi\u00e3o\",\"publisher\":{\"@id\":\"https:\\\/\\\/regiaonews.net.br\\\/2022\\\/#organization\"},\"potentialAction\":[{\"@type\":\"SearchAction\",\"target\":{\"@type\":\"EntryPoint\",\"urlTemplate\":\"https:\\\/\\\/regiaonews.net.br\\\/2022\\\/?s={search_term_string}\"},\"query-input\":{\"@type\":\"PropertyValueSpecification\",\"valueRequired\":true,\"valueName\":\"search_term_string\"}}],\"inLanguage\":\"pt-BR\"},{\"@type\":\"Organization\",\"@id\":\"https:\\\/\\\/regiaonews.net.br\\\/2022\\\/#organization\",\"name\":\"Regi\u00e3o News\",\"url\":\"https:\\\/\\\/regiaonews.net.br\\\/2022\\\/\",\"logo\":{\"@type\":\"ImageObject\",\"inLanguage\":\"pt-BR\",\"@id\":\"https:\\\/\\\/regiaonews.net.br\\\/2022\\\/#\\\/schema\\\/logo\\\/image\\\/\",\"url\":\"https:\\\/\\\/regiaonews.net.br\\\/2022\\\/wp-content\\\/uploads\\\/2026\\\/03\\\/regiao-13-anos-scaled.jpg\",\"contentUrl\":\"https:\\\/\\\/regiaonews.net.br\\\/2022\\\/wp-content\\\/uploads\\\/2026\\\/03\\\/regiao-13-anos-scaled.jpg\",\"width\":2560,\"height\":635,\"caption\":\"Regi\u00e3o News\"},\"image\":{\"@id\":\"https:\\\/\\\/regiaonews.net.br\\\/2022\\\/#\\\/schema\\\/logo\\\/image\\\/\"}},{\"@type\":\"Person\",\"@id\":\"https:\\\/\\\/regiaonews.net.br\\\/2022\\\/#\\\/schema\\\/person\\\/2d205a608a5aa97ac279d7a5e6d89ad8\",\"name\":\"Roberto\",\"image\":{\"@type\":\"ImageObject\",\"inLanguage\":\"pt-BR\",\"@id\":\"https:\\\/\\\/secure.gravatar.com\\\/avatar\\\/42749d8b712ff9d59ca93dc150494e5b55a44134482993f5baeb97e61b7ecc89?s=96&d=mm&r=g\",\"url\":\"https:\\\/\\\/secure.gravatar.com\\\/avatar\\\/42749d8b712ff9d59ca93dc150494e5b55a44134482993f5baeb97e61b7ecc89?s=96&d=mm&r=g\",\"contentUrl\":\"https:\\\/\\\/secure.gravatar.com\\\/avatar\\\/42749d8b712ff9d59ca93dc150494e5b55a44134482993f5baeb97e61b7ecc89?s=96&d=mm&r=g\",\"caption\":\"Roberto\"},\"url\":\"https:\\\/\\\/regiaonews.net.br\\\/2022\\\/author\\\/roberto\\\/\"}]}<\/script>\n<!-- \/ Yoast SEO plugin. -->","yoast_head_json":{"title":"Espet\u00e1culo \"Cenas Urbanas\" movimenta Teatro Cine Barretos - Regi\u00e3o News","robots":{"index":"index","follow":"follow","max-snippet":"max-snippet:-1","max-image-preview":"max-image-preview:large","max-video-preview":"max-video-preview:-1"},"canonical":"https:\/\/regiaonews.net.br\/2022\/2023\/11\/16\/espetaculo-cenas-urbanas-movimenta-teatro-cine-barretos\/","og_locale":"pt_BR","og_type":"article","og_title":"Espet\u00e1culo \"Cenas Urbanas\" movimenta Teatro Cine Barretos - Regi\u00e3o News","og_description":"Montagem integra o 21\u00ba Festival \u201cCemart mostra sua arte\u201d; segunda","og_url":"https:\/\/regiaonews.net.br\/2022\/2023\/11\/16\/espetaculo-cenas-urbanas-movimenta-teatro-cine-barretos\/","og_site_name":"Regi\u00e3o News","article_published_time":"2023-11-16T22:44:01+00:00","og_image":[{"width":1600,"height":900,"url":"https:\/\/regiaonews.net.br\/2022\/wp-content\/uploads\/2023\/11\/WhatsApp-Image-2023-11-16-at-17.47.47.jpeg","type":"image\/jpeg"}],"author":"Roberto","twitter_card":"summary_large_image","twitter_misc":{"Escrito por":"Roberto","Est. tempo de leitura":"3 minutos"},"schema":{"@context":"https:\/\/schema.org","@graph":[{"@type":"Article","@id":"https:\/\/regiaonews.net.br\/2022\/2023\/11\/16\/espetaculo-cenas-urbanas-movimenta-teatro-cine-barretos\/#article","isPartOf":{"@id":"https:\/\/regiaonews.net.br\/2022\/2023\/11\/16\/espetaculo-cenas-urbanas-movimenta-teatro-cine-barretos\/"},"author":{"name":"Roberto","@id":"https:\/\/regiaonews.net.br\/2022\/#\/schema\/person\/2d205a608a5aa97ac279d7a5e6d89ad8"},"headline":"Espet\u00e1culo &#8220;Cenas Urbanas&#8221; movimenta Teatro Cine Barretos","datePublished":"2023-11-16T22:44:01+00:00","mainEntityOfPage":{"@id":"https:\/\/regiaonews.net.br\/2022\/2023\/11\/16\/espetaculo-cenas-urbanas-movimenta-teatro-cine-barretos\/"},"wordCount":592,"commentCount":0,"publisher":{"@id":"https:\/\/regiaonews.net.br\/2022\/#organization"},"image":{"@id":"https:\/\/regiaonews.net.br\/2022\/2023\/11\/16\/espetaculo-cenas-urbanas-movimenta-teatro-cine-barretos\/#primaryimage"},"thumbnailUrl":"https:\/\/regiaonews.net.br\/2022\/wp-content\/uploads\/2023\/11\/WhatsApp-Image-2023-11-16-at-17.47.47.jpeg","articleSection":["Barretos","Cidades"],"inLanguage":"pt-BR","potentialAction":[{"@type":"CommentAction","name":"Comment","target":["https:\/\/regiaonews.net.br\/2022\/2023\/11\/16\/espetaculo-cenas-urbanas-movimenta-teatro-cine-barretos\/#respond"]}]},{"@type":"WebPage","@id":"https:\/\/regiaonews.net.br\/2022\/2023\/11\/16\/espetaculo-cenas-urbanas-movimenta-teatro-cine-barretos\/","url":"https:\/\/regiaonews.net.br\/2022\/2023\/11\/16\/espetaculo-cenas-urbanas-movimenta-teatro-cine-barretos\/","name":"Espet\u00e1culo \"Cenas Urbanas\" movimenta Teatro Cine Barretos - Regi\u00e3o News","isPartOf":{"@id":"https:\/\/regiaonews.net.br\/2022\/#website"},"primaryImageOfPage":{"@id":"https:\/\/regiaonews.net.br\/2022\/2023\/11\/16\/espetaculo-cenas-urbanas-movimenta-teatro-cine-barretos\/#primaryimage"},"image":{"@id":"https:\/\/regiaonews.net.br\/2022\/2023\/11\/16\/espetaculo-cenas-urbanas-movimenta-teatro-cine-barretos\/#primaryimage"},"thumbnailUrl":"https:\/\/regiaonews.net.br\/2022\/wp-content\/uploads\/2023\/11\/WhatsApp-Image-2023-11-16-at-17.47.47.jpeg","datePublished":"2023-11-16T22:44:01+00:00","breadcrumb":{"@id":"https:\/\/regiaonews.net.br\/2022\/2023\/11\/16\/espetaculo-cenas-urbanas-movimenta-teatro-cine-barretos\/#breadcrumb"},"inLanguage":"pt-BR","potentialAction":[{"@type":"ReadAction","target":["https:\/\/regiaonews.net.br\/2022\/2023\/11\/16\/espetaculo-cenas-urbanas-movimenta-teatro-cine-barretos\/"]}]},{"@type":"ImageObject","inLanguage":"pt-BR","@id":"https:\/\/regiaonews.net.br\/2022\/2023\/11\/16\/espetaculo-cenas-urbanas-movimenta-teatro-cine-barretos\/#primaryimage","url":"https:\/\/regiaonews.net.br\/2022\/wp-content\/uploads\/2023\/11\/WhatsApp-Image-2023-11-16-at-17.47.47.jpeg","contentUrl":"https:\/\/regiaonews.net.br\/2022\/wp-content\/uploads\/2023\/11\/WhatsApp-Image-2023-11-16-at-17.47.47.jpeg","width":1600,"height":900},{"@type":"BreadcrumbList","@id":"https:\/\/regiaonews.net.br\/2022\/2023\/11\/16\/espetaculo-cenas-urbanas-movimenta-teatro-cine-barretos\/#breadcrumb","itemListElement":[{"@type":"ListItem","position":1,"name":"In\u00edcio","item":"https:\/\/regiaonews.net.br\/2022\/"},{"@type":"ListItem","position":2,"name":"Espet\u00e1culo &#8220;Cenas Urbanas&#8221; movimenta Teatro Cine Barretos"}]},{"@type":"WebSite","@id":"https:\/\/regiaonews.net.br\/2022\/#website","url":"https:\/\/regiaonews.net.br\/2022\/","name":"Regi\u00e3o News","description":"Site de Not\u00edcias de Barretos e regi\u00e3o","publisher":{"@id":"https:\/\/regiaonews.net.br\/2022\/#organization"},"potentialAction":[{"@type":"SearchAction","target":{"@type":"EntryPoint","urlTemplate":"https:\/\/regiaonews.net.br\/2022\/?s={search_term_string}"},"query-input":{"@type":"PropertyValueSpecification","valueRequired":true,"valueName":"search_term_string"}}],"inLanguage":"pt-BR"},{"@type":"Organization","@id":"https:\/\/regiaonews.net.br\/2022\/#organization","name":"Regi\u00e3o News","url":"https:\/\/regiaonews.net.br\/2022\/","logo":{"@type":"ImageObject","inLanguage":"pt-BR","@id":"https:\/\/regiaonews.net.br\/2022\/#\/schema\/logo\/image\/","url":"https:\/\/regiaonews.net.br\/2022\/wp-content\/uploads\/2026\/03\/regiao-13-anos-scaled.jpg","contentUrl":"https:\/\/regiaonews.net.br\/2022\/wp-content\/uploads\/2026\/03\/regiao-13-anos-scaled.jpg","width":2560,"height":635,"caption":"Regi\u00e3o News"},"image":{"@id":"https:\/\/regiaonews.net.br\/2022\/#\/schema\/logo\/image\/"}},{"@type":"Person","@id":"https:\/\/regiaonews.net.br\/2022\/#\/schema\/person\/2d205a608a5aa97ac279d7a5e6d89ad8","name":"Roberto","image":{"@type":"ImageObject","inLanguage":"pt-BR","@id":"https:\/\/secure.gravatar.com\/avatar\/42749d8b712ff9d59ca93dc150494e5b55a44134482993f5baeb97e61b7ecc89?s=96&d=mm&r=g","url":"https:\/\/secure.gravatar.com\/avatar\/42749d8b712ff9d59ca93dc150494e5b55a44134482993f5baeb97e61b7ecc89?s=96&d=mm&r=g","contentUrl":"https:\/\/secure.gravatar.com\/avatar\/42749d8b712ff9d59ca93dc150494e5b55a44134482993f5baeb97e61b7ecc89?s=96&d=mm&r=g","caption":"Roberto"},"url":"https:\/\/regiaonews.net.br\/2022\/author\/roberto\/"}]}},"publishpress_future_action":{"enabled":false,"date":"2026-05-04 13:31:44","action":"change-status","newStatus":"draft","terms":[],"taxonomy":"category","extraData":[]},"publishpress_future_workflow_manual_trigger":{"enabledWorkflows":[]},"_links":{"self":[{"href":"https:\/\/regiaonews.net.br\/2022\/wp-json\/wp\/v2\/posts\/97819","targetHints":{"allow":["GET"]}}],"collection":[{"href":"https:\/\/regiaonews.net.br\/2022\/wp-json\/wp\/v2\/posts"}],"about":[{"href":"https:\/\/regiaonews.net.br\/2022\/wp-json\/wp\/v2\/types\/post"}],"author":[{"embeddable":true,"href":"https:\/\/regiaonews.net.br\/2022\/wp-json\/wp\/v2\/users\/2"}],"replies":[{"embeddable":true,"href":"https:\/\/regiaonews.net.br\/2022\/wp-json\/wp\/v2\/comments?post=97819"}],"version-history":[{"count":1,"href":"https:\/\/regiaonews.net.br\/2022\/wp-json\/wp\/v2\/posts\/97819\/revisions"}],"predecessor-version":[{"id":97821,"href":"https:\/\/regiaonews.net.br\/2022\/wp-json\/wp\/v2\/posts\/97819\/revisions\/97821"}],"wp:featuredmedia":[{"embeddable":true,"href":"https:\/\/regiaonews.net.br\/2022\/wp-json\/wp\/v2\/media\/97820"}],"wp:attachment":[{"href":"https:\/\/regiaonews.net.br\/2022\/wp-json\/wp\/v2\/media?parent=97819"}],"wp:term":[{"taxonomy":"category","embeddable":true,"href":"https:\/\/regiaonews.net.br\/2022\/wp-json\/wp\/v2\/categories?post=97819"},{"taxonomy":"post_tag","embeddable":true,"href":"https:\/\/regiaonews.net.br\/2022\/wp-json\/wp\/v2\/tags?post=97819"}],"curies":[{"name":"wp","href":"https:\/\/api.w.org\/{rel}","templated":true}]}}