{"id":97793,"date":"2023-11-15T15:42:00","date_gmt":"2023-11-15T18:42:00","guid":{"rendered":"https:\/\/regiaonews.net.br\/2022\/?p=97793"},"modified":"2023-11-15T15:42:00","modified_gmt":"2023-11-15T18:42:00","slug":"tecnico-do-brasil-destaca-dificuldades-diante-da-colombia","status":"publish","type":"post","link":"https:\/\/regiaonews.net.br\/2022\/2023\/11\/15\/tecnico-do-brasil-destaca-dificuldades-diante-da-colombia\/","title":{"rendered":"T\u00e9cnico do Brasil destaca dificuldades diante da Col\u00f4mbia"},"content":{"rendered":"<header class=\"page-header compact yellow selecao\">\n<div class=\"page-header-content\">\n<nav class=\"page-header-menu\">\n<div>\n<form class=\"page-header-search\" style=\"padding-left: 40px;\" action=\"https:\/\/www.cbf.com.br\/busca\/selecao-brasileira\">Fernando Diniz durante entrevista coletiva nesta quarta-feira (15) na Granja Comary ( C<i>r\u00e9ditos: Joilson Marconne \/ CBF)<\/i><\/form>\n<\/div>\n<\/nav>\n<\/div>\n<\/header>\n<p><main id=\"menu-panel\" class=\"page-main slideout-panel slideout-panel-left\"><\/p>\n<article class=\"article m-t-40\">\n<div class=\"container m-b-100\">\n<div id=\"show-content\" class=\"col-md-9 center-block\">\n<div class=\"row\">\n<div class=\"article-content\">\n<div class=\"article-inner-content\">\n<p>Para o jogo desta quinta-feira (16), contra a Col\u00f4mbia, em Barranquilla, pelas Eliminat\u00f3rias do Mundial de 2026, o t\u00e9cnico Fernando Diniz afirma que a Sele\u00e7\u00e3o Brasileira vai ter que superar algumas adversidades. Ele citou tr\u00eas delas.<\/p>\n<p>\u201cJogar em Barranquilla \u00e9 sempre dif\u00edcil: vamos enfrentar muito calor, apoio maci\u00e7o da torcida e, al\u00e9m disso, a for\u00e7a do futebol colombiano, que tem uma sele\u00e7\u00e3o muito boa\u201d, disse, durante entrevista nesta quarta-feira, na Granja Comary, em Teres\u00f3polis (RJ), pouco antes do embarque da delega\u00e7\u00e3o.<\/p>\n<p>Diniz, no entanto, afirmou que sua equipe est\u00e1 preparada para lidar com esses obst\u00e1culos. Muito elegante, ele elogiou o advers\u00e1rio desta quinta-feira, ressaltando que a sele\u00e7\u00e3o da Col\u00f4mbia vem conquistando prest\u00edgio internacional a cada ano.<\/p>\n<p>\u201cA Col\u00f4mbia tem uma sele\u00e7\u00e3o que ganhou muita proje\u00e7\u00e3o no cen\u00e1rio mundial nos \u00faltimos 20, 30 anos, e se tornou um dos rivais mais dif\u00edceis na Am\u00e9rica do Sul. \u00c9 muito bem treinada e tem pontuado bem nas eliminat\u00f3rias. Joga com muita competitividade.\u201d<\/p>\n<p>Em pouco menos de 30 minutos de conversa com jornalistas no centro de treinamento da CBF, Fernando Diniz teve de responder a v\u00e1rias perguntas sobre a presen\u00e7a do jovem atacante Endrick na Sele\u00e7\u00e3o. O t\u00e9cnico falou sobre o potencial do jogador e defendeu que o processo de amadurecimento de Endrick seja feito sem atropelos.<\/p>\n<p>\u201c\u00c9 um jogador muito especial, o que ele produz com 17 anos j\u00e1 abre margem para uma proje\u00e7\u00e3o de um futuro brilhante. \u00c9 preciso baixar um pouco a expectativa sobre ele. Que ele n\u00e3o se sinta pressionado. O melhor a fazer agora \u00e9 dar seguran\u00e7a ao Endrick para que n\u00e3o se sinta sobrecarregado. Temos que tirar dele essa carga e deix\u00e1-lo mais robusto emocionalmente para enfrentar os desafios da carreira.\u201d<\/p>\n<\/div>\n<\/div>\n<\/div>\n<\/div>\n<\/div>\n<\/article>\n<p><\/main><\/p>\n","protected":false},"excerpt":{"rendered":"<p>Fernando Diniz durante entrevista coletiva nesta quarta-feira (15) na Granja<\/p>\n","protected":false},"author":2,"featured_media":97794,"comment_status":"open","ping_status":"open","sticky":false,"template":"","format":"standard","meta":{"footnotes":""},"categories":[188,21],"tags":[],"class_list":["post-97793","post","type-post","status-publish","format-standard","has-post-thumbnail","hentry","category-eliminatorias","category-esporte"],"yoast_head":"<!-- This site is optimized with the Yoast SEO plugin v27.4 - https:\/\/yoast.com\/product\/yoast-seo-wordpress\/ -->\n<title>T\u00e9cnico do Brasil destaca dificuldades diante da Col\u00f4mbia - Regi\u00e3o News<\/title>\n<meta name=\"robots\" content=\"index, follow, max-snippet:-1, max-image-preview:large, max-video-preview:-1\" \/>\n<link rel=\"canonical\" href=\"https:\/\/regiaonews.net.br\/2022\/2023\/11\/15\/tecnico-do-brasil-destaca-dificuldades-diante-da-colombia\/\" \/>\n<meta property=\"og:locale\" content=\"pt_BR\" \/>\n<meta property=\"og:type\" content=\"article\" \/>\n<meta property=\"og:title\" content=\"T\u00e9cnico do Brasil destaca dificuldades diante da Col\u00f4mbia - Regi\u00e3o News\" \/>\n<meta property=\"og:description\" content=\"Fernando Diniz durante entrevista coletiva nesta quarta-feira (15) na Granja\" \/>\n<meta property=\"og:url\" content=\"https:\/\/regiaonews.net.br\/2022\/2023\/11\/15\/tecnico-do-brasil-destaca-dificuldades-diante-da-colombia\/\" \/>\n<meta property=\"og:site_name\" content=\"Regi\u00e3o News\" \/>\n<meta property=\"article:published_time\" content=\"2023-11-15T18:42:00+00:00\" \/>\n<meta property=\"og:image\" content=\"https:\/\/regiaonews.net.br\/2022\/wp-content\/uploads\/2023\/11\/20231115115036_721.jpeg\" \/>\n\t<meta property=\"og:image:width\" content=\"910\" \/>\n\t<meta property=\"og:image:height\" content=\"534\" \/>\n\t<meta property=\"og:image:type\" content=\"image\/jpeg\" \/>\n<meta name=\"author\" content=\"Roberto\" \/>\n<meta name=\"twitter:card\" content=\"summary_large_image\" \/>\n<meta name=\"twitter:label1\" content=\"Escrito por\" \/>\n\t<meta name=\"twitter:data1\" content=\"Roberto\" \/>\n\t<meta name=\"twitter:label2\" content=\"Est. tempo de leitura\" \/>\n\t<meta name=\"twitter:data2\" content=\"2 minutos\" \/>\n<script type=\"application\/ld+json\" class=\"yoast-schema-graph\">{\"@context\":\"https:\\\/\\\/schema.org\",\"@graph\":[{\"@type\":\"Article\",\"@id\":\"https:\\\/\\\/regiaonews.net.br\\\/2022\\\/2023\\\/11\\\/15\\\/tecnico-do-brasil-destaca-dificuldades-diante-da-colombia\\\/#article\",\"isPartOf\":{\"@id\":\"https:\\\/\\\/regiaonews.net.br\\\/2022\\\/2023\\\/11\\\/15\\\/tecnico-do-brasil-destaca-dificuldades-diante-da-colombia\\\/\"},\"author\":{\"name\":\"Roberto\",\"@id\":\"https:\\\/\\\/regiaonews.net.br\\\/2022\\\/#\\\/schema\\\/person\\\/2d205a608a5aa97ac279d7a5e6d89ad8\"},\"headline\":\"T\u00e9cnico do Brasil destaca dificuldades diante da Col\u00f4mbia\",\"datePublished\":\"2023-11-15T18:42:00+00:00\",\"mainEntityOfPage\":{\"@id\":\"https:\\\/\\\/regiaonews.net.br\\\/2022\\\/2023\\\/11\\\/15\\\/tecnico-do-brasil-destaca-dificuldades-diante-da-colombia\\\/\"},\"wordCount\":330,\"commentCount\":0,\"publisher\":{\"@id\":\"https:\\\/\\\/regiaonews.net.br\\\/2022\\\/#organization\"},\"image\":{\"@id\":\"https:\\\/\\\/regiaonews.net.br\\\/2022\\\/2023\\\/11\\\/15\\\/tecnico-do-brasil-destaca-dificuldades-diante-da-colombia\\\/#primaryimage\"},\"thumbnailUrl\":\"https:\\\/\\\/regiaonews.net.br\\\/2022\\\/wp-content\\\/uploads\\\/2023\\\/11\\\/20231115115036_721.jpeg\",\"articleSection\":[\"Eliminat\u00f3rias\",\"Esporte\"],\"inLanguage\":\"pt-BR\",\"potentialAction\":[{\"@type\":\"CommentAction\",\"name\":\"Comment\",\"target\":[\"https:\\\/\\\/regiaonews.net.br\\\/2022\\\/2023\\\/11\\\/15\\\/tecnico-do-brasil-destaca-dificuldades-diante-da-colombia\\\/#respond\"]}]},{\"@type\":\"WebPage\",\"@id\":\"https:\\\/\\\/regiaonews.net.br\\\/2022\\\/2023\\\/11\\\/15\\\/tecnico-do-brasil-destaca-dificuldades-diante-da-colombia\\\/\",\"url\":\"https:\\\/\\\/regiaonews.net.br\\\/2022\\\/2023\\\/11\\\/15\\\/tecnico-do-brasil-destaca-dificuldades-diante-da-colombia\\\/\",\"name\":\"T\u00e9cnico do Brasil destaca dificuldades diante da Col\u00f4mbia - Regi\u00e3o News\",\"isPartOf\":{\"@id\":\"https:\\\/\\\/regiaonews.net.br\\\/2022\\\/#website\"},\"primaryImageOfPage\":{\"@id\":\"https:\\\/\\\/regiaonews.net.br\\\/2022\\\/2023\\\/11\\\/15\\\/tecnico-do-brasil-destaca-dificuldades-diante-da-colombia\\\/#primaryimage\"},\"image\":{\"@id\":\"https:\\\/\\\/regiaonews.net.br\\\/2022\\\/2023\\\/11\\\/15\\\/tecnico-do-brasil-destaca-dificuldades-diante-da-colombia\\\/#primaryimage\"},\"thumbnailUrl\":\"https:\\\/\\\/regiaonews.net.br\\\/2022\\\/wp-content\\\/uploads\\\/2023\\\/11\\\/20231115115036_721.jpeg\",\"datePublished\":\"2023-11-15T18:42:00+00:00\",\"breadcrumb\":{\"@id\":\"https:\\\/\\\/regiaonews.net.br\\\/2022\\\/2023\\\/11\\\/15\\\/tecnico-do-brasil-destaca-dificuldades-diante-da-colombia\\\/#breadcrumb\"},\"inLanguage\":\"pt-BR\",\"potentialAction\":[{\"@type\":\"ReadAction\",\"target\":[\"https:\\\/\\\/regiaonews.net.br\\\/2022\\\/2023\\\/11\\\/15\\\/tecnico-do-brasil-destaca-dificuldades-diante-da-colombia\\\/\"]}]},{\"@type\":\"ImageObject\",\"inLanguage\":\"pt-BR\",\"@id\":\"https:\\\/\\\/regiaonews.net.br\\\/2022\\\/2023\\\/11\\\/15\\\/tecnico-do-brasil-destaca-dificuldades-diante-da-colombia\\\/#primaryimage\",\"url\":\"https:\\\/\\\/regiaonews.net.br\\\/2022\\\/wp-content\\\/uploads\\\/2023\\\/11\\\/20231115115036_721.jpeg\",\"contentUrl\":\"https:\\\/\\\/regiaonews.net.br\\\/2022\\\/wp-content\\\/uploads\\\/2023\\\/11\\\/20231115115036_721.jpeg\",\"width\":910,\"height\":534},{\"@type\":\"BreadcrumbList\",\"@id\":\"https:\\\/\\\/regiaonews.net.br\\\/2022\\\/2023\\\/11\\\/15\\\/tecnico-do-brasil-destaca-dificuldades-diante-da-colombia\\\/#breadcrumb\",\"itemListElement\":[{\"@type\":\"ListItem\",\"position\":1,\"name\":\"In\u00edcio\",\"item\":\"https:\\\/\\\/regiaonews.net.br\\\/2022\\\/\"},{\"@type\":\"ListItem\",\"position\":2,\"name\":\"T\u00e9cnico do Brasil destaca dificuldades diante da Col\u00f4mbia\"}]},{\"@type\":\"WebSite\",\"@id\":\"https:\\\/\\\/regiaonews.net.br\\\/2022\\\/#website\",\"url\":\"https:\\\/\\\/regiaonews.net.br\\\/2022\\\/\",\"name\":\"Regi\u00e3o News\",\"description\":\"Site de Not\u00edcias de Barretos e regi\u00e3o\",\"publisher\":{\"@id\":\"https:\\\/\\\/regiaonews.net.br\\\/2022\\\/#organization\"},\"potentialAction\":[{\"@type\":\"SearchAction\",\"target\":{\"@type\":\"EntryPoint\",\"urlTemplate\":\"https:\\\/\\\/regiaonews.net.br\\\/2022\\\/?s={search_term_string}\"},\"query-input\":{\"@type\":\"PropertyValueSpecification\",\"valueRequired\":true,\"valueName\":\"search_term_string\"}}],\"inLanguage\":\"pt-BR\"},{\"@type\":\"Organization\",\"@id\":\"https:\\\/\\\/regiaonews.net.br\\\/2022\\\/#organization\",\"name\":\"Regi\u00e3o News\",\"url\":\"https:\\\/\\\/regiaonews.net.br\\\/2022\\\/\",\"logo\":{\"@type\":\"ImageObject\",\"inLanguage\":\"pt-BR\",\"@id\":\"https:\\\/\\\/regiaonews.net.br\\\/2022\\\/#\\\/schema\\\/logo\\\/image\\\/\",\"url\":\"https:\\\/\\\/regiaonews.net.br\\\/2022\\\/wp-content\\\/uploads\\\/2026\\\/03\\\/regiao-13-anos-scaled.jpg\",\"contentUrl\":\"https:\\\/\\\/regiaonews.net.br\\\/2022\\\/wp-content\\\/uploads\\\/2026\\\/03\\\/regiao-13-anos-scaled.jpg\",\"width\":2560,\"height\":635,\"caption\":\"Regi\u00e3o News\"},\"image\":{\"@id\":\"https:\\\/\\\/regiaonews.net.br\\\/2022\\\/#\\\/schema\\\/logo\\\/image\\\/\"}},{\"@type\":\"Person\",\"@id\":\"https:\\\/\\\/regiaonews.net.br\\\/2022\\\/#\\\/schema\\\/person\\\/2d205a608a5aa97ac279d7a5e6d89ad8\",\"name\":\"Roberto\",\"image\":{\"@type\":\"ImageObject\",\"inLanguage\":\"pt-BR\",\"@id\":\"https:\\\/\\\/secure.gravatar.com\\\/avatar\\\/42749d8b712ff9d59ca93dc150494e5b55a44134482993f5baeb97e61b7ecc89?s=96&d=mm&r=g\",\"url\":\"https:\\\/\\\/secure.gravatar.com\\\/avatar\\\/42749d8b712ff9d59ca93dc150494e5b55a44134482993f5baeb97e61b7ecc89?s=96&d=mm&r=g\",\"contentUrl\":\"https:\\\/\\\/secure.gravatar.com\\\/avatar\\\/42749d8b712ff9d59ca93dc150494e5b55a44134482993f5baeb97e61b7ecc89?s=96&d=mm&r=g\",\"caption\":\"Roberto\"},\"url\":\"https:\\\/\\\/regiaonews.net.br\\\/2022\\\/author\\\/roberto\\\/\"}]}<\/script>\n<!-- \/ Yoast SEO plugin. -->","yoast_head_json":{"title":"T\u00e9cnico do Brasil destaca dificuldades diante da Col\u00f4mbia - Regi\u00e3o News","robots":{"index":"index","follow":"follow","max-snippet":"max-snippet:-1","max-image-preview":"max-image-preview:large","max-video-preview":"max-video-preview:-1"},"canonical":"https:\/\/regiaonews.net.br\/2022\/2023\/11\/15\/tecnico-do-brasil-destaca-dificuldades-diante-da-colombia\/","og_locale":"pt_BR","og_type":"article","og_title":"T\u00e9cnico do Brasil destaca dificuldades diante da Col\u00f4mbia - Regi\u00e3o News","og_description":"Fernando Diniz durante entrevista coletiva nesta quarta-feira (15) na Granja","og_url":"https:\/\/regiaonews.net.br\/2022\/2023\/11\/15\/tecnico-do-brasil-destaca-dificuldades-diante-da-colombia\/","og_site_name":"Regi\u00e3o News","article_published_time":"2023-11-15T18:42:00+00:00","og_image":[{"width":910,"height":534,"url":"https:\/\/regiaonews.net.br\/2022\/wp-content\/uploads\/2023\/11\/20231115115036_721.jpeg","type":"image\/jpeg"}],"author":"Roberto","twitter_card":"summary_large_image","twitter_misc":{"Escrito por":"Roberto","Est. tempo de leitura":"2 minutos"},"schema":{"@context":"https:\/\/schema.org","@graph":[{"@type":"Article","@id":"https:\/\/regiaonews.net.br\/2022\/2023\/11\/15\/tecnico-do-brasil-destaca-dificuldades-diante-da-colombia\/#article","isPartOf":{"@id":"https:\/\/regiaonews.net.br\/2022\/2023\/11\/15\/tecnico-do-brasil-destaca-dificuldades-diante-da-colombia\/"},"author":{"name":"Roberto","@id":"https:\/\/regiaonews.net.br\/2022\/#\/schema\/person\/2d205a608a5aa97ac279d7a5e6d89ad8"},"headline":"T\u00e9cnico do Brasil destaca dificuldades diante da Col\u00f4mbia","datePublished":"2023-11-15T18:42:00+00:00","mainEntityOfPage":{"@id":"https:\/\/regiaonews.net.br\/2022\/2023\/11\/15\/tecnico-do-brasil-destaca-dificuldades-diante-da-colombia\/"},"wordCount":330,"commentCount":0,"publisher":{"@id":"https:\/\/regiaonews.net.br\/2022\/#organization"},"image":{"@id":"https:\/\/regiaonews.net.br\/2022\/2023\/11\/15\/tecnico-do-brasil-destaca-dificuldades-diante-da-colombia\/#primaryimage"},"thumbnailUrl":"https:\/\/regiaonews.net.br\/2022\/wp-content\/uploads\/2023\/11\/20231115115036_721.jpeg","articleSection":["Eliminat\u00f3rias","Esporte"],"inLanguage":"pt-BR","potentialAction":[{"@type":"CommentAction","name":"Comment","target":["https:\/\/regiaonews.net.br\/2022\/2023\/11\/15\/tecnico-do-brasil-destaca-dificuldades-diante-da-colombia\/#respond"]}]},{"@type":"WebPage","@id":"https:\/\/regiaonews.net.br\/2022\/2023\/11\/15\/tecnico-do-brasil-destaca-dificuldades-diante-da-colombia\/","url":"https:\/\/regiaonews.net.br\/2022\/2023\/11\/15\/tecnico-do-brasil-destaca-dificuldades-diante-da-colombia\/","name":"T\u00e9cnico do Brasil destaca dificuldades diante da Col\u00f4mbia - Regi\u00e3o News","isPartOf":{"@id":"https:\/\/regiaonews.net.br\/2022\/#website"},"primaryImageOfPage":{"@id":"https:\/\/regiaonews.net.br\/2022\/2023\/11\/15\/tecnico-do-brasil-destaca-dificuldades-diante-da-colombia\/#primaryimage"},"image":{"@id":"https:\/\/regiaonews.net.br\/2022\/2023\/11\/15\/tecnico-do-brasil-destaca-dificuldades-diante-da-colombia\/#primaryimage"},"thumbnailUrl":"https:\/\/regiaonews.net.br\/2022\/wp-content\/uploads\/2023\/11\/20231115115036_721.jpeg","datePublished":"2023-11-15T18:42:00+00:00","breadcrumb":{"@id":"https:\/\/regiaonews.net.br\/2022\/2023\/11\/15\/tecnico-do-brasil-destaca-dificuldades-diante-da-colombia\/#breadcrumb"},"inLanguage":"pt-BR","potentialAction":[{"@type":"ReadAction","target":["https:\/\/regiaonews.net.br\/2022\/2023\/11\/15\/tecnico-do-brasil-destaca-dificuldades-diante-da-colombia\/"]}]},{"@type":"ImageObject","inLanguage":"pt-BR","@id":"https:\/\/regiaonews.net.br\/2022\/2023\/11\/15\/tecnico-do-brasil-destaca-dificuldades-diante-da-colombia\/#primaryimage","url":"https:\/\/regiaonews.net.br\/2022\/wp-content\/uploads\/2023\/11\/20231115115036_721.jpeg","contentUrl":"https:\/\/regiaonews.net.br\/2022\/wp-content\/uploads\/2023\/11\/20231115115036_721.jpeg","width":910,"height":534},{"@type":"BreadcrumbList","@id":"https:\/\/regiaonews.net.br\/2022\/2023\/11\/15\/tecnico-do-brasil-destaca-dificuldades-diante-da-colombia\/#breadcrumb","itemListElement":[{"@type":"ListItem","position":1,"name":"In\u00edcio","item":"https:\/\/regiaonews.net.br\/2022\/"},{"@type":"ListItem","position":2,"name":"T\u00e9cnico do Brasil destaca dificuldades diante da Col\u00f4mbia"}]},{"@type":"WebSite","@id":"https:\/\/regiaonews.net.br\/2022\/#website","url":"https:\/\/regiaonews.net.br\/2022\/","name":"Regi\u00e3o News","description":"Site de Not\u00edcias de Barretos e regi\u00e3o","publisher":{"@id":"https:\/\/regiaonews.net.br\/2022\/#organization"},"potentialAction":[{"@type":"SearchAction","target":{"@type":"EntryPoint","urlTemplate":"https:\/\/regiaonews.net.br\/2022\/?s={search_term_string}"},"query-input":{"@type":"PropertyValueSpecification","valueRequired":true,"valueName":"search_term_string"}}],"inLanguage":"pt-BR"},{"@type":"Organization","@id":"https:\/\/regiaonews.net.br\/2022\/#organization","name":"Regi\u00e3o News","url":"https:\/\/regiaonews.net.br\/2022\/","logo":{"@type":"ImageObject","inLanguage":"pt-BR","@id":"https:\/\/regiaonews.net.br\/2022\/#\/schema\/logo\/image\/","url":"https:\/\/regiaonews.net.br\/2022\/wp-content\/uploads\/2026\/03\/regiao-13-anos-scaled.jpg","contentUrl":"https:\/\/regiaonews.net.br\/2022\/wp-content\/uploads\/2026\/03\/regiao-13-anos-scaled.jpg","width":2560,"height":635,"caption":"Regi\u00e3o News"},"image":{"@id":"https:\/\/regiaonews.net.br\/2022\/#\/schema\/logo\/image\/"}},{"@type":"Person","@id":"https:\/\/regiaonews.net.br\/2022\/#\/schema\/person\/2d205a608a5aa97ac279d7a5e6d89ad8","name":"Roberto","image":{"@type":"ImageObject","inLanguage":"pt-BR","@id":"https:\/\/secure.gravatar.com\/avatar\/42749d8b712ff9d59ca93dc150494e5b55a44134482993f5baeb97e61b7ecc89?s=96&d=mm&r=g","url":"https:\/\/secure.gravatar.com\/avatar\/42749d8b712ff9d59ca93dc150494e5b55a44134482993f5baeb97e61b7ecc89?s=96&d=mm&r=g","contentUrl":"https:\/\/secure.gravatar.com\/avatar\/42749d8b712ff9d59ca93dc150494e5b55a44134482993f5baeb97e61b7ecc89?s=96&d=mm&r=g","caption":"Roberto"},"url":"https:\/\/regiaonews.net.br\/2022\/author\/roberto\/"}]}},"publishpress_future_action":{"enabled":false,"date":"2026-05-04 11:36:53","action":"change-status","newStatus":"draft","terms":[],"taxonomy":"category","extraData":[]},"publishpress_future_workflow_manual_trigger":{"enabledWorkflows":[]},"_links":{"self":[{"href":"https:\/\/regiaonews.net.br\/2022\/wp-json\/wp\/v2\/posts\/97793","targetHints":{"allow":["GET"]}}],"collection":[{"href":"https:\/\/regiaonews.net.br\/2022\/wp-json\/wp\/v2\/posts"}],"about":[{"href":"https:\/\/regiaonews.net.br\/2022\/wp-json\/wp\/v2\/types\/post"}],"author":[{"embeddable":true,"href":"https:\/\/regiaonews.net.br\/2022\/wp-json\/wp\/v2\/users\/2"}],"replies":[{"embeddable":true,"href":"https:\/\/regiaonews.net.br\/2022\/wp-json\/wp\/v2\/comments?post=97793"}],"version-history":[{"count":1,"href":"https:\/\/regiaonews.net.br\/2022\/wp-json\/wp\/v2\/posts\/97793\/revisions"}],"predecessor-version":[{"id":97795,"href":"https:\/\/regiaonews.net.br\/2022\/wp-json\/wp\/v2\/posts\/97793\/revisions\/97795"}],"wp:featuredmedia":[{"embeddable":true,"href":"https:\/\/regiaonews.net.br\/2022\/wp-json\/wp\/v2\/media\/97794"}],"wp:attachment":[{"href":"https:\/\/regiaonews.net.br\/2022\/wp-json\/wp\/v2\/media?parent=97793"}],"wp:term":[{"taxonomy":"category","embeddable":true,"href":"https:\/\/regiaonews.net.br\/2022\/wp-json\/wp\/v2\/categories?post=97793"},{"taxonomy":"post_tag","embeddable":true,"href":"https:\/\/regiaonews.net.br\/2022\/wp-json\/wp\/v2\/tags?post=97793"}],"curies":[{"name":"wp","href":"https:\/\/api.w.org\/{rel}","templated":true}]}}