{"id":97747,"date":"2023-11-14T11:10:16","date_gmt":"2023-11-14T14:10:16","guid":{"rendered":"https:\/\/regiaonews.net.br\/2022\/?p=97747"},"modified":"2023-11-14T11:10:16","modified_gmt":"2023-11-14T14:10:16","slug":"policias-apreendem-220-toneladas-de-drogas-no-estado-em-9-meses","status":"publish","type":"post","link":"https:\/\/regiaonews.net.br\/2022\/2023\/11\/14\/policias-apreendem-220-toneladas-de-drogas-no-estado-em-9-meses\/","title":{"rendered":"Pol\u00edcias apreendem 220 toneladas de drogas no Estado em 9 meses"},"content":{"rendered":"<div class=\"col-lg-12 mt-4 justify\"><\/div>\n<div class=\"col-lg-12 justify\">\n<h3 style=\"text-align: center;\">N\u00famero \u00e9 19,3% maior do que na compara\u00e7\u00e3o com 2022<\/h3>\n<\/div>\n<div class=\"col-lg-12 mt-3 justify\">\n<div>\n<div>O Estado de S\u00e3o Paulo apreendeu 220,9 toneladas de drogas entre os meses de janeiro a setembro deste ano. O n\u00famero representa um aumento de 19,39% nas apreens\u00f5es na compara\u00e7\u00e3o com o mesmo per\u00edodo em 2022, quando 185 toneladas foram apreendidas.<\/div>\n<div><\/div>\n<div>O n\u00famero representa uma m\u00e9dia di\u00e1ria de quase uma tonelada a menos de entorpecentes nas ruas. \u201cA nossa prioridade \u00e9 combater o crime organizado, que usa o tr\u00e1fico de drogas como fonte para obter recursos. Diminuindo a circula\u00e7\u00e3o de drogas no estado, n\u00f3s sufocamos a atua\u00e7\u00e3o desses criminosos e atingimos diretamente o n\u00facleo financeiro deles\u201d, destacou o secret\u00e1rio da Seguran\u00e7a P\u00fablica, Guilherme Derrite.<\/div>\n<div><\/div>\n<div>A droga que lidera o ranking das apreens\u00f5es \u00e9 a maconha, com 175 toneladas; a coca\u00edna vem logo em seguida, com 34 toneladas. Outros tipos de entorpecentes ocupam o terceiro lugar, com 9 toneladas, e o crack, o quarto, com mais de uma.<\/div>\n<div><\/div>\n<div><b>Combate ao tr\u00e1fico<\/b><\/div>\n<div><\/div>\n<div>O aumento da apreens\u00e3o de drogas \u00e9 resultado dos trabalhos das pol\u00edcias paulistas, que realizam diversas opera\u00e7\u00f5es em todo o Estado para combater o crime organizado e o tr\u00e1fico de drogas, como a Opera\u00e7\u00e3o Impacto, que colocou mais 17 mil policiais nas ruas e recolheu, at\u00e9 outubro, 128 toneladas.<\/div>\n<div><\/div>\n<div>J\u00e1 pela Opera\u00e7\u00e3o Escudo foram apreendidas quase uma tonelada em apenas 40 dias no munic\u00edpio do Guaruj\u00e1, no litoral sul paulista. A Pol\u00edcia Civil ainda realiza no centro de S\u00e3o Paulo a \u201cOpera\u00e7\u00e3o Resgate\u201d, que j\u00e1 retirou das ruas 1,2 toneladas de drogas neste ano.<\/div>\n<div><\/div>\n<div><b>Apreens\u00f5es de drogas K<\/b><\/div>\n<div><\/div>\n<div>A atua\u00e7\u00e3o das for\u00e7as policiais tamb\u00e9m resultou no aumento de apreens\u00f5es do Canabinoide sint\u00e9tico, conhecidos popularmente domo drogas \u201cK\u201d. Somente na capital, o Denarc apreendeu neste ano 133 quilos de drogas deste tipo. Os trabalhos tamb\u00e9m resultaram na apreens\u00e3o de R$ 1,8 milh\u00e3o de reais em esp\u00e9cie, provenientes da venda dos entorpecentes.<\/div>\n<div><\/div>\n<div>\u201cN\u00f3s direcionamos maiores esfor\u00e7os no enfretamento a \u2018casas bombas\u2019 para evitar que essa droga chegue nos pontos finais de venda. \u00c9 l\u00e1 que essas drogas ficam armazenadas em grande quantidade. Entendemos que o combate \u00e9 mais efetivo quando impedimos que essas drogas cheguem ao ponto final\u201d, destacou o dr. Ronaldo Sayeg, diretor do Denarc, que tamb\u00e9m alertou que a droga \u00e9 feita em laborat\u00f3rio, com componentes qu\u00edmicos. \u201cAs pessoas est\u00e3o ingerindo um produto altamente nocivo \u00e0 sa\u00fade\u201d, completou.<\/div>\n<\/div>\n<\/div>\n","protected":false},"excerpt":{"rendered":"<p>N\u00famero \u00e9 19,3% maior do que na compara\u00e7\u00e3o com 2022<\/p>\n","protected":false},"author":2,"featured_media":97748,"comment_status":"open","ping_status":"open","sticky":false,"template":"","format":"standard","meta":{"footnotes":""},"categories":[7,23],"tags":[],"class_list":["post-97747","post","type-post","status-publish","format-standard","has-post-thumbnail","hentry","category-estado-de-sao-paulo","category-policia"],"yoast_head":"<!-- This site is optimized with the Yoast SEO plugin v27.4 - https:\/\/yoast.com\/product\/yoast-seo-wordpress\/ -->\n<title>Pol\u00edcias apreendem 220 toneladas de drogas no Estado em 9 meses - Regi\u00e3o News<\/title>\n<meta name=\"robots\" content=\"index, follow, max-snippet:-1, max-image-preview:large, max-video-preview:-1\" \/>\n<link rel=\"canonical\" href=\"https:\/\/regiaonews.net.br\/2022\/2023\/11\/14\/policias-apreendem-220-toneladas-de-drogas-no-estado-em-9-meses\/\" \/>\n<meta property=\"og:locale\" content=\"pt_BR\" \/>\n<meta property=\"og:type\" content=\"article\" \/>\n<meta property=\"og:title\" content=\"Pol\u00edcias apreendem 220 toneladas de drogas no Estado em 9 meses - Regi\u00e3o News\" \/>\n<meta property=\"og:description\" content=\"N\u00famero \u00e9 19,3% maior do que na compara\u00e7\u00e3o com 2022\" \/>\n<meta property=\"og:url\" content=\"https:\/\/regiaonews.net.br\/2022\/2023\/11\/14\/policias-apreendem-220-toneladas-de-drogas-no-estado-em-9-meses\/\" \/>\n<meta property=\"og:site_name\" content=\"Regi\u00e3o News\" \/>\n<meta property=\"article:published_time\" content=\"2023-11-14T14:10:16+00:00\" \/>\n<meta property=\"og:image\" content=\"https:\/\/regiaonews.net.br\/2022\/wp-content\/uploads\/2023\/11\/00052021.jpg\" \/>\n\t<meta property=\"og:image:width\" content=\"800\" \/>\n\t<meta property=\"og:image:height\" content=\"420\" \/>\n\t<meta property=\"og:image:type\" content=\"image\/jpeg\" \/>\n<meta name=\"author\" content=\"Roberto\" \/>\n<meta name=\"twitter:card\" content=\"summary_large_image\" \/>\n<meta name=\"twitter:label1\" content=\"Escrito por\" \/>\n\t<meta name=\"twitter:data1\" content=\"Roberto\" \/>\n\t<meta name=\"twitter:label2\" content=\"Est. tempo de leitura\" \/>\n\t<meta name=\"twitter:data2\" content=\"3 minutos\" \/>\n<script type=\"application\/ld+json\" class=\"yoast-schema-graph\">{\"@context\":\"https:\\\/\\\/schema.org\",\"@graph\":[{\"@type\":\"Article\",\"@id\":\"https:\\\/\\\/regiaonews.net.br\\\/2022\\\/2023\\\/11\\\/14\\\/policias-apreendem-220-toneladas-de-drogas-no-estado-em-9-meses\\\/#article\",\"isPartOf\":{\"@id\":\"https:\\\/\\\/regiaonews.net.br\\\/2022\\\/2023\\\/11\\\/14\\\/policias-apreendem-220-toneladas-de-drogas-no-estado-em-9-meses\\\/\"},\"author\":{\"name\":\"Roberto\",\"@id\":\"https:\\\/\\\/regiaonews.net.br\\\/2022\\\/#\\\/schema\\\/person\\\/2d205a608a5aa97ac279d7a5e6d89ad8\"},\"headline\":\"Pol\u00edcias apreendem 220 toneladas de drogas no Estado em 9 meses\",\"datePublished\":\"2023-11-14T14:10:16+00:00\",\"mainEntityOfPage\":{\"@id\":\"https:\\\/\\\/regiaonews.net.br\\\/2022\\\/2023\\\/11\\\/14\\\/policias-apreendem-220-toneladas-de-drogas-no-estado-em-9-meses\\\/\"},\"wordCount\":423,\"commentCount\":0,\"publisher\":{\"@id\":\"https:\\\/\\\/regiaonews.net.br\\\/2022\\\/#organization\"},\"image\":{\"@id\":\"https:\\\/\\\/regiaonews.net.br\\\/2022\\\/2023\\\/11\\\/14\\\/policias-apreendem-220-toneladas-de-drogas-no-estado-em-9-meses\\\/#primaryimage\"},\"thumbnailUrl\":\"https:\\\/\\\/regiaonews.net.br\\\/2022\\\/wp-content\\\/uploads\\\/2023\\\/11\\\/00052021.jpg\",\"articleSection\":[\"Estado de S\u00e3o Paulo\",\"Policia\"],\"inLanguage\":\"pt-BR\",\"potentialAction\":[{\"@type\":\"CommentAction\",\"name\":\"Comment\",\"target\":[\"https:\\\/\\\/regiaonews.net.br\\\/2022\\\/2023\\\/11\\\/14\\\/policias-apreendem-220-toneladas-de-drogas-no-estado-em-9-meses\\\/#respond\"]}]},{\"@type\":\"WebPage\",\"@id\":\"https:\\\/\\\/regiaonews.net.br\\\/2022\\\/2023\\\/11\\\/14\\\/policias-apreendem-220-toneladas-de-drogas-no-estado-em-9-meses\\\/\",\"url\":\"https:\\\/\\\/regiaonews.net.br\\\/2022\\\/2023\\\/11\\\/14\\\/policias-apreendem-220-toneladas-de-drogas-no-estado-em-9-meses\\\/\",\"name\":\"Pol\u00edcias apreendem 220 toneladas de drogas no Estado em 9 meses - Regi\u00e3o News\",\"isPartOf\":{\"@id\":\"https:\\\/\\\/regiaonews.net.br\\\/2022\\\/#website\"},\"primaryImageOfPage\":{\"@id\":\"https:\\\/\\\/regiaonews.net.br\\\/2022\\\/2023\\\/11\\\/14\\\/policias-apreendem-220-toneladas-de-drogas-no-estado-em-9-meses\\\/#primaryimage\"},\"image\":{\"@id\":\"https:\\\/\\\/regiaonews.net.br\\\/2022\\\/2023\\\/11\\\/14\\\/policias-apreendem-220-toneladas-de-drogas-no-estado-em-9-meses\\\/#primaryimage\"},\"thumbnailUrl\":\"https:\\\/\\\/regiaonews.net.br\\\/2022\\\/wp-content\\\/uploads\\\/2023\\\/11\\\/00052021.jpg\",\"datePublished\":\"2023-11-14T14:10:16+00:00\",\"breadcrumb\":{\"@id\":\"https:\\\/\\\/regiaonews.net.br\\\/2022\\\/2023\\\/11\\\/14\\\/policias-apreendem-220-toneladas-de-drogas-no-estado-em-9-meses\\\/#breadcrumb\"},\"inLanguage\":\"pt-BR\",\"potentialAction\":[{\"@type\":\"ReadAction\",\"target\":[\"https:\\\/\\\/regiaonews.net.br\\\/2022\\\/2023\\\/11\\\/14\\\/policias-apreendem-220-toneladas-de-drogas-no-estado-em-9-meses\\\/\"]}]},{\"@type\":\"ImageObject\",\"inLanguage\":\"pt-BR\",\"@id\":\"https:\\\/\\\/regiaonews.net.br\\\/2022\\\/2023\\\/11\\\/14\\\/policias-apreendem-220-toneladas-de-drogas-no-estado-em-9-meses\\\/#primaryimage\",\"url\":\"https:\\\/\\\/regiaonews.net.br\\\/2022\\\/wp-content\\\/uploads\\\/2023\\\/11\\\/00052021.jpg\",\"contentUrl\":\"https:\\\/\\\/regiaonews.net.br\\\/2022\\\/wp-content\\\/uploads\\\/2023\\\/11\\\/00052021.jpg\",\"width\":800,\"height\":420},{\"@type\":\"BreadcrumbList\",\"@id\":\"https:\\\/\\\/regiaonews.net.br\\\/2022\\\/2023\\\/11\\\/14\\\/policias-apreendem-220-toneladas-de-drogas-no-estado-em-9-meses\\\/#breadcrumb\",\"itemListElement\":[{\"@type\":\"ListItem\",\"position\":1,\"name\":\"In\u00edcio\",\"item\":\"https:\\\/\\\/regiaonews.net.br\\\/2022\\\/\"},{\"@type\":\"ListItem\",\"position\":2,\"name\":\"Pol\u00edcias apreendem 220 toneladas de drogas no Estado em 9 meses\"}]},{\"@type\":\"WebSite\",\"@id\":\"https:\\\/\\\/regiaonews.net.br\\\/2022\\\/#website\",\"url\":\"https:\\\/\\\/regiaonews.net.br\\\/2022\\\/\",\"name\":\"Regi\u00e3o News\",\"description\":\"Site de Not\u00edcias de Barretos e regi\u00e3o\",\"publisher\":{\"@id\":\"https:\\\/\\\/regiaonews.net.br\\\/2022\\\/#organization\"},\"potentialAction\":[{\"@type\":\"SearchAction\",\"target\":{\"@type\":\"EntryPoint\",\"urlTemplate\":\"https:\\\/\\\/regiaonews.net.br\\\/2022\\\/?s={search_term_string}\"},\"query-input\":{\"@type\":\"PropertyValueSpecification\",\"valueRequired\":true,\"valueName\":\"search_term_string\"}}],\"inLanguage\":\"pt-BR\"},{\"@type\":\"Organization\",\"@id\":\"https:\\\/\\\/regiaonews.net.br\\\/2022\\\/#organization\",\"name\":\"Regi\u00e3o News\",\"url\":\"https:\\\/\\\/regiaonews.net.br\\\/2022\\\/\",\"logo\":{\"@type\":\"ImageObject\",\"inLanguage\":\"pt-BR\",\"@id\":\"https:\\\/\\\/regiaonews.net.br\\\/2022\\\/#\\\/schema\\\/logo\\\/image\\\/\",\"url\":\"https:\\\/\\\/regiaonews.net.br\\\/2022\\\/wp-content\\\/uploads\\\/2026\\\/03\\\/regiao-13-anos-scaled.jpg\",\"contentUrl\":\"https:\\\/\\\/regiaonews.net.br\\\/2022\\\/wp-content\\\/uploads\\\/2026\\\/03\\\/regiao-13-anos-scaled.jpg\",\"width\":2560,\"height\":635,\"caption\":\"Regi\u00e3o News\"},\"image\":{\"@id\":\"https:\\\/\\\/regiaonews.net.br\\\/2022\\\/#\\\/schema\\\/logo\\\/image\\\/\"}},{\"@type\":\"Person\",\"@id\":\"https:\\\/\\\/regiaonews.net.br\\\/2022\\\/#\\\/schema\\\/person\\\/2d205a608a5aa97ac279d7a5e6d89ad8\",\"name\":\"Roberto\",\"image\":{\"@type\":\"ImageObject\",\"inLanguage\":\"pt-BR\",\"@id\":\"https:\\\/\\\/secure.gravatar.com\\\/avatar\\\/42749d8b712ff9d59ca93dc150494e5b55a44134482993f5baeb97e61b7ecc89?s=96&d=mm&r=g\",\"url\":\"https:\\\/\\\/secure.gravatar.com\\\/avatar\\\/42749d8b712ff9d59ca93dc150494e5b55a44134482993f5baeb97e61b7ecc89?s=96&d=mm&r=g\",\"contentUrl\":\"https:\\\/\\\/secure.gravatar.com\\\/avatar\\\/42749d8b712ff9d59ca93dc150494e5b55a44134482993f5baeb97e61b7ecc89?s=96&d=mm&r=g\",\"caption\":\"Roberto\"},\"url\":\"https:\\\/\\\/regiaonews.net.br\\\/2022\\\/author\\\/roberto\\\/\"}]}<\/script>\n<!-- \/ Yoast SEO plugin. -->","yoast_head_json":{"title":"Pol\u00edcias apreendem 220 toneladas de drogas no Estado em 9 meses - Regi\u00e3o News","robots":{"index":"index","follow":"follow","max-snippet":"max-snippet:-1","max-image-preview":"max-image-preview:large","max-video-preview":"max-video-preview:-1"},"canonical":"https:\/\/regiaonews.net.br\/2022\/2023\/11\/14\/policias-apreendem-220-toneladas-de-drogas-no-estado-em-9-meses\/","og_locale":"pt_BR","og_type":"article","og_title":"Pol\u00edcias apreendem 220 toneladas de drogas no Estado em 9 meses - Regi\u00e3o News","og_description":"N\u00famero \u00e9 19,3% maior do que na compara\u00e7\u00e3o com 2022","og_url":"https:\/\/regiaonews.net.br\/2022\/2023\/11\/14\/policias-apreendem-220-toneladas-de-drogas-no-estado-em-9-meses\/","og_site_name":"Regi\u00e3o News","article_published_time":"2023-11-14T14:10:16+00:00","og_image":[{"width":800,"height":420,"url":"https:\/\/regiaonews.net.br\/2022\/wp-content\/uploads\/2023\/11\/00052021.jpg","type":"image\/jpeg"}],"author":"Roberto","twitter_card":"summary_large_image","twitter_misc":{"Escrito por":"Roberto","Est. tempo de leitura":"3 minutos"},"schema":{"@context":"https:\/\/schema.org","@graph":[{"@type":"Article","@id":"https:\/\/regiaonews.net.br\/2022\/2023\/11\/14\/policias-apreendem-220-toneladas-de-drogas-no-estado-em-9-meses\/#article","isPartOf":{"@id":"https:\/\/regiaonews.net.br\/2022\/2023\/11\/14\/policias-apreendem-220-toneladas-de-drogas-no-estado-em-9-meses\/"},"author":{"name":"Roberto","@id":"https:\/\/regiaonews.net.br\/2022\/#\/schema\/person\/2d205a608a5aa97ac279d7a5e6d89ad8"},"headline":"Pol\u00edcias apreendem 220 toneladas de drogas no Estado em 9 meses","datePublished":"2023-11-14T14:10:16+00:00","mainEntityOfPage":{"@id":"https:\/\/regiaonews.net.br\/2022\/2023\/11\/14\/policias-apreendem-220-toneladas-de-drogas-no-estado-em-9-meses\/"},"wordCount":423,"commentCount":0,"publisher":{"@id":"https:\/\/regiaonews.net.br\/2022\/#organization"},"image":{"@id":"https:\/\/regiaonews.net.br\/2022\/2023\/11\/14\/policias-apreendem-220-toneladas-de-drogas-no-estado-em-9-meses\/#primaryimage"},"thumbnailUrl":"https:\/\/regiaonews.net.br\/2022\/wp-content\/uploads\/2023\/11\/00052021.jpg","articleSection":["Estado de S\u00e3o Paulo","Policia"],"inLanguage":"pt-BR","potentialAction":[{"@type":"CommentAction","name":"Comment","target":["https:\/\/regiaonews.net.br\/2022\/2023\/11\/14\/policias-apreendem-220-toneladas-de-drogas-no-estado-em-9-meses\/#respond"]}]},{"@type":"WebPage","@id":"https:\/\/regiaonews.net.br\/2022\/2023\/11\/14\/policias-apreendem-220-toneladas-de-drogas-no-estado-em-9-meses\/","url":"https:\/\/regiaonews.net.br\/2022\/2023\/11\/14\/policias-apreendem-220-toneladas-de-drogas-no-estado-em-9-meses\/","name":"Pol\u00edcias apreendem 220 toneladas de drogas no Estado em 9 meses - Regi\u00e3o News","isPartOf":{"@id":"https:\/\/regiaonews.net.br\/2022\/#website"},"primaryImageOfPage":{"@id":"https:\/\/regiaonews.net.br\/2022\/2023\/11\/14\/policias-apreendem-220-toneladas-de-drogas-no-estado-em-9-meses\/#primaryimage"},"image":{"@id":"https:\/\/regiaonews.net.br\/2022\/2023\/11\/14\/policias-apreendem-220-toneladas-de-drogas-no-estado-em-9-meses\/#primaryimage"},"thumbnailUrl":"https:\/\/regiaonews.net.br\/2022\/wp-content\/uploads\/2023\/11\/00052021.jpg","datePublished":"2023-11-14T14:10:16+00:00","breadcrumb":{"@id":"https:\/\/regiaonews.net.br\/2022\/2023\/11\/14\/policias-apreendem-220-toneladas-de-drogas-no-estado-em-9-meses\/#breadcrumb"},"inLanguage":"pt-BR","potentialAction":[{"@type":"ReadAction","target":["https:\/\/regiaonews.net.br\/2022\/2023\/11\/14\/policias-apreendem-220-toneladas-de-drogas-no-estado-em-9-meses\/"]}]},{"@type":"ImageObject","inLanguage":"pt-BR","@id":"https:\/\/regiaonews.net.br\/2022\/2023\/11\/14\/policias-apreendem-220-toneladas-de-drogas-no-estado-em-9-meses\/#primaryimage","url":"https:\/\/regiaonews.net.br\/2022\/wp-content\/uploads\/2023\/11\/00052021.jpg","contentUrl":"https:\/\/regiaonews.net.br\/2022\/wp-content\/uploads\/2023\/11\/00052021.jpg","width":800,"height":420},{"@type":"BreadcrumbList","@id":"https:\/\/regiaonews.net.br\/2022\/2023\/11\/14\/policias-apreendem-220-toneladas-de-drogas-no-estado-em-9-meses\/#breadcrumb","itemListElement":[{"@type":"ListItem","position":1,"name":"In\u00edcio","item":"https:\/\/regiaonews.net.br\/2022\/"},{"@type":"ListItem","position":2,"name":"Pol\u00edcias apreendem 220 toneladas de drogas no Estado em 9 meses"}]},{"@type":"WebSite","@id":"https:\/\/regiaonews.net.br\/2022\/#website","url":"https:\/\/regiaonews.net.br\/2022\/","name":"Regi\u00e3o News","description":"Site de Not\u00edcias de Barretos e regi\u00e3o","publisher":{"@id":"https:\/\/regiaonews.net.br\/2022\/#organization"},"potentialAction":[{"@type":"SearchAction","target":{"@type":"EntryPoint","urlTemplate":"https:\/\/regiaonews.net.br\/2022\/?s={search_term_string}"},"query-input":{"@type":"PropertyValueSpecification","valueRequired":true,"valueName":"search_term_string"}}],"inLanguage":"pt-BR"},{"@type":"Organization","@id":"https:\/\/regiaonews.net.br\/2022\/#organization","name":"Regi\u00e3o News","url":"https:\/\/regiaonews.net.br\/2022\/","logo":{"@type":"ImageObject","inLanguage":"pt-BR","@id":"https:\/\/regiaonews.net.br\/2022\/#\/schema\/logo\/image\/","url":"https:\/\/regiaonews.net.br\/2022\/wp-content\/uploads\/2026\/03\/regiao-13-anos-scaled.jpg","contentUrl":"https:\/\/regiaonews.net.br\/2022\/wp-content\/uploads\/2026\/03\/regiao-13-anos-scaled.jpg","width":2560,"height":635,"caption":"Regi\u00e3o News"},"image":{"@id":"https:\/\/regiaonews.net.br\/2022\/#\/schema\/logo\/image\/"}},{"@type":"Person","@id":"https:\/\/regiaonews.net.br\/2022\/#\/schema\/person\/2d205a608a5aa97ac279d7a5e6d89ad8","name":"Roberto","image":{"@type":"ImageObject","inLanguage":"pt-BR","@id":"https:\/\/secure.gravatar.com\/avatar\/42749d8b712ff9d59ca93dc150494e5b55a44134482993f5baeb97e61b7ecc89?s=96&d=mm&r=g","url":"https:\/\/secure.gravatar.com\/avatar\/42749d8b712ff9d59ca93dc150494e5b55a44134482993f5baeb97e61b7ecc89?s=96&d=mm&r=g","contentUrl":"https:\/\/secure.gravatar.com\/avatar\/42749d8b712ff9d59ca93dc150494e5b55a44134482993f5baeb97e61b7ecc89?s=96&d=mm&r=g","caption":"Roberto"},"url":"https:\/\/regiaonews.net.br\/2022\/author\/roberto\/"}]}},"publishpress_future_action":{"enabled":false,"date":"2026-05-04 11:25:14","action":"change-status","newStatus":"draft","terms":[],"taxonomy":"category","extraData":[]},"publishpress_future_workflow_manual_trigger":{"enabledWorkflows":[]},"_links":{"self":[{"href":"https:\/\/regiaonews.net.br\/2022\/wp-json\/wp\/v2\/posts\/97747","targetHints":{"allow":["GET"]}}],"collection":[{"href":"https:\/\/regiaonews.net.br\/2022\/wp-json\/wp\/v2\/posts"}],"about":[{"href":"https:\/\/regiaonews.net.br\/2022\/wp-json\/wp\/v2\/types\/post"}],"author":[{"embeddable":true,"href":"https:\/\/regiaonews.net.br\/2022\/wp-json\/wp\/v2\/users\/2"}],"replies":[{"embeddable":true,"href":"https:\/\/regiaonews.net.br\/2022\/wp-json\/wp\/v2\/comments?post=97747"}],"version-history":[{"count":1,"href":"https:\/\/regiaonews.net.br\/2022\/wp-json\/wp\/v2\/posts\/97747\/revisions"}],"predecessor-version":[{"id":97749,"href":"https:\/\/regiaonews.net.br\/2022\/wp-json\/wp\/v2\/posts\/97747\/revisions\/97749"}],"wp:featuredmedia":[{"embeddable":true,"href":"https:\/\/regiaonews.net.br\/2022\/wp-json\/wp\/v2\/media\/97748"}],"wp:attachment":[{"href":"https:\/\/regiaonews.net.br\/2022\/wp-json\/wp\/v2\/media?parent=97747"}],"wp:term":[{"taxonomy":"category","embeddable":true,"href":"https:\/\/regiaonews.net.br\/2022\/wp-json\/wp\/v2\/categories?post=97747"},{"taxonomy":"post_tag","embeddable":true,"href":"https:\/\/regiaonews.net.br\/2022\/wp-json\/wp\/v2\/tags?post=97747"}],"curies":[{"name":"wp","href":"https:\/\/api.w.org\/{rel}","templated":true}]}}