{"id":97645,"date":"2023-11-10T16:46:28","date_gmt":"2023-11-10T19:46:28","guid":{"rendered":"https:\/\/regiaonews.net.br\/2022\/?p=97645"},"modified":"2023-11-10T16:46:28","modified_gmt":"2023-11-10T19:46:28","slug":"cantora-ana-castela-abre-programacao-de-megafestival-em-olimpia","status":"publish","type":"post","link":"https:\/\/regiaonews.net.br\/2022\/2023\/11\/10\/cantora-ana-castela-abre-programacao-de-megafestival-em-olimpia\/","title":{"rendered":"Cantora Ana Castela abre programa\u00e7\u00e3o de megafestival em Ol\u00edmpia"},"content":{"rendered":"<h3 style=\"text-align: center;\" align=\"center\">Boiadeira promete agitar o p\u00fablico nesta sexta-feira com grandes sucessos. Gustavo Mioto, Jota Quest, P\u00e9ricles e Luan Santana tamb\u00e9m subir\u00e3o ao palco at\u00e9 dia 15 de novembro.<\/h3>\n<div>Considerada um dos maiores sucessos do atual cen\u00e1rio da m\u00fasica sertaneja, a cantora Ana Castela abre, nesta sexta-feira, dia 10 de novembro, a extensa programa\u00e7\u00e3o do VIVA+ Festival.<\/div>\n<div><\/div>\n<div>Promovido pela VIVA+ Entretenimento em parceria com a TV TEM e o apoio da Prefeitura de Ol\u00edmpia, o evento segue at\u00e9 o dia 15 de novembro, no Recinto do Folclore, com apresenta\u00e7\u00f5es de outros grandes artistas e op\u00e7\u00f5es de entretenimento para todas as idades.<\/div>\n<div><\/div>\n<div>Durante a primeira noite do megafestival, a boiadeira promete agitar o p\u00fablico cantando grandes sucessos, como \u201cPipoco\u201d, \u201cAs Menina da Pecu\u00e1ria\u201d, \u201cBombonzinho\u201d, \u201cPalha\u00e7a\u201d, ente outros.<\/div>\n<div><\/div>\n<div>Dando continuidade a extensa programa\u00e7\u00e3o, Gustavo Mioto se apresentar\u00e1 no s\u00e1bado, dia 11, seguido por Jota Quest (domingo, 12); P\u00e9ricles (segunda-feira, 13); e Luan Santana (ter\u00e7a-feira, 14).<\/div>\n<div><\/div>\n<div>O palco em que os cantores subir\u00e3o ser\u00e1 um diferencial, destacando-se por sua interatividade e tecnologia 3D, um atrativo extra que certamente vai cativar o p\u00fablico durante as apresenta\u00e7\u00f5es.<\/div>\n<div><\/div>\n<div>\u201cTrabalhamos intensamente para oferecer a melhor experi\u00eancia poss\u00edvel a todos que v\u00e3o prestigiar o evento. Montamos um grande esquema de seguran\u00e7a para as fam\u00edlias poderem curtir o festival com tranquilidade. Tamb\u00e9m conseguimos uma grade de shows com diferentes estilos musicais para agradar a todos os gostos. Tenho certeza que o evento ser\u00e1 um sucesso\u201d, afirma o CEO da VIVA+ Entretenimento, Guilherme Moron.<\/div>\n<div><\/div>\n<div><b>Festival solid\u00e1rio<\/b><\/div>\n<div>Nos dias 11, 12, 13, ou seja, nos shows de Gustavo Mioto, Jota Quest e P\u00e9ricles, a pista do VIVA+ Festival ser\u00e1 solid\u00e1ria, com troca antecipada dos ingressos por 1 quilo de alimento n\u00e3o perec\u00edvel, que deve ser feita, at\u00e9 esta sexta-feira, das 8h \u00e0s 16h, na Secretaria de Turismo e Cultura de Ol\u00edmpia (Avenida Brasil, 155).<\/div>\n<div><\/div>\n<div>\u00a0Quem n\u00e3o puder se dirigir at\u00e9 a Secretaria pode comprar o ingresso por R$ 10 pelo Guich\u00ea Web &#8211;\u00a0<a href=\"http:\/\/www.guicheweb.com.br\/olimpia\" target=\"_blank\" rel=\"noopener\" data-saferedirecturl=\"https:\/\/www.google.com\/url?q=http:\/\/www.guicheweb.com.br\/olimpia&amp;source=gmail&amp;ust=1699731922877000&amp;usg=AOvVaw2M3f6vqExVglAPcD8u28Jr\">www.guicheweb.com.br\/olimpia<\/a>. O valor ser\u00e1 revertido \u00e0 compra de alimentos n\u00e3o perec\u00edveis, para assistir fam\u00edlias carentes da cidade e regi\u00e3o.<\/div>\n<div><\/div>\n<div>\u00a0A pista para os dias 10 e 14 de novembro, assim como o acesso \u00e0 \u00c1rea VIP e ao Camarote, podem ser comprados no mesmo site. Nenhum setor \u00e9 open bar e qualquer menor de 16 anos precisa estar acompanhado dos pais ou respons\u00e1veis.<\/div>\n<div><\/div>\n<div>As pessoas que comprarem o Camarote, al\u00e9m de terem uma vista privilegiada do palco, estrutura completa e conforto, poder\u00e3o curtir uma balada exclusiva ap\u00f3s o t\u00e9rmino dos shows.<\/div>\n<div><\/div>\n<div>J\u00e1 a \u00c1rea VIP tamb\u00e9m ser\u00e1 incr\u00edvel, pr\u00f3xima ao palco, com uma vista \u00fanica para acompanhar as apresenta\u00e7\u00f5es dos artistas.<\/div>\n<div><\/div>\n<div><b>Estrutura completa<\/b><\/div>\n<div>Com op\u00e7\u00f5es de lazer e entretenimento para toda fam\u00edlia, o evento ter\u00e1 uma estrutura completa e inovadora, incluindo \u00e1rea gastron\u00f4mica, parque de divers\u00e3o, arena churrasco e uma mini fazendinha, al\u00e9m do TEM+ PET, uma programa\u00e7\u00e3o especial para tutores, nos dias 11, 12 e 15 de novembro, levarem os bichinhos de estima\u00e7\u00e3o e passearem no local.<\/div>\n<div><\/div>\n<div>\u00a0Aproveitando o t\u00edtulo de Ol\u00edmpia como Capital Nacional do Folclore, o VIVA+ Festival vai prestigiar a cultura local, com apresenta\u00e7\u00f5es folcl\u00f3ricas durante os dias 11, 12 e 15 de novembro. Cantores e artistas da cidade tamb\u00e9m foram convidados a abrir as apresenta\u00e7\u00f5es dos shows \u00e0 noite, uma forma de fortalecer ainda mais a cena art\u00edstica regional.<\/div>\n","protected":false},"excerpt":{"rendered":"<p>Boiadeira promete agitar o p\u00fablico nesta sexta-feira com grandes sucessos.<\/p>\n","protected":false},"author":2,"featured_media":97646,"comment_status":"open","ping_status":"open","sticky":false,"template":"","format":"standard","meta":{"footnotes":""},"categories":[3,28],"tags":[],"class_list":["post-97645","post","type-post","status-publish","format-standard","has-post-thumbnail","hentry","category-geral","category-olimpia-olimpia"],"yoast_head":"<!-- This site is optimized with the Yoast SEO plugin v27.4 - https:\/\/yoast.com\/product\/yoast-seo-wordpress\/ -->\n<title>Cantora Ana Castela abre programa\u00e7\u00e3o de megafestival em Ol\u00edmpia - Regi\u00e3o News<\/title>\n<meta name=\"robots\" content=\"index, follow, max-snippet:-1, max-image-preview:large, max-video-preview:-1\" \/>\n<link rel=\"canonical\" href=\"https:\/\/regiaonews.net.br\/2022\/2023\/11\/10\/cantora-ana-castela-abre-programacao-de-megafestival-em-olimpia\/\" \/>\n<meta property=\"og:locale\" content=\"pt_BR\" \/>\n<meta property=\"og:type\" content=\"article\" \/>\n<meta property=\"og:title\" content=\"Cantora Ana Castela abre programa\u00e7\u00e3o de megafestival em Ol\u00edmpia - Regi\u00e3o News\" \/>\n<meta property=\"og:description\" content=\"Boiadeira promete agitar o p\u00fablico nesta sexta-feira com grandes sucessos.\" \/>\n<meta property=\"og:url\" content=\"https:\/\/regiaonews.net.br\/2022\/2023\/11\/10\/cantora-ana-castela-abre-programacao-de-megafestival-em-olimpia\/\" \/>\n<meta property=\"og:site_name\" content=\"Regi\u00e3o News\" \/>\n<meta property=\"article:published_time\" content=\"2023-11-10T19:46:28+00:00\" \/>\n<meta property=\"og:image\" content=\"https:\/\/regiaonews.net.br\/2022\/wp-content\/uploads\/2023\/11\/ANA-CASTELA-1.jpg\" \/>\n\t<meta property=\"og:image:width\" content=\"1440\" \/>\n\t<meta property=\"og:image:height\" content=\"959\" \/>\n\t<meta property=\"og:image:type\" content=\"image\/jpeg\" \/>\n<meta name=\"author\" content=\"Roberto\" \/>\n<meta name=\"twitter:card\" content=\"summary_large_image\" \/>\n<meta name=\"twitter:label1\" content=\"Escrito por\" \/>\n\t<meta name=\"twitter:data1\" content=\"Roberto\" \/>\n\t<meta name=\"twitter:label2\" content=\"Est. tempo de leitura\" \/>\n\t<meta name=\"twitter:data2\" content=\"3 minutos\" \/>\n<script type=\"application\/ld+json\" class=\"yoast-schema-graph\">{\"@context\":\"https:\\\/\\\/schema.org\",\"@graph\":[{\"@type\":\"Article\",\"@id\":\"https:\\\/\\\/regiaonews.net.br\\\/2022\\\/2023\\\/11\\\/10\\\/cantora-ana-castela-abre-programacao-de-megafestival-em-olimpia\\\/#article\",\"isPartOf\":{\"@id\":\"https:\\\/\\\/regiaonews.net.br\\\/2022\\\/2023\\\/11\\\/10\\\/cantora-ana-castela-abre-programacao-de-megafestival-em-olimpia\\\/\"},\"author\":{\"name\":\"Roberto\",\"@id\":\"https:\\\/\\\/regiaonews.net.br\\\/2022\\\/#\\\/schema\\\/person\\\/2d205a608a5aa97ac279d7a5e6d89ad8\"},\"headline\":\"Cantora Ana Castela abre programa\u00e7\u00e3o de megafestival em Ol\u00edmpia\",\"datePublished\":\"2023-11-10T19:46:28+00:00\",\"mainEntityOfPage\":{\"@id\":\"https:\\\/\\\/regiaonews.net.br\\\/2022\\\/2023\\\/11\\\/10\\\/cantora-ana-castela-abre-programacao-de-megafestival-em-olimpia\\\/\"},\"wordCount\":593,\"commentCount\":0,\"publisher\":{\"@id\":\"https:\\\/\\\/regiaonews.net.br\\\/2022\\\/#organization\"},\"image\":{\"@id\":\"https:\\\/\\\/regiaonews.net.br\\\/2022\\\/2023\\\/11\\\/10\\\/cantora-ana-castela-abre-programacao-de-megafestival-em-olimpia\\\/#primaryimage\"},\"thumbnailUrl\":\"https:\\\/\\\/regiaonews.net.br\\\/2022\\\/wp-content\\\/uploads\\\/2023\\\/11\\\/ANA-CASTELA-1.jpg\",\"articleSection\":[\"Geral\",\"Olimpia\"],\"inLanguage\":\"pt-BR\",\"potentialAction\":[{\"@type\":\"CommentAction\",\"name\":\"Comment\",\"target\":[\"https:\\\/\\\/regiaonews.net.br\\\/2022\\\/2023\\\/11\\\/10\\\/cantora-ana-castela-abre-programacao-de-megafestival-em-olimpia\\\/#respond\"]}]},{\"@type\":\"WebPage\",\"@id\":\"https:\\\/\\\/regiaonews.net.br\\\/2022\\\/2023\\\/11\\\/10\\\/cantora-ana-castela-abre-programacao-de-megafestival-em-olimpia\\\/\",\"url\":\"https:\\\/\\\/regiaonews.net.br\\\/2022\\\/2023\\\/11\\\/10\\\/cantora-ana-castela-abre-programacao-de-megafestival-em-olimpia\\\/\",\"name\":\"Cantora Ana Castela abre programa\u00e7\u00e3o de megafestival em Ol\u00edmpia - Regi\u00e3o News\",\"isPartOf\":{\"@id\":\"https:\\\/\\\/regiaonews.net.br\\\/2022\\\/#website\"},\"primaryImageOfPage\":{\"@id\":\"https:\\\/\\\/regiaonews.net.br\\\/2022\\\/2023\\\/11\\\/10\\\/cantora-ana-castela-abre-programacao-de-megafestival-em-olimpia\\\/#primaryimage\"},\"image\":{\"@id\":\"https:\\\/\\\/regiaonews.net.br\\\/2022\\\/2023\\\/11\\\/10\\\/cantora-ana-castela-abre-programacao-de-megafestival-em-olimpia\\\/#primaryimage\"},\"thumbnailUrl\":\"https:\\\/\\\/regiaonews.net.br\\\/2022\\\/wp-content\\\/uploads\\\/2023\\\/11\\\/ANA-CASTELA-1.jpg\",\"datePublished\":\"2023-11-10T19:46:28+00:00\",\"breadcrumb\":{\"@id\":\"https:\\\/\\\/regiaonews.net.br\\\/2022\\\/2023\\\/11\\\/10\\\/cantora-ana-castela-abre-programacao-de-megafestival-em-olimpia\\\/#breadcrumb\"},\"inLanguage\":\"pt-BR\",\"potentialAction\":[{\"@type\":\"ReadAction\",\"target\":[\"https:\\\/\\\/regiaonews.net.br\\\/2022\\\/2023\\\/11\\\/10\\\/cantora-ana-castela-abre-programacao-de-megafestival-em-olimpia\\\/\"]}]},{\"@type\":\"ImageObject\",\"inLanguage\":\"pt-BR\",\"@id\":\"https:\\\/\\\/regiaonews.net.br\\\/2022\\\/2023\\\/11\\\/10\\\/cantora-ana-castela-abre-programacao-de-megafestival-em-olimpia\\\/#primaryimage\",\"url\":\"https:\\\/\\\/regiaonews.net.br\\\/2022\\\/wp-content\\\/uploads\\\/2023\\\/11\\\/ANA-CASTELA-1.jpg\",\"contentUrl\":\"https:\\\/\\\/regiaonews.net.br\\\/2022\\\/wp-content\\\/uploads\\\/2023\\\/11\\\/ANA-CASTELA-1.jpg\",\"width\":1440,\"height\":959},{\"@type\":\"BreadcrumbList\",\"@id\":\"https:\\\/\\\/regiaonews.net.br\\\/2022\\\/2023\\\/11\\\/10\\\/cantora-ana-castela-abre-programacao-de-megafestival-em-olimpia\\\/#breadcrumb\",\"itemListElement\":[{\"@type\":\"ListItem\",\"position\":1,\"name\":\"In\u00edcio\",\"item\":\"https:\\\/\\\/regiaonews.net.br\\\/2022\\\/\"},{\"@type\":\"ListItem\",\"position\":2,\"name\":\"Cantora Ana Castela abre programa\u00e7\u00e3o de megafestival em Ol\u00edmpia\"}]},{\"@type\":\"WebSite\",\"@id\":\"https:\\\/\\\/regiaonews.net.br\\\/2022\\\/#website\",\"url\":\"https:\\\/\\\/regiaonews.net.br\\\/2022\\\/\",\"name\":\"Regi\u00e3o News\",\"description\":\"Site de Not\u00edcias de Barretos e regi\u00e3o\",\"publisher\":{\"@id\":\"https:\\\/\\\/regiaonews.net.br\\\/2022\\\/#organization\"},\"potentialAction\":[{\"@type\":\"SearchAction\",\"target\":{\"@type\":\"EntryPoint\",\"urlTemplate\":\"https:\\\/\\\/regiaonews.net.br\\\/2022\\\/?s={search_term_string}\"},\"query-input\":{\"@type\":\"PropertyValueSpecification\",\"valueRequired\":true,\"valueName\":\"search_term_string\"}}],\"inLanguage\":\"pt-BR\"},{\"@type\":\"Organization\",\"@id\":\"https:\\\/\\\/regiaonews.net.br\\\/2022\\\/#organization\",\"name\":\"Regi\u00e3o News\",\"url\":\"https:\\\/\\\/regiaonews.net.br\\\/2022\\\/\",\"logo\":{\"@type\":\"ImageObject\",\"inLanguage\":\"pt-BR\",\"@id\":\"https:\\\/\\\/regiaonews.net.br\\\/2022\\\/#\\\/schema\\\/logo\\\/image\\\/\",\"url\":\"https:\\\/\\\/regiaonews.net.br\\\/2022\\\/wp-content\\\/uploads\\\/2026\\\/03\\\/regiao-13-anos-scaled.jpg\",\"contentUrl\":\"https:\\\/\\\/regiaonews.net.br\\\/2022\\\/wp-content\\\/uploads\\\/2026\\\/03\\\/regiao-13-anos-scaled.jpg\",\"width\":2560,\"height\":635,\"caption\":\"Regi\u00e3o News\"},\"image\":{\"@id\":\"https:\\\/\\\/regiaonews.net.br\\\/2022\\\/#\\\/schema\\\/logo\\\/image\\\/\"}},{\"@type\":\"Person\",\"@id\":\"https:\\\/\\\/regiaonews.net.br\\\/2022\\\/#\\\/schema\\\/person\\\/2d205a608a5aa97ac279d7a5e6d89ad8\",\"name\":\"Roberto\",\"image\":{\"@type\":\"ImageObject\",\"inLanguage\":\"pt-BR\",\"@id\":\"https:\\\/\\\/secure.gravatar.com\\\/avatar\\\/42749d8b712ff9d59ca93dc150494e5b55a44134482993f5baeb97e61b7ecc89?s=96&d=mm&r=g\",\"url\":\"https:\\\/\\\/secure.gravatar.com\\\/avatar\\\/42749d8b712ff9d59ca93dc150494e5b55a44134482993f5baeb97e61b7ecc89?s=96&d=mm&r=g\",\"contentUrl\":\"https:\\\/\\\/secure.gravatar.com\\\/avatar\\\/42749d8b712ff9d59ca93dc150494e5b55a44134482993f5baeb97e61b7ecc89?s=96&d=mm&r=g\",\"caption\":\"Roberto\"},\"url\":\"https:\\\/\\\/regiaonews.net.br\\\/2022\\\/author\\\/roberto\\\/\"}]}<\/script>\n<!-- \/ Yoast SEO plugin. -->","yoast_head_json":{"title":"Cantora Ana Castela abre programa\u00e7\u00e3o de megafestival em Ol\u00edmpia - Regi\u00e3o News","robots":{"index":"index","follow":"follow","max-snippet":"max-snippet:-1","max-image-preview":"max-image-preview:large","max-video-preview":"max-video-preview:-1"},"canonical":"https:\/\/regiaonews.net.br\/2022\/2023\/11\/10\/cantora-ana-castela-abre-programacao-de-megafestival-em-olimpia\/","og_locale":"pt_BR","og_type":"article","og_title":"Cantora Ana Castela abre programa\u00e7\u00e3o de megafestival em Ol\u00edmpia - Regi\u00e3o News","og_description":"Boiadeira promete agitar o p\u00fablico nesta sexta-feira com grandes sucessos.","og_url":"https:\/\/regiaonews.net.br\/2022\/2023\/11\/10\/cantora-ana-castela-abre-programacao-de-megafestival-em-olimpia\/","og_site_name":"Regi\u00e3o News","article_published_time":"2023-11-10T19:46:28+00:00","og_image":[{"width":1440,"height":959,"url":"https:\/\/regiaonews.net.br\/2022\/wp-content\/uploads\/2023\/11\/ANA-CASTELA-1.jpg","type":"image\/jpeg"}],"author":"Roberto","twitter_card":"summary_large_image","twitter_misc":{"Escrito por":"Roberto","Est. tempo de leitura":"3 minutos"},"schema":{"@context":"https:\/\/schema.org","@graph":[{"@type":"Article","@id":"https:\/\/regiaonews.net.br\/2022\/2023\/11\/10\/cantora-ana-castela-abre-programacao-de-megafestival-em-olimpia\/#article","isPartOf":{"@id":"https:\/\/regiaonews.net.br\/2022\/2023\/11\/10\/cantora-ana-castela-abre-programacao-de-megafestival-em-olimpia\/"},"author":{"name":"Roberto","@id":"https:\/\/regiaonews.net.br\/2022\/#\/schema\/person\/2d205a608a5aa97ac279d7a5e6d89ad8"},"headline":"Cantora Ana Castela abre programa\u00e7\u00e3o de megafestival em Ol\u00edmpia","datePublished":"2023-11-10T19:46:28+00:00","mainEntityOfPage":{"@id":"https:\/\/regiaonews.net.br\/2022\/2023\/11\/10\/cantora-ana-castela-abre-programacao-de-megafestival-em-olimpia\/"},"wordCount":593,"commentCount":0,"publisher":{"@id":"https:\/\/regiaonews.net.br\/2022\/#organization"},"image":{"@id":"https:\/\/regiaonews.net.br\/2022\/2023\/11\/10\/cantora-ana-castela-abre-programacao-de-megafestival-em-olimpia\/#primaryimage"},"thumbnailUrl":"https:\/\/regiaonews.net.br\/2022\/wp-content\/uploads\/2023\/11\/ANA-CASTELA-1.jpg","articleSection":["Geral","Olimpia"],"inLanguage":"pt-BR","potentialAction":[{"@type":"CommentAction","name":"Comment","target":["https:\/\/regiaonews.net.br\/2022\/2023\/11\/10\/cantora-ana-castela-abre-programacao-de-megafestival-em-olimpia\/#respond"]}]},{"@type":"WebPage","@id":"https:\/\/regiaonews.net.br\/2022\/2023\/11\/10\/cantora-ana-castela-abre-programacao-de-megafestival-em-olimpia\/","url":"https:\/\/regiaonews.net.br\/2022\/2023\/11\/10\/cantora-ana-castela-abre-programacao-de-megafestival-em-olimpia\/","name":"Cantora Ana Castela abre programa\u00e7\u00e3o de megafestival em Ol\u00edmpia - Regi\u00e3o News","isPartOf":{"@id":"https:\/\/regiaonews.net.br\/2022\/#website"},"primaryImageOfPage":{"@id":"https:\/\/regiaonews.net.br\/2022\/2023\/11\/10\/cantora-ana-castela-abre-programacao-de-megafestival-em-olimpia\/#primaryimage"},"image":{"@id":"https:\/\/regiaonews.net.br\/2022\/2023\/11\/10\/cantora-ana-castela-abre-programacao-de-megafestival-em-olimpia\/#primaryimage"},"thumbnailUrl":"https:\/\/regiaonews.net.br\/2022\/wp-content\/uploads\/2023\/11\/ANA-CASTELA-1.jpg","datePublished":"2023-11-10T19:46:28+00:00","breadcrumb":{"@id":"https:\/\/regiaonews.net.br\/2022\/2023\/11\/10\/cantora-ana-castela-abre-programacao-de-megafestival-em-olimpia\/#breadcrumb"},"inLanguage":"pt-BR","potentialAction":[{"@type":"ReadAction","target":["https:\/\/regiaonews.net.br\/2022\/2023\/11\/10\/cantora-ana-castela-abre-programacao-de-megafestival-em-olimpia\/"]}]},{"@type":"ImageObject","inLanguage":"pt-BR","@id":"https:\/\/regiaonews.net.br\/2022\/2023\/11\/10\/cantora-ana-castela-abre-programacao-de-megafestival-em-olimpia\/#primaryimage","url":"https:\/\/regiaonews.net.br\/2022\/wp-content\/uploads\/2023\/11\/ANA-CASTELA-1.jpg","contentUrl":"https:\/\/regiaonews.net.br\/2022\/wp-content\/uploads\/2023\/11\/ANA-CASTELA-1.jpg","width":1440,"height":959},{"@type":"BreadcrumbList","@id":"https:\/\/regiaonews.net.br\/2022\/2023\/11\/10\/cantora-ana-castela-abre-programacao-de-megafestival-em-olimpia\/#breadcrumb","itemListElement":[{"@type":"ListItem","position":1,"name":"In\u00edcio","item":"https:\/\/regiaonews.net.br\/2022\/"},{"@type":"ListItem","position":2,"name":"Cantora Ana Castela abre programa\u00e7\u00e3o de megafestival em Ol\u00edmpia"}]},{"@type":"WebSite","@id":"https:\/\/regiaonews.net.br\/2022\/#website","url":"https:\/\/regiaonews.net.br\/2022\/","name":"Regi\u00e3o News","description":"Site de Not\u00edcias de Barretos e regi\u00e3o","publisher":{"@id":"https:\/\/regiaonews.net.br\/2022\/#organization"},"potentialAction":[{"@type":"SearchAction","target":{"@type":"EntryPoint","urlTemplate":"https:\/\/regiaonews.net.br\/2022\/?s={search_term_string}"},"query-input":{"@type":"PropertyValueSpecification","valueRequired":true,"valueName":"search_term_string"}}],"inLanguage":"pt-BR"},{"@type":"Organization","@id":"https:\/\/regiaonews.net.br\/2022\/#organization","name":"Regi\u00e3o News","url":"https:\/\/regiaonews.net.br\/2022\/","logo":{"@type":"ImageObject","inLanguage":"pt-BR","@id":"https:\/\/regiaonews.net.br\/2022\/#\/schema\/logo\/image\/","url":"https:\/\/regiaonews.net.br\/2022\/wp-content\/uploads\/2026\/03\/regiao-13-anos-scaled.jpg","contentUrl":"https:\/\/regiaonews.net.br\/2022\/wp-content\/uploads\/2026\/03\/regiao-13-anos-scaled.jpg","width":2560,"height":635,"caption":"Regi\u00e3o News"},"image":{"@id":"https:\/\/regiaonews.net.br\/2022\/#\/schema\/logo\/image\/"}},{"@type":"Person","@id":"https:\/\/regiaonews.net.br\/2022\/#\/schema\/person\/2d205a608a5aa97ac279d7a5e6d89ad8","name":"Roberto","image":{"@type":"ImageObject","inLanguage":"pt-BR","@id":"https:\/\/secure.gravatar.com\/avatar\/42749d8b712ff9d59ca93dc150494e5b55a44134482993f5baeb97e61b7ecc89?s=96&d=mm&r=g","url":"https:\/\/secure.gravatar.com\/avatar\/42749d8b712ff9d59ca93dc150494e5b55a44134482993f5baeb97e61b7ecc89?s=96&d=mm&r=g","contentUrl":"https:\/\/secure.gravatar.com\/avatar\/42749d8b712ff9d59ca93dc150494e5b55a44134482993f5baeb97e61b7ecc89?s=96&d=mm&r=g","caption":"Roberto"},"url":"https:\/\/regiaonews.net.br\/2022\/author\/roberto\/"}]}},"publishpress_future_action":{"enabled":false,"date":"2026-05-04 14:36:51","action":"change-status","newStatus":"draft","terms":[],"taxonomy":"category","extraData":[]},"publishpress_future_workflow_manual_trigger":{"enabledWorkflows":[]},"_links":{"self":[{"href":"https:\/\/regiaonews.net.br\/2022\/wp-json\/wp\/v2\/posts\/97645","targetHints":{"allow":["GET"]}}],"collection":[{"href":"https:\/\/regiaonews.net.br\/2022\/wp-json\/wp\/v2\/posts"}],"about":[{"href":"https:\/\/regiaonews.net.br\/2022\/wp-json\/wp\/v2\/types\/post"}],"author":[{"embeddable":true,"href":"https:\/\/regiaonews.net.br\/2022\/wp-json\/wp\/v2\/users\/2"}],"replies":[{"embeddable":true,"href":"https:\/\/regiaonews.net.br\/2022\/wp-json\/wp\/v2\/comments?post=97645"}],"version-history":[{"count":1,"href":"https:\/\/regiaonews.net.br\/2022\/wp-json\/wp\/v2\/posts\/97645\/revisions"}],"predecessor-version":[{"id":97647,"href":"https:\/\/regiaonews.net.br\/2022\/wp-json\/wp\/v2\/posts\/97645\/revisions\/97647"}],"wp:featuredmedia":[{"embeddable":true,"href":"https:\/\/regiaonews.net.br\/2022\/wp-json\/wp\/v2\/media\/97646"}],"wp:attachment":[{"href":"https:\/\/regiaonews.net.br\/2022\/wp-json\/wp\/v2\/media?parent=97645"}],"wp:term":[{"taxonomy":"category","embeddable":true,"href":"https:\/\/regiaonews.net.br\/2022\/wp-json\/wp\/v2\/categories?post=97645"},{"taxonomy":"post_tag","embeddable":true,"href":"https:\/\/regiaonews.net.br\/2022\/wp-json\/wp\/v2\/tags?post=97645"}],"curies":[{"name":"wp","href":"https:\/\/api.w.org\/{rel}","templated":true}]}}