{"id":97643,"date":"2023-11-10T16:44:29","date_gmt":"2023-11-10T19:44:29","guid":{"rendered":"https:\/\/regiaonews.net.br\/2022\/?p=97643"},"modified":"2023-11-10T16:44:29","modified_gmt":"2023-11-10T19:44:29","slug":"governo-de-sp-convoca-regiao-de-barretos-para-4a-turma-do-curso-para-o-protocolo-nao-se-cale","status":"publish","type":"post","link":"https:\/\/regiaonews.net.br\/2022\/2023\/11\/10\/governo-de-sp-convoca-regiao-de-barretos-para-4a-turma-do-curso-para-o-protocolo-nao-se-cale\/","title":{"rendered":"Governo de SP convoca regi\u00e3o de Barretos para 4\u00aa turma do curso para o protocolo N\u00e3o se Cale"},"content":{"rendered":"<h3 style=\"text-align: center;\">Cronograma chega \u00e0 \u00faltima etapa de cadastros; capacita\u00e7\u00e3o segue obrigat\u00f3ria para setores de gastronomia, entretenimento e lazer.<\/h3>\n<p>O Governo de S\u00e3o Paulo abriu as inscri\u00e7\u00f5es para a \u00faltima turma do curso gratuito e obrigat\u00f3rio de combate \u00e0 viol\u00eancia contra mulheres, pelo protocolo N\u00e3o se Cale. Essa \u00e9 a \u00faltima fase para que os profissionais se cadastrem e realizem a capacita\u00e7\u00e3o, que \u00e9 obrigat\u00f3ria por lei para quem trabalha em bares, restaurantes, casas de eventos, espet\u00e1culos e similares. O preenchimento do formul\u00e1rio \u00e9 individual e leva aproximadamente cinco minutos. Basta acessar o link: https:\/\/forms.univesp.br\/nao-se-cale\/. A capacita\u00e7\u00e3o s\u00f3 \u00e9 v\u00e1lida com o certificado emitido pela Secretaria Estadual de Pol\u00edticas para a Mulher.<\/p>\n<p>Quem se inscrever agora come\u00e7ar\u00e1 as aulas em janeiro de 2024. O curso \u00e9 totalmente online e pode ser realizado conforme ritmo e disponibilidade de cada profissional.<\/p>\n<p>Profissionais que atuam nos setores de gastronomia, entretenimento e lazer t\u00eam prioridade, al\u00e9m dos que trabalham em \u00e1reas de seguran\u00e7a, assist\u00eancia social e sa\u00fade. Contudo, trabalhadores de outras \u00e1reas tamb\u00e9m poder\u00e3o ocupar as 1,5 milh\u00e3o de vagas disponibilizadas pelo Governo de S\u00e3o Paulo.<\/p>\n<p>A capacita\u00e7\u00e3o visa preparar os estabelecimentos a identificar e enfrentar situa\u00e7\u00f5es de risco de forma ativa e adequada, prestando os aux\u00edlios previstos no protocolo diante de qualquer pedido de socorro ou suspeita de caso de ass\u00e9dio, viol\u00eancia ou importuna\u00e7\u00e3o sexual.<\/p>\n<p>A certifica\u00e7\u00e3o \u00e9 exigida pelas leis 17.621\/2023 e 17.635\/2023 e decreto 67.856\/2023. O cumprimento ser\u00e1 fiscalizado pelo Procon-SP. Eventuais infra\u00e7\u00f5es podem resultar em multa, suspens\u00e3o do servi\u00e7o ou atividade e at\u00e9 interdi\u00e7\u00e3o, nos termos estipulados pelo C\u00f3digo de Defesa do Consumidor. A multa pode variar de 200 a 3 milh\u00f5es de UFESPs (Unidade Fiscal do Estado de S\u00e3o Paulo) \u2013 atualmente com valor unit\u00e1rio de R$ 34,26, de acordo com a gravidade e crit\u00e9rios previstos no C\u00f3digo.<\/p>\n<p>At\u00e9 o primeiro trimestre de 2024, todos os setores dever\u00e3o ter conclu\u00eddo o curso, de acordo com a Resolu\u00e7\u00e3o n\u00ba 5\/2023.<\/p>\n<p>Curso e certificado<\/p>\n<p>O conte\u00fado foi preparado pelo Governo de S\u00e3o Paulo em parceria com a Univesp e a TV Cultura. H\u00e1 m\u00f3dulos sobre conscientiza\u00e7\u00e3o, fluxos de atendimento e rede de prote\u00e7\u00e3o, agregando conte\u00fados did\u00e1ticos nas \u00e1reas de Seguran\u00e7a, Sa\u00fade e Assist\u00eancia. O tempo m\u00e1ximo estimado para a conclus\u00e3o do curso \u00e9 de 30 horas.<\/p>\n<p>Depois da conclus\u00e3o, o profissional recebe um certificado oficial e autenticado, garantindo que o estabelecimento onde trabalha possa obter futuramente o Selo e Pr\u00eamio Estabelecimento Amigo da Mulher.<\/p>\n<p>Entenda o protocolo N\u00e3o se Cale<\/p>\n<p>O protocolo foi criado para refor\u00e7ar as estrat\u00e9gias de prote\u00e7\u00e3o das mulheres em estabelecimentos privados e p\u00fablicos, padronizando formas de acolhimento e suporte do poder p\u00fablico. Agora, a mulher que precisar de apoio pode pedir ajuda tanto verbalmente quanto por meio de um sinal feito com apenas uma m\u00e3o: palma aberta para cima, polegar flexionado ao centro e dedos fechados em punho. Diante da solicita\u00e7\u00e3o ou situa\u00e7\u00e3o suspeita de ass\u00e9dio contra uma mulher, os profissionais capacitados dever\u00e3o acolher a v\u00edtima em espa\u00e7o reservado e seguro, e oferecer acompanhamento para sair do local. Caso haja necessidade, a pol\u00edcia ou o SAMU poder\u00e3o ser acionados, respeitando sempre a decis\u00e3o da mulher.<\/p>\n<p>Al\u00e9m desse apoio, \u00e9 obrigat\u00f3rio fixar os cartazes oficiais sobre a lei em local vis\u00edvel para todos, al\u00e9m dos banheiros destinados ao p\u00fablico feminino. Somente os estabelecimentos que cumprirem integralmente a legisla\u00e7\u00e3o poder\u00e3o conquistar futuramente o Selo e Pr\u00eamio Estabelecimento Amigo da Mulher. O Selo ter\u00e1 tr\u00eas categorias distintas \u2013 ouro, prata e bronze \u2013 e ter\u00e1 validade anual. Os crit\u00e9rios ser\u00e3o indicados em resolu\u00e7\u00e3o estadual para graus de complexidade das a\u00e7\u00f5es adotadas pelo estabelecimento. A partir de 2024, aqueles que j\u00e1 tiverem obtido a certifica\u00e7\u00e3o ouro poder\u00e3o participar da premia\u00e7\u00e3o a partir de edital de chamamento p\u00fablico.<\/p>\n<p>Secretaria de Comunica\u00e7\u00e3o do Estado de S\u00e3o Paulo<\/p>\n","protected":false},"excerpt":{"rendered":"<p>Cronograma chega \u00e0 \u00faltima etapa de cadastros; capacita\u00e7\u00e3o segue obrigat\u00f3ria<\/p>\n","protected":false},"author":2,"featured_media":29562,"comment_status":"open","ping_status":"open","sticky":false,"template":"","format":"standard","meta":{"footnotes":""},"categories":[14,7],"tags":[],"class_list":["post-97643","post","type-post","status-publish","format-standard","has-post-thumbnail","hentry","category-barretos","category-estado-de-sao-paulo"],"yoast_head":"<!-- This site is optimized with the Yoast SEO plugin v27.4 - https:\/\/yoast.com\/product\/yoast-seo-wordpress\/ -->\n<title>Governo de SP convoca regi\u00e3o de Barretos para 4\u00aa turma do curso para o protocolo N\u00e3o se Cale - Regi\u00e3o News<\/title>\n<meta name=\"robots\" content=\"index, follow, max-snippet:-1, max-image-preview:large, max-video-preview:-1\" \/>\n<link rel=\"canonical\" href=\"https:\/\/regiaonews.net.br\/2022\/2023\/11\/10\/governo-de-sp-convoca-regiao-de-barretos-para-4a-turma-do-curso-para-o-protocolo-nao-se-cale\/\" \/>\n<meta property=\"og:locale\" content=\"pt_BR\" \/>\n<meta property=\"og:type\" content=\"article\" \/>\n<meta property=\"og:title\" content=\"Governo de SP convoca regi\u00e3o de Barretos para 4\u00aa turma do curso para o protocolo N\u00e3o se Cale - Regi\u00e3o News\" \/>\n<meta property=\"og:description\" content=\"Cronograma chega \u00e0 \u00faltima etapa de cadastros; capacita\u00e7\u00e3o segue obrigat\u00f3ria\" \/>\n<meta property=\"og:url\" content=\"https:\/\/regiaonews.net.br\/2022\/2023\/11\/10\/governo-de-sp-convoca-regiao-de-barretos-para-4a-turma-do-curso-para-o-protocolo-nao-se-cale\/\" \/>\n<meta property=\"og:site_name\" content=\"Regi\u00e3o News\" \/>\n<meta property=\"article:published_time\" content=\"2023-11-10T19:44:29+00:00\" \/>\n<meta property=\"og:image\" content=\"https:\/\/regiaonews.net.br\/2022\/wp-content\/uploads\/2020\/03\/barretos-vista-area-divulgacao-prefeitura.jpg\" \/>\n\t<meta property=\"og:image:width\" content=\"1024\" \/>\n\t<meta property=\"og:image:height\" content=\"678\" \/>\n\t<meta property=\"og:image:type\" content=\"image\/jpeg\" \/>\n<meta name=\"author\" content=\"Roberto\" \/>\n<meta name=\"twitter:card\" content=\"summary_large_image\" \/>\n<meta name=\"twitter:label1\" content=\"Escrito por\" \/>\n\t<meta name=\"twitter:data1\" content=\"Roberto\" \/>\n\t<meta name=\"twitter:label2\" content=\"Est. tempo de leitura\" \/>\n\t<meta name=\"twitter:data2\" content=\"4 minutos\" \/>\n<script type=\"application\/ld+json\" class=\"yoast-schema-graph\">{\"@context\":\"https:\\\/\\\/schema.org\",\"@graph\":[{\"@type\":\"Article\",\"@id\":\"https:\\\/\\\/regiaonews.net.br\\\/2022\\\/2023\\\/11\\\/10\\\/governo-de-sp-convoca-regiao-de-barretos-para-4a-turma-do-curso-para-o-protocolo-nao-se-cale\\\/#article\",\"isPartOf\":{\"@id\":\"https:\\\/\\\/regiaonews.net.br\\\/2022\\\/2023\\\/11\\\/10\\\/governo-de-sp-convoca-regiao-de-barretos-para-4a-turma-do-curso-para-o-protocolo-nao-se-cale\\\/\"},\"author\":{\"name\":\"Roberto\",\"@id\":\"https:\\\/\\\/regiaonews.net.br\\\/2022\\\/#\\\/schema\\\/person\\\/2d205a608a5aa97ac279d7a5e6d89ad8\"},\"headline\":\"Governo de SP convoca regi\u00e3o de Barretos para 4\u00aa turma do curso para o protocolo N\u00e3o se Cale\",\"datePublished\":\"2023-11-10T19:44:29+00:00\",\"mainEntityOfPage\":{\"@id\":\"https:\\\/\\\/regiaonews.net.br\\\/2022\\\/2023\\\/11\\\/10\\\/governo-de-sp-convoca-regiao-de-barretos-para-4a-turma-do-curso-para-o-protocolo-nao-se-cale\\\/\"},\"wordCount\":713,\"commentCount\":0,\"publisher\":{\"@id\":\"https:\\\/\\\/regiaonews.net.br\\\/2022\\\/#organization\"},\"image\":{\"@id\":\"https:\\\/\\\/regiaonews.net.br\\\/2022\\\/2023\\\/11\\\/10\\\/governo-de-sp-convoca-regiao-de-barretos-para-4a-turma-do-curso-para-o-protocolo-nao-se-cale\\\/#primaryimage\"},\"thumbnailUrl\":\"https:\\\/\\\/regiaonews.net.br\\\/2022\\\/wp-content\\\/uploads\\\/2020\\\/03\\\/barretos-vista-area-divulgacao-prefeitura.jpg\",\"articleSection\":[\"Barretos\",\"Estado de S\u00e3o Paulo\"],\"inLanguage\":\"pt-BR\",\"potentialAction\":[{\"@type\":\"CommentAction\",\"name\":\"Comment\",\"target\":[\"https:\\\/\\\/regiaonews.net.br\\\/2022\\\/2023\\\/11\\\/10\\\/governo-de-sp-convoca-regiao-de-barretos-para-4a-turma-do-curso-para-o-protocolo-nao-se-cale\\\/#respond\"]}]},{\"@type\":\"WebPage\",\"@id\":\"https:\\\/\\\/regiaonews.net.br\\\/2022\\\/2023\\\/11\\\/10\\\/governo-de-sp-convoca-regiao-de-barretos-para-4a-turma-do-curso-para-o-protocolo-nao-se-cale\\\/\",\"url\":\"https:\\\/\\\/regiaonews.net.br\\\/2022\\\/2023\\\/11\\\/10\\\/governo-de-sp-convoca-regiao-de-barretos-para-4a-turma-do-curso-para-o-protocolo-nao-se-cale\\\/\",\"name\":\"Governo de SP convoca regi\u00e3o de Barretos para 4\u00aa turma do curso para o protocolo N\u00e3o se Cale - Regi\u00e3o News\",\"isPartOf\":{\"@id\":\"https:\\\/\\\/regiaonews.net.br\\\/2022\\\/#website\"},\"primaryImageOfPage\":{\"@id\":\"https:\\\/\\\/regiaonews.net.br\\\/2022\\\/2023\\\/11\\\/10\\\/governo-de-sp-convoca-regiao-de-barretos-para-4a-turma-do-curso-para-o-protocolo-nao-se-cale\\\/#primaryimage\"},\"image\":{\"@id\":\"https:\\\/\\\/regiaonews.net.br\\\/2022\\\/2023\\\/11\\\/10\\\/governo-de-sp-convoca-regiao-de-barretos-para-4a-turma-do-curso-para-o-protocolo-nao-se-cale\\\/#primaryimage\"},\"thumbnailUrl\":\"https:\\\/\\\/regiaonews.net.br\\\/2022\\\/wp-content\\\/uploads\\\/2020\\\/03\\\/barretos-vista-area-divulgacao-prefeitura.jpg\",\"datePublished\":\"2023-11-10T19:44:29+00:00\",\"breadcrumb\":{\"@id\":\"https:\\\/\\\/regiaonews.net.br\\\/2022\\\/2023\\\/11\\\/10\\\/governo-de-sp-convoca-regiao-de-barretos-para-4a-turma-do-curso-para-o-protocolo-nao-se-cale\\\/#breadcrumb\"},\"inLanguage\":\"pt-BR\",\"potentialAction\":[{\"@type\":\"ReadAction\",\"target\":[\"https:\\\/\\\/regiaonews.net.br\\\/2022\\\/2023\\\/11\\\/10\\\/governo-de-sp-convoca-regiao-de-barretos-para-4a-turma-do-curso-para-o-protocolo-nao-se-cale\\\/\"]}]},{\"@type\":\"ImageObject\",\"inLanguage\":\"pt-BR\",\"@id\":\"https:\\\/\\\/regiaonews.net.br\\\/2022\\\/2023\\\/11\\\/10\\\/governo-de-sp-convoca-regiao-de-barretos-para-4a-turma-do-curso-para-o-protocolo-nao-se-cale\\\/#primaryimage\",\"url\":\"https:\\\/\\\/regiaonews.net.br\\\/2022\\\/wp-content\\\/uploads\\\/2020\\\/03\\\/barretos-vista-area-divulgacao-prefeitura.jpg\",\"contentUrl\":\"https:\\\/\\\/regiaonews.net.br\\\/2022\\\/wp-content\\\/uploads\\\/2020\\\/03\\\/barretos-vista-area-divulgacao-prefeitura.jpg\",\"width\":1024,\"height\":678},{\"@type\":\"BreadcrumbList\",\"@id\":\"https:\\\/\\\/regiaonews.net.br\\\/2022\\\/2023\\\/11\\\/10\\\/governo-de-sp-convoca-regiao-de-barretos-para-4a-turma-do-curso-para-o-protocolo-nao-se-cale\\\/#breadcrumb\",\"itemListElement\":[{\"@type\":\"ListItem\",\"position\":1,\"name\":\"In\u00edcio\",\"item\":\"https:\\\/\\\/regiaonews.net.br\\\/2022\\\/\"},{\"@type\":\"ListItem\",\"position\":2,\"name\":\"Governo de SP convoca regi\u00e3o de Barretos para 4\u00aa turma do curso para o protocolo N\u00e3o se Cale\"}]},{\"@type\":\"WebSite\",\"@id\":\"https:\\\/\\\/regiaonews.net.br\\\/2022\\\/#website\",\"url\":\"https:\\\/\\\/regiaonews.net.br\\\/2022\\\/\",\"name\":\"Regi\u00e3o News\",\"description\":\"Site de Not\u00edcias de Barretos e regi\u00e3o\",\"publisher\":{\"@id\":\"https:\\\/\\\/regiaonews.net.br\\\/2022\\\/#organization\"},\"potentialAction\":[{\"@type\":\"SearchAction\",\"target\":{\"@type\":\"EntryPoint\",\"urlTemplate\":\"https:\\\/\\\/regiaonews.net.br\\\/2022\\\/?s={search_term_string}\"},\"query-input\":{\"@type\":\"PropertyValueSpecification\",\"valueRequired\":true,\"valueName\":\"search_term_string\"}}],\"inLanguage\":\"pt-BR\"},{\"@type\":\"Organization\",\"@id\":\"https:\\\/\\\/regiaonews.net.br\\\/2022\\\/#organization\",\"name\":\"Regi\u00e3o News\",\"url\":\"https:\\\/\\\/regiaonews.net.br\\\/2022\\\/\",\"logo\":{\"@type\":\"ImageObject\",\"inLanguage\":\"pt-BR\",\"@id\":\"https:\\\/\\\/regiaonews.net.br\\\/2022\\\/#\\\/schema\\\/logo\\\/image\\\/\",\"url\":\"https:\\\/\\\/regiaonews.net.br\\\/2022\\\/wp-content\\\/uploads\\\/2026\\\/03\\\/regiao-13-anos-scaled.jpg\",\"contentUrl\":\"https:\\\/\\\/regiaonews.net.br\\\/2022\\\/wp-content\\\/uploads\\\/2026\\\/03\\\/regiao-13-anos-scaled.jpg\",\"width\":2560,\"height\":635,\"caption\":\"Regi\u00e3o News\"},\"image\":{\"@id\":\"https:\\\/\\\/regiaonews.net.br\\\/2022\\\/#\\\/schema\\\/logo\\\/image\\\/\"}},{\"@type\":\"Person\",\"@id\":\"https:\\\/\\\/regiaonews.net.br\\\/2022\\\/#\\\/schema\\\/person\\\/2d205a608a5aa97ac279d7a5e6d89ad8\",\"name\":\"Roberto\",\"image\":{\"@type\":\"ImageObject\",\"inLanguage\":\"pt-BR\",\"@id\":\"https:\\\/\\\/secure.gravatar.com\\\/avatar\\\/42749d8b712ff9d59ca93dc150494e5b55a44134482993f5baeb97e61b7ecc89?s=96&d=mm&r=g\",\"url\":\"https:\\\/\\\/secure.gravatar.com\\\/avatar\\\/42749d8b712ff9d59ca93dc150494e5b55a44134482993f5baeb97e61b7ecc89?s=96&d=mm&r=g\",\"contentUrl\":\"https:\\\/\\\/secure.gravatar.com\\\/avatar\\\/42749d8b712ff9d59ca93dc150494e5b55a44134482993f5baeb97e61b7ecc89?s=96&d=mm&r=g\",\"caption\":\"Roberto\"},\"url\":\"https:\\\/\\\/regiaonews.net.br\\\/2022\\\/author\\\/roberto\\\/\"}]}<\/script>\n<!-- \/ Yoast SEO plugin. -->","yoast_head_json":{"title":"Governo de SP convoca regi\u00e3o de Barretos para 4\u00aa turma do curso para o protocolo N\u00e3o se Cale - Regi\u00e3o News","robots":{"index":"index","follow":"follow","max-snippet":"max-snippet:-1","max-image-preview":"max-image-preview:large","max-video-preview":"max-video-preview:-1"},"canonical":"https:\/\/regiaonews.net.br\/2022\/2023\/11\/10\/governo-de-sp-convoca-regiao-de-barretos-para-4a-turma-do-curso-para-o-protocolo-nao-se-cale\/","og_locale":"pt_BR","og_type":"article","og_title":"Governo de SP convoca regi\u00e3o de Barretos para 4\u00aa turma do curso para o protocolo N\u00e3o se Cale - Regi\u00e3o News","og_description":"Cronograma chega \u00e0 \u00faltima etapa de cadastros; capacita\u00e7\u00e3o segue obrigat\u00f3ria","og_url":"https:\/\/regiaonews.net.br\/2022\/2023\/11\/10\/governo-de-sp-convoca-regiao-de-barretos-para-4a-turma-do-curso-para-o-protocolo-nao-se-cale\/","og_site_name":"Regi\u00e3o News","article_published_time":"2023-11-10T19:44:29+00:00","og_image":[{"width":1024,"height":678,"url":"https:\/\/regiaonews.net.br\/2022\/wp-content\/uploads\/2020\/03\/barretos-vista-area-divulgacao-prefeitura.jpg","type":"image\/jpeg"}],"author":"Roberto","twitter_card":"summary_large_image","twitter_misc":{"Escrito por":"Roberto","Est. tempo de leitura":"4 minutos"},"schema":{"@context":"https:\/\/schema.org","@graph":[{"@type":"Article","@id":"https:\/\/regiaonews.net.br\/2022\/2023\/11\/10\/governo-de-sp-convoca-regiao-de-barretos-para-4a-turma-do-curso-para-o-protocolo-nao-se-cale\/#article","isPartOf":{"@id":"https:\/\/regiaonews.net.br\/2022\/2023\/11\/10\/governo-de-sp-convoca-regiao-de-barretos-para-4a-turma-do-curso-para-o-protocolo-nao-se-cale\/"},"author":{"name":"Roberto","@id":"https:\/\/regiaonews.net.br\/2022\/#\/schema\/person\/2d205a608a5aa97ac279d7a5e6d89ad8"},"headline":"Governo de SP convoca regi\u00e3o de Barretos para 4\u00aa turma do curso para o protocolo N\u00e3o se Cale","datePublished":"2023-11-10T19:44:29+00:00","mainEntityOfPage":{"@id":"https:\/\/regiaonews.net.br\/2022\/2023\/11\/10\/governo-de-sp-convoca-regiao-de-barretos-para-4a-turma-do-curso-para-o-protocolo-nao-se-cale\/"},"wordCount":713,"commentCount":0,"publisher":{"@id":"https:\/\/regiaonews.net.br\/2022\/#organization"},"image":{"@id":"https:\/\/regiaonews.net.br\/2022\/2023\/11\/10\/governo-de-sp-convoca-regiao-de-barretos-para-4a-turma-do-curso-para-o-protocolo-nao-se-cale\/#primaryimage"},"thumbnailUrl":"https:\/\/regiaonews.net.br\/2022\/wp-content\/uploads\/2020\/03\/barretos-vista-area-divulgacao-prefeitura.jpg","articleSection":["Barretos","Estado de S\u00e3o Paulo"],"inLanguage":"pt-BR","potentialAction":[{"@type":"CommentAction","name":"Comment","target":["https:\/\/regiaonews.net.br\/2022\/2023\/11\/10\/governo-de-sp-convoca-regiao-de-barretos-para-4a-turma-do-curso-para-o-protocolo-nao-se-cale\/#respond"]}]},{"@type":"WebPage","@id":"https:\/\/regiaonews.net.br\/2022\/2023\/11\/10\/governo-de-sp-convoca-regiao-de-barretos-para-4a-turma-do-curso-para-o-protocolo-nao-se-cale\/","url":"https:\/\/regiaonews.net.br\/2022\/2023\/11\/10\/governo-de-sp-convoca-regiao-de-barretos-para-4a-turma-do-curso-para-o-protocolo-nao-se-cale\/","name":"Governo de SP convoca regi\u00e3o de Barretos para 4\u00aa turma do curso para o protocolo N\u00e3o se Cale - Regi\u00e3o News","isPartOf":{"@id":"https:\/\/regiaonews.net.br\/2022\/#website"},"primaryImageOfPage":{"@id":"https:\/\/regiaonews.net.br\/2022\/2023\/11\/10\/governo-de-sp-convoca-regiao-de-barretos-para-4a-turma-do-curso-para-o-protocolo-nao-se-cale\/#primaryimage"},"image":{"@id":"https:\/\/regiaonews.net.br\/2022\/2023\/11\/10\/governo-de-sp-convoca-regiao-de-barretos-para-4a-turma-do-curso-para-o-protocolo-nao-se-cale\/#primaryimage"},"thumbnailUrl":"https:\/\/regiaonews.net.br\/2022\/wp-content\/uploads\/2020\/03\/barretos-vista-area-divulgacao-prefeitura.jpg","datePublished":"2023-11-10T19:44:29+00:00","breadcrumb":{"@id":"https:\/\/regiaonews.net.br\/2022\/2023\/11\/10\/governo-de-sp-convoca-regiao-de-barretos-para-4a-turma-do-curso-para-o-protocolo-nao-se-cale\/#breadcrumb"},"inLanguage":"pt-BR","potentialAction":[{"@type":"ReadAction","target":["https:\/\/regiaonews.net.br\/2022\/2023\/11\/10\/governo-de-sp-convoca-regiao-de-barretos-para-4a-turma-do-curso-para-o-protocolo-nao-se-cale\/"]}]},{"@type":"ImageObject","inLanguage":"pt-BR","@id":"https:\/\/regiaonews.net.br\/2022\/2023\/11\/10\/governo-de-sp-convoca-regiao-de-barretos-para-4a-turma-do-curso-para-o-protocolo-nao-se-cale\/#primaryimage","url":"https:\/\/regiaonews.net.br\/2022\/wp-content\/uploads\/2020\/03\/barretos-vista-area-divulgacao-prefeitura.jpg","contentUrl":"https:\/\/regiaonews.net.br\/2022\/wp-content\/uploads\/2020\/03\/barretos-vista-area-divulgacao-prefeitura.jpg","width":1024,"height":678},{"@type":"BreadcrumbList","@id":"https:\/\/regiaonews.net.br\/2022\/2023\/11\/10\/governo-de-sp-convoca-regiao-de-barretos-para-4a-turma-do-curso-para-o-protocolo-nao-se-cale\/#breadcrumb","itemListElement":[{"@type":"ListItem","position":1,"name":"In\u00edcio","item":"https:\/\/regiaonews.net.br\/2022\/"},{"@type":"ListItem","position":2,"name":"Governo de SP convoca regi\u00e3o de Barretos para 4\u00aa turma do curso para o protocolo N\u00e3o se Cale"}]},{"@type":"WebSite","@id":"https:\/\/regiaonews.net.br\/2022\/#website","url":"https:\/\/regiaonews.net.br\/2022\/","name":"Regi\u00e3o News","description":"Site de Not\u00edcias de Barretos e regi\u00e3o","publisher":{"@id":"https:\/\/regiaonews.net.br\/2022\/#organization"},"potentialAction":[{"@type":"SearchAction","target":{"@type":"EntryPoint","urlTemplate":"https:\/\/regiaonews.net.br\/2022\/?s={search_term_string}"},"query-input":{"@type":"PropertyValueSpecification","valueRequired":true,"valueName":"search_term_string"}}],"inLanguage":"pt-BR"},{"@type":"Organization","@id":"https:\/\/regiaonews.net.br\/2022\/#organization","name":"Regi\u00e3o News","url":"https:\/\/regiaonews.net.br\/2022\/","logo":{"@type":"ImageObject","inLanguage":"pt-BR","@id":"https:\/\/regiaonews.net.br\/2022\/#\/schema\/logo\/image\/","url":"https:\/\/regiaonews.net.br\/2022\/wp-content\/uploads\/2026\/03\/regiao-13-anos-scaled.jpg","contentUrl":"https:\/\/regiaonews.net.br\/2022\/wp-content\/uploads\/2026\/03\/regiao-13-anos-scaled.jpg","width":2560,"height":635,"caption":"Regi\u00e3o News"},"image":{"@id":"https:\/\/regiaonews.net.br\/2022\/#\/schema\/logo\/image\/"}},{"@type":"Person","@id":"https:\/\/regiaonews.net.br\/2022\/#\/schema\/person\/2d205a608a5aa97ac279d7a5e6d89ad8","name":"Roberto","image":{"@type":"ImageObject","inLanguage":"pt-BR","@id":"https:\/\/secure.gravatar.com\/avatar\/42749d8b712ff9d59ca93dc150494e5b55a44134482993f5baeb97e61b7ecc89?s=96&d=mm&r=g","url":"https:\/\/secure.gravatar.com\/avatar\/42749d8b712ff9d59ca93dc150494e5b55a44134482993f5baeb97e61b7ecc89?s=96&d=mm&r=g","contentUrl":"https:\/\/secure.gravatar.com\/avatar\/42749d8b712ff9d59ca93dc150494e5b55a44134482993f5baeb97e61b7ecc89?s=96&d=mm&r=g","caption":"Roberto"},"url":"https:\/\/regiaonews.net.br\/2022\/author\/roberto\/"}]}},"publishpress_future_action":{"enabled":false,"date":"2026-05-04 13:01:07","action":"change-status","newStatus":"draft","terms":[],"taxonomy":"category","extraData":[]},"publishpress_future_workflow_manual_trigger":{"enabledWorkflows":[]},"_links":{"self":[{"href":"https:\/\/regiaonews.net.br\/2022\/wp-json\/wp\/v2\/posts\/97643","targetHints":{"allow":["GET"]}}],"collection":[{"href":"https:\/\/regiaonews.net.br\/2022\/wp-json\/wp\/v2\/posts"}],"about":[{"href":"https:\/\/regiaonews.net.br\/2022\/wp-json\/wp\/v2\/types\/post"}],"author":[{"embeddable":true,"href":"https:\/\/regiaonews.net.br\/2022\/wp-json\/wp\/v2\/users\/2"}],"replies":[{"embeddable":true,"href":"https:\/\/regiaonews.net.br\/2022\/wp-json\/wp\/v2\/comments?post=97643"}],"version-history":[{"count":1,"href":"https:\/\/regiaonews.net.br\/2022\/wp-json\/wp\/v2\/posts\/97643\/revisions"}],"predecessor-version":[{"id":97644,"href":"https:\/\/regiaonews.net.br\/2022\/wp-json\/wp\/v2\/posts\/97643\/revisions\/97644"}],"wp:featuredmedia":[{"embeddable":true,"href":"https:\/\/regiaonews.net.br\/2022\/wp-json\/wp\/v2\/media\/29562"}],"wp:attachment":[{"href":"https:\/\/regiaonews.net.br\/2022\/wp-json\/wp\/v2\/media?parent=97643"}],"wp:term":[{"taxonomy":"category","embeddable":true,"href":"https:\/\/regiaonews.net.br\/2022\/wp-json\/wp\/v2\/categories?post=97643"},{"taxonomy":"post_tag","embeddable":true,"href":"https:\/\/regiaonews.net.br\/2022\/wp-json\/wp\/v2\/tags?post=97643"}],"curies":[{"name":"wp","href":"https:\/\/api.w.org\/{rel}","templated":true}]}}