{"id":97634,"date":"2023-11-10T16:13:24","date_gmt":"2023-11-10T19:13:24","guid":{"rendered":"https:\/\/regiaonews.net.br\/2022\/?p=97634"},"modified":"2023-11-10T16:13:24","modified_gmt":"2023-11-10T19:13:24","slug":"profissionais-da-saude-passam-a-integrar-quadro-da-pm-orgulho-poder-servir-diz-formanda","status":"publish","type":"post","link":"https:\/\/regiaonews.net.br\/2022\/2023\/11\/10\/profissionais-da-saude-passam-a-integrar-quadro-da-pm-orgulho-poder-servir-diz-formanda\/","title":{"rendered":"Profissionais da sa\u00fade passam a integrar quadro da PM: \u201cOrgulho poder servir\u201d, diz formanda"},"content":{"rendered":"<div class=\"col-lg-12 mt-2 justify\">\n<h3 class=\"justify\" style=\"text-align: center;\">Curso formou 63 profissionais, entre m\u00e9dicos, dentistas, farmac\u00eauticos e veterin\u00e1rios.<\/h3>\n<\/div>\n<div class=\"col-lg-12 mt-3 justify\">\n<div>\n<div>Centenas de pessoas acompanharam, na manh\u00e3 desta sexta-feira (10), a formatura de novos oficiais do Quadro de Sa\u00fade da Pol\u00edcia Militar de S\u00e3o Paulo. A cerim\u00f4nia foi na Academia de Pol\u00edcia Militar do Barro Branco (APMBB), na zona norte da capital.<\/div>\n<div>\n<div>Nascida em Belo Horizonte (MG), a 2\u00ba tenente dentista Isabela \u00e9 um dos 63 formandos que passam a integrar o quadro de oficiais. \u201c\u00c9 um orgulho, agora, poder servir aos policiais militares do Estado de S\u00e3o Paulo, atendendo todos eles que, bravamente, lutam diariamente na nossa sociedade\u201d, afirmou Isabela, que foi a terceira colocada no curso.<\/div>\n<div><\/div>\n<div>Dos 63 formandos, s\u00e3o 30 m\u00e9dicos, 25 dentistas, dois veterin\u00e1rios e seis farmac\u00eauticos.<\/div>\n<div><\/div>\n<div>A turma, formada por 37 mulheres e 26 homens, \u00e9 denominada \u201cJo\u00e3o Alves de Lima\u201d, em homenagem ao professor Dr. Jo\u00e3o Alves de Lima, um dos fundadores da Associa\u00e7\u00e3o Paulista de Medicina, em 1930.<\/div>\n<div><\/div>\n<div>&#8220;Aos nossos her\u00f3is, que diariamente combatem o crime organizado na regi\u00e3o, meus queridos amigos policiais do quadro de sa\u00fade da Pol\u00edcia Militar do Estado de S\u00e3o Paulo, parab\u00e9ns pelo trabalho t\u00e3o dif\u00edcil, desafiador e primordial para a capital. Esta \u00e9 a \u00fanica profiss\u00e3o que n\u00e3o se faz planejamento. Somos n\u00f3s, militares, que arriscamos as nossas vidas para salvar a do pr\u00f3ximo e da popula\u00e7\u00e3o&#8221;, disse o secret\u00e1rio da Seguran\u00e7a P\u00fablica, Guilherme Derrite, ao parabenizar os formandos.<\/div>\n<div><\/div>\n<div>Os novos 63 oficiais j\u00e1 se apresentam em suas unidades a partir de segunda-feira (13).<\/div>\n<div><\/div>\n<div>O Curso de Adapta\u00e7\u00e3o do Quadro de Oficiais de Sa\u00fade (QOS) tem 3 meses de dura\u00e7\u00e3o e forma oficiais para prover aos membros da PM e seus familiares assist\u00eancia m\u00e9dica e demais cuidados de sa\u00fade, garantindo as boas condi\u00e7\u00f5es para o desempenho das fun\u00e7\u00f5es.<\/div>\n<div>&#8220;Esse compromisso nosso de valoriza\u00e7\u00e3o da institui\u00e7\u00e3o s\u00e3o os homens e as mulheres que a comp\u00f5em. Voc\u00eas s\u00e3o muito importantes para a popula\u00e7\u00e3o paulista, e tenham certeza de que est\u00e3o salvando milhares de vidas no estado de S\u00e3o Paulo&#8221;, disse o secret\u00e1rio.<\/div>\n<\/div>\n<\/div>\n<\/div>\n","protected":false},"excerpt":{"rendered":"<p>Curso formou 63 profissionais, entre m\u00e9dicos, dentistas, farmac\u00eauticos e veterin\u00e1rios.<\/p>\n","protected":false},"author":2,"featured_media":97635,"comment_status":"open","ping_status":"open","sticky":false,"template":"","format":"standard","meta":{"footnotes":""},"categories":[7,23],"tags":[],"class_list":["post-97634","post","type-post","status-publish","format-standard","has-post-thumbnail","hentry","category-estado-de-sao-paulo","category-policia"],"yoast_head":"<!-- This site is optimized with the Yoast SEO plugin v27.4 - https:\/\/yoast.com\/product\/yoast-seo-wordpress\/ -->\n<title>Profissionais da sa\u00fade passam a integrar quadro da PM: \u201cOrgulho poder servir\u201d, diz formanda - Regi\u00e3o News<\/title>\n<meta name=\"robots\" content=\"index, follow, max-snippet:-1, max-image-preview:large, max-video-preview:-1\" \/>\n<link rel=\"canonical\" href=\"https:\/\/regiaonews.net.br\/2022\/2023\/11\/10\/profissionais-da-saude-passam-a-integrar-quadro-da-pm-orgulho-poder-servir-diz-formanda\/\" \/>\n<meta property=\"og:locale\" content=\"pt_BR\" \/>\n<meta property=\"og:type\" content=\"article\" \/>\n<meta property=\"og:title\" content=\"Profissionais da sa\u00fade passam a integrar quadro da PM: \u201cOrgulho poder servir\u201d, diz formanda - Regi\u00e3o News\" \/>\n<meta property=\"og:description\" content=\"Curso formou 63 profissionais, entre m\u00e9dicos, dentistas, farmac\u00eauticos e veterin\u00e1rios.\" \/>\n<meta property=\"og:url\" content=\"https:\/\/regiaonews.net.br\/2022\/2023\/11\/10\/profissionais-da-saude-passam-a-integrar-quadro-da-pm-orgulho-poder-servir-diz-formanda\/\" \/>\n<meta property=\"og:site_name\" content=\"Regi\u00e3o News\" \/>\n<meta property=\"article:published_time\" content=\"2023-11-10T19:13:24+00:00\" \/>\n<meta property=\"og:image\" content=\"https:\/\/regiaonews.net.br\/2022\/wp-content\/uploads\/2023\/11\/00051982.jpeg\" \/>\n\t<meta property=\"og:image:width\" content=\"1024\" \/>\n\t<meta property=\"og:image:height\" content=\"768\" \/>\n\t<meta property=\"og:image:type\" content=\"image\/jpeg\" \/>\n<meta name=\"author\" content=\"Roberto\" \/>\n<meta name=\"twitter:card\" content=\"summary_large_image\" \/>\n<meta name=\"twitter:label1\" content=\"Escrito por\" \/>\n\t<meta name=\"twitter:data1\" content=\"Roberto\" \/>\n\t<meta name=\"twitter:label2\" content=\"Est. tempo de leitura\" \/>\n\t<meta name=\"twitter:data2\" content=\"2 minutos\" \/>\n<script type=\"application\/ld+json\" class=\"yoast-schema-graph\">{\"@context\":\"https:\\\/\\\/schema.org\",\"@graph\":[{\"@type\":\"Article\",\"@id\":\"https:\\\/\\\/regiaonews.net.br\\\/2022\\\/2023\\\/11\\\/10\\\/profissionais-da-saude-passam-a-integrar-quadro-da-pm-orgulho-poder-servir-diz-formanda\\\/#article\",\"isPartOf\":{\"@id\":\"https:\\\/\\\/regiaonews.net.br\\\/2022\\\/2023\\\/11\\\/10\\\/profissionais-da-saude-passam-a-integrar-quadro-da-pm-orgulho-poder-servir-diz-formanda\\\/\"},\"author\":{\"name\":\"Roberto\",\"@id\":\"https:\\\/\\\/regiaonews.net.br\\\/2022\\\/#\\\/schema\\\/person\\\/2d205a608a5aa97ac279d7a5e6d89ad8\"},\"headline\":\"Profissionais da sa\u00fade passam a integrar quadro da PM: \u201cOrgulho poder servir\u201d, diz formanda\",\"datePublished\":\"2023-11-10T19:13:24+00:00\",\"mainEntityOfPage\":{\"@id\":\"https:\\\/\\\/regiaonews.net.br\\\/2022\\\/2023\\\/11\\\/10\\\/profissionais-da-saude-passam-a-integrar-quadro-da-pm-orgulho-poder-servir-diz-formanda\\\/\"},\"wordCount\":379,\"commentCount\":0,\"publisher\":{\"@id\":\"https:\\\/\\\/regiaonews.net.br\\\/2022\\\/#organization\"},\"image\":{\"@id\":\"https:\\\/\\\/regiaonews.net.br\\\/2022\\\/2023\\\/11\\\/10\\\/profissionais-da-saude-passam-a-integrar-quadro-da-pm-orgulho-poder-servir-diz-formanda\\\/#primaryimage\"},\"thumbnailUrl\":\"https:\\\/\\\/regiaonews.net.br\\\/2022\\\/wp-content\\\/uploads\\\/2023\\\/11\\\/00051982.jpeg\",\"articleSection\":[\"Estado de S\u00e3o Paulo\",\"Policia\"],\"inLanguage\":\"pt-BR\",\"potentialAction\":[{\"@type\":\"CommentAction\",\"name\":\"Comment\",\"target\":[\"https:\\\/\\\/regiaonews.net.br\\\/2022\\\/2023\\\/11\\\/10\\\/profissionais-da-saude-passam-a-integrar-quadro-da-pm-orgulho-poder-servir-diz-formanda\\\/#respond\"]}]},{\"@type\":\"WebPage\",\"@id\":\"https:\\\/\\\/regiaonews.net.br\\\/2022\\\/2023\\\/11\\\/10\\\/profissionais-da-saude-passam-a-integrar-quadro-da-pm-orgulho-poder-servir-diz-formanda\\\/\",\"url\":\"https:\\\/\\\/regiaonews.net.br\\\/2022\\\/2023\\\/11\\\/10\\\/profissionais-da-saude-passam-a-integrar-quadro-da-pm-orgulho-poder-servir-diz-formanda\\\/\",\"name\":\"Profissionais da sa\u00fade passam a integrar quadro da PM: \u201cOrgulho poder servir\u201d, diz formanda - Regi\u00e3o News\",\"isPartOf\":{\"@id\":\"https:\\\/\\\/regiaonews.net.br\\\/2022\\\/#website\"},\"primaryImageOfPage\":{\"@id\":\"https:\\\/\\\/regiaonews.net.br\\\/2022\\\/2023\\\/11\\\/10\\\/profissionais-da-saude-passam-a-integrar-quadro-da-pm-orgulho-poder-servir-diz-formanda\\\/#primaryimage\"},\"image\":{\"@id\":\"https:\\\/\\\/regiaonews.net.br\\\/2022\\\/2023\\\/11\\\/10\\\/profissionais-da-saude-passam-a-integrar-quadro-da-pm-orgulho-poder-servir-diz-formanda\\\/#primaryimage\"},\"thumbnailUrl\":\"https:\\\/\\\/regiaonews.net.br\\\/2022\\\/wp-content\\\/uploads\\\/2023\\\/11\\\/00051982.jpeg\",\"datePublished\":\"2023-11-10T19:13:24+00:00\",\"breadcrumb\":{\"@id\":\"https:\\\/\\\/regiaonews.net.br\\\/2022\\\/2023\\\/11\\\/10\\\/profissionais-da-saude-passam-a-integrar-quadro-da-pm-orgulho-poder-servir-diz-formanda\\\/#breadcrumb\"},\"inLanguage\":\"pt-BR\",\"potentialAction\":[{\"@type\":\"ReadAction\",\"target\":[\"https:\\\/\\\/regiaonews.net.br\\\/2022\\\/2023\\\/11\\\/10\\\/profissionais-da-saude-passam-a-integrar-quadro-da-pm-orgulho-poder-servir-diz-formanda\\\/\"]}]},{\"@type\":\"ImageObject\",\"inLanguage\":\"pt-BR\",\"@id\":\"https:\\\/\\\/regiaonews.net.br\\\/2022\\\/2023\\\/11\\\/10\\\/profissionais-da-saude-passam-a-integrar-quadro-da-pm-orgulho-poder-servir-diz-formanda\\\/#primaryimage\",\"url\":\"https:\\\/\\\/regiaonews.net.br\\\/2022\\\/wp-content\\\/uploads\\\/2023\\\/11\\\/00051982.jpeg\",\"contentUrl\":\"https:\\\/\\\/regiaonews.net.br\\\/2022\\\/wp-content\\\/uploads\\\/2023\\\/11\\\/00051982.jpeg\",\"width\":1024,\"height\":768},{\"@type\":\"BreadcrumbList\",\"@id\":\"https:\\\/\\\/regiaonews.net.br\\\/2022\\\/2023\\\/11\\\/10\\\/profissionais-da-saude-passam-a-integrar-quadro-da-pm-orgulho-poder-servir-diz-formanda\\\/#breadcrumb\",\"itemListElement\":[{\"@type\":\"ListItem\",\"position\":1,\"name\":\"In\u00edcio\",\"item\":\"https:\\\/\\\/regiaonews.net.br\\\/2022\\\/\"},{\"@type\":\"ListItem\",\"position\":2,\"name\":\"Profissionais da sa\u00fade passam a integrar quadro da PM: \u201cOrgulho poder servir\u201d, diz formanda\"}]},{\"@type\":\"WebSite\",\"@id\":\"https:\\\/\\\/regiaonews.net.br\\\/2022\\\/#website\",\"url\":\"https:\\\/\\\/regiaonews.net.br\\\/2022\\\/\",\"name\":\"Regi\u00e3o News\",\"description\":\"Site de Not\u00edcias de Barretos e regi\u00e3o\",\"publisher\":{\"@id\":\"https:\\\/\\\/regiaonews.net.br\\\/2022\\\/#organization\"},\"potentialAction\":[{\"@type\":\"SearchAction\",\"target\":{\"@type\":\"EntryPoint\",\"urlTemplate\":\"https:\\\/\\\/regiaonews.net.br\\\/2022\\\/?s={search_term_string}\"},\"query-input\":{\"@type\":\"PropertyValueSpecification\",\"valueRequired\":true,\"valueName\":\"search_term_string\"}}],\"inLanguage\":\"pt-BR\"},{\"@type\":\"Organization\",\"@id\":\"https:\\\/\\\/regiaonews.net.br\\\/2022\\\/#organization\",\"name\":\"Regi\u00e3o News\",\"url\":\"https:\\\/\\\/regiaonews.net.br\\\/2022\\\/\",\"logo\":{\"@type\":\"ImageObject\",\"inLanguage\":\"pt-BR\",\"@id\":\"https:\\\/\\\/regiaonews.net.br\\\/2022\\\/#\\\/schema\\\/logo\\\/image\\\/\",\"url\":\"https:\\\/\\\/regiaonews.net.br\\\/2022\\\/wp-content\\\/uploads\\\/2026\\\/03\\\/regiao-13-anos-scaled.jpg\",\"contentUrl\":\"https:\\\/\\\/regiaonews.net.br\\\/2022\\\/wp-content\\\/uploads\\\/2026\\\/03\\\/regiao-13-anos-scaled.jpg\",\"width\":2560,\"height\":635,\"caption\":\"Regi\u00e3o News\"},\"image\":{\"@id\":\"https:\\\/\\\/regiaonews.net.br\\\/2022\\\/#\\\/schema\\\/logo\\\/image\\\/\"}},{\"@type\":\"Person\",\"@id\":\"https:\\\/\\\/regiaonews.net.br\\\/2022\\\/#\\\/schema\\\/person\\\/2d205a608a5aa97ac279d7a5e6d89ad8\",\"name\":\"Roberto\",\"image\":{\"@type\":\"ImageObject\",\"inLanguage\":\"pt-BR\",\"@id\":\"https:\\\/\\\/secure.gravatar.com\\\/avatar\\\/42749d8b712ff9d59ca93dc150494e5b55a44134482993f5baeb97e61b7ecc89?s=96&d=mm&r=g\",\"url\":\"https:\\\/\\\/secure.gravatar.com\\\/avatar\\\/42749d8b712ff9d59ca93dc150494e5b55a44134482993f5baeb97e61b7ecc89?s=96&d=mm&r=g\",\"contentUrl\":\"https:\\\/\\\/secure.gravatar.com\\\/avatar\\\/42749d8b712ff9d59ca93dc150494e5b55a44134482993f5baeb97e61b7ecc89?s=96&d=mm&r=g\",\"caption\":\"Roberto\"},\"url\":\"https:\\\/\\\/regiaonews.net.br\\\/2022\\\/author\\\/roberto\\\/\"}]}<\/script>\n<!-- \/ Yoast SEO plugin. -->","yoast_head_json":{"title":"Profissionais da sa\u00fade passam a integrar quadro da PM: \u201cOrgulho poder servir\u201d, diz formanda - Regi\u00e3o News","robots":{"index":"index","follow":"follow","max-snippet":"max-snippet:-1","max-image-preview":"max-image-preview:large","max-video-preview":"max-video-preview:-1"},"canonical":"https:\/\/regiaonews.net.br\/2022\/2023\/11\/10\/profissionais-da-saude-passam-a-integrar-quadro-da-pm-orgulho-poder-servir-diz-formanda\/","og_locale":"pt_BR","og_type":"article","og_title":"Profissionais da sa\u00fade passam a integrar quadro da PM: \u201cOrgulho poder servir\u201d, diz formanda - Regi\u00e3o News","og_description":"Curso formou 63 profissionais, entre m\u00e9dicos, dentistas, farmac\u00eauticos e veterin\u00e1rios.","og_url":"https:\/\/regiaonews.net.br\/2022\/2023\/11\/10\/profissionais-da-saude-passam-a-integrar-quadro-da-pm-orgulho-poder-servir-diz-formanda\/","og_site_name":"Regi\u00e3o News","article_published_time":"2023-11-10T19:13:24+00:00","og_image":[{"width":1024,"height":768,"url":"https:\/\/regiaonews.net.br\/2022\/wp-content\/uploads\/2023\/11\/00051982.jpeg","type":"image\/jpeg"}],"author":"Roberto","twitter_card":"summary_large_image","twitter_misc":{"Escrito por":"Roberto","Est. tempo de leitura":"2 minutos"},"schema":{"@context":"https:\/\/schema.org","@graph":[{"@type":"Article","@id":"https:\/\/regiaonews.net.br\/2022\/2023\/11\/10\/profissionais-da-saude-passam-a-integrar-quadro-da-pm-orgulho-poder-servir-diz-formanda\/#article","isPartOf":{"@id":"https:\/\/regiaonews.net.br\/2022\/2023\/11\/10\/profissionais-da-saude-passam-a-integrar-quadro-da-pm-orgulho-poder-servir-diz-formanda\/"},"author":{"name":"Roberto","@id":"https:\/\/regiaonews.net.br\/2022\/#\/schema\/person\/2d205a608a5aa97ac279d7a5e6d89ad8"},"headline":"Profissionais da sa\u00fade passam a integrar quadro da PM: \u201cOrgulho poder servir\u201d, diz formanda","datePublished":"2023-11-10T19:13:24+00:00","mainEntityOfPage":{"@id":"https:\/\/regiaonews.net.br\/2022\/2023\/11\/10\/profissionais-da-saude-passam-a-integrar-quadro-da-pm-orgulho-poder-servir-diz-formanda\/"},"wordCount":379,"commentCount":0,"publisher":{"@id":"https:\/\/regiaonews.net.br\/2022\/#organization"},"image":{"@id":"https:\/\/regiaonews.net.br\/2022\/2023\/11\/10\/profissionais-da-saude-passam-a-integrar-quadro-da-pm-orgulho-poder-servir-diz-formanda\/#primaryimage"},"thumbnailUrl":"https:\/\/regiaonews.net.br\/2022\/wp-content\/uploads\/2023\/11\/00051982.jpeg","articleSection":["Estado de S\u00e3o Paulo","Policia"],"inLanguage":"pt-BR","potentialAction":[{"@type":"CommentAction","name":"Comment","target":["https:\/\/regiaonews.net.br\/2022\/2023\/11\/10\/profissionais-da-saude-passam-a-integrar-quadro-da-pm-orgulho-poder-servir-diz-formanda\/#respond"]}]},{"@type":"WebPage","@id":"https:\/\/regiaonews.net.br\/2022\/2023\/11\/10\/profissionais-da-saude-passam-a-integrar-quadro-da-pm-orgulho-poder-servir-diz-formanda\/","url":"https:\/\/regiaonews.net.br\/2022\/2023\/11\/10\/profissionais-da-saude-passam-a-integrar-quadro-da-pm-orgulho-poder-servir-diz-formanda\/","name":"Profissionais da sa\u00fade passam a integrar quadro da PM: \u201cOrgulho poder servir\u201d, diz formanda - Regi\u00e3o News","isPartOf":{"@id":"https:\/\/regiaonews.net.br\/2022\/#website"},"primaryImageOfPage":{"@id":"https:\/\/regiaonews.net.br\/2022\/2023\/11\/10\/profissionais-da-saude-passam-a-integrar-quadro-da-pm-orgulho-poder-servir-diz-formanda\/#primaryimage"},"image":{"@id":"https:\/\/regiaonews.net.br\/2022\/2023\/11\/10\/profissionais-da-saude-passam-a-integrar-quadro-da-pm-orgulho-poder-servir-diz-formanda\/#primaryimage"},"thumbnailUrl":"https:\/\/regiaonews.net.br\/2022\/wp-content\/uploads\/2023\/11\/00051982.jpeg","datePublished":"2023-11-10T19:13:24+00:00","breadcrumb":{"@id":"https:\/\/regiaonews.net.br\/2022\/2023\/11\/10\/profissionais-da-saude-passam-a-integrar-quadro-da-pm-orgulho-poder-servir-diz-formanda\/#breadcrumb"},"inLanguage":"pt-BR","potentialAction":[{"@type":"ReadAction","target":["https:\/\/regiaonews.net.br\/2022\/2023\/11\/10\/profissionais-da-saude-passam-a-integrar-quadro-da-pm-orgulho-poder-servir-diz-formanda\/"]}]},{"@type":"ImageObject","inLanguage":"pt-BR","@id":"https:\/\/regiaonews.net.br\/2022\/2023\/11\/10\/profissionais-da-saude-passam-a-integrar-quadro-da-pm-orgulho-poder-servir-diz-formanda\/#primaryimage","url":"https:\/\/regiaonews.net.br\/2022\/wp-content\/uploads\/2023\/11\/00051982.jpeg","contentUrl":"https:\/\/regiaonews.net.br\/2022\/wp-content\/uploads\/2023\/11\/00051982.jpeg","width":1024,"height":768},{"@type":"BreadcrumbList","@id":"https:\/\/regiaonews.net.br\/2022\/2023\/11\/10\/profissionais-da-saude-passam-a-integrar-quadro-da-pm-orgulho-poder-servir-diz-formanda\/#breadcrumb","itemListElement":[{"@type":"ListItem","position":1,"name":"In\u00edcio","item":"https:\/\/regiaonews.net.br\/2022\/"},{"@type":"ListItem","position":2,"name":"Profissionais da sa\u00fade passam a integrar quadro da PM: \u201cOrgulho poder servir\u201d, diz formanda"}]},{"@type":"WebSite","@id":"https:\/\/regiaonews.net.br\/2022\/#website","url":"https:\/\/regiaonews.net.br\/2022\/","name":"Regi\u00e3o News","description":"Site de Not\u00edcias de Barretos e regi\u00e3o","publisher":{"@id":"https:\/\/regiaonews.net.br\/2022\/#organization"},"potentialAction":[{"@type":"SearchAction","target":{"@type":"EntryPoint","urlTemplate":"https:\/\/regiaonews.net.br\/2022\/?s={search_term_string}"},"query-input":{"@type":"PropertyValueSpecification","valueRequired":true,"valueName":"search_term_string"}}],"inLanguage":"pt-BR"},{"@type":"Organization","@id":"https:\/\/regiaonews.net.br\/2022\/#organization","name":"Regi\u00e3o News","url":"https:\/\/regiaonews.net.br\/2022\/","logo":{"@type":"ImageObject","inLanguage":"pt-BR","@id":"https:\/\/regiaonews.net.br\/2022\/#\/schema\/logo\/image\/","url":"https:\/\/regiaonews.net.br\/2022\/wp-content\/uploads\/2026\/03\/regiao-13-anos-scaled.jpg","contentUrl":"https:\/\/regiaonews.net.br\/2022\/wp-content\/uploads\/2026\/03\/regiao-13-anos-scaled.jpg","width":2560,"height":635,"caption":"Regi\u00e3o News"},"image":{"@id":"https:\/\/regiaonews.net.br\/2022\/#\/schema\/logo\/image\/"}},{"@type":"Person","@id":"https:\/\/regiaonews.net.br\/2022\/#\/schema\/person\/2d205a608a5aa97ac279d7a5e6d89ad8","name":"Roberto","image":{"@type":"ImageObject","inLanguage":"pt-BR","@id":"https:\/\/secure.gravatar.com\/avatar\/42749d8b712ff9d59ca93dc150494e5b55a44134482993f5baeb97e61b7ecc89?s=96&d=mm&r=g","url":"https:\/\/secure.gravatar.com\/avatar\/42749d8b712ff9d59ca93dc150494e5b55a44134482993f5baeb97e61b7ecc89?s=96&d=mm&r=g","contentUrl":"https:\/\/secure.gravatar.com\/avatar\/42749d8b712ff9d59ca93dc150494e5b55a44134482993f5baeb97e61b7ecc89?s=96&d=mm&r=g","caption":"Roberto"},"url":"https:\/\/regiaonews.net.br\/2022\/author\/roberto\/"}]}},"publishpress_future_action":{"enabled":false,"date":"2026-05-04 10:07:18","action":"change-status","newStatus":"draft","terms":[],"taxonomy":"category","extraData":[]},"publishpress_future_workflow_manual_trigger":{"enabledWorkflows":[]},"_links":{"self":[{"href":"https:\/\/regiaonews.net.br\/2022\/wp-json\/wp\/v2\/posts\/97634","targetHints":{"allow":["GET"]}}],"collection":[{"href":"https:\/\/regiaonews.net.br\/2022\/wp-json\/wp\/v2\/posts"}],"about":[{"href":"https:\/\/regiaonews.net.br\/2022\/wp-json\/wp\/v2\/types\/post"}],"author":[{"embeddable":true,"href":"https:\/\/regiaonews.net.br\/2022\/wp-json\/wp\/v2\/users\/2"}],"replies":[{"embeddable":true,"href":"https:\/\/regiaonews.net.br\/2022\/wp-json\/wp\/v2\/comments?post=97634"}],"version-history":[{"count":1,"href":"https:\/\/regiaonews.net.br\/2022\/wp-json\/wp\/v2\/posts\/97634\/revisions"}],"predecessor-version":[{"id":97636,"href":"https:\/\/regiaonews.net.br\/2022\/wp-json\/wp\/v2\/posts\/97634\/revisions\/97636"}],"wp:featuredmedia":[{"embeddable":true,"href":"https:\/\/regiaonews.net.br\/2022\/wp-json\/wp\/v2\/media\/97635"}],"wp:attachment":[{"href":"https:\/\/regiaonews.net.br\/2022\/wp-json\/wp\/v2\/media?parent=97634"}],"wp:term":[{"taxonomy":"category","embeddable":true,"href":"https:\/\/regiaonews.net.br\/2022\/wp-json\/wp\/v2\/categories?post=97634"},{"taxonomy":"post_tag","embeddable":true,"href":"https:\/\/regiaonews.net.br\/2022\/wp-json\/wp\/v2\/tags?post=97634"}],"curies":[{"name":"wp","href":"https:\/\/api.w.org\/{rel}","templated":true}]}}