{"id":97567,"date":"2023-11-09T16:01:54","date_gmt":"2023-11-09T19:01:54","guid":{"rendered":"https:\/\/regiaonews.net.br\/2022\/?p=97567"},"modified":"2023-11-09T16:01:54","modified_gmt":"2023-11-09T19:01:54","slug":"com-nova-onda-de-calor-intenso-saaeb-pede-economia-de-agua","status":"publish","type":"post","link":"https:\/\/regiaonews.net.br\/2022\/2023\/11\/09\/com-nova-onda-de-calor-intenso-saaeb-pede-economia-de-agua\/","title":{"rendered":"Com nova onda de calor intenso, SAAEB pede economia de \u00e1gua"},"content":{"rendered":"<h3 style=\"text-align: center;\">Temperatura pode ultrapassar os 40\u00ba C.<\/h3>\n<p>O SAAE Barretos, ap\u00f3s a emiss\u00e3o de aviso do Inmet (Instituto Nacional de Meteorologia) sobre previs\u00e3o da chegada de uma onda de calor, com temperaturas m\u00e1ximas podendo ultrapassar os 40\u00b0C no estado de S\u00e3o Paulo, pede \u00e0 popula\u00e7\u00e3o para se hidratar, mas que evite desperdi\u00e7ar \u00e1gua tratada durante esse per\u00edodo.<\/p>\n<p>Atividades como lavar cal\u00e7adas e quintais, tomar banhos demorados e deixar torneiras abertas podem causar baixa press\u00e3o ou falta de \u00e1gua em alguns pontos da cidade, principalmente nos hor\u00e1rios de maior consumo da popula\u00e7\u00e3o.<\/p>\n<p>O SAAEB refor\u00e7a que a \u00e1gua tratada \u00e9 um bem essencial e que todos devem fazer sua parte para evitar desperd\u00edcios, al\u00e9m de diminuir o valor da fatura.<\/p>\n<p>Veja algumas dicas para economizar \u00e1gua:<\/p>\n<p>&#8211; Tome banhos de no m\u00e1ximo cinco minutos e feche o chuveiro ao se ensaboar;<br \/>\n&#8211; Feche a torneira ao escovar os dentes, lavar as m\u00e3os e a lou\u00e7a;<br \/>\n&#8211; Regue as plantas no in\u00edcio da manh\u00e3 ou no final da tarde, quando o sol n\u00e3o est\u00e1 t\u00e3o forte;<br \/>\n&#8211; Use a m\u00e1quina de lavar roupas e lou\u00e7a apenas quando estiver cheia, e reutilize a \u00e1gua delas para lavar quintais;<br \/>\n&#8211; Verifique se h\u00e1 vazamento nas torneiras em casa.<\/p>\n<p>&#8220;Agradecemos a colabora\u00e7\u00e3o da popula\u00e7\u00e3o durante a semana em que foi substitu\u00eddo o sistema de bombeamento de \u00e1gua na unidade do Po\u00e7o Dom Bosco. Gra\u00e7as ao apoio da comunidade, n\u00e3o tivemos problemas de grande escala de falta de \u00e1gua, durante a semana da substitui\u00e7\u00e3o. \u00c9 importante que todos continuem economizando \u00e1gua, pois a demanda por abastecimento tende a aumentar durante a onda de calor e, com essa economia, poderemos passar por ela tamb\u00e9m sem grandes problemas\u201d, diz Marcelo Borges, superintendente do SAAEB.<\/p>\n<p>SAAE Barretos \u2013 09 de novembro de 2023<\/p>\n","protected":false},"excerpt":{"rendered":"<p>Temperatura pode ultrapassar os 40\u00ba C. O SAAE Barretos, ap\u00f3s<\/p>\n","protected":false},"author":2,"featured_media":97569,"comment_status":"open","ping_status":"open","sticky":false,"template":"","format":"standard","meta":{"footnotes":""},"categories":[14,3],"tags":[],"class_list":["post-97567","post","type-post","status-publish","format-standard","has-post-thumbnail","hentry","category-barretos","category-geral"],"yoast_head":"<!-- This site is optimized with the Yoast SEO plugin v27.4 - https:\/\/yoast.com\/product\/yoast-seo-wordpress\/ -->\n<title>Com nova onda de calor intenso, SAAEB pede economia de \u00e1gua - Regi\u00e3o News<\/title>\n<meta name=\"robots\" content=\"index, follow, max-snippet:-1, max-image-preview:large, max-video-preview:-1\" \/>\n<link rel=\"canonical\" href=\"https:\/\/regiaonews.net.br\/2022\/2023\/11\/09\/com-nova-onda-de-calor-intenso-saaeb-pede-economia-de-agua\/\" \/>\n<meta property=\"og:locale\" content=\"pt_BR\" \/>\n<meta property=\"og:type\" content=\"article\" \/>\n<meta property=\"og:title\" content=\"Com nova onda de calor intenso, SAAEB pede economia de \u00e1gua - Regi\u00e3o News\" \/>\n<meta property=\"og:description\" content=\"Temperatura pode ultrapassar os 40\u00ba C. O SAAE Barretos, ap\u00f3s\" \/>\n<meta property=\"og:url\" content=\"https:\/\/regiaonews.net.br\/2022\/2023\/11\/09\/com-nova-onda-de-calor-intenso-saaeb-pede-economia-de-agua\/\" \/>\n<meta property=\"og:site_name\" content=\"Regi\u00e3o News\" \/>\n<meta property=\"article:published_time\" content=\"2023-11-09T19:01:54+00:00\" \/>\n<meta property=\"og:image\" content=\"https:\/\/regiaonews.net.br\/2022\/wp-content\/uploads\/2023\/11\/Imagem-do-WhatsApp-de-2023-11-09-as-10.15.48_c9bd259e.jpg\" \/>\n\t<meta property=\"og:image:width\" content=\"1080\" \/>\n\t<meta property=\"og:image:height\" content=\"1080\" \/>\n\t<meta property=\"og:image:type\" content=\"image\/jpeg\" \/>\n<meta name=\"author\" content=\"Roberto\" \/>\n<meta name=\"twitter:card\" content=\"summary_large_image\" \/>\n<meta name=\"twitter:label1\" content=\"Escrito por\" \/>\n\t<meta name=\"twitter:data1\" content=\"Roberto\" \/>\n\t<meta name=\"twitter:label2\" content=\"Est. tempo de leitura\" \/>\n\t<meta name=\"twitter:data2\" content=\"2 minutos\" \/>\n<script type=\"application\/ld+json\" class=\"yoast-schema-graph\">{\"@context\":\"https:\\\/\\\/schema.org\",\"@graph\":[{\"@type\":\"Article\",\"@id\":\"https:\\\/\\\/regiaonews.net.br\\\/2022\\\/2023\\\/11\\\/09\\\/com-nova-onda-de-calor-intenso-saaeb-pede-economia-de-agua\\\/#article\",\"isPartOf\":{\"@id\":\"https:\\\/\\\/regiaonews.net.br\\\/2022\\\/2023\\\/11\\\/09\\\/com-nova-onda-de-calor-intenso-saaeb-pede-economia-de-agua\\\/\"},\"author\":{\"name\":\"Roberto\",\"@id\":\"https:\\\/\\\/regiaonews.net.br\\\/2022\\\/#\\\/schema\\\/person\\\/2d205a608a5aa97ac279d7a5e6d89ad8\"},\"headline\":\"Com nova onda de calor intenso, SAAEB pede economia de \u00e1gua\",\"datePublished\":\"2023-11-09T19:01:54+00:00\",\"mainEntityOfPage\":{\"@id\":\"https:\\\/\\\/regiaonews.net.br\\\/2022\\\/2023\\\/11\\\/09\\\/com-nova-onda-de-calor-intenso-saaeb-pede-economia-de-agua\\\/\"},\"wordCount\":328,\"commentCount\":0,\"publisher\":{\"@id\":\"https:\\\/\\\/regiaonews.net.br\\\/2022\\\/#organization\"},\"image\":{\"@id\":\"https:\\\/\\\/regiaonews.net.br\\\/2022\\\/2023\\\/11\\\/09\\\/com-nova-onda-de-calor-intenso-saaeb-pede-economia-de-agua\\\/#primaryimage\"},\"thumbnailUrl\":\"https:\\\/\\\/regiaonews.net.br\\\/2022\\\/wp-content\\\/uploads\\\/2023\\\/11\\\/Imagem-do-WhatsApp-de-2023-11-09-as-10.15.48_c9bd259e.jpg\",\"articleSection\":[\"Barretos\",\"Geral\"],\"inLanguage\":\"pt-BR\",\"potentialAction\":[{\"@type\":\"CommentAction\",\"name\":\"Comment\",\"target\":[\"https:\\\/\\\/regiaonews.net.br\\\/2022\\\/2023\\\/11\\\/09\\\/com-nova-onda-de-calor-intenso-saaeb-pede-economia-de-agua\\\/#respond\"]}]},{\"@type\":\"WebPage\",\"@id\":\"https:\\\/\\\/regiaonews.net.br\\\/2022\\\/2023\\\/11\\\/09\\\/com-nova-onda-de-calor-intenso-saaeb-pede-economia-de-agua\\\/\",\"url\":\"https:\\\/\\\/regiaonews.net.br\\\/2022\\\/2023\\\/11\\\/09\\\/com-nova-onda-de-calor-intenso-saaeb-pede-economia-de-agua\\\/\",\"name\":\"Com nova onda de calor intenso, SAAEB pede economia de \u00e1gua - Regi\u00e3o News\",\"isPartOf\":{\"@id\":\"https:\\\/\\\/regiaonews.net.br\\\/2022\\\/#website\"},\"primaryImageOfPage\":{\"@id\":\"https:\\\/\\\/regiaonews.net.br\\\/2022\\\/2023\\\/11\\\/09\\\/com-nova-onda-de-calor-intenso-saaeb-pede-economia-de-agua\\\/#primaryimage\"},\"image\":{\"@id\":\"https:\\\/\\\/regiaonews.net.br\\\/2022\\\/2023\\\/11\\\/09\\\/com-nova-onda-de-calor-intenso-saaeb-pede-economia-de-agua\\\/#primaryimage\"},\"thumbnailUrl\":\"https:\\\/\\\/regiaonews.net.br\\\/2022\\\/wp-content\\\/uploads\\\/2023\\\/11\\\/Imagem-do-WhatsApp-de-2023-11-09-as-10.15.48_c9bd259e.jpg\",\"datePublished\":\"2023-11-09T19:01:54+00:00\",\"breadcrumb\":{\"@id\":\"https:\\\/\\\/regiaonews.net.br\\\/2022\\\/2023\\\/11\\\/09\\\/com-nova-onda-de-calor-intenso-saaeb-pede-economia-de-agua\\\/#breadcrumb\"},\"inLanguage\":\"pt-BR\",\"potentialAction\":[{\"@type\":\"ReadAction\",\"target\":[\"https:\\\/\\\/regiaonews.net.br\\\/2022\\\/2023\\\/11\\\/09\\\/com-nova-onda-de-calor-intenso-saaeb-pede-economia-de-agua\\\/\"]}]},{\"@type\":\"ImageObject\",\"inLanguage\":\"pt-BR\",\"@id\":\"https:\\\/\\\/regiaonews.net.br\\\/2022\\\/2023\\\/11\\\/09\\\/com-nova-onda-de-calor-intenso-saaeb-pede-economia-de-agua\\\/#primaryimage\",\"url\":\"https:\\\/\\\/regiaonews.net.br\\\/2022\\\/wp-content\\\/uploads\\\/2023\\\/11\\\/Imagem-do-WhatsApp-de-2023-11-09-as-10.15.48_c9bd259e.jpg\",\"contentUrl\":\"https:\\\/\\\/regiaonews.net.br\\\/2022\\\/wp-content\\\/uploads\\\/2023\\\/11\\\/Imagem-do-WhatsApp-de-2023-11-09-as-10.15.48_c9bd259e.jpg\",\"width\":1080,\"height\":1080},{\"@type\":\"BreadcrumbList\",\"@id\":\"https:\\\/\\\/regiaonews.net.br\\\/2022\\\/2023\\\/11\\\/09\\\/com-nova-onda-de-calor-intenso-saaeb-pede-economia-de-agua\\\/#breadcrumb\",\"itemListElement\":[{\"@type\":\"ListItem\",\"position\":1,\"name\":\"In\u00edcio\",\"item\":\"https:\\\/\\\/regiaonews.net.br\\\/2022\\\/\"},{\"@type\":\"ListItem\",\"position\":2,\"name\":\"Com nova onda de calor intenso, SAAEB pede economia de \u00e1gua\"}]},{\"@type\":\"WebSite\",\"@id\":\"https:\\\/\\\/regiaonews.net.br\\\/2022\\\/#website\",\"url\":\"https:\\\/\\\/regiaonews.net.br\\\/2022\\\/\",\"name\":\"Regi\u00e3o News\",\"description\":\"Site de Not\u00edcias de Barretos e regi\u00e3o\",\"publisher\":{\"@id\":\"https:\\\/\\\/regiaonews.net.br\\\/2022\\\/#organization\"},\"potentialAction\":[{\"@type\":\"SearchAction\",\"target\":{\"@type\":\"EntryPoint\",\"urlTemplate\":\"https:\\\/\\\/regiaonews.net.br\\\/2022\\\/?s={search_term_string}\"},\"query-input\":{\"@type\":\"PropertyValueSpecification\",\"valueRequired\":true,\"valueName\":\"search_term_string\"}}],\"inLanguage\":\"pt-BR\"},{\"@type\":\"Organization\",\"@id\":\"https:\\\/\\\/regiaonews.net.br\\\/2022\\\/#organization\",\"name\":\"Regi\u00e3o News\",\"url\":\"https:\\\/\\\/regiaonews.net.br\\\/2022\\\/\",\"logo\":{\"@type\":\"ImageObject\",\"inLanguage\":\"pt-BR\",\"@id\":\"https:\\\/\\\/regiaonews.net.br\\\/2022\\\/#\\\/schema\\\/logo\\\/image\\\/\",\"url\":\"https:\\\/\\\/regiaonews.net.br\\\/2022\\\/wp-content\\\/uploads\\\/2026\\\/03\\\/regiao-13-anos-scaled.jpg\",\"contentUrl\":\"https:\\\/\\\/regiaonews.net.br\\\/2022\\\/wp-content\\\/uploads\\\/2026\\\/03\\\/regiao-13-anos-scaled.jpg\",\"width\":2560,\"height\":635,\"caption\":\"Regi\u00e3o News\"},\"image\":{\"@id\":\"https:\\\/\\\/regiaonews.net.br\\\/2022\\\/#\\\/schema\\\/logo\\\/image\\\/\"}},{\"@type\":\"Person\",\"@id\":\"https:\\\/\\\/regiaonews.net.br\\\/2022\\\/#\\\/schema\\\/person\\\/2d205a608a5aa97ac279d7a5e6d89ad8\",\"name\":\"Roberto\",\"image\":{\"@type\":\"ImageObject\",\"inLanguage\":\"pt-BR\",\"@id\":\"https:\\\/\\\/secure.gravatar.com\\\/avatar\\\/42749d8b712ff9d59ca93dc150494e5b55a44134482993f5baeb97e61b7ecc89?s=96&d=mm&r=g\",\"url\":\"https:\\\/\\\/secure.gravatar.com\\\/avatar\\\/42749d8b712ff9d59ca93dc150494e5b55a44134482993f5baeb97e61b7ecc89?s=96&d=mm&r=g\",\"contentUrl\":\"https:\\\/\\\/secure.gravatar.com\\\/avatar\\\/42749d8b712ff9d59ca93dc150494e5b55a44134482993f5baeb97e61b7ecc89?s=96&d=mm&r=g\",\"caption\":\"Roberto\"},\"url\":\"https:\\\/\\\/regiaonews.net.br\\\/2022\\\/author\\\/roberto\\\/\"}]}<\/script>\n<!-- \/ Yoast SEO plugin. -->","yoast_head_json":{"title":"Com nova onda de calor intenso, SAAEB pede economia de \u00e1gua - Regi\u00e3o News","robots":{"index":"index","follow":"follow","max-snippet":"max-snippet:-1","max-image-preview":"max-image-preview:large","max-video-preview":"max-video-preview:-1"},"canonical":"https:\/\/regiaonews.net.br\/2022\/2023\/11\/09\/com-nova-onda-de-calor-intenso-saaeb-pede-economia-de-agua\/","og_locale":"pt_BR","og_type":"article","og_title":"Com nova onda de calor intenso, SAAEB pede economia de \u00e1gua - Regi\u00e3o News","og_description":"Temperatura pode ultrapassar os 40\u00ba C. O SAAE Barretos, ap\u00f3s","og_url":"https:\/\/regiaonews.net.br\/2022\/2023\/11\/09\/com-nova-onda-de-calor-intenso-saaeb-pede-economia-de-agua\/","og_site_name":"Regi\u00e3o News","article_published_time":"2023-11-09T19:01:54+00:00","og_image":[{"width":1080,"height":1080,"url":"https:\/\/regiaonews.net.br\/2022\/wp-content\/uploads\/2023\/11\/Imagem-do-WhatsApp-de-2023-11-09-as-10.15.48_c9bd259e.jpg","type":"image\/jpeg"}],"author":"Roberto","twitter_card":"summary_large_image","twitter_misc":{"Escrito por":"Roberto","Est. tempo de leitura":"2 minutos"},"schema":{"@context":"https:\/\/schema.org","@graph":[{"@type":"Article","@id":"https:\/\/regiaonews.net.br\/2022\/2023\/11\/09\/com-nova-onda-de-calor-intenso-saaeb-pede-economia-de-agua\/#article","isPartOf":{"@id":"https:\/\/regiaonews.net.br\/2022\/2023\/11\/09\/com-nova-onda-de-calor-intenso-saaeb-pede-economia-de-agua\/"},"author":{"name":"Roberto","@id":"https:\/\/regiaonews.net.br\/2022\/#\/schema\/person\/2d205a608a5aa97ac279d7a5e6d89ad8"},"headline":"Com nova onda de calor intenso, SAAEB pede economia de \u00e1gua","datePublished":"2023-11-09T19:01:54+00:00","mainEntityOfPage":{"@id":"https:\/\/regiaonews.net.br\/2022\/2023\/11\/09\/com-nova-onda-de-calor-intenso-saaeb-pede-economia-de-agua\/"},"wordCount":328,"commentCount":0,"publisher":{"@id":"https:\/\/regiaonews.net.br\/2022\/#organization"},"image":{"@id":"https:\/\/regiaonews.net.br\/2022\/2023\/11\/09\/com-nova-onda-de-calor-intenso-saaeb-pede-economia-de-agua\/#primaryimage"},"thumbnailUrl":"https:\/\/regiaonews.net.br\/2022\/wp-content\/uploads\/2023\/11\/Imagem-do-WhatsApp-de-2023-11-09-as-10.15.48_c9bd259e.jpg","articleSection":["Barretos","Geral"],"inLanguage":"pt-BR","potentialAction":[{"@type":"CommentAction","name":"Comment","target":["https:\/\/regiaonews.net.br\/2022\/2023\/11\/09\/com-nova-onda-de-calor-intenso-saaeb-pede-economia-de-agua\/#respond"]}]},{"@type":"WebPage","@id":"https:\/\/regiaonews.net.br\/2022\/2023\/11\/09\/com-nova-onda-de-calor-intenso-saaeb-pede-economia-de-agua\/","url":"https:\/\/regiaonews.net.br\/2022\/2023\/11\/09\/com-nova-onda-de-calor-intenso-saaeb-pede-economia-de-agua\/","name":"Com nova onda de calor intenso, SAAEB pede economia de \u00e1gua - Regi\u00e3o News","isPartOf":{"@id":"https:\/\/regiaonews.net.br\/2022\/#website"},"primaryImageOfPage":{"@id":"https:\/\/regiaonews.net.br\/2022\/2023\/11\/09\/com-nova-onda-de-calor-intenso-saaeb-pede-economia-de-agua\/#primaryimage"},"image":{"@id":"https:\/\/regiaonews.net.br\/2022\/2023\/11\/09\/com-nova-onda-de-calor-intenso-saaeb-pede-economia-de-agua\/#primaryimage"},"thumbnailUrl":"https:\/\/regiaonews.net.br\/2022\/wp-content\/uploads\/2023\/11\/Imagem-do-WhatsApp-de-2023-11-09-as-10.15.48_c9bd259e.jpg","datePublished":"2023-11-09T19:01:54+00:00","breadcrumb":{"@id":"https:\/\/regiaonews.net.br\/2022\/2023\/11\/09\/com-nova-onda-de-calor-intenso-saaeb-pede-economia-de-agua\/#breadcrumb"},"inLanguage":"pt-BR","potentialAction":[{"@type":"ReadAction","target":["https:\/\/regiaonews.net.br\/2022\/2023\/11\/09\/com-nova-onda-de-calor-intenso-saaeb-pede-economia-de-agua\/"]}]},{"@type":"ImageObject","inLanguage":"pt-BR","@id":"https:\/\/regiaonews.net.br\/2022\/2023\/11\/09\/com-nova-onda-de-calor-intenso-saaeb-pede-economia-de-agua\/#primaryimage","url":"https:\/\/regiaonews.net.br\/2022\/wp-content\/uploads\/2023\/11\/Imagem-do-WhatsApp-de-2023-11-09-as-10.15.48_c9bd259e.jpg","contentUrl":"https:\/\/regiaonews.net.br\/2022\/wp-content\/uploads\/2023\/11\/Imagem-do-WhatsApp-de-2023-11-09-as-10.15.48_c9bd259e.jpg","width":1080,"height":1080},{"@type":"BreadcrumbList","@id":"https:\/\/regiaonews.net.br\/2022\/2023\/11\/09\/com-nova-onda-de-calor-intenso-saaeb-pede-economia-de-agua\/#breadcrumb","itemListElement":[{"@type":"ListItem","position":1,"name":"In\u00edcio","item":"https:\/\/regiaonews.net.br\/2022\/"},{"@type":"ListItem","position":2,"name":"Com nova onda de calor intenso, SAAEB pede economia de \u00e1gua"}]},{"@type":"WebSite","@id":"https:\/\/regiaonews.net.br\/2022\/#website","url":"https:\/\/regiaonews.net.br\/2022\/","name":"Regi\u00e3o News","description":"Site de Not\u00edcias de Barretos e regi\u00e3o","publisher":{"@id":"https:\/\/regiaonews.net.br\/2022\/#organization"},"potentialAction":[{"@type":"SearchAction","target":{"@type":"EntryPoint","urlTemplate":"https:\/\/regiaonews.net.br\/2022\/?s={search_term_string}"},"query-input":{"@type":"PropertyValueSpecification","valueRequired":true,"valueName":"search_term_string"}}],"inLanguage":"pt-BR"},{"@type":"Organization","@id":"https:\/\/regiaonews.net.br\/2022\/#organization","name":"Regi\u00e3o News","url":"https:\/\/regiaonews.net.br\/2022\/","logo":{"@type":"ImageObject","inLanguage":"pt-BR","@id":"https:\/\/regiaonews.net.br\/2022\/#\/schema\/logo\/image\/","url":"https:\/\/regiaonews.net.br\/2022\/wp-content\/uploads\/2026\/03\/regiao-13-anos-scaled.jpg","contentUrl":"https:\/\/regiaonews.net.br\/2022\/wp-content\/uploads\/2026\/03\/regiao-13-anos-scaled.jpg","width":2560,"height":635,"caption":"Regi\u00e3o News"},"image":{"@id":"https:\/\/regiaonews.net.br\/2022\/#\/schema\/logo\/image\/"}},{"@type":"Person","@id":"https:\/\/regiaonews.net.br\/2022\/#\/schema\/person\/2d205a608a5aa97ac279d7a5e6d89ad8","name":"Roberto","image":{"@type":"ImageObject","inLanguage":"pt-BR","@id":"https:\/\/secure.gravatar.com\/avatar\/42749d8b712ff9d59ca93dc150494e5b55a44134482993f5baeb97e61b7ecc89?s=96&d=mm&r=g","url":"https:\/\/secure.gravatar.com\/avatar\/42749d8b712ff9d59ca93dc150494e5b55a44134482993f5baeb97e61b7ecc89?s=96&d=mm&r=g","contentUrl":"https:\/\/secure.gravatar.com\/avatar\/42749d8b712ff9d59ca93dc150494e5b55a44134482993f5baeb97e61b7ecc89?s=96&d=mm&r=g","caption":"Roberto"},"url":"https:\/\/regiaonews.net.br\/2022\/author\/roberto\/"}]}},"publishpress_future_action":{"enabled":false,"date":"2026-05-03 03:43:12","action":"change-status","newStatus":"draft","terms":[],"taxonomy":"category","extraData":[]},"publishpress_future_workflow_manual_trigger":{"enabledWorkflows":[]},"_links":{"self":[{"href":"https:\/\/regiaonews.net.br\/2022\/wp-json\/wp\/v2\/posts\/97567","targetHints":{"allow":["GET"]}}],"collection":[{"href":"https:\/\/regiaonews.net.br\/2022\/wp-json\/wp\/v2\/posts"}],"about":[{"href":"https:\/\/regiaonews.net.br\/2022\/wp-json\/wp\/v2\/types\/post"}],"author":[{"embeddable":true,"href":"https:\/\/regiaonews.net.br\/2022\/wp-json\/wp\/v2\/users\/2"}],"replies":[{"embeddable":true,"href":"https:\/\/regiaonews.net.br\/2022\/wp-json\/wp\/v2\/comments?post=97567"}],"version-history":[{"count":1,"href":"https:\/\/regiaonews.net.br\/2022\/wp-json\/wp\/v2\/posts\/97567\/revisions"}],"predecessor-version":[{"id":97570,"href":"https:\/\/regiaonews.net.br\/2022\/wp-json\/wp\/v2\/posts\/97567\/revisions\/97570"}],"wp:featuredmedia":[{"embeddable":true,"href":"https:\/\/regiaonews.net.br\/2022\/wp-json\/wp\/v2\/media\/97569"}],"wp:attachment":[{"href":"https:\/\/regiaonews.net.br\/2022\/wp-json\/wp\/v2\/media?parent=97567"}],"wp:term":[{"taxonomy":"category","embeddable":true,"href":"https:\/\/regiaonews.net.br\/2022\/wp-json\/wp\/v2\/categories?post=97567"},{"taxonomy":"post_tag","embeddable":true,"href":"https:\/\/regiaonews.net.br\/2022\/wp-json\/wp\/v2\/tags?post=97567"}],"curies":[{"name":"wp","href":"https:\/\/api.w.org\/{rel}","templated":true}]}}