{"id":97557,"date":"2023-11-09T09:27:30","date_gmt":"2023-11-09T12:27:30","guid":{"rendered":"https:\/\/regiaonews.net.br\/2022\/?p=97557"},"modified":"2023-11-09T14:55:34","modified_gmt":"2023-11-09T17:55:34","slug":"autor-de-homicidio-e-tentativa-de-homicidio-e-preso-pela-policia-civil","status":"publish","type":"post","link":"https:\/\/regiaonews.net.br\/2022\/2023\/11\/09\/autor-de-homicidio-e-tentativa-de-homicidio-e-preso-pela-policia-civil\/","title":{"rendered":"Autor de homic\u00eddio e tentativa de homic\u00eddio \u00e9 preso pela Pol\u00edcia Civil"},"content":{"rendered":"<p>Na manh\u00e3 desta quinta (9) a Pol\u00edcia Civil de Barretos atrav\u00e9s da Central de Pol\u00edcia Judici\u00e1ria de Barretos, deflagrou opera\u00e7\u00e3o policial para cumprimento de mandado de pris\u00e3o tempor\u00e1ria, por prazo de 30 dias, em desfavor de um homem de 43 anos, apontado como autor de crimes de homic\u00eddio consumado e homic\u00eddio tentado, ocorridos na madrugada do dia 8.<\/p>\n<p>Na ocasi\u00e3o, o suspeito discutia com sua ex-namorada, em via p\u00fablica, quando intervieram na confus\u00e3o uma mulher, de 28 anos, e um homem, de 45 anos, os quais foram esfaqueados pelo agressor. As v\u00edtimas foram socorridas em hospitais de Barretos, por\u00e9m, a mulher n\u00e3o resistiu aos ferimentos e faleceu. O rapaz continua internado, em estado grave. O delegado Marcelo Gambi Alves, representou-se ao Poder Judici\u00e1rio pela expedi\u00e7\u00e3o de mandado de pris\u00e3o tempor\u00e1ria. O acusado foi interrogado e confessou os crimes.<\/p>\n<p>Confira a fala do delegado a respeito desse caso.<\/p>\n<div style=\"width: 640px;\" class=\"wp-video\"><video class=\"wp-video-shortcode\" id=\"video-97557-1\" width=\"640\" height=\"362\" preload=\"metadata\" controls=\"controls\"><source type=\"video\/mp4\" src=\"https:\/\/regiaonews.net.br\/2022\/wp-content\/uploads\/2023\/11\/WhatsApp-Video-2023-11-09-at-10.41.14.mp4?_=1\" \/><a href=\"https:\/\/regiaonews.net.br\/2022\/wp-content\/uploads\/2023\/11\/WhatsApp-Video-2023-11-09-at-10.41.14.mp4\">https:\/\/regiaonews.net.br\/2022\/wp-content\/uploads\/2023\/11\/WhatsApp-Video-2023-11-09-at-10.41.14.mp4<\/a><\/video><\/div>\n<p>&nbsp;<\/p>\n","protected":false},"excerpt":{"rendered":"<p>Na manh\u00e3 desta quinta (9) a Pol\u00edcia Civil de Barretos<\/p>\n","protected":false},"author":2,"featured_media":65438,"comment_status":"open","ping_status":"open","sticky":false,"template":"","format":"standard","meta":{"footnotes":""},"categories":[14,23],"tags":[],"class_list":["post-97557","post","type-post","status-publish","format-standard","has-post-thumbnail","hentry","category-barretos","category-policia"],"yoast_head":"<!-- This site is optimized with the Yoast SEO plugin v27.4 - https:\/\/yoast.com\/product\/yoast-seo-wordpress\/ -->\n<title>Autor de homic\u00eddio e tentativa de homic\u00eddio \u00e9 preso pela Pol\u00edcia<\/title>\n<meta name=\"description\" content=\"Na manh\u00e3 desta quinta (9) a Pol\u00edcia Civil de Barretos atrav\u00e9s da Central de Pol\u00edcia Judici\u00e1ria de Barretos, deflagrou opera\u00e7\u00e3o policial\" \/>\n<meta name=\"robots\" content=\"index, follow, max-snippet:-1, max-image-preview:large, max-video-preview:-1\" \/>\n<link rel=\"canonical\" href=\"https:\/\/regiaonews.net.br\/2022\/2023\/11\/09\/autor-de-homicidio-e-tentativa-de-homicidio-e-preso-pela-policia-civil\/\" \/>\n<meta property=\"og:locale\" content=\"pt_BR\" \/>\n<meta property=\"og:type\" content=\"article\" \/>\n<meta property=\"og:title\" content=\"Autor de homic\u00eddio e tentativa de homic\u00eddio \u00e9 preso pela Pol\u00edcia\" \/>\n<meta property=\"og:description\" content=\"Na manh\u00e3 desta quinta (9) a Pol\u00edcia Civil de Barretos atrav\u00e9s da Central de Pol\u00edcia Judici\u00e1ria de Barretos, deflagrou opera\u00e7\u00e3o policial\" \/>\n<meta property=\"og:url\" content=\"https:\/\/regiaonews.net.br\/2022\/2023\/11\/09\/autor-de-homicidio-e-tentativa-de-homicidio-e-preso-pela-policia-civil\/\" \/>\n<meta property=\"og:site_name\" content=\"Regi\u00e3o News\" \/>\n<meta property=\"article:published_time\" content=\"2023-11-09T12:27:30+00:00\" \/>\n<meta property=\"article:modified_time\" content=\"2023-11-09T17:55:34+00:00\" \/>\n<meta property=\"og:image\" content=\"https:\/\/regiaonews.net.br\/2022\/wp-content\/uploads\/2022\/01\/Distritos-Policiais.jpg\" \/>\n\t<meta property=\"og:image:width\" content=\"493\" \/>\n\t<meta property=\"og:image:height\" content=\"372\" \/>\n\t<meta property=\"og:image:type\" content=\"image\/jpeg\" \/>\n<meta name=\"author\" content=\"Roberto\" \/>\n<meta name=\"twitter:card\" content=\"summary_large_image\" \/>\n<meta name=\"twitter:label1\" content=\"Escrito por\" \/>\n\t<meta name=\"twitter:data1\" content=\"Roberto\" \/>\n\t<meta name=\"twitter:label2\" content=\"Est. tempo de leitura\" \/>\n\t<meta name=\"twitter:data2\" content=\"1 minuto\" \/>\n<script type=\"application\/ld+json\" class=\"yoast-schema-graph\">{\"@context\":\"https:\\\/\\\/schema.org\",\"@graph\":[{\"@type\":\"Article\",\"@id\":\"https:\\\/\\\/regiaonews.net.br\\\/2022\\\/2023\\\/11\\\/09\\\/autor-de-homicidio-e-tentativa-de-homicidio-e-preso-pela-policia-civil\\\/#article\",\"isPartOf\":{\"@id\":\"https:\\\/\\\/regiaonews.net.br\\\/2022\\\/2023\\\/11\\\/09\\\/autor-de-homicidio-e-tentativa-de-homicidio-e-preso-pela-policia-civil\\\/\"},\"author\":{\"name\":\"Roberto\",\"@id\":\"https:\\\/\\\/regiaonews.net.br\\\/2022\\\/#\\\/schema\\\/person\\\/2d205a608a5aa97ac279d7a5e6d89ad8\"},\"headline\":\"Autor de homic\u00eddio e tentativa de homic\u00eddio \u00e9 preso pela Pol\u00edcia Civil\",\"datePublished\":\"2023-11-09T12:27:30+00:00\",\"dateModified\":\"2023-11-09T17:55:34+00:00\",\"mainEntityOfPage\":{\"@id\":\"https:\\\/\\\/regiaonews.net.br\\\/2022\\\/2023\\\/11\\\/09\\\/autor-de-homicidio-e-tentativa-de-homicidio-e-preso-pela-policia-civil\\\/\"},\"wordCount\":191,\"commentCount\":0,\"publisher\":{\"@id\":\"https:\\\/\\\/regiaonews.net.br\\\/2022\\\/#organization\"},\"image\":{\"@id\":\"https:\\\/\\\/regiaonews.net.br\\\/2022\\\/2023\\\/11\\\/09\\\/autor-de-homicidio-e-tentativa-de-homicidio-e-preso-pela-policia-civil\\\/#primaryimage\"},\"thumbnailUrl\":\"https:\\\/\\\/regiaonews.net.br\\\/2022\\\/wp-content\\\/uploads\\\/2022\\\/01\\\/Distritos-Policiais.jpg\",\"articleSection\":[\"Barretos\",\"Policia\"],\"inLanguage\":\"pt-BR\",\"potentialAction\":[{\"@type\":\"CommentAction\",\"name\":\"Comment\",\"target\":[\"https:\\\/\\\/regiaonews.net.br\\\/2022\\\/2023\\\/11\\\/09\\\/autor-de-homicidio-e-tentativa-de-homicidio-e-preso-pela-policia-civil\\\/#respond\"]}]},{\"@type\":\"WebPage\",\"@id\":\"https:\\\/\\\/regiaonews.net.br\\\/2022\\\/2023\\\/11\\\/09\\\/autor-de-homicidio-e-tentativa-de-homicidio-e-preso-pela-policia-civil\\\/\",\"url\":\"https:\\\/\\\/regiaonews.net.br\\\/2022\\\/2023\\\/11\\\/09\\\/autor-de-homicidio-e-tentativa-de-homicidio-e-preso-pela-policia-civil\\\/\",\"name\":\"Autor de homic\u00eddio e tentativa de homic\u00eddio \u00e9 preso pela Pol\u00edcia\",\"isPartOf\":{\"@id\":\"https:\\\/\\\/regiaonews.net.br\\\/2022\\\/#website\"},\"primaryImageOfPage\":{\"@id\":\"https:\\\/\\\/regiaonews.net.br\\\/2022\\\/2023\\\/11\\\/09\\\/autor-de-homicidio-e-tentativa-de-homicidio-e-preso-pela-policia-civil\\\/#primaryimage\"},\"image\":{\"@id\":\"https:\\\/\\\/regiaonews.net.br\\\/2022\\\/2023\\\/11\\\/09\\\/autor-de-homicidio-e-tentativa-de-homicidio-e-preso-pela-policia-civil\\\/#primaryimage\"},\"thumbnailUrl\":\"https:\\\/\\\/regiaonews.net.br\\\/2022\\\/wp-content\\\/uploads\\\/2022\\\/01\\\/Distritos-Policiais.jpg\",\"datePublished\":\"2023-11-09T12:27:30+00:00\",\"dateModified\":\"2023-11-09T17:55:34+00:00\",\"description\":\"Na manh\u00e3 desta quinta (9) a Pol\u00edcia Civil de Barretos atrav\u00e9s da Central de Pol\u00edcia Judici\u00e1ria de Barretos, deflagrou opera\u00e7\u00e3o policial\",\"breadcrumb\":{\"@id\":\"https:\\\/\\\/regiaonews.net.br\\\/2022\\\/2023\\\/11\\\/09\\\/autor-de-homicidio-e-tentativa-de-homicidio-e-preso-pela-policia-civil\\\/#breadcrumb\"},\"inLanguage\":\"pt-BR\",\"potentialAction\":[{\"@type\":\"ReadAction\",\"target\":[\"https:\\\/\\\/regiaonews.net.br\\\/2022\\\/2023\\\/11\\\/09\\\/autor-de-homicidio-e-tentativa-de-homicidio-e-preso-pela-policia-civil\\\/\"]}]},{\"@type\":\"ImageObject\",\"inLanguage\":\"pt-BR\",\"@id\":\"https:\\\/\\\/regiaonews.net.br\\\/2022\\\/2023\\\/11\\\/09\\\/autor-de-homicidio-e-tentativa-de-homicidio-e-preso-pela-policia-civil\\\/#primaryimage\",\"url\":\"https:\\\/\\\/regiaonews.net.br\\\/2022\\\/wp-content\\\/uploads\\\/2022\\\/01\\\/Distritos-Policiais.jpg\",\"contentUrl\":\"https:\\\/\\\/regiaonews.net.br\\\/2022\\\/wp-content\\\/uploads\\\/2022\\\/01\\\/Distritos-Policiais.jpg\",\"width\":493,\"height\":372},{\"@type\":\"BreadcrumbList\",\"@id\":\"https:\\\/\\\/regiaonews.net.br\\\/2022\\\/2023\\\/11\\\/09\\\/autor-de-homicidio-e-tentativa-de-homicidio-e-preso-pela-policia-civil\\\/#breadcrumb\",\"itemListElement\":[{\"@type\":\"ListItem\",\"position\":1,\"name\":\"In\u00edcio\",\"item\":\"https:\\\/\\\/regiaonews.net.br\\\/2022\\\/\"},{\"@type\":\"ListItem\",\"position\":2,\"name\":\"Autor de homic\u00eddio e tentativa de homic\u00eddio \u00e9 preso pela Pol\u00edcia Civil\"}]},{\"@type\":\"WebSite\",\"@id\":\"https:\\\/\\\/regiaonews.net.br\\\/2022\\\/#website\",\"url\":\"https:\\\/\\\/regiaonews.net.br\\\/2022\\\/\",\"name\":\"Regi\u00e3o News\",\"description\":\"Site de Not\u00edcias de Barretos e regi\u00e3o\",\"publisher\":{\"@id\":\"https:\\\/\\\/regiaonews.net.br\\\/2022\\\/#organization\"},\"potentialAction\":[{\"@type\":\"SearchAction\",\"target\":{\"@type\":\"EntryPoint\",\"urlTemplate\":\"https:\\\/\\\/regiaonews.net.br\\\/2022\\\/?s={search_term_string}\"},\"query-input\":{\"@type\":\"PropertyValueSpecification\",\"valueRequired\":true,\"valueName\":\"search_term_string\"}}],\"inLanguage\":\"pt-BR\"},{\"@type\":\"Organization\",\"@id\":\"https:\\\/\\\/regiaonews.net.br\\\/2022\\\/#organization\",\"name\":\"Regi\u00e3o News\",\"url\":\"https:\\\/\\\/regiaonews.net.br\\\/2022\\\/\",\"logo\":{\"@type\":\"ImageObject\",\"inLanguage\":\"pt-BR\",\"@id\":\"https:\\\/\\\/regiaonews.net.br\\\/2022\\\/#\\\/schema\\\/logo\\\/image\\\/\",\"url\":\"https:\\\/\\\/regiaonews.net.br\\\/2022\\\/wp-content\\\/uploads\\\/2026\\\/03\\\/regiao-13-anos-scaled.jpg\",\"contentUrl\":\"https:\\\/\\\/regiaonews.net.br\\\/2022\\\/wp-content\\\/uploads\\\/2026\\\/03\\\/regiao-13-anos-scaled.jpg\",\"width\":2560,\"height\":635,\"caption\":\"Regi\u00e3o News\"},\"image\":{\"@id\":\"https:\\\/\\\/regiaonews.net.br\\\/2022\\\/#\\\/schema\\\/logo\\\/image\\\/\"}},{\"@type\":\"Person\",\"@id\":\"https:\\\/\\\/regiaonews.net.br\\\/2022\\\/#\\\/schema\\\/person\\\/2d205a608a5aa97ac279d7a5e6d89ad8\",\"name\":\"Roberto\",\"image\":{\"@type\":\"ImageObject\",\"inLanguage\":\"pt-BR\",\"@id\":\"https:\\\/\\\/secure.gravatar.com\\\/avatar\\\/42749d8b712ff9d59ca93dc150494e5b55a44134482993f5baeb97e61b7ecc89?s=96&d=mm&r=g\",\"url\":\"https:\\\/\\\/secure.gravatar.com\\\/avatar\\\/42749d8b712ff9d59ca93dc150494e5b55a44134482993f5baeb97e61b7ecc89?s=96&d=mm&r=g\",\"contentUrl\":\"https:\\\/\\\/secure.gravatar.com\\\/avatar\\\/42749d8b712ff9d59ca93dc150494e5b55a44134482993f5baeb97e61b7ecc89?s=96&d=mm&r=g\",\"caption\":\"Roberto\"},\"url\":\"https:\\\/\\\/regiaonews.net.br\\\/2022\\\/author\\\/roberto\\\/\"}]}<\/script>\n<!-- \/ Yoast SEO plugin. -->","yoast_head_json":{"title":"Autor de homic\u00eddio e tentativa de homic\u00eddio \u00e9 preso pela Pol\u00edcia","description":"Na manh\u00e3 desta quinta (9) a Pol\u00edcia Civil de Barretos atrav\u00e9s da Central de Pol\u00edcia Judici\u00e1ria de Barretos, deflagrou opera\u00e7\u00e3o policial","robots":{"index":"index","follow":"follow","max-snippet":"max-snippet:-1","max-image-preview":"max-image-preview:large","max-video-preview":"max-video-preview:-1"},"canonical":"https:\/\/regiaonews.net.br\/2022\/2023\/11\/09\/autor-de-homicidio-e-tentativa-de-homicidio-e-preso-pela-policia-civil\/","og_locale":"pt_BR","og_type":"article","og_title":"Autor de homic\u00eddio e tentativa de homic\u00eddio \u00e9 preso pela Pol\u00edcia","og_description":"Na manh\u00e3 desta quinta (9) a Pol\u00edcia Civil de Barretos atrav\u00e9s da Central de Pol\u00edcia Judici\u00e1ria de Barretos, deflagrou opera\u00e7\u00e3o policial","og_url":"https:\/\/regiaonews.net.br\/2022\/2023\/11\/09\/autor-de-homicidio-e-tentativa-de-homicidio-e-preso-pela-policia-civil\/","og_site_name":"Regi\u00e3o News","article_published_time":"2023-11-09T12:27:30+00:00","article_modified_time":"2023-11-09T17:55:34+00:00","og_image":[{"width":493,"height":372,"url":"https:\/\/regiaonews.net.br\/2022\/wp-content\/uploads\/2022\/01\/Distritos-Policiais.jpg","type":"image\/jpeg"}],"author":"Roberto","twitter_card":"summary_large_image","twitter_misc":{"Escrito por":"Roberto","Est. tempo de leitura":"1 minuto"},"schema":{"@context":"https:\/\/schema.org","@graph":[{"@type":"Article","@id":"https:\/\/regiaonews.net.br\/2022\/2023\/11\/09\/autor-de-homicidio-e-tentativa-de-homicidio-e-preso-pela-policia-civil\/#article","isPartOf":{"@id":"https:\/\/regiaonews.net.br\/2022\/2023\/11\/09\/autor-de-homicidio-e-tentativa-de-homicidio-e-preso-pela-policia-civil\/"},"author":{"name":"Roberto","@id":"https:\/\/regiaonews.net.br\/2022\/#\/schema\/person\/2d205a608a5aa97ac279d7a5e6d89ad8"},"headline":"Autor de homic\u00eddio e tentativa de homic\u00eddio \u00e9 preso pela Pol\u00edcia Civil","datePublished":"2023-11-09T12:27:30+00:00","dateModified":"2023-11-09T17:55:34+00:00","mainEntityOfPage":{"@id":"https:\/\/regiaonews.net.br\/2022\/2023\/11\/09\/autor-de-homicidio-e-tentativa-de-homicidio-e-preso-pela-policia-civil\/"},"wordCount":191,"commentCount":0,"publisher":{"@id":"https:\/\/regiaonews.net.br\/2022\/#organization"},"image":{"@id":"https:\/\/regiaonews.net.br\/2022\/2023\/11\/09\/autor-de-homicidio-e-tentativa-de-homicidio-e-preso-pela-policia-civil\/#primaryimage"},"thumbnailUrl":"https:\/\/regiaonews.net.br\/2022\/wp-content\/uploads\/2022\/01\/Distritos-Policiais.jpg","articleSection":["Barretos","Policia"],"inLanguage":"pt-BR","potentialAction":[{"@type":"CommentAction","name":"Comment","target":["https:\/\/regiaonews.net.br\/2022\/2023\/11\/09\/autor-de-homicidio-e-tentativa-de-homicidio-e-preso-pela-policia-civil\/#respond"]}]},{"@type":"WebPage","@id":"https:\/\/regiaonews.net.br\/2022\/2023\/11\/09\/autor-de-homicidio-e-tentativa-de-homicidio-e-preso-pela-policia-civil\/","url":"https:\/\/regiaonews.net.br\/2022\/2023\/11\/09\/autor-de-homicidio-e-tentativa-de-homicidio-e-preso-pela-policia-civil\/","name":"Autor de homic\u00eddio e tentativa de homic\u00eddio \u00e9 preso pela Pol\u00edcia","isPartOf":{"@id":"https:\/\/regiaonews.net.br\/2022\/#website"},"primaryImageOfPage":{"@id":"https:\/\/regiaonews.net.br\/2022\/2023\/11\/09\/autor-de-homicidio-e-tentativa-de-homicidio-e-preso-pela-policia-civil\/#primaryimage"},"image":{"@id":"https:\/\/regiaonews.net.br\/2022\/2023\/11\/09\/autor-de-homicidio-e-tentativa-de-homicidio-e-preso-pela-policia-civil\/#primaryimage"},"thumbnailUrl":"https:\/\/regiaonews.net.br\/2022\/wp-content\/uploads\/2022\/01\/Distritos-Policiais.jpg","datePublished":"2023-11-09T12:27:30+00:00","dateModified":"2023-11-09T17:55:34+00:00","description":"Na manh\u00e3 desta quinta (9) a Pol\u00edcia Civil de Barretos atrav\u00e9s da Central de Pol\u00edcia Judici\u00e1ria de Barretos, deflagrou opera\u00e7\u00e3o policial","breadcrumb":{"@id":"https:\/\/regiaonews.net.br\/2022\/2023\/11\/09\/autor-de-homicidio-e-tentativa-de-homicidio-e-preso-pela-policia-civil\/#breadcrumb"},"inLanguage":"pt-BR","potentialAction":[{"@type":"ReadAction","target":["https:\/\/regiaonews.net.br\/2022\/2023\/11\/09\/autor-de-homicidio-e-tentativa-de-homicidio-e-preso-pela-policia-civil\/"]}]},{"@type":"ImageObject","inLanguage":"pt-BR","@id":"https:\/\/regiaonews.net.br\/2022\/2023\/11\/09\/autor-de-homicidio-e-tentativa-de-homicidio-e-preso-pela-policia-civil\/#primaryimage","url":"https:\/\/regiaonews.net.br\/2022\/wp-content\/uploads\/2022\/01\/Distritos-Policiais.jpg","contentUrl":"https:\/\/regiaonews.net.br\/2022\/wp-content\/uploads\/2022\/01\/Distritos-Policiais.jpg","width":493,"height":372},{"@type":"BreadcrumbList","@id":"https:\/\/regiaonews.net.br\/2022\/2023\/11\/09\/autor-de-homicidio-e-tentativa-de-homicidio-e-preso-pela-policia-civil\/#breadcrumb","itemListElement":[{"@type":"ListItem","position":1,"name":"In\u00edcio","item":"https:\/\/regiaonews.net.br\/2022\/"},{"@type":"ListItem","position":2,"name":"Autor de homic\u00eddio e tentativa de homic\u00eddio \u00e9 preso pela Pol\u00edcia Civil"}]},{"@type":"WebSite","@id":"https:\/\/regiaonews.net.br\/2022\/#website","url":"https:\/\/regiaonews.net.br\/2022\/","name":"Regi\u00e3o News","description":"Site de Not\u00edcias de Barretos e regi\u00e3o","publisher":{"@id":"https:\/\/regiaonews.net.br\/2022\/#organization"},"potentialAction":[{"@type":"SearchAction","target":{"@type":"EntryPoint","urlTemplate":"https:\/\/regiaonews.net.br\/2022\/?s={search_term_string}"},"query-input":{"@type":"PropertyValueSpecification","valueRequired":true,"valueName":"search_term_string"}}],"inLanguage":"pt-BR"},{"@type":"Organization","@id":"https:\/\/regiaonews.net.br\/2022\/#organization","name":"Regi\u00e3o News","url":"https:\/\/regiaonews.net.br\/2022\/","logo":{"@type":"ImageObject","inLanguage":"pt-BR","@id":"https:\/\/regiaonews.net.br\/2022\/#\/schema\/logo\/image\/","url":"https:\/\/regiaonews.net.br\/2022\/wp-content\/uploads\/2026\/03\/regiao-13-anos-scaled.jpg","contentUrl":"https:\/\/regiaonews.net.br\/2022\/wp-content\/uploads\/2026\/03\/regiao-13-anos-scaled.jpg","width":2560,"height":635,"caption":"Regi\u00e3o News"},"image":{"@id":"https:\/\/regiaonews.net.br\/2022\/#\/schema\/logo\/image\/"}},{"@type":"Person","@id":"https:\/\/regiaonews.net.br\/2022\/#\/schema\/person\/2d205a608a5aa97ac279d7a5e6d89ad8","name":"Roberto","image":{"@type":"ImageObject","inLanguage":"pt-BR","@id":"https:\/\/secure.gravatar.com\/avatar\/42749d8b712ff9d59ca93dc150494e5b55a44134482993f5baeb97e61b7ecc89?s=96&d=mm&r=g","url":"https:\/\/secure.gravatar.com\/avatar\/42749d8b712ff9d59ca93dc150494e5b55a44134482993f5baeb97e61b7ecc89?s=96&d=mm&r=g","contentUrl":"https:\/\/secure.gravatar.com\/avatar\/42749d8b712ff9d59ca93dc150494e5b55a44134482993f5baeb97e61b7ecc89?s=96&d=mm&r=g","caption":"Roberto"},"url":"https:\/\/regiaonews.net.br\/2022\/author\/roberto\/"}]}},"publishpress_future_action":{"enabled":false,"date":"2026-05-03 06:58:52","action":"change-status","newStatus":"draft","terms":[],"taxonomy":"category","extraData":[]},"publishpress_future_workflow_manual_trigger":{"enabledWorkflows":[]},"_links":{"self":[{"href":"https:\/\/regiaonews.net.br\/2022\/wp-json\/wp\/v2\/posts\/97557","targetHints":{"allow":["GET"]}}],"collection":[{"href":"https:\/\/regiaonews.net.br\/2022\/wp-json\/wp\/v2\/posts"}],"about":[{"href":"https:\/\/regiaonews.net.br\/2022\/wp-json\/wp\/v2\/types\/post"}],"author":[{"embeddable":true,"href":"https:\/\/regiaonews.net.br\/2022\/wp-json\/wp\/v2\/users\/2"}],"replies":[{"embeddable":true,"href":"https:\/\/regiaonews.net.br\/2022\/wp-json\/wp\/v2\/comments?post=97557"}],"version-history":[{"count":3,"href":"https:\/\/regiaonews.net.br\/2022\/wp-json\/wp\/v2\/posts\/97557\/revisions"}],"predecessor-version":[{"id":97562,"href":"https:\/\/regiaonews.net.br\/2022\/wp-json\/wp\/v2\/posts\/97557\/revisions\/97562"}],"wp:featuredmedia":[{"embeddable":true,"href":"https:\/\/regiaonews.net.br\/2022\/wp-json\/wp\/v2\/media\/65438"}],"wp:attachment":[{"href":"https:\/\/regiaonews.net.br\/2022\/wp-json\/wp\/v2\/media?parent=97557"}],"wp:term":[{"taxonomy":"category","embeddable":true,"href":"https:\/\/regiaonews.net.br\/2022\/wp-json\/wp\/v2\/categories?post=97557"},{"taxonomy":"post_tag","embeddable":true,"href":"https:\/\/regiaonews.net.br\/2022\/wp-json\/wp\/v2\/tags?post=97557"}],"curies":[{"name":"wp","href":"https:\/\/api.w.org\/{rel}","templated":true}]}}