{"id":97537,"date":"2023-11-08T13:10:38","date_gmt":"2023-11-08T16:10:38","guid":{"rendered":"https:\/\/regiaonews.net.br\/2022\/?p=97537"},"modified":"2023-11-08T13:10:38","modified_gmt":"2023-11-08T16:10:38","slug":"viva-festival-comeca-nesta-sexta-feira-em-olimpia-com-grandes-shows-de-variados-estilos","status":"publish","type":"post","link":"https:\/\/regiaonews.net.br\/2022\/2023\/11\/08\/viva-festival-comeca-nesta-sexta-feira-em-olimpia-com-grandes-shows-de-variados-estilos\/","title":{"rendered":"VIVA+ Festival come\u00e7a nesta sexta-feira em Ol\u00edmpia com grandes shows de variados estilos"},"content":{"rendered":"<h3 style=\"text-align: center;\" align=\"center\">Ana Castela, Gustavo Mioto, Jota Quest, P\u00e9ricles e Luan Santana se apresentam no Recinto do Folclore, de 10 a 15 de novembro.<\/h3>\n<div><\/div>\n<div>Com uma grade de shows para agradar todos os gostos e diversas op\u00e7\u00f5es de entretenimento, o VIVA+ Festival come\u00e7a nesta sexta-feira, dia 10 de novembro, no Recinto do Folclore, em Ol\u00edmpia (SP).<\/div>\n<div><\/div>\n<div>Promovido pela VIVA+ Entretenimento em parceria com a TV TEM e o apoio da Prefeitura de Ol\u00edmpia, o evento re\u00fane grandes nomes da m\u00fasica at\u00e9 o dia 15 de novembro.<\/div>\n<div><\/div>\n<div>Ana Castela abre o megapalco do festival, na sexta-feira; seguida por Gustavo Mioto (s\u00e1bado, dia 11); Jota Quest (domingo, 12); P\u00e9ricles (segunda-feira, 13); e Luan Santana (ter\u00e7a-feira, 14).<\/div>\n<div><\/div>\n<div>O palco do VIVA+ Festival ser\u00e1 mesmo um diferencial, destacando-se por sua interatividade e tecnologia 3D, um atrativo extra que certamente vai cativar o p\u00fablico durante as apresenta\u00e7\u00f5es.<\/div>\n<div><\/div>\n<div><b>Festival solid\u00e1rio<\/b><\/div>\n<div>Nos dias 11, 12, 13, ou seja, nos shows de Gustavo Mioto, Jota Quest e P\u00e9ricles, a pista do VIVA+ Festival ser\u00e1 solid\u00e1ria, com troca antecipada dos ingressos por 1 quilo de alimento n\u00e3o perec\u00edvel, que deve ser feita na Secretaria de Turismo e Cultura de Ol\u00edmpia (Avenida Brasil, 155).<\/div>\n<div><\/div>\n<div>Quem n\u00e3o puder se dirigir at\u00e9 a Secretaria pode comprar o ingresso por R$ 10 pelo Guich\u00ea Web &#8211;\u00a0<a id=\"m_8886479010798844838OWA6f4fa175-1ce3-0086-d8f8-76ff5017f91a\" href=\"http:\/\/www.guicheweb.com.br\/olimpia\" target=\"_blank\" rel=\"noopener\" data-saferedirecturl=\"https:\/\/www.google.com\/url?q=http:\/\/www.guicheweb.com.br\/olimpia&amp;source=gmail&amp;ust=1699545838713000&amp;usg=AOvVaw1Zt1uPXBX2B1P7PdvMHLKk\">www.guicheweb.com.br\/olimpia<\/a>. O valor ser\u00e1 revertido \u00e0 compra de alimentos n\u00e3o perec\u00edveis, para assistir fam\u00edlias carentes da cidade e regi\u00e3o.<\/div>\n<div><\/div>\n<div>A pista para os dias 10 e 14 de novembro, assim como o acesso \u00e0 \u00c1rea VIP e ao Camarote, podem ser comprados no mesmo site. Nenhum setor \u00e9 open bar e qualquer menor de 16 anos precisa estar acompanhado dos pais ou respons\u00e1veis.<\/div>\n<div><\/div>\n<div><b>Estrutura completa<\/b><\/div>\n<div>Com op\u00e7\u00f5es de lazer e entretenimento para toda fam\u00edlia, o evento ter\u00e1 uma estrutura completa e inovadora, incluindo \u00e1rea gastron\u00f4mica, parque de divers\u00e3o, arena churrasco e uma mini fazendinha, al\u00e9m do TEM+ PET, uma programa\u00e7\u00e3o especial para tutores, nos dias 11, 12 e 15 de novembro, levarem os bichinhos de estima\u00e7\u00e3o e passearem no local.<\/div>\n<div><\/div>\n<div>Aproveitando o t\u00edtulo de Ol\u00edmpia como Capital Nacional do Folclore, o VIVA+ Festival vai prestigiar a cultura local, com apresenta\u00e7\u00f5es folcl\u00f3ricas durante os dias 11, 12 e 15 de novembro. Cantores e artistas da cidade tamb\u00e9m foram convidados a abrir as apresenta\u00e7\u00f5es dos shows \u00e0 noite, uma forma de fortalecer ainda mais a cena art\u00edstica regional.<\/div>\n<div><\/div>\n<div>\u201cTeremos atra\u00e7\u00f5es para proporcionar divers\u00e3o para todas as idades. \u00c9 a primeira vez que o VIVA+ Festival \u00e9 realizado em Ol\u00edmpia, mas ele j\u00e1 nasce com objetivo de se tornar um evento que vem para ficar. Tanto os turistas que estiverem na cidade com os moradores de Ol\u00edmpia e regi\u00e3o podem ter a certeza de que v\u00e3o encontrar o que h\u00e1 de melhor no mundo do entretenimento\u201d, diz o CEO da VIVA+ Entretenimento, Guilherme Moron.<\/div>\n<div><\/div>\n<div><b>Servi\u00e7o<\/b><\/div>\n<div><b>VIVA+ Festival 2023<\/b><\/div>\n<div>De 10 a 15 de novembro<\/div>\n<div>Ingressos \u00e0 venda: pista, \u00e1rea vip e camarote<\/div>\n<div>Local: no Recinto do Folclore &#8211; Avenida Menina Mo\u00e7a, n\u00famero 800, Ol\u00edmpia<\/div>\n<div><\/div>\n<div><b>Programa\u00e7\u00e3o completa<\/b><\/div>\n<div><\/div>\n<div><b>Sexta-feira, 10 de novembro<\/b><\/div>\n<div>Abertura do recinto \u00e0s 19h<\/div>\n<div>Show com Ana Castela \u00e0s 22h<\/div>\n<div><\/div>\n<div><b>S\u00e1bado, 11 de novembro<\/b><\/div>\n<div>Abertura do recinto \u00e0s 13h<\/div>\n<div>TEM+ PET \u00e0s 13h<\/div>\n<div>Apresenta\u00e7\u00f5es folcl\u00f3ricas \u00e0s 17h<\/div>\n<div>Show com Gustavo Mioto \u00e0s 22h<\/div>\n<div>Pista solid\u00e1ria: troca por alimento n\u00e3o perec\u00edvel ou R$ 10<\/div>\n<div><\/div>\n<div><b>Domingo, 12 de novembro<\/b><\/div>\n<div>Abertura do recinto \u00e0s 13h<\/div>\n<div>TEM+ PET \u00e0s 13h<\/div>\n<div>Apresenta\u00e7\u00f5es folcl\u00f3ricas \u00e0s 17h<\/div>\n<div>Show com Jota Quest \u00e0s 22h<\/div>\n<div>Pista solid\u00e1ria: troca por alimento n\u00e3o perec\u00edvel ou R$ 10<\/div>\n<div><\/div>\n<div><b>Segunda-feira, 13 de novembro<\/b><\/div>\n<div>Abertura do recinto \u00e0s 19h<\/div>\n<div>Show com P\u00e9ricles \u00e0s 22h<\/div>\n<div>Pista solid\u00e1ria: troca por alimento n\u00e3o perec\u00edvel ou R$ 10<\/div>\n<div><\/div>\n<div><b>Ter\u00e7a-feira, 14 de novembro<\/b><\/div>\n<div>Abertura do recinto \u00e0s 19h<\/div>\n<div>Show com Luan Santana \u00e0s 22h<\/div>\n<div><\/div>\n<div><b>Quarta-feira, 15 de novembro<\/b><\/div>\n<div>Abertura do recinto \u00e0s 13h<\/div>\n<div>TEM+ PET \u00e0s 13h<\/div>\n<div>Apresenta\u00e7\u00f5es folcl\u00f3ricas 17h<\/div>\n","protected":false},"excerpt":{"rendered":"<p>Ana Castela, Gustavo Mioto, Jota Quest, P\u00e9ricles e Luan Santana<\/p>\n","protected":false},"author":2,"featured_media":97538,"comment_status":"open","ping_status":"open","sticky":false,"template":"","format":"standard","meta":{"footnotes":""},"categories":[3,178],"tags":[],"class_list":["post-97537","post","type-post","status-publish","format-standard","has-post-thumbnail","hentry","category-geral","category-olimpia-2"],"yoast_head":"<!-- This site is optimized with the Yoast SEO plugin v27.4 - https:\/\/yoast.com\/product\/yoast-seo-wordpress\/ -->\n<title>VIVA+ Festival come\u00e7a nesta sexta-feira em Ol\u00edmpia com grandes shows de variados estilos - Regi\u00e3o News<\/title>\n<meta name=\"robots\" content=\"index, follow, max-snippet:-1, max-image-preview:large, max-video-preview:-1\" \/>\n<link rel=\"canonical\" href=\"https:\/\/regiaonews.net.br\/2022\/2023\/11\/08\/viva-festival-comeca-nesta-sexta-feira-em-olimpia-com-grandes-shows-de-variados-estilos\/\" \/>\n<meta property=\"og:locale\" content=\"pt_BR\" \/>\n<meta property=\"og:type\" content=\"article\" \/>\n<meta property=\"og:title\" content=\"VIVA+ Festival come\u00e7a nesta sexta-feira em Ol\u00edmpia com grandes shows de variados estilos - Regi\u00e3o News\" \/>\n<meta property=\"og:description\" content=\"Ana Castela, Gustavo Mioto, Jota Quest, P\u00e9ricles e Luan Santana\" \/>\n<meta property=\"og:url\" content=\"https:\/\/regiaonews.net.br\/2022\/2023\/11\/08\/viva-festival-comeca-nesta-sexta-feira-em-olimpia-com-grandes-shows-de-variados-estilos\/\" \/>\n<meta property=\"og:site_name\" content=\"Regi\u00e3o News\" \/>\n<meta property=\"article:published_time\" content=\"2023-11-08T16:10:38+00:00\" \/>\n<meta property=\"og:image\" content=\"https:\/\/regiaonews.net.br\/2022\/wp-content\/uploads\/2023\/11\/ANA-CASTELA.jpg\" \/>\n\t<meta property=\"og:image:width\" content=\"1440\" \/>\n\t<meta property=\"og:image:height\" content=\"959\" \/>\n\t<meta property=\"og:image:type\" content=\"image\/jpeg\" \/>\n<meta name=\"author\" content=\"Roberto\" \/>\n<meta name=\"twitter:card\" content=\"summary_large_image\" \/>\n<meta name=\"twitter:label1\" content=\"Escrito por\" \/>\n\t<meta name=\"twitter:data1\" content=\"Roberto\" \/>\n\t<meta name=\"twitter:label2\" content=\"Est. tempo de leitura\" \/>\n\t<meta name=\"twitter:data2\" content=\"4 minutos\" \/>\n<script type=\"application\/ld+json\" class=\"yoast-schema-graph\">{\"@context\":\"https:\\\/\\\/schema.org\",\"@graph\":[{\"@type\":\"Article\",\"@id\":\"https:\\\/\\\/regiaonews.net.br\\\/2022\\\/2023\\\/11\\\/08\\\/viva-festival-comeca-nesta-sexta-feira-em-olimpia-com-grandes-shows-de-variados-estilos\\\/#article\",\"isPartOf\":{\"@id\":\"https:\\\/\\\/regiaonews.net.br\\\/2022\\\/2023\\\/11\\\/08\\\/viva-festival-comeca-nesta-sexta-feira-em-olimpia-com-grandes-shows-de-variados-estilos\\\/\"},\"author\":{\"name\":\"Roberto\",\"@id\":\"https:\\\/\\\/regiaonews.net.br\\\/2022\\\/#\\\/schema\\\/person\\\/2d205a608a5aa97ac279d7a5e6d89ad8\"},\"headline\":\"VIVA+ Festival come\u00e7a nesta sexta-feira em Ol\u00edmpia com grandes shows de variados estilos\",\"datePublished\":\"2023-11-08T16:10:38+00:00\",\"mainEntityOfPage\":{\"@id\":\"https:\\\/\\\/regiaonews.net.br\\\/2022\\\/2023\\\/11\\\/08\\\/viva-festival-comeca-nesta-sexta-feira-em-olimpia-com-grandes-shows-de-variados-estilos\\\/\"},\"wordCount\":673,\"commentCount\":0,\"publisher\":{\"@id\":\"https:\\\/\\\/regiaonews.net.br\\\/2022\\\/#organization\"},\"image\":{\"@id\":\"https:\\\/\\\/regiaonews.net.br\\\/2022\\\/2023\\\/11\\\/08\\\/viva-festival-comeca-nesta-sexta-feira-em-olimpia-com-grandes-shows-de-variados-estilos\\\/#primaryimage\"},\"thumbnailUrl\":\"https:\\\/\\\/regiaonews.net.br\\\/2022\\\/wp-content\\\/uploads\\\/2023\\\/11\\\/ANA-CASTELA.jpg\",\"articleSection\":[\"Geral\",\"Ol\u00edmpia\"],\"inLanguage\":\"pt-BR\",\"potentialAction\":[{\"@type\":\"CommentAction\",\"name\":\"Comment\",\"target\":[\"https:\\\/\\\/regiaonews.net.br\\\/2022\\\/2023\\\/11\\\/08\\\/viva-festival-comeca-nesta-sexta-feira-em-olimpia-com-grandes-shows-de-variados-estilos\\\/#respond\"]}]},{\"@type\":\"WebPage\",\"@id\":\"https:\\\/\\\/regiaonews.net.br\\\/2022\\\/2023\\\/11\\\/08\\\/viva-festival-comeca-nesta-sexta-feira-em-olimpia-com-grandes-shows-de-variados-estilos\\\/\",\"url\":\"https:\\\/\\\/regiaonews.net.br\\\/2022\\\/2023\\\/11\\\/08\\\/viva-festival-comeca-nesta-sexta-feira-em-olimpia-com-grandes-shows-de-variados-estilos\\\/\",\"name\":\"VIVA+ Festival come\u00e7a nesta sexta-feira em Ol\u00edmpia com grandes shows de variados estilos - Regi\u00e3o News\",\"isPartOf\":{\"@id\":\"https:\\\/\\\/regiaonews.net.br\\\/2022\\\/#website\"},\"primaryImageOfPage\":{\"@id\":\"https:\\\/\\\/regiaonews.net.br\\\/2022\\\/2023\\\/11\\\/08\\\/viva-festival-comeca-nesta-sexta-feira-em-olimpia-com-grandes-shows-de-variados-estilos\\\/#primaryimage\"},\"image\":{\"@id\":\"https:\\\/\\\/regiaonews.net.br\\\/2022\\\/2023\\\/11\\\/08\\\/viva-festival-comeca-nesta-sexta-feira-em-olimpia-com-grandes-shows-de-variados-estilos\\\/#primaryimage\"},\"thumbnailUrl\":\"https:\\\/\\\/regiaonews.net.br\\\/2022\\\/wp-content\\\/uploads\\\/2023\\\/11\\\/ANA-CASTELA.jpg\",\"datePublished\":\"2023-11-08T16:10:38+00:00\",\"breadcrumb\":{\"@id\":\"https:\\\/\\\/regiaonews.net.br\\\/2022\\\/2023\\\/11\\\/08\\\/viva-festival-comeca-nesta-sexta-feira-em-olimpia-com-grandes-shows-de-variados-estilos\\\/#breadcrumb\"},\"inLanguage\":\"pt-BR\",\"potentialAction\":[{\"@type\":\"ReadAction\",\"target\":[\"https:\\\/\\\/regiaonews.net.br\\\/2022\\\/2023\\\/11\\\/08\\\/viva-festival-comeca-nesta-sexta-feira-em-olimpia-com-grandes-shows-de-variados-estilos\\\/\"]}]},{\"@type\":\"ImageObject\",\"inLanguage\":\"pt-BR\",\"@id\":\"https:\\\/\\\/regiaonews.net.br\\\/2022\\\/2023\\\/11\\\/08\\\/viva-festival-comeca-nesta-sexta-feira-em-olimpia-com-grandes-shows-de-variados-estilos\\\/#primaryimage\",\"url\":\"https:\\\/\\\/regiaonews.net.br\\\/2022\\\/wp-content\\\/uploads\\\/2023\\\/11\\\/ANA-CASTELA.jpg\",\"contentUrl\":\"https:\\\/\\\/regiaonews.net.br\\\/2022\\\/wp-content\\\/uploads\\\/2023\\\/11\\\/ANA-CASTELA.jpg\",\"width\":1440,\"height\":959},{\"@type\":\"BreadcrumbList\",\"@id\":\"https:\\\/\\\/regiaonews.net.br\\\/2022\\\/2023\\\/11\\\/08\\\/viva-festival-comeca-nesta-sexta-feira-em-olimpia-com-grandes-shows-de-variados-estilos\\\/#breadcrumb\",\"itemListElement\":[{\"@type\":\"ListItem\",\"position\":1,\"name\":\"In\u00edcio\",\"item\":\"https:\\\/\\\/regiaonews.net.br\\\/2022\\\/\"},{\"@type\":\"ListItem\",\"position\":2,\"name\":\"VIVA+ Festival come\u00e7a nesta sexta-feira em Ol\u00edmpia com grandes shows de variados estilos\"}]},{\"@type\":\"WebSite\",\"@id\":\"https:\\\/\\\/regiaonews.net.br\\\/2022\\\/#website\",\"url\":\"https:\\\/\\\/regiaonews.net.br\\\/2022\\\/\",\"name\":\"Regi\u00e3o News\",\"description\":\"Site de Not\u00edcias de Barretos e regi\u00e3o\",\"publisher\":{\"@id\":\"https:\\\/\\\/regiaonews.net.br\\\/2022\\\/#organization\"},\"potentialAction\":[{\"@type\":\"SearchAction\",\"target\":{\"@type\":\"EntryPoint\",\"urlTemplate\":\"https:\\\/\\\/regiaonews.net.br\\\/2022\\\/?s={search_term_string}\"},\"query-input\":{\"@type\":\"PropertyValueSpecification\",\"valueRequired\":true,\"valueName\":\"search_term_string\"}}],\"inLanguage\":\"pt-BR\"},{\"@type\":\"Organization\",\"@id\":\"https:\\\/\\\/regiaonews.net.br\\\/2022\\\/#organization\",\"name\":\"Regi\u00e3o News\",\"url\":\"https:\\\/\\\/regiaonews.net.br\\\/2022\\\/\",\"logo\":{\"@type\":\"ImageObject\",\"inLanguage\":\"pt-BR\",\"@id\":\"https:\\\/\\\/regiaonews.net.br\\\/2022\\\/#\\\/schema\\\/logo\\\/image\\\/\",\"url\":\"https:\\\/\\\/regiaonews.net.br\\\/2022\\\/wp-content\\\/uploads\\\/2026\\\/03\\\/regiao-13-anos-scaled.jpg\",\"contentUrl\":\"https:\\\/\\\/regiaonews.net.br\\\/2022\\\/wp-content\\\/uploads\\\/2026\\\/03\\\/regiao-13-anos-scaled.jpg\",\"width\":2560,\"height\":635,\"caption\":\"Regi\u00e3o News\"},\"image\":{\"@id\":\"https:\\\/\\\/regiaonews.net.br\\\/2022\\\/#\\\/schema\\\/logo\\\/image\\\/\"}},{\"@type\":\"Person\",\"@id\":\"https:\\\/\\\/regiaonews.net.br\\\/2022\\\/#\\\/schema\\\/person\\\/2d205a608a5aa97ac279d7a5e6d89ad8\",\"name\":\"Roberto\",\"image\":{\"@type\":\"ImageObject\",\"inLanguage\":\"pt-BR\",\"@id\":\"https:\\\/\\\/secure.gravatar.com\\\/avatar\\\/42749d8b712ff9d59ca93dc150494e5b55a44134482993f5baeb97e61b7ecc89?s=96&d=mm&r=g\",\"url\":\"https:\\\/\\\/secure.gravatar.com\\\/avatar\\\/42749d8b712ff9d59ca93dc150494e5b55a44134482993f5baeb97e61b7ecc89?s=96&d=mm&r=g\",\"contentUrl\":\"https:\\\/\\\/secure.gravatar.com\\\/avatar\\\/42749d8b712ff9d59ca93dc150494e5b55a44134482993f5baeb97e61b7ecc89?s=96&d=mm&r=g\",\"caption\":\"Roberto\"},\"url\":\"https:\\\/\\\/regiaonews.net.br\\\/2022\\\/author\\\/roberto\\\/\"}]}<\/script>\n<!-- \/ Yoast SEO plugin. -->","yoast_head_json":{"title":"VIVA+ Festival come\u00e7a nesta sexta-feira em Ol\u00edmpia com grandes shows de variados estilos - Regi\u00e3o News","robots":{"index":"index","follow":"follow","max-snippet":"max-snippet:-1","max-image-preview":"max-image-preview:large","max-video-preview":"max-video-preview:-1"},"canonical":"https:\/\/regiaonews.net.br\/2022\/2023\/11\/08\/viva-festival-comeca-nesta-sexta-feira-em-olimpia-com-grandes-shows-de-variados-estilos\/","og_locale":"pt_BR","og_type":"article","og_title":"VIVA+ Festival come\u00e7a nesta sexta-feira em Ol\u00edmpia com grandes shows de variados estilos - Regi\u00e3o News","og_description":"Ana Castela, Gustavo Mioto, Jota Quest, P\u00e9ricles e Luan Santana","og_url":"https:\/\/regiaonews.net.br\/2022\/2023\/11\/08\/viva-festival-comeca-nesta-sexta-feira-em-olimpia-com-grandes-shows-de-variados-estilos\/","og_site_name":"Regi\u00e3o News","article_published_time":"2023-11-08T16:10:38+00:00","og_image":[{"width":1440,"height":959,"url":"https:\/\/regiaonews.net.br\/2022\/wp-content\/uploads\/2023\/11\/ANA-CASTELA.jpg","type":"image\/jpeg"}],"author":"Roberto","twitter_card":"summary_large_image","twitter_misc":{"Escrito por":"Roberto","Est. tempo de leitura":"4 minutos"},"schema":{"@context":"https:\/\/schema.org","@graph":[{"@type":"Article","@id":"https:\/\/regiaonews.net.br\/2022\/2023\/11\/08\/viva-festival-comeca-nesta-sexta-feira-em-olimpia-com-grandes-shows-de-variados-estilos\/#article","isPartOf":{"@id":"https:\/\/regiaonews.net.br\/2022\/2023\/11\/08\/viva-festival-comeca-nesta-sexta-feira-em-olimpia-com-grandes-shows-de-variados-estilos\/"},"author":{"name":"Roberto","@id":"https:\/\/regiaonews.net.br\/2022\/#\/schema\/person\/2d205a608a5aa97ac279d7a5e6d89ad8"},"headline":"VIVA+ Festival come\u00e7a nesta sexta-feira em Ol\u00edmpia com grandes shows de variados estilos","datePublished":"2023-11-08T16:10:38+00:00","mainEntityOfPage":{"@id":"https:\/\/regiaonews.net.br\/2022\/2023\/11\/08\/viva-festival-comeca-nesta-sexta-feira-em-olimpia-com-grandes-shows-de-variados-estilos\/"},"wordCount":673,"commentCount":0,"publisher":{"@id":"https:\/\/regiaonews.net.br\/2022\/#organization"},"image":{"@id":"https:\/\/regiaonews.net.br\/2022\/2023\/11\/08\/viva-festival-comeca-nesta-sexta-feira-em-olimpia-com-grandes-shows-de-variados-estilos\/#primaryimage"},"thumbnailUrl":"https:\/\/regiaonews.net.br\/2022\/wp-content\/uploads\/2023\/11\/ANA-CASTELA.jpg","articleSection":["Geral","Ol\u00edmpia"],"inLanguage":"pt-BR","potentialAction":[{"@type":"CommentAction","name":"Comment","target":["https:\/\/regiaonews.net.br\/2022\/2023\/11\/08\/viva-festival-comeca-nesta-sexta-feira-em-olimpia-com-grandes-shows-de-variados-estilos\/#respond"]}]},{"@type":"WebPage","@id":"https:\/\/regiaonews.net.br\/2022\/2023\/11\/08\/viva-festival-comeca-nesta-sexta-feira-em-olimpia-com-grandes-shows-de-variados-estilos\/","url":"https:\/\/regiaonews.net.br\/2022\/2023\/11\/08\/viva-festival-comeca-nesta-sexta-feira-em-olimpia-com-grandes-shows-de-variados-estilos\/","name":"VIVA+ Festival come\u00e7a nesta sexta-feira em Ol\u00edmpia com grandes shows de variados estilos - Regi\u00e3o News","isPartOf":{"@id":"https:\/\/regiaonews.net.br\/2022\/#website"},"primaryImageOfPage":{"@id":"https:\/\/regiaonews.net.br\/2022\/2023\/11\/08\/viva-festival-comeca-nesta-sexta-feira-em-olimpia-com-grandes-shows-de-variados-estilos\/#primaryimage"},"image":{"@id":"https:\/\/regiaonews.net.br\/2022\/2023\/11\/08\/viva-festival-comeca-nesta-sexta-feira-em-olimpia-com-grandes-shows-de-variados-estilos\/#primaryimage"},"thumbnailUrl":"https:\/\/regiaonews.net.br\/2022\/wp-content\/uploads\/2023\/11\/ANA-CASTELA.jpg","datePublished":"2023-11-08T16:10:38+00:00","breadcrumb":{"@id":"https:\/\/regiaonews.net.br\/2022\/2023\/11\/08\/viva-festival-comeca-nesta-sexta-feira-em-olimpia-com-grandes-shows-de-variados-estilos\/#breadcrumb"},"inLanguage":"pt-BR","potentialAction":[{"@type":"ReadAction","target":["https:\/\/regiaonews.net.br\/2022\/2023\/11\/08\/viva-festival-comeca-nesta-sexta-feira-em-olimpia-com-grandes-shows-de-variados-estilos\/"]}]},{"@type":"ImageObject","inLanguage":"pt-BR","@id":"https:\/\/regiaonews.net.br\/2022\/2023\/11\/08\/viva-festival-comeca-nesta-sexta-feira-em-olimpia-com-grandes-shows-de-variados-estilos\/#primaryimage","url":"https:\/\/regiaonews.net.br\/2022\/wp-content\/uploads\/2023\/11\/ANA-CASTELA.jpg","contentUrl":"https:\/\/regiaonews.net.br\/2022\/wp-content\/uploads\/2023\/11\/ANA-CASTELA.jpg","width":1440,"height":959},{"@type":"BreadcrumbList","@id":"https:\/\/regiaonews.net.br\/2022\/2023\/11\/08\/viva-festival-comeca-nesta-sexta-feira-em-olimpia-com-grandes-shows-de-variados-estilos\/#breadcrumb","itemListElement":[{"@type":"ListItem","position":1,"name":"In\u00edcio","item":"https:\/\/regiaonews.net.br\/2022\/"},{"@type":"ListItem","position":2,"name":"VIVA+ Festival come\u00e7a nesta sexta-feira em Ol\u00edmpia com grandes shows de variados estilos"}]},{"@type":"WebSite","@id":"https:\/\/regiaonews.net.br\/2022\/#website","url":"https:\/\/regiaonews.net.br\/2022\/","name":"Regi\u00e3o News","description":"Site de Not\u00edcias de Barretos e regi\u00e3o","publisher":{"@id":"https:\/\/regiaonews.net.br\/2022\/#organization"},"potentialAction":[{"@type":"SearchAction","target":{"@type":"EntryPoint","urlTemplate":"https:\/\/regiaonews.net.br\/2022\/?s={search_term_string}"},"query-input":{"@type":"PropertyValueSpecification","valueRequired":true,"valueName":"search_term_string"}}],"inLanguage":"pt-BR"},{"@type":"Organization","@id":"https:\/\/regiaonews.net.br\/2022\/#organization","name":"Regi\u00e3o News","url":"https:\/\/regiaonews.net.br\/2022\/","logo":{"@type":"ImageObject","inLanguage":"pt-BR","@id":"https:\/\/regiaonews.net.br\/2022\/#\/schema\/logo\/image\/","url":"https:\/\/regiaonews.net.br\/2022\/wp-content\/uploads\/2026\/03\/regiao-13-anos-scaled.jpg","contentUrl":"https:\/\/regiaonews.net.br\/2022\/wp-content\/uploads\/2026\/03\/regiao-13-anos-scaled.jpg","width":2560,"height":635,"caption":"Regi\u00e3o News"},"image":{"@id":"https:\/\/regiaonews.net.br\/2022\/#\/schema\/logo\/image\/"}},{"@type":"Person","@id":"https:\/\/regiaonews.net.br\/2022\/#\/schema\/person\/2d205a608a5aa97ac279d7a5e6d89ad8","name":"Roberto","image":{"@type":"ImageObject","inLanguage":"pt-BR","@id":"https:\/\/secure.gravatar.com\/avatar\/42749d8b712ff9d59ca93dc150494e5b55a44134482993f5baeb97e61b7ecc89?s=96&d=mm&r=g","url":"https:\/\/secure.gravatar.com\/avatar\/42749d8b712ff9d59ca93dc150494e5b55a44134482993f5baeb97e61b7ecc89?s=96&d=mm&r=g","contentUrl":"https:\/\/secure.gravatar.com\/avatar\/42749d8b712ff9d59ca93dc150494e5b55a44134482993f5baeb97e61b7ecc89?s=96&d=mm&r=g","caption":"Roberto"},"url":"https:\/\/regiaonews.net.br\/2022\/author\/roberto\/"}]}},"publishpress_future_action":{"enabled":false,"date":"2026-05-03 14:53:26","action":"change-status","newStatus":"draft","terms":[],"taxonomy":"category","extraData":[]},"publishpress_future_workflow_manual_trigger":{"enabledWorkflows":[]},"_links":{"self":[{"href":"https:\/\/regiaonews.net.br\/2022\/wp-json\/wp\/v2\/posts\/97537","targetHints":{"allow":["GET"]}}],"collection":[{"href":"https:\/\/regiaonews.net.br\/2022\/wp-json\/wp\/v2\/posts"}],"about":[{"href":"https:\/\/regiaonews.net.br\/2022\/wp-json\/wp\/v2\/types\/post"}],"author":[{"embeddable":true,"href":"https:\/\/regiaonews.net.br\/2022\/wp-json\/wp\/v2\/users\/2"}],"replies":[{"embeddable":true,"href":"https:\/\/regiaonews.net.br\/2022\/wp-json\/wp\/v2\/comments?post=97537"}],"version-history":[{"count":2,"href":"https:\/\/regiaonews.net.br\/2022\/wp-json\/wp\/v2\/posts\/97537\/revisions"}],"predecessor-version":[{"id":97540,"href":"https:\/\/regiaonews.net.br\/2022\/wp-json\/wp\/v2\/posts\/97537\/revisions\/97540"}],"wp:featuredmedia":[{"embeddable":true,"href":"https:\/\/regiaonews.net.br\/2022\/wp-json\/wp\/v2\/media\/97538"}],"wp:attachment":[{"href":"https:\/\/regiaonews.net.br\/2022\/wp-json\/wp\/v2\/media?parent=97537"}],"wp:term":[{"taxonomy":"category","embeddable":true,"href":"https:\/\/regiaonews.net.br\/2022\/wp-json\/wp\/v2\/categories?post=97537"},{"taxonomy":"post_tag","embeddable":true,"href":"https:\/\/regiaonews.net.br\/2022\/wp-json\/wp\/v2\/tags?post=97537"}],"curies":[{"name":"wp","href":"https:\/\/api.w.org\/{rel}","templated":true}]}}