{"id":97531,"date":"2023-11-08T13:07:17","date_gmt":"2023-11-08T16:07:17","guid":{"rendered":"https:\/\/regiaonews.net.br\/2022\/?p=97531"},"modified":"2023-11-08T13:07:17","modified_gmt":"2023-11-08T16:07:17","slug":"desenrola-do-fies-para-12-milhao-ja-esta-disponivel-reforca-lula","status":"publish","type":"post","link":"https:\/\/regiaonews.net.br\/2022\/2023\/11\/08\/desenrola-do-fies-para-12-milhao-ja-esta-disponivel-reforca-lula\/","title":{"rendered":"\u2018Desenrola do FIES\u2019 para 1,2 milh\u00e3o j\u00e1 est\u00e1 dispon\u00edvel, refor\u00e7a Lula"},"content":{"rendered":"<h3 style=\"text-align: center;\">Presidente citou as condi\u00e7\u00f5es especiais para que estudantes consigam equacionar suas d\u00edvidas e seguir estudando com mais tranquilidade.<\/h3>\n<p>\u201cN\u00f3s estamos fazendo uma esp\u00e9cie de \u2018Desenrola do Fies\u2019. \u00c9 muito triste a gente saber que tem uma d\u00edvida que n\u00e3o pode pagar. Isso vai ser resolvido logo\u201d. O presidente Luiz In\u00e1cio Lula da Silva aproveitou o final do programa Conversa com o Presidente desta ter\u00e7a, 7 de novembro, para refor\u00e7ar que as medidas do Governo Federal para equacionar d\u00edvidas de 1,2 milh\u00e3o de pessoas com o Fundo de Financiamento Estudantil (Fies) j\u00e1 est\u00e3o valendo. A medida \u00e9 v\u00e1lida para contratos celebrados at\u00e9 2017 e com inadimpl\u00eancia at\u00e9 30 de junho de 2023.<br \/>\nSegundo Lula, todos os estudantes nessa situa\u00e7\u00e3o j\u00e1 podem procurar os bancos e entidades envolvidas neste esfor\u00e7o para sanar as d\u00edvidas. \u201cA partir de hoje vamos come\u00e7ar a desenrolar a d\u00edvida de voc\u00eas, para que voc\u00eas possam voltar \u00e0 normalidade. Se j\u00e1 terminou o curso, pagar a d\u00edvida. Se vai continuar estudando, vai continuar sem a d\u00edvida enforcando voc\u00ea\u201d, continuou Lula.<br \/>\n<a href=\"https:\/\/s2311.pressenvios.com\/link.php?code=bDpodHRwcyUzQSUyRiUyRnd3dy5mbGlja3IuY29tJTJGcGhvdG9zJTJGcGFsYWNpb2RvcGxhbmFsdG8lMkZhbGJ1bXMlMkY3MjE3NzcyMDMxMjUwMjIyNjo5NTM4ODMwMzc6cm9iZXJ0b2pvc2UzMEBob3RtYWlsLmNvbTo5YmIyNTE6NjA=\" target=\"_blank\" rel=\"noopener\" data-saferedirecturl=\"https:\/\/www.google.com\/url?q=https:\/\/s2311.pressenvios.com\/link.php?code%3DbDpodHRwcyUzQSUyRiUyRnd3dy5mbGlja3IuY29tJTJGcGhvdG9zJTJGcGFsYWNpb2RvcGxhbmFsdG8lMkZhbGJ1bXMlMkY3MjE3NzcyMDMxMjUwMjIyNjo5NTM4ODMwMzc6cm9iZXJ0b2pvc2UzMEBob3RtYWlsLmNvbTo5YmIyNTE6NjA%3D&amp;source=gmail&amp;ust=1699545838704000&amp;usg=AOvVaw1u-xN6vjnC89oX8urGJ0cb\">\u00bb Imagens em alta resolu\u00e7\u00e3o (Flickr)<\/a><br \/>\n<strong>RENEGOCIA\u00c7\u00c3O \u2013\u00a0<\/strong>O estudante com d\u00edvidas junto ao Fies deve solicitar a renegocia\u00e7\u00e3o at\u00e9 31 de maio de 2024 junto ao agente financeiro com o qual tem contrato. A Caixa Econ\u00f4mica Federal e o Banco do Brasil receber\u00e3o demandas de renegocia\u00e7\u00e3o a partir desta ter\u00e7a-feira, 7 de novembro.<br \/>\nJ\u00e1 foi publicada no Di\u00e1rio Oficial da Uni\u00e3o a\u00a0<a href=\"https:\/\/s2311.pressenvios.com\/link.php?code=bDpodHRwcyUzQSUyRiUyRnd3dy5pbi5nb3YuYnIlMkZ3ZWIlMkZkb3UlMkYtJTJGcmVzb2x1Y2FvLW4tNTUtZGUtNi1kZS1ub3ZlbWJyby1kZS0yMDIzLTUyMTA0NjQ4Njo5NTM4ODMwMzc6cm9iZXJ0b2pvc2UzMEBob3RtYWlsLmNvbTo1YWY1MTE6NjA=\" target=\"_blank\" rel=\"noopener\" data-saferedirecturl=\"https:\/\/www.google.com\/url?q=https:\/\/s2311.pressenvios.com\/link.php?code%3DbDpodHRwcyUzQSUyRiUyRnd3dy5pbi5nb3YuYnIlMkZ3ZWIlMkZkb3UlMkYtJTJGcmVzb2x1Y2FvLW4tNTUtZGUtNi1kZS1ub3ZlbWJyby1kZS0yMDIzLTUyMTA0NjQ4Njo5NTM4ODMwMzc6cm9iZXJ0b2pvc2UzMEBob3RtYWlsLmNvbTo1YWY1MTE6NjA%3D&amp;source=gmail&amp;ust=1699545838704000&amp;usg=AOvVaw1J887iSWUwlfAlGKq3stM1\">Resolu\u00e7\u00e3o 55<\/a>, sobre a renegocia\u00e7\u00e3o de d\u00edvidas relativas \u00e0 cobran\u00e7a de cr\u00e9ditos do Fies. A oportunidade dada aos estudantes brasileiros pelo Governo Federal envolve o valor estimado de R\uff04 54 milh\u00f5es.<br \/>\nA Caixa Econ\u00f4mica Federal e o Banco do Brasil t\u00eam canais oficiais de atendimento para esclarecer d\u00favidas relacionadas \u00e0 renegocia\u00e7\u00e3o de d\u00edvidas do Fies e foram apresentados os crit\u00e9rios oferecidos para quem quer regularizar a situa\u00e7\u00e3o.<\/p>\n<p>&nbsp;<\/p>\n<p><strong>Caixa Econ\u00f4mica Federal<\/strong><\/p>\n<ul>\n<li>4004-0104 &#8211; Al\u00f4 Caixa (Capitais e Regi\u00f5es Metropolitanas)<\/li>\n<li>800 104 0104 &#8211; Al\u00f4 Caixa (Demais Regi\u00f5es)<\/li>\n<\/ul>\n<p><strong>Banco do Brasil<\/strong><\/p>\n<ul>\n<li>(61) 4004-0001 \u2013 WhatsApp<\/li>\n<li>4004-0001 (Central de Atendimento Capitais e Regi\u00f5es Metropolitanas)<\/li>\n<li>0800 729 0001 (Demais Localidades)<\/li>\n<\/ul>\n<p>&nbsp;<\/p>\n<table width=\"1080\" align=\"center\">\n<tbody>\n<tr>\n<td><img decoding=\"async\" class=\"CToWUd a6T\" tabindex=\"0\" src=\"https:\/\/ci6.googleusercontent.com\/proxy\/QN21Fhry8LsDWRu7hznYh_b1hsH04jPPA41usNMZyOLihbDCpACRFB17UOVaWZGg0uA7mBSrGiHmGxjM2juzKVj21tpcDalMUrDhFH8vw0y3HIMH95vpXMNBCO74_KWuhN1TjztlNqxTFWpXSJiKBPr_zX3N8UtipgHW-hx2hOo1zk1BLMsfJw97SInHGi82sE3yATEIWIBeNMiMkvm9N_iwV1qr-3s=s0-d-e1-ft#https:\/\/s2311.pressenvios.com\/0==AM2oTYlRmY1MjOt92YuwWah1GdvhGQwMTZz9mavRnclJ2bypzNzAzM4gzM1kjOn5GcuETN3UDO5ADN2EjRyUCN2Ezb0VXYGJTJ2IDMx8VL0ETLfpDM\" alt=\"\" width=\"1080\" data-bit=\"iit\" \/><\/p>\n<table border=\"0\" width=\"1080\" cellspacing=\"0\" cellpadding=\"0\" align=\"center\">\n<tbody>\n<tr>\n<td width=\"1080\"><\/td>\n<\/tr>\n<\/tbody>\n<\/table>\n<\/td>\n<\/tr>\n<\/tbody>\n<\/table>\n<p>N\u00famero de contratos inadimplentes com o FIES por Unidade Federativa<\/p>\n<p><strong>Para contratos com d\u00e9bitos vencidos e n\u00e3o pagos h\u00e1 mais de 90 dias, em 30\/6\/2023:<\/strong><\/p>\n<p>Desconto de 100% sobre encargos (juros e multas pelo atraso no pagamento) e de 12% sobre o valor financiado pendente, para pagamento \u00e0 vista; ou parcelamento em at\u00e9 150 parcelas mensais e sucessivas, com desconto de 100% dos encargos, mantidas as demais condi\u00e7\u00f5es do contrato (ou seja, ficam mantidas as condi\u00e7\u00f5es de garantia e eventuais taxas de juros do contrato).<br \/>\n<strong>Para contratos com d\u00e9bitos vencidos e n\u00e3o pagos h\u00e1 mais de 360 dias, em 30\/6\/2023, cujos financiados estejam cadastrados no Cad\u00danico ou que tenham sido benefici\u00e1rios do Aux\u00edlio Emergencial 2021:<\/strong><\/p>\n<p>Desconto de 92% sobre o valor total da d\u00edvida (valor financiado pendente + juros e multas por atraso no pagamento + juros do contrato), para pagamento total do saldo devedor em at\u00e9 15 presta\u00e7\u00f5es mensais e sucessivas.<br \/>\n<strong>Para contratos com d\u00e9bitos vencidos e n\u00e3o pagos h\u00e1 mais de 360 dias, em 30\/6\/2023, cujos financiados estejam cadastrados no Cad\u00danico ou que tenham sido benefici\u00e1rios do Aux\u00edlio Emergencial 2021 e a data da \u00faltima presta\u00e7\u00e3o prevista em contrato esteja em atraso superior h\u00e1 5 anos:<\/strong><\/p>\n<p>Desconto de 99% sobre o valor total da d\u00edvida (valor financiado pendente + juros e multas por atraso no pagamento + juros do contrato), para pagamento total do saldo devedor em at\u00e9 15 presta\u00e7\u00f5es mensais e sucessivas.<br \/>\n<strong>Para contratos com d\u00e9bitos vencidos e n\u00e3o pagos h\u00e1 mais de trezentos e sessenta dias, em 30\/6\/2023, que n\u00e3o se enquadrem nas hip\u00f3teses 2 e 3 acima:<\/strong><br \/>\nDesconto de 77% sobre o valor total da d\u00edvida (valor financiado pendente + juros e multas por atraso no pagamento + juros do contrato), para pagamento total do saldo devedor em at\u00e9 15 presta\u00e7\u00f5es mensais e sucessivas.<br \/>\n<strong>Para contratos com o pagamento em dia (adimplentes) na data da renegocia\u00e7\u00e3o:<\/strong><\/p>\n<p>Desconto de 12% sobre o valor total da d\u00edvida, para pagamento \u00e0 vista do saldo devedor.<\/p>\n<p><i><strong>Fonte:<\/strong>\u00a0Secretaria de Comunica\u00e7\u00e3o Social da Presid\u00eancia da Rep\u00fablica<\/i><\/p>\n","protected":false},"excerpt":{"rendered":"<p>Presidente citou as condi\u00e7\u00f5es especiais para que estudantes consigam equacionar<\/p>\n","protected":false},"author":2,"featured_media":97532,"comment_status":"open","ping_status":"open","sticky":false,"template":"","format":"standard","meta":{"footnotes":""},"categories":[24,3],"tags":[],"class_list":["post-97531","post","type-post","status-publish","format-standard","has-post-thumbnail","hentry","category-brasil","category-geral"],"yoast_head":"<!-- This site is optimized with the Yoast SEO plugin v27.4 - https:\/\/yoast.com\/product\/yoast-seo-wordpress\/ -->\n<title>\u2018Desenrola do FIES\u2019 para 1,2 milh\u00e3o j\u00e1 est\u00e1 dispon\u00edvel, refor\u00e7a Lula - Regi\u00e3o News<\/title>\n<meta name=\"robots\" content=\"index, follow, max-snippet:-1, max-image-preview:large, max-video-preview:-1\" \/>\n<link rel=\"canonical\" href=\"https:\/\/regiaonews.net.br\/2022\/2023\/11\/08\/desenrola-do-fies-para-12-milhao-ja-esta-disponivel-reforca-lula\/\" \/>\n<meta property=\"og:locale\" content=\"pt_BR\" \/>\n<meta property=\"og:type\" content=\"article\" \/>\n<meta property=\"og:title\" content=\"\u2018Desenrola do FIES\u2019 para 1,2 milh\u00e3o j\u00e1 est\u00e1 dispon\u00edvel, refor\u00e7a Lula - Regi\u00e3o News\" \/>\n<meta property=\"og:description\" content=\"Presidente citou as condi\u00e7\u00f5es especiais para que estudantes consigam equacionar\" \/>\n<meta property=\"og:url\" content=\"https:\/\/regiaonews.net.br\/2022\/2023\/11\/08\/desenrola-do-fies-para-12-milhao-ja-esta-disponivel-reforca-lula\/\" \/>\n<meta property=\"og:site_name\" content=\"Regi\u00e3o News\" \/>\n<meta property=\"article:published_time\" content=\"2023-11-08T16:07:17+00:00\" \/>\n<meta property=\"og:image\" content=\"https:\/\/regiaonews.net.br\/2022\/wp-content\/uploads\/2023\/11\/unnamed.jpg\" \/>\n\t<meta property=\"og:image:width\" content=\"768\" \/>\n\t<meta property=\"og:image:height\" content=\"512\" \/>\n\t<meta property=\"og:image:type\" content=\"image\/jpeg\" \/>\n<meta name=\"author\" content=\"Roberto\" \/>\n<meta name=\"twitter:card\" content=\"summary_large_image\" \/>\n<meta name=\"twitter:label1\" content=\"Escrito por\" \/>\n\t<meta name=\"twitter:data1\" content=\"Roberto\" \/>\n\t<meta name=\"twitter:label2\" content=\"Est. tempo de leitura\" \/>\n\t<meta name=\"twitter:data2\" content=\"4 minutos\" \/>\n<script type=\"application\/ld+json\" class=\"yoast-schema-graph\">{\"@context\":\"https:\\\/\\\/schema.org\",\"@graph\":[{\"@type\":\"Article\",\"@id\":\"https:\\\/\\\/regiaonews.net.br\\\/2022\\\/2023\\\/11\\\/08\\\/desenrola-do-fies-para-12-milhao-ja-esta-disponivel-reforca-lula\\\/#article\",\"isPartOf\":{\"@id\":\"https:\\\/\\\/regiaonews.net.br\\\/2022\\\/2023\\\/11\\\/08\\\/desenrola-do-fies-para-12-milhao-ja-esta-disponivel-reforca-lula\\\/\"},\"author\":{\"name\":\"Roberto\",\"@id\":\"https:\\\/\\\/regiaonews.net.br\\\/2022\\\/#\\\/schema\\\/person\\\/2d205a608a5aa97ac279d7a5e6d89ad8\"},\"headline\":\"\u2018Desenrola do FIES\u2019 para 1,2 milh\u00e3o j\u00e1 est\u00e1 dispon\u00edvel, refor\u00e7a Lula\",\"datePublished\":\"2023-11-08T16:07:17+00:00\",\"mainEntityOfPage\":{\"@id\":\"https:\\\/\\\/regiaonews.net.br\\\/2022\\\/2023\\\/11\\\/08\\\/desenrola-do-fies-para-12-milhao-ja-esta-disponivel-reforca-lula\\\/\"},\"wordCount\":717,\"commentCount\":0,\"publisher\":{\"@id\":\"https:\\\/\\\/regiaonews.net.br\\\/2022\\\/#organization\"},\"image\":{\"@id\":\"https:\\\/\\\/regiaonews.net.br\\\/2022\\\/2023\\\/11\\\/08\\\/desenrola-do-fies-para-12-milhao-ja-esta-disponivel-reforca-lula\\\/#primaryimage\"},\"thumbnailUrl\":\"https:\\\/\\\/regiaonews.net.br\\\/2022\\\/wp-content\\\/uploads\\\/2023\\\/11\\\/unnamed.jpg\",\"articleSection\":[\"Brasil\",\"Geral\"],\"inLanguage\":\"pt-BR\",\"potentialAction\":[{\"@type\":\"CommentAction\",\"name\":\"Comment\",\"target\":[\"https:\\\/\\\/regiaonews.net.br\\\/2022\\\/2023\\\/11\\\/08\\\/desenrola-do-fies-para-12-milhao-ja-esta-disponivel-reforca-lula\\\/#respond\"]}]},{\"@type\":\"WebPage\",\"@id\":\"https:\\\/\\\/regiaonews.net.br\\\/2022\\\/2023\\\/11\\\/08\\\/desenrola-do-fies-para-12-milhao-ja-esta-disponivel-reforca-lula\\\/\",\"url\":\"https:\\\/\\\/regiaonews.net.br\\\/2022\\\/2023\\\/11\\\/08\\\/desenrola-do-fies-para-12-milhao-ja-esta-disponivel-reforca-lula\\\/\",\"name\":\"\u2018Desenrola do FIES\u2019 para 1,2 milh\u00e3o j\u00e1 est\u00e1 dispon\u00edvel, refor\u00e7a Lula - Regi\u00e3o News\",\"isPartOf\":{\"@id\":\"https:\\\/\\\/regiaonews.net.br\\\/2022\\\/#website\"},\"primaryImageOfPage\":{\"@id\":\"https:\\\/\\\/regiaonews.net.br\\\/2022\\\/2023\\\/11\\\/08\\\/desenrola-do-fies-para-12-milhao-ja-esta-disponivel-reforca-lula\\\/#primaryimage\"},\"image\":{\"@id\":\"https:\\\/\\\/regiaonews.net.br\\\/2022\\\/2023\\\/11\\\/08\\\/desenrola-do-fies-para-12-milhao-ja-esta-disponivel-reforca-lula\\\/#primaryimage\"},\"thumbnailUrl\":\"https:\\\/\\\/regiaonews.net.br\\\/2022\\\/wp-content\\\/uploads\\\/2023\\\/11\\\/unnamed.jpg\",\"datePublished\":\"2023-11-08T16:07:17+00:00\",\"breadcrumb\":{\"@id\":\"https:\\\/\\\/regiaonews.net.br\\\/2022\\\/2023\\\/11\\\/08\\\/desenrola-do-fies-para-12-milhao-ja-esta-disponivel-reforca-lula\\\/#breadcrumb\"},\"inLanguage\":\"pt-BR\",\"potentialAction\":[{\"@type\":\"ReadAction\",\"target\":[\"https:\\\/\\\/regiaonews.net.br\\\/2022\\\/2023\\\/11\\\/08\\\/desenrola-do-fies-para-12-milhao-ja-esta-disponivel-reforca-lula\\\/\"]}]},{\"@type\":\"ImageObject\",\"inLanguage\":\"pt-BR\",\"@id\":\"https:\\\/\\\/regiaonews.net.br\\\/2022\\\/2023\\\/11\\\/08\\\/desenrola-do-fies-para-12-milhao-ja-esta-disponivel-reforca-lula\\\/#primaryimage\",\"url\":\"https:\\\/\\\/regiaonews.net.br\\\/2022\\\/wp-content\\\/uploads\\\/2023\\\/11\\\/unnamed.jpg\",\"contentUrl\":\"https:\\\/\\\/regiaonews.net.br\\\/2022\\\/wp-content\\\/uploads\\\/2023\\\/11\\\/unnamed.jpg\",\"width\":768,\"height\":512},{\"@type\":\"BreadcrumbList\",\"@id\":\"https:\\\/\\\/regiaonews.net.br\\\/2022\\\/2023\\\/11\\\/08\\\/desenrola-do-fies-para-12-milhao-ja-esta-disponivel-reforca-lula\\\/#breadcrumb\",\"itemListElement\":[{\"@type\":\"ListItem\",\"position\":1,\"name\":\"In\u00edcio\",\"item\":\"https:\\\/\\\/regiaonews.net.br\\\/2022\\\/\"},{\"@type\":\"ListItem\",\"position\":2,\"name\":\"\u2018Desenrola do FIES\u2019 para 1,2 milh\u00e3o j\u00e1 est\u00e1 dispon\u00edvel, refor\u00e7a Lula\"}]},{\"@type\":\"WebSite\",\"@id\":\"https:\\\/\\\/regiaonews.net.br\\\/2022\\\/#website\",\"url\":\"https:\\\/\\\/regiaonews.net.br\\\/2022\\\/\",\"name\":\"Regi\u00e3o News\",\"description\":\"Site de Not\u00edcias de Barretos e regi\u00e3o\",\"publisher\":{\"@id\":\"https:\\\/\\\/regiaonews.net.br\\\/2022\\\/#organization\"},\"potentialAction\":[{\"@type\":\"SearchAction\",\"target\":{\"@type\":\"EntryPoint\",\"urlTemplate\":\"https:\\\/\\\/regiaonews.net.br\\\/2022\\\/?s={search_term_string}\"},\"query-input\":{\"@type\":\"PropertyValueSpecification\",\"valueRequired\":true,\"valueName\":\"search_term_string\"}}],\"inLanguage\":\"pt-BR\"},{\"@type\":\"Organization\",\"@id\":\"https:\\\/\\\/regiaonews.net.br\\\/2022\\\/#organization\",\"name\":\"Regi\u00e3o News\",\"url\":\"https:\\\/\\\/regiaonews.net.br\\\/2022\\\/\",\"logo\":{\"@type\":\"ImageObject\",\"inLanguage\":\"pt-BR\",\"@id\":\"https:\\\/\\\/regiaonews.net.br\\\/2022\\\/#\\\/schema\\\/logo\\\/image\\\/\",\"url\":\"https:\\\/\\\/regiaonews.net.br\\\/2022\\\/wp-content\\\/uploads\\\/2026\\\/03\\\/regiao-13-anos-scaled.jpg\",\"contentUrl\":\"https:\\\/\\\/regiaonews.net.br\\\/2022\\\/wp-content\\\/uploads\\\/2026\\\/03\\\/regiao-13-anos-scaled.jpg\",\"width\":2560,\"height\":635,\"caption\":\"Regi\u00e3o News\"},\"image\":{\"@id\":\"https:\\\/\\\/regiaonews.net.br\\\/2022\\\/#\\\/schema\\\/logo\\\/image\\\/\"}},{\"@type\":\"Person\",\"@id\":\"https:\\\/\\\/regiaonews.net.br\\\/2022\\\/#\\\/schema\\\/person\\\/2d205a608a5aa97ac279d7a5e6d89ad8\",\"name\":\"Roberto\",\"image\":{\"@type\":\"ImageObject\",\"inLanguage\":\"pt-BR\",\"@id\":\"https:\\\/\\\/secure.gravatar.com\\\/avatar\\\/42749d8b712ff9d59ca93dc150494e5b55a44134482993f5baeb97e61b7ecc89?s=96&d=mm&r=g\",\"url\":\"https:\\\/\\\/secure.gravatar.com\\\/avatar\\\/42749d8b712ff9d59ca93dc150494e5b55a44134482993f5baeb97e61b7ecc89?s=96&d=mm&r=g\",\"contentUrl\":\"https:\\\/\\\/secure.gravatar.com\\\/avatar\\\/42749d8b712ff9d59ca93dc150494e5b55a44134482993f5baeb97e61b7ecc89?s=96&d=mm&r=g\",\"caption\":\"Roberto\"},\"url\":\"https:\\\/\\\/regiaonews.net.br\\\/2022\\\/author\\\/roberto\\\/\"}]}<\/script>\n<!-- \/ Yoast SEO plugin. -->","yoast_head_json":{"title":"\u2018Desenrola do FIES\u2019 para 1,2 milh\u00e3o j\u00e1 est\u00e1 dispon\u00edvel, refor\u00e7a Lula - Regi\u00e3o News","robots":{"index":"index","follow":"follow","max-snippet":"max-snippet:-1","max-image-preview":"max-image-preview:large","max-video-preview":"max-video-preview:-1"},"canonical":"https:\/\/regiaonews.net.br\/2022\/2023\/11\/08\/desenrola-do-fies-para-12-milhao-ja-esta-disponivel-reforca-lula\/","og_locale":"pt_BR","og_type":"article","og_title":"\u2018Desenrola do FIES\u2019 para 1,2 milh\u00e3o j\u00e1 est\u00e1 dispon\u00edvel, refor\u00e7a Lula - Regi\u00e3o News","og_description":"Presidente citou as condi\u00e7\u00f5es especiais para que estudantes consigam equacionar","og_url":"https:\/\/regiaonews.net.br\/2022\/2023\/11\/08\/desenrola-do-fies-para-12-milhao-ja-esta-disponivel-reforca-lula\/","og_site_name":"Regi\u00e3o News","article_published_time":"2023-11-08T16:07:17+00:00","og_image":[{"width":768,"height":512,"url":"https:\/\/regiaonews.net.br\/2022\/wp-content\/uploads\/2023\/11\/unnamed.jpg","type":"image\/jpeg"}],"author":"Roberto","twitter_card":"summary_large_image","twitter_misc":{"Escrito por":"Roberto","Est. tempo de leitura":"4 minutos"},"schema":{"@context":"https:\/\/schema.org","@graph":[{"@type":"Article","@id":"https:\/\/regiaonews.net.br\/2022\/2023\/11\/08\/desenrola-do-fies-para-12-milhao-ja-esta-disponivel-reforca-lula\/#article","isPartOf":{"@id":"https:\/\/regiaonews.net.br\/2022\/2023\/11\/08\/desenrola-do-fies-para-12-milhao-ja-esta-disponivel-reforca-lula\/"},"author":{"name":"Roberto","@id":"https:\/\/regiaonews.net.br\/2022\/#\/schema\/person\/2d205a608a5aa97ac279d7a5e6d89ad8"},"headline":"\u2018Desenrola do FIES\u2019 para 1,2 milh\u00e3o j\u00e1 est\u00e1 dispon\u00edvel, refor\u00e7a Lula","datePublished":"2023-11-08T16:07:17+00:00","mainEntityOfPage":{"@id":"https:\/\/regiaonews.net.br\/2022\/2023\/11\/08\/desenrola-do-fies-para-12-milhao-ja-esta-disponivel-reforca-lula\/"},"wordCount":717,"commentCount":0,"publisher":{"@id":"https:\/\/regiaonews.net.br\/2022\/#organization"},"image":{"@id":"https:\/\/regiaonews.net.br\/2022\/2023\/11\/08\/desenrola-do-fies-para-12-milhao-ja-esta-disponivel-reforca-lula\/#primaryimage"},"thumbnailUrl":"https:\/\/regiaonews.net.br\/2022\/wp-content\/uploads\/2023\/11\/unnamed.jpg","articleSection":["Brasil","Geral"],"inLanguage":"pt-BR","potentialAction":[{"@type":"CommentAction","name":"Comment","target":["https:\/\/regiaonews.net.br\/2022\/2023\/11\/08\/desenrola-do-fies-para-12-milhao-ja-esta-disponivel-reforca-lula\/#respond"]}]},{"@type":"WebPage","@id":"https:\/\/regiaonews.net.br\/2022\/2023\/11\/08\/desenrola-do-fies-para-12-milhao-ja-esta-disponivel-reforca-lula\/","url":"https:\/\/regiaonews.net.br\/2022\/2023\/11\/08\/desenrola-do-fies-para-12-milhao-ja-esta-disponivel-reforca-lula\/","name":"\u2018Desenrola do FIES\u2019 para 1,2 milh\u00e3o j\u00e1 est\u00e1 dispon\u00edvel, refor\u00e7a Lula - Regi\u00e3o News","isPartOf":{"@id":"https:\/\/regiaonews.net.br\/2022\/#website"},"primaryImageOfPage":{"@id":"https:\/\/regiaonews.net.br\/2022\/2023\/11\/08\/desenrola-do-fies-para-12-milhao-ja-esta-disponivel-reforca-lula\/#primaryimage"},"image":{"@id":"https:\/\/regiaonews.net.br\/2022\/2023\/11\/08\/desenrola-do-fies-para-12-milhao-ja-esta-disponivel-reforca-lula\/#primaryimage"},"thumbnailUrl":"https:\/\/regiaonews.net.br\/2022\/wp-content\/uploads\/2023\/11\/unnamed.jpg","datePublished":"2023-11-08T16:07:17+00:00","breadcrumb":{"@id":"https:\/\/regiaonews.net.br\/2022\/2023\/11\/08\/desenrola-do-fies-para-12-milhao-ja-esta-disponivel-reforca-lula\/#breadcrumb"},"inLanguage":"pt-BR","potentialAction":[{"@type":"ReadAction","target":["https:\/\/regiaonews.net.br\/2022\/2023\/11\/08\/desenrola-do-fies-para-12-milhao-ja-esta-disponivel-reforca-lula\/"]}]},{"@type":"ImageObject","inLanguage":"pt-BR","@id":"https:\/\/regiaonews.net.br\/2022\/2023\/11\/08\/desenrola-do-fies-para-12-milhao-ja-esta-disponivel-reforca-lula\/#primaryimage","url":"https:\/\/regiaonews.net.br\/2022\/wp-content\/uploads\/2023\/11\/unnamed.jpg","contentUrl":"https:\/\/regiaonews.net.br\/2022\/wp-content\/uploads\/2023\/11\/unnamed.jpg","width":768,"height":512},{"@type":"BreadcrumbList","@id":"https:\/\/regiaonews.net.br\/2022\/2023\/11\/08\/desenrola-do-fies-para-12-milhao-ja-esta-disponivel-reforca-lula\/#breadcrumb","itemListElement":[{"@type":"ListItem","position":1,"name":"In\u00edcio","item":"https:\/\/regiaonews.net.br\/2022\/"},{"@type":"ListItem","position":2,"name":"\u2018Desenrola do FIES\u2019 para 1,2 milh\u00e3o j\u00e1 est\u00e1 dispon\u00edvel, refor\u00e7a Lula"}]},{"@type":"WebSite","@id":"https:\/\/regiaonews.net.br\/2022\/#website","url":"https:\/\/regiaonews.net.br\/2022\/","name":"Regi\u00e3o News","description":"Site de Not\u00edcias de Barretos e regi\u00e3o","publisher":{"@id":"https:\/\/regiaonews.net.br\/2022\/#organization"},"potentialAction":[{"@type":"SearchAction","target":{"@type":"EntryPoint","urlTemplate":"https:\/\/regiaonews.net.br\/2022\/?s={search_term_string}"},"query-input":{"@type":"PropertyValueSpecification","valueRequired":true,"valueName":"search_term_string"}}],"inLanguage":"pt-BR"},{"@type":"Organization","@id":"https:\/\/regiaonews.net.br\/2022\/#organization","name":"Regi\u00e3o News","url":"https:\/\/regiaonews.net.br\/2022\/","logo":{"@type":"ImageObject","inLanguage":"pt-BR","@id":"https:\/\/regiaonews.net.br\/2022\/#\/schema\/logo\/image\/","url":"https:\/\/regiaonews.net.br\/2022\/wp-content\/uploads\/2026\/03\/regiao-13-anos-scaled.jpg","contentUrl":"https:\/\/regiaonews.net.br\/2022\/wp-content\/uploads\/2026\/03\/regiao-13-anos-scaled.jpg","width":2560,"height":635,"caption":"Regi\u00e3o News"},"image":{"@id":"https:\/\/regiaonews.net.br\/2022\/#\/schema\/logo\/image\/"}},{"@type":"Person","@id":"https:\/\/regiaonews.net.br\/2022\/#\/schema\/person\/2d205a608a5aa97ac279d7a5e6d89ad8","name":"Roberto","image":{"@type":"ImageObject","inLanguage":"pt-BR","@id":"https:\/\/secure.gravatar.com\/avatar\/42749d8b712ff9d59ca93dc150494e5b55a44134482993f5baeb97e61b7ecc89?s=96&d=mm&r=g","url":"https:\/\/secure.gravatar.com\/avatar\/42749d8b712ff9d59ca93dc150494e5b55a44134482993f5baeb97e61b7ecc89?s=96&d=mm&r=g","contentUrl":"https:\/\/secure.gravatar.com\/avatar\/42749d8b712ff9d59ca93dc150494e5b55a44134482993f5baeb97e61b7ecc89?s=96&d=mm&r=g","caption":"Roberto"},"url":"https:\/\/regiaonews.net.br\/2022\/author\/roberto\/"}]}},"publishpress_future_action":{"enabled":false,"date":"2026-05-03 18:23:47","action":"change-status","newStatus":"draft","terms":[],"taxonomy":"category","extraData":[]},"publishpress_future_workflow_manual_trigger":{"enabledWorkflows":[]},"_links":{"self":[{"href":"https:\/\/regiaonews.net.br\/2022\/wp-json\/wp\/v2\/posts\/97531","targetHints":{"allow":["GET"]}}],"collection":[{"href":"https:\/\/regiaonews.net.br\/2022\/wp-json\/wp\/v2\/posts"}],"about":[{"href":"https:\/\/regiaonews.net.br\/2022\/wp-json\/wp\/v2\/types\/post"}],"author":[{"embeddable":true,"href":"https:\/\/regiaonews.net.br\/2022\/wp-json\/wp\/v2\/users\/2"}],"replies":[{"embeddable":true,"href":"https:\/\/regiaonews.net.br\/2022\/wp-json\/wp\/v2\/comments?post=97531"}],"version-history":[{"count":1,"href":"https:\/\/regiaonews.net.br\/2022\/wp-json\/wp\/v2\/posts\/97531\/revisions"}],"predecessor-version":[{"id":97533,"href":"https:\/\/regiaonews.net.br\/2022\/wp-json\/wp\/v2\/posts\/97531\/revisions\/97533"}],"wp:featuredmedia":[{"embeddable":true,"href":"https:\/\/regiaonews.net.br\/2022\/wp-json\/wp\/v2\/media\/97532"}],"wp:attachment":[{"href":"https:\/\/regiaonews.net.br\/2022\/wp-json\/wp\/v2\/media?parent=97531"}],"wp:term":[{"taxonomy":"category","embeddable":true,"href":"https:\/\/regiaonews.net.br\/2022\/wp-json\/wp\/v2\/categories?post=97531"},{"taxonomy":"post_tag","embeddable":true,"href":"https:\/\/regiaonews.net.br\/2022\/wp-json\/wp\/v2\/tags?post=97531"}],"curies":[{"name":"wp","href":"https:\/\/api.w.org\/{rel}","templated":true}]}}