{"id":97521,"date":"2023-11-08T13:01:44","date_gmt":"2023-11-08T16:01:44","guid":{"rendered":"https:\/\/regiaonews.net.br\/2022\/?p=97521"},"modified":"2023-11-08T13:01:44","modified_gmt":"2023-11-08T16:01:44","slug":"sao-paulo-lanca-nucleo-de-acao-para-combater-violencia-contra-povos-indigenas","status":"publish","type":"post","link":"https:\/\/regiaonews.net.br\/2022\/2023\/11\/08\/sao-paulo-lanca-nucleo-de-acao-para-combater-violencia-contra-povos-indigenas\/","title":{"rendered":"S\u00e3o Paulo lan\u00e7a N\u00facleo de A\u00e7\u00e3o para combater viol\u00eancia contra povos ind\u00edgenas"},"content":{"rendered":"<div class=\"col-lg-12 mt-2 justify\">\n<h3 class=\"justify\" style=\"text-align: center;\">Projeto-piloto da SSP come\u00e7a em Peru\u00edbe, no litoral paulista, em uma regi\u00e3o com cerca de 400 ind\u00edgenas Tupi-Guarani.<\/h3>\n<\/div>\n<div class=\"col-lg-12 mt-3 justify\">\n<div>\n<div>Na Aldeia Ind\u00edgena de Tapirema, em Peru\u00edbe, no litoral de S\u00e3o Paulo, vivem quase 400 ind\u00edgenas de duas etnias. O registro de crimes no entorno do territ\u00f3rio \u00e9 subnotificado, dificultando a a\u00e7\u00e3o preventiva da pol\u00edcia na localidade. Por causa disso, a inseguran\u00e7a que ronda a comunidade afeta a rotina dos ind\u00edgenas, principalmente devido aos casos de amea\u00e7a e minera\u00e7\u00e3o ilegal, ligados \u00e0s quest\u00f5es ambientais.<\/div>\n<div><\/div>\n<div>O problema \u00e9 antigo e, agora, de forma pioneira, a Secretaria da Seguran\u00e7a P\u00fablica (SSP) lan\u00e7a o N\u00facleo de A\u00e7\u00e3o Local (NAL) Ind\u00edgena para mobilizar a comunidade em torno da reivindica\u00e7\u00e3o dos povos origin\u00e1rios. A cria\u00e7\u00e3o do NAL funcionar\u00e1 como um bra\u00e7o do Conselho Comunit\u00e1rio de Seguran\u00e7a (Conseg) e contar\u00e1 com atua\u00e7\u00e3o dos representantes das aldeias, das pol\u00edcias Civil e Militar, al\u00e9m de \u00f3rg\u00e3os municipais e federais, como Funai e Pol\u00edcia Federal.<\/div>\n<div><\/div>\n<div>O projeto \u00e9 piloto e servir\u00e1 para medir os resultados e acertar as a\u00e7\u00f5es que podem ser desempenhadas em termos de seguran\u00e7a p\u00fablica nas \u00e1reas adjacentes das comunidades, sem interferir nos locais de compet\u00eancia da Uni\u00e3o.<\/div>\n<div><\/div>\n<div>\u201cA demanda dos povos ind\u00edgenas \u00e9 antiga e, assim que tivemos conhecimento, sentamos para definir uma pol\u00edtica de a\u00e7\u00e3o e propor solu\u00e7\u00f5es. Acredito que esse projeto pioneiro capitaneado pelo Conseg trar\u00e1 resultados positivos para toda a comunidade ind\u00edgena\u201d, afirmou o secret\u00e1rio da Seguran\u00e7a P\u00fablica, Guilherme Derrite. \u201cNa nossa gest\u00e3o queremos potencializar essa ferramenta t\u00e3o importante para melhorar o di\u00e1logo entre a comunidade e a seguran\u00e7a p\u00fablica. \u00c9 dessa forma que podemos ter um diagn\u00f3stico real do que acontece em determinada regi\u00e3o para planejar e direcionar nossa atua\u00e7\u00e3o\u201d, completou.<\/div>\n<div><\/div>\n<div>O escopo de atua\u00e7\u00e3o da SSP ser\u00e1 sempre na \u00e1rea estadual para blindar e evitar que criminosos assediem ou impactem essas aldeias. \u201c\u00c9 a primeira vez na hist\u00f3ria que a comunidade ind\u00edgena senta \u00e0 mesa com as for\u00e7as de seguran\u00e7a do estado para apresentar as principais demandas na \u00e1rea, de modo que possamos auxiliar na resolu\u00e7\u00e3o dos problemas atuando em conjunto\u201d, destacou o coordenador estadual do Conseg, coronel Leonardo Castro Isipon. \u201cEntendemos que era necess\u00e1rio esse di\u00e1logo com a comunidade ind\u00edgena e outros \u00f3rg\u00e3os em encontros peri\u00f3dicos para captar demandas e saber como tratar, planejar e atender melhor essa popula\u00e7\u00e3o.\u201d<\/div>\n<div><\/div>\n<div>O n\u00facleo ser\u00e1 composto pela lideran\u00e7a ind\u00edgena local, ocupando a diretoria do NAL, pelo comandante da Pol\u00edcia Militar Ambiental e pelo delegado de Meio Ambiente. As demandas ser\u00e3o apresentadas ao Conseg de Peru\u00edbe e entregues \u00e0 Secretaria da Seguran\u00e7a P\u00fablica para fazer a medi\u00e7\u00e3o do projeto. Para garantir com que todas as aldeias sejam representadas, haver\u00e1 rotatividade pelas lideran\u00e7as locais na diretoria do NAL. A primeira reuni\u00e3o do grupo ainda ser\u00e1 agendada, ap\u00f3s definir a forma\u00e7\u00e3o da coordena\u00e7\u00e3o do n\u00facleo.<\/div>\n<div><\/div>\n<div><img decoding=\"async\" src=\"http:\/\/www.ssp.sp.gov.br\/midia\/Imagem\/D00051957.jpg\" \/><\/div>\n<div><\/div>\n<div><b>Di\u00e1logo com povos ind\u00edgenas<\/b><\/div>\n<div><\/div>\n<div>O pedido para estabelecer um plano de a\u00e7\u00e3o foi apresentado pela Coordenadoria de Pol\u00edticas para Popula\u00e7\u00e3o Ind\u00edgena da Secretaria da Justi\u00e7a e Cidadania do governo do estado. Desde ent\u00e3o, foram realizadas reuni\u00f5es para alinhar o projeto lan\u00e7ado pela SSP para atender aos pedidos dos povos ind\u00edgenas. \u201cAproximando a seguran\u00e7a com a comunidade ind\u00edgena e tendo um di\u00e1logo mais aberto \u00e9 poss\u00edvel inibir os crimes que acontecem no entorno dos territ\u00f3rios\u201d, destacou o coordenador de Pol\u00edticas para Popula\u00e7\u00e3o Ind\u00edgena estadual, Cristiano Kiririndju. \u201cPara avan\u00e7ar com esse plano para todo o estado ser\u00e1 importante ouvir a comunidade para entender a especificidade de cada aldeia.\u201d<\/div>\n<div><\/div>\n<div>\u201cA gente acredita que esse passo que o estado est\u00e1 dando \u00e9 muito especial para n\u00f3s. As aldeias ser\u00e3o representadas nesse n\u00facleo e seremos ouvidos pela Secretaria da Seguran\u00e7a P\u00fablica\u201d, ressaltou o cacique Awa Tenondegua, da comunidade Tapirema, em Peru\u00edbe, onde o projeto come\u00e7a a ser desenvolvido.<\/div>\n<div><\/div>\n<div>A Funai participou da elabora\u00e7\u00e3o do plano piloto desde o in\u00edcio. Com os resultados dessa a\u00e7\u00e3o in\u00e9dita no litoral paulista, o \u00f3rg\u00e3o espera ampliar a atua\u00e7\u00e3o do NAL Ind\u00edgena em todo territ\u00f3rio estadual. \u201c\u00c9 algo pioneiro, \u00e9 a primeira vez que o estado reconhece que as for\u00e7as de seguran\u00e7a precisam estar pr\u00f3ximas das comunidades ind\u00edgenas\u201d, lembrou Ubiratan Gomes, coordenador da Funai no litoral sudeste.<\/div>\n<\/div>\n<\/div>\n","protected":false},"excerpt":{"rendered":"<p>Projeto-piloto da SSP come\u00e7a em Peru\u00edbe, no litoral paulista, em<\/p>\n","protected":false},"author":2,"featured_media":97522,"comment_status":"open","ping_status":"open","sticky":false,"template":"","format":"standard","meta":{"footnotes":""},"categories":[7,3],"tags":[],"class_list":["post-97521","post","type-post","status-publish","format-standard","has-post-thumbnail","hentry","category-estado-de-sao-paulo","category-geral"],"yoast_head":"<!-- This site is optimized with the Yoast SEO plugin v27.4 - https:\/\/yoast.com\/product\/yoast-seo-wordpress\/ -->\n<title>S\u00e3o Paulo lan\u00e7a N\u00facleo de A\u00e7\u00e3o para combater viol\u00eancia contra povos ind\u00edgenas - Regi\u00e3o News<\/title>\n<meta name=\"robots\" content=\"index, follow, max-snippet:-1, max-image-preview:large, max-video-preview:-1\" \/>\n<link rel=\"canonical\" href=\"https:\/\/regiaonews.net.br\/2022\/2023\/11\/08\/sao-paulo-lanca-nucleo-de-acao-para-combater-violencia-contra-povos-indigenas\/\" \/>\n<meta property=\"og:locale\" content=\"pt_BR\" \/>\n<meta property=\"og:type\" content=\"article\" \/>\n<meta property=\"og:title\" content=\"S\u00e3o Paulo lan\u00e7a N\u00facleo de A\u00e7\u00e3o para combater viol\u00eancia contra povos ind\u00edgenas - Regi\u00e3o News\" \/>\n<meta property=\"og:description\" content=\"Projeto-piloto da SSP come\u00e7a em Peru\u00edbe, no litoral paulista, em\" \/>\n<meta property=\"og:url\" content=\"https:\/\/regiaonews.net.br\/2022\/2023\/11\/08\/sao-paulo-lanca-nucleo-de-acao-para-combater-violencia-contra-povos-indigenas\/\" \/>\n<meta property=\"og:site_name\" content=\"Regi\u00e3o News\" \/>\n<meta property=\"article:published_time\" content=\"2023-11-08T16:01:44+00:00\" \/>\n<meta property=\"og:image\" content=\"https:\/\/regiaonews.net.br\/2022\/wp-content\/uploads\/2023\/11\/00051960-scaled.jpeg\" \/>\n\t<meta property=\"og:image:width\" content=\"2560\" \/>\n\t<meta property=\"og:image:height\" content=\"1920\" \/>\n\t<meta property=\"og:image:type\" content=\"image\/jpeg\" \/>\n<meta name=\"author\" content=\"Roberto\" \/>\n<meta name=\"twitter:card\" content=\"summary_large_image\" \/>\n<meta name=\"twitter:label1\" content=\"Escrito por\" \/>\n\t<meta name=\"twitter:data1\" content=\"Roberto\" \/>\n\t<meta name=\"twitter:label2\" content=\"Est. tempo de leitura\" \/>\n\t<meta name=\"twitter:data2\" content=\"4 minutos\" \/>\n<script type=\"application\/ld+json\" class=\"yoast-schema-graph\">{\"@context\":\"https:\\\/\\\/schema.org\",\"@graph\":[{\"@type\":\"Article\",\"@id\":\"https:\\\/\\\/regiaonews.net.br\\\/2022\\\/2023\\\/11\\\/08\\\/sao-paulo-lanca-nucleo-de-acao-para-combater-violencia-contra-povos-indigenas\\\/#article\",\"isPartOf\":{\"@id\":\"https:\\\/\\\/regiaonews.net.br\\\/2022\\\/2023\\\/11\\\/08\\\/sao-paulo-lanca-nucleo-de-acao-para-combater-violencia-contra-povos-indigenas\\\/\"},\"author\":{\"name\":\"Roberto\",\"@id\":\"https:\\\/\\\/regiaonews.net.br\\\/2022\\\/#\\\/schema\\\/person\\\/2d205a608a5aa97ac279d7a5e6d89ad8\"},\"headline\":\"S\u00e3o Paulo lan\u00e7a N\u00facleo de A\u00e7\u00e3o para combater viol\u00eancia contra povos ind\u00edgenas\",\"datePublished\":\"2023-11-08T16:01:44+00:00\",\"mainEntityOfPage\":{\"@id\":\"https:\\\/\\\/regiaonews.net.br\\\/2022\\\/2023\\\/11\\\/08\\\/sao-paulo-lanca-nucleo-de-acao-para-combater-violencia-contra-povos-indigenas\\\/\"},\"wordCount\":799,\"commentCount\":0,\"publisher\":{\"@id\":\"https:\\\/\\\/regiaonews.net.br\\\/2022\\\/#organization\"},\"image\":{\"@id\":\"https:\\\/\\\/regiaonews.net.br\\\/2022\\\/2023\\\/11\\\/08\\\/sao-paulo-lanca-nucleo-de-acao-para-combater-violencia-contra-povos-indigenas\\\/#primaryimage\"},\"thumbnailUrl\":\"https:\\\/\\\/regiaonews.net.br\\\/2022\\\/wp-content\\\/uploads\\\/2023\\\/11\\\/00051960-scaled.jpeg\",\"articleSection\":[\"Estado de S\u00e3o Paulo\",\"Geral\"],\"inLanguage\":\"pt-BR\",\"potentialAction\":[{\"@type\":\"CommentAction\",\"name\":\"Comment\",\"target\":[\"https:\\\/\\\/regiaonews.net.br\\\/2022\\\/2023\\\/11\\\/08\\\/sao-paulo-lanca-nucleo-de-acao-para-combater-violencia-contra-povos-indigenas\\\/#respond\"]}]},{\"@type\":\"WebPage\",\"@id\":\"https:\\\/\\\/regiaonews.net.br\\\/2022\\\/2023\\\/11\\\/08\\\/sao-paulo-lanca-nucleo-de-acao-para-combater-violencia-contra-povos-indigenas\\\/\",\"url\":\"https:\\\/\\\/regiaonews.net.br\\\/2022\\\/2023\\\/11\\\/08\\\/sao-paulo-lanca-nucleo-de-acao-para-combater-violencia-contra-povos-indigenas\\\/\",\"name\":\"S\u00e3o Paulo lan\u00e7a N\u00facleo de A\u00e7\u00e3o para combater viol\u00eancia contra povos ind\u00edgenas - Regi\u00e3o News\",\"isPartOf\":{\"@id\":\"https:\\\/\\\/regiaonews.net.br\\\/2022\\\/#website\"},\"primaryImageOfPage\":{\"@id\":\"https:\\\/\\\/regiaonews.net.br\\\/2022\\\/2023\\\/11\\\/08\\\/sao-paulo-lanca-nucleo-de-acao-para-combater-violencia-contra-povos-indigenas\\\/#primaryimage\"},\"image\":{\"@id\":\"https:\\\/\\\/regiaonews.net.br\\\/2022\\\/2023\\\/11\\\/08\\\/sao-paulo-lanca-nucleo-de-acao-para-combater-violencia-contra-povos-indigenas\\\/#primaryimage\"},\"thumbnailUrl\":\"https:\\\/\\\/regiaonews.net.br\\\/2022\\\/wp-content\\\/uploads\\\/2023\\\/11\\\/00051960-scaled.jpeg\",\"datePublished\":\"2023-11-08T16:01:44+00:00\",\"breadcrumb\":{\"@id\":\"https:\\\/\\\/regiaonews.net.br\\\/2022\\\/2023\\\/11\\\/08\\\/sao-paulo-lanca-nucleo-de-acao-para-combater-violencia-contra-povos-indigenas\\\/#breadcrumb\"},\"inLanguage\":\"pt-BR\",\"potentialAction\":[{\"@type\":\"ReadAction\",\"target\":[\"https:\\\/\\\/regiaonews.net.br\\\/2022\\\/2023\\\/11\\\/08\\\/sao-paulo-lanca-nucleo-de-acao-para-combater-violencia-contra-povos-indigenas\\\/\"]}]},{\"@type\":\"ImageObject\",\"inLanguage\":\"pt-BR\",\"@id\":\"https:\\\/\\\/regiaonews.net.br\\\/2022\\\/2023\\\/11\\\/08\\\/sao-paulo-lanca-nucleo-de-acao-para-combater-violencia-contra-povos-indigenas\\\/#primaryimage\",\"url\":\"https:\\\/\\\/regiaonews.net.br\\\/2022\\\/wp-content\\\/uploads\\\/2023\\\/11\\\/00051960-scaled.jpeg\",\"contentUrl\":\"https:\\\/\\\/regiaonews.net.br\\\/2022\\\/wp-content\\\/uploads\\\/2023\\\/11\\\/00051960-scaled.jpeg\",\"width\":2560,\"height\":1920},{\"@type\":\"BreadcrumbList\",\"@id\":\"https:\\\/\\\/regiaonews.net.br\\\/2022\\\/2023\\\/11\\\/08\\\/sao-paulo-lanca-nucleo-de-acao-para-combater-violencia-contra-povos-indigenas\\\/#breadcrumb\",\"itemListElement\":[{\"@type\":\"ListItem\",\"position\":1,\"name\":\"In\u00edcio\",\"item\":\"https:\\\/\\\/regiaonews.net.br\\\/2022\\\/\"},{\"@type\":\"ListItem\",\"position\":2,\"name\":\"S\u00e3o Paulo lan\u00e7a N\u00facleo de A\u00e7\u00e3o para combater viol\u00eancia contra povos ind\u00edgenas\"}]},{\"@type\":\"WebSite\",\"@id\":\"https:\\\/\\\/regiaonews.net.br\\\/2022\\\/#website\",\"url\":\"https:\\\/\\\/regiaonews.net.br\\\/2022\\\/\",\"name\":\"Regi\u00e3o News\",\"description\":\"Site de Not\u00edcias de Barretos e regi\u00e3o\",\"publisher\":{\"@id\":\"https:\\\/\\\/regiaonews.net.br\\\/2022\\\/#organization\"},\"potentialAction\":[{\"@type\":\"SearchAction\",\"target\":{\"@type\":\"EntryPoint\",\"urlTemplate\":\"https:\\\/\\\/regiaonews.net.br\\\/2022\\\/?s={search_term_string}\"},\"query-input\":{\"@type\":\"PropertyValueSpecification\",\"valueRequired\":true,\"valueName\":\"search_term_string\"}}],\"inLanguage\":\"pt-BR\"},{\"@type\":\"Organization\",\"@id\":\"https:\\\/\\\/regiaonews.net.br\\\/2022\\\/#organization\",\"name\":\"Regi\u00e3o News\",\"url\":\"https:\\\/\\\/regiaonews.net.br\\\/2022\\\/\",\"logo\":{\"@type\":\"ImageObject\",\"inLanguage\":\"pt-BR\",\"@id\":\"https:\\\/\\\/regiaonews.net.br\\\/2022\\\/#\\\/schema\\\/logo\\\/image\\\/\",\"url\":\"https:\\\/\\\/regiaonews.net.br\\\/2022\\\/wp-content\\\/uploads\\\/2026\\\/03\\\/regiao-13-anos-scaled.jpg\",\"contentUrl\":\"https:\\\/\\\/regiaonews.net.br\\\/2022\\\/wp-content\\\/uploads\\\/2026\\\/03\\\/regiao-13-anos-scaled.jpg\",\"width\":2560,\"height\":635,\"caption\":\"Regi\u00e3o News\"},\"image\":{\"@id\":\"https:\\\/\\\/regiaonews.net.br\\\/2022\\\/#\\\/schema\\\/logo\\\/image\\\/\"}},{\"@type\":\"Person\",\"@id\":\"https:\\\/\\\/regiaonews.net.br\\\/2022\\\/#\\\/schema\\\/person\\\/2d205a608a5aa97ac279d7a5e6d89ad8\",\"name\":\"Roberto\",\"image\":{\"@type\":\"ImageObject\",\"inLanguage\":\"pt-BR\",\"@id\":\"https:\\\/\\\/secure.gravatar.com\\\/avatar\\\/42749d8b712ff9d59ca93dc150494e5b55a44134482993f5baeb97e61b7ecc89?s=96&d=mm&r=g\",\"url\":\"https:\\\/\\\/secure.gravatar.com\\\/avatar\\\/42749d8b712ff9d59ca93dc150494e5b55a44134482993f5baeb97e61b7ecc89?s=96&d=mm&r=g\",\"contentUrl\":\"https:\\\/\\\/secure.gravatar.com\\\/avatar\\\/42749d8b712ff9d59ca93dc150494e5b55a44134482993f5baeb97e61b7ecc89?s=96&d=mm&r=g\",\"caption\":\"Roberto\"},\"url\":\"https:\\\/\\\/regiaonews.net.br\\\/2022\\\/author\\\/roberto\\\/\"}]}<\/script>\n<!-- \/ Yoast SEO plugin. -->","yoast_head_json":{"title":"S\u00e3o Paulo lan\u00e7a N\u00facleo de A\u00e7\u00e3o para combater viol\u00eancia contra povos ind\u00edgenas - Regi\u00e3o News","robots":{"index":"index","follow":"follow","max-snippet":"max-snippet:-1","max-image-preview":"max-image-preview:large","max-video-preview":"max-video-preview:-1"},"canonical":"https:\/\/regiaonews.net.br\/2022\/2023\/11\/08\/sao-paulo-lanca-nucleo-de-acao-para-combater-violencia-contra-povos-indigenas\/","og_locale":"pt_BR","og_type":"article","og_title":"S\u00e3o Paulo lan\u00e7a N\u00facleo de A\u00e7\u00e3o para combater viol\u00eancia contra povos ind\u00edgenas - Regi\u00e3o News","og_description":"Projeto-piloto da SSP come\u00e7a em Peru\u00edbe, no litoral paulista, em","og_url":"https:\/\/regiaonews.net.br\/2022\/2023\/11\/08\/sao-paulo-lanca-nucleo-de-acao-para-combater-violencia-contra-povos-indigenas\/","og_site_name":"Regi\u00e3o News","article_published_time":"2023-11-08T16:01:44+00:00","og_image":[{"width":2560,"height":1920,"url":"https:\/\/regiaonews.net.br\/2022\/wp-content\/uploads\/2023\/11\/00051960-scaled.jpeg","type":"image\/jpeg"}],"author":"Roberto","twitter_card":"summary_large_image","twitter_misc":{"Escrito por":"Roberto","Est. tempo de leitura":"4 minutos"},"schema":{"@context":"https:\/\/schema.org","@graph":[{"@type":"Article","@id":"https:\/\/regiaonews.net.br\/2022\/2023\/11\/08\/sao-paulo-lanca-nucleo-de-acao-para-combater-violencia-contra-povos-indigenas\/#article","isPartOf":{"@id":"https:\/\/regiaonews.net.br\/2022\/2023\/11\/08\/sao-paulo-lanca-nucleo-de-acao-para-combater-violencia-contra-povos-indigenas\/"},"author":{"name":"Roberto","@id":"https:\/\/regiaonews.net.br\/2022\/#\/schema\/person\/2d205a608a5aa97ac279d7a5e6d89ad8"},"headline":"S\u00e3o Paulo lan\u00e7a N\u00facleo de A\u00e7\u00e3o para combater viol\u00eancia contra povos ind\u00edgenas","datePublished":"2023-11-08T16:01:44+00:00","mainEntityOfPage":{"@id":"https:\/\/regiaonews.net.br\/2022\/2023\/11\/08\/sao-paulo-lanca-nucleo-de-acao-para-combater-violencia-contra-povos-indigenas\/"},"wordCount":799,"commentCount":0,"publisher":{"@id":"https:\/\/regiaonews.net.br\/2022\/#organization"},"image":{"@id":"https:\/\/regiaonews.net.br\/2022\/2023\/11\/08\/sao-paulo-lanca-nucleo-de-acao-para-combater-violencia-contra-povos-indigenas\/#primaryimage"},"thumbnailUrl":"https:\/\/regiaonews.net.br\/2022\/wp-content\/uploads\/2023\/11\/00051960-scaled.jpeg","articleSection":["Estado de S\u00e3o Paulo","Geral"],"inLanguage":"pt-BR","potentialAction":[{"@type":"CommentAction","name":"Comment","target":["https:\/\/regiaonews.net.br\/2022\/2023\/11\/08\/sao-paulo-lanca-nucleo-de-acao-para-combater-violencia-contra-povos-indigenas\/#respond"]}]},{"@type":"WebPage","@id":"https:\/\/regiaonews.net.br\/2022\/2023\/11\/08\/sao-paulo-lanca-nucleo-de-acao-para-combater-violencia-contra-povos-indigenas\/","url":"https:\/\/regiaonews.net.br\/2022\/2023\/11\/08\/sao-paulo-lanca-nucleo-de-acao-para-combater-violencia-contra-povos-indigenas\/","name":"S\u00e3o Paulo lan\u00e7a N\u00facleo de A\u00e7\u00e3o para combater viol\u00eancia contra povos ind\u00edgenas - Regi\u00e3o News","isPartOf":{"@id":"https:\/\/regiaonews.net.br\/2022\/#website"},"primaryImageOfPage":{"@id":"https:\/\/regiaonews.net.br\/2022\/2023\/11\/08\/sao-paulo-lanca-nucleo-de-acao-para-combater-violencia-contra-povos-indigenas\/#primaryimage"},"image":{"@id":"https:\/\/regiaonews.net.br\/2022\/2023\/11\/08\/sao-paulo-lanca-nucleo-de-acao-para-combater-violencia-contra-povos-indigenas\/#primaryimage"},"thumbnailUrl":"https:\/\/regiaonews.net.br\/2022\/wp-content\/uploads\/2023\/11\/00051960-scaled.jpeg","datePublished":"2023-11-08T16:01:44+00:00","breadcrumb":{"@id":"https:\/\/regiaonews.net.br\/2022\/2023\/11\/08\/sao-paulo-lanca-nucleo-de-acao-para-combater-violencia-contra-povos-indigenas\/#breadcrumb"},"inLanguage":"pt-BR","potentialAction":[{"@type":"ReadAction","target":["https:\/\/regiaonews.net.br\/2022\/2023\/11\/08\/sao-paulo-lanca-nucleo-de-acao-para-combater-violencia-contra-povos-indigenas\/"]}]},{"@type":"ImageObject","inLanguage":"pt-BR","@id":"https:\/\/regiaonews.net.br\/2022\/2023\/11\/08\/sao-paulo-lanca-nucleo-de-acao-para-combater-violencia-contra-povos-indigenas\/#primaryimage","url":"https:\/\/regiaonews.net.br\/2022\/wp-content\/uploads\/2023\/11\/00051960-scaled.jpeg","contentUrl":"https:\/\/regiaonews.net.br\/2022\/wp-content\/uploads\/2023\/11\/00051960-scaled.jpeg","width":2560,"height":1920},{"@type":"BreadcrumbList","@id":"https:\/\/regiaonews.net.br\/2022\/2023\/11\/08\/sao-paulo-lanca-nucleo-de-acao-para-combater-violencia-contra-povos-indigenas\/#breadcrumb","itemListElement":[{"@type":"ListItem","position":1,"name":"In\u00edcio","item":"https:\/\/regiaonews.net.br\/2022\/"},{"@type":"ListItem","position":2,"name":"S\u00e3o Paulo lan\u00e7a N\u00facleo de A\u00e7\u00e3o para combater viol\u00eancia contra povos ind\u00edgenas"}]},{"@type":"WebSite","@id":"https:\/\/regiaonews.net.br\/2022\/#website","url":"https:\/\/regiaonews.net.br\/2022\/","name":"Regi\u00e3o News","description":"Site de Not\u00edcias de Barretos e regi\u00e3o","publisher":{"@id":"https:\/\/regiaonews.net.br\/2022\/#organization"},"potentialAction":[{"@type":"SearchAction","target":{"@type":"EntryPoint","urlTemplate":"https:\/\/regiaonews.net.br\/2022\/?s={search_term_string}"},"query-input":{"@type":"PropertyValueSpecification","valueRequired":true,"valueName":"search_term_string"}}],"inLanguage":"pt-BR"},{"@type":"Organization","@id":"https:\/\/regiaonews.net.br\/2022\/#organization","name":"Regi\u00e3o News","url":"https:\/\/regiaonews.net.br\/2022\/","logo":{"@type":"ImageObject","inLanguage":"pt-BR","@id":"https:\/\/regiaonews.net.br\/2022\/#\/schema\/logo\/image\/","url":"https:\/\/regiaonews.net.br\/2022\/wp-content\/uploads\/2026\/03\/regiao-13-anos-scaled.jpg","contentUrl":"https:\/\/regiaonews.net.br\/2022\/wp-content\/uploads\/2026\/03\/regiao-13-anos-scaled.jpg","width":2560,"height":635,"caption":"Regi\u00e3o News"},"image":{"@id":"https:\/\/regiaonews.net.br\/2022\/#\/schema\/logo\/image\/"}},{"@type":"Person","@id":"https:\/\/regiaonews.net.br\/2022\/#\/schema\/person\/2d205a608a5aa97ac279d7a5e6d89ad8","name":"Roberto","image":{"@type":"ImageObject","inLanguage":"pt-BR","@id":"https:\/\/secure.gravatar.com\/avatar\/42749d8b712ff9d59ca93dc150494e5b55a44134482993f5baeb97e61b7ecc89?s=96&d=mm&r=g","url":"https:\/\/secure.gravatar.com\/avatar\/42749d8b712ff9d59ca93dc150494e5b55a44134482993f5baeb97e61b7ecc89?s=96&d=mm&r=g","contentUrl":"https:\/\/secure.gravatar.com\/avatar\/42749d8b712ff9d59ca93dc150494e5b55a44134482993f5baeb97e61b7ecc89?s=96&d=mm&r=g","caption":"Roberto"},"url":"https:\/\/regiaonews.net.br\/2022\/author\/roberto\/"}]}},"publishpress_future_action":{"enabled":false,"date":"2026-05-04 01:06:01","action":"change-status","newStatus":"draft","terms":[],"taxonomy":"category","extraData":[]},"publishpress_future_workflow_manual_trigger":{"enabledWorkflows":[]},"_links":{"self":[{"href":"https:\/\/regiaonews.net.br\/2022\/wp-json\/wp\/v2\/posts\/97521","targetHints":{"allow":["GET"]}}],"collection":[{"href":"https:\/\/regiaonews.net.br\/2022\/wp-json\/wp\/v2\/posts"}],"about":[{"href":"https:\/\/regiaonews.net.br\/2022\/wp-json\/wp\/v2\/types\/post"}],"author":[{"embeddable":true,"href":"https:\/\/regiaonews.net.br\/2022\/wp-json\/wp\/v2\/users\/2"}],"replies":[{"embeddable":true,"href":"https:\/\/regiaonews.net.br\/2022\/wp-json\/wp\/v2\/comments?post=97521"}],"version-history":[{"count":1,"href":"https:\/\/regiaonews.net.br\/2022\/wp-json\/wp\/v2\/posts\/97521\/revisions"}],"predecessor-version":[{"id":97523,"href":"https:\/\/regiaonews.net.br\/2022\/wp-json\/wp\/v2\/posts\/97521\/revisions\/97523"}],"wp:featuredmedia":[{"embeddable":true,"href":"https:\/\/regiaonews.net.br\/2022\/wp-json\/wp\/v2\/media\/97522"}],"wp:attachment":[{"href":"https:\/\/regiaonews.net.br\/2022\/wp-json\/wp\/v2\/media?parent=97521"}],"wp:term":[{"taxonomy":"category","embeddable":true,"href":"https:\/\/regiaonews.net.br\/2022\/wp-json\/wp\/v2\/categories?post=97521"},{"taxonomy":"post_tag","embeddable":true,"href":"https:\/\/regiaonews.net.br\/2022\/wp-json\/wp\/v2\/tags?post=97521"}],"curies":[{"name":"wp","href":"https:\/\/api.w.org\/{rel}","templated":true}]}}