{"id":97515,"date":"2023-11-08T12:59:08","date_gmt":"2023-11-08T15:59:08","guid":{"rendered":"https:\/\/regiaonews.net.br\/2022\/?p=97515"},"modified":"2023-11-08T12:59:08","modified_gmt":"2023-11-08T15:59:08","slug":"ribeirao-preto-recebe-novas-sessoes-de-filme-sobre-dom-phillips-e-desafios-da-cobertura-jornalistica-na-amazonia","status":"publish","type":"post","link":"https:\/\/regiaonews.net.br\/2022\/2023\/11\/08\/ribeirao-preto-recebe-novas-sessoes-de-filme-sobre-dom-phillips-e-desafios-da-cobertura-jornalistica-na-amazonia\/","title":{"rendered":"Ribeir\u00e3o Preto recebe novas sess\u00f5es de filme sobre Dom Phillips e desafios da cobertura jornal\u00edstica na Amaz\u00f4nia"},"content":{"rendered":"<h3 class=\"article-subtitle u-fontSize-h6 u-fontMontserratRegular u-mt-05\" style=\"text-align: center;\">Document\u00e1rio realizado pela Rep\u00f3rter Brasil ser\u00e1 exibido, em mais duas sess\u00f5es comentadas, a primeira na quinta-feira, 16 de novembro, 19h, no novo Cine Clube Cauim.<\/h3>\n<div class=\"article-info row u-my-10\">\n<p>O document\u00e1rio \u201cRelatos de um correspondente da guerra na Amaz\u00f4nia\u201d \u00e9 uma homenagem a Dom Phillips, jornalista ingl\u00eas assassinado em junho do ano passado em uma emboscada no Vale do Javari junto ao indigenista Bruno Pereira, mas tamb\u00e9m um mergulho nos desafios enfrentados pelos rep\u00f3rteres que cobrem a viol\u00eancia contra as comunidades ind\u00edgenas na Amaz\u00f4nia, a maior floresta tropical do mundo.<\/p>\n<p>\u00c9 isso que saltar\u00e1 aos olhos de quem assistir o novo document\u00e1rio da Rep\u00f3rter Brasil. A produ\u00e7\u00e3o parte da experi\u00eancia do jornalista Daniel Camargos, que foi companheiro de reportagem de Dom, ao cobrir as buscas pelo amigo desaparecido.<\/p>\n<p>Ap\u00f3s estrear com lota\u00e7\u00e3o m\u00e1xima na Cinemateca, em S\u00e3o Paulo, na mostra Hist\u00f3rias da Amaz\u00f4nia, promovida pelo Pulitzer Center, o filme ser\u00e1 exibido pela segunda vez, em Ribeir\u00e3o Preto, no dia 16 de novembro, quinta-feira, \u00e0s 19h, no novo Cine Clube Cauim (Rua Olavo Bilac, 135 \u2013 Vila Seixas), com a presen\u00e7a da editora da Rep\u00f3rter Brasil e diretora do document\u00e1rio, Ana Aranha em sess\u00e3o comentada. Essa exibi\u00e7\u00e3o do document\u00e1rio tem o apoio do Sindicato dos Jornalistas Profissionais do Estado de S\u00e3o Paulo &#8211; Regional Ribeir\u00e3o Preto. A terceira exibi\u00e7\u00e3o ser\u00e1 no Cine Cidadania, na Faculdade de Direito da USP de Ribeir\u00e3o Preto, no dia 17 de novembro, \u00e0s 10h.<\/p>\n<p>De acordo com Daniel Camargos, diretor do document\u00e1rio, o filme come\u00e7a ap\u00f3s o trabalho de convencimento frente aos questionamentos sobre os riscos. \u201cO encontro com a morte do amigo, a busca por sentido para a profiss\u00e3o de rep\u00f3rter e a tentativa de dar continuidade ao trabalho do Dom, s\u00e3o passos que dou ao longo do document\u00e1rio que tem um tom reflexivo\u201d, descreve o jornalista. \u201cFazer esse document\u00e1rio foi muito doloroso, sem d\u00favida. Mas tamb\u00e9m foi fundamental para encontrar o sentido de ser rep\u00f3rter\u201d.<\/p>\n<p>Com 1h de dura\u00e7\u00e3o, \u201c<strong>Relatos de um correspondente da guerra na Amaz\u00f4nia<\/strong>&#8221; \u00e9 um filme de Ana Aranha e Daniel Camargos, com fotografia de Fernando Martinho e Caio Castor, montagem de Pedro Watanabe, e realiza\u00e7\u00e3o da Rep\u00f3rter Brasil.<\/p>\n<p>&nbsp;<\/p>\n<p><strong>Cons\u00f3rcio em homenagem ao Dom Phillips<\/strong><\/p>\n<p>O document\u00e1rio integrou o trabalho feito por um cons\u00f3rcio de mais de 50 jornalistas espalhados por 10 pa\u00edses e representando 16 organiza\u00e7\u00f5es, incluindo os ingleses The Guardian e The Bureau of Investigative Journalism, Expresso (Portugal), Le Monde (Fran\u00e7a), Ojo P\u00fablico (Peru), Paper Trail Media (Alemanha), NRC (Holanda), Tamedia (Su\u00ed\u00e7a), Der Standard (\u00c1ustria), al\u00e9m dos brasileiros Associa\u00e7\u00e3o Brasileira de Jornalismo Investigativo (Abraji), Amaz\u00f4nia Real, Folha de S\u00e3o Paulo e TV Globo.<\/p>\n<p>Com coordena\u00e7\u00e3o da Forbidden Stories, esses ve\u00edculos realizaram diversas publica\u00e7\u00f5es entre os dias 1 e 4 de junho, quando a morte de Dom e Bruno completou um ano. O objetivo \u00e9 dar eco \u00e0s investiga\u00e7\u00f5es que Dom Phillips fez em vida e, de certa forma, continuar o seu trabalho. Assista ao trailer do<a href=\"https:\/\/www.youtube.com\/watch?v=j_Ba6i7ee7A\">\u00a0<u>filme aqui<\/u><\/a>.<\/p>\n<p>&nbsp;<\/p>\n<p><strong>Programa\u00e7\u00e3o Cultural:<\/strong><\/p>\n<p>Ap\u00f3s a exibi\u00e7\u00e3o do document\u00e1rio e conversa com a Diretora do filme, Ana Aranha, jornalistas e artistas de Ribeir\u00e3o Preto ir\u00e3o realizar apresenta\u00e7\u00f5es culturais<\/p>\n<p>Jos\u00e9 Fernando Chiavenato \u2013 Tv Thathi: Leitura de Poema<\/p>\n<p>\u00c9rica Am\u00e9ndola \u2013 Tv Thathi: Leitura de Poema<\/p>\n<p>Luci Pereira: Canta Rita Lee \u2013 Apresenta\u00e7\u00e3o musical<\/p>\n<p>Jo\u00e3o Augusto \u2013 Jornalista e Escritor: Leitura de Poesias<\/p>\n<p>Coro C\u00eanico Bossa Nossa \u2013 Apresenta\u00e7\u00e3o em homenagem ao Dom Phillips e Bruno Pereira<\/p>\n<p><strong>SERVI\u00c7O<\/strong><\/p>\n<p>Document\u00e1rio \u201cRelatos de um correspondente da guerra na Amaz\u00f4nia\u201d<\/p>\n<p><strong>Dia:<\/strong>\u00a016 de novembro, \u00e0s 19h<\/p>\n<p><strong>Local:<\/strong>\u00a0Cine Clube Cauim &#8211; Rua Olavo Bilac, 135 \u2013 Vila Seixas<\/p>\n<p>Entrada Gratuita<\/p>\n<p><strong>SOBRE A REP\u00d3RTER BRASIL\u00a0<\/strong><\/p>\n<p>A Rep\u00f3rter Brasil \u00e9 uma organiza\u00e7\u00e3o fundada em 2001 por jornalistas, cientistas sociais e educadores com o objetivo de fomentar a reflex\u00e3o e a\u00e7\u00e3o sobre a viola\u00e7\u00e3o aos direitos fundamentais dos povos e trabalhadores no Brasil. Suas reportagens, investiga\u00e7\u00f5es jornal\u00edsticas, pesquisas e metodologias educacionais t\u00eam sido usadas por lideran\u00e7as do poder p\u00fablico, setor empresarial e sociedade civil como instrumentos para combater a escravid\u00e3o contempor\u00e2nea, problema que afeta milhares de pessoas.<\/p>\n<p><strong>SOBRE A ANA ARANHA<\/strong><\/p>\n<p>Ana Aranha \u00e9 rep\u00f3rter e documentarista, tem 14 pr\u00eamios de jornalismo. \u00c9 respons\u00e1vel por investiga\u00e7\u00f5es especiais na Rep\u00f3rter Brasil, onde coordenou o n\u00facleo de jornalismo entre 2015 e 2019. Foi rep\u00f3rter especial da Ag\u00eancia P\u00fablica e rep\u00f3rter da revista \u00c9poca. J\u00e1 colaborou para diversos ve\u00edculos, como The Guardian e El Mundo. Dirigiu o document\u00e1rio \u201cSlaves To Fashion\u201d, da Al Jazeera, e assina produ\u00e7\u00e3o executiva e roteiro do document\u00e1rio \u201cJaci \u2013 Sete Pecados de Uma Obra Amaz\u00f4nica\u201d, vencedor do pr\u00eamio Gabriel Garc\u00eda M\u00e1rquez de Jornalismo, recentemente dirigiu junto ao jornalista Daniel Camargos o document\u00e1rio \u201cRelatos de um correspondente da guerra na Amaz\u00f4nia\u201d.<\/p>\n<p>Foto: Divulga\u00e7\u00e3o<\/p>\n<\/div>\n","protected":false},"excerpt":{"rendered":"<p>Document\u00e1rio realizado pela Rep\u00f3rter Brasil ser\u00e1 exibido, em mais duas<\/p>\n","protected":false},"author":2,"featured_media":97516,"comment_status":"open","ping_status":"open","sticky":false,"template":"","format":"standard","meta":{"footnotes":""},"categories":[3,32],"tags":[],"class_list":["post-97515","post","type-post","status-publish","format-standard","has-post-thumbnail","hentry","category-geral","category-ribeirao-preto"],"yoast_head":"<!-- This site is optimized with the Yoast SEO plugin v27.4 - https:\/\/yoast.com\/product\/yoast-seo-wordpress\/ -->\n<title>Ribeir\u00e3o Preto recebe novas sess\u00f5es de filme sobre Dom Phillips e desafios da cobertura jornal\u00edstica na Amaz\u00f4nia - Regi\u00e3o News<\/title>\n<meta name=\"robots\" content=\"index, follow, max-snippet:-1, max-image-preview:large, max-video-preview:-1\" \/>\n<link rel=\"canonical\" href=\"https:\/\/regiaonews.net.br\/2022\/2023\/11\/08\/ribeirao-preto-recebe-novas-sessoes-de-filme-sobre-dom-phillips-e-desafios-da-cobertura-jornalistica-na-amazonia\/\" \/>\n<meta property=\"og:locale\" content=\"pt_BR\" \/>\n<meta property=\"og:type\" content=\"article\" \/>\n<meta property=\"og:title\" content=\"Ribeir\u00e3o Preto recebe novas sess\u00f5es de filme sobre Dom Phillips e desafios da cobertura jornal\u00edstica na Amaz\u00f4nia - Regi\u00e3o News\" \/>\n<meta property=\"og:description\" content=\"Document\u00e1rio realizado pela Rep\u00f3rter Brasil ser\u00e1 exibido, em mais duas\" \/>\n<meta property=\"og:url\" content=\"https:\/\/regiaonews.net.br\/2022\/2023\/11\/08\/ribeirao-preto-recebe-novas-sessoes-de-filme-sobre-dom-phillips-e-desafios-da-cobertura-jornalistica-na-amazonia\/\" \/>\n<meta property=\"og:site_name\" content=\"Regi\u00e3o News\" \/>\n<meta property=\"article:published_time\" content=\"2023-11-08T15:59:08+00:00\" \/>\n<meta property=\"og:image\" content=\"https:\/\/regiaonews.net.br\/2022\/wp-content\/uploads\/2023\/11\/d8813a81ea0a60d36ce1c300ad0bdd69.jpg\" \/>\n\t<meta property=\"og:image:width\" content=\"255\" \/>\n\t<meta property=\"og:image:height\" content=\"454\" \/>\n\t<meta property=\"og:image:type\" content=\"image\/jpeg\" \/>\n<meta name=\"author\" content=\"Roberto\" \/>\n<meta name=\"twitter:card\" content=\"summary_large_image\" \/>\n<meta name=\"twitter:label1\" content=\"Escrito por\" \/>\n\t<meta name=\"twitter:data1\" content=\"Roberto\" \/>\n\t<meta name=\"twitter:label2\" content=\"Est. tempo de leitura\" \/>\n\t<meta name=\"twitter:data2\" content=\"5 minutos\" \/>\n<script type=\"application\/ld+json\" class=\"yoast-schema-graph\">{\"@context\":\"https:\\\/\\\/schema.org\",\"@graph\":[{\"@type\":\"Article\",\"@id\":\"https:\\\/\\\/regiaonews.net.br\\\/2022\\\/2023\\\/11\\\/08\\\/ribeirao-preto-recebe-novas-sessoes-de-filme-sobre-dom-phillips-e-desafios-da-cobertura-jornalistica-na-amazonia\\\/#article\",\"isPartOf\":{\"@id\":\"https:\\\/\\\/regiaonews.net.br\\\/2022\\\/2023\\\/11\\\/08\\\/ribeirao-preto-recebe-novas-sessoes-de-filme-sobre-dom-phillips-e-desafios-da-cobertura-jornalistica-na-amazonia\\\/\"},\"author\":{\"name\":\"Roberto\",\"@id\":\"https:\\\/\\\/regiaonews.net.br\\\/2022\\\/#\\\/schema\\\/person\\\/2d205a608a5aa97ac279d7a5e6d89ad8\"},\"headline\":\"Ribeir\u00e3o Preto recebe novas sess\u00f5es de filme sobre Dom Phillips e desafios da cobertura jornal\u00edstica na Amaz\u00f4nia\",\"datePublished\":\"2023-11-08T15:59:08+00:00\",\"mainEntityOfPage\":{\"@id\":\"https:\\\/\\\/regiaonews.net.br\\\/2022\\\/2023\\\/11\\\/08\\\/ribeirao-preto-recebe-novas-sessoes-de-filme-sobre-dom-phillips-e-desafios-da-cobertura-jornalistica-na-amazonia\\\/\"},\"wordCount\":876,\"commentCount\":0,\"publisher\":{\"@id\":\"https:\\\/\\\/regiaonews.net.br\\\/2022\\\/#organization\"},\"image\":{\"@id\":\"https:\\\/\\\/regiaonews.net.br\\\/2022\\\/2023\\\/11\\\/08\\\/ribeirao-preto-recebe-novas-sessoes-de-filme-sobre-dom-phillips-e-desafios-da-cobertura-jornalistica-na-amazonia\\\/#primaryimage\"},\"thumbnailUrl\":\"https:\\\/\\\/regiaonews.net.br\\\/2022\\\/wp-content\\\/uploads\\\/2023\\\/11\\\/d8813a81ea0a60d36ce1c300ad0bdd69.jpg\",\"articleSection\":[\"Geral\",\"Ribeir\u00e3o Preto\"],\"inLanguage\":\"pt-BR\",\"potentialAction\":[{\"@type\":\"CommentAction\",\"name\":\"Comment\",\"target\":[\"https:\\\/\\\/regiaonews.net.br\\\/2022\\\/2023\\\/11\\\/08\\\/ribeirao-preto-recebe-novas-sessoes-de-filme-sobre-dom-phillips-e-desafios-da-cobertura-jornalistica-na-amazonia\\\/#respond\"]}]},{\"@type\":\"WebPage\",\"@id\":\"https:\\\/\\\/regiaonews.net.br\\\/2022\\\/2023\\\/11\\\/08\\\/ribeirao-preto-recebe-novas-sessoes-de-filme-sobre-dom-phillips-e-desafios-da-cobertura-jornalistica-na-amazonia\\\/\",\"url\":\"https:\\\/\\\/regiaonews.net.br\\\/2022\\\/2023\\\/11\\\/08\\\/ribeirao-preto-recebe-novas-sessoes-de-filme-sobre-dom-phillips-e-desafios-da-cobertura-jornalistica-na-amazonia\\\/\",\"name\":\"Ribeir\u00e3o Preto recebe novas sess\u00f5es de filme sobre Dom Phillips e desafios da cobertura jornal\u00edstica na Amaz\u00f4nia - Regi\u00e3o News\",\"isPartOf\":{\"@id\":\"https:\\\/\\\/regiaonews.net.br\\\/2022\\\/#website\"},\"primaryImageOfPage\":{\"@id\":\"https:\\\/\\\/regiaonews.net.br\\\/2022\\\/2023\\\/11\\\/08\\\/ribeirao-preto-recebe-novas-sessoes-de-filme-sobre-dom-phillips-e-desafios-da-cobertura-jornalistica-na-amazonia\\\/#primaryimage\"},\"image\":{\"@id\":\"https:\\\/\\\/regiaonews.net.br\\\/2022\\\/2023\\\/11\\\/08\\\/ribeirao-preto-recebe-novas-sessoes-de-filme-sobre-dom-phillips-e-desafios-da-cobertura-jornalistica-na-amazonia\\\/#primaryimage\"},\"thumbnailUrl\":\"https:\\\/\\\/regiaonews.net.br\\\/2022\\\/wp-content\\\/uploads\\\/2023\\\/11\\\/d8813a81ea0a60d36ce1c300ad0bdd69.jpg\",\"datePublished\":\"2023-11-08T15:59:08+00:00\",\"breadcrumb\":{\"@id\":\"https:\\\/\\\/regiaonews.net.br\\\/2022\\\/2023\\\/11\\\/08\\\/ribeirao-preto-recebe-novas-sessoes-de-filme-sobre-dom-phillips-e-desafios-da-cobertura-jornalistica-na-amazonia\\\/#breadcrumb\"},\"inLanguage\":\"pt-BR\",\"potentialAction\":[{\"@type\":\"ReadAction\",\"target\":[\"https:\\\/\\\/regiaonews.net.br\\\/2022\\\/2023\\\/11\\\/08\\\/ribeirao-preto-recebe-novas-sessoes-de-filme-sobre-dom-phillips-e-desafios-da-cobertura-jornalistica-na-amazonia\\\/\"]}]},{\"@type\":\"ImageObject\",\"inLanguage\":\"pt-BR\",\"@id\":\"https:\\\/\\\/regiaonews.net.br\\\/2022\\\/2023\\\/11\\\/08\\\/ribeirao-preto-recebe-novas-sessoes-de-filme-sobre-dom-phillips-e-desafios-da-cobertura-jornalistica-na-amazonia\\\/#primaryimage\",\"url\":\"https:\\\/\\\/regiaonews.net.br\\\/2022\\\/wp-content\\\/uploads\\\/2023\\\/11\\\/d8813a81ea0a60d36ce1c300ad0bdd69.jpg\",\"contentUrl\":\"https:\\\/\\\/regiaonews.net.br\\\/2022\\\/wp-content\\\/uploads\\\/2023\\\/11\\\/d8813a81ea0a60d36ce1c300ad0bdd69.jpg\",\"width\":255,\"height\":454},{\"@type\":\"BreadcrumbList\",\"@id\":\"https:\\\/\\\/regiaonews.net.br\\\/2022\\\/2023\\\/11\\\/08\\\/ribeirao-preto-recebe-novas-sessoes-de-filme-sobre-dom-phillips-e-desafios-da-cobertura-jornalistica-na-amazonia\\\/#breadcrumb\",\"itemListElement\":[{\"@type\":\"ListItem\",\"position\":1,\"name\":\"In\u00edcio\",\"item\":\"https:\\\/\\\/regiaonews.net.br\\\/2022\\\/\"},{\"@type\":\"ListItem\",\"position\":2,\"name\":\"Ribeir\u00e3o Preto recebe novas sess\u00f5es de filme sobre Dom Phillips e desafios da cobertura jornal\u00edstica na Amaz\u00f4nia\"}]},{\"@type\":\"WebSite\",\"@id\":\"https:\\\/\\\/regiaonews.net.br\\\/2022\\\/#website\",\"url\":\"https:\\\/\\\/regiaonews.net.br\\\/2022\\\/\",\"name\":\"Regi\u00e3o News\",\"description\":\"Site de Not\u00edcias de Barretos e regi\u00e3o\",\"publisher\":{\"@id\":\"https:\\\/\\\/regiaonews.net.br\\\/2022\\\/#organization\"},\"potentialAction\":[{\"@type\":\"SearchAction\",\"target\":{\"@type\":\"EntryPoint\",\"urlTemplate\":\"https:\\\/\\\/regiaonews.net.br\\\/2022\\\/?s={search_term_string}\"},\"query-input\":{\"@type\":\"PropertyValueSpecification\",\"valueRequired\":true,\"valueName\":\"search_term_string\"}}],\"inLanguage\":\"pt-BR\"},{\"@type\":\"Organization\",\"@id\":\"https:\\\/\\\/regiaonews.net.br\\\/2022\\\/#organization\",\"name\":\"Regi\u00e3o News\",\"url\":\"https:\\\/\\\/regiaonews.net.br\\\/2022\\\/\",\"logo\":{\"@type\":\"ImageObject\",\"inLanguage\":\"pt-BR\",\"@id\":\"https:\\\/\\\/regiaonews.net.br\\\/2022\\\/#\\\/schema\\\/logo\\\/image\\\/\",\"url\":\"https:\\\/\\\/regiaonews.net.br\\\/2022\\\/wp-content\\\/uploads\\\/2026\\\/03\\\/regiao-13-anos-scaled.jpg\",\"contentUrl\":\"https:\\\/\\\/regiaonews.net.br\\\/2022\\\/wp-content\\\/uploads\\\/2026\\\/03\\\/regiao-13-anos-scaled.jpg\",\"width\":2560,\"height\":635,\"caption\":\"Regi\u00e3o News\"},\"image\":{\"@id\":\"https:\\\/\\\/regiaonews.net.br\\\/2022\\\/#\\\/schema\\\/logo\\\/image\\\/\"}},{\"@type\":\"Person\",\"@id\":\"https:\\\/\\\/regiaonews.net.br\\\/2022\\\/#\\\/schema\\\/person\\\/2d205a608a5aa97ac279d7a5e6d89ad8\",\"name\":\"Roberto\",\"image\":{\"@type\":\"ImageObject\",\"inLanguage\":\"pt-BR\",\"@id\":\"https:\\\/\\\/secure.gravatar.com\\\/avatar\\\/42749d8b712ff9d59ca93dc150494e5b55a44134482993f5baeb97e61b7ecc89?s=96&d=mm&r=g\",\"url\":\"https:\\\/\\\/secure.gravatar.com\\\/avatar\\\/42749d8b712ff9d59ca93dc150494e5b55a44134482993f5baeb97e61b7ecc89?s=96&d=mm&r=g\",\"contentUrl\":\"https:\\\/\\\/secure.gravatar.com\\\/avatar\\\/42749d8b712ff9d59ca93dc150494e5b55a44134482993f5baeb97e61b7ecc89?s=96&d=mm&r=g\",\"caption\":\"Roberto\"},\"url\":\"https:\\\/\\\/regiaonews.net.br\\\/2022\\\/author\\\/roberto\\\/\"}]}<\/script>\n<!-- \/ Yoast SEO plugin. -->","yoast_head_json":{"title":"Ribeir\u00e3o Preto recebe novas sess\u00f5es de filme sobre Dom Phillips e desafios da cobertura jornal\u00edstica na Amaz\u00f4nia - Regi\u00e3o News","robots":{"index":"index","follow":"follow","max-snippet":"max-snippet:-1","max-image-preview":"max-image-preview:large","max-video-preview":"max-video-preview:-1"},"canonical":"https:\/\/regiaonews.net.br\/2022\/2023\/11\/08\/ribeirao-preto-recebe-novas-sessoes-de-filme-sobre-dom-phillips-e-desafios-da-cobertura-jornalistica-na-amazonia\/","og_locale":"pt_BR","og_type":"article","og_title":"Ribeir\u00e3o Preto recebe novas sess\u00f5es de filme sobre Dom Phillips e desafios da cobertura jornal\u00edstica na Amaz\u00f4nia - Regi\u00e3o News","og_description":"Document\u00e1rio realizado pela Rep\u00f3rter Brasil ser\u00e1 exibido, em mais duas","og_url":"https:\/\/regiaonews.net.br\/2022\/2023\/11\/08\/ribeirao-preto-recebe-novas-sessoes-de-filme-sobre-dom-phillips-e-desafios-da-cobertura-jornalistica-na-amazonia\/","og_site_name":"Regi\u00e3o News","article_published_time":"2023-11-08T15:59:08+00:00","og_image":[{"width":255,"height":454,"url":"https:\/\/regiaonews.net.br\/2022\/wp-content\/uploads\/2023\/11\/d8813a81ea0a60d36ce1c300ad0bdd69.jpg","type":"image\/jpeg"}],"author":"Roberto","twitter_card":"summary_large_image","twitter_misc":{"Escrito por":"Roberto","Est. tempo de leitura":"5 minutos"},"schema":{"@context":"https:\/\/schema.org","@graph":[{"@type":"Article","@id":"https:\/\/regiaonews.net.br\/2022\/2023\/11\/08\/ribeirao-preto-recebe-novas-sessoes-de-filme-sobre-dom-phillips-e-desafios-da-cobertura-jornalistica-na-amazonia\/#article","isPartOf":{"@id":"https:\/\/regiaonews.net.br\/2022\/2023\/11\/08\/ribeirao-preto-recebe-novas-sessoes-de-filme-sobre-dom-phillips-e-desafios-da-cobertura-jornalistica-na-amazonia\/"},"author":{"name":"Roberto","@id":"https:\/\/regiaonews.net.br\/2022\/#\/schema\/person\/2d205a608a5aa97ac279d7a5e6d89ad8"},"headline":"Ribeir\u00e3o Preto recebe novas sess\u00f5es de filme sobre Dom Phillips e desafios da cobertura jornal\u00edstica na Amaz\u00f4nia","datePublished":"2023-11-08T15:59:08+00:00","mainEntityOfPage":{"@id":"https:\/\/regiaonews.net.br\/2022\/2023\/11\/08\/ribeirao-preto-recebe-novas-sessoes-de-filme-sobre-dom-phillips-e-desafios-da-cobertura-jornalistica-na-amazonia\/"},"wordCount":876,"commentCount":0,"publisher":{"@id":"https:\/\/regiaonews.net.br\/2022\/#organization"},"image":{"@id":"https:\/\/regiaonews.net.br\/2022\/2023\/11\/08\/ribeirao-preto-recebe-novas-sessoes-de-filme-sobre-dom-phillips-e-desafios-da-cobertura-jornalistica-na-amazonia\/#primaryimage"},"thumbnailUrl":"https:\/\/regiaonews.net.br\/2022\/wp-content\/uploads\/2023\/11\/d8813a81ea0a60d36ce1c300ad0bdd69.jpg","articleSection":["Geral","Ribeir\u00e3o Preto"],"inLanguage":"pt-BR","potentialAction":[{"@type":"CommentAction","name":"Comment","target":["https:\/\/regiaonews.net.br\/2022\/2023\/11\/08\/ribeirao-preto-recebe-novas-sessoes-de-filme-sobre-dom-phillips-e-desafios-da-cobertura-jornalistica-na-amazonia\/#respond"]}]},{"@type":"WebPage","@id":"https:\/\/regiaonews.net.br\/2022\/2023\/11\/08\/ribeirao-preto-recebe-novas-sessoes-de-filme-sobre-dom-phillips-e-desafios-da-cobertura-jornalistica-na-amazonia\/","url":"https:\/\/regiaonews.net.br\/2022\/2023\/11\/08\/ribeirao-preto-recebe-novas-sessoes-de-filme-sobre-dom-phillips-e-desafios-da-cobertura-jornalistica-na-amazonia\/","name":"Ribeir\u00e3o Preto recebe novas sess\u00f5es de filme sobre Dom Phillips e desafios da cobertura jornal\u00edstica na Amaz\u00f4nia - Regi\u00e3o News","isPartOf":{"@id":"https:\/\/regiaonews.net.br\/2022\/#website"},"primaryImageOfPage":{"@id":"https:\/\/regiaonews.net.br\/2022\/2023\/11\/08\/ribeirao-preto-recebe-novas-sessoes-de-filme-sobre-dom-phillips-e-desafios-da-cobertura-jornalistica-na-amazonia\/#primaryimage"},"image":{"@id":"https:\/\/regiaonews.net.br\/2022\/2023\/11\/08\/ribeirao-preto-recebe-novas-sessoes-de-filme-sobre-dom-phillips-e-desafios-da-cobertura-jornalistica-na-amazonia\/#primaryimage"},"thumbnailUrl":"https:\/\/regiaonews.net.br\/2022\/wp-content\/uploads\/2023\/11\/d8813a81ea0a60d36ce1c300ad0bdd69.jpg","datePublished":"2023-11-08T15:59:08+00:00","breadcrumb":{"@id":"https:\/\/regiaonews.net.br\/2022\/2023\/11\/08\/ribeirao-preto-recebe-novas-sessoes-de-filme-sobre-dom-phillips-e-desafios-da-cobertura-jornalistica-na-amazonia\/#breadcrumb"},"inLanguage":"pt-BR","potentialAction":[{"@type":"ReadAction","target":["https:\/\/regiaonews.net.br\/2022\/2023\/11\/08\/ribeirao-preto-recebe-novas-sessoes-de-filme-sobre-dom-phillips-e-desafios-da-cobertura-jornalistica-na-amazonia\/"]}]},{"@type":"ImageObject","inLanguage":"pt-BR","@id":"https:\/\/regiaonews.net.br\/2022\/2023\/11\/08\/ribeirao-preto-recebe-novas-sessoes-de-filme-sobre-dom-phillips-e-desafios-da-cobertura-jornalistica-na-amazonia\/#primaryimage","url":"https:\/\/regiaonews.net.br\/2022\/wp-content\/uploads\/2023\/11\/d8813a81ea0a60d36ce1c300ad0bdd69.jpg","contentUrl":"https:\/\/regiaonews.net.br\/2022\/wp-content\/uploads\/2023\/11\/d8813a81ea0a60d36ce1c300ad0bdd69.jpg","width":255,"height":454},{"@type":"BreadcrumbList","@id":"https:\/\/regiaonews.net.br\/2022\/2023\/11\/08\/ribeirao-preto-recebe-novas-sessoes-de-filme-sobre-dom-phillips-e-desafios-da-cobertura-jornalistica-na-amazonia\/#breadcrumb","itemListElement":[{"@type":"ListItem","position":1,"name":"In\u00edcio","item":"https:\/\/regiaonews.net.br\/2022\/"},{"@type":"ListItem","position":2,"name":"Ribeir\u00e3o Preto recebe novas sess\u00f5es de filme sobre Dom Phillips e desafios da cobertura jornal\u00edstica na Amaz\u00f4nia"}]},{"@type":"WebSite","@id":"https:\/\/regiaonews.net.br\/2022\/#website","url":"https:\/\/regiaonews.net.br\/2022\/","name":"Regi\u00e3o News","description":"Site de Not\u00edcias de Barretos e regi\u00e3o","publisher":{"@id":"https:\/\/regiaonews.net.br\/2022\/#organization"},"potentialAction":[{"@type":"SearchAction","target":{"@type":"EntryPoint","urlTemplate":"https:\/\/regiaonews.net.br\/2022\/?s={search_term_string}"},"query-input":{"@type":"PropertyValueSpecification","valueRequired":true,"valueName":"search_term_string"}}],"inLanguage":"pt-BR"},{"@type":"Organization","@id":"https:\/\/regiaonews.net.br\/2022\/#organization","name":"Regi\u00e3o News","url":"https:\/\/regiaonews.net.br\/2022\/","logo":{"@type":"ImageObject","inLanguage":"pt-BR","@id":"https:\/\/regiaonews.net.br\/2022\/#\/schema\/logo\/image\/","url":"https:\/\/regiaonews.net.br\/2022\/wp-content\/uploads\/2026\/03\/regiao-13-anos-scaled.jpg","contentUrl":"https:\/\/regiaonews.net.br\/2022\/wp-content\/uploads\/2026\/03\/regiao-13-anos-scaled.jpg","width":2560,"height":635,"caption":"Regi\u00e3o News"},"image":{"@id":"https:\/\/regiaonews.net.br\/2022\/#\/schema\/logo\/image\/"}},{"@type":"Person","@id":"https:\/\/regiaonews.net.br\/2022\/#\/schema\/person\/2d205a608a5aa97ac279d7a5e6d89ad8","name":"Roberto","image":{"@type":"ImageObject","inLanguage":"pt-BR","@id":"https:\/\/secure.gravatar.com\/avatar\/42749d8b712ff9d59ca93dc150494e5b55a44134482993f5baeb97e61b7ecc89?s=96&d=mm&r=g","url":"https:\/\/secure.gravatar.com\/avatar\/42749d8b712ff9d59ca93dc150494e5b55a44134482993f5baeb97e61b7ecc89?s=96&d=mm&r=g","contentUrl":"https:\/\/secure.gravatar.com\/avatar\/42749d8b712ff9d59ca93dc150494e5b55a44134482993f5baeb97e61b7ecc89?s=96&d=mm&r=g","caption":"Roberto"},"url":"https:\/\/regiaonews.net.br\/2022\/author\/roberto\/"}]}},"publishpress_future_action":{"enabled":false,"date":"2026-05-04 02:40:20","action":"change-status","newStatus":"draft","terms":[],"taxonomy":"category","extraData":[]},"publishpress_future_workflow_manual_trigger":{"enabledWorkflows":[]},"_links":{"self":[{"href":"https:\/\/regiaonews.net.br\/2022\/wp-json\/wp\/v2\/posts\/97515","targetHints":{"allow":["GET"]}}],"collection":[{"href":"https:\/\/regiaonews.net.br\/2022\/wp-json\/wp\/v2\/posts"}],"about":[{"href":"https:\/\/regiaonews.net.br\/2022\/wp-json\/wp\/v2\/types\/post"}],"author":[{"embeddable":true,"href":"https:\/\/regiaonews.net.br\/2022\/wp-json\/wp\/v2\/users\/2"}],"replies":[{"embeddable":true,"href":"https:\/\/regiaonews.net.br\/2022\/wp-json\/wp\/v2\/comments?post=97515"}],"version-history":[{"count":1,"href":"https:\/\/regiaonews.net.br\/2022\/wp-json\/wp\/v2\/posts\/97515\/revisions"}],"predecessor-version":[{"id":97517,"href":"https:\/\/regiaonews.net.br\/2022\/wp-json\/wp\/v2\/posts\/97515\/revisions\/97517"}],"wp:featuredmedia":[{"embeddable":true,"href":"https:\/\/regiaonews.net.br\/2022\/wp-json\/wp\/v2\/media\/97516"}],"wp:attachment":[{"href":"https:\/\/regiaonews.net.br\/2022\/wp-json\/wp\/v2\/media?parent=97515"}],"wp:term":[{"taxonomy":"category","embeddable":true,"href":"https:\/\/regiaonews.net.br\/2022\/wp-json\/wp\/v2\/categories?post=97515"},{"taxonomy":"post_tag","embeddable":true,"href":"https:\/\/regiaonews.net.br\/2022\/wp-json\/wp\/v2\/tags?post=97515"}],"curies":[{"name":"wp","href":"https:\/\/api.w.org\/{rel}","templated":true}]}}