{"id":97503,"date":"2023-11-07T21:33:34","date_gmt":"2023-11-08T00:33:34","guid":{"rendered":"https:\/\/regiaonews.net.br\/2022\/?p=97503"},"modified":"2023-11-07T21:33:34","modified_gmt":"2023-11-08T00:33:34","slug":"prefeitura-de-barretos-abre-processo-seletivo-para-vagas-na-saude","status":"publish","type":"post","link":"https:\/\/regiaonews.net.br\/2022\/2023\/11\/07\/prefeitura-de-barretos-abre-processo-seletivo-para-vagas-na-saude\/","title":{"rendered":"Prefeitura de Barretos abre processo seletivo para vagas na sa\u00fade"},"content":{"rendered":"<p>&nbsp;<\/p>\n<p>Processo Seletivo contempla vagas para m\u00e9dico, enfermeiro, dentista, t\u00e9cnico de enfermagem telefonista auxiliar de regula\u00e7\u00e3o m\u00e9dica (SAMU) e auxiliar de consult\u00f3rio dent\u00e1rio<\/p>\n<p>&nbsp;<\/p>\n<p>Buscando manter o quadro de profissionais preenchido, a Prefeitura da Est\u00e2ncia Tur\u00edstica de Barretos, por meio da Secretaria Municipal de Sa\u00fade, abriu Processo Seletivo para a contrata\u00e7\u00e3o tempor\u00e1ria por at\u00e9 um ano de m\u00e9dicos, enfermeiros, t\u00e9cnicos de enfermagem, telefonistas auxiliar de regula\u00e7\u00e3o m\u00e9dica (SAMU) e auxiliares de consult\u00f3rio dent\u00e1rio. As inscri\u00e7\u00f5es s\u00e3o gratuitas e a sele\u00e7\u00e3o \u00e9 feita por meio de an\u00e1lise de t\u00edtulos e experi\u00eancia profissional, com car\u00e1ter classificat\u00f3rio e eliminat\u00f3rio, conforme previsto no edital. Os vencimentos podem chegar at\u00e9 a R$ 26.900,00 no caso da carga hor\u00e1ria m\u00e1xima do m\u00e9dico ESF \u2013 Estrat\u00e9gia de Sa\u00fade da Fam\u00edlia.<br \/>\nA secret\u00e1ria de Sa\u00fade, Gra\u00e7a Lemos, ressalta a import\u00e2ncia do processo. \u201cO intuito da administra\u00e7\u00e3o \u00e9 contratar os profissionais conforme vai surgindo a necessidade em nossa rede. M\u00e9dicos neurologistas, psiquiatras, cardiologistas, dermatologistas, entre outras especialidades e tamb\u00e9m o pessoal da enfermagem, os auxiliares para odontologia e os telefonistas do SAMU s\u00e3o profissionais que pretendemos contratar com esse processo para suprir as necessidades pontuais a fim de mantermos atendimento de qualidade para a popula\u00e7\u00e3o barretense\u201d, afirmou.<\/p>\n<p>Como se inscrever<\/p>\n<p>O edital \u00e9 regido conforme a Lei Complementar n\u00ba 351\/2017. Os candidatos selecionados passam a compor cadastro de reserva; conforme a necessidade, os profissionais ser\u00e3o contratados para prestar atendimento das demandas da Rede Municipal de Aten\u00e7\u00e3o Prim\u00e1ria \u00e0 Sa\u00fade e da Rede Municipal de Aten\u00e7\u00e3o Especializada de Sa\u00fade. As inscri\u00e7\u00f5es s\u00e3o recebidas desde o in\u00edcio deste m\u00eas \u00e0s 23h59 de 24\/11\/2023, observado o hor\u00e1rio oficial de Bras\u00edlia\/DF e devem ser enviadas ps_simplificado_saude@barretos.sp.gov.br, n\u00e3o sendo aceita qualquer outra forma de inscri\u00e7\u00e3o ou inscri\u00e7\u00e3o fora do prazo.<\/p>\n<p>No edital e em seus anexos, publicados na edi\u00e7\u00e3o da Folha de Barretos de 27 de outubro de 2023, os interessados encontram informa\u00e7\u00f5es completas relativas \u00e0s fun\u00e7\u00f5es tempor\u00e1rias dispon\u00edveis, os requisitos, a jornada de trabalho, os vencimentos e a ficha de inscri\u00e7\u00e3o. Todas as publica\u00e7\u00f5es referentes ao presente Processo Seletivo Simplificado ser\u00e3o feitas pelo \u00f3rg\u00e3o de divulga\u00e7\u00e3o oficial do Munic\u00edpio, Folha de Barretos, no site https:\/\/barretos.sp.gov.br\/folha-de-barretos, tendo o candidato a responsabilidade de acompanhar as publica\u00e7\u00f5es dos editais.<\/p>\n<p>&nbsp;<\/p>\n<p>Fun\u00e7\u00f5es<\/p>\n<p>As especialidades m\u00e9dicas contempladas no processo seletivo s\u00e3o: psiquiatra infantil, reumatologista, urologista, cardiologista, cirurgi\u00e3o vascular, cl\u00ednico geral, cl\u00ednico geral (psiquiatria), dermatologista, endocrinologista, endocrinologista pedi\u00e1trico, ginecologista\/obstetra, infectologista, m\u00e9dico ESF (Estrat\u00e9gia de Sa\u00fade da Fam\u00edlia), m\u00e9dico emergencista (SAMU), neurocirurgi\u00e3o, neurologista, neuropediatra, pediatra, pneumologista e psiquiatra.<br \/>\nAs demais fun\u00e7\u00f5es s\u00e3o: t\u00e9cnico de enfermagem, t\u00e9cnico de enfermagem \u2013 aten\u00e7\u00e3o psicossocial, t\u00e9cnico de enfermagem socorrista (SAMU), telefonista auxiliar de regula\u00e7\u00e3o m\u00e9dica (SAMU).<\/p>\n<p>&nbsp;<\/p>\n","protected":false},"excerpt":{"rendered":"<p>&nbsp; Processo Seletivo contempla vagas para m\u00e9dico, enfermeiro, dentista, t\u00e9cnico<\/p>\n","protected":false},"author":2,"featured_media":97504,"comment_status":"open","ping_status":"open","sticky":false,"template":"","format":"standard","meta":{"footnotes":""},"categories":[14,25],"tags":[],"class_list":["post-97503","post","type-post","status-publish","format-standard","has-post-thumbnail","hentry","category-barretos","category-cidades"],"yoast_head":"<!-- This site is optimized with the Yoast SEO plugin v27.4 - https:\/\/yoast.com\/product\/yoast-seo-wordpress\/ -->\n<title>Prefeitura de Barretos abre processo seletivo para vagas na sa\u00fade<\/title>\n<meta name=\"description\" content=\"Processo Seletivo contempla vagas para m\u00e9dico, enfermeiro, dentista, t\u00e9cnico de enfermagem telefonista auxiliar de regula\u00e7\u00e3o m\u00e9dica (SAMU)\" \/>\n<meta name=\"robots\" content=\"index, follow, max-snippet:-1, max-image-preview:large, max-video-preview:-1\" \/>\n<link rel=\"canonical\" href=\"https:\/\/regiaonews.net.br\/2022\/2023\/11\/07\/prefeitura-de-barretos-abre-processo-seletivo-para-vagas-na-saude\/\" \/>\n<meta property=\"og:locale\" content=\"pt_BR\" \/>\n<meta property=\"og:type\" content=\"article\" \/>\n<meta property=\"og:title\" content=\"Prefeitura de Barretos abre processo seletivo para vagas na sa\u00fade\" \/>\n<meta property=\"og:description\" content=\"Processo Seletivo contempla vagas para m\u00e9dico, enfermeiro, dentista, t\u00e9cnico de enfermagem telefonista auxiliar de regula\u00e7\u00e3o m\u00e9dica (SAMU)\" \/>\n<meta property=\"og:url\" content=\"https:\/\/regiaonews.net.br\/2022\/2023\/11\/07\/prefeitura-de-barretos-abre-processo-seletivo-para-vagas-na-saude\/\" \/>\n<meta property=\"og:site_name\" content=\"Regi\u00e3o News\" \/>\n<meta property=\"article:published_time\" content=\"2023-11-08T00:33:34+00:00\" \/>\n<meta property=\"og:image\" content=\"https:\/\/regiaonews.net.br\/2022\/wp-content\/uploads\/2023\/11\/IMG-20231107-WA0475.jpg\" \/>\n\t<meta property=\"og:image:width\" content=\"1271\" \/>\n\t<meta property=\"og:image:height\" content=\"1017\" \/>\n\t<meta property=\"og:image:type\" content=\"image\/jpeg\" \/>\n<meta name=\"author\" content=\"Roberto\" \/>\n<meta name=\"twitter:card\" content=\"summary_large_image\" \/>\n<meta name=\"twitter:label1\" content=\"Escrito por\" \/>\n\t<meta name=\"twitter:data1\" content=\"Roberto\" \/>\n\t<meta name=\"twitter:label2\" content=\"Est. tempo de leitura\" \/>\n\t<meta name=\"twitter:data2\" content=\"3 minutos\" \/>\n<script type=\"application\/ld+json\" class=\"yoast-schema-graph\">{\"@context\":\"https:\\\/\\\/schema.org\",\"@graph\":[{\"@type\":\"Article\",\"@id\":\"https:\\\/\\\/regiaonews.net.br\\\/2022\\\/2023\\\/11\\\/07\\\/prefeitura-de-barretos-abre-processo-seletivo-para-vagas-na-saude\\\/#article\",\"isPartOf\":{\"@id\":\"https:\\\/\\\/regiaonews.net.br\\\/2022\\\/2023\\\/11\\\/07\\\/prefeitura-de-barretos-abre-processo-seletivo-para-vagas-na-saude\\\/\"},\"author\":{\"name\":\"Roberto\",\"@id\":\"https:\\\/\\\/regiaonews.net.br\\\/2022\\\/#\\\/schema\\\/person\\\/2d205a608a5aa97ac279d7a5e6d89ad8\"},\"headline\":\"Prefeitura de Barretos abre processo seletivo para vagas na sa\u00fade\",\"datePublished\":\"2023-11-08T00:33:34+00:00\",\"mainEntityOfPage\":{\"@id\":\"https:\\\/\\\/regiaonews.net.br\\\/2022\\\/2023\\\/11\\\/07\\\/prefeitura-de-barretos-abre-processo-seletivo-para-vagas-na-saude\\\/\"},\"wordCount\":535,\"commentCount\":0,\"publisher\":{\"@id\":\"https:\\\/\\\/regiaonews.net.br\\\/2022\\\/#organization\"},\"image\":{\"@id\":\"https:\\\/\\\/regiaonews.net.br\\\/2022\\\/2023\\\/11\\\/07\\\/prefeitura-de-barretos-abre-processo-seletivo-para-vagas-na-saude\\\/#primaryimage\"},\"thumbnailUrl\":\"https:\\\/\\\/regiaonews.net.br\\\/2022\\\/wp-content\\\/uploads\\\/2023\\\/11\\\/IMG-20231107-WA0475.jpg\",\"articleSection\":[\"Barretos\",\"Cidades\"],\"inLanguage\":\"pt-BR\",\"potentialAction\":[{\"@type\":\"CommentAction\",\"name\":\"Comment\",\"target\":[\"https:\\\/\\\/regiaonews.net.br\\\/2022\\\/2023\\\/11\\\/07\\\/prefeitura-de-barretos-abre-processo-seletivo-para-vagas-na-saude\\\/#respond\"]}]},{\"@type\":\"WebPage\",\"@id\":\"https:\\\/\\\/regiaonews.net.br\\\/2022\\\/2023\\\/11\\\/07\\\/prefeitura-de-barretos-abre-processo-seletivo-para-vagas-na-saude\\\/\",\"url\":\"https:\\\/\\\/regiaonews.net.br\\\/2022\\\/2023\\\/11\\\/07\\\/prefeitura-de-barretos-abre-processo-seletivo-para-vagas-na-saude\\\/\",\"name\":\"Prefeitura de Barretos abre processo seletivo para vagas na sa\u00fade\",\"isPartOf\":{\"@id\":\"https:\\\/\\\/regiaonews.net.br\\\/2022\\\/#website\"},\"primaryImageOfPage\":{\"@id\":\"https:\\\/\\\/regiaonews.net.br\\\/2022\\\/2023\\\/11\\\/07\\\/prefeitura-de-barretos-abre-processo-seletivo-para-vagas-na-saude\\\/#primaryimage\"},\"image\":{\"@id\":\"https:\\\/\\\/regiaonews.net.br\\\/2022\\\/2023\\\/11\\\/07\\\/prefeitura-de-barretos-abre-processo-seletivo-para-vagas-na-saude\\\/#primaryimage\"},\"thumbnailUrl\":\"https:\\\/\\\/regiaonews.net.br\\\/2022\\\/wp-content\\\/uploads\\\/2023\\\/11\\\/IMG-20231107-WA0475.jpg\",\"datePublished\":\"2023-11-08T00:33:34+00:00\",\"description\":\"Processo Seletivo contempla vagas para m\u00e9dico, enfermeiro, dentista, t\u00e9cnico de enfermagem telefonista auxiliar de regula\u00e7\u00e3o m\u00e9dica (SAMU)\",\"breadcrumb\":{\"@id\":\"https:\\\/\\\/regiaonews.net.br\\\/2022\\\/2023\\\/11\\\/07\\\/prefeitura-de-barretos-abre-processo-seletivo-para-vagas-na-saude\\\/#breadcrumb\"},\"inLanguage\":\"pt-BR\",\"potentialAction\":[{\"@type\":\"ReadAction\",\"target\":[\"https:\\\/\\\/regiaonews.net.br\\\/2022\\\/2023\\\/11\\\/07\\\/prefeitura-de-barretos-abre-processo-seletivo-para-vagas-na-saude\\\/\"]}]},{\"@type\":\"ImageObject\",\"inLanguage\":\"pt-BR\",\"@id\":\"https:\\\/\\\/regiaonews.net.br\\\/2022\\\/2023\\\/11\\\/07\\\/prefeitura-de-barretos-abre-processo-seletivo-para-vagas-na-saude\\\/#primaryimage\",\"url\":\"https:\\\/\\\/regiaonews.net.br\\\/2022\\\/wp-content\\\/uploads\\\/2023\\\/11\\\/IMG-20231107-WA0475.jpg\",\"contentUrl\":\"https:\\\/\\\/regiaonews.net.br\\\/2022\\\/wp-content\\\/uploads\\\/2023\\\/11\\\/IMG-20231107-WA0475.jpg\",\"width\":1271,\"height\":1017},{\"@type\":\"BreadcrumbList\",\"@id\":\"https:\\\/\\\/regiaonews.net.br\\\/2022\\\/2023\\\/11\\\/07\\\/prefeitura-de-barretos-abre-processo-seletivo-para-vagas-na-saude\\\/#breadcrumb\",\"itemListElement\":[{\"@type\":\"ListItem\",\"position\":1,\"name\":\"In\u00edcio\",\"item\":\"https:\\\/\\\/regiaonews.net.br\\\/2022\\\/\"},{\"@type\":\"ListItem\",\"position\":2,\"name\":\"Prefeitura de Barretos abre processo seletivo para vagas na sa\u00fade\"}]},{\"@type\":\"WebSite\",\"@id\":\"https:\\\/\\\/regiaonews.net.br\\\/2022\\\/#website\",\"url\":\"https:\\\/\\\/regiaonews.net.br\\\/2022\\\/\",\"name\":\"Regi\u00e3o News\",\"description\":\"Site de Not\u00edcias de Barretos e regi\u00e3o\",\"publisher\":{\"@id\":\"https:\\\/\\\/regiaonews.net.br\\\/2022\\\/#organization\"},\"potentialAction\":[{\"@type\":\"SearchAction\",\"target\":{\"@type\":\"EntryPoint\",\"urlTemplate\":\"https:\\\/\\\/regiaonews.net.br\\\/2022\\\/?s={search_term_string}\"},\"query-input\":{\"@type\":\"PropertyValueSpecification\",\"valueRequired\":true,\"valueName\":\"search_term_string\"}}],\"inLanguage\":\"pt-BR\"},{\"@type\":\"Organization\",\"@id\":\"https:\\\/\\\/regiaonews.net.br\\\/2022\\\/#organization\",\"name\":\"Regi\u00e3o News\",\"url\":\"https:\\\/\\\/regiaonews.net.br\\\/2022\\\/\",\"logo\":{\"@type\":\"ImageObject\",\"inLanguage\":\"pt-BR\",\"@id\":\"https:\\\/\\\/regiaonews.net.br\\\/2022\\\/#\\\/schema\\\/logo\\\/image\\\/\",\"url\":\"https:\\\/\\\/regiaonews.net.br\\\/2022\\\/wp-content\\\/uploads\\\/2026\\\/03\\\/regiao-13-anos-scaled.jpg\",\"contentUrl\":\"https:\\\/\\\/regiaonews.net.br\\\/2022\\\/wp-content\\\/uploads\\\/2026\\\/03\\\/regiao-13-anos-scaled.jpg\",\"width\":2560,\"height\":635,\"caption\":\"Regi\u00e3o News\"},\"image\":{\"@id\":\"https:\\\/\\\/regiaonews.net.br\\\/2022\\\/#\\\/schema\\\/logo\\\/image\\\/\"}},{\"@type\":\"Person\",\"@id\":\"https:\\\/\\\/regiaonews.net.br\\\/2022\\\/#\\\/schema\\\/person\\\/2d205a608a5aa97ac279d7a5e6d89ad8\",\"name\":\"Roberto\",\"image\":{\"@type\":\"ImageObject\",\"inLanguage\":\"pt-BR\",\"@id\":\"https:\\\/\\\/secure.gravatar.com\\\/avatar\\\/42749d8b712ff9d59ca93dc150494e5b55a44134482993f5baeb97e61b7ecc89?s=96&d=mm&r=g\",\"url\":\"https:\\\/\\\/secure.gravatar.com\\\/avatar\\\/42749d8b712ff9d59ca93dc150494e5b55a44134482993f5baeb97e61b7ecc89?s=96&d=mm&r=g\",\"contentUrl\":\"https:\\\/\\\/secure.gravatar.com\\\/avatar\\\/42749d8b712ff9d59ca93dc150494e5b55a44134482993f5baeb97e61b7ecc89?s=96&d=mm&r=g\",\"caption\":\"Roberto\"},\"url\":\"https:\\\/\\\/regiaonews.net.br\\\/2022\\\/author\\\/roberto\\\/\"}]}<\/script>\n<!-- \/ Yoast SEO plugin. -->","yoast_head_json":{"title":"Prefeitura de Barretos abre processo seletivo para vagas na sa\u00fade","description":"Processo Seletivo contempla vagas para m\u00e9dico, enfermeiro, dentista, t\u00e9cnico de enfermagem telefonista auxiliar de regula\u00e7\u00e3o m\u00e9dica (SAMU)","robots":{"index":"index","follow":"follow","max-snippet":"max-snippet:-1","max-image-preview":"max-image-preview:large","max-video-preview":"max-video-preview:-1"},"canonical":"https:\/\/regiaonews.net.br\/2022\/2023\/11\/07\/prefeitura-de-barretos-abre-processo-seletivo-para-vagas-na-saude\/","og_locale":"pt_BR","og_type":"article","og_title":"Prefeitura de Barretos abre processo seletivo para vagas na sa\u00fade","og_description":"Processo Seletivo contempla vagas para m\u00e9dico, enfermeiro, dentista, t\u00e9cnico de enfermagem telefonista auxiliar de regula\u00e7\u00e3o m\u00e9dica (SAMU)","og_url":"https:\/\/regiaonews.net.br\/2022\/2023\/11\/07\/prefeitura-de-barretos-abre-processo-seletivo-para-vagas-na-saude\/","og_site_name":"Regi\u00e3o News","article_published_time":"2023-11-08T00:33:34+00:00","og_image":[{"width":1271,"height":1017,"url":"https:\/\/regiaonews.net.br\/2022\/wp-content\/uploads\/2023\/11\/IMG-20231107-WA0475.jpg","type":"image\/jpeg"}],"author":"Roberto","twitter_card":"summary_large_image","twitter_misc":{"Escrito por":"Roberto","Est. tempo de leitura":"3 minutos"},"schema":{"@context":"https:\/\/schema.org","@graph":[{"@type":"Article","@id":"https:\/\/regiaonews.net.br\/2022\/2023\/11\/07\/prefeitura-de-barretos-abre-processo-seletivo-para-vagas-na-saude\/#article","isPartOf":{"@id":"https:\/\/regiaonews.net.br\/2022\/2023\/11\/07\/prefeitura-de-barretos-abre-processo-seletivo-para-vagas-na-saude\/"},"author":{"name":"Roberto","@id":"https:\/\/regiaonews.net.br\/2022\/#\/schema\/person\/2d205a608a5aa97ac279d7a5e6d89ad8"},"headline":"Prefeitura de Barretos abre processo seletivo para vagas na sa\u00fade","datePublished":"2023-11-08T00:33:34+00:00","mainEntityOfPage":{"@id":"https:\/\/regiaonews.net.br\/2022\/2023\/11\/07\/prefeitura-de-barretos-abre-processo-seletivo-para-vagas-na-saude\/"},"wordCount":535,"commentCount":0,"publisher":{"@id":"https:\/\/regiaonews.net.br\/2022\/#organization"},"image":{"@id":"https:\/\/regiaonews.net.br\/2022\/2023\/11\/07\/prefeitura-de-barretos-abre-processo-seletivo-para-vagas-na-saude\/#primaryimage"},"thumbnailUrl":"https:\/\/regiaonews.net.br\/2022\/wp-content\/uploads\/2023\/11\/IMG-20231107-WA0475.jpg","articleSection":["Barretos","Cidades"],"inLanguage":"pt-BR","potentialAction":[{"@type":"CommentAction","name":"Comment","target":["https:\/\/regiaonews.net.br\/2022\/2023\/11\/07\/prefeitura-de-barretos-abre-processo-seletivo-para-vagas-na-saude\/#respond"]}]},{"@type":"WebPage","@id":"https:\/\/regiaonews.net.br\/2022\/2023\/11\/07\/prefeitura-de-barretos-abre-processo-seletivo-para-vagas-na-saude\/","url":"https:\/\/regiaonews.net.br\/2022\/2023\/11\/07\/prefeitura-de-barretos-abre-processo-seletivo-para-vagas-na-saude\/","name":"Prefeitura de Barretos abre processo seletivo para vagas na sa\u00fade","isPartOf":{"@id":"https:\/\/regiaonews.net.br\/2022\/#website"},"primaryImageOfPage":{"@id":"https:\/\/regiaonews.net.br\/2022\/2023\/11\/07\/prefeitura-de-barretos-abre-processo-seletivo-para-vagas-na-saude\/#primaryimage"},"image":{"@id":"https:\/\/regiaonews.net.br\/2022\/2023\/11\/07\/prefeitura-de-barretos-abre-processo-seletivo-para-vagas-na-saude\/#primaryimage"},"thumbnailUrl":"https:\/\/regiaonews.net.br\/2022\/wp-content\/uploads\/2023\/11\/IMG-20231107-WA0475.jpg","datePublished":"2023-11-08T00:33:34+00:00","description":"Processo Seletivo contempla vagas para m\u00e9dico, enfermeiro, dentista, t\u00e9cnico de enfermagem telefonista auxiliar de regula\u00e7\u00e3o m\u00e9dica (SAMU)","breadcrumb":{"@id":"https:\/\/regiaonews.net.br\/2022\/2023\/11\/07\/prefeitura-de-barretos-abre-processo-seletivo-para-vagas-na-saude\/#breadcrumb"},"inLanguage":"pt-BR","potentialAction":[{"@type":"ReadAction","target":["https:\/\/regiaonews.net.br\/2022\/2023\/11\/07\/prefeitura-de-barretos-abre-processo-seletivo-para-vagas-na-saude\/"]}]},{"@type":"ImageObject","inLanguage":"pt-BR","@id":"https:\/\/regiaonews.net.br\/2022\/2023\/11\/07\/prefeitura-de-barretos-abre-processo-seletivo-para-vagas-na-saude\/#primaryimage","url":"https:\/\/regiaonews.net.br\/2022\/wp-content\/uploads\/2023\/11\/IMG-20231107-WA0475.jpg","contentUrl":"https:\/\/regiaonews.net.br\/2022\/wp-content\/uploads\/2023\/11\/IMG-20231107-WA0475.jpg","width":1271,"height":1017},{"@type":"BreadcrumbList","@id":"https:\/\/regiaonews.net.br\/2022\/2023\/11\/07\/prefeitura-de-barretos-abre-processo-seletivo-para-vagas-na-saude\/#breadcrumb","itemListElement":[{"@type":"ListItem","position":1,"name":"In\u00edcio","item":"https:\/\/regiaonews.net.br\/2022\/"},{"@type":"ListItem","position":2,"name":"Prefeitura de Barretos abre processo seletivo para vagas na sa\u00fade"}]},{"@type":"WebSite","@id":"https:\/\/regiaonews.net.br\/2022\/#website","url":"https:\/\/regiaonews.net.br\/2022\/","name":"Regi\u00e3o News","description":"Site de Not\u00edcias de Barretos e regi\u00e3o","publisher":{"@id":"https:\/\/regiaonews.net.br\/2022\/#organization"},"potentialAction":[{"@type":"SearchAction","target":{"@type":"EntryPoint","urlTemplate":"https:\/\/regiaonews.net.br\/2022\/?s={search_term_string}"},"query-input":{"@type":"PropertyValueSpecification","valueRequired":true,"valueName":"search_term_string"}}],"inLanguage":"pt-BR"},{"@type":"Organization","@id":"https:\/\/regiaonews.net.br\/2022\/#organization","name":"Regi\u00e3o News","url":"https:\/\/regiaonews.net.br\/2022\/","logo":{"@type":"ImageObject","inLanguage":"pt-BR","@id":"https:\/\/regiaonews.net.br\/2022\/#\/schema\/logo\/image\/","url":"https:\/\/regiaonews.net.br\/2022\/wp-content\/uploads\/2026\/03\/regiao-13-anos-scaled.jpg","contentUrl":"https:\/\/regiaonews.net.br\/2022\/wp-content\/uploads\/2026\/03\/regiao-13-anos-scaled.jpg","width":2560,"height":635,"caption":"Regi\u00e3o News"},"image":{"@id":"https:\/\/regiaonews.net.br\/2022\/#\/schema\/logo\/image\/"}},{"@type":"Person","@id":"https:\/\/regiaonews.net.br\/2022\/#\/schema\/person\/2d205a608a5aa97ac279d7a5e6d89ad8","name":"Roberto","image":{"@type":"ImageObject","inLanguage":"pt-BR","@id":"https:\/\/secure.gravatar.com\/avatar\/42749d8b712ff9d59ca93dc150494e5b55a44134482993f5baeb97e61b7ecc89?s=96&d=mm&r=g","url":"https:\/\/secure.gravatar.com\/avatar\/42749d8b712ff9d59ca93dc150494e5b55a44134482993f5baeb97e61b7ecc89?s=96&d=mm&r=g","contentUrl":"https:\/\/secure.gravatar.com\/avatar\/42749d8b712ff9d59ca93dc150494e5b55a44134482993f5baeb97e61b7ecc89?s=96&d=mm&r=g","caption":"Roberto"},"url":"https:\/\/regiaonews.net.br\/2022\/author\/roberto\/"}]}},"publishpress_future_action":{"enabled":false,"date":"2026-05-04 08:47:08","action":"change-status","newStatus":"draft","terms":[],"taxonomy":"category","extraData":[]},"publishpress_future_workflow_manual_trigger":{"enabledWorkflows":[]},"_links":{"self":[{"href":"https:\/\/regiaonews.net.br\/2022\/wp-json\/wp\/v2\/posts\/97503","targetHints":{"allow":["GET"]}}],"collection":[{"href":"https:\/\/regiaonews.net.br\/2022\/wp-json\/wp\/v2\/posts"}],"about":[{"href":"https:\/\/regiaonews.net.br\/2022\/wp-json\/wp\/v2\/types\/post"}],"author":[{"embeddable":true,"href":"https:\/\/regiaonews.net.br\/2022\/wp-json\/wp\/v2\/users\/2"}],"replies":[{"embeddable":true,"href":"https:\/\/regiaonews.net.br\/2022\/wp-json\/wp\/v2\/comments?post=97503"}],"version-history":[{"count":1,"href":"https:\/\/regiaonews.net.br\/2022\/wp-json\/wp\/v2\/posts\/97503\/revisions"}],"predecessor-version":[{"id":97505,"href":"https:\/\/regiaonews.net.br\/2022\/wp-json\/wp\/v2\/posts\/97503\/revisions\/97505"}],"wp:featuredmedia":[{"embeddable":true,"href":"https:\/\/regiaonews.net.br\/2022\/wp-json\/wp\/v2\/media\/97504"}],"wp:attachment":[{"href":"https:\/\/regiaonews.net.br\/2022\/wp-json\/wp\/v2\/media?parent=97503"}],"wp:term":[{"taxonomy":"category","embeddable":true,"href":"https:\/\/regiaonews.net.br\/2022\/wp-json\/wp\/v2\/categories?post=97503"},{"taxonomy":"post_tag","embeddable":true,"href":"https:\/\/regiaonews.net.br\/2022\/wp-json\/wp\/v2\/tags?post=97503"}],"curies":[{"name":"wp","href":"https:\/\/api.w.org\/{rel}","templated":true}]}}