{"id":97494,"date":"2023-11-07T15:44:51","date_gmt":"2023-11-07T18:44:51","guid":{"rendered":"https:\/\/regiaonews.net.br\/2022\/?p=97494"},"modified":"2023-11-07T15:44:51","modified_gmt":"2023-11-07T18:44:51","slug":"estacionamento-municipal-e-obras-de-infraestrutura-urbanistica-comecam-as-margens-da-avenida-aurora","status":"publish","type":"post","link":"https:\/\/regiaonews.net.br\/2022\/2023\/11\/07\/estacionamento-municipal-e-obras-de-infraestrutura-urbanistica-comecam-as-margens-da-avenida-aurora\/","title":{"rendered":"Estacionamento Municipal e obras de infraestrutura urban\u00edstica come\u00e7am \u00e0s margens da Avenida Aurora"},"content":{"rendered":"<div>\n<div dir=\"ltr\">\n<p><span style=\"font-family: arial, sans-serif;\">Novos projetos da Prefeitura da Est\u00e2ncia Tur\u00edstica de Ol\u00edmpia est\u00e3o em andamento para melhorar a infraestrutura urban\u00edstica e de mobilidade da cidade. Um deles \u00e9 o Estacionamento Municipal planejado que teve sua constru\u00e7\u00e3o iniciada nas proximidades da Avenida Aurora Forti Neves, na lateral do parque Thermas dos Laranjais.<\/span><\/p>\n<p><span style=\"font-family: arial, sans-serif;\">Segundo a proposta, o local ter\u00e1 capacidade para acomodar mais de mil ve\u00edculos al\u00e9m de 300 \u00f4nibus e vans, em dois plat\u00f4s, compondo uma estrutura que atender\u00e1 a demanda crescente do munic\u00edpio e ir\u00e1 desafogar o tr\u00e2nsito na regi\u00e3o, principalmente, nos per\u00edodos de alta temporada, em que a cidade registra alto fluxo de ve\u00edculos e h\u00e1 d\u00e9ficit de vagas para estacionar, dificultando a mobilidade urbana.<\/span><\/p>\n<p><span style=\"font-family: arial, sans-serif;\">Em visita recente \u00e0 \u00e1rea do estacionamento, o prefeito Fernando Cunha explicou que as obras foram iniciadas com a escava\u00e7\u00e3o da \u00e1rea com o maquin\u00e1rio da pr\u00f3pria Prefeitura para reduzir custos e adiantou tamb\u00e9m os planos futuros de constru\u00e7\u00e3o de uma arquibancada para 5 mil pessoas com espa\u00e7o para shows e eventos no mesmo local.<\/span><\/p>\n<p><span style=\"font-family: arial, sans-serif;\">\u201cN\u00f3s observamos outras cidades tur\u00edsticas que crescem muito e se criam congestionamentos, ent\u00e3o por isso a gente pensou nessa obra, para o futuro de Ol\u00edmpia. Adquirimos aqui oito alqueires, antes que n\u00e3o tenha mais \u00e1rea para se fazer um grande estacionamento e parte dele tamb\u00e9m ser\u00e1 destinado a um espa\u00e7o para receber grandes eventos que fazemos hoje no estacionamento do Thermas, que quase n\u00e3o comporta mais e aqui poderemos receber um p\u00fablico de at\u00e9 40 mil pessoas, com arquibancada e espa\u00e7o aberto\u201d.<\/span><\/p>\n<p><span style=\"font-family: arial, sans-serif;\">Ainda de acordo com o prefeito, para as obras, foram retiradas \u00e1rvores invasoras da \u00e1rea, as chamadas leucenas, mas o projeto prev\u00ea a preserva\u00e7\u00e3o da \u00e1rea verde nativa, com cria\u00e7\u00e3o tamb\u00e9m de um novo Bosque Urbano, com pista de caminhada, ciclovia e espa\u00e7o de lazer para as fam\u00edlias.<\/span><\/p>\n<p><span style=\"font-family: arial, sans-serif;\">\u201cAs margens do C\u00f3rrego do Matadouro j\u00e1 foram escavadas no passado para escoamento da \u00e1gua em \u00e9poca de cheias, evitando alagamentos, por isso, \u00e9 importante mantermos os rios abertos para prevenir enchentes. Ent\u00e3o, aqui n\u00e3o ser\u00e1 feita nenhuma rua, ser\u00e1 deixado um espa\u00e7o gramado para o maquin\u00e1rio poder fazer este trabalho de manuten\u00e7\u00e3o e canaliza\u00e7\u00e3o quando necess\u00e1rio e, ao lado, preservaremos a mata nativa, onde futuramente ser\u00e1 constru\u00eddo um novo bosque urbano, como o que vamos fazer tamb\u00e9m no prolongamento da Avenida sentido o bairro S\u00e3o Jos\u00e9, com espa\u00e7o para atividades e de lazer para as fam\u00edlias e \u00e1rea de descanso para os motoristas de \u00f4nibus e vans. Estamos preparando a cidade para que Ol\u00edmpia n\u00e3o tenha problemas de falta de infraestrutura que a gente encontra em outras cidades do nosso pa\u00eds\u201d, concluiu o prefeito.<\/span><\/p>\n<p><b><span style=\"font-family: arial, sans-serif;\">NOVAS RUAS<\/span><\/b><\/p>\n<p><span style=\"font-family: arial, sans-serif;\">Pensando ainda nas obras estruturantes para a cidade, novas ruas e avenidas est\u00e3o sendo projetadas, integrando o contorno vi\u00e1rio j\u00e1 em andamento, com o objetivo de melhorar o fluxo de ve\u00edculos e a mobilidade urbana. Sendo assim, uma nova rua deve ser constru\u00edda embaixo da continuidade da linha de transmiss\u00e3o da Avenida Constitucionalista de 32 at\u00e9 a Vicinal \u00c1lvaro Marreta Cassiano Ayusso e, al\u00e9m disso, haver\u00e1 ainda a duplica\u00e7\u00e3o da Avenida Benatti at\u00e9 o trevo, com pontes ligando os dois lados da via.<\/span><\/p>\n<\/div>\n<\/div>\n<div dir=\"ltr\" data-smartmail=\"gmail_signature\">\n<div dir=\"ltr\">\n<div>\n<p><span style=\"font-family: arial, helvetica, sans-serif;\"><b>Prefeitura da Est\u00e2ncia Tur\u00edstica de Ol\u00edmpia<\/b><\/span><\/p>\n<\/div>\n<\/div>\n<\/div>\n","protected":false},"excerpt":{"rendered":"<p>Novos projetos da Prefeitura da Est\u00e2ncia Tur\u00edstica de Ol\u00edmpia est\u00e3o<\/p>\n","protected":false},"author":2,"featured_media":97495,"comment_status":"open","ping_status":"open","sticky":false,"template":"","format":"standard","meta":{"footnotes":""},"categories":[3,178],"tags":[],"class_list":["post-97494","post","type-post","status-publish","format-standard","has-post-thumbnail","hentry","category-geral","category-olimpia-2"],"yoast_head":"<!-- This site is optimized with the Yoast SEO plugin v27.4 - https:\/\/yoast.com\/product\/yoast-seo-wordpress\/ -->\n<title>Estacionamento Municipal e obras de infraestrutura urban\u00edstica come\u00e7am \u00e0s margens da Avenida Aurora - Regi\u00e3o News<\/title>\n<meta name=\"robots\" content=\"index, follow, max-snippet:-1, max-image-preview:large, max-video-preview:-1\" \/>\n<link rel=\"canonical\" href=\"https:\/\/regiaonews.net.br\/2022\/2023\/11\/07\/estacionamento-municipal-e-obras-de-infraestrutura-urbanistica-comecam-as-margens-da-avenida-aurora\/\" \/>\n<meta property=\"og:locale\" content=\"pt_BR\" \/>\n<meta property=\"og:type\" content=\"article\" \/>\n<meta property=\"og:title\" content=\"Estacionamento Municipal e obras de infraestrutura urban\u00edstica come\u00e7am \u00e0s margens da Avenida Aurora - Regi\u00e3o News\" \/>\n<meta property=\"og:description\" content=\"Novos projetos da Prefeitura da Est\u00e2ncia Tur\u00edstica de Ol\u00edmpia est\u00e3o\" \/>\n<meta property=\"og:url\" content=\"https:\/\/regiaonews.net.br\/2022\/2023\/11\/07\/estacionamento-municipal-e-obras-de-infraestrutura-urbanistica-comecam-as-margens-da-avenida-aurora\/\" \/>\n<meta property=\"og:site_name\" content=\"Regi\u00e3o News\" \/>\n<meta property=\"article:published_time\" content=\"2023-11-07T18:44:51+00:00\" \/>\n<meta property=\"og:image\" content=\"https:\/\/regiaonews.net.br\/2022\/wp-content\/uploads\/2023\/11\/Area-Estacionamento-1-scaled.jpg\" \/>\n\t<meta property=\"og:image:width\" content=\"2560\" \/>\n\t<meta property=\"og:image:height\" content=\"1440\" \/>\n\t<meta property=\"og:image:type\" content=\"image\/jpeg\" \/>\n<meta name=\"author\" content=\"Roberto\" \/>\n<meta name=\"twitter:card\" content=\"summary_large_image\" \/>\n<meta name=\"twitter:label1\" content=\"Escrito por\" \/>\n\t<meta name=\"twitter:data1\" content=\"Roberto\" \/>\n\t<meta name=\"twitter:label2\" content=\"Est. tempo de leitura\" \/>\n\t<meta name=\"twitter:data2\" content=\"3 minutos\" \/>\n<script type=\"application\/ld+json\" class=\"yoast-schema-graph\">{\"@context\":\"https:\\\/\\\/schema.org\",\"@graph\":[{\"@type\":\"Article\",\"@id\":\"https:\\\/\\\/regiaonews.net.br\\\/2022\\\/2023\\\/11\\\/07\\\/estacionamento-municipal-e-obras-de-infraestrutura-urbanistica-comecam-as-margens-da-avenida-aurora\\\/#article\",\"isPartOf\":{\"@id\":\"https:\\\/\\\/regiaonews.net.br\\\/2022\\\/2023\\\/11\\\/07\\\/estacionamento-municipal-e-obras-de-infraestrutura-urbanistica-comecam-as-margens-da-avenida-aurora\\\/\"},\"author\":{\"name\":\"Roberto\",\"@id\":\"https:\\\/\\\/regiaonews.net.br\\\/2022\\\/#\\\/schema\\\/person\\\/2d205a608a5aa97ac279d7a5e6d89ad8\"},\"headline\":\"Estacionamento Municipal e obras de infraestrutura urban\u00edstica come\u00e7am \u00e0s margens da Avenida Aurora\",\"datePublished\":\"2023-11-07T18:44:51+00:00\",\"mainEntityOfPage\":{\"@id\":\"https:\\\/\\\/regiaonews.net.br\\\/2022\\\/2023\\\/11\\\/07\\\/estacionamento-municipal-e-obras-de-infraestrutura-urbanistica-comecam-as-margens-da-avenida-aurora\\\/\"},\"wordCount\":594,\"commentCount\":0,\"publisher\":{\"@id\":\"https:\\\/\\\/regiaonews.net.br\\\/2022\\\/#organization\"},\"image\":{\"@id\":\"https:\\\/\\\/regiaonews.net.br\\\/2022\\\/2023\\\/11\\\/07\\\/estacionamento-municipal-e-obras-de-infraestrutura-urbanistica-comecam-as-margens-da-avenida-aurora\\\/#primaryimage\"},\"thumbnailUrl\":\"https:\\\/\\\/regiaonews.net.br\\\/2022\\\/wp-content\\\/uploads\\\/2023\\\/11\\\/Area-Estacionamento-1-scaled.jpg\",\"articleSection\":[\"Geral\",\"Ol\u00edmpia\"],\"inLanguage\":\"pt-BR\",\"potentialAction\":[{\"@type\":\"CommentAction\",\"name\":\"Comment\",\"target\":[\"https:\\\/\\\/regiaonews.net.br\\\/2022\\\/2023\\\/11\\\/07\\\/estacionamento-municipal-e-obras-de-infraestrutura-urbanistica-comecam-as-margens-da-avenida-aurora\\\/#respond\"]}]},{\"@type\":\"WebPage\",\"@id\":\"https:\\\/\\\/regiaonews.net.br\\\/2022\\\/2023\\\/11\\\/07\\\/estacionamento-municipal-e-obras-de-infraestrutura-urbanistica-comecam-as-margens-da-avenida-aurora\\\/\",\"url\":\"https:\\\/\\\/regiaonews.net.br\\\/2022\\\/2023\\\/11\\\/07\\\/estacionamento-municipal-e-obras-de-infraestrutura-urbanistica-comecam-as-margens-da-avenida-aurora\\\/\",\"name\":\"Estacionamento Municipal e obras de infraestrutura urban\u00edstica come\u00e7am \u00e0s margens da Avenida Aurora - Regi\u00e3o News\",\"isPartOf\":{\"@id\":\"https:\\\/\\\/regiaonews.net.br\\\/2022\\\/#website\"},\"primaryImageOfPage\":{\"@id\":\"https:\\\/\\\/regiaonews.net.br\\\/2022\\\/2023\\\/11\\\/07\\\/estacionamento-municipal-e-obras-de-infraestrutura-urbanistica-comecam-as-margens-da-avenida-aurora\\\/#primaryimage\"},\"image\":{\"@id\":\"https:\\\/\\\/regiaonews.net.br\\\/2022\\\/2023\\\/11\\\/07\\\/estacionamento-municipal-e-obras-de-infraestrutura-urbanistica-comecam-as-margens-da-avenida-aurora\\\/#primaryimage\"},\"thumbnailUrl\":\"https:\\\/\\\/regiaonews.net.br\\\/2022\\\/wp-content\\\/uploads\\\/2023\\\/11\\\/Area-Estacionamento-1-scaled.jpg\",\"datePublished\":\"2023-11-07T18:44:51+00:00\",\"breadcrumb\":{\"@id\":\"https:\\\/\\\/regiaonews.net.br\\\/2022\\\/2023\\\/11\\\/07\\\/estacionamento-municipal-e-obras-de-infraestrutura-urbanistica-comecam-as-margens-da-avenida-aurora\\\/#breadcrumb\"},\"inLanguage\":\"pt-BR\",\"potentialAction\":[{\"@type\":\"ReadAction\",\"target\":[\"https:\\\/\\\/regiaonews.net.br\\\/2022\\\/2023\\\/11\\\/07\\\/estacionamento-municipal-e-obras-de-infraestrutura-urbanistica-comecam-as-margens-da-avenida-aurora\\\/\"]}]},{\"@type\":\"ImageObject\",\"inLanguage\":\"pt-BR\",\"@id\":\"https:\\\/\\\/regiaonews.net.br\\\/2022\\\/2023\\\/11\\\/07\\\/estacionamento-municipal-e-obras-de-infraestrutura-urbanistica-comecam-as-margens-da-avenida-aurora\\\/#primaryimage\",\"url\":\"https:\\\/\\\/regiaonews.net.br\\\/2022\\\/wp-content\\\/uploads\\\/2023\\\/11\\\/Area-Estacionamento-1-scaled.jpg\",\"contentUrl\":\"https:\\\/\\\/regiaonews.net.br\\\/2022\\\/wp-content\\\/uploads\\\/2023\\\/11\\\/Area-Estacionamento-1-scaled.jpg\",\"width\":2560,\"height\":1440,\"caption\":\"DCIM100MEDIADJI_0055.JPG\"},{\"@type\":\"BreadcrumbList\",\"@id\":\"https:\\\/\\\/regiaonews.net.br\\\/2022\\\/2023\\\/11\\\/07\\\/estacionamento-municipal-e-obras-de-infraestrutura-urbanistica-comecam-as-margens-da-avenida-aurora\\\/#breadcrumb\",\"itemListElement\":[{\"@type\":\"ListItem\",\"position\":1,\"name\":\"In\u00edcio\",\"item\":\"https:\\\/\\\/regiaonews.net.br\\\/2022\\\/\"},{\"@type\":\"ListItem\",\"position\":2,\"name\":\"Estacionamento Municipal e obras de infraestrutura urban\u00edstica come\u00e7am \u00e0s margens da Avenida Aurora\"}]},{\"@type\":\"WebSite\",\"@id\":\"https:\\\/\\\/regiaonews.net.br\\\/2022\\\/#website\",\"url\":\"https:\\\/\\\/regiaonews.net.br\\\/2022\\\/\",\"name\":\"Regi\u00e3o News\",\"description\":\"Site de Not\u00edcias de Barretos e regi\u00e3o\",\"publisher\":{\"@id\":\"https:\\\/\\\/regiaonews.net.br\\\/2022\\\/#organization\"},\"potentialAction\":[{\"@type\":\"SearchAction\",\"target\":{\"@type\":\"EntryPoint\",\"urlTemplate\":\"https:\\\/\\\/regiaonews.net.br\\\/2022\\\/?s={search_term_string}\"},\"query-input\":{\"@type\":\"PropertyValueSpecification\",\"valueRequired\":true,\"valueName\":\"search_term_string\"}}],\"inLanguage\":\"pt-BR\"},{\"@type\":\"Organization\",\"@id\":\"https:\\\/\\\/regiaonews.net.br\\\/2022\\\/#organization\",\"name\":\"Regi\u00e3o News\",\"url\":\"https:\\\/\\\/regiaonews.net.br\\\/2022\\\/\",\"logo\":{\"@type\":\"ImageObject\",\"inLanguage\":\"pt-BR\",\"@id\":\"https:\\\/\\\/regiaonews.net.br\\\/2022\\\/#\\\/schema\\\/logo\\\/image\\\/\",\"url\":\"https:\\\/\\\/regiaonews.net.br\\\/2022\\\/wp-content\\\/uploads\\\/2026\\\/03\\\/regiao-13-anos-scaled.jpg\",\"contentUrl\":\"https:\\\/\\\/regiaonews.net.br\\\/2022\\\/wp-content\\\/uploads\\\/2026\\\/03\\\/regiao-13-anos-scaled.jpg\",\"width\":2560,\"height\":635,\"caption\":\"Regi\u00e3o News\"},\"image\":{\"@id\":\"https:\\\/\\\/regiaonews.net.br\\\/2022\\\/#\\\/schema\\\/logo\\\/image\\\/\"}},{\"@type\":\"Person\",\"@id\":\"https:\\\/\\\/regiaonews.net.br\\\/2022\\\/#\\\/schema\\\/person\\\/2d205a608a5aa97ac279d7a5e6d89ad8\",\"name\":\"Roberto\",\"image\":{\"@type\":\"ImageObject\",\"inLanguage\":\"pt-BR\",\"@id\":\"https:\\\/\\\/secure.gravatar.com\\\/avatar\\\/42749d8b712ff9d59ca93dc150494e5b55a44134482993f5baeb97e61b7ecc89?s=96&d=mm&r=g\",\"url\":\"https:\\\/\\\/secure.gravatar.com\\\/avatar\\\/42749d8b712ff9d59ca93dc150494e5b55a44134482993f5baeb97e61b7ecc89?s=96&d=mm&r=g\",\"contentUrl\":\"https:\\\/\\\/secure.gravatar.com\\\/avatar\\\/42749d8b712ff9d59ca93dc150494e5b55a44134482993f5baeb97e61b7ecc89?s=96&d=mm&r=g\",\"caption\":\"Roberto\"},\"url\":\"https:\\\/\\\/regiaonews.net.br\\\/2022\\\/author\\\/roberto\\\/\"}]}<\/script>\n<!-- \/ Yoast SEO plugin. -->","yoast_head_json":{"title":"Estacionamento Municipal e obras de infraestrutura urban\u00edstica come\u00e7am \u00e0s margens da Avenida Aurora - Regi\u00e3o News","robots":{"index":"index","follow":"follow","max-snippet":"max-snippet:-1","max-image-preview":"max-image-preview:large","max-video-preview":"max-video-preview:-1"},"canonical":"https:\/\/regiaonews.net.br\/2022\/2023\/11\/07\/estacionamento-municipal-e-obras-de-infraestrutura-urbanistica-comecam-as-margens-da-avenida-aurora\/","og_locale":"pt_BR","og_type":"article","og_title":"Estacionamento Municipal e obras de infraestrutura urban\u00edstica come\u00e7am \u00e0s margens da Avenida Aurora - Regi\u00e3o News","og_description":"Novos projetos da Prefeitura da Est\u00e2ncia Tur\u00edstica de Ol\u00edmpia est\u00e3o","og_url":"https:\/\/regiaonews.net.br\/2022\/2023\/11\/07\/estacionamento-municipal-e-obras-de-infraestrutura-urbanistica-comecam-as-margens-da-avenida-aurora\/","og_site_name":"Regi\u00e3o News","article_published_time":"2023-11-07T18:44:51+00:00","og_image":[{"width":2560,"height":1440,"url":"https:\/\/regiaonews.net.br\/2022\/wp-content\/uploads\/2023\/11\/Area-Estacionamento-1-scaled.jpg","type":"image\/jpeg"}],"author":"Roberto","twitter_card":"summary_large_image","twitter_misc":{"Escrito por":"Roberto","Est. tempo de leitura":"3 minutos"},"schema":{"@context":"https:\/\/schema.org","@graph":[{"@type":"Article","@id":"https:\/\/regiaonews.net.br\/2022\/2023\/11\/07\/estacionamento-municipal-e-obras-de-infraestrutura-urbanistica-comecam-as-margens-da-avenida-aurora\/#article","isPartOf":{"@id":"https:\/\/regiaonews.net.br\/2022\/2023\/11\/07\/estacionamento-municipal-e-obras-de-infraestrutura-urbanistica-comecam-as-margens-da-avenida-aurora\/"},"author":{"name":"Roberto","@id":"https:\/\/regiaonews.net.br\/2022\/#\/schema\/person\/2d205a608a5aa97ac279d7a5e6d89ad8"},"headline":"Estacionamento Municipal e obras de infraestrutura urban\u00edstica come\u00e7am \u00e0s margens da Avenida Aurora","datePublished":"2023-11-07T18:44:51+00:00","mainEntityOfPage":{"@id":"https:\/\/regiaonews.net.br\/2022\/2023\/11\/07\/estacionamento-municipal-e-obras-de-infraestrutura-urbanistica-comecam-as-margens-da-avenida-aurora\/"},"wordCount":594,"commentCount":0,"publisher":{"@id":"https:\/\/regiaonews.net.br\/2022\/#organization"},"image":{"@id":"https:\/\/regiaonews.net.br\/2022\/2023\/11\/07\/estacionamento-municipal-e-obras-de-infraestrutura-urbanistica-comecam-as-margens-da-avenida-aurora\/#primaryimage"},"thumbnailUrl":"https:\/\/regiaonews.net.br\/2022\/wp-content\/uploads\/2023\/11\/Area-Estacionamento-1-scaled.jpg","articleSection":["Geral","Ol\u00edmpia"],"inLanguage":"pt-BR","potentialAction":[{"@type":"CommentAction","name":"Comment","target":["https:\/\/regiaonews.net.br\/2022\/2023\/11\/07\/estacionamento-municipal-e-obras-de-infraestrutura-urbanistica-comecam-as-margens-da-avenida-aurora\/#respond"]}]},{"@type":"WebPage","@id":"https:\/\/regiaonews.net.br\/2022\/2023\/11\/07\/estacionamento-municipal-e-obras-de-infraestrutura-urbanistica-comecam-as-margens-da-avenida-aurora\/","url":"https:\/\/regiaonews.net.br\/2022\/2023\/11\/07\/estacionamento-municipal-e-obras-de-infraestrutura-urbanistica-comecam-as-margens-da-avenida-aurora\/","name":"Estacionamento Municipal e obras de infraestrutura urban\u00edstica come\u00e7am \u00e0s margens da Avenida Aurora - Regi\u00e3o News","isPartOf":{"@id":"https:\/\/regiaonews.net.br\/2022\/#website"},"primaryImageOfPage":{"@id":"https:\/\/regiaonews.net.br\/2022\/2023\/11\/07\/estacionamento-municipal-e-obras-de-infraestrutura-urbanistica-comecam-as-margens-da-avenida-aurora\/#primaryimage"},"image":{"@id":"https:\/\/regiaonews.net.br\/2022\/2023\/11\/07\/estacionamento-municipal-e-obras-de-infraestrutura-urbanistica-comecam-as-margens-da-avenida-aurora\/#primaryimage"},"thumbnailUrl":"https:\/\/regiaonews.net.br\/2022\/wp-content\/uploads\/2023\/11\/Area-Estacionamento-1-scaled.jpg","datePublished":"2023-11-07T18:44:51+00:00","breadcrumb":{"@id":"https:\/\/regiaonews.net.br\/2022\/2023\/11\/07\/estacionamento-municipal-e-obras-de-infraestrutura-urbanistica-comecam-as-margens-da-avenida-aurora\/#breadcrumb"},"inLanguage":"pt-BR","potentialAction":[{"@type":"ReadAction","target":["https:\/\/regiaonews.net.br\/2022\/2023\/11\/07\/estacionamento-municipal-e-obras-de-infraestrutura-urbanistica-comecam-as-margens-da-avenida-aurora\/"]}]},{"@type":"ImageObject","inLanguage":"pt-BR","@id":"https:\/\/regiaonews.net.br\/2022\/2023\/11\/07\/estacionamento-municipal-e-obras-de-infraestrutura-urbanistica-comecam-as-margens-da-avenida-aurora\/#primaryimage","url":"https:\/\/regiaonews.net.br\/2022\/wp-content\/uploads\/2023\/11\/Area-Estacionamento-1-scaled.jpg","contentUrl":"https:\/\/regiaonews.net.br\/2022\/wp-content\/uploads\/2023\/11\/Area-Estacionamento-1-scaled.jpg","width":2560,"height":1440,"caption":"DCIM100MEDIADJI_0055.JPG"},{"@type":"BreadcrumbList","@id":"https:\/\/regiaonews.net.br\/2022\/2023\/11\/07\/estacionamento-municipal-e-obras-de-infraestrutura-urbanistica-comecam-as-margens-da-avenida-aurora\/#breadcrumb","itemListElement":[{"@type":"ListItem","position":1,"name":"In\u00edcio","item":"https:\/\/regiaonews.net.br\/2022\/"},{"@type":"ListItem","position":2,"name":"Estacionamento Municipal e obras de infraestrutura urban\u00edstica come\u00e7am \u00e0s margens da Avenida Aurora"}]},{"@type":"WebSite","@id":"https:\/\/regiaonews.net.br\/2022\/#website","url":"https:\/\/regiaonews.net.br\/2022\/","name":"Regi\u00e3o News","description":"Site de Not\u00edcias de Barretos e regi\u00e3o","publisher":{"@id":"https:\/\/regiaonews.net.br\/2022\/#organization"},"potentialAction":[{"@type":"SearchAction","target":{"@type":"EntryPoint","urlTemplate":"https:\/\/regiaonews.net.br\/2022\/?s={search_term_string}"},"query-input":{"@type":"PropertyValueSpecification","valueRequired":true,"valueName":"search_term_string"}}],"inLanguage":"pt-BR"},{"@type":"Organization","@id":"https:\/\/regiaonews.net.br\/2022\/#organization","name":"Regi\u00e3o News","url":"https:\/\/regiaonews.net.br\/2022\/","logo":{"@type":"ImageObject","inLanguage":"pt-BR","@id":"https:\/\/regiaonews.net.br\/2022\/#\/schema\/logo\/image\/","url":"https:\/\/regiaonews.net.br\/2022\/wp-content\/uploads\/2026\/03\/regiao-13-anos-scaled.jpg","contentUrl":"https:\/\/regiaonews.net.br\/2022\/wp-content\/uploads\/2026\/03\/regiao-13-anos-scaled.jpg","width":2560,"height":635,"caption":"Regi\u00e3o News"},"image":{"@id":"https:\/\/regiaonews.net.br\/2022\/#\/schema\/logo\/image\/"}},{"@type":"Person","@id":"https:\/\/regiaonews.net.br\/2022\/#\/schema\/person\/2d205a608a5aa97ac279d7a5e6d89ad8","name":"Roberto","image":{"@type":"ImageObject","inLanguage":"pt-BR","@id":"https:\/\/secure.gravatar.com\/avatar\/42749d8b712ff9d59ca93dc150494e5b55a44134482993f5baeb97e61b7ecc89?s=96&d=mm&r=g","url":"https:\/\/secure.gravatar.com\/avatar\/42749d8b712ff9d59ca93dc150494e5b55a44134482993f5baeb97e61b7ecc89?s=96&d=mm&r=g","contentUrl":"https:\/\/secure.gravatar.com\/avatar\/42749d8b712ff9d59ca93dc150494e5b55a44134482993f5baeb97e61b7ecc89?s=96&d=mm&r=g","caption":"Roberto"},"url":"https:\/\/regiaonews.net.br\/2022\/author\/roberto\/"}]}},"publishpress_future_action":{"enabled":false,"date":"2026-05-04 13:02:40","action":"change-status","newStatus":"draft","terms":[],"taxonomy":"category","extraData":[]},"publishpress_future_workflow_manual_trigger":{"enabledWorkflows":[]},"_links":{"self":[{"href":"https:\/\/regiaonews.net.br\/2022\/wp-json\/wp\/v2\/posts\/97494","targetHints":{"allow":["GET"]}}],"collection":[{"href":"https:\/\/regiaonews.net.br\/2022\/wp-json\/wp\/v2\/posts"}],"about":[{"href":"https:\/\/regiaonews.net.br\/2022\/wp-json\/wp\/v2\/types\/post"}],"author":[{"embeddable":true,"href":"https:\/\/regiaonews.net.br\/2022\/wp-json\/wp\/v2\/users\/2"}],"replies":[{"embeddable":true,"href":"https:\/\/regiaonews.net.br\/2022\/wp-json\/wp\/v2\/comments?post=97494"}],"version-history":[{"count":1,"href":"https:\/\/regiaonews.net.br\/2022\/wp-json\/wp\/v2\/posts\/97494\/revisions"}],"predecessor-version":[{"id":97496,"href":"https:\/\/regiaonews.net.br\/2022\/wp-json\/wp\/v2\/posts\/97494\/revisions\/97496"}],"wp:featuredmedia":[{"embeddable":true,"href":"https:\/\/regiaonews.net.br\/2022\/wp-json\/wp\/v2\/media\/97495"}],"wp:attachment":[{"href":"https:\/\/regiaonews.net.br\/2022\/wp-json\/wp\/v2\/media?parent=97494"}],"wp:term":[{"taxonomy":"category","embeddable":true,"href":"https:\/\/regiaonews.net.br\/2022\/wp-json\/wp\/v2\/categories?post=97494"},{"taxonomy":"post_tag","embeddable":true,"href":"https:\/\/regiaonews.net.br\/2022\/wp-json\/wp\/v2\/tags?post=97494"}],"curies":[{"name":"wp","href":"https:\/\/api.w.org\/{rel}","templated":true}]}}