{"id":97486,"date":"2023-11-07T15:42:27","date_gmt":"2023-11-07T18:42:27","guid":{"rendered":"https:\/\/regiaonews.net.br\/2022\/?p=97486"},"modified":"2023-11-07T15:42:27","modified_gmt":"2023-11-07T18:42:27","slug":"cerimonia-no-centro-de-sp-lembra-policiais-militares-mortos","status":"publish","type":"post","link":"https:\/\/regiaonews.net.br\/2022\/2023\/11\/07\/cerimonia-no-centro-de-sp-lembra-policiais-militares-mortos\/","title":{"rendered":"Cerim\u00f4nia no centro de SP lembra policiais militares mortos"},"content":{"rendered":"<div class=\"col-lg-12 mt-4 justify\"><\/div>\n<div class=\"col-lg-12 justify\">\n<h3 style=\"text-align: center;\">&#8220;Apesar de ser uma lembran\u00e7a, \u00e9 muito triste&#8221;, diz esposa de policial v\u00edtima de covid-19 em 2020 ao receber a medalha &#8220;Cruz de Sangue&#8221; de grau ouro.<\/h3>\n<\/div>\n<div class=\"col-lg-12 mt-3 justify\">\n<div>\n<div>A emo\u00e7\u00e3o tomou conta, na manh\u00e3 desta ter\u00e7a-feira (7), da entrega da medalha \u201cCruz de Sangue\u201d em grau de ouro, concedida a familiares de 90 policiais militares que morreram nos \u00faltimos anos enquanto trabalhavam para garantir a prote\u00e7\u00e3o de cidad\u00e3os. A honraria foi entregue por autoridades presentes na solenidade, que aconteceu na sede do Comando Geral da Pol\u00edcia Militar, na pra\u00e7a coronel Fernando Prestes, no centro de S\u00e3o Paulo.<\/div>\n<div><\/div>\n<div>\u201cEu tenho amigos que faleceram no cumprimento das suas miss\u00f5es. Esse juramento que todos os senhores fizeram, eu tamb\u00e9m fiz e ele continua vivo. Os familiares presentes aqui s\u00e3o uma grande inspira\u00e7\u00e3o para mim, em especial para que eu siga lutando tamb\u00e9m pela mem\u00f3ria de todos os nossos her\u00f3is, que nunca ser\u00e3o esquecidos, enquanto institui\u00e7\u00e3o e amigos\u201d, disse Guilherme Derrite, secret\u00e1rio da Seguran\u00e7a P\u00fablica.<\/div>\n<div><\/div>\n<div>Entre os familiares agraciados, estava a sargento Tatiana Assis dos Santos, que ostentava no peito a medalha em homenagem ao marido, o subtenente Amorim, v\u00edtima de Covid-19 em 2020. Ele atuava no Batalh\u00e3o de A\u00e7\u00f5es Especiais (BAEP), na regi\u00e3o do ABC Paulista. \u201c\u00c9 o reconhecimento de um trabalho\u201d, admitiu a policial.<\/div>\n<div><\/div>\n<div>\u201cApesar de ser uma lembran\u00e7a pelo servi\u00e7o prestado por ele, \u00e9 muito triste. Era um policial atuante e sempre se dedicou a ajudar o pr\u00f3ximo\u201d, contou sobre o marido, com quem foi casada por 11 anos e teve duas filhas, hoje com 6 e 4 anos.<\/div>\n<div><\/div>\n<div><img decoding=\"async\" src=\"http:\/\/www.ssp.sp.gov.br\/midia\/Imagem\/D00051945.jpg\" \/><\/div>\n<div><\/div>\n<div>Os filhos e a m\u00e3e do sargento Inaldo de Farias tamb\u00e9m receberam uma homenagem pela atua\u00e7\u00e3o do policial. \u201cFico muito grato de receber essa medalha para eu conseguir ver um pouco do que meu pai representou para a Pol\u00edcia Militar, uma institui\u00e7\u00e3o que ele permaneceu e dedicou a vida por mais de vinte anos\u201d, disse Andr\u00e9 Vitor de Farias, de 19 anos. Atualmente no 2\u00ba Batalh\u00e3o da Pol\u00edcia do Ex\u00e9rcito, cumprindo servi\u00e7o obrigat\u00f3rio, Andr\u00e9 tem o sonho de ingressar na PM. \u201cSer\u00e1 a continuidade do legado\u201d, afirmou logo ap\u00f3s a cerim\u00f4nia.<\/div>\n<div><\/div>\n<div>Tamb\u00e9m v\u00edtima de covid-19, o sargento trabalhou boa parte da vida em um posto policial em Aldeia da Serra, no munic\u00edpio de Barueri. \u201cA popula\u00e7\u00e3o at\u00e9 hoje se lembra do empenho do Inaldo em ajudar os moradores da regi\u00e3o\u201d, lembrou o capit\u00e3o Marcelo Adriano Brand\u00e3o, comandante da 5\u00ba Companhia da do 20\u00ba Batalh\u00e3o da Pol\u00edcia Militar.<\/div>\n<div><\/div>\n<div>Assim como os sargentos, os demais homenagedos tamb\u00e9m foram lembrados durante o discurso do comandante-geral da PM, coronel C\u00e1ssio de Freitas, que ressaltou a grandiosidade e a import\u00e2ncia deles para a institui\u00e7\u00e3o e vida das pessoas.<\/div>\n<div><\/div>\n<div>\u201cA PM, institui\u00e7\u00e3o quase bicenten\u00e1ria, se mant\u00e9m forte at\u00e9 hoje gra\u00e7as aos homens e mulheres que escolheram servir e proteger aqueles que mais precisam e que, muitas vezes, t\u00eam que abrir m\u00e3o das provid\u00eancias familiares. Saibam que pode ter sido esse momento de aus\u00eancia em casa que tornou se tornou a esperan\u00e7a de um desconhecido. Nossos her\u00f3is n\u00e3o ser\u00e3o esquecidos, estar\u00e3o para sempre em nossos cora\u00e7\u00f5es e em nossos pensamentos\u201d, disse.<\/div>\n<div><\/div>\n<div><b>Medalha \u201cCruz de Sangue\u201d<\/b><\/div>\n<div><\/div>\n<div>A medalha \u201cCruz de Sangue&#8221; \u00e9 concedida a policiais militares que, por injusta agress\u00e3o f\u00edsica ou na pr\u00e1tica de a\u00e7\u00e3o merit\u00f3ria, se feriram ou morreram. Ela possui tr\u00eas graus: ouro, prata e bronze.<\/div>\n<div><\/div>\n<div>Enquanto a de ouro \u00e9 para PM\u2019s que morreram, a prata \u00e9 entregue para policiais que ficaram temporariamente inativos e a de bronze para militares inativos definitivamente.<\/div>\n<\/div>\n<\/div>\n","protected":false},"excerpt":{"rendered":"<p>&#8220;Apesar de ser uma lembran\u00e7a, \u00e9 muito triste&#8221;, diz esposa<\/p>\n","protected":false},"author":2,"featured_media":97487,"comment_status":"open","ping_status":"open","sticky":false,"template":"","format":"standard","meta":{"footnotes":""},"categories":[7,23],"tags":[],"class_list":["post-97486","post","type-post","status-publish","format-standard","has-post-thumbnail","hentry","category-estado-de-sao-paulo","category-policia"],"yoast_head":"<!-- This site is optimized with the Yoast SEO plugin v27.4 - https:\/\/yoast.com\/product\/yoast-seo-wordpress\/ -->\n<title>Cerim\u00f4nia no centro de SP lembra policiais militares mortos - Regi\u00e3o News<\/title>\n<meta name=\"robots\" content=\"index, follow, max-snippet:-1, max-image-preview:large, max-video-preview:-1\" \/>\n<link rel=\"canonical\" href=\"https:\/\/regiaonews.net.br\/2022\/2023\/11\/07\/cerimonia-no-centro-de-sp-lembra-policiais-militares-mortos\/\" \/>\n<meta property=\"og:locale\" content=\"pt_BR\" \/>\n<meta property=\"og:type\" content=\"article\" \/>\n<meta property=\"og:title\" content=\"Cerim\u00f4nia no centro de SP lembra policiais militares mortos - Regi\u00e3o News\" \/>\n<meta property=\"og:description\" content=\"&#8220;Apesar de ser uma lembran\u00e7a, \u00e9 muito triste&#8221;, diz esposa\" \/>\n<meta property=\"og:url\" content=\"https:\/\/regiaonews.net.br\/2022\/2023\/11\/07\/cerimonia-no-centro-de-sp-lembra-policiais-militares-mortos\/\" \/>\n<meta property=\"og:site_name\" content=\"Regi\u00e3o News\" \/>\n<meta property=\"article:published_time\" content=\"2023-11-07T18:42:27+00:00\" \/>\n<meta property=\"og:image\" content=\"https:\/\/regiaonews.net.br\/2022\/wp-content\/uploads\/2023\/11\/00051946-scaled.jpeg\" \/>\n\t<meta property=\"og:image:width\" content=\"2560\" \/>\n\t<meta property=\"og:image:height\" content=\"1706\" \/>\n\t<meta property=\"og:image:type\" content=\"image\/jpeg\" \/>\n<meta name=\"author\" content=\"Roberto\" \/>\n<meta name=\"twitter:card\" content=\"summary_large_image\" \/>\n<meta name=\"twitter:label1\" content=\"Escrito por\" \/>\n\t<meta name=\"twitter:data1\" content=\"Roberto\" \/>\n\t<meta name=\"twitter:label2\" content=\"Est. tempo de leitura\" \/>\n\t<meta name=\"twitter:data2\" content=\"4 minutos\" \/>\n<script type=\"application\/ld+json\" class=\"yoast-schema-graph\">{\"@context\":\"https:\\\/\\\/schema.org\",\"@graph\":[{\"@type\":\"Article\",\"@id\":\"https:\\\/\\\/regiaonews.net.br\\\/2022\\\/2023\\\/11\\\/07\\\/cerimonia-no-centro-de-sp-lembra-policiais-militares-mortos\\\/#article\",\"isPartOf\":{\"@id\":\"https:\\\/\\\/regiaonews.net.br\\\/2022\\\/2023\\\/11\\\/07\\\/cerimonia-no-centro-de-sp-lembra-policiais-militares-mortos\\\/\"},\"author\":{\"name\":\"Roberto\",\"@id\":\"https:\\\/\\\/regiaonews.net.br\\\/2022\\\/#\\\/schema\\\/person\\\/2d205a608a5aa97ac279d7a5e6d89ad8\"},\"headline\":\"Cerim\u00f4nia no centro de SP lembra policiais militares mortos\",\"datePublished\":\"2023-11-07T18:42:27+00:00\",\"mainEntityOfPage\":{\"@id\":\"https:\\\/\\\/regiaonews.net.br\\\/2022\\\/2023\\\/11\\\/07\\\/cerimonia-no-centro-de-sp-lembra-policiais-militares-mortos\\\/\"},\"wordCount\":642,\"commentCount\":0,\"publisher\":{\"@id\":\"https:\\\/\\\/regiaonews.net.br\\\/2022\\\/#organization\"},\"image\":{\"@id\":\"https:\\\/\\\/regiaonews.net.br\\\/2022\\\/2023\\\/11\\\/07\\\/cerimonia-no-centro-de-sp-lembra-policiais-militares-mortos\\\/#primaryimage\"},\"thumbnailUrl\":\"https:\\\/\\\/regiaonews.net.br\\\/2022\\\/wp-content\\\/uploads\\\/2023\\\/11\\\/00051946-scaled.jpeg\",\"articleSection\":[\"Estado de S\u00e3o Paulo\",\"Policia\"],\"inLanguage\":\"pt-BR\",\"potentialAction\":[{\"@type\":\"CommentAction\",\"name\":\"Comment\",\"target\":[\"https:\\\/\\\/regiaonews.net.br\\\/2022\\\/2023\\\/11\\\/07\\\/cerimonia-no-centro-de-sp-lembra-policiais-militares-mortos\\\/#respond\"]}]},{\"@type\":\"WebPage\",\"@id\":\"https:\\\/\\\/regiaonews.net.br\\\/2022\\\/2023\\\/11\\\/07\\\/cerimonia-no-centro-de-sp-lembra-policiais-militares-mortos\\\/\",\"url\":\"https:\\\/\\\/regiaonews.net.br\\\/2022\\\/2023\\\/11\\\/07\\\/cerimonia-no-centro-de-sp-lembra-policiais-militares-mortos\\\/\",\"name\":\"Cerim\u00f4nia no centro de SP lembra policiais militares mortos - Regi\u00e3o News\",\"isPartOf\":{\"@id\":\"https:\\\/\\\/regiaonews.net.br\\\/2022\\\/#website\"},\"primaryImageOfPage\":{\"@id\":\"https:\\\/\\\/regiaonews.net.br\\\/2022\\\/2023\\\/11\\\/07\\\/cerimonia-no-centro-de-sp-lembra-policiais-militares-mortos\\\/#primaryimage\"},\"image\":{\"@id\":\"https:\\\/\\\/regiaonews.net.br\\\/2022\\\/2023\\\/11\\\/07\\\/cerimonia-no-centro-de-sp-lembra-policiais-militares-mortos\\\/#primaryimage\"},\"thumbnailUrl\":\"https:\\\/\\\/regiaonews.net.br\\\/2022\\\/wp-content\\\/uploads\\\/2023\\\/11\\\/00051946-scaled.jpeg\",\"datePublished\":\"2023-11-07T18:42:27+00:00\",\"breadcrumb\":{\"@id\":\"https:\\\/\\\/regiaonews.net.br\\\/2022\\\/2023\\\/11\\\/07\\\/cerimonia-no-centro-de-sp-lembra-policiais-militares-mortos\\\/#breadcrumb\"},\"inLanguage\":\"pt-BR\",\"potentialAction\":[{\"@type\":\"ReadAction\",\"target\":[\"https:\\\/\\\/regiaonews.net.br\\\/2022\\\/2023\\\/11\\\/07\\\/cerimonia-no-centro-de-sp-lembra-policiais-militares-mortos\\\/\"]}]},{\"@type\":\"ImageObject\",\"inLanguage\":\"pt-BR\",\"@id\":\"https:\\\/\\\/regiaonews.net.br\\\/2022\\\/2023\\\/11\\\/07\\\/cerimonia-no-centro-de-sp-lembra-policiais-militares-mortos\\\/#primaryimage\",\"url\":\"https:\\\/\\\/regiaonews.net.br\\\/2022\\\/wp-content\\\/uploads\\\/2023\\\/11\\\/00051946-scaled.jpeg\",\"contentUrl\":\"https:\\\/\\\/regiaonews.net.br\\\/2022\\\/wp-content\\\/uploads\\\/2023\\\/11\\\/00051946-scaled.jpeg\",\"width\":2560,\"height\":1706},{\"@type\":\"BreadcrumbList\",\"@id\":\"https:\\\/\\\/regiaonews.net.br\\\/2022\\\/2023\\\/11\\\/07\\\/cerimonia-no-centro-de-sp-lembra-policiais-militares-mortos\\\/#breadcrumb\",\"itemListElement\":[{\"@type\":\"ListItem\",\"position\":1,\"name\":\"In\u00edcio\",\"item\":\"https:\\\/\\\/regiaonews.net.br\\\/2022\\\/\"},{\"@type\":\"ListItem\",\"position\":2,\"name\":\"Cerim\u00f4nia no centro de SP lembra policiais militares mortos\"}]},{\"@type\":\"WebSite\",\"@id\":\"https:\\\/\\\/regiaonews.net.br\\\/2022\\\/#website\",\"url\":\"https:\\\/\\\/regiaonews.net.br\\\/2022\\\/\",\"name\":\"Regi\u00e3o News\",\"description\":\"Site de Not\u00edcias de Barretos e regi\u00e3o\",\"publisher\":{\"@id\":\"https:\\\/\\\/regiaonews.net.br\\\/2022\\\/#organization\"},\"potentialAction\":[{\"@type\":\"SearchAction\",\"target\":{\"@type\":\"EntryPoint\",\"urlTemplate\":\"https:\\\/\\\/regiaonews.net.br\\\/2022\\\/?s={search_term_string}\"},\"query-input\":{\"@type\":\"PropertyValueSpecification\",\"valueRequired\":true,\"valueName\":\"search_term_string\"}}],\"inLanguage\":\"pt-BR\"},{\"@type\":\"Organization\",\"@id\":\"https:\\\/\\\/regiaonews.net.br\\\/2022\\\/#organization\",\"name\":\"Regi\u00e3o News\",\"url\":\"https:\\\/\\\/regiaonews.net.br\\\/2022\\\/\",\"logo\":{\"@type\":\"ImageObject\",\"inLanguage\":\"pt-BR\",\"@id\":\"https:\\\/\\\/regiaonews.net.br\\\/2022\\\/#\\\/schema\\\/logo\\\/image\\\/\",\"url\":\"https:\\\/\\\/regiaonews.net.br\\\/2022\\\/wp-content\\\/uploads\\\/2026\\\/03\\\/regiao-13-anos-scaled.jpg\",\"contentUrl\":\"https:\\\/\\\/regiaonews.net.br\\\/2022\\\/wp-content\\\/uploads\\\/2026\\\/03\\\/regiao-13-anos-scaled.jpg\",\"width\":2560,\"height\":635,\"caption\":\"Regi\u00e3o News\"},\"image\":{\"@id\":\"https:\\\/\\\/regiaonews.net.br\\\/2022\\\/#\\\/schema\\\/logo\\\/image\\\/\"}},{\"@type\":\"Person\",\"@id\":\"https:\\\/\\\/regiaonews.net.br\\\/2022\\\/#\\\/schema\\\/person\\\/2d205a608a5aa97ac279d7a5e6d89ad8\",\"name\":\"Roberto\",\"image\":{\"@type\":\"ImageObject\",\"inLanguage\":\"pt-BR\",\"@id\":\"https:\\\/\\\/secure.gravatar.com\\\/avatar\\\/42749d8b712ff9d59ca93dc150494e5b55a44134482993f5baeb97e61b7ecc89?s=96&d=mm&r=g\",\"url\":\"https:\\\/\\\/secure.gravatar.com\\\/avatar\\\/42749d8b712ff9d59ca93dc150494e5b55a44134482993f5baeb97e61b7ecc89?s=96&d=mm&r=g\",\"contentUrl\":\"https:\\\/\\\/secure.gravatar.com\\\/avatar\\\/42749d8b712ff9d59ca93dc150494e5b55a44134482993f5baeb97e61b7ecc89?s=96&d=mm&r=g\",\"caption\":\"Roberto\"},\"url\":\"https:\\\/\\\/regiaonews.net.br\\\/2022\\\/author\\\/roberto\\\/\"}]}<\/script>\n<!-- \/ Yoast SEO plugin. -->","yoast_head_json":{"title":"Cerim\u00f4nia no centro de SP lembra policiais militares mortos - Regi\u00e3o News","robots":{"index":"index","follow":"follow","max-snippet":"max-snippet:-1","max-image-preview":"max-image-preview:large","max-video-preview":"max-video-preview:-1"},"canonical":"https:\/\/regiaonews.net.br\/2022\/2023\/11\/07\/cerimonia-no-centro-de-sp-lembra-policiais-militares-mortos\/","og_locale":"pt_BR","og_type":"article","og_title":"Cerim\u00f4nia no centro de SP lembra policiais militares mortos - Regi\u00e3o News","og_description":"&#8220;Apesar de ser uma lembran\u00e7a, \u00e9 muito triste&#8221;, diz esposa","og_url":"https:\/\/regiaonews.net.br\/2022\/2023\/11\/07\/cerimonia-no-centro-de-sp-lembra-policiais-militares-mortos\/","og_site_name":"Regi\u00e3o News","article_published_time":"2023-11-07T18:42:27+00:00","og_image":[{"width":2560,"height":1706,"url":"https:\/\/regiaonews.net.br\/2022\/wp-content\/uploads\/2023\/11\/00051946-scaled.jpeg","type":"image\/jpeg"}],"author":"Roberto","twitter_card":"summary_large_image","twitter_misc":{"Escrito por":"Roberto","Est. tempo de leitura":"4 minutos"},"schema":{"@context":"https:\/\/schema.org","@graph":[{"@type":"Article","@id":"https:\/\/regiaonews.net.br\/2022\/2023\/11\/07\/cerimonia-no-centro-de-sp-lembra-policiais-militares-mortos\/#article","isPartOf":{"@id":"https:\/\/regiaonews.net.br\/2022\/2023\/11\/07\/cerimonia-no-centro-de-sp-lembra-policiais-militares-mortos\/"},"author":{"name":"Roberto","@id":"https:\/\/regiaonews.net.br\/2022\/#\/schema\/person\/2d205a608a5aa97ac279d7a5e6d89ad8"},"headline":"Cerim\u00f4nia no centro de SP lembra policiais militares mortos","datePublished":"2023-11-07T18:42:27+00:00","mainEntityOfPage":{"@id":"https:\/\/regiaonews.net.br\/2022\/2023\/11\/07\/cerimonia-no-centro-de-sp-lembra-policiais-militares-mortos\/"},"wordCount":642,"commentCount":0,"publisher":{"@id":"https:\/\/regiaonews.net.br\/2022\/#organization"},"image":{"@id":"https:\/\/regiaonews.net.br\/2022\/2023\/11\/07\/cerimonia-no-centro-de-sp-lembra-policiais-militares-mortos\/#primaryimage"},"thumbnailUrl":"https:\/\/regiaonews.net.br\/2022\/wp-content\/uploads\/2023\/11\/00051946-scaled.jpeg","articleSection":["Estado de S\u00e3o Paulo","Policia"],"inLanguage":"pt-BR","potentialAction":[{"@type":"CommentAction","name":"Comment","target":["https:\/\/regiaonews.net.br\/2022\/2023\/11\/07\/cerimonia-no-centro-de-sp-lembra-policiais-militares-mortos\/#respond"]}]},{"@type":"WebPage","@id":"https:\/\/regiaonews.net.br\/2022\/2023\/11\/07\/cerimonia-no-centro-de-sp-lembra-policiais-militares-mortos\/","url":"https:\/\/regiaonews.net.br\/2022\/2023\/11\/07\/cerimonia-no-centro-de-sp-lembra-policiais-militares-mortos\/","name":"Cerim\u00f4nia no centro de SP lembra policiais militares mortos - Regi\u00e3o News","isPartOf":{"@id":"https:\/\/regiaonews.net.br\/2022\/#website"},"primaryImageOfPage":{"@id":"https:\/\/regiaonews.net.br\/2022\/2023\/11\/07\/cerimonia-no-centro-de-sp-lembra-policiais-militares-mortos\/#primaryimage"},"image":{"@id":"https:\/\/regiaonews.net.br\/2022\/2023\/11\/07\/cerimonia-no-centro-de-sp-lembra-policiais-militares-mortos\/#primaryimage"},"thumbnailUrl":"https:\/\/regiaonews.net.br\/2022\/wp-content\/uploads\/2023\/11\/00051946-scaled.jpeg","datePublished":"2023-11-07T18:42:27+00:00","breadcrumb":{"@id":"https:\/\/regiaonews.net.br\/2022\/2023\/11\/07\/cerimonia-no-centro-de-sp-lembra-policiais-militares-mortos\/#breadcrumb"},"inLanguage":"pt-BR","potentialAction":[{"@type":"ReadAction","target":["https:\/\/regiaonews.net.br\/2022\/2023\/11\/07\/cerimonia-no-centro-de-sp-lembra-policiais-militares-mortos\/"]}]},{"@type":"ImageObject","inLanguage":"pt-BR","@id":"https:\/\/regiaonews.net.br\/2022\/2023\/11\/07\/cerimonia-no-centro-de-sp-lembra-policiais-militares-mortos\/#primaryimage","url":"https:\/\/regiaonews.net.br\/2022\/wp-content\/uploads\/2023\/11\/00051946-scaled.jpeg","contentUrl":"https:\/\/regiaonews.net.br\/2022\/wp-content\/uploads\/2023\/11\/00051946-scaled.jpeg","width":2560,"height":1706},{"@type":"BreadcrumbList","@id":"https:\/\/regiaonews.net.br\/2022\/2023\/11\/07\/cerimonia-no-centro-de-sp-lembra-policiais-militares-mortos\/#breadcrumb","itemListElement":[{"@type":"ListItem","position":1,"name":"In\u00edcio","item":"https:\/\/regiaonews.net.br\/2022\/"},{"@type":"ListItem","position":2,"name":"Cerim\u00f4nia no centro de SP lembra policiais militares mortos"}]},{"@type":"WebSite","@id":"https:\/\/regiaonews.net.br\/2022\/#website","url":"https:\/\/regiaonews.net.br\/2022\/","name":"Regi\u00e3o News","description":"Site de Not\u00edcias de Barretos e regi\u00e3o","publisher":{"@id":"https:\/\/regiaonews.net.br\/2022\/#organization"},"potentialAction":[{"@type":"SearchAction","target":{"@type":"EntryPoint","urlTemplate":"https:\/\/regiaonews.net.br\/2022\/?s={search_term_string}"},"query-input":{"@type":"PropertyValueSpecification","valueRequired":true,"valueName":"search_term_string"}}],"inLanguage":"pt-BR"},{"@type":"Organization","@id":"https:\/\/regiaonews.net.br\/2022\/#organization","name":"Regi\u00e3o News","url":"https:\/\/regiaonews.net.br\/2022\/","logo":{"@type":"ImageObject","inLanguage":"pt-BR","@id":"https:\/\/regiaonews.net.br\/2022\/#\/schema\/logo\/image\/","url":"https:\/\/regiaonews.net.br\/2022\/wp-content\/uploads\/2026\/03\/regiao-13-anos-scaled.jpg","contentUrl":"https:\/\/regiaonews.net.br\/2022\/wp-content\/uploads\/2026\/03\/regiao-13-anos-scaled.jpg","width":2560,"height":635,"caption":"Regi\u00e3o News"},"image":{"@id":"https:\/\/regiaonews.net.br\/2022\/#\/schema\/logo\/image\/"}},{"@type":"Person","@id":"https:\/\/regiaonews.net.br\/2022\/#\/schema\/person\/2d205a608a5aa97ac279d7a5e6d89ad8","name":"Roberto","image":{"@type":"ImageObject","inLanguage":"pt-BR","@id":"https:\/\/secure.gravatar.com\/avatar\/42749d8b712ff9d59ca93dc150494e5b55a44134482993f5baeb97e61b7ecc89?s=96&d=mm&r=g","url":"https:\/\/secure.gravatar.com\/avatar\/42749d8b712ff9d59ca93dc150494e5b55a44134482993f5baeb97e61b7ecc89?s=96&d=mm&r=g","contentUrl":"https:\/\/secure.gravatar.com\/avatar\/42749d8b712ff9d59ca93dc150494e5b55a44134482993f5baeb97e61b7ecc89?s=96&d=mm&r=g","caption":"Roberto"},"url":"https:\/\/regiaonews.net.br\/2022\/author\/roberto\/"}]}},"publishpress_future_action":{"enabled":false,"date":"2026-05-04 10:08:17","action":"change-status","newStatus":"draft","terms":[],"taxonomy":"category","extraData":[]},"publishpress_future_workflow_manual_trigger":{"enabledWorkflows":[]},"_links":{"self":[{"href":"https:\/\/regiaonews.net.br\/2022\/wp-json\/wp\/v2\/posts\/97486","targetHints":{"allow":["GET"]}}],"collection":[{"href":"https:\/\/regiaonews.net.br\/2022\/wp-json\/wp\/v2\/posts"}],"about":[{"href":"https:\/\/regiaonews.net.br\/2022\/wp-json\/wp\/v2\/types\/post"}],"author":[{"embeddable":true,"href":"https:\/\/regiaonews.net.br\/2022\/wp-json\/wp\/v2\/users\/2"}],"replies":[{"embeddable":true,"href":"https:\/\/regiaonews.net.br\/2022\/wp-json\/wp\/v2\/comments?post=97486"}],"version-history":[{"count":1,"href":"https:\/\/regiaonews.net.br\/2022\/wp-json\/wp\/v2\/posts\/97486\/revisions"}],"predecessor-version":[{"id":97490,"href":"https:\/\/regiaonews.net.br\/2022\/wp-json\/wp\/v2\/posts\/97486\/revisions\/97490"}],"wp:featuredmedia":[{"embeddable":true,"href":"https:\/\/regiaonews.net.br\/2022\/wp-json\/wp\/v2\/media\/97487"}],"wp:attachment":[{"href":"https:\/\/regiaonews.net.br\/2022\/wp-json\/wp\/v2\/media?parent=97486"}],"wp:term":[{"taxonomy":"category","embeddable":true,"href":"https:\/\/regiaonews.net.br\/2022\/wp-json\/wp\/v2\/categories?post=97486"},{"taxonomy":"post_tag","embeddable":true,"href":"https:\/\/regiaonews.net.br\/2022\/wp-json\/wp\/v2\/tags?post=97486"}],"curies":[{"name":"wp","href":"https:\/\/api.w.org\/{rel}","templated":true}]}}