{"id":97469,"date":"2023-11-06T22:50:49","date_gmt":"2023-11-07T01:50:49","guid":{"rendered":"https:\/\/regiaonews.net.br\/2022\/?p=97469"},"modified":"2023-11-06T22:53:58","modified_gmt":"2023-11-07T01:53:58","slug":"vasco-vence-classico-com-botafogo-e-vantagem-do-fogao-diminui","status":"publish","type":"post","link":"https:\/\/regiaonews.net.br\/2022\/2023\/11\/06\/vasco-vence-classico-com-botafogo-e-vantagem-do-fogao-diminui\/","title":{"rendered":"Vasco vence cl\u00e1ssico com Botafogo e vantagem do fog\u00e3o diminui"},"content":{"rendered":"<div id=\"app\">\n<p>&nbsp;<\/p>\n<article class=\"post\">\n<div class=\"limit\">\n<div class=\"post__body -is-side-right\">\n<aside class=\"post__aside\">\n<div class=\"post__aside__noticias\">\n<div class=\"card__thumb\"><\/div>\n<\/div>\n<div class=\"post__aside\">\n<div id=\"dugout-video-0\" class=\"dugout-video dugout-embed-eyJrZXkiOiIiLCJwIjoiZnV0ZWJvbC1pbnRlcmlvciIsInBsIjoiNGtoaEo1QlgifQ==\" dir=\"ltr\">\n<div id=\"dugout-inner-0\" class=\"dugout-inner\" data-testid=\"dugout-inner\">\n<div id=\"player-1\" class=\"jwplayer jw-reset jw-state-idle jw-stretch-uniform jw-flag-aspect-mode jw-flag-touch jw-floating-dismissible jw-flag-user-inactive\" tabindex=\"0\" role=\"application\" aria-label=\"Reprodutor de V\u00eddeo\">\n<div class=\"jw-wrapper jw-reset\">\n<div class=\"jw-overlays jw-reset\">\n<div id=\"player-1_jwpsrv\" class=\"jw-plugin jw-reset\"><\/div>\n<\/div>\n<div class=\"jw-hidden-accessibility\">\u00a0O<strong>\u00a0Botafogo<\/strong>\u00a0conheceu nesta segunda-feira a sua terceira derrota consecutiva no\u00a0<strong>Brasileir\u00e3o<\/strong>. O l\u00edder do campeonato perdeu para o\u00a0<strong>Vasco<\/strong>\u00a0por 1 a 0, em\u00a0<strong>S\u00e3o Janu\u00e1rio<\/strong>, pela\u00a0<strong>32\u00aa rodada<\/strong>. O t\u00edtulo, que era dado como certo, j\u00e1 n\u00e3o est\u00e1 t\u00e3o na m\u00e3o da equipe alvinegra, que viu Palmeiras, Red Bull Bragantino e Gr\u00eamio entrarem na briga.<\/div>\n<\/div>\n<\/div>\n<\/div>\n<\/div>\n<\/div>\n<\/aside>\n<div class=\"post__content\">\n<div class=\"wp-content -has-genereted-checkit\" style=\"box-sizing: inherit; display: flex; -webkit-box-orient: vertical; -webkit-box-direction: normal; flex-direction: column;\" data-fetch=\"true\">\n<p>Com o resultado, o Botafogo continuou com 59 pontos, mesma pontua\u00e7\u00e3o do Palmeiras, mas o time carioca tem um jogo a menos (31 a 32). O Red Bull Bragantino tem 58, tamb\u00e9m com 31 jogos, enquanto que o Gr\u00eamio soma 56. J\u00e1 o Vasco, a vit\u00f3ria foi crucial para deixar a zona de rebaixamento.\u00a0\u00a0A equipe cruzmaltina chegou aos 37 e empurrou o Cruzeiro, tamb\u00e9m com 37, para a zona da degola.<\/p>\n<div class=\"teads-inread xs-screen\">\n<div class=\"teads-ui-components-adchoices\"><\/div>\n<div class=\"teads-ui-components-label\"><\/div>\n<\/div>\n<div id=\"_ppads_video\"><\/div>\n<div id=\"P_FUTEBOL_INTERIOR_OUTSTREAM_0\" data-premium=\"\" data-adunit=\"FUTEBOL_INTERIOR_OUTSTREAM\" data-type=\"intext\" data-sizes-mobile=\"[[336,280],[300,250]]\" data-fetch=\"true\" data-google-query-id=\"CNbOx5_hsIIDFcJK3QId7wUD-w\">\n<div id=\"google_ads_iframe_\/75894840,1030357\/FUTEBOL_INTERIOR_OUTSTREAM_0__container__\"><\/div>\n<\/div>\n<div id=\"dugout-video-1\" class=\"dugout-video dugout-embed-eyJrZXkiOiJndGRGa2lrTyIsInAiOiJmdXRlYm9sLWludGVyaW9yIiwicGwiOiIifQ==\" dir=\"ltr\">\n<p><span class=\"dugout-title-bar\" data-testid=\"title-bar\"><a class=\"dugout-title-bar__link\" href=\"https:\/\/app.adjust.com\/6hdalgc_fkva1pw?campaign=futebol-interior&amp;redirect=https%3A%2F%2Fwww.onefootball.com%2Fjwplayer%2FgtdFkikO%3Futm_source%3Dfutebol-interior%26utm_medium%3Dpublisher_network%26utm_campaign%3Dtitlebar%26clfp%3Dgeglobo\" target=\"_blank\" rel=\"noopener\"><span class=\"dugout-title-bar__title\">Melhores momentos: Vasco 1 x 0 Botafogo (Brasileir\u00e3o)<\/span><\/a><\/span><\/p>\n<div id=\"dugout-inner-1\" class=\"dugout-inner\" data-testid=\"dugout-inner\">\n<div class=\"of-clf-bumper--custom\"><\/div>\n<div class=\"of-clf-bumper\">\n<div class=\"of-clf-bumper__logo-container\">\n<div class=\"of-clf-bumper__publisher-info\">\n<p><img decoding=\"async\" class=\"of-clf-bumper__publisher-logo\" src=\"https:\/\/dugout.com\/images\/publishers\/logos\/geglobo.png\" alt=\"geglobo logo\" \/><\/p>\n<div class=\"of-clf-bumper__display-name\">GE.GLOBO<\/div>\n<\/div>\n<\/div>\n<div class=\"of-clf-bumper__progress-bar-container\">\n<div class=\"of-clf-bumper__progress-bar\"><\/div>\n<\/div>\n<div class=\"of-clf-bumper__loading-message\">LOADING OFFICIAL CONTENT<\/div>\n<\/div>\n<div id=\"player-2\" class=\"jwplayer jw-reset jw-state-paused jw-stretch-uniform jw-flag-aspect-mode jw-flag-touch jw-floating-dismissible jw-flag-user-inactive jw-breakpoint-1 jw-flag-small-player\" tabindex=\"0\" role=\"application\" aria-label=\"Reprodutor de V\u00eddeo\">\n<div class=\"jw-aspect jw-reset\"><\/div>\n<div class=\"jw-wrapper jw-reset\">\n<div>\n<div>\n<div><\/div>\n<\/div>\n<div class=\"jw-contract-trigger\"><\/div>\n<\/div>\n<div class=\"jw-top jw-reset\"><\/div>\n<div class=\"jw-aspect jw-reset\"><\/div>\n<div class=\"jw-media jw-reset\"><\/div>\n<div class=\"jw-controls-backdrop jw-reset\"><\/div>\n<div class=\"jw-captions jw-reset jw-captions-enabled\"><\/div>\n<div class=\"jw-overlays jw-reset\">\n<div id=\"player-2_googima\" class=\"jw-plugin jw-reset jw-plugin-googima jw-ad-linear\">\n<div id=\"player-2_ad\" class=\"jw-ads-view\">\n<div><iframe loading=\"lazy\" id=\"goog_1660455052\" src=\"https:\/\/imasdk.googleapis.com\/js\/core\/bridge3.601.0_pt.html#goog_1660455052\" width=\"327\" height=\"184\" allowfullscreen=\"allowfullscreen\" data-mce-fragment=\"1\"><\/iframe><\/div>\n<\/div>\n<\/div>\n<div id=\"player-2_jwpsrv\" class=\"jw-plugin jw-reset\"><\/div>\n<\/div>\n<div class=\"jw-hidden-accessibility\"><span class=\"jw-time-update\" aria-live=\"assertive\">1 second of 2 minutes, 59 seconds<\/span><\/div>\n<div class=\"jw-controls jw-reset\">\n<div class=\"jw-display jw-reset\">\n<div class=\"jw-display-container jw-reset\">\n<div class=\"jw-display-controls jw-reset\">\n<div class=\"jw-display-icon-container jw-display-icon-rewind jw-reset\">\n<div class=\"jw-icon jw-icon-rewind jw-button-color jw-reset\" tabindex=\"0\" role=\"button\" aria-label=\"Voltar 10 Segundos\"><\/div>\n<\/div>\n<div class=\"jw-display-icon-container jw-display-icon-display jw-reset\">\n<div class=\"jw-icon jw-icon-display jw-button-color jw-reset\" tabindex=\"0\" role=\"button\" aria-label=\"Reproduzir\"><\/div>\n<\/div>\n<div class=\"jw-display-icon-container jw-display-icon-next jw-reset\">\n<div class=\"jw-icon jw-icon-next jw-button-color jw-reset\" tabindex=\"0\" role=\"button\" aria-label=\"Pr\u00f3ximo\"><\/div>\n<\/div>\n<\/div>\n<\/div>\n<\/div>\n<div class=\"jw-nextup-container jw-reset\">\n<div class=\"jw-nextup jw-background-color jw-reset jw-nextup-thumbnail-visible\">\n<div class=\"jw-nextup-tooltip jw-reset\">\n<div class=\"jw-nextup-thumbnail jw-reset\"><\/div>\n<div class=\"jw-nextup-body jw-reset\">\n<div class=\"jw-nextup-header jw-reset\"><\/div>\n<\/div>\n<\/div>\n<\/div>\n<\/div>\n<div class=\"jw-controlbar jw-reset\">\n<div class=\"jw-slider-time jw-chapter-slider-time jw-background-color jw-reset jw-slider-horizontal jw-reset\" tabindex=\"0\" role=\"slider\" aria-valuetext=\"1 second of 2 minutes, 59 seconds\" aria-valuenow=\"1.072713\" aria-label=\"Controle de Posicionamento\" aria-valuemin=\"0\" aria-valuemax=\"179.8\">\n<div class=\"jw-slider-container jw-reset\">\n<div class=\"jw-reset jw-old-rail\">\n<div class=\"jw-timesegment jw-reset\" aria-hidden=\"true\">\n<div class=\"jw-timesegment-resetter jw-reset\">\n<div class=\"jw-timesegment-container jw-reset\">\n<div class=\"jw-timesegment-bar jw-rail jw-timesegment-background jw-reset\"><\/div>\n<div class=\"jw-timesegment-bar jw-buffer jw-timesegment-buffered jw-reset\"><\/div>\n<div class=\"jw-timesegment-bar jw-progress jw-timesegment-progress jw-reset\"><\/div>\n<\/div>\n<\/div>\n<\/div>\n<\/div>\n<div class=\"jw-reset jw-old-buffer\"><\/div>\n<div class=\"jw-reset jw-old-progress\"><\/div>\n<div class=\"jw-knob jw-reset\"><\/div>\n<div class=\"jw-icon jw-icon-tooltip jw-tooltip-time jw-button-color jw-reset\">\n<div class=\"jw-overlay jw-reset\">\n<div class=\"jw-time-tip jw-reset\"><\/div>\n<\/div>\n<\/div>\n<\/div>\n<\/div>\n<div class=\"jw-reset jw-button-container\">\n<div class=\"jw-icon jw-icon-inline jw-button-color jw-reset jw-icon-volume jw-off\" tabindex=\"0\" role=\"button\" aria-label=\"Volume\"><\/div>\n<div class=\"jw-icon jw-icon-inline jw-text jw-reset jw-text-elapsed\" role=\"timer\">00:11<\/div>\n<div class=\"jw-icon jw-icon-inline jw-text jw-reset jw-text-duration\" role=\"timer\">02:59<\/div>\n<div class=\"jw-reset jw-spacer\"><\/div>\n<div class=\"jw-icon jw-icon-inline jw-button-color jw-reset jw-logo-button\" tabindex=\"0\" role=\"button\" aria-label=\"Logo\">\n<div class=\"jw-icon jw-button-image jw-button-color jw-reset\"><\/div>\n<\/div>\n<div class=\"jw-icon jw-icon-inline jw-button-color jw-reset jw-related-btn\" tabindex=\"0\" role=\"button\" aria-label=\"Mais V\u00eddeos\">\n<div class=\"jw-reset-text jw-tooltip jw-tooltip-related\" dir=\"auto\">\n<div class=\"jw-text\"><\/div>\n<\/div>\n<\/div>\n<div class=\"jw-icon jw-icon-inline jw-button-color jw-reset jw-icon-settings jw-settings-submenu-button\" tabindex=\"0\" role=\"button\" aria-label=\"Configura\u00e7\u00f5es\" aria-controls=\"jw-player-2-settings-menu\" aria-expanded=\"false\">\n<div class=\"jw-reset-text jw-tooltip jw-tooltip-settings\" dir=\"auto\">\n<div class=\"jw-text\"><\/div>\n<\/div>\n<\/div>\n<div class=\"jw-icon jw-icon-inline jw-button-color jw-reset jw-icon-pip\" tabindex=\"0\" role=\"button\" aria-label=\"Picture in Picture (PiP)\">\n<div class=\"jw-reset-text jw-tooltip jw-tooltip-pip\" dir=\"auto\">\n<div class=\"jw-text\"><\/div>\n<\/div>\n<\/div>\n<div class=\"jw-icon jw-icon-inline jw-button-color jw-reset jw-icon-fullscreen\" tabindex=\"0\" role=\"button\" aria-label=\"Tela Cheia\">\n<div class=\"jw-reset-text jw-tooltip jw-tooltip-fullscreen\" dir=\"auto\">\n<div class=\"jw-text\"><\/div>\n<\/div>\n<\/div>\n<\/div>\n<\/div>\n<\/div>\n<\/div>\n<div class=\"afs_ads ad-placement\"><\/div>\n<\/div>\n<p>&nbsp;<\/p>\n<div class=\"dugout-keep-watching-button\" data-testid=\"keep-watching\">\n<div class=\"dugout-keep-watching-button__content\"><\/div>\n<\/div>\n<\/div>\n<\/div>\n<p>Vasco e Botafogo fizeram um primeiro tempo truncado, com poucas oportunidades de gol. O time alvinegro teve mais volume de jogo, mas pouco produziu e ainda deu espa\u00e7o para o seu rival, que aproveitou para sair na frente do marcador. Aos 28 minutos, Paulo Henrique deixou Mar\u00e7al e Bastos para tr\u00e1s e acertou um bonito chute rasteiro para superar Lucas Perri.<\/p>\n<p>Ap\u00f3s o gol, o Vasco cresceu e passou a pressionar o Botafogo. Aos 36, em bola al\u00e7ada para a \u00e1rea alvinegra, Paulo Henrique pegou a sobra e jogou nas m\u00e3os de Perri.\u00a0\u00a0Mais tarde, aos 42, foi a vez de Z\u00e9 Gabriel acertar a trave, mas a arbitragem j\u00e1 havia sinalizado toque de m\u00e3o do volante.<\/p>\n<div class=\"wp-block-image aligncenter\">\n<figure class=\"aligncenter size-large is-resized\"><img loading=\"lazy\" decoding=\"async\" class=\"wp-image-1939980\" title=\"Vasco 1 x 0 Botafogo - Trem Bala deixa degola e deixa t\u00edtulo do rival amea\u00e7ado 7\" src=\"https:\/\/images.futebolinterior.com.br\/2023\/11\/VASCO-1024x683.jpeg\" sizes=\"auto, (max-width: 1024px) 100vw, 1024px\" srcset=\"https:\/\/images.futebolinterior.com.br\/2023\/11\/VASCO-300x200.jpeg 300w, https:\/\/images.futebolinterior.com.br\/2023\/11\/VASCO-768x512.jpeg 768w, https:\/\/images.futebolinterior.com.br\/2023\/11\/VASCO-1024x683.jpeg 1024w\" alt=\"VASCO\" width=\"730\" height=\"486\" \/><figcaption>Vasco bate o Botafogo e deixa a degola<\/figcaption><\/figure>\n<\/div>\n<p>O Vasco continuou melhor e chegou a marcar com Gabriel Pec, mas a arbitragem pegou impedimento de Paulo Henrique e anulou o lance. O time da casa teve ainda mais uma chance de ampliar. Aos 47, Paulinho recebeu dentro da \u00e1rea e cabeceou rente \u00e0 trave.<\/p>\n<p><strong>SEGUROU!<\/strong><\/p>\n<p>No segundo tempo, o Botafogo tentou abafar o Vasco, mas continuou deixando espa\u00e7os no meio de campo e viu o rival quase ampliar a vantagem aos tr\u00eas minutos. Paulo Henrique acionou Paulinho pela esquerda. Ele rolou para Gabriel Pec, que exigiu grande defesa de Lucas Perri.<\/p>\n<p>Sem conseguir atacar, o Botafogo abriu a m\u00e3o de um zagueiro e colocou mais um homem de frente. Diego Costa entrou para refor\u00e7ar o setor ofensivo do clube alvinegro. Chegou em um momento que L\u00facio Fl\u00e1vio adiantou ainda mais o time, mas n\u00e3o conseguiu passar pela defesa do Vasco, que esteve impec\u00e1vel.<\/p>\n<p>Nos minutos finais, o Vasco esteve mais perto do segundo gol do que sofrer o empate. O time mandante, ent\u00e3o, segurou o rival, que conheceu mais uma derrota no Brasileir\u00e3o e viu a press\u00e3o aumentar nesta reta final de torneio.<\/p>\n<p><strong>PR\u00d3XIMOS JOGOS<\/strong><\/p>\n<p>Na pr\u00f3xima rodada, o Botafogo recebe o Gr\u00eamio na quinta-feira, \u00e0s 20h, no est\u00e1dio S\u00e3o Janu\u00e1rio, no Rio de Janeiro (RJ).\u00a0\u00a0J\u00e1 o Vasco teve o duelo com o Cruzeiro adiado e s\u00f3 volta a campo frente ao Am\u00e9rica-MG no domingo, \u00e0s 18h30, tamb\u00e9m em S\u00e3o Janu\u00e1rio.<\/p>\n<div id=\"ppBoxFinalMateria\">\n<div id=\"P_FUTEBOL_INTERIOR_FINAL_MATERIA_01_0\" data-premium=\"\" data-adunit=\"FUTEBOL_INTERIOR_FINAL_MATERIA_01\" data-sizes-mobile=\"[[336,280],[300,250],[2,2]]\" data-sizes-desktop=\"[[336,280],[300,250],[2,2]]\" data-type=\"intext\" data-count=\"1\" data-fetch=\"true\">\n<div id=\"google_ads_iframe_\/75894840,1030357\/FUTEBOL_INTERIOR_FINAL_MATERIA_01_0__container__\"><\/div>\n<\/div>\n<\/div>\n<section class=\"section\">\n<div class=\"ssection__body\">\n<div class=\"limit -mb\">\n<div class=\"endgame\">\n<div class=\"endgame__header\">\n<h3 class=\"endgame__title\">FICHA T\u00c9CNICA<\/h3>\n<\/div>\n<div class=\"endgame__body\">\n<div class=\"endgame__score\"><\/div>\n<div class=\"endgame__body-row -fluid-row\">\n<dl class=\"engame__details\">\n<dt><i class=\"icon\"><img decoding=\"async\" class=\"endgame__score-team-img\" title=\"Vasco 1 x 0 Botafogo - Trem Bala deixa degola e deixa t\u00edtulo do rival amea\u00e7ado 10\" src=\"https:\/\/www.futebolinterior.com.br\/wp-content\/themes\/futebol-interior\/assets\/img\/ficha-tecnica\/fase.svg\" alt=\"Fase\" \/><\/i>Fase:<\/dt>\n<dd>\u00danica<\/dd>\n<\/dl>\n<dl class=\"engame__details\">\n<dt><i class=\"icon\"><img decoding=\"async\" class=\"endgame__score-team-img\" title=\"Vasco 1 x 0 Botafogo - Trem Bala deixa degola e deixa t\u00edtulo do rival amea\u00e7ado 11\" src=\"https:\/\/www.futebolinterior.com.br\/wp-content\/themes\/futebol-interior\/assets\/img\/ficha-tecnica\/rodada.svg\" alt=\"Fase\" \/><\/i>Rodada:<\/dt>\n<dd>32\u00aa rodada<\/dd>\n<\/dl>\n<dl class=\"engame__details\">\n<dt><i class=\"icon\"><img decoding=\"async\" class=\"endgame__score-team-img\" title=\"Vasco 1 x 0 Botafogo - Trem Bala deixa degola e deixa t\u00edtulo do rival amea\u00e7ado 12\" src=\"https:\/\/www.futebolinterior.com.br\/wp-content\/themes\/futebol-interior\/assets\/img\/ficha-tecnica\/data.svg\" alt=\"Fase\" \/><\/i>Data:<\/dt>\n<dd>06\/11\/2023<\/dd>\n<\/dl>\n<dl class=\"engame__details\">\n<dt><i class=\"icon\"><img decoding=\"async\" class=\"endgame__score-team-img\" title=\"Vasco 1 x 0 Botafogo - Trem Bala deixa degola e deixa t\u00edtulo do rival amea\u00e7ado 13\" src=\"https:\/\/www.futebolinterior.com.br\/wp-content\/themes\/futebol-interior\/assets\/img\/ficha-tecnica\/hora.svg\" alt=\"Fase\" \/><\/i>Hor\u00e1rio:<\/dt>\n<dd>19:00<\/dd>\n<\/dl>\n<\/div>\n<div class=\"endgame__body-row -fluid-row\">\n<dl class=\"engame__details\">\n<dt><i class=\"icon\"><img decoding=\"async\" class=\"endgame__score-team-img\" title=\"Vasco 1 x 0 Botafogo - Trem Bala deixa degola e deixa t\u00edtulo do rival amea\u00e7ado 14\" src=\"https:\/\/www.futebolinterior.com.br\/wp-content\/themes\/futebol-interior\/assets\/img\/ficha-tecnica\/arbitragem.svg\" alt=\"Fase\" \/><\/i>\u00c1rbitro:<\/dt>\n<dd>Leandro Pedro Vuaden (RS)<\/dd>\n<\/dl>\n<dl class=\"engame__details\">\n<dt><i class=\"icon\"><img decoding=\"async\" class=\"endgame__score-team-img\" title=\"Vasco 1 x 0 Botafogo - Trem Bala deixa degola e deixa t\u00edtulo do rival amea\u00e7ado 15\" src=\"https:\/\/www.futebolinterior.com.br\/wp-content\/themes\/futebol-interior\/assets\/img\/ficha-tecnica\/assistentes.svg\" alt=\"Fase\" \/><\/i>Assistentes:<\/dt>\n<dd>Danilo Ricardo Simon Manis (SP) e Marcelo Carvalho<\/dd>\n<\/dl>\n<\/div>\n<div class=\"endgame__body-row\">\n<dl class=\"engame__details\">\n<dt><i class=\"icon\"><img decoding=\"async\" class=\"endgame__score-team-img\" title=\"Vasco 1 x 0 Botafogo - Trem Bala deixa degola e deixa t\u00edtulo do rival amea\u00e7ado 17\" src=\"https:\/\/www.futebolinterior.com.br\/wp-content\/themes\/futebol-interior\/assets\/img\/ficha-tecnica\/cartao-amarelo.svg\" alt=\"Fase\" \/><\/i><span class=\"-hidden\">Cart\u00f5es Amarelos:<\/span><\/dt>\n<dd><b>Vasco:<\/b>\u00a0Medel e Paulinho<\/dd>\n<dd><b>Botafogo:<\/b>\u00a0Danilo Barbosa, Diego Costa e Mar\u00e7al<\/dd>\n<\/dl>\n<\/div>\n<div class=\"endgame__body-row\">\n<dl class=\"engame__details\">\n<dt><i class=\"icon\"><img decoding=\"async\" class=\"endgame__score-team-img\" title=\"Vasco 1 x 0 Botafogo - Trem Bala deixa degola e deixa t\u00edtulo do rival amea\u00e7ado 18\" src=\"https:\/\/www.futebolinterior.com.br\/wp-content\/themes\/futebol-interior\/assets\/img\/ficha-tecnica\/gols.svg\" alt=\"Fase\" \/><\/i>GOLS:<\/dt>\n<dd><b>Vasco:<\/b>\u00a0Paulo Henrique 28\u2019\/1T<\/dd>\n<\/dl>\n<\/div>\n<div class=\"endgame__body-row -two-per-row\">\n<dl class=\"engame__details\">\n<dt><i class=\"icon\"><img decoding=\"async\" class=\"endgame__score-team-img\" title=\"Vasco 1 x 0 Botafogo - Trem Bala deixa degola e deixa t\u00edtulo do rival amea\u00e7ado 19\" src=\"https:\/\/www.futebolinterior.com.br\/wp-content\/themes\/futebol-interior\/assets\/img\/ficha-tecnica\/publico.svg\" alt=\"Fase\" \/><\/i>P\u00fablico:<\/dt>\n<dd>20.557 pagantes (21.043 total)<\/dd>\n<\/dl>\n<dl class=\"engame__details\">\n<dt><i class=\"icon\"><img decoding=\"async\" class=\"endgame__score-team-img\" title=\"Vasco 1 x 0 Botafogo - Trem Bala deixa degola e deixa t\u00edtulo do rival amea\u00e7ado 20\" src=\"https:\/\/www.futebolinterior.com.br\/wp-content\/themes\/futebol-interior\/assets\/img\/ficha-tecnica\/renda.svg\" alt=\"Fase\" \/><\/i>Renda:<\/dt>\n<dd>R$ 1.033.486,00<\/dd>\n<\/dl>\n<\/div>\n<div class=\"endgame__body-row -two-per-row\">\n<dl class=\"engame__details\">\n<dt><i class=\"icon\"><img decoding=\"async\" class=\"endgame__score-team-img\" title=\"Vasco 1 x 0 Botafogo - Trem Bala deixa degola e deixa t\u00edtulo do rival amea\u00e7ado 21\" src=\"https:\/\/www.futebolinterior.com.br\/wp-content\/themes\/futebol-interior\/assets\/img\/ficha-tecnica\/estadio.svg\" alt=\"Fase\" \/><\/i>Est\u00e1dio:<\/dt>\n<dd>S\u00e3o Janu\u00e1rio<\/dd>\n<\/dl>\n<dl class=\"engame__details\">\n<dt><i class=\"icon\"><img decoding=\"async\" class=\"endgame__score-team-img\" title=\"Vasco 1 x 0 Botafogo - Trem Bala deixa degola e deixa t\u00edtulo do rival amea\u00e7ado 22\" src=\"https:\/\/www.futebolinterior.com.br\/wp-content\/themes\/futebol-interior\/assets\/img\/ficha-tecnica\/local.svg\" alt=\"Fase\" \/><\/i>Local:<\/dt>\n<dd>Rio de Janeiro (RJ)<\/dd>\n<\/dl>\n<\/div>\n<\/div>\n<div class=\"endgame__footer\">\n<dl class=\"engame__team-members\">\n<dt><img decoding=\"async\" title=\"Vasco 1 x 0 Botafogo - Trem Bala deixa degola e deixa t\u00edtulo do rival amea\u00e7ado 23\" src=\"https:\/\/images.futebolinterior.com.br\/2021\/09\/vasco-logo-150x150.png\" alt=\"Club de Regatas Vasco da Gama\" \/>Vasco<\/dt>\n<dd>L\u00e9o Jardim;<br \/>\nPaulo Henrique, Maicon, Medel e Lucas Piton;<br \/>\nZ\u00e9 Gabriel, Praxedes e Paulinho (Jair);<br \/>\nGabriel Pec (L\u00e9o), Erick Marcus (Alex Teixeira) e Vegetti.<\/dd>\n<dd><b>T\u00e9cnico:<\/b>\u00a0Ram\u00f3n D\u00edaz<\/dd>\n<\/dl>\n<dl class=\"engame__team-members\">\n<dt><img decoding=\"async\" title=\"Vasco 1 x 0 Botafogo - Trem Bala deixa degola e deixa t\u00edtulo do rival amea\u00e7ado 24\" src=\"https:\/\/www.futebolinterior.com.br\/wp-content\/uploads\/2020\/11\/unnamed-file-70-150x150.png\" alt=\"Botafogo de Futebol e Regatas\" \/>Botafogo<\/dt>\n<dd>Lucas Perri;<br \/>\nDi Placido (Carlos Alberto), Philipe Sampaio, Bastos (Diego Costa) e Mar\u00e7al (Hugo);<br \/>\nDanilo Barbosa, Tch\u00ea Tch\u00ea e Eduardo;<br \/>\nJ\u00fanior Santos (Segovinha), Tiquinho Soares e Victor S\u00e1 (Luis Henrique).<\/dd>\n<dd><b>T\u00e9cnico:<\/b>\u00a0L\u00facio Fl\u00e1vio<\/dd>\n<\/dl>\n<\/div>\n<\/div>\n<\/div>\n<\/div>\n<\/section>\n<section class=\"checkit--ordered\"><\/section>\n<\/div>\n<div class=\"code-block code-block-1\">\n<div id=\"gxContainer\" align=\"center\"><\/div>\n<\/div>\n<\/div>\n<\/div>\n<\/div>\n<\/article>\n<p>&nbsp;<\/p>\n<\/div>\n<div data-id=\"F-7tWyGNFvoB\"><\/div>\n<p>&nbsp;<\/p>\n","protected":false},"excerpt":{"rendered":"<p>&nbsp; \u00a0O\u00a0Botafogo\u00a0conheceu nesta segunda-feira a sua terceira derrota consecutiva no\u00a0Brasileir\u00e3o.<\/p>\n","protected":false},"author":2,"featured_media":97471,"comment_status":"open","ping_status":"open","sticky":false,"template":"","format":"standard","meta":{"footnotes":""},"categories":[127,21],"tags":[],"class_list":["post-97469","post","type-post","status-publish","format-standard","has-post-thumbnail","hentry","category-brasileirao","category-esporte"],"yoast_head":"<!-- This site is optimized with the Yoast SEO plugin v27.4 - https:\/\/yoast.com\/product\/yoast-seo-wordpress\/ -->\n<title>Vasco vence cl\u00e1ssico com Botafogo e vantagem do fog\u00e3o diminui - Regi\u00e3o News<\/title>\n<meta name=\"robots\" content=\"index, follow, max-snippet:-1, max-image-preview:large, max-video-preview:-1\" \/>\n<link rel=\"canonical\" href=\"https:\/\/regiaonews.net.br\/2022\/2023\/11\/06\/vasco-vence-classico-com-botafogo-e-vantagem-do-fogao-diminui\/\" \/>\n<meta property=\"og:locale\" content=\"pt_BR\" \/>\n<meta property=\"og:type\" content=\"article\" \/>\n<meta property=\"og:title\" content=\"Vasco vence cl\u00e1ssico com Botafogo e vantagem do fog\u00e3o diminui - Regi\u00e3o News\" \/>\n<meta property=\"og:description\" content=\"&nbsp; \u00a0O\u00a0Botafogo\u00a0conheceu nesta segunda-feira a sua terceira derrota consecutiva no\u00a0Brasileir\u00e3o.\" \/>\n<meta property=\"og:url\" content=\"https:\/\/regiaonews.net.br\/2022\/2023\/11\/06\/vasco-vence-classico-com-botafogo-e-vantagem-do-fogao-diminui\/\" \/>\n<meta property=\"og:site_name\" content=\"Regi\u00e3o News\" \/>\n<meta property=\"article:published_time\" content=\"2023-11-07T01:50:49+00:00\" \/>\n<meta property=\"article:modified_time\" content=\"2023-11-07T01:53:58+00:00\" \/>\n<meta property=\"og:image\" content=\"https:\/\/regiaonews.net.br\/2022\/wp-content\/uploads\/2023\/11\/images-13.jpeg\" \/>\n\t<meta property=\"og:image:width\" content=\"679\" \/>\n\t<meta property=\"og:image:height\" content=\"452\" \/>\n\t<meta property=\"og:image:type\" content=\"image\/jpeg\" \/>\n<meta name=\"author\" content=\"Roberto\" \/>\n<meta name=\"twitter:card\" content=\"summary_large_image\" \/>\n<meta name=\"twitter:label1\" content=\"Escrito por\" \/>\n\t<meta name=\"twitter:data1\" content=\"Roberto\" \/>\n\t<meta name=\"twitter:label2\" content=\"Est. tempo de leitura\" \/>\n\t<meta name=\"twitter:data2\" content=\"7 minutos\" \/>\n<script type=\"application\/ld+json\" class=\"yoast-schema-graph\">{\"@context\":\"https:\\\/\\\/schema.org\",\"@graph\":[{\"@type\":\"Article\",\"@id\":\"https:\\\/\\\/regiaonews.net.br\\\/2022\\\/2023\\\/11\\\/06\\\/vasco-vence-classico-com-botafogo-e-vantagem-do-fogao-diminui\\\/#article\",\"isPartOf\":{\"@id\":\"https:\\\/\\\/regiaonews.net.br\\\/2022\\\/2023\\\/11\\\/06\\\/vasco-vence-classico-com-botafogo-e-vantagem-do-fogao-diminui\\\/\"},\"author\":{\"name\":\"Roberto\",\"@id\":\"https:\\\/\\\/regiaonews.net.br\\\/2022\\\/#\\\/schema\\\/person\\\/2d205a608a5aa97ac279d7a5e6d89ad8\"},\"headline\":\"Vasco vence cl\u00e1ssico com Botafogo e vantagem do fog\u00e3o diminui\",\"datePublished\":\"2023-11-07T01:50:49+00:00\",\"dateModified\":\"2023-11-07T01:53:58+00:00\",\"mainEntityOfPage\":{\"@id\":\"https:\\\/\\\/regiaonews.net.br\\\/2022\\\/2023\\\/11\\\/06\\\/vasco-vence-classico-com-botafogo-e-vantagem-do-fogao-diminui\\\/\"},\"wordCount\":679,\"commentCount\":0,\"publisher\":{\"@id\":\"https:\\\/\\\/regiaonews.net.br\\\/2022\\\/#organization\"},\"image\":{\"@id\":\"https:\\\/\\\/regiaonews.net.br\\\/2022\\\/2023\\\/11\\\/06\\\/vasco-vence-classico-com-botafogo-e-vantagem-do-fogao-diminui\\\/#primaryimage\"},\"thumbnailUrl\":\"https:\\\/\\\/regiaonews.net.br\\\/2022\\\/wp-content\\\/uploads\\\/2023\\\/11\\\/images-13.jpeg\",\"articleSection\":[\"Brasileir\u00e3o\",\"Esporte\"],\"inLanguage\":\"pt-BR\",\"potentialAction\":[{\"@type\":\"CommentAction\",\"name\":\"Comment\",\"target\":[\"https:\\\/\\\/regiaonews.net.br\\\/2022\\\/2023\\\/11\\\/06\\\/vasco-vence-classico-com-botafogo-e-vantagem-do-fogao-diminui\\\/#respond\"]}]},{\"@type\":\"WebPage\",\"@id\":\"https:\\\/\\\/regiaonews.net.br\\\/2022\\\/2023\\\/11\\\/06\\\/vasco-vence-classico-com-botafogo-e-vantagem-do-fogao-diminui\\\/\",\"url\":\"https:\\\/\\\/regiaonews.net.br\\\/2022\\\/2023\\\/11\\\/06\\\/vasco-vence-classico-com-botafogo-e-vantagem-do-fogao-diminui\\\/\",\"name\":\"Vasco vence cl\u00e1ssico com Botafogo e vantagem do fog\u00e3o diminui - Regi\u00e3o News\",\"isPartOf\":{\"@id\":\"https:\\\/\\\/regiaonews.net.br\\\/2022\\\/#website\"},\"primaryImageOfPage\":{\"@id\":\"https:\\\/\\\/regiaonews.net.br\\\/2022\\\/2023\\\/11\\\/06\\\/vasco-vence-classico-com-botafogo-e-vantagem-do-fogao-diminui\\\/#primaryimage\"},\"image\":{\"@id\":\"https:\\\/\\\/regiaonews.net.br\\\/2022\\\/2023\\\/11\\\/06\\\/vasco-vence-classico-com-botafogo-e-vantagem-do-fogao-diminui\\\/#primaryimage\"},\"thumbnailUrl\":\"https:\\\/\\\/regiaonews.net.br\\\/2022\\\/wp-content\\\/uploads\\\/2023\\\/11\\\/images-13.jpeg\",\"datePublished\":\"2023-11-07T01:50:49+00:00\",\"dateModified\":\"2023-11-07T01:53:58+00:00\",\"breadcrumb\":{\"@id\":\"https:\\\/\\\/regiaonews.net.br\\\/2022\\\/2023\\\/11\\\/06\\\/vasco-vence-classico-com-botafogo-e-vantagem-do-fogao-diminui\\\/#breadcrumb\"},\"inLanguage\":\"pt-BR\",\"potentialAction\":[{\"@type\":\"ReadAction\",\"target\":[\"https:\\\/\\\/regiaonews.net.br\\\/2022\\\/2023\\\/11\\\/06\\\/vasco-vence-classico-com-botafogo-e-vantagem-do-fogao-diminui\\\/\"]}]},{\"@type\":\"ImageObject\",\"inLanguage\":\"pt-BR\",\"@id\":\"https:\\\/\\\/regiaonews.net.br\\\/2022\\\/2023\\\/11\\\/06\\\/vasco-vence-classico-com-botafogo-e-vantagem-do-fogao-diminui\\\/#primaryimage\",\"url\":\"https:\\\/\\\/regiaonews.net.br\\\/2022\\\/wp-content\\\/uploads\\\/2023\\\/11\\\/images-13.jpeg\",\"contentUrl\":\"https:\\\/\\\/regiaonews.net.br\\\/2022\\\/wp-content\\\/uploads\\\/2023\\\/11\\\/images-13.jpeg\",\"width\":679,\"height\":452},{\"@type\":\"BreadcrumbList\",\"@id\":\"https:\\\/\\\/regiaonews.net.br\\\/2022\\\/2023\\\/11\\\/06\\\/vasco-vence-classico-com-botafogo-e-vantagem-do-fogao-diminui\\\/#breadcrumb\",\"itemListElement\":[{\"@type\":\"ListItem\",\"position\":1,\"name\":\"In\u00edcio\",\"item\":\"https:\\\/\\\/regiaonews.net.br\\\/2022\\\/\"},{\"@type\":\"ListItem\",\"position\":2,\"name\":\"Vasco vence cl\u00e1ssico com Botafogo e vantagem do fog\u00e3o diminui\"}]},{\"@type\":\"WebSite\",\"@id\":\"https:\\\/\\\/regiaonews.net.br\\\/2022\\\/#website\",\"url\":\"https:\\\/\\\/regiaonews.net.br\\\/2022\\\/\",\"name\":\"Regi\u00e3o News\",\"description\":\"Site de Not\u00edcias de Barretos e regi\u00e3o\",\"publisher\":{\"@id\":\"https:\\\/\\\/regiaonews.net.br\\\/2022\\\/#organization\"},\"potentialAction\":[{\"@type\":\"SearchAction\",\"target\":{\"@type\":\"EntryPoint\",\"urlTemplate\":\"https:\\\/\\\/regiaonews.net.br\\\/2022\\\/?s={search_term_string}\"},\"query-input\":{\"@type\":\"PropertyValueSpecification\",\"valueRequired\":true,\"valueName\":\"search_term_string\"}}],\"inLanguage\":\"pt-BR\"},{\"@type\":\"Organization\",\"@id\":\"https:\\\/\\\/regiaonews.net.br\\\/2022\\\/#organization\",\"name\":\"Regi\u00e3o News\",\"url\":\"https:\\\/\\\/regiaonews.net.br\\\/2022\\\/\",\"logo\":{\"@type\":\"ImageObject\",\"inLanguage\":\"pt-BR\",\"@id\":\"https:\\\/\\\/regiaonews.net.br\\\/2022\\\/#\\\/schema\\\/logo\\\/image\\\/\",\"url\":\"https:\\\/\\\/regiaonews.net.br\\\/2022\\\/wp-content\\\/uploads\\\/2026\\\/03\\\/regiao-13-anos-scaled.jpg\",\"contentUrl\":\"https:\\\/\\\/regiaonews.net.br\\\/2022\\\/wp-content\\\/uploads\\\/2026\\\/03\\\/regiao-13-anos-scaled.jpg\",\"width\":2560,\"height\":635,\"caption\":\"Regi\u00e3o News\"},\"image\":{\"@id\":\"https:\\\/\\\/regiaonews.net.br\\\/2022\\\/#\\\/schema\\\/logo\\\/image\\\/\"}},{\"@type\":\"Person\",\"@id\":\"https:\\\/\\\/regiaonews.net.br\\\/2022\\\/#\\\/schema\\\/person\\\/2d205a608a5aa97ac279d7a5e6d89ad8\",\"name\":\"Roberto\",\"image\":{\"@type\":\"ImageObject\",\"inLanguage\":\"pt-BR\",\"@id\":\"https:\\\/\\\/secure.gravatar.com\\\/avatar\\\/42749d8b712ff9d59ca93dc150494e5b55a44134482993f5baeb97e61b7ecc89?s=96&d=mm&r=g\",\"url\":\"https:\\\/\\\/secure.gravatar.com\\\/avatar\\\/42749d8b712ff9d59ca93dc150494e5b55a44134482993f5baeb97e61b7ecc89?s=96&d=mm&r=g\",\"contentUrl\":\"https:\\\/\\\/secure.gravatar.com\\\/avatar\\\/42749d8b712ff9d59ca93dc150494e5b55a44134482993f5baeb97e61b7ecc89?s=96&d=mm&r=g\",\"caption\":\"Roberto\"},\"url\":\"https:\\\/\\\/regiaonews.net.br\\\/2022\\\/author\\\/roberto\\\/\"}]}<\/script>\n<!-- \/ Yoast SEO plugin. -->","yoast_head_json":{"title":"Vasco vence cl\u00e1ssico com Botafogo e vantagem do fog\u00e3o diminui - Regi\u00e3o News","robots":{"index":"index","follow":"follow","max-snippet":"max-snippet:-1","max-image-preview":"max-image-preview:large","max-video-preview":"max-video-preview:-1"},"canonical":"https:\/\/regiaonews.net.br\/2022\/2023\/11\/06\/vasco-vence-classico-com-botafogo-e-vantagem-do-fogao-diminui\/","og_locale":"pt_BR","og_type":"article","og_title":"Vasco vence cl\u00e1ssico com Botafogo e vantagem do fog\u00e3o diminui - Regi\u00e3o News","og_description":"&nbsp; \u00a0O\u00a0Botafogo\u00a0conheceu nesta segunda-feira a sua terceira derrota consecutiva no\u00a0Brasileir\u00e3o.","og_url":"https:\/\/regiaonews.net.br\/2022\/2023\/11\/06\/vasco-vence-classico-com-botafogo-e-vantagem-do-fogao-diminui\/","og_site_name":"Regi\u00e3o News","article_published_time":"2023-11-07T01:50:49+00:00","article_modified_time":"2023-11-07T01:53:58+00:00","og_image":[{"width":679,"height":452,"url":"https:\/\/regiaonews.net.br\/2022\/wp-content\/uploads\/2023\/11\/images-13.jpeg","type":"image\/jpeg"}],"author":"Roberto","twitter_card":"summary_large_image","twitter_misc":{"Escrito por":"Roberto","Est. tempo de leitura":"7 minutos"},"schema":{"@context":"https:\/\/schema.org","@graph":[{"@type":"Article","@id":"https:\/\/regiaonews.net.br\/2022\/2023\/11\/06\/vasco-vence-classico-com-botafogo-e-vantagem-do-fogao-diminui\/#article","isPartOf":{"@id":"https:\/\/regiaonews.net.br\/2022\/2023\/11\/06\/vasco-vence-classico-com-botafogo-e-vantagem-do-fogao-diminui\/"},"author":{"name":"Roberto","@id":"https:\/\/regiaonews.net.br\/2022\/#\/schema\/person\/2d205a608a5aa97ac279d7a5e6d89ad8"},"headline":"Vasco vence cl\u00e1ssico com Botafogo e vantagem do fog\u00e3o diminui","datePublished":"2023-11-07T01:50:49+00:00","dateModified":"2023-11-07T01:53:58+00:00","mainEntityOfPage":{"@id":"https:\/\/regiaonews.net.br\/2022\/2023\/11\/06\/vasco-vence-classico-com-botafogo-e-vantagem-do-fogao-diminui\/"},"wordCount":679,"commentCount":0,"publisher":{"@id":"https:\/\/regiaonews.net.br\/2022\/#organization"},"image":{"@id":"https:\/\/regiaonews.net.br\/2022\/2023\/11\/06\/vasco-vence-classico-com-botafogo-e-vantagem-do-fogao-diminui\/#primaryimage"},"thumbnailUrl":"https:\/\/regiaonews.net.br\/2022\/wp-content\/uploads\/2023\/11\/images-13.jpeg","articleSection":["Brasileir\u00e3o","Esporte"],"inLanguage":"pt-BR","potentialAction":[{"@type":"CommentAction","name":"Comment","target":["https:\/\/regiaonews.net.br\/2022\/2023\/11\/06\/vasco-vence-classico-com-botafogo-e-vantagem-do-fogao-diminui\/#respond"]}]},{"@type":"WebPage","@id":"https:\/\/regiaonews.net.br\/2022\/2023\/11\/06\/vasco-vence-classico-com-botafogo-e-vantagem-do-fogao-diminui\/","url":"https:\/\/regiaonews.net.br\/2022\/2023\/11\/06\/vasco-vence-classico-com-botafogo-e-vantagem-do-fogao-diminui\/","name":"Vasco vence cl\u00e1ssico com Botafogo e vantagem do fog\u00e3o diminui - Regi\u00e3o News","isPartOf":{"@id":"https:\/\/regiaonews.net.br\/2022\/#website"},"primaryImageOfPage":{"@id":"https:\/\/regiaonews.net.br\/2022\/2023\/11\/06\/vasco-vence-classico-com-botafogo-e-vantagem-do-fogao-diminui\/#primaryimage"},"image":{"@id":"https:\/\/regiaonews.net.br\/2022\/2023\/11\/06\/vasco-vence-classico-com-botafogo-e-vantagem-do-fogao-diminui\/#primaryimage"},"thumbnailUrl":"https:\/\/regiaonews.net.br\/2022\/wp-content\/uploads\/2023\/11\/images-13.jpeg","datePublished":"2023-11-07T01:50:49+00:00","dateModified":"2023-11-07T01:53:58+00:00","breadcrumb":{"@id":"https:\/\/regiaonews.net.br\/2022\/2023\/11\/06\/vasco-vence-classico-com-botafogo-e-vantagem-do-fogao-diminui\/#breadcrumb"},"inLanguage":"pt-BR","potentialAction":[{"@type":"ReadAction","target":["https:\/\/regiaonews.net.br\/2022\/2023\/11\/06\/vasco-vence-classico-com-botafogo-e-vantagem-do-fogao-diminui\/"]}]},{"@type":"ImageObject","inLanguage":"pt-BR","@id":"https:\/\/regiaonews.net.br\/2022\/2023\/11\/06\/vasco-vence-classico-com-botafogo-e-vantagem-do-fogao-diminui\/#primaryimage","url":"https:\/\/regiaonews.net.br\/2022\/wp-content\/uploads\/2023\/11\/images-13.jpeg","contentUrl":"https:\/\/regiaonews.net.br\/2022\/wp-content\/uploads\/2023\/11\/images-13.jpeg","width":679,"height":452},{"@type":"BreadcrumbList","@id":"https:\/\/regiaonews.net.br\/2022\/2023\/11\/06\/vasco-vence-classico-com-botafogo-e-vantagem-do-fogao-diminui\/#breadcrumb","itemListElement":[{"@type":"ListItem","position":1,"name":"In\u00edcio","item":"https:\/\/regiaonews.net.br\/2022\/"},{"@type":"ListItem","position":2,"name":"Vasco vence cl\u00e1ssico com Botafogo e vantagem do fog\u00e3o diminui"}]},{"@type":"WebSite","@id":"https:\/\/regiaonews.net.br\/2022\/#website","url":"https:\/\/regiaonews.net.br\/2022\/","name":"Regi\u00e3o News","description":"Site de Not\u00edcias de Barretos e regi\u00e3o","publisher":{"@id":"https:\/\/regiaonews.net.br\/2022\/#organization"},"potentialAction":[{"@type":"SearchAction","target":{"@type":"EntryPoint","urlTemplate":"https:\/\/regiaonews.net.br\/2022\/?s={search_term_string}"},"query-input":{"@type":"PropertyValueSpecification","valueRequired":true,"valueName":"search_term_string"}}],"inLanguage":"pt-BR"},{"@type":"Organization","@id":"https:\/\/regiaonews.net.br\/2022\/#organization","name":"Regi\u00e3o News","url":"https:\/\/regiaonews.net.br\/2022\/","logo":{"@type":"ImageObject","inLanguage":"pt-BR","@id":"https:\/\/regiaonews.net.br\/2022\/#\/schema\/logo\/image\/","url":"https:\/\/regiaonews.net.br\/2022\/wp-content\/uploads\/2026\/03\/regiao-13-anos-scaled.jpg","contentUrl":"https:\/\/regiaonews.net.br\/2022\/wp-content\/uploads\/2026\/03\/regiao-13-anos-scaled.jpg","width":2560,"height":635,"caption":"Regi\u00e3o News"},"image":{"@id":"https:\/\/regiaonews.net.br\/2022\/#\/schema\/logo\/image\/"}},{"@type":"Person","@id":"https:\/\/regiaonews.net.br\/2022\/#\/schema\/person\/2d205a608a5aa97ac279d7a5e6d89ad8","name":"Roberto","image":{"@type":"ImageObject","inLanguage":"pt-BR","@id":"https:\/\/secure.gravatar.com\/avatar\/42749d8b712ff9d59ca93dc150494e5b55a44134482993f5baeb97e61b7ecc89?s=96&d=mm&r=g","url":"https:\/\/secure.gravatar.com\/avatar\/42749d8b712ff9d59ca93dc150494e5b55a44134482993f5baeb97e61b7ecc89?s=96&d=mm&r=g","contentUrl":"https:\/\/secure.gravatar.com\/avatar\/42749d8b712ff9d59ca93dc150494e5b55a44134482993f5baeb97e61b7ecc89?s=96&d=mm&r=g","caption":"Roberto"},"url":"https:\/\/regiaonews.net.br\/2022\/author\/roberto\/"}]}},"publishpress_future_action":{"enabled":false,"date":"2026-05-04 11:37:35","action":"change-status","newStatus":"draft","terms":[],"taxonomy":"category","extraData":[]},"publishpress_future_workflow_manual_trigger":{"enabledWorkflows":[]},"_links":{"self":[{"href":"https:\/\/regiaonews.net.br\/2022\/wp-json\/wp\/v2\/posts\/97469","targetHints":{"allow":["GET"]}}],"collection":[{"href":"https:\/\/regiaonews.net.br\/2022\/wp-json\/wp\/v2\/posts"}],"about":[{"href":"https:\/\/regiaonews.net.br\/2022\/wp-json\/wp\/v2\/types\/post"}],"author":[{"embeddable":true,"href":"https:\/\/regiaonews.net.br\/2022\/wp-json\/wp\/v2\/users\/2"}],"replies":[{"embeddable":true,"href":"https:\/\/regiaonews.net.br\/2022\/wp-json\/wp\/v2\/comments?post=97469"}],"version-history":[{"count":2,"href":"https:\/\/regiaonews.net.br\/2022\/wp-json\/wp\/v2\/posts\/97469\/revisions"}],"predecessor-version":[{"id":97472,"href":"https:\/\/regiaonews.net.br\/2022\/wp-json\/wp\/v2\/posts\/97469\/revisions\/97472"}],"wp:featuredmedia":[{"embeddable":true,"href":"https:\/\/regiaonews.net.br\/2022\/wp-json\/wp\/v2\/media\/97471"}],"wp:attachment":[{"href":"https:\/\/regiaonews.net.br\/2022\/wp-json\/wp\/v2\/media?parent=97469"}],"wp:term":[{"taxonomy":"category","embeddable":true,"href":"https:\/\/regiaonews.net.br\/2022\/wp-json\/wp\/v2\/categories?post=97469"},{"taxonomy":"post_tag","embeddable":true,"href":"https:\/\/regiaonews.net.br\/2022\/wp-json\/wp\/v2\/tags?post=97469"}],"curies":[{"name":"wp","href":"https:\/\/api.w.org\/{rel}","templated":true}]}}