{"id":97454,"date":"2023-11-06T20:59:08","date_gmt":"2023-11-06T23:59:08","guid":{"rendered":"https:\/\/regiaonews.net.br\/2022\/?p=97454"},"modified":"2023-11-06T20:59:08","modified_gmt":"2023-11-06T23:59:08","slug":"diniz-convoca-selecao-para-jogos-das-eliminatorias","status":"publish","type":"post","link":"https:\/\/regiaonews.net.br\/2022\/2023\/11\/06\/diniz-convoca-selecao-para-jogos-das-eliminatorias\/","title":{"rendered":"Diniz convoca sele\u00e7\u00e3o para jogos das Eliminat\u00f3rias"},"content":{"rendered":"<header class=\"header-static navbar-sticky navbar-light\">\n<nav class=\"navbar\">\n<div class=\"container nav-item dropdown megamenu\">\n<div class=\"offset-1 navbar-brand flex-grow-1\"><\/div>\n<\/div>\n<\/nav>\n<\/header>\n<div class=\"container\"><\/div>\n<div class=\"region region-content\">\n<article class=\"container\">\n<div class=\"row\">\n<div class=\"col-lg-12 mb-3\">\n<div><\/div>\n<div class=\"post-image\"><a href=\"https:\/\/agenciabrasil.ebc.com.br\/esportes\/noticia\/2023-11\/fernando-diniz-convoca-selecao-para-jogos-das-eliminatorias#\">\u00a9 Joilson Marconne\/CBF\/Direitos Reservados<\/a><\/div>\n<\/div>\n<div class=\"col-lg-12 mb-3\">\n<div class=\"row\">\n<div class=\"col-10 offset-1 animated fadeInDown dealy-1100 alt-font text-center\"><\/div>\n<\/div>\n<\/div>\n<div class=\"col-xl-7 offset-xl-1 col-lg-8 offset-lg-0 col-md-10 offset-md-1 mb-3\">\n<div class=\"post-item alt-font\">\n<div class=\"post-item-wrap\">\n<p>O t\u00e9cnico Fernando Diniz convocou, na tarde desta segunda-feira (6), a sele\u00e7\u00e3o brasileira para os jogos contra a Col\u00f4mbia e a Argentina pelas Eliminat\u00f3rias para a Copa do Mundo de 2026. As novidades na lista s\u00e3o o volante Douglas Luiz e os atacantes Pep\u00ea, Jo\u00e3o Pedro, Endrick e Paulinho, chamados pela primeira vez pelo t\u00e9cnico do Brasil.<img decoding=\"async\" src=\"https:\/\/agenciabrasil.ebc.com.br\/ebc.png?id=1564804&amp;o=node\" \/><img decoding=\"async\" src=\"https:\/\/agenciabrasil.ebc.com.br\/ebc.gif?id=1564804&amp;o=node\" \/> &#8220;Os jogos s\u00e3o dif\u00edceis. A Argentina, por si s\u00f3, \u00e9 a \u00faltima campe\u00e3 do mundo, tem um dos melhores jogadores da hist\u00f3ria e outros grandes jogadores. E a Col\u00f4mbia \u00e9 uma das sele\u00e7\u00f5es das \u00faltimas d\u00e9cadas que ganharam muita visibilidade no cen\u00e1rio mundial. [A Col\u00f4mbia tem] jogadores em ligas europeias com muito destaque. Jogar em Barranquilla \u00e9 sempre muito dif\u00edcil\u201d, declarou Fernando Diniz.<\/p>\n<p>A partida contra a sele\u00e7\u00e3o colombiana ser\u00e1 disputada no dia 16 de novembro, em Barranquilla, pela 5\u00aa rodada das Eliminat\u00f3rias. Cinco dias depois o compromisso do Brasil ser\u00e1 contra a Argentina no est\u00e1dio do Maracan\u00e3, no Rio de Janeiro.<\/p>\n<p>Amistoso contra a Inglaterra<\/p>\n<p>Tamb\u00e9m nesta segunda-feira a Confedera\u00e7\u00e3o Brasileira de Futebol (CBF) anunciou que a sele\u00e7\u00e3o brasileira disputar\u00e1 um amistoso com a Inglaterra, no dia 23 de mar\u00e7o de 2024 no Est\u00e1dio de Wembley.<\/p>\n<div class=\"twitter-tweet twitter-tweet-rendered\"><\/div>\n<p>Rela\u00e7\u00e3o de convocados:<\/p>\n<p><strong>Goleiros:<\/strong>\u00a0Alisson &#8211; Liverpool (Inglaterra), Ederson- Manchester City (Inglaterra) e Lucas Perri &#8211; Botafogo.<\/p>\n<p><strong>Laterais:<\/strong>\u00a0Emerson &#8211; Tottenham (Inglaterra), Renan Lodi &#8211; Olympique (Fran\u00e7a) e Carlos Augusto &#8211; Inter de Mil\u00e3o (It\u00e1lia).<\/p>\n<p><strong>Zagueiros:<\/strong>\u00a0Bremer &#8211; Juventus (It\u00e1lia), Gabriel Magalh\u00e3es &#8211; Arsenal (Inglaterra), Marquinhos &#8211; PSG (Fran\u00e7a) e Nino &#8211; Fluminense.<\/p>\n<p><strong>Meio-campistas:<\/strong>\u00a0Andr\u00e9 &#8211; Fluminense, Bruno Guimar\u00e3es &#8211; Newcastle (Inglaterra), Douglas Luiz &#8211; Aston Villa (Inglaterra), Joelinton &#8211; Newcastle (Inglaterra), Raphael Veiga &#8211; Palmeiras e Rodrygo &#8211; Real Madrid (Espanha).<\/p>\n<p><strong>Atacantes:<\/strong>\u00a0Endrick &#8211; Palmeiras, Gabriel Jesus &#8211; Arsenal (Inglaterra), Gabriel Martinelli &#8211; Arsenal (Inglaterra), Vinicius Junior &#8211; Real Madrid (Espanha), Jo\u00e3o Pedro &#8211; Brighton (Inglaterra), Paulinho &#8211; Atl\u00e9tico-MG, Pep\u00ea &#8211; Porto (Portugal) e Raphinha &#8211; Barcelona (Espanha).<\/p>\n<\/div>\n<\/div>\n<\/div>\n<\/div>\n<\/article>\n<\/div>\n<div class=\"enabled\">\n<div class=\"active\"><\/div>\n<\/div>\n","protected":false},"excerpt":{"rendered":"<p>\u00a9 Joilson Marconne\/CBF\/Direitos Reservados O t\u00e9cnico Fernando Diniz convocou, na<\/p>\n","protected":false},"author":2,"featured_media":97455,"comment_status":"open","ping_status":"open","sticky":false,"template":"","format":"standard","meta":{"footnotes":""},"categories":[188,21],"tags":[],"class_list":["post-97454","post","type-post","status-publish","format-standard","has-post-thumbnail","hentry","category-eliminatorias","category-esporte"],"yoast_head":"<!-- This site is optimized with the Yoast SEO plugin v27.4 - https:\/\/yoast.com\/product\/yoast-seo-wordpress\/ -->\n<title>Diniz convoca sele\u00e7\u00e3o para jogos das Eliminat\u00f3rias<\/title>\n<meta name=\"description\" content=\"t\u00e9cnico Fernando Diniz convocou, na tarde desta segunda-feira (6), a sele\u00e7\u00e3o brasileira para os jogos contra a Col\u00f4mbia\" \/>\n<meta name=\"robots\" content=\"index, follow, max-snippet:-1, max-image-preview:large, max-video-preview:-1\" \/>\n<link rel=\"canonical\" href=\"https:\/\/regiaonews.net.br\/2022\/2023\/11\/06\/diniz-convoca-selecao-para-jogos-das-eliminatorias\/\" \/>\n<meta property=\"og:locale\" content=\"pt_BR\" \/>\n<meta property=\"og:type\" content=\"article\" \/>\n<meta property=\"og:title\" content=\"Diniz convoca sele\u00e7\u00e3o para jogos das Eliminat\u00f3rias\" \/>\n<meta property=\"og:description\" content=\"t\u00e9cnico Fernando Diniz convocou, na tarde desta segunda-feira (6), a sele\u00e7\u00e3o brasileira para os jogos contra a Col\u00f4mbia\" \/>\n<meta property=\"og:url\" content=\"https:\/\/regiaonews.net.br\/2022\/2023\/11\/06\/diniz-convoca-selecao-para-jogos-das-eliminatorias\/\" \/>\n<meta property=\"og:site_name\" content=\"Regi\u00e3o News\" \/>\n<meta property=\"article:published_time\" content=\"2023-11-06T23:59:08+00:00\" \/>\n<meta property=\"og:image\" content=\"https:\/\/regiaonews.net.br\/2022\/wp-content\/uploads\/2023\/11\/53314281439_7787ef6fff_o.webp\" \/>\n\t<meta property=\"og:image:width\" content=\"1170\" \/>\n\t<meta property=\"og:image:height\" content=\"700\" \/>\n\t<meta property=\"og:image:type\" content=\"image\/webp\" \/>\n<meta name=\"author\" content=\"Roberto\" \/>\n<meta name=\"twitter:card\" content=\"summary_large_image\" \/>\n<meta name=\"twitter:label1\" content=\"Escrito por\" \/>\n\t<meta name=\"twitter:data1\" content=\"Roberto\" \/>\n\t<meta name=\"twitter:label2\" content=\"Est. tempo de leitura\" \/>\n\t<meta name=\"twitter:data2\" content=\"3 minutos\" \/>\n<script type=\"application\/ld+json\" class=\"yoast-schema-graph\">{\"@context\":\"https:\\\/\\\/schema.org\",\"@graph\":[{\"@type\":\"Article\",\"@id\":\"https:\\\/\\\/regiaonews.net.br\\\/2022\\\/2023\\\/11\\\/06\\\/diniz-convoca-selecao-para-jogos-das-eliminatorias\\\/#article\",\"isPartOf\":{\"@id\":\"https:\\\/\\\/regiaonews.net.br\\\/2022\\\/2023\\\/11\\\/06\\\/diniz-convoca-selecao-para-jogos-das-eliminatorias\\\/\"},\"author\":{\"name\":\"Roberto\",\"@id\":\"https:\\\/\\\/regiaonews.net.br\\\/2022\\\/#\\\/schema\\\/person\\\/2d205a608a5aa97ac279d7a5e6d89ad8\"},\"headline\":\"Diniz convoca sele\u00e7\u00e3o para jogos das Eliminat\u00f3rias\",\"datePublished\":\"2023-11-06T23:59:08+00:00\",\"mainEntityOfPage\":{\"@id\":\"https:\\\/\\\/regiaonews.net.br\\\/2022\\\/2023\\\/11\\\/06\\\/diniz-convoca-selecao-para-jogos-das-eliminatorias\\\/\"},\"wordCount\":352,\"commentCount\":0,\"publisher\":{\"@id\":\"https:\\\/\\\/regiaonews.net.br\\\/2022\\\/#organization\"},\"image\":{\"@id\":\"https:\\\/\\\/regiaonews.net.br\\\/2022\\\/2023\\\/11\\\/06\\\/diniz-convoca-selecao-para-jogos-das-eliminatorias\\\/#primaryimage\"},\"thumbnailUrl\":\"https:\\\/\\\/regiaonews.net.br\\\/2022\\\/wp-content\\\/uploads\\\/2023\\\/11\\\/53314281439_7787ef6fff_o.webp\",\"articleSection\":[\"Eliminat\u00f3rias\",\"Esporte\"],\"inLanguage\":\"pt-BR\",\"potentialAction\":[{\"@type\":\"CommentAction\",\"name\":\"Comment\",\"target\":[\"https:\\\/\\\/regiaonews.net.br\\\/2022\\\/2023\\\/11\\\/06\\\/diniz-convoca-selecao-para-jogos-das-eliminatorias\\\/#respond\"]}]},{\"@type\":\"WebPage\",\"@id\":\"https:\\\/\\\/regiaonews.net.br\\\/2022\\\/2023\\\/11\\\/06\\\/diniz-convoca-selecao-para-jogos-das-eliminatorias\\\/\",\"url\":\"https:\\\/\\\/regiaonews.net.br\\\/2022\\\/2023\\\/11\\\/06\\\/diniz-convoca-selecao-para-jogos-das-eliminatorias\\\/\",\"name\":\"Diniz convoca sele\u00e7\u00e3o para jogos das Eliminat\u00f3rias\",\"isPartOf\":{\"@id\":\"https:\\\/\\\/regiaonews.net.br\\\/2022\\\/#website\"},\"primaryImageOfPage\":{\"@id\":\"https:\\\/\\\/regiaonews.net.br\\\/2022\\\/2023\\\/11\\\/06\\\/diniz-convoca-selecao-para-jogos-das-eliminatorias\\\/#primaryimage\"},\"image\":{\"@id\":\"https:\\\/\\\/regiaonews.net.br\\\/2022\\\/2023\\\/11\\\/06\\\/diniz-convoca-selecao-para-jogos-das-eliminatorias\\\/#primaryimage\"},\"thumbnailUrl\":\"https:\\\/\\\/regiaonews.net.br\\\/2022\\\/wp-content\\\/uploads\\\/2023\\\/11\\\/53314281439_7787ef6fff_o.webp\",\"datePublished\":\"2023-11-06T23:59:08+00:00\",\"description\":\"t\u00e9cnico Fernando Diniz convocou, na tarde desta segunda-feira (6), a sele\u00e7\u00e3o brasileira para os jogos contra a Col\u00f4mbia\",\"breadcrumb\":{\"@id\":\"https:\\\/\\\/regiaonews.net.br\\\/2022\\\/2023\\\/11\\\/06\\\/diniz-convoca-selecao-para-jogos-das-eliminatorias\\\/#breadcrumb\"},\"inLanguage\":\"pt-BR\",\"potentialAction\":[{\"@type\":\"ReadAction\",\"target\":[\"https:\\\/\\\/regiaonews.net.br\\\/2022\\\/2023\\\/11\\\/06\\\/diniz-convoca-selecao-para-jogos-das-eliminatorias\\\/\"]}]},{\"@type\":\"ImageObject\",\"inLanguage\":\"pt-BR\",\"@id\":\"https:\\\/\\\/regiaonews.net.br\\\/2022\\\/2023\\\/11\\\/06\\\/diniz-convoca-selecao-para-jogos-das-eliminatorias\\\/#primaryimage\",\"url\":\"https:\\\/\\\/regiaonews.net.br\\\/2022\\\/wp-content\\\/uploads\\\/2023\\\/11\\\/53314281439_7787ef6fff_o.webp\",\"contentUrl\":\"https:\\\/\\\/regiaonews.net.br\\\/2022\\\/wp-content\\\/uploads\\\/2023\\\/11\\\/53314281439_7787ef6fff_o.webp\",\"width\":1170,\"height\":700},{\"@type\":\"BreadcrumbList\",\"@id\":\"https:\\\/\\\/regiaonews.net.br\\\/2022\\\/2023\\\/11\\\/06\\\/diniz-convoca-selecao-para-jogos-das-eliminatorias\\\/#breadcrumb\",\"itemListElement\":[{\"@type\":\"ListItem\",\"position\":1,\"name\":\"In\u00edcio\",\"item\":\"https:\\\/\\\/regiaonews.net.br\\\/2022\\\/\"},{\"@type\":\"ListItem\",\"position\":2,\"name\":\"Diniz convoca sele\u00e7\u00e3o para jogos das Eliminat\u00f3rias\"}]},{\"@type\":\"WebSite\",\"@id\":\"https:\\\/\\\/regiaonews.net.br\\\/2022\\\/#website\",\"url\":\"https:\\\/\\\/regiaonews.net.br\\\/2022\\\/\",\"name\":\"Regi\u00e3o News\",\"description\":\"Site de Not\u00edcias de Barretos e regi\u00e3o\",\"publisher\":{\"@id\":\"https:\\\/\\\/regiaonews.net.br\\\/2022\\\/#organization\"},\"potentialAction\":[{\"@type\":\"SearchAction\",\"target\":{\"@type\":\"EntryPoint\",\"urlTemplate\":\"https:\\\/\\\/regiaonews.net.br\\\/2022\\\/?s={search_term_string}\"},\"query-input\":{\"@type\":\"PropertyValueSpecification\",\"valueRequired\":true,\"valueName\":\"search_term_string\"}}],\"inLanguage\":\"pt-BR\"},{\"@type\":\"Organization\",\"@id\":\"https:\\\/\\\/regiaonews.net.br\\\/2022\\\/#organization\",\"name\":\"Regi\u00e3o News\",\"url\":\"https:\\\/\\\/regiaonews.net.br\\\/2022\\\/\",\"logo\":{\"@type\":\"ImageObject\",\"inLanguage\":\"pt-BR\",\"@id\":\"https:\\\/\\\/regiaonews.net.br\\\/2022\\\/#\\\/schema\\\/logo\\\/image\\\/\",\"url\":\"https:\\\/\\\/regiaonews.net.br\\\/2022\\\/wp-content\\\/uploads\\\/2026\\\/03\\\/regiao-13-anos-scaled.jpg\",\"contentUrl\":\"https:\\\/\\\/regiaonews.net.br\\\/2022\\\/wp-content\\\/uploads\\\/2026\\\/03\\\/regiao-13-anos-scaled.jpg\",\"width\":2560,\"height\":635,\"caption\":\"Regi\u00e3o News\"},\"image\":{\"@id\":\"https:\\\/\\\/regiaonews.net.br\\\/2022\\\/#\\\/schema\\\/logo\\\/image\\\/\"}},{\"@type\":\"Person\",\"@id\":\"https:\\\/\\\/regiaonews.net.br\\\/2022\\\/#\\\/schema\\\/person\\\/2d205a608a5aa97ac279d7a5e6d89ad8\",\"name\":\"Roberto\",\"image\":{\"@type\":\"ImageObject\",\"inLanguage\":\"pt-BR\",\"@id\":\"https:\\\/\\\/secure.gravatar.com\\\/avatar\\\/42749d8b712ff9d59ca93dc150494e5b55a44134482993f5baeb97e61b7ecc89?s=96&d=mm&r=g\",\"url\":\"https:\\\/\\\/secure.gravatar.com\\\/avatar\\\/42749d8b712ff9d59ca93dc150494e5b55a44134482993f5baeb97e61b7ecc89?s=96&d=mm&r=g\",\"contentUrl\":\"https:\\\/\\\/secure.gravatar.com\\\/avatar\\\/42749d8b712ff9d59ca93dc150494e5b55a44134482993f5baeb97e61b7ecc89?s=96&d=mm&r=g\",\"caption\":\"Roberto\"},\"url\":\"https:\\\/\\\/regiaonews.net.br\\\/2022\\\/author\\\/roberto\\\/\"}]}<\/script>\n<!-- \/ Yoast SEO plugin. -->","yoast_head_json":{"title":"Diniz convoca sele\u00e7\u00e3o para jogos das Eliminat\u00f3rias","description":"t\u00e9cnico Fernando Diniz convocou, na tarde desta segunda-feira (6), a sele\u00e7\u00e3o brasileira para os jogos contra a Col\u00f4mbia","robots":{"index":"index","follow":"follow","max-snippet":"max-snippet:-1","max-image-preview":"max-image-preview:large","max-video-preview":"max-video-preview:-1"},"canonical":"https:\/\/regiaonews.net.br\/2022\/2023\/11\/06\/diniz-convoca-selecao-para-jogos-das-eliminatorias\/","og_locale":"pt_BR","og_type":"article","og_title":"Diniz convoca sele\u00e7\u00e3o para jogos das Eliminat\u00f3rias","og_description":"t\u00e9cnico Fernando Diniz convocou, na tarde desta segunda-feira (6), a sele\u00e7\u00e3o brasileira para os jogos contra a Col\u00f4mbia","og_url":"https:\/\/regiaonews.net.br\/2022\/2023\/11\/06\/diniz-convoca-selecao-para-jogos-das-eliminatorias\/","og_site_name":"Regi\u00e3o News","article_published_time":"2023-11-06T23:59:08+00:00","og_image":[{"width":1170,"height":700,"url":"https:\/\/regiaonews.net.br\/2022\/wp-content\/uploads\/2023\/11\/53314281439_7787ef6fff_o.webp","type":"image\/webp"}],"author":"Roberto","twitter_card":"summary_large_image","twitter_misc":{"Escrito por":"Roberto","Est. tempo de leitura":"3 minutos"},"schema":{"@context":"https:\/\/schema.org","@graph":[{"@type":"Article","@id":"https:\/\/regiaonews.net.br\/2022\/2023\/11\/06\/diniz-convoca-selecao-para-jogos-das-eliminatorias\/#article","isPartOf":{"@id":"https:\/\/regiaonews.net.br\/2022\/2023\/11\/06\/diniz-convoca-selecao-para-jogos-das-eliminatorias\/"},"author":{"name":"Roberto","@id":"https:\/\/regiaonews.net.br\/2022\/#\/schema\/person\/2d205a608a5aa97ac279d7a5e6d89ad8"},"headline":"Diniz convoca sele\u00e7\u00e3o para jogos das Eliminat\u00f3rias","datePublished":"2023-11-06T23:59:08+00:00","mainEntityOfPage":{"@id":"https:\/\/regiaonews.net.br\/2022\/2023\/11\/06\/diniz-convoca-selecao-para-jogos-das-eliminatorias\/"},"wordCount":352,"commentCount":0,"publisher":{"@id":"https:\/\/regiaonews.net.br\/2022\/#organization"},"image":{"@id":"https:\/\/regiaonews.net.br\/2022\/2023\/11\/06\/diniz-convoca-selecao-para-jogos-das-eliminatorias\/#primaryimage"},"thumbnailUrl":"https:\/\/regiaonews.net.br\/2022\/wp-content\/uploads\/2023\/11\/53314281439_7787ef6fff_o.webp","articleSection":["Eliminat\u00f3rias","Esporte"],"inLanguage":"pt-BR","potentialAction":[{"@type":"CommentAction","name":"Comment","target":["https:\/\/regiaonews.net.br\/2022\/2023\/11\/06\/diniz-convoca-selecao-para-jogos-das-eliminatorias\/#respond"]}]},{"@type":"WebPage","@id":"https:\/\/regiaonews.net.br\/2022\/2023\/11\/06\/diniz-convoca-selecao-para-jogos-das-eliminatorias\/","url":"https:\/\/regiaonews.net.br\/2022\/2023\/11\/06\/diniz-convoca-selecao-para-jogos-das-eliminatorias\/","name":"Diniz convoca sele\u00e7\u00e3o para jogos das Eliminat\u00f3rias","isPartOf":{"@id":"https:\/\/regiaonews.net.br\/2022\/#website"},"primaryImageOfPage":{"@id":"https:\/\/regiaonews.net.br\/2022\/2023\/11\/06\/diniz-convoca-selecao-para-jogos-das-eliminatorias\/#primaryimage"},"image":{"@id":"https:\/\/regiaonews.net.br\/2022\/2023\/11\/06\/diniz-convoca-selecao-para-jogos-das-eliminatorias\/#primaryimage"},"thumbnailUrl":"https:\/\/regiaonews.net.br\/2022\/wp-content\/uploads\/2023\/11\/53314281439_7787ef6fff_o.webp","datePublished":"2023-11-06T23:59:08+00:00","description":"t\u00e9cnico Fernando Diniz convocou, na tarde desta segunda-feira (6), a sele\u00e7\u00e3o brasileira para os jogos contra a Col\u00f4mbia","breadcrumb":{"@id":"https:\/\/regiaonews.net.br\/2022\/2023\/11\/06\/diniz-convoca-selecao-para-jogos-das-eliminatorias\/#breadcrumb"},"inLanguage":"pt-BR","potentialAction":[{"@type":"ReadAction","target":["https:\/\/regiaonews.net.br\/2022\/2023\/11\/06\/diniz-convoca-selecao-para-jogos-das-eliminatorias\/"]}]},{"@type":"ImageObject","inLanguage":"pt-BR","@id":"https:\/\/regiaonews.net.br\/2022\/2023\/11\/06\/diniz-convoca-selecao-para-jogos-das-eliminatorias\/#primaryimage","url":"https:\/\/regiaonews.net.br\/2022\/wp-content\/uploads\/2023\/11\/53314281439_7787ef6fff_o.webp","contentUrl":"https:\/\/regiaonews.net.br\/2022\/wp-content\/uploads\/2023\/11\/53314281439_7787ef6fff_o.webp","width":1170,"height":700},{"@type":"BreadcrumbList","@id":"https:\/\/regiaonews.net.br\/2022\/2023\/11\/06\/diniz-convoca-selecao-para-jogos-das-eliminatorias\/#breadcrumb","itemListElement":[{"@type":"ListItem","position":1,"name":"In\u00edcio","item":"https:\/\/regiaonews.net.br\/2022\/"},{"@type":"ListItem","position":2,"name":"Diniz convoca sele\u00e7\u00e3o para jogos das Eliminat\u00f3rias"}]},{"@type":"WebSite","@id":"https:\/\/regiaonews.net.br\/2022\/#website","url":"https:\/\/regiaonews.net.br\/2022\/","name":"Regi\u00e3o News","description":"Site de Not\u00edcias de Barretos e regi\u00e3o","publisher":{"@id":"https:\/\/regiaonews.net.br\/2022\/#organization"},"potentialAction":[{"@type":"SearchAction","target":{"@type":"EntryPoint","urlTemplate":"https:\/\/regiaonews.net.br\/2022\/?s={search_term_string}"},"query-input":{"@type":"PropertyValueSpecification","valueRequired":true,"valueName":"search_term_string"}}],"inLanguage":"pt-BR"},{"@type":"Organization","@id":"https:\/\/regiaonews.net.br\/2022\/#organization","name":"Regi\u00e3o News","url":"https:\/\/regiaonews.net.br\/2022\/","logo":{"@type":"ImageObject","inLanguage":"pt-BR","@id":"https:\/\/regiaonews.net.br\/2022\/#\/schema\/logo\/image\/","url":"https:\/\/regiaonews.net.br\/2022\/wp-content\/uploads\/2026\/03\/regiao-13-anos-scaled.jpg","contentUrl":"https:\/\/regiaonews.net.br\/2022\/wp-content\/uploads\/2026\/03\/regiao-13-anos-scaled.jpg","width":2560,"height":635,"caption":"Regi\u00e3o News"},"image":{"@id":"https:\/\/regiaonews.net.br\/2022\/#\/schema\/logo\/image\/"}},{"@type":"Person","@id":"https:\/\/regiaonews.net.br\/2022\/#\/schema\/person\/2d205a608a5aa97ac279d7a5e6d89ad8","name":"Roberto","image":{"@type":"ImageObject","inLanguage":"pt-BR","@id":"https:\/\/secure.gravatar.com\/avatar\/42749d8b712ff9d59ca93dc150494e5b55a44134482993f5baeb97e61b7ecc89?s=96&d=mm&r=g","url":"https:\/\/secure.gravatar.com\/avatar\/42749d8b712ff9d59ca93dc150494e5b55a44134482993f5baeb97e61b7ecc89?s=96&d=mm&r=g","contentUrl":"https:\/\/secure.gravatar.com\/avatar\/42749d8b712ff9d59ca93dc150494e5b55a44134482993f5baeb97e61b7ecc89?s=96&d=mm&r=g","caption":"Roberto"},"url":"https:\/\/regiaonews.net.br\/2022\/author\/roberto\/"}]}},"publishpress_future_action":{"enabled":false,"date":"2026-05-04 11:38:11","action":"change-status","newStatus":"draft","terms":[],"taxonomy":"category","extraData":[]},"publishpress_future_workflow_manual_trigger":{"enabledWorkflows":[]},"_links":{"self":[{"href":"https:\/\/regiaonews.net.br\/2022\/wp-json\/wp\/v2\/posts\/97454","targetHints":{"allow":["GET"]}}],"collection":[{"href":"https:\/\/regiaonews.net.br\/2022\/wp-json\/wp\/v2\/posts"}],"about":[{"href":"https:\/\/regiaonews.net.br\/2022\/wp-json\/wp\/v2\/types\/post"}],"author":[{"embeddable":true,"href":"https:\/\/regiaonews.net.br\/2022\/wp-json\/wp\/v2\/users\/2"}],"replies":[{"embeddable":true,"href":"https:\/\/regiaonews.net.br\/2022\/wp-json\/wp\/v2\/comments?post=97454"}],"version-history":[{"count":1,"href":"https:\/\/regiaonews.net.br\/2022\/wp-json\/wp\/v2\/posts\/97454\/revisions"}],"predecessor-version":[{"id":97456,"href":"https:\/\/regiaonews.net.br\/2022\/wp-json\/wp\/v2\/posts\/97454\/revisions\/97456"}],"wp:featuredmedia":[{"embeddable":true,"href":"https:\/\/regiaonews.net.br\/2022\/wp-json\/wp\/v2\/media\/97455"}],"wp:attachment":[{"href":"https:\/\/regiaonews.net.br\/2022\/wp-json\/wp\/v2\/media?parent=97454"}],"wp:term":[{"taxonomy":"category","embeddable":true,"href":"https:\/\/regiaonews.net.br\/2022\/wp-json\/wp\/v2\/categories?post=97454"},{"taxonomy":"post_tag","embeddable":true,"href":"https:\/\/regiaonews.net.br\/2022\/wp-json\/wp\/v2\/tags?post=97454"}],"curies":[{"name":"wp","href":"https:\/\/api.w.org\/{rel}","templated":true}]}}