{"id":97451,"date":"2023-11-06T19:51:19","date_gmt":"2023-11-06T22:51:19","guid":{"rendered":"https:\/\/regiaonews.net.br\/2022\/?p=97451"},"modified":"2023-11-06T19:51:19","modified_gmt":"2023-11-06T22:51:19","slug":"biblioteca-municipal-de-barretos-tem-atividades-gratuitas-do-programa-viagem-literaria-nesta-terca-feira-dia-7","status":"publish","type":"post","link":"https:\/\/regiaonews.net.br\/2022\/2023\/11\/06\/biblioteca-municipal-de-barretos-tem-atividades-gratuitas-do-programa-viagem-literaria-nesta-terca-feira-dia-7\/","title":{"rendered":"Biblioteca Municipal de Barretos tem atividades gratuitas do Programa Viagem Liter\u00e1ria nesta ter\u00e7a-feira, dia 7"},"content":{"rendered":"<p>&nbsp;<\/p>\n<p>Programa\u00e7\u00e3o traz a Oficina on-line de Escrita Criativa \u201cCr\u00f4nica: a prima pobre que virou a prima rica da literatura brasileira\u201d, com o autor Ademiro Alves de Sousa, o Sacolinha<\/p>\n<p>A Biblioteca Municipal Afonso d\u00b4Escragnole Taunay tem novo encontro de apaixonados pela literatura e arte da escrita nesta ter\u00e7a-feira, 7 de novembro, \u00e0s 14h, com a Oficina on-line de Escrita Criativa \u201cCr\u00f4nica: a prima pobre que virou a prima rica da literatura brasileira\u201d, com o autor Ademiro Alves de Sousa, o Sacolinha.<\/p>\n<p>Ademiro Alves de Sousa, o Sacolinha, \u00e9 formado em letras, escritor, autor de romances, livros de contos e cr\u00f4nicas. Em sua trajet\u00f3ria, j\u00e1 esteve em programas de televis\u00e3o como J\u00f4, Provoca\u00e7\u00f5es, Metr\u00f3poles e Manos e Minas. Al\u00e9m disso, ganhou v\u00e1rios pr\u00eamios por seus livros e seus projetos. Ademiro realiza palestras semanais nas escolas p\u00fablicas do Estado de S\u00e3o Paulo.<\/p>\n<p>Interessados (as) em participar da oficina vespertina devem entrar em contato com a Biblioteca Municipal, pelo telefone (17) 3612-2777, e fazer a inscri\u00e7\u00e3o. Toda a programa\u00e7\u00e3o \u00e9 GRATUITA e oferece certificado de participa\u00e7\u00e3o. As vagas s\u00e3o limitadas.<\/p>\n<p>Para o secret\u00e1rio municipal de Cultura, Rog\u00e9rio Teod\u00f3sio, a programa\u00e7\u00e3o deste ano movimentou a Biblioteca e est\u00e1 incentivando o gosto pela leitura e escrita. \u201cDurante a programa\u00e7\u00e3o, a Biblioteca Municipal recebeu grande fluxo de escritores, entusiastas e estudantes interessados em aprender mais sobre conta\u00e7\u00e3o de hist\u00f3rias e o universo da produ\u00e7\u00e3o de textos. A chegada da Viagem Liter\u00e1ria, mais uma vez em Barretos, ressalta os esfor\u00e7os da equipe da Biblioteca e de toda a secretaria\u201d, disse.<\/p>\n<p>Viagem liter\u00e1ria em Barretos<\/p>\n<p>O programa Viagem Liter\u00e1ria, do SISEB (Sistema Estadual de Bibliotecas), est\u00e1 em sua 15\u00aa edi\u00e7\u00e3o. Nas 70 cidades selecionadas, a programa\u00e7\u00e3o de 2023 inclui tr\u00eas atividades gratuitas que s\u00e3o desenvolvidas ao longo do ano e abertas a toda a popula\u00e7\u00e3o.<\/p>\n<p>Em Barretos, a programa\u00e7\u00e3o come\u00e7ou em agosto com conta\u00e7\u00e3o de hist\u00f3rias com a dupla Leandro e Pedro.<br \/>\nEm outubro, a Biblioteca recebeu a escritora Monique Malcher, com a Oficina \u201cMonstruosidades e fraturas na inf\u00e2ncia\u201d e bate-papo com a escritora, aberto ao p\u00fablico em geral.<\/p>\n<p>A oficina on-line de Escrita Criativa com o autor Sacolinha \u2013 Ademiro Alves de Sousa encerra a programa\u00e7\u00e3o deste ano.<\/p>\n<p>Servi\u00e7o<\/p>\n<p>Assunto: Programa\u00e7\u00e3o da Viagem Liter\u00e1ria 2023 em Barretos<\/p>\n<p>Oficina gratuita: \u201cCr\u00f4nica: a prima pobre que virou a prima rica da literatura brasileira\u201d, com o autor Sacolinha: Ademiro Alves de Sousa<\/p>\n<p>Data: 7\/11, ter\u00e7a-feira<\/p>\n<p>Hor\u00e1rio: 14h<\/p>\n<p>Local: Biblioteca Municipal Afonso d\u00b4Escragnole Taunay<\/p>\n<p>Endere\u00e7o: Avenida 15, n. 724 (entre as Ruas 18 e 20) &#8211; Centro<\/p>\n<p>Inscri\u00e7\u00f5es: (17) 3612-2777 (Vagas limitadas).<\/p>\n","protected":false},"excerpt":{"rendered":"<p>&nbsp; Programa\u00e7\u00e3o traz a Oficina on-line de Escrita Criativa \u201cCr\u00f4nica:<\/p>\n","protected":false},"author":2,"featured_media":97452,"comment_status":"open","ping_status":"open","sticky":false,"template":"","format":"standard","meta":{"footnotes":""},"categories":[14,25],"tags":[],"class_list":["post-97451","post","type-post","status-publish","format-standard","has-post-thumbnail","hentry","category-barretos","category-cidades"],"yoast_head":"<!-- This site is optimized with the Yoast SEO plugin v27.4 - https:\/\/yoast.com\/product\/yoast-seo-wordpress\/ -->\n<title>Biblioteca Municipal de Barretos tem atividades gratuitas do Programa Viagem Liter\u00e1ria nesta ter\u00e7a-feira, dia 7 - Regi\u00e3o News<\/title>\n<meta name=\"robots\" content=\"index, follow, max-snippet:-1, max-image-preview:large, max-video-preview:-1\" \/>\n<link rel=\"canonical\" href=\"https:\/\/regiaonews.net.br\/2022\/2023\/11\/06\/biblioteca-municipal-de-barretos-tem-atividades-gratuitas-do-programa-viagem-literaria-nesta-terca-feira-dia-7\/\" \/>\n<meta property=\"og:locale\" content=\"pt_BR\" \/>\n<meta property=\"og:type\" content=\"article\" \/>\n<meta property=\"og:title\" content=\"Biblioteca Municipal de Barretos tem atividades gratuitas do Programa Viagem Liter\u00e1ria nesta ter\u00e7a-feira, dia 7 - Regi\u00e3o News\" \/>\n<meta property=\"og:description\" content=\"&nbsp; Programa\u00e7\u00e3o traz a Oficina on-line de Escrita Criativa \u201cCr\u00f4nica:\" \/>\n<meta property=\"og:url\" content=\"https:\/\/regiaonews.net.br\/2022\/2023\/11\/06\/biblioteca-municipal-de-barretos-tem-atividades-gratuitas-do-programa-viagem-literaria-nesta-terca-feira-dia-7\/\" \/>\n<meta property=\"og:site_name\" content=\"Regi\u00e3o News\" \/>\n<meta property=\"article:published_time\" content=\"2023-11-06T22:51:19+00:00\" \/>\n<meta property=\"og:image\" content=\"https:\/\/regiaonews.net.br\/2022\/wp-content\/uploads\/2023\/11\/WhatsApp-Image-2023-11-06-at-18.49.06.jpeg\" \/>\n\t<meta property=\"og:image:width\" content=\"1080\" \/>\n\t<meta property=\"og:image:height\" content=\"1080\" \/>\n\t<meta property=\"og:image:type\" content=\"image\/jpeg\" \/>\n<meta name=\"author\" content=\"Roberto\" \/>\n<meta name=\"twitter:card\" content=\"summary_large_image\" \/>\n<meta name=\"twitter:label1\" content=\"Escrito por\" \/>\n\t<meta name=\"twitter:data1\" content=\"Roberto\" \/>\n\t<meta name=\"twitter:label2\" content=\"Est. tempo de leitura\" \/>\n\t<meta name=\"twitter:data2\" content=\"3 minutos\" \/>\n<script type=\"application\/ld+json\" class=\"yoast-schema-graph\">{\"@context\":\"https:\\\/\\\/schema.org\",\"@graph\":[{\"@type\":\"Article\",\"@id\":\"https:\\\/\\\/regiaonews.net.br\\\/2022\\\/2023\\\/11\\\/06\\\/biblioteca-municipal-de-barretos-tem-atividades-gratuitas-do-programa-viagem-literaria-nesta-terca-feira-dia-7\\\/#article\",\"isPartOf\":{\"@id\":\"https:\\\/\\\/regiaonews.net.br\\\/2022\\\/2023\\\/11\\\/06\\\/biblioteca-municipal-de-barretos-tem-atividades-gratuitas-do-programa-viagem-literaria-nesta-terca-feira-dia-7\\\/\"},\"author\":{\"name\":\"Roberto\",\"@id\":\"https:\\\/\\\/regiaonews.net.br\\\/2022\\\/#\\\/schema\\\/person\\\/2d205a608a5aa97ac279d7a5e6d89ad8\"},\"headline\":\"Biblioteca Municipal de Barretos tem atividades gratuitas do Programa Viagem Liter\u00e1ria nesta ter\u00e7a-feira, dia 7\",\"datePublished\":\"2023-11-06T22:51:19+00:00\",\"mainEntityOfPage\":{\"@id\":\"https:\\\/\\\/regiaonews.net.br\\\/2022\\\/2023\\\/11\\\/06\\\/biblioteca-municipal-de-barretos-tem-atividades-gratuitas-do-programa-viagem-literaria-nesta-terca-feira-dia-7\\\/\"},\"wordCount\":475,\"commentCount\":0,\"publisher\":{\"@id\":\"https:\\\/\\\/regiaonews.net.br\\\/2022\\\/#organization\"},\"image\":{\"@id\":\"https:\\\/\\\/regiaonews.net.br\\\/2022\\\/2023\\\/11\\\/06\\\/biblioteca-municipal-de-barretos-tem-atividades-gratuitas-do-programa-viagem-literaria-nesta-terca-feira-dia-7\\\/#primaryimage\"},\"thumbnailUrl\":\"https:\\\/\\\/regiaonews.net.br\\\/2022\\\/wp-content\\\/uploads\\\/2023\\\/11\\\/WhatsApp-Image-2023-11-06-at-18.49.06.jpeg\",\"articleSection\":[\"Barretos\",\"Cidades\"],\"inLanguage\":\"pt-BR\",\"potentialAction\":[{\"@type\":\"CommentAction\",\"name\":\"Comment\",\"target\":[\"https:\\\/\\\/regiaonews.net.br\\\/2022\\\/2023\\\/11\\\/06\\\/biblioteca-municipal-de-barretos-tem-atividades-gratuitas-do-programa-viagem-literaria-nesta-terca-feira-dia-7\\\/#respond\"]}]},{\"@type\":\"WebPage\",\"@id\":\"https:\\\/\\\/regiaonews.net.br\\\/2022\\\/2023\\\/11\\\/06\\\/biblioteca-municipal-de-barretos-tem-atividades-gratuitas-do-programa-viagem-literaria-nesta-terca-feira-dia-7\\\/\",\"url\":\"https:\\\/\\\/regiaonews.net.br\\\/2022\\\/2023\\\/11\\\/06\\\/biblioteca-municipal-de-barretos-tem-atividades-gratuitas-do-programa-viagem-literaria-nesta-terca-feira-dia-7\\\/\",\"name\":\"Biblioteca Municipal de Barretos tem atividades gratuitas do Programa Viagem Liter\u00e1ria nesta ter\u00e7a-feira, dia 7 - Regi\u00e3o News\",\"isPartOf\":{\"@id\":\"https:\\\/\\\/regiaonews.net.br\\\/2022\\\/#website\"},\"primaryImageOfPage\":{\"@id\":\"https:\\\/\\\/regiaonews.net.br\\\/2022\\\/2023\\\/11\\\/06\\\/biblioteca-municipal-de-barretos-tem-atividades-gratuitas-do-programa-viagem-literaria-nesta-terca-feira-dia-7\\\/#primaryimage\"},\"image\":{\"@id\":\"https:\\\/\\\/regiaonews.net.br\\\/2022\\\/2023\\\/11\\\/06\\\/biblioteca-municipal-de-barretos-tem-atividades-gratuitas-do-programa-viagem-literaria-nesta-terca-feira-dia-7\\\/#primaryimage\"},\"thumbnailUrl\":\"https:\\\/\\\/regiaonews.net.br\\\/2022\\\/wp-content\\\/uploads\\\/2023\\\/11\\\/WhatsApp-Image-2023-11-06-at-18.49.06.jpeg\",\"datePublished\":\"2023-11-06T22:51:19+00:00\",\"breadcrumb\":{\"@id\":\"https:\\\/\\\/regiaonews.net.br\\\/2022\\\/2023\\\/11\\\/06\\\/biblioteca-municipal-de-barretos-tem-atividades-gratuitas-do-programa-viagem-literaria-nesta-terca-feira-dia-7\\\/#breadcrumb\"},\"inLanguage\":\"pt-BR\",\"potentialAction\":[{\"@type\":\"ReadAction\",\"target\":[\"https:\\\/\\\/regiaonews.net.br\\\/2022\\\/2023\\\/11\\\/06\\\/biblioteca-municipal-de-barretos-tem-atividades-gratuitas-do-programa-viagem-literaria-nesta-terca-feira-dia-7\\\/\"]}]},{\"@type\":\"ImageObject\",\"inLanguage\":\"pt-BR\",\"@id\":\"https:\\\/\\\/regiaonews.net.br\\\/2022\\\/2023\\\/11\\\/06\\\/biblioteca-municipal-de-barretos-tem-atividades-gratuitas-do-programa-viagem-literaria-nesta-terca-feira-dia-7\\\/#primaryimage\",\"url\":\"https:\\\/\\\/regiaonews.net.br\\\/2022\\\/wp-content\\\/uploads\\\/2023\\\/11\\\/WhatsApp-Image-2023-11-06-at-18.49.06.jpeg\",\"contentUrl\":\"https:\\\/\\\/regiaonews.net.br\\\/2022\\\/wp-content\\\/uploads\\\/2023\\\/11\\\/WhatsApp-Image-2023-11-06-at-18.49.06.jpeg\",\"width\":1080,\"height\":1080},{\"@type\":\"BreadcrumbList\",\"@id\":\"https:\\\/\\\/regiaonews.net.br\\\/2022\\\/2023\\\/11\\\/06\\\/biblioteca-municipal-de-barretos-tem-atividades-gratuitas-do-programa-viagem-literaria-nesta-terca-feira-dia-7\\\/#breadcrumb\",\"itemListElement\":[{\"@type\":\"ListItem\",\"position\":1,\"name\":\"In\u00edcio\",\"item\":\"https:\\\/\\\/regiaonews.net.br\\\/2022\\\/\"},{\"@type\":\"ListItem\",\"position\":2,\"name\":\"Biblioteca Municipal de Barretos tem atividades gratuitas do Programa Viagem Liter\u00e1ria nesta ter\u00e7a-feira, dia 7\"}]},{\"@type\":\"WebSite\",\"@id\":\"https:\\\/\\\/regiaonews.net.br\\\/2022\\\/#website\",\"url\":\"https:\\\/\\\/regiaonews.net.br\\\/2022\\\/\",\"name\":\"Regi\u00e3o News\",\"description\":\"Site de Not\u00edcias de Barretos e regi\u00e3o\",\"publisher\":{\"@id\":\"https:\\\/\\\/regiaonews.net.br\\\/2022\\\/#organization\"},\"potentialAction\":[{\"@type\":\"SearchAction\",\"target\":{\"@type\":\"EntryPoint\",\"urlTemplate\":\"https:\\\/\\\/regiaonews.net.br\\\/2022\\\/?s={search_term_string}\"},\"query-input\":{\"@type\":\"PropertyValueSpecification\",\"valueRequired\":true,\"valueName\":\"search_term_string\"}}],\"inLanguage\":\"pt-BR\"},{\"@type\":\"Organization\",\"@id\":\"https:\\\/\\\/regiaonews.net.br\\\/2022\\\/#organization\",\"name\":\"Regi\u00e3o News\",\"url\":\"https:\\\/\\\/regiaonews.net.br\\\/2022\\\/\",\"logo\":{\"@type\":\"ImageObject\",\"inLanguage\":\"pt-BR\",\"@id\":\"https:\\\/\\\/regiaonews.net.br\\\/2022\\\/#\\\/schema\\\/logo\\\/image\\\/\",\"url\":\"https:\\\/\\\/regiaonews.net.br\\\/2022\\\/wp-content\\\/uploads\\\/2026\\\/03\\\/regiao-13-anos-scaled.jpg\",\"contentUrl\":\"https:\\\/\\\/regiaonews.net.br\\\/2022\\\/wp-content\\\/uploads\\\/2026\\\/03\\\/regiao-13-anos-scaled.jpg\",\"width\":2560,\"height\":635,\"caption\":\"Regi\u00e3o News\"},\"image\":{\"@id\":\"https:\\\/\\\/regiaonews.net.br\\\/2022\\\/#\\\/schema\\\/logo\\\/image\\\/\"}},{\"@type\":\"Person\",\"@id\":\"https:\\\/\\\/regiaonews.net.br\\\/2022\\\/#\\\/schema\\\/person\\\/2d205a608a5aa97ac279d7a5e6d89ad8\",\"name\":\"Roberto\",\"image\":{\"@type\":\"ImageObject\",\"inLanguage\":\"pt-BR\",\"@id\":\"https:\\\/\\\/secure.gravatar.com\\\/avatar\\\/42749d8b712ff9d59ca93dc150494e5b55a44134482993f5baeb97e61b7ecc89?s=96&d=mm&r=g\",\"url\":\"https:\\\/\\\/secure.gravatar.com\\\/avatar\\\/42749d8b712ff9d59ca93dc150494e5b55a44134482993f5baeb97e61b7ecc89?s=96&d=mm&r=g\",\"contentUrl\":\"https:\\\/\\\/secure.gravatar.com\\\/avatar\\\/42749d8b712ff9d59ca93dc150494e5b55a44134482993f5baeb97e61b7ecc89?s=96&d=mm&r=g\",\"caption\":\"Roberto\"},\"url\":\"https:\\\/\\\/regiaonews.net.br\\\/2022\\\/author\\\/roberto\\\/\"}]}<\/script>\n<!-- \/ Yoast SEO plugin. -->","yoast_head_json":{"title":"Biblioteca Municipal de Barretos tem atividades gratuitas do Programa Viagem Liter\u00e1ria nesta ter\u00e7a-feira, dia 7 - Regi\u00e3o News","robots":{"index":"index","follow":"follow","max-snippet":"max-snippet:-1","max-image-preview":"max-image-preview:large","max-video-preview":"max-video-preview:-1"},"canonical":"https:\/\/regiaonews.net.br\/2022\/2023\/11\/06\/biblioteca-municipal-de-barretos-tem-atividades-gratuitas-do-programa-viagem-literaria-nesta-terca-feira-dia-7\/","og_locale":"pt_BR","og_type":"article","og_title":"Biblioteca Municipal de Barretos tem atividades gratuitas do Programa Viagem Liter\u00e1ria nesta ter\u00e7a-feira, dia 7 - Regi\u00e3o News","og_description":"&nbsp; Programa\u00e7\u00e3o traz a Oficina on-line de Escrita Criativa \u201cCr\u00f4nica:","og_url":"https:\/\/regiaonews.net.br\/2022\/2023\/11\/06\/biblioteca-municipal-de-barretos-tem-atividades-gratuitas-do-programa-viagem-literaria-nesta-terca-feira-dia-7\/","og_site_name":"Regi\u00e3o News","article_published_time":"2023-11-06T22:51:19+00:00","og_image":[{"width":1080,"height":1080,"url":"https:\/\/regiaonews.net.br\/2022\/wp-content\/uploads\/2023\/11\/WhatsApp-Image-2023-11-06-at-18.49.06.jpeg","type":"image\/jpeg"}],"author":"Roberto","twitter_card":"summary_large_image","twitter_misc":{"Escrito por":"Roberto","Est. tempo de leitura":"3 minutos"},"schema":{"@context":"https:\/\/schema.org","@graph":[{"@type":"Article","@id":"https:\/\/regiaonews.net.br\/2022\/2023\/11\/06\/biblioteca-municipal-de-barretos-tem-atividades-gratuitas-do-programa-viagem-literaria-nesta-terca-feira-dia-7\/#article","isPartOf":{"@id":"https:\/\/regiaonews.net.br\/2022\/2023\/11\/06\/biblioteca-municipal-de-barretos-tem-atividades-gratuitas-do-programa-viagem-literaria-nesta-terca-feira-dia-7\/"},"author":{"name":"Roberto","@id":"https:\/\/regiaonews.net.br\/2022\/#\/schema\/person\/2d205a608a5aa97ac279d7a5e6d89ad8"},"headline":"Biblioteca Municipal de Barretos tem atividades gratuitas do Programa Viagem Liter\u00e1ria nesta ter\u00e7a-feira, dia 7","datePublished":"2023-11-06T22:51:19+00:00","mainEntityOfPage":{"@id":"https:\/\/regiaonews.net.br\/2022\/2023\/11\/06\/biblioteca-municipal-de-barretos-tem-atividades-gratuitas-do-programa-viagem-literaria-nesta-terca-feira-dia-7\/"},"wordCount":475,"commentCount":0,"publisher":{"@id":"https:\/\/regiaonews.net.br\/2022\/#organization"},"image":{"@id":"https:\/\/regiaonews.net.br\/2022\/2023\/11\/06\/biblioteca-municipal-de-barretos-tem-atividades-gratuitas-do-programa-viagem-literaria-nesta-terca-feira-dia-7\/#primaryimage"},"thumbnailUrl":"https:\/\/regiaonews.net.br\/2022\/wp-content\/uploads\/2023\/11\/WhatsApp-Image-2023-11-06-at-18.49.06.jpeg","articleSection":["Barretos","Cidades"],"inLanguage":"pt-BR","potentialAction":[{"@type":"CommentAction","name":"Comment","target":["https:\/\/regiaonews.net.br\/2022\/2023\/11\/06\/biblioteca-municipal-de-barretos-tem-atividades-gratuitas-do-programa-viagem-literaria-nesta-terca-feira-dia-7\/#respond"]}]},{"@type":"WebPage","@id":"https:\/\/regiaonews.net.br\/2022\/2023\/11\/06\/biblioteca-municipal-de-barretos-tem-atividades-gratuitas-do-programa-viagem-literaria-nesta-terca-feira-dia-7\/","url":"https:\/\/regiaonews.net.br\/2022\/2023\/11\/06\/biblioteca-municipal-de-barretos-tem-atividades-gratuitas-do-programa-viagem-literaria-nesta-terca-feira-dia-7\/","name":"Biblioteca Municipal de Barretos tem atividades gratuitas do Programa Viagem Liter\u00e1ria nesta ter\u00e7a-feira, dia 7 - Regi\u00e3o News","isPartOf":{"@id":"https:\/\/regiaonews.net.br\/2022\/#website"},"primaryImageOfPage":{"@id":"https:\/\/regiaonews.net.br\/2022\/2023\/11\/06\/biblioteca-municipal-de-barretos-tem-atividades-gratuitas-do-programa-viagem-literaria-nesta-terca-feira-dia-7\/#primaryimage"},"image":{"@id":"https:\/\/regiaonews.net.br\/2022\/2023\/11\/06\/biblioteca-municipal-de-barretos-tem-atividades-gratuitas-do-programa-viagem-literaria-nesta-terca-feira-dia-7\/#primaryimage"},"thumbnailUrl":"https:\/\/regiaonews.net.br\/2022\/wp-content\/uploads\/2023\/11\/WhatsApp-Image-2023-11-06-at-18.49.06.jpeg","datePublished":"2023-11-06T22:51:19+00:00","breadcrumb":{"@id":"https:\/\/regiaonews.net.br\/2022\/2023\/11\/06\/biblioteca-municipal-de-barretos-tem-atividades-gratuitas-do-programa-viagem-literaria-nesta-terca-feira-dia-7\/#breadcrumb"},"inLanguage":"pt-BR","potentialAction":[{"@type":"ReadAction","target":["https:\/\/regiaonews.net.br\/2022\/2023\/11\/06\/biblioteca-municipal-de-barretos-tem-atividades-gratuitas-do-programa-viagem-literaria-nesta-terca-feira-dia-7\/"]}]},{"@type":"ImageObject","inLanguage":"pt-BR","@id":"https:\/\/regiaonews.net.br\/2022\/2023\/11\/06\/biblioteca-municipal-de-barretos-tem-atividades-gratuitas-do-programa-viagem-literaria-nesta-terca-feira-dia-7\/#primaryimage","url":"https:\/\/regiaonews.net.br\/2022\/wp-content\/uploads\/2023\/11\/WhatsApp-Image-2023-11-06-at-18.49.06.jpeg","contentUrl":"https:\/\/regiaonews.net.br\/2022\/wp-content\/uploads\/2023\/11\/WhatsApp-Image-2023-11-06-at-18.49.06.jpeg","width":1080,"height":1080},{"@type":"BreadcrumbList","@id":"https:\/\/regiaonews.net.br\/2022\/2023\/11\/06\/biblioteca-municipal-de-barretos-tem-atividades-gratuitas-do-programa-viagem-literaria-nesta-terca-feira-dia-7\/#breadcrumb","itemListElement":[{"@type":"ListItem","position":1,"name":"In\u00edcio","item":"https:\/\/regiaonews.net.br\/2022\/"},{"@type":"ListItem","position":2,"name":"Biblioteca Municipal de Barretos tem atividades gratuitas do Programa Viagem Liter\u00e1ria nesta ter\u00e7a-feira, dia 7"}]},{"@type":"WebSite","@id":"https:\/\/regiaonews.net.br\/2022\/#website","url":"https:\/\/regiaonews.net.br\/2022\/","name":"Regi\u00e3o News","description":"Site de Not\u00edcias de Barretos e regi\u00e3o","publisher":{"@id":"https:\/\/regiaonews.net.br\/2022\/#organization"},"potentialAction":[{"@type":"SearchAction","target":{"@type":"EntryPoint","urlTemplate":"https:\/\/regiaonews.net.br\/2022\/?s={search_term_string}"},"query-input":{"@type":"PropertyValueSpecification","valueRequired":true,"valueName":"search_term_string"}}],"inLanguage":"pt-BR"},{"@type":"Organization","@id":"https:\/\/regiaonews.net.br\/2022\/#organization","name":"Regi\u00e3o News","url":"https:\/\/regiaonews.net.br\/2022\/","logo":{"@type":"ImageObject","inLanguage":"pt-BR","@id":"https:\/\/regiaonews.net.br\/2022\/#\/schema\/logo\/image\/","url":"https:\/\/regiaonews.net.br\/2022\/wp-content\/uploads\/2026\/03\/regiao-13-anos-scaled.jpg","contentUrl":"https:\/\/regiaonews.net.br\/2022\/wp-content\/uploads\/2026\/03\/regiao-13-anos-scaled.jpg","width":2560,"height":635,"caption":"Regi\u00e3o News"},"image":{"@id":"https:\/\/regiaonews.net.br\/2022\/#\/schema\/logo\/image\/"}},{"@type":"Person","@id":"https:\/\/regiaonews.net.br\/2022\/#\/schema\/person\/2d205a608a5aa97ac279d7a5e6d89ad8","name":"Roberto","image":{"@type":"ImageObject","inLanguage":"pt-BR","@id":"https:\/\/secure.gravatar.com\/avatar\/42749d8b712ff9d59ca93dc150494e5b55a44134482993f5baeb97e61b7ecc89?s=96&d=mm&r=g","url":"https:\/\/secure.gravatar.com\/avatar\/42749d8b712ff9d59ca93dc150494e5b55a44134482993f5baeb97e61b7ecc89?s=96&d=mm&r=g","contentUrl":"https:\/\/secure.gravatar.com\/avatar\/42749d8b712ff9d59ca93dc150494e5b55a44134482993f5baeb97e61b7ecc89?s=96&d=mm&r=g","caption":"Roberto"},"url":"https:\/\/regiaonews.net.br\/2022\/author\/roberto\/"}]}},"publishpress_future_action":{"enabled":false,"date":"2026-05-04 13:02:10","action":"change-status","newStatus":"draft","terms":[],"taxonomy":"category","extraData":[]},"publishpress_future_workflow_manual_trigger":{"enabledWorkflows":[]},"_links":{"self":[{"href":"https:\/\/regiaonews.net.br\/2022\/wp-json\/wp\/v2\/posts\/97451","targetHints":{"allow":["GET"]}}],"collection":[{"href":"https:\/\/regiaonews.net.br\/2022\/wp-json\/wp\/v2\/posts"}],"about":[{"href":"https:\/\/regiaonews.net.br\/2022\/wp-json\/wp\/v2\/types\/post"}],"author":[{"embeddable":true,"href":"https:\/\/regiaonews.net.br\/2022\/wp-json\/wp\/v2\/users\/2"}],"replies":[{"embeddable":true,"href":"https:\/\/regiaonews.net.br\/2022\/wp-json\/wp\/v2\/comments?post=97451"}],"version-history":[{"count":1,"href":"https:\/\/regiaonews.net.br\/2022\/wp-json\/wp\/v2\/posts\/97451\/revisions"}],"predecessor-version":[{"id":97453,"href":"https:\/\/regiaonews.net.br\/2022\/wp-json\/wp\/v2\/posts\/97451\/revisions\/97453"}],"wp:featuredmedia":[{"embeddable":true,"href":"https:\/\/regiaonews.net.br\/2022\/wp-json\/wp\/v2\/media\/97452"}],"wp:attachment":[{"href":"https:\/\/regiaonews.net.br\/2022\/wp-json\/wp\/v2\/media?parent=97451"}],"wp:term":[{"taxonomy":"category","embeddable":true,"href":"https:\/\/regiaonews.net.br\/2022\/wp-json\/wp\/v2\/categories?post=97451"},{"taxonomy":"post_tag","embeddable":true,"href":"https:\/\/regiaonews.net.br\/2022\/wp-json\/wp\/v2\/tags?post=97451"}],"curies":[{"name":"wp","href":"https:\/\/api.w.org\/{rel}","templated":true}]}}