{"id":97448,"date":"2023-11-06T19:36:47","date_gmt":"2023-11-06T22:36:47","guid":{"rendered":"https:\/\/regiaonews.net.br\/2022\/?p=97448"},"modified":"2023-11-06T19:36:47","modified_gmt":"2023-11-06T22:36:47","slug":"prefeitura-anuncia-mais-uma-etapa-do-maior-pacote-de-recapeamento-asfaltico-realizado-em-barretos","status":"publish","type":"post","link":"https:\/\/regiaonews.net.br\/2022\/2023\/11\/06\/prefeitura-anuncia-mais-uma-etapa-do-maior-pacote-de-recapeamento-asfaltico-realizado-em-barretos\/","title":{"rendered":"Prefeitura anuncia mais uma etapa do maior pacote de recapeamento asf\u00e1ltico realizado em Barretos"},"content":{"rendered":"<p>&nbsp;<\/p>\n<p>Ruas dos Bairros Gomes, Monte Castelo, Oriente e S\u00e3o Salvador est\u00e3o no cronograma de revitaliza\u00e7\u00e3o da malha vi\u00e1ria<\/p>\n<p>A Prefeitura da Est\u00e2ncia Tur\u00edstica de Barretos anunciou o in\u00edcio de mais uma etapa do Programa de Recapeamento Asf\u00e1ltico, que levar\u00e1 asfalto novo para aproximadamente 30 bairros barretenses. Nesta fase, ser\u00e3o contemplados os Bairros Gomes, Monte Castelo, Oriente e S\u00e3o Salvador.<\/p>\n<p>Na tarde de quarta-feira, 1\u00b0 de novembro, a prefeita Paula Lemos percorreu as vias que receber\u00e3o o recape. Em sua visita, Paula tamb\u00e9m destacou outras a\u00e7\u00f5es e benfeitorias na regi\u00e3o, como a entrega de escrituras para moradores do Bairro Gomes, a revitaliza\u00e7\u00e3o da Quadra Poliesportiva \u201cDorivaldo Telles\u201d, al\u00e9m da entrega de uma academia ao ar livre e parquinho infantil. \u201cO Bairro Gomes tem sido olhado com muito carinho pela nossa gest\u00e3o e esse recape \u00e9 fruto de uma luta que come\u00e7ou no primeiro ano de mandato. Fa\u00e7o quest\u00e3o de agradecer aos vereadores que votaram a favor do empr\u00e9stimo, pois eles sabem da import\u00e2ncia do recape e que ele significa investimento e seguran\u00e7a para a nossa popula\u00e7\u00e3o, por isso meu muito obrigado ao Paulo Correa, Juninho Bandeira, Carl\u00e3o do Basquete, Lupa, Dr. Chafei, Raphael Silv\u00e9rio, Prof. Adilson, Gabriel Uchida, Vagner Chiapetti, Pr. Elson, Nestor Leonel, Fabr\u00edcio Lemos e Pa\u00e7oca\u201d, disse.<\/p>\n<p>O Programa de Recapeamento tem investimento de R$ 13.548.478,52, financiado atrav\u00e9s da Desenvolve SP &#8211; Ag\u00eancia de Fomento do Estado de S\u00e3o Paulo, totalizando 334.661,02 mil m\u00b2 em recapeamento asf\u00e1ltico em diversos bairros. J\u00e1 foram recapeados os bairros Barretos II, Jardim Arizona, Santa Helena, S\u00e3o Judas Tadeu, Bom Jesus, Sumar\u00e9, Alto Sumar\u00e9, Nova Clementina e S\u00e3o Jorge.<\/p>\n","protected":false},"excerpt":{"rendered":"<p>&nbsp; Ruas dos Bairros Gomes, Monte Castelo, Oriente e S\u00e3o<\/p>\n","protected":false},"author":2,"featured_media":97449,"comment_status":"open","ping_status":"open","sticky":false,"template":"","format":"standard","meta":{"footnotes":""},"categories":[14,25],"tags":[],"class_list":["post-97448","post","type-post","status-publish","format-standard","has-post-thumbnail","hentry","category-barretos","category-cidades"],"yoast_head":"<!-- This site is optimized with the Yoast SEO plugin v27.4 - https:\/\/yoast.com\/product\/yoast-seo-wordpress\/ -->\n<title>Prefeitura anuncia mais uma etapa do maior pacote de recapeamento asf\u00e1ltico realizado em Barretos - Regi\u00e3o News<\/title>\n<meta name=\"robots\" content=\"index, follow, max-snippet:-1, max-image-preview:large, max-video-preview:-1\" \/>\n<link rel=\"canonical\" href=\"https:\/\/regiaonews.net.br\/2022\/2023\/11\/06\/prefeitura-anuncia-mais-uma-etapa-do-maior-pacote-de-recapeamento-asfaltico-realizado-em-barretos\/\" \/>\n<meta property=\"og:locale\" content=\"pt_BR\" \/>\n<meta property=\"og:type\" content=\"article\" \/>\n<meta property=\"og:title\" content=\"Prefeitura anuncia mais uma etapa do maior pacote de recapeamento asf\u00e1ltico realizado em Barretos - Regi\u00e3o News\" \/>\n<meta property=\"og:description\" content=\"&nbsp; Ruas dos Bairros Gomes, Monte Castelo, Oriente e S\u00e3o\" \/>\n<meta property=\"og:url\" content=\"https:\/\/regiaonews.net.br\/2022\/2023\/11\/06\/prefeitura-anuncia-mais-uma-etapa-do-maior-pacote-de-recapeamento-asfaltico-realizado-em-barretos\/\" \/>\n<meta property=\"og:site_name\" content=\"Regi\u00e3o News\" \/>\n<meta property=\"article:published_time\" content=\"2023-11-06T22:36:47+00:00\" \/>\n<meta property=\"og:image\" content=\"https:\/\/regiaonews.net.br\/2022\/wp-content\/uploads\/2023\/11\/WhatsApp-Image-2023-11-06-at-18.49.05.jpeg\" \/>\n\t<meta property=\"og:image:width\" content=\"1600\" \/>\n\t<meta property=\"og:image:height\" content=\"1066\" \/>\n\t<meta property=\"og:image:type\" content=\"image\/jpeg\" \/>\n<meta name=\"author\" content=\"Roberto\" \/>\n<meta name=\"twitter:card\" content=\"summary_large_image\" \/>\n<meta name=\"twitter:label1\" content=\"Escrito por\" \/>\n\t<meta name=\"twitter:data1\" content=\"Roberto\" \/>\n\t<meta name=\"twitter:label2\" content=\"Est. tempo de leitura\" \/>\n\t<meta name=\"twitter:data2\" content=\"2 minutos\" \/>\n<script type=\"application\/ld+json\" class=\"yoast-schema-graph\">{\"@context\":\"https:\\\/\\\/schema.org\",\"@graph\":[{\"@type\":\"Article\",\"@id\":\"https:\\\/\\\/regiaonews.net.br\\\/2022\\\/2023\\\/11\\\/06\\\/prefeitura-anuncia-mais-uma-etapa-do-maior-pacote-de-recapeamento-asfaltico-realizado-em-barretos\\\/#article\",\"isPartOf\":{\"@id\":\"https:\\\/\\\/regiaonews.net.br\\\/2022\\\/2023\\\/11\\\/06\\\/prefeitura-anuncia-mais-uma-etapa-do-maior-pacote-de-recapeamento-asfaltico-realizado-em-barretos\\\/\"},\"author\":{\"name\":\"Roberto\",\"@id\":\"https:\\\/\\\/regiaonews.net.br\\\/2022\\\/#\\\/schema\\\/person\\\/2d205a608a5aa97ac279d7a5e6d89ad8\"},\"headline\":\"Prefeitura anuncia mais uma etapa do maior pacote de recapeamento asf\u00e1ltico realizado em Barretos\",\"datePublished\":\"2023-11-06T22:36:47+00:00\",\"mainEntityOfPage\":{\"@id\":\"https:\\\/\\\/regiaonews.net.br\\\/2022\\\/2023\\\/11\\\/06\\\/prefeitura-anuncia-mais-uma-etapa-do-maior-pacote-de-recapeamento-asfaltico-realizado-em-barretos\\\/\"},\"wordCount\":310,\"commentCount\":0,\"publisher\":{\"@id\":\"https:\\\/\\\/regiaonews.net.br\\\/2022\\\/#organization\"},\"image\":{\"@id\":\"https:\\\/\\\/regiaonews.net.br\\\/2022\\\/2023\\\/11\\\/06\\\/prefeitura-anuncia-mais-uma-etapa-do-maior-pacote-de-recapeamento-asfaltico-realizado-em-barretos\\\/#primaryimage\"},\"thumbnailUrl\":\"https:\\\/\\\/regiaonews.net.br\\\/2022\\\/wp-content\\\/uploads\\\/2023\\\/11\\\/WhatsApp-Image-2023-11-06-at-18.49.05.jpeg\",\"articleSection\":[\"Barretos\",\"Cidades\"],\"inLanguage\":\"pt-BR\",\"potentialAction\":[{\"@type\":\"CommentAction\",\"name\":\"Comment\",\"target\":[\"https:\\\/\\\/regiaonews.net.br\\\/2022\\\/2023\\\/11\\\/06\\\/prefeitura-anuncia-mais-uma-etapa-do-maior-pacote-de-recapeamento-asfaltico-realizado-em-barretos\\\/#respond\"]}]},{\"@type\":\"WebPage\",\"@id\":\"https:\\\/\\\/regiaonews.net.br\\\/2022\\\/2023\\\/11\\\/06\\\/prefeitura-anuncia-mais-uma-etapa-do-maior-pacote-de-recapeamento-asfaltico-realizado-em-barretos\\\/\",\"url\":\"https:\\\/\\\/regiaonews.net.br\\\/2022\\\/2023\\\/11\\\/06\\\/prefeitura-anuncia-mais-uma-etapa-do-maior-pacote-de-recapeamento-asfaltico-realizado-em-barretos\\\/\",\"name\":\"Prefeitura anuncia mais uma etapa do maior pacote de recapeamento asf\u00e1ltico realizado em Barretos - Regi\u00e3o News\",\"isPartOf\":{\"@id\":\"https:\\\/\\\/regiaonews.net.br\\\/2022\\\/#website\"},\"primaryImageOfPage\":{\"@id\":\"https:\\\/\\\/regiaonews.net.br\\\/2022\\\/2023\\\/11\\\/06\\\/prefeitura-anuncia-mais-uma-etapa-do-maior-pacote-de-recapeamento-asfaltico-realizado-em-barretos\\\/#primaryimage\"},\"image\":{\"@id\":\"https:\\\/\\\/regiaonews.net.br\\\/2022\\\/2023\\\/11\\\/06\\\/prefeitura-anuncia-mais-uma-etapa-do-maior-pacote-de-recapeamento-asfaltico-realizado-em-barretos\\\/#primaryimage\"},\"thumbnailUrl\":\"https:\\\/\\\/regiaonews.net.br\\\/2022\\\/wp-content\\\/uploads\\\/2023\\\/11\\\/WhatsApp-Image-2023-11-06-at-18.49.05.jpeg\",\"datePublished\":\"2023-11-06T22:36:47+00:00\",\"breadcrumb\":{\"@id\":\"https:\\\/\\\/regiaonews.net.br\\\/2022\\\/2023\\\/11\\\/06\\\/prefeitura-anuncia-mais-uma-etapa-do-maior-pacote-de-recapeamento-asfaltico-realizado-em-barretos\\\/#breadcrumb\"},\"inLanguage\":\"pt-BR\",\"potentialAction\":[{\"@type\":\"ReadAction\",\"target\":[\"https:\\\/\\\/regiaonews.net.br\\\/2022\\\/2023\\\/11\\\/06\\\/prefeitura-anuncia-mais-uma-etapa-do-maior-pacote-de-recapeamento-asfaltico-realizado-em-barretos\\\/\"]}]},{\"@type\":\"ImageObject\",\"inLanguage\":\"pt-BR\",\"@id\":\"https:\\\/\\\/regiaonews.net.br\\\/2022\\\/2023\\\/11\\\/06\\\/prefeitura-anuncia-mais-uma-etapa-do-maior-pacote-de-recapeamento-asfaltico-realizado-em-barretos\\\/#primaryimage\",\"url\":\"https:\\\/\\\/regiaonews.net.br\\\/2022\\\/wp-content\\\/uploads\\\/2023\\\/11\\\/WhatsApp-Image-2023-11-06-at-18.49.05.jpeg\",\"contentUrl\":\"https:\\\/\\\/regiaonews.net.br\\\/2022\\\/wp-content\\\/uploads\\\/2023\\\/11\\\/WhatsApp-Image-2023-11-06-at-18.49.05.jpeg\",\"width\":1600,\"height\":1066},{\"@type\":\"BreadcrumbList\",\"@id\":\"https:\\\/\\\/regiaonews.net.br\\\/2022\\\/2023\\\/11\\\/06\\\/prefeitura-anuncia-mais-uma-etapa-do-maior-pacote-de-recapeamento-asfaltico-realizado-em-barretos\\\/#breadcrumb\",\"itemListElement\":[{\"@type\":\"ListItem\",\"position\":1,\"name\":\"In\u00edcio\",\"item\":\"https:\\\/\\\/regiaonews.net.br\\\/2022\\\/\"},{\"@type\":\"ListItem\",\"position\":2,\"name\":\"Prefeitura anuncia mais uma etapa do maior pacote de recapeamento asf\u00e1ltico realizado em Barretos\"}]},{\"@type\":\"WebSite\",\"@id\":\"https:\\\/\\\/regiaonews.net.br\\\/2022\\\/#website\",\"url\":\"https:\\\/\\\/regiaonews.net.br\\\/2022\\\/\",\"name\":\"Regi\u00e3o News\",\"description\":\"Site de Not\u00edcias de Barretos e regi\u00e3o\",\"publisher\":{\"@id\":\"https:\\\/\\\/regiaonews.net.br\\\/2022\\\/#organization\"},\"potentialAction\":[{\"@type\":\"SearchAction\",\"target\":{\"@type\":\"EntryPoint\",\"urlTemplate\":\"https:\\\/\\\/regiaonews.net.br\\\/2022\\\/?s={search_term_string}\"},\"query-input\":{\"@type\":\"PropertyValueSpecification\",\"valueRequired\":true,\"valueName\":\"search_term_string\"}}],\"inLanguage\":\"pt-BR\"},{\"@type\":\"Organization\",\"@id\":\"https:\\\/\\\/regiaonews.net.br\\\/2022\\\/#organization\",\"name\":\"Regi\u00e3o News\",\"url\":\"https:\\\/\\\/regiaonews.net.br\\\/2022\\\/\",\"logo\":{\"@type\":\"ImageObject\",\"inLanguage\":\"pt-BR\",\"@id\":\"https:\\\/\\\/regiaonews.net.br\\\/2022\\\/#\\\/schema\\\/logo\\\/image\\\/\",\"url\":\"https:\\\/\\\/regiaonews.net.br\\\/2022\\\/wp-content\\\/uploads\\\/2026\\\/03\\\/regiao-13-anos-scaled.jpg\",\"contentUrl\":\"https:\\\/\\\/regiaonews.net.br\\\/2022\\\/wp-content\\\/uploads\\\/2026\\\/03\\\/regiao-13-anos-scaled.jpg\",\"width\":2560,\"height\":635,\"caption\":\"Regi\u00e3o News\"},\"image\":{\"@id\":\"https:\\\/\\\/regiaonews.net.br\\\/2022\\\/#\\\/schema\\\/logo\\\/image\\\/\"}},{\"@type\":\"Person\",\"@id\":\"https:\\\/\\\/regiaonews.net.br\\\/2022\\\/#\\\/schema\\\/person\\\/2d205a608a5aa97ac279d7a5e6d89ad8\",\"name\":\"Roberto\",\"image\":{\"@type\":\"ImageObject\",\"inLanguage\":\"pt-BR\",\"@id\":\"https:\\\/\\\/secure.gravatar.com\\\/avatar\\\/42749d8b712ff9d59ca93dc150494e5b55a44134482993f5baeb97e61b7ecc89?s=96&d=mm&r=g\",\"url\":\"https:\\\/\\\/secure.gravatar.com\\\/avatar\\\/42749d8b712ff9d59ca93dc150494e5b55a44134482993f5baeb97e61b7ecc89?s=96&d=mm&r=g\",\"contentUrl\":\"https:\\\/\\\/secure.gravatar.com\\\/avatar\\\/42749d8b712ff9d59ca93dc150494e5b55a44134482993f5baeb97e61b7ecc89?s=96&d=mm&r=g\",\"caption\":\"Roberto\"},\"url\":\"https:\\\/\\\/regiaonews.net.br\\\/2022\\\/author\\\/roberto\\\/\"}]}<\/script>\n<!-- \/ Yoast SEO plugin. -->","yoast_head_json":{"title":"Prefeitura anuncia mais uma etapa do maior pacote de recapeamento asf\u00e1ltico realizado em Barretos - Regi\u00e3o News","robots":{"index":"index","follow":"follow","max-snippet":"max-snippet:-1","max-image-preview":"max-image-preview:large","max-video-preview":"max-video-preview:-1"},"canonical":"https:\/\/regiaonews.net.br\/2022\/2023\/11\/06\/prefeitura-anuncia-mais-uma-etapa-do-maior-pacote-de-recapeamento-asfaltico-realizado-em-barretos\/","og_locale":"pt_BR","og_type":"article","og_title":"Prefeitura anuncia mais uma etapa do maior pacote de recapeamento asf\u00e1ltico realizado em Barretos - Regi\u00e3o News","og_description":"&nbsp; Ruas dos Bairros Gomes, Monte Castelo, Oriente e S\u00e3o","og_url":"https:\/\/regiaonews.net.br\/2022\/2023\/11\/06\/prefeitura-anuncia-mais-uma-etapa-do-maior-pacote-de-recapeamento-asfaltico-realizado-em-barretos\/","og_site_name":"Regi\u00e3o News","article_published_time":"2023-11-06T22:36:47+00:00","og_image":[{"width":1600,"height":1066,"url":"https:\/\/regiaonews.net.br\/2022\/wp-content\/uploads\/2023\/11\/WhatsApp-Image-2023-11-06-at-18.49.05.jpeg","type":"image\/jpeg"}],"author":"Roberto","twitter_card":"summary_large_image","twitter_misc":{"Escrito por":"Roberto","Est. tempo de leitura":"2 minutos"},"schema":{"@context":"https:\/\/schema.org","@graph":[{"@type":"Article","@id":"https:\/\/regiaonews.net.br\/2022\/2023\/11\/06\/prefeitura-anuncia-mais-uma-etapa-do-maior-pacote-de-recapeamento-asfaltico-realizado-em-barretos\/#article","isPartOf":{"@id":"https:\/\/regiaonews.net.br\/2022\/2023\/11\/06\/prefeitura-anuncia-mais-uma-etapa-do-maior-pacote-de-recapeamento-asfaltico-realizado-em-barretos\/"},"author":{"name":"Roberto","@id":"https:\/\/regiaonews.net.br\/2022\/#\/schema\/person\/2d205a608a5aa97ac279d7a5e6d89ad8"},"headline":"Prefeitura anuncia mais uma etapa do maior pacote de recapeamento asf\u00e1ltico realizado em Barretos","datePublished":"2023-11-06T22:36:47+00:00","mainEntityOfPage":{"@id":"https:\/\/regiaonews.net.br\/2022\/2023\/11\/06\/prefeitura-anuncia-mais-uma-etapa-do-maior-pacote-de-recapeamento-asfaltico-realizado-em-barretos\/"},"wordCount":310,"commentCount":0,"publisher":{"@id":"https:\/\/regiaonews.net.br\/2022\/#organization"},"image":{"@id":"https:\/\/regiaonews.net.br\/2022\/2023\/11\/06\/prefeitura-anuncia-mais-uma-etapa-do-maior-pacote-de-recapeamento-asfaltico-realizado-em-barretos\/#primaryimage"},"thumbnailUrl":"https:\/\/regiaonews.net.br\/2022\/wp-content\/uploads\/2023\/11\/WhatsApp-Image-2023-11-06-at-18.49.05.jpeg","articleSection":["Barretos","Cidades"],"inLanguage":"pt-BR","potentialAction":[{"@type":"CommentAction","name":"Comment","target":["https:\/\/regiaonews.net.br\/2022\/2023\/11\/06\/prefeitura-anuncia-mais-uma-etapa-do-maior-pacote-de-recapeamento-asfaltico-realizado-em-barretos\/#respond"]}]},{"@type":"WebPage","@id":"https:\/\/regiaonews.net.br\/2022\/2023\/11\/06\/prefeitura-anuncia-mais-uma-etapa-do-maior-pacote-de-recapeamento-asfaltico-realizado-em-barretos\/","url":"https:\/\/regiaonews.net.br\/2022\/2023\/11\/06\/prefeitura-anuncia-mais-uma-etapa-do-maior-pacote-de-recapeamento-asfaltico-realizado-em-barretos\/","name":"Prefeitura anuncia mais uma etapa do maior pacote de recapeamento asf\u00e1ltico realizado em Barretos - Regi\u00e3o News","isPartOf":{"@id":"https:\/\/regiaonews.net.br\/2022\/#website"},"primaryImageOfPage":{"@id":"https:\/\/regiaonews.net.br\/2022\/2023\/11\/06\/prefeitura-anuncia-mais-uma-etapa-do-maior-pacote-de-recapeamento-asfaltico-realizado-em-barretos\/#primaryimage"},"image":{"@id":"https:\/\/regiaonews.net.br\/2022\/2023\/11\/06\/prefeitura-anuncia-mais-uma-etapa-do-maior-pacote-de-recapeamento-asfaltico-realizado-em-barretos\/#primaryimage"},"thumbnailUrl":"https:\/\/regiaonews.net.br\/2022\/wp-content\/uploads\/2023\/11\/WhatsApp-Image-2023-11-06-at-18.49.05.jpeg","datePublished":"2023-11-06T22:36:47+00:00","breadcrumb":{"@id":"https:\/\/regiaonews.net.br\/2022\/2023\/11\/06\/prefeitura-anuncia-mais-uma-etapa-do-maior-pacote-de-recapeamento-asfaltico-realizado-em-barretos\/#breadcrumb"},"inLanguage":"pt-BR","potentialAction":[{"@type":"ReadAction","target":["https:\/\/regiaonews.net.br\/2022\/2023\/11\/06\/prefeitura-anuncia-mais-uma-etapa-do-maior-pacote-de-recapeamento-asfaltico-realizado-em-barretos\/"]}]},{"@type":"ImageObject","inLanguage":"pt-BR","@id":"https:\/\/regiaonews.net.br\/2022\/2023\/11\/06\/prefeitura-anuncia-mais-uma-etapa-do-maior-pacote-de-recapeamento-asfaltico-realizado-em-barretos\/#primaryimage","url":"https:\/\/regiaonews.net.br\/2022\/wp-content\/uploads\/2023\/11\/WhatsApp-Image-2023-11-06-at-18.49.05.jpeg","contentUrl":"https:\/\/regiaonews.net.br\/2022\/wp-content\/uploads\/2023\/11\/WhatsApp-Image-2023-11-06-at-18.49.05.jpeg","width":1600,"height":1066},{"@type":"BreadcrumbList","@id":"https:\/\/regiaonews.net.br\/2022\/2023\/11\/06\/prefeitura-anuncia-mais-uma-etapa-do-maior-pacote-de-recapeamento-asfaltico-realizado-em-barretos\/#breadcrumb","itemListElement":[{"@type":"ListItem","position":1,"name":"In\u00edcio","item":"https:\/\/regiaonews.net.br\/2022\/"},{"@type":"ListItem","position":2,"name":"Prefeitura anuncia mais uma etapa do maior pacote de recapeamento asf\u00e1ltico realizado em Barretos"}]},{"@type":"WebSite","@id":"https:\/\/regiaonews.net.br\/2022\/#website","url":"https:\/\/regiaonews.net.br\/2022\/","name":"Regi\u00e3o News","description":"Site de Not\u00edcias de Barretos e regi\u00e3o","publisher":{"@id":"https:\/\/regiaonews.net.br\/2022\/#organization"},"potentialAction":[{"@type":"SearchAction","target":{"@type":"EntryPoint","urlTemplate":"https:\/\/regiaonews.net.br\/2022\/?s={search_term_string}"},"query-input":{"@type":"PropertyValueSpecification","valueRequired":true,"valueName":"search_term_string"}}],"inLanguage":"pt-BR"},{"@type":"Organization","@id":"https:\/\/regiaonews.net.br\/2022\/#organization","name":"Regi\u00e3o News","url":"https:\/\/regiaonews.net.br\/2022\/","logo":{"@type":"ImageObject","inLanguage":"pt-BR","@id":"https:\/\/regiaonews.net.br\/2022\/#\/schema\/logo\/image\/","url":"https:\/\/regiaonews.net.br\/2022\/wp-content\/uploads\/2026\/03\/regiao-13-anos-scaled.jpg","contentUrl":"https:\/\/regiaonews.net.br\/2022\/wp-content\/uploads\/2026\/03\/regiao-13-anos-scaled.jpg","width":2560,"height":635,"caption":"Regi\u00e3o News"},"image":{"@id":"https:\/\/regiaonews.net.br\/2022\/#\/schema\/logo\/image\/"}},{"@type":"Person","@id":"https:\/\/regiaonews.net.br\/2022\/#\/schema\/person\/2d205a608a5aa97ac279d7a5e6d89ad8","name":"Roberto","image":{"@type":"ImageObject","inLanguage":"pt-BR","@id":"https:\/\/secure.gravatar.com\/avatar\/42749d8b712ff9d59ca93dc150494e5b55a44134482993f5baeb97e61b7ecc89?s=96&d=mm&r=g","url":"https:\/\/secure.gravatar.com\/avatar\/42749d8b712ff9d59ca93dc150494e5b55a44134482993f5baeb97e61b7ecc89?s=96&d=mm&r=g","contentUrl":"https:\/\/secure.gravatar.com\/avatar\/42749d8b712ff9d59ca93dc150494e5b55a44134482993f5baeb97e61b7ecc89?s=96&d=mm&r=g","caption":"Roberto"},"url":"https:\/\/regiaonews.net.br\/2022\/author\/roberto\/"}]}},"publishpress_future_action":{"enabled":false,"date":"2026-05-04 13:02:10","action":"change-status","newStatus":"draft","terms":[],"taxonomy":"category","extraData":[]},"publishpress_future_workflow_manual_trigger":{"enabledWorkflows":[]},"_links":{"self":[{"href":"https:\/\/regiaonews.net.br\/2022\/wp-json\/wp\/v2\/posts\/97448","targetHints":{"allow":["GET"]}}],"collection":[{"href":"https:\/\/regiaonews.net.br\/2022\/wp-json\/wp\/v2\/posts"}],"about":[{"href":"https:\/\/regiaonews.net.br\/2022\/wp-json\/wp\/v2\/types\/post"}],"author":[{"embeddable":true,"href":"https:\/\/regiaonews.net.br\/2022\/wp-json\/wp\/v2\/users\/2"}],"replies":[{"embeddable":true,"href":"https:\/\/regiaonews.net.br\/2022\/wp-json\/wp\/v2\/comments?post=97448"}],"version-history":[{"count":1,"href":"https:\/\/regiaonews.net.br\/2022\/wp-json\/wp\/v2\/posts\/97448\/revisions"}],"predecessor-version":[{"id":97450,"href":"https:\/\/regiaonews.net.br\/2022\/wp-json\/wp\/v2\/posts\/97448\/revisions\/97450"}],"wp:featuredmedia":[{"embeddable":true,"href":"https:\/\/regiaonews.net.br\/2022\/wp-json\/wp\/v2\/media\/97449"}],"wp:attachment":[{"href":"https:\/\/regiaonews.net.br\/2022\/wp-json\/wp\/v2\/media?parent=97448"}],"wp:term":[{"taxonomy":"category","embeddable":true,"href":"https:\/\/regiaonews.net.br\/2022\/wp-json\/wp\/v2\/categories?post=97448"},{"taxonomy":"post_tag","embeddable":true,"href":"https:\/\/regiaonews.net.br\/2022\/wp-json\/wp\/v2\/tags?post=97448"}],"curies":[{"name":"wp","href":"https:\/\/api.w.org\/{rel}","templated":true}]}}