{"id":97445,"date":"2023-11-06T13:56:35","date_gmt":"2023-11-06T16:56:35","guid":{"rendered":"https:\/\/regiaonews.net.br\/2022\/?p=97445"},"modified":"2023-11-06T13:56:35","modified_gmt":"2023-11-06T16:56:35","slug":"minerva-foods-shop-patrocina-o-boteco-pressmidia-pelo-terceiro-ano-consecutivo","status":"publish","type":"post","link":"https:\/\/regiaonews.net.br\/2022\/2023\/11\/06\/minerva-foods-shop-patrocina-o-boteco-pressmidia-pelo-terceiro-ano-consecutivo\/","title":{"rendered":"Minerva Foods Shop patrocina o Boteco PressM\u00eddia pelo terceiro ano consecutivo"},"content":{"rendered":"<p>A loja modelo MINERVA FOODS SHOP, patrocina pelo terceiro ano consecutivo, o encontro que re\u00fane jornalistas, formadores de opini\u00e3o e profissionais que atuam com comunica\u00e7\u00e3o na regi\u00e3o de Barretos (SP), o Boteco PressM\u00eddia, que ser\u00e1 realizado em 11 de novembro, no Sama\u00fama American Bar. A marca que estar\u00e1 presente \u00e9 o Minerva Foods Shop, loja modelo para o amante da carne, onde este p\u00fablico encontra os produtos com qualidade Minerva Foods para o card\u00e1pio do dia a dia, ocasi\u00f5es especiais, e para o tradicional churrasco.<br \/>\nVoltada ao mercado varejista, a Minerva Foods Shop est\u00e1 localizada em Barretos \u2013 SP e valoriza o ingrediente principal das refei\u00e7\u00f5es e cria uma experi\u00eancia que envolve o consumidor no mundo da carne ao oferecer cortes especiais como as Linhas Est\u00e2ncia 92 e Minerva Angus e produtos importados de frigor\u00edficos uruguaios e paraguaios das marcas Ana Paula Black Angus, Pul e Frigomerc.<br \/>\nO estabelecimento oferece ainda uma grande diversidade de produtos de conveni\u00eancia para o consumidor, como temperos e especiarias, grelhas e churrasqueiras, carv\u00e3o, v\u00e1rias op\u00e7\u00f5es de frios e muito mais. Tudo isso atrelado ao confort\u00e1vel e seguro servi\u00e7o de delivery, que atende de segunda a s\u00e1bado das 8h \u00e0s 20h; e aos domingos, das 8h \u00e0s 13h.<br \/>\nOrganizado pelas jornalistas Luciana Gomes e Talita Costa, desde 2018, o Boteco PressM\u00eddia foi criado para conectar e confraternizar com as pessoas que atuam profissionalmente nos diferentes ve\u00edculos de comunica\u00e7\u00e3o, ag\u00eancias de publicidade e produ\u00e7\u00e3o de conte\u00fado, assessorias de imprensa, m\u00eddias sociais, influ\u00eancia digital e empresas de not\u00edcias de Barretos e regi\u00e3o. Atualmente o evento se consolidou numa a\u00e7\u00e3o estrat\u00e9gica de relacionamento entre profissionais de comunica\u00e7\u00e3o e as principais marcas da regi\u00e3o ao reunir, entre suas edi\u00e7\u00f5es, mais de 600 profissionais da \u00e1rea e as principais 50 marcas com atua\u00e7\u00e3o na regi\u00e3o.<\/p>\n<p>Sobre a Minerva Foods<br \/>\nA Minerva Foods \u00e9 l\u00edder em exporta\u00e7\u00e3o de carne bovina na Am\u00e9rica do Sul e atua tamb\u00e9m no segmento de processados, comercializando seus produtos para mais de 100 pa\u00edses. Al\u00e9m do Brasil, a Minerva Foods est\u00e1 presente no Paraguai, na Argentina, no Uruguai, na Col\u00f4mbia, e possui plantas especializadas em ovinos na Austr\u00e1lia.<br \/>\nCom 33 unidades industriais, oferece produtos saud\u00e1veis e nutritivos, que s\u00e3o comercializados para clientes do mundo todo por meio de nossos 14 centros de distribui\u00e7\u00e3o e 12 escrit\u00f3rios\u00a0internacionais.<\/p>\n","protected":false},"excerpt":{"rendered":"<p>A loja modelo MINERVA FOODS SHOP, patrocina pelo terceiro ano<\/p>\n","protected":false},"author":2,"featured_media":97446,"comment_status":"open","ping_status":"open","sticky":false,"template":"","format":"standard","meta":{"footnotes":""},"categories":[14,3],"tags":[],"class_list":["post-97445","post","type-post","status-publish","format-standard","has-post-thumbnail","hentry","category-barretos","category-geral"],"yoast_head":"<!-- This site is optimized with the Yoast SEO plugin v27.4 - https:\/\/yoast.com\/product\/yoast-seo-wordpress\/ -->\n<title>Minerva Foods Shop patrocina o Boteco PressM\u00eddia pelo terceiro ano consecutivo - Regi\u00e3o News<\/title>\n<meta name=\"robots\" content=\"index, follow, max-snippet:-1, max-image-preview:large, max-video-preview:-1\" \/>\n<link rel=\"canonical\" href=\"https:\/\/regiaonews.net.br\/2022\/2023\/11\/06\/minerva-foods-shop-patrocina-o-boteco-pressmidia-pelo-terceiro-ano-consecutivo\/\" \/>\n<meta property=\"og:locale\" content=\"pt_BR\" \/>\n<meta property=\"og:type\" content=\"article\" \/>\n<meta property=\"og:title\" content=\"Minerva Foods Shop patrocina o Boteco PressM\u00eddia pelo terceiro ano consecutivo - Regi\u00e3o News\" \/>\n<meta property=\"og:description\" content=\"A loja modelo MINERVA FOODS SHOP, patrocina pelo terceiro ano\" \/>\n<meta property=\"og:url\" content=\"https:\/\/regiaonews.net.br\/2022\/2023\/11\/06\/minerva-foods-shop-patrocina-o-boteco-pressmidia-pelo-terceiro-ano-consecutivo\/\" \/>\n<meta property=\"og:site_name\" content=\"Regi\u00e3o News\" \/>\n<meta property=\"article:published_time\" content=\"2023-11-06T16:56:35+00:00\" \/>\n<meta property=\"og:image\" content=\"https:\/\/regiaonews.net.br\/2022\/wp-content\/uploads\/2023\/11\/Imagem-do-WhatsApp-de-2023-11-06-as-13.14.52_10fccf4f.jpg\" \/>\n\t<meta property=\"og:image:width\" content=\"1600\" \/>\n\t<meta property=\"og:image:height\" content=\"1067\" \/>\n\t<meta property=\"og:image:type\" content=\"image\/jpeg\" \/>\n<meta name=\"author\" content=\"Roberto\" \/>\n<meta name=\"twitter:card\" content=\"summary_large_image\" \/>\n<meta name=\"twitter:label1\" content=\"Escrito por\" \/>\n\t<meta name=\"twitter:data1\" content=\"Roberto\" \/>\n\t<meta name=\"twitter:label2\" content=\"Est. tempo de leitura\" \/>\n\t<meta name=\"twitter:data2\" content=\"3 minutos\" \/>\n<script type=\"application\/ld+json\" class=\"yoast-schema-graph\">{\"@context\":\"https:\\\/\\\/schema.org\",\"@graph\":[{\"@type\":\"Article\",\"@id\":\"https:\\\/\\\/regiaonews.net.br\\\/2022\\\/2023\\\/11\\\/06\\\/minerva-foods-shop-patrocina-o-boteco-pressmidia-pelo-terceiro-ano-consecutivo\\\/#article\",\"isPartOf\":{\"@id\":\"https:\\\/\\\/regiaonews.net.br\\\/2022\\\/2023\\\/11\\\/06\\\/minerva-foods-shop-patrocina-o-boteco-pressmidia-pelo-terceiro-ano-consecutivo\\\/\"},\"author\":{\"name\":\"Roberto\",\"@id\":\"https:\\\/\\\/regiaonews.net.br\\\/2022\\\/#\\\/schema\\\/person\\\/2d205a608a5aa97ac279d7a5e6d89ad8\"},\"headline\":\"Minerva Foods Shop patrocina o Boteco PressM\u00eddia pelo terceiro ano consecutivo\",\"datePublished\":\"2023-11-06T16:56:35+00:00\",\"mainEntityOfPage\":{\"@id\":\"https:\\\/\\\/regiaonews.net.br\\\/2022\\\/2023\\\/11\\\/06\\\/minerva-foods-shop-patrocina-o-boteco-pressmidia-pelo-terceiro-ano-consecutivo\\\/\"},\"wordCount\":430,\"commentCount\":0,\"publisher\":{\"@id\":\"https:\\\/\\\/regiaonews.net.br\\\/2022\\\/#organization\"},\"image\":{\"@id\":\"https:\\\/\\\/regiaonews.net.br\\\/2022\\\/2023\\\/11\\\/06\\\/minerva-foods-shop-patrocina-o-boteco-pressmidia-pelo-terceiro-ano-consecutivo\\\/#primaryimage\"},\"thumbnailUrl\":\"https:\\\/\\\/regiaonews.net.br\\\/2022\\\/wp-content\\\/uploads\\\/2023\\\/11\\\/Imagem-do-WhatsApp-de-2023-11-06-as-13.14.52_10fccf4f.jpg\",\"articleSection\":[\"Barretos\",\"Geral\"],\"inLanguage\":\"pt-BR\",\"potentialAction\":[{\"@type\":\"CommentAction\",\"name\":\"Comment\",\"target\":[\"https:\\\/\\\/regiaonews.net.br\\\/2022\\\/2023\\\/11\\\/06\\\/minerva-foods-shop-patrocina-o-boteco-pressmidia-pelo-terceiro-ano-consecutivo\\\/#respond\"]}]},{\"@type\":\"WebPage\",\"@id\":\"https:\\\/\\\/regiaonews.net.br\\\/2022\\\/2023\\\/11\\\/06\\\/minerva-foods-shop-patrocina-o-boteco-pressmidia-pelo-terceiro-ano-consecutivo\\\/\",\"url\":\"https:\\\/\\\/regiaonews.net.br\\\/2022\\\/2023\\\/11\\\/06\\\/minerva-foods-shop-patrocina-o-boteco-pressmidia-pelo-terceiro-ano-consecutivo\\\/\",\"name\":\"Minerva Foods Shop patrocina o Boteco PressM\u00eddia pelo terceiro ano consecutivo - Regi\u00e3o News\",\"isPartOf\":{\"@id\":\"https:\\\/\\\/regiaonews.net.br\\\/2022\\\/#website\"},\"primaryImageOfPage\":{\"@id\":\"https:\\\/\\\/regiaonews.net.br\\\/2022\\\/2023\\\/11\\\/06\\\/minerva-foods-shop-patrocina-o-boteco-pressmidia-pelo-terceiro-ano-consecutivo\\\/#primaryimage\"},\"image\":{\"@id\":\"https:\\\/\\\/regiaonews.net.br\\\/2022\\\/2023\\\/11\\\/06\\\/minerva-foods-shop-patrocina-o-boteco-pressmidia-pelo-terceiro-ano-consecutivo\\\/#primaryimage\"},\"thumbnailUrl\":\"https:\\\/\\\/regiaonews.net.br\\\/2022\\\/wp-content\\\/uploads\\\/2023\\\/11\\\/Imagem-do-WhatsApp-de-2023-11-06-as-13.14.52_10fccf4f.jpg\",\"datePublished\":\"2023-11-06T16:56:35+00:00\",\"breadcrumb\":{\"@id\":\"https:\\\/\\\/regiaonews.net.br\\\/2022\\\/2023\\\/11\\\/06\\\/minerva-foods-shop-patrocina-o-boteco-pressmidia-pelo-terceiro-ano-consecutivo\\\/#breadcrumb\"},\"inLanguage\":\"pt-BR\",\"potentialAction\":[{\"@type\":\"ReadAction\",\"target\":[\"https:\\\/\\\/regiaonews.net.br\\\/2022\\\/2023\\\/11\\\/06\\\/minerva-foods-shop-patrocina-o-boteco-pressmidia-pelo-terceiro-ano-consecutivo\\\/\"]}]},{\"@type\":\"ImageObject\",\"inLanguage\":\"pt-BR\",\"@id\":\"https:\\\/\\\/regiaonews.net.br\\\/2022\\\/2023\\\/11\\\/06\\\/minerva-foods-shop-patrocina-o-boteco-pressmidia-pelo-terceiro-ano-consecutivo\\\/#primaryimage\",\"url\":\"https:\\\/\\\/regiaonews.net.br\\\/2022\\\/wp-content\\\/uploads\\\/2023\\\/11\\\/Imagem-do-WhatsApp-de-2023-11-06-as-13.14.52_10fccf4f.jpg\",\"contentUrl\":\"https:\\\/\\\/regiaonews.net.br\\\/2022\\\/wp-content\\\/uploads\\\/2023\\\/11\\\/Imagem-do-WhatsApp-de-2023-11-06-as-13.14.52_10fccf4f.jpg\",\"width\":1600,\"height\":1067},{\"@type\":\"BreadcrumbList\",\"@id\":\"https:\\\/\\\/regiaonews.net.br\\\/2022\\\/2023\\\/11\\\/06\\\/minerva-foods-shop-patrocina-o-boteco-pressmidia-pelo-terceiro-ano-consecutivo\\\/#breadcrumb\",\"itemListElement\":[{\"@type\":\"ListItem\",\"position\":1,\"name\":\"In\u00edcio\",\"item\":\"https:\\\/\\\/regiaonews.net.br\\\/2022\\\/\"},{\"@type\":\"ListItem\",\"position\":2,\"name\":\"Minerva Foods Shop patrocina o Boteco PressM\u00eddia pelo terceiro ano consecutivo\"}]},{\"@type\":\"WebSite\",\"@id\":\"https:\\\/\\\/regiaonews.net.br\\\/2022\\\/#website\",\"url\":\"https:\\\/\\\/regiaonews.net.br\\\/2022\\\/\",\"name\":\"Regi\u00e3o News\",\"description\":\"Site de Not\u00edcias de Barretos e regi\u00e3o\",\"publisher\":{\"@id\":\"https:\\\/\\\/regiaonews.net.br\\\/2022\\\/#organization\"},\"potentialAction\":[{\"@type\":\"SearchAction\",\"target\":{\"@type\":\"EntryPoint\",\"urlTemplate\":\"https:\\\/\\\/regiaonews.net.br\\\/2022\\\/?s={search_term_string}\"},\"query-input\":{\"@type\":\"PropertyValueSpecification\",\"valueRequired\":true,\"valueName\":\"search_term_string\"}}],\"inLanguage\":\"pt-BR\"},{\"@type\":\"Organization\",\"@id\":\"https:\\\/\\\/regiaonews.net.br\\\/2022\\\/#organization\",\"name\":\"Regi\u00e3o News\",\"url\":\"https:\\\/\\\/regiaonews.net.br\\\/2022\\\/\",\"logo\":{\"@type\":\"ImageObject\",\"inLanguage\":\"pt-BR\",\"@id\":\"https:\\\/\\\/regiaonews.net.br\\\/2022\\\/#\\\/schema\\\/logo\\\/image\\\/\",\"url\":\"https:\\\/\\\/regiaonews.net.br\\\/2022\\\/wp-content\\\/uploads\\\/2026\\\/03\\\/regiao-13-anos-scaled.jpg\",\"contentUrl\":\"https:\\\/\\\/regiaonews.net.br\\\/2022\\\/wp-content\\\/uploads\\\/2026\\\/03\\\/regiao-13-anos-scaled.jpg\",\"width\":2560,\"height\":635,\"caption\":\"Regi\u00e3o News\"},\"image\":{\"@id\":\"https:\\\/\\\/regiaonews.net.br\\\/2022\\\/#\\\/schema\\\/logo\\\/image\\\/\"}},{\"@type\":\"Person\",\"@id\":\"https:\\\/\\\/regiaonews.net.br\\\/2022\\\/#\\\/schema\\\/person\\\/2d205a608a5aa97ac279d7a5e6d89ad8\",\"name\":\"Roberto\",\"image\":{\"@type\":\"ImageObject\",\"inLanguage\":\"pt-BR\",\"@id\":\"https:\\\/\\\/secure.gravatar.com\\\/avatar\\\/42749d8b712ff9d59ca93dc150494e5b55a44134482993f5baeb97e61b7ecc89?s=96&d=mm&r=g\",\"url\":\"https:\\\/\\\/secure.gravatar.com\\\/avatar\\\/42749d8b712ff9d59ca93dc150494e5b55a44134482993f5baeb97e61b7ecc89?s=96&d=mm&r=g\",\"contentUrl\":\"https:\\\/\\\/secure.gravatar.com\\\/avatar\\\/42749d8b712ff9d59ca93dc150494e5b55a44134482993f5baeb97e61b7ecc89?s=96&d=mm&r=g\",\"caption\":\"Roberto\"},\"url\":\"https:\\\/\\\/regiaonews.net.br\\\/2022\\\/author\\\/roberto\\\/\"}]}<\/script>\n<!-- \/ Yoast SEO plugin. -->","yoast_head_json":{"title":"Minerva Foods Shop patrocina o Boteco PressM\u00eddia pelo terceiro ano consecutivo - Regi\u00e3o News","robots":{"index":"index","follow":"follow","max-snippet":"max-snippet:-1","max-image-preview":"max-image-preview:large","max-video-preview":"max-video-preview:-1"},"canonical":"https:\/\/regiaonews.net.br\/2022\/2023\/11\/06\/minerva-foods-shop-patrocina-o-boteco-pressmidia-pelo-terceiro-ano-consecutivo\/","og_locale":"pt_BR","og_type":"article","og_title":"Minerva Foods Shop patrocina o Boteco PressM\u00eddia pelo terceiro ano consecutivo - Regi\u00e3o News","og_description":"A loja modelo MINERVA FOODS SHOP, patrocina pelo terceiro ano","og_url":"https:\/\/regiaonews.net.br\/2022\/2023\/11\/06\/minerva-foods-shop-patrocina-o-boteco-pressmidia-pelo-terceiro-ano-consecutivo\/","og_site_name":"Regi\u00e3o News","article_published_time":"2023-11-06T16:56:35+00:00","og_image":[{"width":1600,"height":1067,"url":"https:\/\/regiaonews.net.br\/2022\/wp-content\/uploads\/2023\/11\/Imagem-do-WhatsApp-de-2023-11-06-as-13.14.52_10fccf4f.jpg","type":"image\/jpeg"}],"author":"Roberto","twitter_card":"summary_large_image","twitter_misc":{"Escrito por":"Roberto","Est. tempo de leitura":"3 minutos"},"schema":{"@context":"https:\/\/schema.org","@graph":[{"@type":"Article","@id":"https:\/\/regiaonews.net.br\/2022\/2023\/11\/06\/minerva-foods-shop-patrocina-o-boteco-pressmidia-pelo-terceiro-ano-consecutivo\/#article","isPartOf":{"@id":"https:\/\/regiaonews.net.br\/2022\/2023\/11\/06\/minerva-foods-shop-patrocina-o-boteco-pressmidia-pelo-terceiro-ano-consecutivo\/"},"author":{"name":"Roberto","@id":"https:\/\/regiaonews.net.br\/2022\/#\/schema\/person\/2d205a608a5aa97ac279d7a5e6d89ad8"},"headline":"Minerva Foods Shop patrocina o Boteco PressM\u00eddia pelo terceiro ano consecutivo","datePublished":"2023-11-06T16:56:35+00:00","mainEntityOfPage":{"@id":"https:\/\/regiaonews.net.br\/2022\/2023\/11\/06\/minerva-foods-shop-patrocina-o-boteco-pressmidia-pelo-terceiro-ano-consecutivo\/"},"wordCount":430,"commentCount":0,"publisher":{"@id":"https:\/\/regiaonews.net.br\/2022\/#organization"},"image":{"@id":"https:\/\/regiaonews.net.br\/2022\/2023\/11\/06\/minerva-foods-shop-patrocina-o-boteco-pressmidia-pelo-terceiro-ano-consecutivo\/#primaryimage"},"thumbnailUrl":"https:\/\/regiaonews.net.br\/2022\/wp-content\/uploads\/2023\/11\/Imagem-do-WhatsApp-de-2023-11-06-as-13.14.52_10fccf4f.jpg","articleSection":["Barretos","Geral"],"inLanguage":"pt-BR","potentialAction":[{"@type":"CommentAction","name":"Comment","target":["https:\/\/regiaonews.net.br\/2022\/2023\/11\/06\/minerva-foods-shop-patrocina-o-boteco-pressmidia-pelo-terceiro-ano-consecutivo\/#respond"]}]},{"@type":"WebPage","@id":"https:\/\/regiaonews.net.br\/2022\/2023\/11\/06\/minerva-foods-shop-patrocina-o-boteco-pressmidia-pelo-terceiro-ano-consecutivo\/","url":"https:\/\/regiaonews.net.br\/2022\/2023\/11\/06\/minerva-foods-shop-patrocina-o-boteco-pressmidia-pelo-terceiro-ano-consecutivo\/","name":"Minerva Foods Shop patrocina o Boteco PressM\u00eddia pelo terceiro ano consecutivo - Regi\u00e3o News","isPartOf":{"@id":"https:\/\/regiaonews.net.br\/2022\/#website"},"primaryImageOfPage":{"@id":"https:\/\/regiaonews.net.br\/2022\/2023\/11\/06\/minerva-foods-shop-patrocina-o-boteco-pressmidia-pelo-terceiro-ano-consecutivo\/#primaryimage"},"image":{"@id":"https:\/\/regiaonews.net.br\/2022\/2023\/11\/06\/minerva-foods-shop-patrocina-o-boteco-pressmidia-pelo-terceiro-ano-consecutivo\/#primaryimage"},"thumbnailUrl":"https:\/\/regiaonews.net.br\/2022\/wp-content\/uploads\/2023\/11\/Imagem-do-WhatsApp-de-2023-11-06-as-13.14.52_10fccf4f.jpg","datePublished":"2023-11-06T16:56:35+00:00","breadcrumb":{"@id":"https:\/\/regiaonews.net.br\/2022\/2023\/11\/06\/minerva-foods-shop-patrocina-o-boteco-pressmidia-pelo-terceiro-ano-consecutivo\/#breadcrumb"},"inLanguage":"pt-BR","potentialAction":[{"@type":"ReadAction","target":["https:\/\/regiaonews.net.br\/2022\/2023\/11\/06\/minerva-foods-shop-patrocina-o-boteco-pressmidia-pelo-terceiro-ano-consecutivo\/"]}]},{"@type":"ImageObject","inLanguage":"pt-BR","@id":"https:\/\/regiaonews.net.br\/2022\/2023\/11\/06\/minerva-foods-shop-patrocina-o-boteco-pressmidia-pelo-terceiro-ano-consecutivo\/#primaryimage","url":"https:\/\/regiaonews.net.br\/2022\/wp-content\/uploads\/2023\/11\/Imagem-do-WhatsApp-de-2023-11-06-as-13.14.52_10fccf4f.jpg","contentUrl":"https:\/\/regiaonews.net.br\/2022\/wp-content\/uploads\/2023\/11\/Imagem-do-WhatsApp-de-2023-11-06-as-13.14.52_10fccf4f.jpg","width":1600,"height":1067},{"@type":"BreadcrumbList","@id":"https:\/\/regiaonews.net.br\/2022\/2023\/11\/06\/minerva-foods-shop-patrocina-o-boteco-pressmidia-pelo-terceiro-ano-consecutivo\/#breadcrumb","itemListElement":[{"@type":"ListItem","position":1,"name":"In\u00edcio","item":"https:\/\/regiaonews.net.br\/2022\/"},{"@type":"ListItem","position":2,"name":"Minerva Foods Shop patrocina o Boteco PressM\u00eddia pelo terceiro ano consecutivo"}]},{"@type":"WebSite","@id":"https:\/\/regiaonews.net.br\/2022\/#website","url":"https:\/\/regiaonews.net.br\/2022\/","name":"Regi\u00e3o News","description":"Site de Not\u00edcias de Barretos e regi\u00e3o","publisher":{"@id":"https:\/\/regiaonews.net.br\/2022\/#organization"},"potentialAction":[{"@type":"SearchAction","target":{"@type":"EntryPoint","urlTemplate":"https:\/\/regiaonews.net.br\/2022\/?s={search_term_string}"},"query-input":{"@type":"PropertyValueSpecification","valueRequired":true,"valueName":"search_term_string"}}],"inLanguage":"pt-BR"},{"@type":"Organization","@id":"https:\/\/regiaonews.net.br\/2022\/#organization","name":"Regi\u00e3o News","url":"https:\/\/regiaonews.net.br\/2022\/","logo":{"@type":"ImageObject","inLanguage":"pt-BR","@id":"https:\/\/regiaonews.net.br\/2022\/#\/schema\/logo\/image\/","url":"https:\/\/regiaonews.net.br\/2022\/wp-content\/uploads\/2026\/03\/regiao-13-anos-scaled.jpg","contentUrl":"https:\/\/regiaonews.net.br\/2022\/wp-content\/uploads\/2026\/03\/regiao-13-anos-scaled.jpg","width":2560,"height":635,"caption":"Regi\u00e3o News"},"image":{"@id":"https:\/\/regiaonews.net.br\/2022\/#\/schema\/logo\/image\/"}},{"@type":"Person","@id":"https:\/\/regiaonews.net.br\/2022\/#\/schema\/person\/2d205a608a5aa97ac279d7a5e6d89ad8","name":"Roberto","image":{"@type":"ImageObject","inLanguage":"pt-BR","@id":"https:\/\/secure.gravatar.com\/avatar\/42749d8b712ff9d59ca93dc150494e5b55a44134482993f5baeb97e61b7ecc89?s=96&d=mm&r=g","url":"https:\/\/secure.gravatar.com\/avatar\/42749d8b712ff9d59ca93dc150494e5b55a44134482993f5baeb97e61b7ecc89?s=96&d=mm&r=g","contentUrl":"https:\/\/secure.gravatar.com\/avatar\/42749d8b712ff9d59ca93dc150494e5b55a44134482993f5baeb97e61b7ecc89?s=96&d=mm&r=g","caption":"Roberto"},"url":"https:\/\/regiaonews.net.br\/2022\/author\/roberto\/"}]}},"publishpress_future_action":{"enabled":false,"date":"2026-05-04 11:37:24","action":"change-status","newStatus":"draft","terms":[],"taxonomy":"category","extraData":[]},"publishpress_future_workflow_manual_trigger":{"enabledWorkflows":[]},"_links":{"self":[{"href":"https:\/\/regiaonews.net.br\/2022\/wp-json\/wp\/v2\/posts\/97445","targetHints":{"allow":["GET"]}}],"collection":[{"href":"https:\/\/regiaonews.net.br\/2022\/wp-json\/wp\/v2\/posts"}],"about":[{"href":"https:\/\/regiaonews.net.br\/2022\/wp-json\/wp\/v2\/types\/post"}],"author":[{"embeddable":true,"href":"https:\/\/regiaonews.net.br\/2022\/wp-json\/wp\/v2\/users\/2"}],"replies":[{"embeddable":true,"href":"https:\/\/regiaonews.net.br\/2022\/wp-json\/wp\/v2\/comments?post=97445"}],"version-history":[{"count":1,"href":"https:\/\/regiaonews.net.br\/2022\/wp-json\/wp\/v2\/posts\/97445\/revisions"}],"predecessor-version":[{"id":97447,"href":"https:\/\/regiaonews.net.br\/2022\/wp-json\/wp\/v2\/posts\/97445\/revisions\/97447"}],"wp:featuredmedia":[{"embeddable":true,"href":"https:\/\/regiaonews.net.br\/2022\/wp-json\/wp\/v2\/media\/97446"}],"wp:attachment":[{"href":"https:\/\/regiaonews.net.br\/2022\/wp-json\/wp\/v2\/media?parent=97445"}],"wp:term":[{"taxonomy":"category","embeddable":true,"href":"https:\/\/regiaonews.net.br\/2022\/wp-json\/wp\/v2\/categories?post=97445"},{"taxonomy":"post_tag","embeddable":true,"href":"https:\/\/regiaonews.net.br\/2022\/wp-json\/wp\/v2\/tags?post=97445"}],"curies":[{"name":"wp","href":"https:\/\/api.w.org\/{rel}","templated":true}]}}