{"id":97431,"date":"2023-11-06T12:41:26","date_gmt":"2023-11-06T15:41:26","guid":{"rendered":"https:\/\/regiaonews.net.br\/2022\/?p=97431"},"modified":"2023-11-06T12:41:26","modified_gmt":"2023-11-06T15:41:26","slug":"obra-do-vertedouro-da-rodovia-brigadeiro-faria-lima-entra-na-fase-final","status":"publish","type":"post","link":"https:\/\/regiaonews.net.br\/2022\/2023\/11\/06\/obra-do-vertedouro-da-rodovia-brigadeiro-faria-lima-entra-na-fase-final\/","title":{"rendered":"Obra do vertedouro da Rodovia Brigadeiro Faria Lima entra na fase final"},"content":{"rendered":"<h3 style=\"text-align: center;\">Iniciativa tem objetivo de conter o assoreamento das represas da Regi\u00e3o dos Lagos.<\/h3>\n<p>A Prefeita da Est\u00e2ncia Tur\u00edstica de Barretos, Paula Lemos, realizou na manh\u00e3 desta quarta-feira, 1\u00b0 de novembro, uma visita t\u00e9cnica \u00e0s obras de constru\u00e7\u00e3o e melhorias no vertedouro \u00e0s margens da Rodovia Brigadeiro Faria Lima, que est\u00e3o em fase final de execu\u00e7\u00e3o.<br \/>\nA obra consiste em tr\u00eas equipamentos feitos em pedra rach\u00e3o, que tem a fun\u00e7\u00e3o de reduzir a velocidade da \u00e1gua e a quantidade de res\u00edduos que ela carrega, evitando o assoreamento das represas do Parque dos Lagos. \u201cN\u00e3o adianta tirar a areia e, daqui a seis meses, ela voltar. Por isso, antes e concomitante \u00e0 retirada da areia do lago, tamb\u00e9m estamos fazendo este servi\u00e7o. S\u00e3o muitas obras invis\u00edveis aos olhos da popula\u00e7\u00e3o. Nem sei se todo mundo conhece essa regi\u00e3o que fica atr\u00e1s da Rodovia Brigadeiro Faria Lima, no fundo da Faculdade de Medicina, pr\u00f3ximo ao AME. Por conta desse assoreamento estava ocorrendo uma eros\u00e3o que podia prejudicar a rodovia\u201d, comentou.<br \/>\nDe acordo com o secret\u00e1rio municipal de Obras e Servi\u00e7os Urbanos, Pl\u00e1cido Martins Junior, a obra segue concentrada no desvio do C\u00f3rrego Aleixo. \u201cAtualmente ele est\u00e1 chegando ao talude pr\u00f3ximo \u00e0s margens da Rodovia Brigadeiro Faria Lima, o trabalho ser\u00e1 seguir com o curso natural do c\u00f3rrego para n\u00e3o ocasionar problemas\u201d, explicou.<br \/>\nDesassoreamento<br \/>\nSimultaneamente \u00e0s obras do vertedouro, est\u00e1 em andamento o desassoreamento da primeira represa da Regi\u00e3o dos Lagos. Desde o in\u00edcio dos trabalhos, na primeira quinzena de outubro, j\u00e1 foram retirados 515 caminh\u00f5es de res\u00edduos, segundo a secretaria de Obras.<br \/>\nParque dos Lagos<br \/>\nTamb\u00e9m seguem os servi\u00e7os de reurbaniza\u00e7\u00e3o da Regi\u00e3o dos Lagos, com a constru\u00e7\u00e3o de 15 decks, sendo um deles adaptado para pedalinhos, nos dois primeiros lagos, novo banheiro e guarita de seguran\u00e7a. O projeto transformar\u00e1 o espa\u00e7o no \u201cParque dos Lagos\u201d, com a proposta de turismo o ano inteiro.<\/p>\n<p>Reda\u00e7\u00e3o: Assessoria de Imprensa<\/p>\n","protected":false},"excerpt":{"rendered":"<p>Iniciativa tem objetivo de conter o assoreamento das represas da<\/p>\n","protected":false},"author":2,"featured_media":97432,"comment_status":"open","ping_status":"open","sticky":false,"template":"","format":"standard","meta":{"footnotes":""},"categories":[14,3],"tags":[],"class_list":["post-97431","post","type-post","status-publish","format-standard","has-post-thumbnail","hentry","category-barretos","category-geral"],"yoast_head":"<!-- This site is optimized with the Yoast SEO plugin v27.4 - https:\/\/yoast.com\/product\/yoast-seo-wordpress\/ -->\n<title>Obra do vertedouro da Rodovia Brigadeiro Faria Lima entra na fase final - Regi\u00e3o News<\/title>\n<meta name=\"robots\" content=\"index, follow, max-snippet:-1, max-image-preview:large, max-video-preview:-1\" \/>\n<link rel=\"canonical\" href=\"https:\/\/regiaonews.net.br\/2022\/2023\/11\/06\/obra-do-vertedouro-da-rodovia-brigadeiro-faria-lima-entra-na-fase-final\/\" \/>\n<meta property=\"og:locale\" content=\"pt_BR\" \/>\n<meta property=\"og:type\" content=\"article\" \/>\n<meta property=\"og:title\" content=\"Obra do vertedouro da Rodovia Brigadeiro Faria Lima entra na fase final - Regi\u00e3o News\" \/>\n<meta property=\"og:description\" content=\"Iniciativa tem objetivo de conter o assoreamento das represas da\" \/>\n<meta property=\"og:url\" content=\"https:\/\/regiaonews.net.br\/2022\/2023\/11\/06\/obra-do-vertedouro-da-rodovia-brigadeiro-faria-lima-entra-na-fase-final\/\" \/>\n<meta property=\"og:site_name\" content=\"Regi\u00e3o News\" \/>\n<meta property=\"article:published_time\" content=\"2023-11-06T15:41:26+00:00\" \/>\n<meta property=\"og:image\" content=\"https:\/\/regiaonews.net.br\/2022\/wp-content\/uploads\/2023\/11\/Imagem-do-WhatsApp-de-2023-11-06-as-12.28.57_ef146df4.jpg\" \/>\n\t<meta property=\"og:image:width\" content=\"1024\" \/>\n\t<meta property=\"og:image:height\" content=\"768\" \/>\n\t<meta property=\"og:image:type\" content=\"image\/jpeg\" \/>\n<meta name=\"author\" content=\"Roberto\" \/>\n<meta name=\"twitter:card\" content=\"summary_large_image\" \/>\n<meta name=\"twitter:label1\" content=\"Escrito por\" \/>\n\t<meta name=\"twitter:data1\" content=\"Roberto\" \/>\n\t<meta name=\"twitter:label2\" content=\"Est. tempo de leitura\" \/>\n\t<meta name=\"twitter:data2\" content=\"2 minutos\" \/>\n<script type=\"application\/ld+json\" class=\"yoast-schema-graph\">{\"@context\":\"https:\\\/\\\/schema.org\",\"@graph\":[{\"@type\":\"Article\",\"@id\":\"https:\\\/\\\/regiaonews.net.br\\\/2022\\\/2023\\\/11\\\/06\\\/obra-do-vertedouro-da-rodovia-brigadeiro-faria-lima-entra-na-fase-final\\\/#article\",\"isPartOf\":{\"@id\":\"https:\\\/\\\/regiaonews.net.br\\\/2022\\\/2023\\\/11\\\/06\\\/obra-do-vertedouro-da-rodovia-brigadeiro-faria-lima-entra-na-fase-final\\\/\"},\"author\":{\"name\":\"Roberto\",\"@id\":\"https:\\\/\\\/regiaonews.net.br\\\/2022\\\/#\\\/schema\\\/person\\\/2d205a608a5aa97ac279d7a5e6d89ad8\"},\"headline\":\"Obra do vertedouro da Rodovia Brigadeiro Faria Lima entra na fase final\",\"datePublished\":\"2023-11-06T15:41:26+00:00\",\"mainEntityOfPage\":{\"@id\":\"https:\\\/\\\/regiaonews.net.br\\\/2022\\\/2023\\\/11\\\/06\\\/obra-do-vertedouro-da-rodovia-brigadeiro-faria-lima-entra-na-fase-final\\\/\"},\"wordCount\":363,\"commentCount\":0,\"publisher\":{\"@id\":\"https:\\\/\\\/regiaonews.net.br\\\/2022\\\/#organization\"},\"image\":{\"@id\":\"https:\\\/\\\/regiaonews.net.br\\\/2022\\\/2023\\\/11\\\/06\\\/obra-do-vertedouro-da-rodovia-brigadeiro-faria-lima-entra-na-fase-final\\\/#primaryimage\"},\"thumbnailUrl\":\"https:\\\/\\\/regiaonews.net.br\\\/2022\\\/wp-content\\\/uploads\\\/2023\\\/11\\\/Imagem-do-WhatsApp-de-2023-11-06-as-12.28.57_ef146df4.jpg\",\"articleSection\":[\"Barretos\",\"Geral\"],\"inLanguage\":\"pt-BR\",\"potentialAction\":[{\"@type\":\"CommentAction\",\"name\":\"Comment\",\"target\":[\"https:\\\/\\\/regiaonews.net.br\\\/2022\\\/2023\\\/11\\\/06\\\/obra-do-vertedouro-da-rodovia-brigadeiro-faria-lima-entra-na-fase-final\\\/#respond\"]}]},{\"@type\":\"WebPage\",\"@id\":\"https:\\\/\\\/regiaonews.net.br\\\/2022\\\/2023\\\/11\\\/06\\\/obra-do-vertedouro-da-rodovia-brigadeiro-faria-lima-entra-na-fase-final\\\/\",\"url\":\"https:\\\/\\\/regiaonews.net.br\\\/2022\\\/2023\\\/11\\\/06\\\/obra-do-vertedouro-da-rodovia-brigadeiro-faria-lima-entra-na-fase-final\\\/\",\"name\":\"Obra do vertedouro da Rodovia Brigadeiro Faria Lima entra na fase final - Regi\u00e3o News\",\"isPartOf\":{\"@id\":\"https:\\\/\\\/regiaonews.net.br\\\/2022\\\/#website\"},\"primaryImageOfPage\":{\"@id\":\"https:\\\/\\\/regiaonews.net.br\\\/2022\\\/2023\\\/11\\\/06\\\/obra-do-vertedouro-da-rodovia-brigadeiro-faria-lima-entra-na-fase-final\\\/#primaryimage\"},\"image\":{\"@id\":\"https:\\\/\\\/regiaonews.net.br\\\/2022\\\/2023\\\/11\\\/06\\\/obra-do-vertedouro-da-rodovia-brigadeiro-faria-lima-entra-na-fase-final\\\/#primaryimage\"},\"thumbnailUrl\":\"https:\\\/\\\/regiaonews.net.br\\\/2022\\\/wp-content\\\/uploads\\\/2023\\\/11\\\/Imagem-do-WhatsApp-de-2023-11-06-as-12.28.57_ef146df4.jpg\",\"datePublished\":\"2023-11-06T15:41:26+00:00\",\"breadcrumb\":{\"@id\":\"https:\\\/\\\/regiaonews.net.br\\\/2022\\\/2023\\\/11\\\/06\\\/obra-do-vertedouro-da-rodovia-brigadeiro-faria-lima-entra-na-fase-final\\\/#breadcrumb\"},\"inLanguage\":\"pt-BR\",\"potentialAction\":[{\"@type\":\"ReadAction\",\"target\":[\"https:\\\/\\\/regiaonews.net.br\\\/2022\\\/2023\\\/11\\\/06\\\/obra-do-vertedouro-da-rodovia-brigadeiro-faria-lima-entra-na-fase-final\\\/\"]}]},{\"@type\":\"ImageObject\",\"inLanguage\":\"pt-BR\",\"@id\":\"https:\\\/\\\/regiaonews.net.br\\\/2022\\\/2023\\\/11\\\/06\\\/obra-do-vertedouro-da-rodovia-brigadeiro-faria-lima-entra-na-fase-final\\\/#primaryimage\",\"url\":\"https:\\\/\\\/regiaonews.net.br\\\/2022\\\/wp-content\\\/uploads\\\/2023\\\/11\\\/Imagem-do-WhatsApp-de-2023-11-06-as-12.28.57_ef146df4.jpg\",\"contentUrl\":\"https:\\\/\\\/regiaonews.net.br\\\/2022\\\/wp-content\\\/uploads\\\/2023\\\/11\\\/Imagem-do-WhatsApp-de-2023-11-06-as-12.28.57_ef146df4.jpg\",\"width\":1024,\"height\":768},{\"@type\":\"BreadcrumbList\",\"@id\":\"https:\\\/\\\/regiaonews.net.br\\\/2022\\\/2023\\\/11\\\/06\\\/obra-do-vertedouro-da-rodovia-brigadeiro-faria-lima-entra-na-fase-final\\\/#breadcrumb\",\"itemListElement\":[{\"@type\":\"ListItem\",\"position\":1,\"name\":\"In\u00edcio\",\"item\":\"https:\\\/\\\/regiaonews.net.br\\\/2022\\\/\"},{\"@type\":\"ListItem\",\"position\":2,\"name\":\"Obra do vertedouro da Rodovia Brigadeiro Faria Lima entra na fase final\"}]},{\"@type\":\"WebSite\",\"@id\":\"https:\\\/\\\/regiaonews.net.br\\\/2022\\\/#website\",\"url\":\"https:\\\/\\\/regiaonews.net.br\\\/2022\\\/\",\"name\":\"Regi\u00e3o News\",\"description\":\"Site de Not\u00edcias de Barretos e regi\u00e3o\",\"publisher\":{\"@id\":\"https:\\\/\\\/regiaonews.net.br\\\/2022\\\/#organization\"},\"potentialAction\":[{\"@type\":\"SearchAction\",\"target\":{\"@type\":\"EntryPoint\",\"urlTemplate\":\"https:\\\/\\\/regiaonews.net.br\\\/2022\\\/?s={search_term_string}\"},\"query-input\":{\"@type\":\"PropertyValueSpecification\",\"valueRequired\":true,\"valueName\":\"search_term_string\"}}],\"inLanguage\":\"pt-BR\"},{\"@type\":\"Organization\",\"@id\":\"https:\\\/\\\/regiaonews.net.br\\\/2022\\\/#organization\",\"name\":\"Regi\u00e3o News\",\"url\":\"https:\\\/\\\/regiaonews.net.br\\\/2022\\\/\",\"logo\":{\"@type\":\"ImageObject\",\"inLanguage\":\"pt-BR\",\"@id\":\"https:\\\/\\\/regiaonews.net.br\\\/2022\\\/#\\\/schema\\\/logo\\\/image\\\/\",\"url\":\"https:\\\/\\\/regiaonews.net.br\\\/2022\\\/wp-content\\\/uploads\\\/2026\\\/03\\\/regiao-13-anos-scaled.jpg\",\"contentUrl\":\"https:\\\/\\\/regiaonews.net.br\\\/2022\\\/wp-content\\\/uploads\\\/2026\\\/03\\\/regiao-13-anos-scaled.jpg\",\"width\":2560,\"height\":635,\"caption\":\"Regi\u00e3o News\"},\"image\":{\"@id\":\"https:\\\/\\\/regiaonews.net.br\\\/2022\\\/#\\\/schema\\\/logo\\\/image\\\/\"}},{\"@type\":\"Person\",\"@id\":\"https:\\\/\\\/regiaonews.net.br\\\/2022\\\/#\\\/schema\\\/person\\\/2d205a608a5aa97ac279d7a5e6d89ad8\",\"name\":\"Roberto\",\"image\":{\"@type\":\"ImageObject\",\"inLanguage\":\"pt-BR\",\"@id\":\"https:\\\/\\\/secure.gravatar.com\\\/avatar\\\/42749d8b712ff9d59ca93dc150494e5b55a44134482993f5baeb97e61b7ecc89?s=96&d=mm&r=g\",\"url\":\"https:\\\/\\\/secure.gravatar.com\\\/avatar\\\/42749d8b712ff9d59ca93dc150494e5b55a44134482993f5baeb97e61b7ecc89?s=96&d=mm&r=g\",\"contentUrl\":\"https:\\\/\\\/secure.gravatar.com\\\/avatar\\\/42749d8b712ff9d59ca93dc150494e5b55a44134482993f5baeb97e61b7ecc89?s=96&d=mm&r=g\",\"caption\":\"Roberto\"},\"url\":\"https:\\\/\\\/regiaonews.net.br\\\/2022\\\/author\\\/roberto\\\/\"}]}<\/script>\n<!-- \/ Yoast SEO plugin. -->","yoast_head_json":{"title":"Obra do vertedouro da Rodovia Brigadeiro Faria Lima entra na fase final - Regi\u00e3o News","robots":{"index":"index","follow":"follow","max-snippet":"max-snippet:-1","max-image-preview":"max-image-preview:large","max-video-preview":"max-video-preview:-1"},"canonical":"https:\/\/regiaonews.net.br\/2022\/2023\/11\/06\/obra-do-vertedouro-da-rodovia-brigadeiro-faria-lima-entra-na-fase-final\/","og_locale":"pt_BR","og_type":"article","og_title":"Obra do vertedouro da Rodovia Brigadeiro Faria Lima entra na fase final - Regi\u00e3o News","og_description":"Iniciativa tem objetivo de conter o assoreamento das represas da","og_url":"https:\/\/regiaonews.net.br\/2022\/2023\/11\/06\/obra-do-vertedouro-da-rodovia-brigadeiro-faria-lima-entra-na-fase-final\/","og_site_name":"Regi\u00e3o News","article_published_time":"2023-11-06T15:41:26+00:00","og_image":[{"width":1024,"height":768,"url":"https:\/\/regiaonews.net.br\/2022\/wp-content\/uploads\/2023\/11\/Imagem-do-WhatsApp-de-2023-11-06-as-12.28.57_ef146df4.jpg","type":"image\/jpeg"}],"author":"Roberto","twitter_card":"summary_large_image","twitter_misc":{"Escrito por":"Roberto","Est. tempo de leitura":"2 minutos"},"schema":{"@context":"https:\/\/schema.org","@graph":[{"@type":"Article","@id":"https:\/\/regiaonews.net.br\/2022\/2023\/11\/06\/obra-do-vertedouro-da-rodovia-brigadeiro-faria-lima-entra-na-fase-final\/#article","isPartOf":{"@id":"https:\/\/regiaonews.net.br\/2022\/2023\/11\/06\/obra-do-vertedouro-da-rodovia-brigadeiro-faria-lima-entra-na-fase-final\/"},"author":{"name":"Roberto","@id":"https:\/\/regiaonews.net.br\/2022\/#\/schema\/person\/2d205a608a5aa97ac279d7a5e6d89ad8"},"headline":"Obra do vertedouro da Rodovia Brigadeiro Faria Lima entra na fase final","datePublished":"2023-11-06T15:41:26+00:00","mainEntityOfPage":{"@id":"https:\/\/regiaonews.net.br\/2022\/2023\/11\/06\/obra-do-vertedouro-da-rodovia-brigadeiro-faria-lima-entra-na-fase-final\/"},"wordCount":363,"commentCount":0,"publisher":{"@id":"https:\/\/regiaonews.net.br\/2022\/#organization"},"image":{"@id":"https:\/\/regiaonews.net.br\/2022\/2023\/11\/06\/obra-do-vertedouro-da-rodovia-brigadeiro-faria-lima-entra-na-fase-final\/#primaryimage"},"thumbnailUrl":"https:\/\/regiaonews.net.br\/2022\/wp-content\/uploads\/2023\/11\/Imagem-do-WhatsApp-de-2023-11-06-as-12.28.57_ef146df4.jpg","articleSection":["Barretos","Geral"],"inLanguage":"pt-BR","potentialAction":[{"@type":"CommentAction","name":"Comment","target":["https:\/\/regiaonews.net.br\/2022\/2023\/11\/06\/obra-do-vertedouro-da-rodovia-brigadeiro-faria-lima-entra-na-fase-final\/#respond"]}]},{"@type":"WebPage","@id":"https:\/\/regiaonews.net.br\/2022\/2023\/11\/06\/obra-do-vertedouro-da-rodovia-brigadeiro-faria-lima-entra-na-fase-final\/","url":"https:\/\/regiaonews.net.br\/2022\/2023\/11\/06\/obra-do-vertedouro-da-rodovia-brigadeiro-faria-lima-entra-na-fase-final\/","name":"Obra do vertedouro da Rodovia Brigadeiro Faria Lima entra na fase final - Regi\u00e3o News","isPartOf":{"@id":"https:\/\/regiaonews.net.br\/2022\/#website"},"primaryImageOfPage":{"@id":"https:\/\/regiaonews.net.br\/2022\/2023\/11\/06\/obra-do-vertedouro-da-rodovia-brigadeiro-faria-lima-entra-na-fase-final\/#primaryimage"},"image":{"@id":"https:\/\/regiaonews.net.br\/2022\/2023\/11\/06\/obra-do-vertedouro-da-rodovia-brigadeiro-faria-lima-entra-na-fase-final\/#primaryimage"},"thumbnailUrl":"https:\/\/regiaonews.net.br\/2022\/wp-content\/uploads\/2023\/11\/Imagem-do-WhatsApp-de-2023-11-06-as-12.28.57_ef146df4.jpg","datePublished":"2023-11-06T15:41:26+00:00","breadcrumb":{"@id":"https:\/\/regiaonews.net.br\/2022\/2023\/11\/06\/obra-do-vertedouro-da-rodovia-brigadeiro-faria-lima-entra-na-fase-final\/#breadcrumb"},"inLanguage":"pt-BR","potentialAction":[{"@type":"ReadAction","target":["https:\/\/regiaonews.net.br\/2022\/2023\/11\/06\/obra-do-vertedouro-da-rodovia-brigadeiro-faria-lima-entra-na-fase-final\/"]}]},{"@type":"ImageObject","inLanguage":"pt-BR","@id":"https:\/\/regiaonews.net.br\/2022\/2023\/11\/06\/obra-do-vertedouro-da-rodovia-brigadeiro-faria-lima-entra-na-fase-final\/#primaryimage","url":"https:\/\/regiaonews.net.br\/2022\/wp-content\/uploads\/2023\/11\/Imagem-do-WhatsApp-de-2023-11-06-as-12.28.57_ef146df4.jpg","contentUrl":"https:\/\/regiaonews.net.br\/2022\/wp-content\/uploads\/2023\/11\/Imagem-do-WhatsApp-de-2023-11-06-as-12.28.57_ef146df4.jpg","width":1024,"height":768},{"@type":"BreadcrumbList","@id":"https:\/\/regiaonews.net.br\/2022\/2023\/11\/06\/obra-do-vertedouro-da-rodovia-brigadeiro-faria-lima-entra-na-fase-final\/#breadcrumb","itemListElement":[{"@type":"ListItem","position":1,"name":"In\u00edcio","item":"https:\/\/regiaonews.net.br\/2022\/"},{"@type":"ListItem","position":2,"name":"Obra do vertedouro da Rodovia Brigadeiro Faria Lima entra na fase final"}]},{"@type":"WebSite","@id":"https:\/\/regiaonews.net.br\/2022\/#website","url":"https:\/\/regiaonews.net.br\/2022\/","name":"Regi\u00e3o News","description":"Site de Not\u00edcias de Barretos e regi\u00e3o","publisher":{"@id":"https:\/\/regiaonews.net.br\/2022\/#organization"},"potentialAction":[{"@type":"SearchAction","target":{"@type":"EntryPoint","urlTemplate":"https:\/\/regiaonews.net.br\/2022\/?s={search_term_string}"},"query-input":{"@type":"PropertyValueSpecification","valueRequired":true,"valueName":"search_term_string"}}],"inLanguage":"pt-BR"},{"@type":"Organization","@id":"https:\/\/regiaonews.net.br\/2022\/#organization","name":"Regi\u00e3o News","url":"https:\/\/regiaonews.net.br\/2022\/","logo":{"@type":"ImageObject","inLanguage":"pt-BR","@id":"https:\/\/regiaonews.net.br\/2022\/#\/schema\/logo\/image\/","url":"https:\/\/regiaonews.net.br\/2022\/wp-content\/uploads\/2026\/03\/regiao-13-anos-scaled.jpg","contentUrl":"https:\/\/regiaonews.net.br\/2022\/wp-content\/uploads\/2026\/03\/regiao-13-anos-scaled.jpg","width":2560,"height":635,"caption":"Regi\u00e3o News"},"image":{"@id":"https:\/\/regiaonews.net.br\/2022\/#\/schema\/logo\/image\/"}},{"@type":"Person","@id":"https:\/\/regiaonews.net.br\/2022\/#\/schema\/person\/2d205a608a5aa97ac279d7a5e6d89ad8","name":"Roberto","image":{"@type":"ImageObject","inLanguage":"pt-BR","@id":"https:\/\/secure.gravatar.com\/avatar\/42749d8b712ff9d59ca93dc150494e5b55a44134482993f5baeb97e61b7ecc89?s=96&d=mm&r=g","url":"https:\/\/secure.gravatar.com\/avatar\/42749d8b712ff9d59ca93dc150494e5b55a44134482993f5baeb97e61b7ecc89?s=96&d=mm&r=g","contentUrl":"https:\/\/secure.gravatar.com\/avatar\/42749d8b712ff9d59ca93dc150494e5b55a44134482993f5baeb97e61b7ecc89?s=96&d=mm&r=g","caption":"Roberto"},"url":"https:\/\/regiaonews.net.br\/2022\/author\/roberto\/"}]}},"publishpress_future_action":{"enabled":false,"date":"2026-05-04 11:37:35","action":"change-status","newStatus":"draft","terms":[],"taxonomy":"category","extraData":[]},"publishpress_future_workflow_manual_trigger":{"enabledWorkflows":[]},"_links":{"self":[{"href":"https:\/\/regiaonews.net.br\/2022\/wp-json\/wp\/v2\/posts\/97431","targetHints":{"allow":["GET"]}}],"collection":[{"href":"https:\/\/regiaonews.net.br\/2022\/wp-json\/wp\/v2\/posts"}],"about":[{"href":"https:\/\/regiaonews.net.br\/2022\/wp-json\/wp\/v2\/types\/post"}],"author":[{"embeddable":true,"href":"https:\/\/regiaonews.net.br\/2022\/wp-json\/wp\/v2\/users\/2"}],"replies":[{"embeddable":true,"href":"https:\/\/regiaonews.net.br\/2022\/wp-json\/wp\/v2\/comments?post=97431"}],"version-history":[{"count":1,"href":"https:\/\/regiaonews.net.br\/2022\/wp-json\/wp\/v2\/posts\/97431\/revisions"}],"predecessor-version":[{"id":97433,"href":"https:\/\/regiaonews.net.br\/2022\/wp-json\/wp\/v2\/posts\/97431\/revisions\/97433"}],"wp:featuredmedia":[{"embeddable":true,"href":"https:\/\/regiaonews.net.br\/2022\/wp-json\/wp\/v2\/media\/97432"}],"wp:attachment":[{"href":"https:\/\/regiaonews.net.br\/2022\/wp-json\/wp\/v2\/media?parent=97431"}],"wp:term":[{"taxonomy":"category","embeddable":true,"href":"https:\/\/regiaonews.net.br\/2022\/wp-json\/wp\/v2\/categories?post=97431"},{"taxonomy":"post_tag","embeddable":true,"href":"https:\/\/regiaonews.net.br\/2022\/wp-json\/wp\/v2\/tags?post=97431"}],"curies":[{"name":"wp","href":"https:\/\/api.w.org\/{rel}","templated":true}]}}