{"id":97417,"date":"2023-11-05T20:45:49","date_gmt":"2023-11-05T23:45:49","guid":{"rendered":"https:\/\/regiaonews.net.br\/2022\/?p=97417"},"modified":"2023-11-05T20:50:09","modified_gmt":"2023-11-05T23:50:09","slug":"palmeiras-vence-o-athletico-e-corinthians-perde-em-braganca","status":"publish","type":"post","link":"https:\/\/regiaonews.net.br\/2022\/2023\/11\/05\/palmeiras-vence-o-athletico-e-corinthians-perde-em-braganca\/","title":{"rendered":"Palmeiras vence o Athletico e Corinthians perde em Bragan\u00e7a\u00a0"},"content":{"rendered":"<p>Foto &#8211; Confronto entre RB Bragantino e Corinthians<\/p>\n<p>Foto &#8211; Jhony In\u00e1cio &#8211; Meu Tim\u00e3o<\/p>\n<p>O Palmeiras est\u00e1 implac\u00e1vel no Campeonato Brasileiro e conquistou sua quinta vit\u00f3ria consecutiva. Na noite deste s\u00e1bado (4), recebeu o Athletico na Arena Barueri, em Barueri (SP), e venceu por 1 a 0, com gol de Endrick, por cobertura, logo nos primeiros minutos.<\/p>\n<p>Com o resultado, o Palmeiras, que tem 32 jogos, aparece em segundo lugar com 59 pontos, mesmo n\u00famero do que o l\u00edder Botafogo, que tem 30 partidas. O Athletico segue com 49 pontos, em s\u00e9timo lugar, brigando por uma vaga na Libertadores.<\/p>\n<p>Duelo Paulista<\/p>\n<p>No confronto paulista da 32\u00aa rodada do Campeonato Brasileiro, deu Red Bull Bragantino. Jogando no Nabi Abi Chedid, o time de Bragan\u00e7a Paulista venceu o Corinthians pelo placar de 1 a 0, com gol de Helinho, e se aproximou ainda ais dos l\u00edderes do Brasileir\u00e3o, chegando tamb\u00e9m a sua 10\u00aa vit\u00f3ria em casa na competi\u00e7\u00e3o nacional.<\/p>\n<p>Com o resultado, o Red Bull Bragantino chegou a 58 pontos conquistados e se manteve na terceira coloca\u00e7\u00e3o do Brasileir\u00e3o, agora apenas um ponto atr\u00e1s dos l\u00edderes Botafogo e Palmeiras. O time de Bragan\u00e7a tem um jogo a mais que o time carioca e um a menos que o Palmeiras.<\/p>\n<p>Enquanto isso, o Corinthians estacionou nos 40 pontos e caiu para a 13\u00aa posi\u00e7\u00e3o da tabela. A equipe da capital paulista est\u00e1 seis pontos acima do Vasco, primeiro time na zona de rebaixamento.<\/p>\n","protected":false},"excerpt":{"rendered":"<p>Foto &#8211; Confronto entre RB Bragantino e Corinthians Foto &#8211;<\/p>\n","protected":false},"author":2,"featured_media":0,"comment_status":"open","ping_status":"open","sticky":false,"template":"","format":"standard","meta":{"footnotes":""},"categories":[127,21],"tags":[],"class_list":["post-97417","post","type-post","status-publish","format-standard","hentry","category-brasileirao","category-esporte"],"yoast_head":"<!-- This site is optimized with the Yoast SEO plugin v27.4 - https:\/\/yoast.com\/product\/yoast-seo-wordpress\/ -->\n<title>Palmeiras vence o Athletico e Corinthians perde em Bragan\u00e7a\u00a0<\/title>\n<meta name=\"description\" content=\"Palmeiras est\u00e1 implac\u00e1vel no Campeonato Brasileiro e conquistou sua quinta vit\u00f3ria consecutiva. Na noite deste s\u00e1bado\" \/>\n<meta name=\"robots\" content=\"index, follow, max-snippet:-1, max-image-preview:large, max-video-preview:-1\" \/>\n<link rel=\"canonical\" href=\"https:\/\/regiaonews.net.br\/2022\/2023\/11\/05\/palmeiras-vence-o-athletico-e-corinthians-perde-em-braganca\/\" \/>\n<meta property=\"og:locale\" content=\"pt_BR\" \/>\n<meta property=\"og:type\" content=\"article\" \/>\n<meta property=\"og:title\" content=\"Palmeiras vence o Athletico e Corinthians perde em Bragan\u00e7a\u00a0\" \/>\n<meta property=\"og:description\" content=\"Palmeiras est\u00e1 implac\u00e1vel no Campeonato Brasileiro e conquistou sua quinta vit\u00f3ria consecutiva. Na noite deste s\u00e1bado\" \/>\n<meta property=\"og:url\" content=\"https:\/\/regiaonews.net.br\/2022\/2023\/11\/05\/palmeiras-vence-o-athletico-e-corinthians-perde-em-braganca\/\" \/>\n<meta property=\"og:site_name\" content=\"Regi\u00e3o News\" \/>\n<meta property=\"article:published_time\" content=\"2023-11-05T23:45:49+00:00\" \/>\n<meta property=\"article:modified_time\" content=\"2023-11-05T23:50:09+00:00\" \/>\n<meta name=\"author\" content=\"Roberto\" \/>\n<meta name=\"twitter:card\" content=\"summary_large_image\" \/>\n<meta name=\"twitter:label1\" content=\"Escrito por\" \/>\n\t<meta name=\"twitter:data1\" content=\"Roberto\" \/>\n\t<meta name=\"twitter:label2\" content=\"Est. tempo de leitura\" \/>\n\t<meta name=\"twitter:data2\" content=\"2 minutos\" \/>\n<script type=\"application\/ld+json\" class=\"yoast-schema-graph\">{\"@context\":\"https:\\\/\\\/schema.org\",\"@graph\":[{\"@type\":\"Article\",\"@id\":\"https:\\\/\\\/regiaonews.net.br\\\/2022\\\/2023\\\/11\\\/05\\\/palmeiras-vence-o-athletico-e-corinthians-perde-em-braganca\\\/#article\",\"isPartOf\":{\"@id\":\"https:\\\/\\\/regiaonews.net.br\\\/2022\\\/2023\\\/11\\\/05\\\/palmeiras-vence-o-athletico-e-corinthians-perde-em-braganca\\\/\"},\"author\":{\"name\":\"Roberto\",\"@id\":\"https:\\\/\\\/regiaonews.net.br\\\/2022\\\/#\\\/schema\\\/person\\\/2d205a608a5aa97ac279d7a5e6d89ad8\"},\"headline\":\"Palmeiras vence o Athletico e Corinthians perde em Bragan\u00e7a\u00a0\",\"datePublished\":\"2023-11-05T23:45:49+00:00\",\"dateModified\":\"2023-11-05T23:50:09+00:00\",\"mainEntityOfPage\":{\"@id\":\"https:\\\/\\\/regiaonews.net.br\\\/2022\\\/2023\\\/11\\\/05\\\/palmeiras-vence-o-athletico-e-corinthians-perde-em-braganca\\\/\"},\"wordCount\":257,\"commentCount\":0,\"publisher\":{\"@id\":\"https:\\\/\\\/regiaonews.net.br\\\/2022\\\/#organization\"},\"articleSection\":[\"Brasileir\u00e3o\",\"Esporte\"],\"inLanguage\":\"pt-BR\",\"potentialAction\":[{\"@type\":\"CommentAction\",\"name\":\"Comment\",\"target\":[\"https:\\\/\\\/regiaonews.net.br\\\/2022\\\/2023\\\/11\\\/05\\\/palmeiras-vence-o-athletico-e-corinthians-perde-em-braganca\\\/#respond\"]}]},{\"@type\":\"WebPage\",\"@id\":\"https:\\\/\\\/regiaonews.net.br\\\/2022\\\/2023\\\/11\\\/05\\\/palmeiras-vence-o-athletico-e-corinthians-perde-em-braganca\\\/\",\"url\":\"https:\\\/\\\/regiaonews.net.br\\\/2022\\\/2023\\\/11\\\/05\\\/palmeiras-vence-o-athletico-e-corinthians-perde-em-braganca\\\/\",\"name\":\"Palmeiras vence o Athletico e Corinthians perde em Bragan\u00e7a\u00a0\",\"isPartOf\":{\"@id\":\"https:\\\/\\\/regiaonews.net.br\\\/2022\\\/#website\"},\"datePublished\":\"2023-11-05T23:45:49+00:00\",\"dateModified\":\"2023-11-05T23:50:09+00:00\",\"description\":\"Palmeiras est\u00e1 implac\u00e1vel no Campeonato Brasileiro e conquistou sua quinta vit\u00f3ria consecutiva. Na noite deste s\u00e1bado\",\"breadcrumb\":{\"@id\":\"https:\\\/\\\/regiaonews.net.br\\\/2022\\\/2023\\\/11\\\/05\\\/palmeiras-vence-o-athletico-e-corinthians-perde-em-braganca\\\/#breadcrumb\"},\"inLanguage\":\"pt-BR\",\"potentialAction\":[{\"@type\":\"ReadAction\",\"target\":[\"https:\\\/\\\/regiaonews.net.br\\\/2022\\\/2023\\\/11\\\/05\\\/palmeiras-vence-o-athletico-e-corinthians-perde-em-braganca\\\/\"]}]},{\"@type\":\"BreadcrumbList\",\"@id\":\"https:\\\/\\\/regiaonews.net.br\\\/2022\\\/2023\\\/11\\\/05\\\/palmeiras-vence-o-athletico-e-corinthians-perde-em-braganca\\\/#breadcrumb\",\"itemListElement\":[{\"@type\":\"ListItem\",\"position\":1,\"name\":\"In\u00edcio\",\"item\":\"https:\\\/\\\/regiaonews.net.br\\\/2022\\\/\"},{\"@type\":\"ListItem\",\"position\":2,\"name\":\"Palmeiras vence o Athletico e Corinthians perde em Bragan\u00e7a\u00a0\"}]},{\"@type\":\"WebSite\",\"@id\":\"https:\\\/\\\/regiaonews.net.br\\\/2022\\\/#website\",\"url\":\"https:\\\/\\\/regiaonews.net.br\\\/2022\\\/\",\"name\":\"Regi\u00e3o News\",\"description\":\"Site de Not\u00edcias de Barretos e regi\u00e3o\",\"publisher\":{\"@id\":\"https:\\\/\\\/regiaonews.net.br\\\/2022\\\/#organization\"},\"potentialAction\":[{\"@type\":\"SearchAction\",\"target\":{\"@type\":\"EntryPoint\",\"urlTemplate\":\"https:\\\/\\\/regiaonews.net.br\\\/2022\\\/?s={search_term_string}\"},\"query-input\":{\"@type\":\"PropertyValueSpecification\",\"valueRequired\":true,\"valueName\":\"search_term_string\"}}],\"inLanguage\":\"pt-BR\"},{\"@type\":\"Organization\",\"@id\":\"https:\\\/\\\/regiaonews.net.br\\\/2022\\\/#organization\",\"name\":\"Regi\u00e3o News\",\"url\":\"https:\\\/\\\/regiaonews.net.br\\\/2022\\\/\",\"logo\":{\"@type\":\"ImageObject\",\"inLanguage\":\"pt-BR\",\"@id\":\"https:\\\/\\\/regiaonews.net.br\\\/2022\\\/#\\\/schema\\\/logo\\\/image\\\/\",\"url\":\"https:\\\/\\\/regiaonews.net.br\\\/2022\\\/wp-content\\\/uploads\\\/2026\\\/03\\\/regiao-13-anos-scaled.jpg\",\"contentUrl\":\"https:\\\/\\\/regiaonews.net.br\\\/2022\\\/wp-content\\\/uploads\\\/2026\\\/03\\\/regiao-13-anos-scaled.jpg\",\"width\":2560,\"height\":635,\"caption\":\"Regi\u00e3o News\"},\"image\":{\"@id\":\"https:\\\/\\\/regiaonews.net.br\\\/2022\\\/#\\\/schema\\\/logo\\\/image\\\/\"}},{\"@type\":\"Person\",\"@id\":\"https:\\\/\\\/regiaonews.net.br\\\/2022\\\/#\\\/schema\\\/person\\\/2d205a608a5aa97ac279d7a5e6d89ad8\",\"name\":\"Roberto\",\"image\":{\"@type\":\"ImageObject\",\"inLanguage\":\"pt-BR\",\"@id\":\"https:\\\/\\\/secure.gravatar.com\\\/avatar\\\/42749d8b712ff9d59ca93dc150494e5b55a44134482993f5baeb97e61b7ecc89?s=96&d=mm&r=g\",\"url\":\"https:\\\/\\\/secure.gravatar.com\\\/avatar\\\/42749d8b712ff9d59ca93dc150494e5b55a44134482993f5baeb97e61b7ecc89?s=96&d=mm&r=g\",\"contentUrl\":\"https:\\\/\\\/secure.gravatar.com\\\/avatar\\\/42749d8b712ff9d59ca93dc150494e5b55a44134482993f5baeb97e61b7ecc89?s=96&d=mm&r=g\",\"caption\":\"Roberto\"},\"url\":\"https:\\\/\\\/regiaonews.net.br\\\/2022\\\/author\\\/roberto\\\/\"}]}<\/script>\n<!-- \/ Yoast SEO plugin. -->","yoast_head_json":{"title":"Palmeiras vence o Athletico e Corinthians perde em Bragan\u00e7a\u00a0","description":"Palmeiras est\u00e1 implac\u00e1vel no Campeonato Brasileiro e conquistou sua quinta vit\u00f3ria consecutiva. Na noite deste s\u00e1bado","robots":{"index":"index","follow":"follow","max-snippet":"max-snippet:-1","max-image-preview":"max-image-preview:large","max-video-preview":"max-video-preview:-1"},"canonical":"https:\/\/regiaonews.net.br\/2022\/2023\/11\/05\/palmeiras-vence-o-athletico-e-corinthians-perde-em-braganca\/","og_locale":"pt_BR","og_type":"article","og_title":"Palmeiras vence o Athletico e Corinthians perde em Bragan\u00e7a\u00a0","og_description":"Palmeiras est\u00e1 implac\u00e1vel no Campeonato Brasileiro e conquistou sua quinta vit\u00f3ria consecutiva. Na noite deste s\u00e1bado","og_url":"https:\/\/regiaonews.net.br\/2022\/2023\/11\/05\/palmeiras-vence-o-athletico-e-corinthians-perde-em-braganca\/","og_site_name":"Regi\u00e3o News","article_published_time":"2023-11-05T23:45:49+00:00","article_modified_time":"2023-11-05T23:50:09+00:00","author":"Roberto","twitter_card":"summary_large_image","twitter_misc":{"Escrito por":"Roberto","Est. tempo de leitura":"2 minutos"},"schema":{"@context":"https:\/\/schema.org","@graph":[{"@type":"Article","@id":"https:\/\/regiaonews.net.br\/2022\/2023\/11\/05\/palmeiras-vence-o-athletico-e-corinthians-perde-em-braganca\/#article","isPartOf":{"@id":"https:\/\/regiaonews.net.br\/2022\/2023\/11\/05\/palmeiras-vence-o-athletico-e-corinthians-perde-em-braganca\/"},"author":{"name":"Roberto","@id":"https:\/\/regiaonews.net.br\/2022\/#\/schema\/person\/2d205a608a5aa97ac279d7a5e6d89ad8"},"headline":"Palmeiras vence o Athletico e Corinthians perde em Bragan\u00e7a\u00a0","datePublished":"2023-11-05T23:45:49+00:00","dateModified":"2023-11-05T23:50:09+00:00","mainEntityOfPage":{"@id":"https:\/\/regiaonews.net.br\/2022\/2023\/11\/05\/palmeiras-vence-o-athletico-e-corinthians-perde-em-braganca\/"},"wordCount":257,"commentCount":0,"publisher":{"@id":"https:\/\/regiaonews.net.br\/2022\/#organization"},"articleSection":["Brasileir\u00e3o","Esporte"],"inLanguage":"pt-BR","potentialAction":[{"@type":"CommentAction","name":"Comment","target":["https:\/\/regiaonews.net.br\/2022\/2023\/11\/05\/palmeiras-vence-o-athletico-e-corinthians-perde-em-braganca\/#respond"]}]},{"@type":"WebPage","@id":"https:\/\/regiaonews.net.br\/2022\/2023\/11\/05\/palmeiras-vence-o-athletico-e-corinthians-perde-em-braganca\/","url":"https:\/\/regiaonews.net.br\/2022\/2023\/11\/05\/palmeiras-vence-o-athletico-e-corinthians-perde-em-braganca\/","name":"Palmeiras vence o Athletico e Corinthians perde em Bragan\u00e7a\u00a0","isPartOf":{"@id":"https:\/\/regiaonews.net.br\/2022\/#website"},"datePublished":"2023-11-05T23:45:49+00:00","dateModified":"2023-11-05T23:50:09+00:00","description":"Palmeiras est\u00e1 implac\u00e1vel no Campeonato Brasileiro e conquistou sua quinta vit\u00f3ria consecutiva. Na noite deste s\u00e1bado","breadcrumb":{"@id":"https:\/\/regiaonews.net.br\/2022\/2023\/11\/05\/palmeiras-vence-o-athletico-e-corinthians-perde-em-braganca\/#breadcrumb"},"inLanguage":"pt-BR","potentialAction":[{"@type":"ReadAction","target":["https:\/\/regiaonews.net.br\/2022\/2023\/11\/05\/palmeiras-vence-o-athletico-e-corinthians-perde-em-braganca\/"]}]},{"@type":"BreadcrumbList","@id":"https:\/\/regiaonews.net.br\/2022\/2023\/11\/05\/palmeiras-vence-o-athletico-e-corinthians-perde-em-braganca\/#breadcrumb","itemListElement":[{"@type":"ListItem","position":1,"name":"In\u00edcio","item":"https:\/\/regiaonews.net.br\/2022\/"},{"@type":"ListItem","position":2,"name":"Palmeiras vence o Athletico e Corinthians perde em Bragan\u00e7a\u00a0"}]},{"@type":"WebSite","@id":"https:\/\/regiaonews.net.br\/2022\/#website","url":"https:\/\/regiaonews.net.br\/2022\/","name":"Regi\u00e3o News","description":"Site de Not\u00edcias de Barretos e regi\u00e3o","publisher":{"@id":"https:\/\/regiaonews.net.br\/2022\/#organization"},"potentialAction":[{"@type":"SearchAction","target":{"@type":"EntryPoint","urlTemplate":"https:\/\/regiaonews.net.br\/2022\/?s={search_term_string}"},"query-input":{"@type":"PropertyValueSpecification","valueRequired":true,"valueName":"search_term_string"}}],"inLanguage":"pt-BR"},{"@type":"Organization","@id":"https:\/\/regiaonews.net.br\/2022\/#organization","name":"Regi\u00e3o News","url":"https:\/\/regiaonews.net.br\/2022\/","logo":{"@type":"ImageObject","inLanguage":"pt-BR","@id":"https:\/\/regiaonews.net.br\/2022\/#\/schema\/logo\/image\/","url":"https:\/\/regiaonews.net.br\/2022\/wp-content\/uploads\/2026\/03\/regiao-13-anos-scaled.jpg","contentUrl":"https:\/\/regiaonews.net.br\/2022\/wp-content\/uploads\/2026\/03\/regiao-13-anos-scaled.jpg","width":2560,"height":635,"caption":"Regi\u00e3o News"},"image":{"@id":"https:\/\/regiaonews.net.br\/2022\/#\/schema\/logo\/image\/"}},{"@type":"Person","@id":"https:\/\/regiaonews.net.br\/2022\/#\/schema\/person\/2d205a608a5aa97ac279d7a5e6d89ad8","name":"Roberto","image":{"@type":"ImageObject","inLanguage":"pt-BR","@id":"https:\/\/secure.gravatar.com\/avatar\/42749d8b712ff9d59ca93dc150494e5b55a44134482993f5baeb97e61b7ecc89?s=96&d=mm&r=g","url":"https:\/\/secure.gravatar.com\/avatar\/42749d8b712ff9d59ca93dc150494e5b55a44134482993f5baeb97e61b7ecc89?s=96&d=mm&r=g","contentUrl":"https:\/\/secure.gravatar.com\/avatar\/42749d8b712ff9d59ca93dc150494e5b55a44134482993f5baeb97e61b7ecc89?s=96&d=mm&r=g","caption":"Roberto"},"url":"https:\/\/regiaonews.net.br\/2022\/author\/roberto\/"}]}},"publishpress_future_action":{"enabled":false,"date":"2026-05-04 11:37:35","action":"change-status","newStatus":"draft","terms":[],"taxonomy":"category","extraData":[]},"publishpress_future_workflow_manual_trigger":{"enabledWorkflows":[]},"_links":{"self":[{"href":"https:\/\/regiaonews.net.br\/2022\/wp-json\/wp\/v2\/posts\/97417","targetHints":{"allow":["GET"]}}],"collection":[{"href":"https:\/\/regiaonews.net.br\/2022\/wp-json\/wp\/v2\/posts"}],"about":[{"href":"https:\/\/regiaonews.net.br\/2022\/wp-json\/wp\/v2\/types\/post"}],"author":[{"embeddable":true,"href":"https:\/\/regiaonews.net.br\/2022\/wp-json\/wp\/v2\/users\/2"}],"replies":[{"embeddable":true,"href":"https:\/\/regiaonews.net.br\/2022\/wp-json\/wp\/v2\/comments?post=97417"}],"version-history":[{"count":3,"href":"https:\/\/regiaonews.net.br\/2022\/wp-json\/wp\/v2\/posts\/97417\/revisions"}],"predecessor-version":[{"id":97420,"href":"https:\/\/regiaonews.net.br\/2022\/wp-json\/wp\/v2\/posts\/97417\/revisions\/97420"}],"wp:attachment":[{"href":"https:\/\/regiaonews.net.br\/2022\/wp-json\/wp\/v2\/media?parent=97417"}],"wp:term":[{"taxonomy":"category","embeddable":true,"href":"https:\/\/regiaonews.net.br\/2022\/wp-json\/wp\/v2\/categories?post=97417"},{"taxonomy":"post_tag","embeddable":true,"href":"https:\/\/regiaonews.net.br\/2022\/wp-json\/wp\/v2\/tags?post=97417"}],"curies":[{"name":"wp","href":"https:\/\/api.w.org\/{rel}","templated":true}]}}