{"id":97411,"date":"2023-11-05T19:18:43","date_gmt":"2023-11-05T22:18:43","guid":{"rendered":"https:\/\/regiaonews.net.br\/2022\/?p=97411"},"modified":"2023-11-05T19:18:43","modified_gmt":"2023-11-05T22:18:43","slug":"alunos-prejudicados-por-intercorrencias-poderao-fazer-enem-em-dezembro","status":"publish","type":"post","link":"https:\/\/regiaonews.net.br\/2022\/2023\/11\/05\/alunos-prejudicados-por-intercorrencias-poderao-fazer-enem-em-dezembro\/","title":{"rendered":"Alunos prejudicados por intercorr\u00eancias poder\u00e3o fazer Enem em dezembro"},"content":{"rendered":"<p>O ministro da Educa\u00e7\u00e3o (MEC), Camilo Santana, disse neste domingo (5) que os estudantes que forem prejudicados pelas condi\u00e7\u00f5es clim\u00e1ticas no pa\u00eds poder\u00e3o participar do Exame Nacional do Ensino M\u00e9dio (Enem) 2023 na reaplica\u00e7\u00e3o de novas provas nos dias 12 e 13 de dezembro. Ele garantiu que os problemas com a falta de energia el\u00e9trica em locais de aplica\u00e7\u00e3o de provas, no estado de S\u00e3o Paulo, foram resolvidos.\u00a0<img decoding=\"async\" src=\"https:\/\/agenciabrasil.ebc.com.br\/ebc.png?id=1564607&amp;o=node\" \/><img decoding=\"async\" src=\"https:\/\/agenciabrasil.ebc.com.br\/ebc.gif?id=1564607&amp;o=node\" \/><\/p>\n<p>\u201cAt\u00e9 agora, nenhuma intercorr\u00eancia. Os problemas que n\u00f3s t\u00ednhamos de falta de eletrifica\u00e7\u00e3o nas escolas de S\u00e3o Paulo foram sanados, em parceria com o Minist\u00e9rio de Minas e Energia, com a equipe do MEC e, tamb\u00e9m, com a equipe do governo do estado de S\u00e3o Paulo.\u201d O ministro informou que n\u00e3o foi notificado sobre ocorr\u00eancias relativas \u00e0 seca que teriam prejudicado candidatos do Norte do pa\u00eds.<\/p>\n<p>Mais cedo, o presidente Luiz In\u00e1cio Lula da Silva visitou a sede do Instituto Nacional de Estudos e Pesquisas Educacionais An\u00edsio Teixeira (Inep), em Bras\u00edlia, e\u00a0<a href=\"https:\/\/agenciabrasil.ebc.com.br\/educacao\/noticia\/2023-11\/enem-lula-afirma-que-problema-de-falta-de-energia-esta-100-resolvido\">disse que o\u00a0 problema de falta de energia\u00a0<\/a>est\u00e1 100% resolvido.<\/p>\n<p>Respondendo a questionamento da imprensa, o ministro garantiu que n\u00e3o h\u00e1 nenhum tipo de interfer\u00eancia do governo federal no conte\u00fado do Enem. \u201cN\u00e3o haver\u00e1, nem houve nenhuma interfer\u00eancia por parte do governo em rela\u00e7\u00e3o a isso\u201d.<\/p>\n<p>Camilo Santana ainda fez um balan\u00e7o sobre a log\u00edstica para aplica\u00e7\u00e3o das provas aos mais de 3,9 milh\u00f5es de inscritos do Enem 2023, nas 27 unidades da federa\u00e7\u00e3o, em 1.750 munic\u00edpios, com mais de 9 mil locais de prova. \u201cTodos os malotes foram entregues, no hor\u00e1rio, \u00e0s escolas. S\u00e3o, aproximadamente, 132 mil salas de aula de aplica\u00e7\u00e3o das provas, hoje\u201d.<\/p>\n<p>Na 25\u00aa edi\u00e7\u00e3o do exame, o ministro ainda destacou as novidades relacionadas \u00e0 acessibilidade de candidatos com defici\u00eancia. \u201cEsse ano, n\u00f3s completamos 25 anos de Enem. \u00c9 importante dizer que a novidade esse ano \u00e9 que, na prova, tanto os gr\u00e1ficos, como as figuras ser\u00e3o coloridas para facilitar \u00e0s pessoas que s\u00e3o dalt\u00f4nicas ou tenham alguns problemas [de vis\u00e3o]. O cart\u00e3o resposta vai ser ampliado tamb\u00e9m para pessoas que t\u00eam problema de vis\u00e3o\u201d.<\/p>\n<p>O ministro tamb\u00e9m destacou o trabalho do Inep, respons\u00e1vel por conduzir o processo do Enem desde a sala de situa\u00e7\u00e3o da institui\u00e7\u00e3o, onde todo o processo de realiza\u00e7\u00e3o do Enem \u00e9 monitorado, desde o in\u00edcio da inscri\u00e7\u00e3o, passando pela aplica\u00e7\u00e3o da prova, at\u00e9 o t\u00e9rmino. \u201c380 mil colaboradores est\u00e3o envolvidos hoje na aplica\u00e7\u00e3o dessa prova, sejam coordenadores, aplicadores de prova, sejam da Pol\u00edcia Militar, da Pol\u00edcia Federal ou da Pol\u00edcia Rodovi\u00e1ria Federal\u201d, disse.<\/p>\n<p>Fonte &#8211; Ag\u00eancia Brasil &#8211; Foto &#8211; Jos\u00e9 Cruz<\/p>\n","protected":false},"excerpt":{"rendered":"<p>O ministro da Educa\u00e7\u00e3o (MEC), Camilo Santana, disse neste domingo<\/p>\n","protected":false},"author":2,"featured_media":97412,"comment_status":"open","ping_status":"open","sticky":false,"template":"","format":"standard","meta":{"footnotes":""},"categories":[25,190],"tags":[],"class_list":["post-97411","post","type-post","status-publish","format-standard","has-post-thumbnail","hentry","category-cidades","category-enem"],"yoast_head":"<!-- This site is optimized with the Yoast SEO plugin v27.4 - https:\/\/yoast.com\/product\/yoast-seo-wordpress\/ -->\n<title>Alunos prejudicados por intercorr\u00eancias poder\u00e3o fazer Enem em dezembro - Regi\u00e3o News<\/title>\n<meta name=\"robots\" content=\"index, follow, max-snippet:-1, max-image-preview:large, max-video-preview:-1\" \/>\n<link rel=\"canonical\" href=\"https:\/\/regiaonews.net.br\/2022\/2023\/11\/05\/alunos-prejudicados-por-intercorrencias-poderao-fazer-enem-em-dezembro\/\" \/>\n<meta property=\"og:locale\" content=\"pt_BR\" \/>\n<meta property=\"og:type\" content=\"article\" \/>\n<meta property=\"og:title\" content=\"Alunos prejudicados por intercorr\u00eancias poder\u00e3o fazer Enem em dezembro - Regi\u00e3o News\" \/>\n<meta property=\"og:description\" content=\"O ministro da Educa\u00e7\u00e3o (MEC), Camilo Santana, disse neste domingo\" \/>\n<meta property=\"og:url\" content=\"https:\/\/regiaonews.net.br\/2022\/2023\/11\/05\/alunos-prejudicados-por-intercorrencias-poderao-fazer-enem-em-dezembro\/\" \/>\n<meta property=\"og:site_name\" content=\"Regi\u00e3o News\" \/>\n<meta property=\"article:published_time\" content=\"2023-11-05T22:18:43+00:00\" \/>\n<meta property=\"og:image\" content=\"https:\/\/regiaonews.net.br\/2022\/wp-content\/uploads\/2023\/11\/Enem-Brasilia.jpg\" \/>\n\t<meta property=\"og:image:width\" content=\"1149\" \/>\n\t<meta property=\"og:image:height\" content=\"595\" \/>\n\t<meta property=\"og:image:type\" content=\"image\/jpeg\" \/>\n<meta name=\"author\" content=\"Roberto\" \/>\n<meta name=\"twitter:card\" content=\"summary_large_image\" \/>\n<meta name=\"twitter:label1\" content=\"Escrito por\" \/>\n\t<meta name=\"twitter:data1\" content=\"Roberto\" \/>\n\t<meta name=\"twitter:label2\" content=\"Est. tempo de leitura\" \/>\n\t<meta name=\"twitter:data2\" content=\"3 minutos\" \/>\n<script type=\"application\/ld+json\" class=\"yoast-schema-graph\">{\"@context\":\"https:\\\/\\\/schema.org\",\"@graph\":[{\"@type\":\"Article\",\"@id\":\"https:\\\/\\\/regiaonews.net.br\\\/2022\\\/2023\\\/11\\\/05\\\/alunos-prejudicados-por-intercorrencias-poderao-fazer-enem-em-dezembro\\\/#article\",\"isPartOf\":{\"@id\":\"https:\\\/\\\/regiaonews.net.br\\\/2022\\\/2023\\\/11\\\/05\\\/alunos-prejudicados-por-intercorrencias-poderao-fazer-enem-em-dezembro\\\/\"},\"author\":{\"name\":\"Roberto\",\"@id\":\"https:\\\/\\\/regiaonews.net.br\\\/2022\\\/#\\\/schema\\\/person\\\/2d205a608a5aa97ac279d7a5e6d89ad8\"},\"headline\":\"Alunos prejudicados por intercorr\u00eancias poder\u00e3o fazer Enem em dezembro\",\"datePublished\":\"2023-11-05T22:18:43+00:00\",\"mainEntityOfPage\":{\"@id\":\"https:\\\/\\\/regiaonews.net.br\\\/2022\\\/2023\\\/11\\\/05\\\/alunos-prejudicados-por-intercorrencias-poderao-fazer-enem-em-dezembro\\\/\"},\"wordCount\":481,\"commentCount\":0,\"publisher\":{\"@id\":\"https:\\\/\\\/regiaonews.net.br\\\/2022\\\/#organization\"},\"image\":{\"@id\":\"https:\\\/\\\/regiaonews.net.br\\\/2022\\\/2023\\\/11\\\/05\\\/alunos-prejudicados-por-intercorrencias-poderao-fazer-enem-em-dezembro\\\/#primaryimage\"},\"thumbnailUrl\":\"https:\\\/\\\/regiaonews.net.br\\\/2022\\\/wp-content\\\/uploads\\\/2023\\\/11\\\/Enem-Brasilia.jpg\",\"articleSection\":[\"Cidades\",\"Enem\"],\"inLanguage\":\"pt-BR\",\"potentialAction\":[{\"@type\":\"CommentAction\",\"name\":\"Comment\",\"target\":[\"https:\\\/\\\/regiaonews.net.br\\\/2022\\\/2023\\\/11\\\/05\\\/alunos-prejudicados-por-intercorrencias-poderao-fazer-enem-em-dezembro\\\/#respond\"]}]},{\"@type\":\"WebPage\",\"@id\":\"https:\\\/\\\/regiaonews.net.br\\\/2022\\\/2023\\\/11\\\/05\\\/alunos-prejudicados-por-intercorrencias-poderao-fazer-enem-em-dezembro\\\/\",\"url\":\"https:\\\/\\\/regiaonews.net.br\\\/2022\\\/2023\\\/11\\\/05\\\/alunos-prejudicados-por-intercorrencias-poderao-fazer-enem-em-dezembro\\\/\",\"name\":\"Alunos prejudicados por intercorr\u00eancias poder\u00e3o fazer Enem em dezembro - Regi\u00e3o News\",\"isPartOf\":{\"@id\":\"https:\\\/\\\/regiaonews.net.br\\\/2022\\\/#website\"},\"primaryImageOfPage\":{\"@id\":\"https:\\\/\\\/regiaonews.net.br\\\/2022\\\/2023\\\/11\\\/05\\\/alunos-prejudicados-por-intercorrencias-poderao-fazer-enem-em-dezembro\\\/#primaryimage\"},\"image\":{\"@id\":\"https:\\\/\\\/regiaonews.net.br\\\/2022\\\/2023\\\/11\\\/05\\\/alunos-prejudicados-por-intercorrencias-poderao-fazer-enem-em-dezembro\\\/#primaryimage\"},\"thumbnailUrl\":\"https:\\\/\\\/regiaonews.net.br\\\/2022\\\/wp-content\\\/uploads\\\/2023\\\/11\\\/Enem-Brasilia.jpg\",\"datePublished\":\"2023-11-05T22:18:43+00:00\",\"breadcrumb\":{\"@id\":\"https:\\\/\\\/regiaonews.net.br\\\/2022\\\/2023\\\/11\\\/05\\\/alunos-prejudicados-por-intercorrencias-poderao-fazer-enem-em-dezembro\\\/#breadcrumb\"},\"inLanguage\":\"pt-BR\",\"potentialAction\":[{\"@type\":\"ReadAction\",\"target\":[\"https:\\\/\\\/regiaonews.net.br\\\/2022\\\/2023\\\/11\\\/05\\\/alunos-prejudicados-por-intercorrencias-poderao-fazer-enem-em-dezembro\\\/\"]}]},{\"@type\":\"ImageObject\",\"inLanguage\":\"pt-BR\",\"@id\":\"https:\\\/\\\/regiaonews.net.br\\\/2022\\\/2023\\\/11\\\/05\\\/alunos-prejudicados-por-intercorrencias-poderao-fazer-enem-em-dezembro\\\/#primaryimage\",\"url\":\"https:\\\/\\\/regiaonews.net.br\\\/2022\\\/wp-content\\\/uploads\\\/2023\\\/11\\\/Enem-Brasilia.jpg\",\"contentUrl\":\"https:\\\/\\\/regiaonews.net.br\\\/2022\\\/wp-content\\\/uploads\\\/2023\\\/11\\\/Enem-Brasilia.jpg\",\"width\":1149,\"height\":595},{\"@type\":\"BreadcrumbList\",\"@id\":\"https:\\\/\\\/regiaonews.net.br\\\/2022\\\/2023\\\/11\\\/05\\\/alunos-prejudicados-por-intercorrencias-poderao-fazer-enem-em-dezembro\\\/#breadcrumb\",\"itemListElement\":[{\"@type\":\"ListItem\",\"position\":1,\"name\":\"In\u00edcio\",\"item\":\"https:\\\/\\\/regiaonews.net.br\\\/2022\\\/\"},{\"@type\":\"ListItem\",\"position\":2,\"name\":\"Alunos prejudicados por intercorr\u00eancias poder\u00e3o fazer Enem em dezembro\"}]},{\"@type\":\"WebSite\",\"@id\":\"https:\\\/\\\/regiaonews.net.br\\\/2022\\\/#website\",\"url\":\"https:\\\/\\\/regiaonews.net.br\\\/2022\\\/\",\"name\":\"Regi\u00e3o News\",\"description\":\"Site de Not\u00edcias de Barretos e regi\u00e3o\",\"publisher\":{\"@id\":\"https:\\\/\\\/regiaonews.net.br\\\/2022\\\/#organization\"},\"potentialAction\":[{\"@type\":\"SearchAction\",\"target\":{\"@type\":\"EntryPoint\",\"urlTemplate\":\"https:\\\/\\\/regiaonews.net.br\\\/2022\\\/?s={search_term_string}\"},\"query-input\":{\"@type\":\"PropertyValueSpecification\",\"valueRequired\":true,\"valueName\":\"search_term_string\"}}],\"inLanguage\":\"pt-BR\"},{\"@type\":\"Organization\",\"@id\":\"https:\\\/\\\/regiaonews.net.br\\\/2022\\\/#organization\",\"name\":\"Regi\u00e3o News\",\"url\":\"https:\\\/\\\/regiaonews.net.br\\\/2022\\\/\",\"logo\":{\"@type\":\"ImageObject\",\"inLanguage\":\"pt-BR\",\"@id\":\"https:\\\/\\\/regiaonews.net.br\\\/2022\\\/#\\\/schema\\\/logo\\\/image\\\/\",\"url\":\"https:\\\/\\\/regiaonews.net.br\\\/2022\\\/wp-content\\\/uploads\\\/2026\\\/03\\\/regiao-13-anos-scaled.jpg\",\"contentUrl\":\"https:\\\/\\\/regiaonews.net.br\\\/2022\\\/wp-content\\\/uploads\\\/2026\\\/03\\\/regiao-13-anos-scaled.jpg\",\"width\":2560,\"height\":635,\"caption\":\"Regi\u00e3o News\"},\"image\":{\"@id\":\"https:\\\/\\\/regiaonews.net.br\\\/2022\\\/#\\\/schema\\\/logo\\\/image\\\/\"}},{\"@type\":\"Person\",\"@id\":\"https:\\\/\\\/regiaonews.net.br\\\/2022\\\/#\\\/schema\\\/person\\\/2d205a608a5aa97ac279d7a5e6d89ad8\",\"name\":\"Roberto\",\"image\":{\"@type\":\"ImageObject\",\"inLanguage\":\"pt-BR\",\"@id\":\"https:\\\/\\\/secure.gravatar.com\\\/avatar\\\/42749d8b712ff9d59ca93dc150494e5b55a44134482993f5baeb97e61b7ecc89?s=96&d=mm&r=g\",\"url\":\"https:\\\/\\\/secure.gravatar.com\\\/avatar\\\/42749d8b712ff9d59ca93dc150494e5b55a44134482993f5baeb97e61b7ecc89?s=96&d=mm&r=g\",\"contentUrl\":\"https:\\\/\\\/secure.gravatar.com\\\/avatar\\\/42749d8b712ff9d59ca93dc150494e5b55a44134482993f5baeb97e61b7ecc89?s=96&d=mm&r=g\",\"caption\":\"Roberto\"},\"url\":\"https:\\\/\\\/regiaonews.net.br\\\/2022\\\/author\\\/roberto\\\/\"}]}<\/script>\n<!-- \/ Yoast SEO plugin. -->","yoast_head_json":{"title":"Alunos prejudicados por intercorr\u00eancias poder\u00e3o fazer Enem em dezembro - Regi\u00e3o News","robots":{"index":"index","follow":"follow","max-snippet":"max-snippet:-1","max-image-preview":"max-image-preview:large","max-video-preview":"max-video-preview:-1"},"canonical":"https:\/\/regiaonews.net.br\/2022\/2023\/11\/05\/alunos-prejudicados-por-intercorrencias-poderao-fazer-enem-em-dezembro\/","og_locale":"pt_BR","og_type":"article","og_title":"Alunos prejudicados por intercorr\u00eancias poder\u00e3o fazer Enem em dezembro - Regi\u00e3o News","og_description":"O ministro da Educa\u00e7\u00e3o (MEC), Camilo Santana, disse neste domingo","og_url":"https:\/\/regiaonews.net.br\/2022\/2023\/11\/05\/alunos-prejudicados-por-intercorrencias-poderao-fazer-enem-em-dezembro\/","og_site_name":"Regi\u00e3o News","article_published_time":"2023-11-05T22:18:43+00:00","og_image":[{"width":1149,"height":595,"url":"https:\/\/regiaonews.net.br\/2022\/wp-content\/uploads\/2023\/11\/Enem-Brasilia.jpg","type":"image\/jpeg"}],"author":"Roberto","twitter_card":"summary_large_image","twitter_misc":{"Escrito por":"Roberto","Est. tempo de leitura":"3 minutos"},"schema":{"@context":"https:\/\/schema.org","@graph":[{"@type":"Article","@id":"https:\/\/regiaonews.net.br\/2022\/2023\/11\/05\/alunos-prejudicados-por-intercorrencias-poderao-fazer-enem-em-dezembro\/#article","isPartOf":{"@id":"https:\/\/regiaonews.net.br\/2022\/2023\/11\/05\/alunos-prejudicados-por-intercorrencias-poderao-fazer-enem-em-dezembro\/"},"author":{"name":"Roberto","@id":"https:\/\/regiaonews.net.br\/2022\/#\/schema\/person\/2d205a608a5aa97ac279d7a5e6d89ad8"},"headline":"Alunos prejudicados por intercorr\u00eancias poder\u00e3o fazer Enem em dezembro","datePublished":"2023-11-05T22:18:43+00:00","mainEntityOfPage":{"@id":"https:\/\/regiaonews.net.br\/2022\/2023\/11\/05\/alunos-prejudicados-por-intercorrencias-poderao-fazer-enem-em-dezembro\/"},"wordCount":481,"commentCount":0,"publisher":{"@id":"https:\/\/regiaonews.net.br\/2022\/#organization"},"image":{"@id":"https:\/\/regiaonews.net.br\/2022\/2023\/11\/05\/alunos-prejudicados-por-intercorrencias-poderao-fazer-enem-em-dezembro\/#primaryimage"},"thumbnailUrl":"https:\/\/regiaonews.net.br\/2022\/wp-content\/uploads\/2023\/11\/Enem-Brasilia.jpg","articleSection":["Cidades","Enem"],"inLanguage":"pt-BR","potentialAction":[{"@type":"CommentAction","name":"Comment","target":["https:\/\/regiaonews.net.br\/2022\/2023\/11\/05\/alunos-prejudicados-por-intercorrencias-poderao-fazer-enem-em-dezembro\/#respond"]}]},{"@type":"WebPage","@id":"https:\/\/regiaonews.net.br\/2022\/2023\/11\/05\/alunos-prejudicados-por-intercorrencias-poderao-fazer-enem-em-dezembro\/","url":"https:\/\/regiaonews.net.br\/2022\/2023\/11\/05\/alunos-prejudicados-por-intercorrencias-poderao-fazer-enem-em-dezembro\/","name":"Alunos prejudicados por intercorr\u00eancias poder\u00e3o fazer Enem em dezembro - Regi\u00e3o News","isPartOf":{"@id":"https:\/\/regiaonews.net.br\/2022\/#website"},"primaryImageOfPage":{"@id":"https:\/\/regiaonews.net.br\/2022\/2023\/11\/05\/alunos-prejudicados-por-intercorrencias-poderao-fazer-enem-em-dezembro\/#primaryimage"},"image":{"@id":"https:\/\/regiaonews.net.br\/2022\/2023\/11\/05\/alunos-prejudicados-por-intercorrencias-poderao-fazer-enem-em-dezembro\/#primaryimage"},"thumbnailUrl":"https:\/\/regiaonews.net.br\/2022\/wp-content\/uploads\/2023\/11\/Enem-Brasilia.jpg","datePublished":"2023-11-05T22:18:43+00:00","breadcrumb":{"@id":"https:\/\/regiaonews.net.br\/2022\/2023\/11\/05\/alunos-prejudicados-por-intercorrencias-poderao-fazer-enem-em-dezembro\/#breadcrumb"},"inLanguage":"pt-BR","potentialAction":[{"@type":"ReadAction","target":["https:\/\/regiaonews.net.br\/2022\/2023\/11\/05\/alunos-prejudicados-por-intercorrencias-poderao-fazer-enem-em-dezembro\/"]}]},{"@type":"ImageObject","inLanguage":"pt-BR","@id":"https:\/\/regiaonews.net.br\/2022\/2023\/11\/05\/alunos-prejudicados-por-intercorrencias-poderao-fazer-enem-em-dezembro\/#primaryimage","url":"https:\/\/regiaonews.net.br\/2022\/wp-content\/uploads\/2023\/11\/Enem-Brasilia.jpg","contentUrl":"https:\/\/regiaonews.net.br\/2022\/wp-content\/uploads\/2023\/11\/Enem-Brasilia.jpg","width":1149,"height":595},{"@type":"BreadcrumbList","@id":"https:\/\/regiaonews.net.br\/2022\/2023\/11\/05\/alunos-prejudicados-por-intercorrencias-poderao-fazer-enem-em-dezembro\/#breadcrumb","itemListElement":[{"@type":"ListItem","position":1,"name":"In\u00edcio","item":"https:\/\/regiaonews.net.br\/2022\/"},{"@type":"ListItem","position":2,"name":"Alunos prejudicados por intercorr\u00eancias poder\u00e3o fazer Enem em dezembro"}]},{"@type":"WebSite","@id":"https:\/\/regiaonews.net.br\/2022\/#website","url":"https:\/\/regiaonews.net.br\/2022\/","name":"Regi\u00e3o News","description":"Site de Not\u00edcias de Barretos e regi\u00e3o","publisher":{"@id":"https:\/\/regiaonews.net.br\/2022\/#organization"},"potentialAction":[{"@type":"SearchAction","target":{"@type":"EntryPoint","urlTemplate":"https:\/\/regiaonews.net.br\/2022\/?s={search_term_string}"},"query-input":{"@type":"PropertyValueSpecification","valueRequired":true,"valueName":"search_term_string"}}],"inLanguage":"pt-BR"},{"@type":"Organization","@id":"https:\/\/regiaonews.net.br\/2022\/#organization","name":"Regi\u00e3o News","url":"https:\/\/regiaonews.net.br\/2022\/","logo":{"@type":"ImageObject","inLanguage":"pt-BR","@id":"https:\/\/regiaonews.net.br\/2022\/#\/schema\/logo\/image\/","url":"https:\/\/regiaonews.net.br\/2022\/wp-content\/uploads\/2026\/03\/regiao-13-anos-scaled.jpg","contentUrl":"https:\/\/regiaonews.net.br\/2022\/wp-content\/uploads\/2026\/03\/regiao-13-anos-scaled.jpg","width":2560,"height":635,"caption":"Regi\u00e3o News"},"image":{"@id":"https:\/\/regiaonews.net.br\/2022\/#\/schema\/logo\/image\/"}},{"@type":"Person","@id":"https:\/\/regiaonews.net.br\/2022\/#\/schema\/person\/2d205a608a5aa97ac279d7a5e6d89ad8","name":"Roberto","image":{"@type":"ImageObject","inLanguage":"pt-BR","@id":"https:\/\/secure.gravatar.com\/avatar\/42749d8b712ff9d59ca93dc150494e5b55a44134482993f5baeb97e61b7ecc89?s=96&d=mm&r=g","url":"https:\/\/secure.gravatar.com\/avatar\/42749d8b712ff9d59ca93dc150494e5b55a44134482993f5baeb97e61b7ecc89?s=96&d=mm&r=g","contentUrl":"https:\/\/secure.gravatar.com\/avatar\/42749d8b712ff9d59ca93dc150494e5b55a44134482993f5baeb97e61b7ecc89?s=96&d=mm&r=g","caption":"Roberto"},"url":"https:\/\/regiaonews.net.br\/2022\/author\/roberto\/"}]}},"publishpress_future_action":{"enabled":false,"date":"2026-05-04 14:32:37","action":"change-status","newStatus":"draft","terms":[],"taxonomy":"category","extraData":[]},"publishpress_future_workflow_manual_trigger":{"enabledWorkflows":[]},"_links":{"self":[{"href":"https:\/\/regiaonews.net.br\/2022\/wp-json\/wp\/v2\/posts\/97411","targetHints":{"allow":["GET"]}}],"collection":[{"href":"https:\/\/regiaonews.net.br\/2022\/wp-json\/wp\/v2\/posts"}],"about":[{"href":"https:\/\/regiaonews.net.br\/2022\/wp-json\/wp\/v2\/types\/post"}],"author":[{"embeddable":true,"href":"https:\/\/regiaonews.net.br\/2022\/wp-json\/wp\/v2\/users\/2"}],"replies":[{"embeddable":true,"href":"https:\/\/regiaonews.net.br\/2022\/wp-json\/wp\/v2\/comments?post=97411"}],"version-history":[{"count":1,"href":"https:\/\/regiaonews.net.br\/2022\/wp-json\/wp\/v2\/posts\/97411\/revisions"}],"predecessor-version":[{"id":97413,"href":"https:\/\/regiaonews.net.br\/2022\/wp-json\/wp\/v2\/posts\/97411\/revisions\/97413"}],"wp:featuredmedia":[{"embeddable":true,"href":"https:\/\/regiaonews.net.br\/2022\/wp-json\/wp\/v2\/media\/97412"}],"wp:attachment":[{"href":"https:\/\/regiaonews.net.br\/2022\/wp-json\/wp\/v2\/media?parent=97411"}],"wp:term":[{"taxonomy":"category","embeddable":true,"href":"https:\/\/regiaonews.net.br\/2022\/wp-json\/wp\/v2\/categories?post=97411"},{"taxonomy":"post_tag","embeddable":true,"href":"https:\/\/regiaonews.net.br\/2022\/wp-json\/wp\/v2\/tags?post=97411"}],"curies":[{"name":"wp","href":"https:\/\/api.w.org\/{rel}","templated":true}]}}