{"id":97367,"date":"2023-11-04T19:57:56","date_gmt":"2023-11-04T22:57:56","guid":{"rendered":"https:\/\/regiaonews.net.br\/2022\/?p=97367"},"modified":"2023-11-04T21:21:07","modified_gmt":"2023-11-05T00:21:07","slug":"fluminense-e-campeao-da-copa-libertadores","status":"publish","type":"post","link":"https:\/\/regiaonews.net.br\/2022\/2023\/11\/04\/fluminense-e-campeao-da-copa-libertadores\/","title":{"rendered":"Fluminense \u00e9 campe\u00e3o da Copa Libertadores"},"content":{"rendered":"<p>&nbsp;<\/p>\n<div class=\"region region-content\">\n<article class=\"container\">\n<div class=\"row\">\n<div class=\"col-xl-7 offset-xl-1 col-lg-8 offset-lg-0 col-md-10 offset-md-1 mb-3\">\n<div class=\"post-item alt-font\">\n<div class=\"post-item-wrap\">\n<p>O Fluminense \u00e9 campe\u00e3o pela primeira vez da Copa Libertadores da Am\u00e9rica. Ap\u00f3s um jogo eletrizante no Maracan\u00e3 neste s\u00e1bado (4), o time carioca, comandado pelo t\u00e9cnico Fernando Diniz, derrotou o argentino Boca Juniores por 2 a 1. O gol do t\u00edtulo continental saiu no primeiro tempo da prorroga\u00e7\u00e3o, dos p\u00e9s de John Kennedy. No tempo regulamentar o jogo terminou em em 1 a 1, com o atacante\u00a0argentino Germ\u00e1n Cano abrindo o placar para o Flu e o lateral-direito Adv\u00edncula empatando na segunda etapa.\u00a0<img decoding=\"async\" src=\"https:\/\/agenciabrasil.ebc.com.br\/ebc.png?id=1564533&amp;o=node\" \/><img decoding=\"async\" src=\"https:\/\/agenciabrasil.ebc.com.br\/ebc.gif?id=1564533&amp;o=node\" \/><\/p>\n<p>Foram 15 anos de espera desde a \u00faltima fez que o Tricolor disputou uma final de Libertadores &#8211; em 2015 os cariocas perderam nos p\u00eanaltis para os equatorianos da LDU. A hist\u00f3ria hoje no Maracan\u00e3 foi outra: al\u00e9m do t\u00edtulo que garante premia\u00e7\u00e3o total de quase R$ 95 milh\u00f5es, o Fluminense assegurou vaga na Libertadores do ano que vem, presen\u00e7a no Mundial de Clubes deste ano e tamb\u00e9m vaga no Super Mundial de Clubes da Fifa em 2025. Com a ta\u00e7a conquistada hoje, o Brasil soma cinco t\u00edtulos consecutivos na Libertadores. Nas edi\u00e7\u00f5es anteriores, os trof\u00e9us ficaram com Flamengo (2019 e 2022) e\u00a0 Palmeiras (2020 e 2021).<\/p>\n<p>O Fluminense trocou mais passes e teve mais posse de bola no primeiro tempo,\u00a0 apesar da defesa bem postada do time argentino. Foram ao todo cinco finaliza\u00e7\u00f5es do Tricolor, a primeira delas aos 15 minutos, em cobran\u00e7a de falta de Marcelo, direto para Cano cabecear ao gol, mas o goleiro Romero defendeu com tranquilidade. Dois minutos depois, o argentino Merentiel deu um susto na torcida tricolor: arrancou com a bola do meio de campo e mandou uma bomba da entrada da \u00e1rea, que F\u00e1bio atento defendeu com maestria. Aos 26 minutos, Cano tenta abrir o placar de bicicleta, mas falha. Dez minutos depois, foi ele que inaugurou o marcador no Maracan\u00e3, ap\u00f3s tabelar com Arias. O artilheiro comemorou muito seu\u00a013\u00ba gol na Libertadores.<\/p>\n<p>Se na primeira etapa s\u00f3 deu Flu, no segundo tempo o Boca Juniors dominou a bola em campo. O time argentino avan\u00e7ou a linha de marca\u00e7\u00e3o, dificultando a sa\u00edda de bola. Aos quatro minutos, Fabra cruzou para Merentiel que desviou para Medina finalizar, mas ele chutou mal, e ajudou a defesa de F\u00e1bio. Seis minutos depois, Adv\u00edncula, lateral-direito do Boca, avan\u00e7a pela direita e manda uma bola venenosa \u00e0 esquerda do gol tricolor. Foi por pouco. E tr\u00eas minutos depois, novamente em jogada pela direita, Adv\u00edncula recebe de Medina e chuta certeiro no canto esquerdo, sem chance para F\u00e1bio. Tudo igual: 1 a 1. Antes do fim, aos 43 minutos, Merentiel quase vira o placar ao chutar forte quase do meio de campo. A bola passou rente \u00e0 trave esquerda de F\u00e1bio. J\u00e1 nos acr\u00e9scimos, Lima rolou para Diogo Barbosa que disparou sozinho, ficou cara a cara com o goleiro Romero, e desperdi\u00e7ou a chance batendo para fora.<\/p>\n<p>Prorroga\u00e7\u00e3o<\/p>\n<p>O Fluminense foi com tudo para o ataque e brilhou a estrela de John Kennedy, que havia entrado nos \u00faltimos minutos do tempo regulamentar. A jogada que originou o gol do t\u00edtulo come\u00e7ou com Diogo Barbosa que avistou Keno adiantado, lan\u00e7ou a bola e Keno cabeceou para Kennedy acertar o fundo da rede. Na comemora\u00e7\u00e3o, o camisa nove tfoi festejar com a torcida e o \u00e1rbitro Wilmar Rol, subiu o cart\u00e3o vermelho. Antes do fim, tamb\u00e9m teve expulso do lado argentino:,Fabra desferiu um tapa no rosto de Nino, capit\u00e3o do Fluminense. O VAR interveio, e Rold\u00e1n anotou cart\u00e3o vermlho para o lateral-esquerdo do Boca.<\/p>\n<p>No segundo tempo da prorroga\u00e7\u00e3o,os argentinos amassaram os brasileiros, mas F\u00e1bio, goleiro do Fluminense, que completou hoje 100 partidas de Libertadores, fez toda a diferen\u00e7a em campo\u00a0 Aos cinco minutos agarrou uma bola perigosa de Taborda, num chute de fora da \u00e1rea.\u00a0 Aos oito minutos, em contra-ataque,\u00a0 Arias deu passe para Guga, que mandou uma bomba na trave. O Flu seguiu fechado na defesa at\u00e9 o apito final e a consquista do t\u00edtulo in\u00e9dito da Libertadores.<\/p>\n<p>Fonte- Ag\u00eancia Brasil<\/p>\n<p><a href=\"https:\/\/regiaonews.net.br\/2022\/wp-content\/uploads\/2023\/11\/Slide15.PNG.png\"><img loading=\"lazy\" decoding=\"async\" class=\"alignnone size-medium wp-image-97368\" src=\"https:\/\/regiaonews.net.br\/2022\/wp-content\/uploads\/2023\/11\/Slide15.PNG-300x169.png\" alt=\"\" width=\"300\" height=\"169\" srcset=\"https:\/\/regiaonews.net.br\/2022\/wp-content\/uploads\/2023\/11\/Slide15.PNG-300x169.png 300w, https:\/\/regiaonews.net.br\/2022\/wp-content\/uploads\/2023\/11\/Slide15.PNG-1024x576.png 1024w, https:\/\/regiaonews.net.br\/2022\/wp-content\/uploads\/2023\/11\/Slide15.PNG-768x432.png 768w, https:\/\/regiaonews.net.br\/2022\/wp-content\/uploads\/2023\/11\/Slide15.PNG-250x141.png 250w, https:\/\/regiaonews.net.br\/2022\/wp-content\/uploads\/2023\/11\/Slide15.PNG.png 1280w\" sizes=\"auto, (max-width: 300px) 100vw, 300px\" \/><\/a><\/p>\n<\/div>\n<\/div>\n<\/div>\n<\/div>\n<\/article>\n<\/div>\n","protected":false},"excerpt":{"rendered":"<p>&nbsp; O Fluminense \u00e9 campe\u00e3o pela primeira vez da Copa<\/p>\n","protected":false},"author":2,"featured_media":97374,"comment_status":"open","ping_status":"open","sticky":false,"template":"","format":"standard","meta":{"footnotes":""},"categories":[21,133],"tags":[],"class_list":["post-97367","post","type-post","status-publish","format-standard","has-post-thumbnail","hentry","category-esporte","category-libertadores"],"yoast_head":"<!-- This site is optimized with the Yoast SEO plugin v27.4 - https:\/\/yoast.com\/product\/yoast-seo-wordpress\/ -->\n<title>Fluminense \u00e9 campe\u00e3o da Copa Libertadores<\/title>\n<meta name=\"description\" content=\"Demorou 121 anos, mas enfim chegou a primeira conquista internacional do Fluminense. Com gol de John Kennedy, na proroga\u00e7\u00e3o, o Tricolor\" \/>\n<meta name=\"robots\" content=\"index, follow, max-snippet:-1, max-image-preview:large, max-video-preview:-1\" \/>\n<link rel=\"canonical\" href=\"https:\/\/regiaonews.net.br\/2022\/2023\/11\/04\/fluminense-e-campeao-da-copa-libertadores\/\" \/>\n<meta property=\"og:locale\" content=\"pt_BR\" \/>\n<meta property=\"og:type\" content=\"article\" \/>\n<meta property=\"og:title\" content=\"Fluminense \u00e9 campe\u00e3o da Copa Libertadores\" \/>\n<meta property=\"og:description\" content=\"Demorou 121 anos, mas enfim chegou a primeira conquista internacional do Fluminense. Com gol de John Kennedy, na proroga\u00e7\u00e3o, o Tricolor\" \/>\n<meta property=\"og:url\" content=\"https:\/\/regiaonews.net.br\/2022\/2023\/11\/04\/fluminense-e-campeao-da-copa-libertadores\/\" \/>\n<meta property=\"og:site_name\" content=\"Regi\u00e3o News\" \/>\n<meta property=\"article:published_time\" content=\"2023-11-04T22:57:56+00:00\" \/>\n<meta property=\"article:modified_time\" content=\"2023-11-05T00:21:07+00:00\" \/>\n<meta property=\"og:image\" content=\"https:\/\/regiaonews.net.br\/2022\/wp-content\/uploads\/2023\/11\/flu_campeao_libertadores_2023.webp\" \/>\n\t<meta property=\"og:image:width\" content=\"1170\" \/>\n\t<meta property=\"og:image:height\" content=\"700\" \/>\n\t<meta property=\"og:image:type\" content=\"image\/webp\" \/>\n<meta name=\"author\" content=\"Roberto\" \/>\n<meta name=\"twitter:card\" content=\"summary_large_image\" \/>\n<meta name=\"twitter:label1\" content=\"Escrito por\" \/>\n\t<meta name=\"twitter:data1\" content=\"Roberto\" \/>\n\t<meta name=\"twitter:label2\" content=\"Est. tempo de leitura\" \/>\n\t<meta name=\"twitter:data2\" content=\"5 minutos\" \/>\n<script type=\"application\/ld+json\" class=\"yoast-schema-graph\">{\"@context\":\"https:\\\/\\\/schema.org\",\"@graph\":[{\"@type\":\"Article\",\"@id\":\"https:\\\/\\\/regiaonews.net.br\\\/2022\\\/2023\\\/11\\\/04\\\/fluminense-e-campeao-da-copa-libertadores\\\/#article\",\"isPartOf\":{\"@id\":\"https:\\\/\\\/regiaonews.net.br\\\/2022\\\/2023\\\/11\\\/04\\\/fluminense-e-campeao-da-copa-libertadores\\\/\"},\"author\":{\"name\":\"Roberto\",\"@id\":\"https:\\\/\\\/regiaonews.net.br\\\/2022\\\/#\\\/schema\\\/person\\\/2d205a608a5aa97ac279d7a5e6d89ad8\"},\"headline\":\"Fluminense \u00e9 campe\u00e3o da Copa Libertadores\",\"datePublished\":\"2023-11-04T22:57:56+00:00\",\"dateModified\":\"2023-11-05T00:21:07+00:00\",\"mainEntityOfPage\":{\"@id\":\"https:\\\/\\\/regiaonews.net.br\\\/2022\\\/2023\\\/11\\\/04\\\/fluminense-e-campeao-da-copa-libertadores\\\/\"},\"wordCount\":698,\"commentCount\":0,\"publisher\":{\"@id\":\"https:\\\/\\\/regiaonews.net.br\\\/2022\\\/#organization\"},\"image\":{\"@id\":\"https:\\\/\\\/regiaonews.net.br\\\/2022\\\/2023\\\/11\\\/04\\\/fluminense-e-campeao-da-copa-libertadores\\\/#primaryimage\"},\"thumbnailUrl\":\"https:\\\/\\\/regiaonews.net.br\\\/2022\\\/wp-content\\\/uploads\\\/2023\\\/11\\\/flu_campeao_libertadores_2023.webp\",\"articleSection\":[\"Esporte\",\"Libertadores\"],\"inLanguage\":\"pt-BR\",\"potentialAction\":[{\"@type\":\"CommentAction\",\"name\":\"Comment\",\"target\":[\"https:\\\/\\\/regiaonews.net.br\\\/2022\\\/2023\\\/11\\\/04\\\/fluminense-e-campeao-da-copa-libertadores\\\/#respond\"]}]},{\"@type\":\"WebPage\",\"@id\":\"https:\\\/\\\/regiaonews.net.br\\\/2022\\\/2023\\\/11\\\/04\\\/fluminense-e-campeao-da-copa-libertadores\\\/\",\"url\":\"https:\\\/\\\/regiaonews.net.br\\\/2022\\\/2023\\\/11\\\/04\\\/fluminense-e-campeao-da-copa-libertadores\\\/\",\"name\":\"Fluminense \u00e9 campe\u00e3o da Copa Libertadores\",\"isPartOf\":{\"@id\":\"https:\\\/\\\/regiaonews.net.br\\\/2022\\\/#website\"},\"primaryImageOfPage\":{\"@id\":\"https:\\\/\\\/regiaonews.net.br\\\/2022\\\/2023\\\/11\\\/04\\\/fluminense-e-campeao-da-copa-libertadores\\\/#primaryimage\"},\"image\":{\"@id\":\"https:\\\/\\\/regiaonews.net.br\\\/2022\\\/2023\\\/11\\\/04\\\/fluminense-e-campeao-da-copa-libertadores\\\/#primaryimage\"},\"thumbnailUrl\":\"https:\\\/\\\/regiaonews.net.br\\\/2022\\\/wp-content\\\/uploads\\\/2023\\\/11\\\/flu_campeao_libertadores_2023.webp\",\"datePublished\":\"2023-11-04T22:57:56+00:00\",\"dateModified\":\"2023-11-05T00:21:07+00:00\",\"description\":\"Demorou 121 anos, mas enfim chegou a primeira conquista internacional do Fluminense. Com gol de John Kennedy, na proroga\u00e7\u00e3o, o Tricolor\",\"breadcrumb\":{\"@id\":\"https:\\\/\\\/regiaonews.net.br\\\/2022\\\/2023\\\/11\\\/04\\\/fluminense-e-campeao-da-copa-libertadores\\\/#breadcrumb\"},\"inLanguage\":\"pt-BR\",\"potentialAction\":[{\"@type\":\"ReadAction\",\"target\":[\"https:\\\/\\\/regiaonews.net.br\\\/2022\\\/2023\\\/11\\\/04\\\/fluminense-e-campeao-da-copa-libertadores\\\/\"]}]},{\"@type\":\"ImageObject\",\"inLanguage\":\"pt-BR\",\"@id\":\"https:\\\/\\\/regiaonews.net.br\\\/2022\\\/2023\\\/11\\\/04\\\/fluminense-e-campeao-da-copa-libertadores\\\/#primaryimage\",\"url\":\"https:\\\/\\\/regiaonews.net.br\\\/2022\\\/wp-content\\\/uploads\\\/2023\\\/11\\\/flu_campeao_libertadores_2023.webp\",\"contentUrl\":\"https:\\\/\\\/regiaonews.net.br\\\/2022\\\/wp-content\\\/uploads\\\/2023\\\/11\\\/flu_campeao_libertadores_2023.webp\",\"width\":1170,\"height\":700},{\"@type\":\"BreadcrumbList\",\"@id\":\"https:\\\/\\\/regiaonews.net.br\\\/2022\\\/2023\\\/11\\\/04\\\/fluminense-e-campeao-da-copa-libertadores\\\/#breadcrumb\",\"itemListElement\":[{\"@type\":\"ListItem\",\"position\":1,\"name\":\"In\u00edcio\",\"item\":\"https:\\\/\\\/regiaonews.net.br\\\/2022\\\/\"},{\"@type\":\"ListItem\",\"position\":2,\"name\":\"Fluminense \u00e9 campe\u00e3o da Copa Libertadores\"}]},{\"@type\":\"WebSite\",\"@id\":\"https:\\\/\\\/regiaonews.net.br\\\/2022\\\/#website\",\"url\":\"https:\\\/\\\/regiaonews.net.br\\\/2022\\\/\",\"name\":\"Regi\u00e3o News\",\"description\":\"Site de Not\u00edcias de Barretos e regi\u00e3o\",\"publisher\":{\"@id\":\"https:\\\/\\\/regiaonews.net.br\\\/2022\\\/#organization\"},\"potentialAction\":[{\"@type\":\"SearchAction\",\"target\":{\"@type\":\"EntryPoint\",\"urlTemplate\":\"https:\\\/\\\/regiaonews.net.br\\\/2022\\\/?s={search_term_string}\"},\"query-input\":{\"@type\":\"PropertyValueSpecification\",\"valueRequired\":true,\"valueName\":\"search_term_string\"}}],\"inLanguage\":\"pt-BR\"},{\"@type\":\"Organization\",\"@id\":\"https:\\\/\\\/regiaonews.net.br\\\/2022\\\/#organization\",\"name\":\"Regi\u00e3o News\",\"url\":\"https:\\\/\\\/regiaonews.net.br\\\/2022\\\/\",\"logo\":{\"@type\":\"ImageObject\",\"inLanguage\":\"pt-BR\",\"@id\":\"https:\\\/\\\/regiaonews.net.br\\\/2022\\\/#\\\/schema\\\/logo\\\/image\\\/\",\"url\":\"https:\\\/\\\/regiaonews.net.br\\\/2022\\\/wp-content\\\/uploads\\\/2026\\\/03\\\/regiao-13-anos-scaled.jpg\",\"contentUrl\":\"https:\\\/\\\/regiaonews.net.br\\\/2022\\\/wp-content\\\/uploads\\\/2026\\\/03\\\/regiao-13-anos-scaled.jpg\",\"width\":2560,\"height\":635,\"caption\":\"Regi\u00e3o News\"},\"image\":{\"@id\":\"https:\\\/\\\/regiaonews.net.br\\\/2022\\\/#\\\/schema\\\/logo\\\/image\\\/\"}},{\"@type\":\"Person\",\"@id\":\"https:\\\/\\\/regiaonews.net.br\\\/2022\\\/#\\\/schema\\\/person\\\/2d205a608a5aa97ac279d7a5e6d89ad8\",\"name\":\"Roberto\",\"image\":{\"@type\":\"ImageObject\",\"inLanguage\":\"pt-BR\",\"@id\":\"https:\\\/\\\/secure.gravatar.com\\\/avatar\\\/42749d8b712ff9d59ca93dc150494e5b55a44134482993f5baeb97e61b7ecc89?s=96&d=mm&r=g\",\"url\":\"https:\\\/\\\/secure.gravatar.com\\\/avatar\\\/42749d8b712ff9d59ca93dc150494e5b55a44134482993f5baeb97e61b7ecc89?s=96&d=mm&r=g\",\"contentUrl\":\"https:\\\/\\\/secure.gravatar.com\\\/avatar\\\/42749d8b712ff9d59ca93dc150494e5b55a44134482993f5baeb97e61b7ecc89?s=96&d=mm&r=g\",\"caption\":\"Roberto\"},\"url\":\"https:\\\/\\\/regiaonews.net.br\\\/2022\\\/author\\\/roberto\\\/\"}]}<\/script>\n<!-- \/ Yoast SEO plugin. -->","yoast_head_json":{"title":"Fluminense \u00e9 campe\u00e3o da Copa Libertadores","description":"Demorou 121 anos, mas enfim chegou a primeira conquista internacional do Fluminense. Com gol de John Kennedy, na proroga\u00e7\u00e3o, o Tricolor","robots":{"index":"index","follow":"follow","max-snippet":"max-snippet:-1","max-image-preview":"max-image-preview:large","max-video-preview":"max-video-preview:-1"},"canonical":"https:\/\/regiaonews.net.br\/2022\/2023\/11\/04\/fluminense-e-campeao-da-copa-libertadores\/","og_locale":"pt_BR","og_type":"article","og_title":"Fluminense \u00e9 campe\u00e3o da Copa Libertadores","og_description":"Demorou 121 anos, mas enfim chegou a primeira conquista internacional do Fluminense. Com gol de John Kennedy, na proroga\u00e7\u00e3o, o Tricolor","og_url":"https:\/\/regiaonews.net.br\/2022\/2023\/11\/04\/fluminense-e-campeao-da-copa-libertadores\/","og_site_name":"Regi\u00e3o News","article_published_time":"2023-11-04T22:57:56+00:00","article_modified_time":"2023-11-05T00:21:07+00:00","og_image":[{"width":1170,"height":700,"url":"https:\/\/regiaonews.net.br\/2022\/wp-content\/uploads\/2023\/11\/flu_campeao_libertadores_2023.webp","type":"image\/webp"}],"author":"Roberto","twitter_card":"summary_large_image","twitter_misc":{"Escrito por":"Roberto","Est. tempo de leitura":"5 minutos"},"schema":{"@context":"https:\/\/schema.org","@graph":[{"@type":"Article","@id":"https:\/\/regiaonews.net.br\/2022\/2023\/11\/04\/fluminense-e-campeao-da-copa-libertadores\/#article","isPartOf":{"@id":"https:\/\/regiaonews.net.br\/2022\/2023\/11\/04\/fluminense-e-campeao-da-copa-libertadores\/"},"author":{"name":"Roberto","@id":"https:\/\/regiaonews.net.br\/2022\/#\/schema\/person\/2d205a608a5aa97ac279d7a5e6d89ad8"},"headline":"Fluminense \u00e9 campe\u00e3o da Copa Libertadores","datePublished":"2023-11-04T22:57:56+00:00","dateModified":"2023-11-05T00:21:07+00:00","mainEntityOfPage":{"@id":"https:\/\/regiaonews.net.br\/2022\/2023\/11\/04\/fluminense-e-campeao-da-copa-libertadores\/"},"wordCount":698,"commentCount":0,"publisher":{"@id":"https:\/\/regiaonews.net.br\/2022\/#organization"},"image":{"@id":"https:\/\/regiaonews.net.br\/2022\/2023\/11\/04\/fluminense-e-campeao-da-copa-libertadores\/#primaryimage"},"thumbnailUrl":"https:\/\/regiaonews.net.br\/2022\/wp-content\/uploads\/2023\/11\/flu_campeao_libertadores_2023.webp","articleSection":["Esporte","Libertadores"],"inLanguage":"pt-BR","potentialAction":[{"@type":"CommentAction","name":"Comment","target":["https:\/\/regiaonews.net.br\/2022\/2023\/11\/04\/fluminense-e-campeao-da-copa-libertadores\/#respond"]}]},{"@type":"WebPage","@id":"https:\/\/regiaonews.net.br\/2022\/2023\/11\/04\/fluminense-e-campeao-da-copa-libertadores\/","url":"https:\/\/regiaonews.net.br\/2022\/2023\/11\/04\/fluminense-e-campeao-da-copa-libertadores\/","name":"Fluminense \u00e9 campe\u00e3o da Copa Libertadores","isPartOf":{"@id":"https:\/\/regiaonews.net.br\/2022\/#website"},"primaryImageOfPage":{"@id":"https:\/\/regiaonews.net.br\/2022\/2023\/11\/04\/fluminense-e-campeao-da-copa-libertadores\/#primaryimage"},"image":{"@id":"https:\/\/regiaonews.net.br\/2022\/2023\/11\/04\/fluminense-e-campeao-da-copa-libertadores\/#primaryimage"},"thumbnailUrl":"https:\/\/regiaonews.net.br\/2022\/wp-content\/uploads\/2023\/11\/flu_campeao_libertadores_2023.webp","datePublished":"2023-11-04T22:57:56+00:00","dateModified":"2023-11-05T00:21:07+00:00","description":"Demorou 121 anos, mas enfim chegou a primeira conquista internacional do Fluminense. Com gol de John Kennedy, na proroga\u00e7\u00e3o, o Tricolor","breadcrumb":{"@id":"https:\/\/regiaonews.net.br\/2022\/2023\/11\/04\/fluminense-e-campeao-da-copa-libertadores\/#breadcrumb"},"inLanguage":"pt-BR","potentialAction":[{"@type":"ReadAction","target":["https:\/\/regiaonews.net.br\/2022\/2023\/11\/04\/fluminense-e-campeao-da-copa-libertadores\/"]}]},{"@type":"ImageObject","inLanguage":"pt-BR","@id":"https:\/\/regiaonews.net.br\/2022\/2023\/11\/04\/fluminense-e-campeao-da-copa-libertadores\/#primaryimage","url":"https:\/\/regiaonews.net.br\/2022\/wp-content\/uploads\/2023\/11\/flu_campeao_libertadores_2023.webp","contentUrl":"https:\/\/regiaonews.net.br\/2022\/wp-content\/uploads\/2023\/11\/flu_campeao_libertadores_2023.webp","width":1170,"height":700},{"@type":"BreadcrumbList","@id":"https:\/\/regiaonews.net.br\/2022\/2023\/11\/04\/fluminense-e-campeao-da-copa-libertadores\/#breadcrumb","itemListElement":[{"@type":"ListItem","position":1,"name":"In\u00edcio","item":"https:\/\/regiaonews.net.br\/2022\/"},{"@type":"ListItem","position":2,"name":"Fluminense \u00e9 campe\u00e3o da Copa Libertadores"}]},{"@type":"WebSite","@id":"https:\/\/regiaonews.net.br\/2022\/#website","url":"https:\/\/regiaonews.net.br\/2022\/","name":"Regi\u00e3o News","description":"Site de Not\u00edcias de Barretos e regi\u00e3o","publisher":{"@id":"https:\/\/regiaonews.net.br\/2022\/#organization"},"potentialAction":[{"@type":"SearchAction","target":{"@type":"EntryPoint","urlTemplate":"https:\/\/regiaonews.net.br\/2022\/?s={search_term_string}"},"query-input":{"@type":"PropertyValueSpecification","valueRequired":true,"valueName":"search_term_string"}}],"inLanguage":"pt-BR"},{"@type":"Organization","@id":"https:\/\/regiaonews.net.br\/2022\/#organization","name":"Regi\u00e3o News","url":"https:\/\/regiaonews.net.br\/2022\/","logo":{"@type":"ImageObject","inLanguage":"pt-BR","@id":"https:\/\/regiaonews.net.br\/2022\/#\/schema\/logo\/image\/","url":"https:\/\/regiaonews.net.br\/2022\/wp-content\/uploads\/2026\/03\/regiao-13-anos-scaled.jpg","contentUrl":"https:\/\/regiaonews.net.br\/2022\/wp-content\/uploads\/2026\/03\/regiao-13-anos-scaled.jpg","width":2560,"height":635,"caption":"Regi\u00e3o News"},"image":{"@id":"https:\/\/regiaonews.net.br\/2022\/#\/schema\/logo\/image\/"}},{"@type":"Person","@id":"https:\/\/regiaonews.net.br\/2022\/#\/schema\/person\/2d205a608a5aa97ac279d7a5e6d89ad8","name":"Roberto","image":{"@type":"ImageObject","inLanguage":"pt-BR","@id":"https:\/\/secure.gravatar.com\/avatar\/42749d8b712ff9d59ca93dc150494e5b55a44134482993f5baeb97e61b7ecc89?s=96&d=mm&r=g","url":"https:\/\/secure.gravatar.com\/avatar\/42749d8b712ff9d59ca93dc150494e5b55a44134482993f5baeb97e61b7ecc89?s=96&d=mm&r=g","contentUrl":"https:\/\/secure.gravatar.com\/avatar\/42749d8b712ff9d59ca93dc150494e5b55a44134482993f5baeb97e61b7ecc89?s=96&d=mm&r=g","caption":"Roberto"},"url":"https:\/\/regiaonews.net.br\/2022\/author\/roberto\/"}]}},"publishpress_future_action":{"enabled":false,"date":"2026-05-04 13:01:32","action":"change-status","newStatus":"draft","terms":[],"taxonomy":"category","extraData":[]},"publishpress_future_workflow_manual_trigger":{"enabledWorkflows":[]},"_links":{"self":[{"href":"https:\/\/regiaonews.net.br\/2022\/wp-json\/wp\/v2\/posts\/97367","targetHints":{"allow":["GET"]}}],"collection":[{"href":"https:\/\/regiaonews.net.br\/2022\/wp-json\/wp\/v2\/posts"}],"about":[{"href":"https:\/\/regiaonews.net.br\/2022\/wp-json\/wp\/v2\/types\/post"}],"author":[{"embeddable":true,"href":"https:\/\/regiaonews.net.br\/2022\/wp-json\/wp\/v2\/users\/2"}],"replies":[{"embeddable":true,"href":"https:\/\/regiaonews.net.br\/2022\/wp-json\/wp\/v2\/comments?post=97367"}],"version-history":[{"count":6,"href":"https:\/\/regiaonews.net.br\/2022\/wp-json\/wp\/v2\/posts\/97367\/revisions"}],"predecessor-version":[{"id":97375,"href":"https:\/\/regiaonews.net.br\/2022\/wp-json\/wp\/v2\/posts\/97367\/revisions\/97375"}],"wp:featuredmedia":[{"embeddable":true,"href":"https:\/\/regiaonews.net.br\/2022\/wp-json\/wp\/v2\/media\/97374"}],"wp:attachment":[{"href":"https:\/\/regiaonews.net.br\/2022\/wp-json\/wp\/v2\/media?parent=97367"}],"wp:term":[{"taxonomy":"category","embeddable":true,"href":"https:\/\/regiaonews.net.br\/2022\/wp-json\/wp\/v2\/categories?post=97367"},{"taxonomy":"post_tag","embeddable":true,"href":"https:\/\/regiaonews.net.br\/2022\/wp-json\/wp\/v2\/tags?post=97367"}],"curies":[{"name":"wp","href":"https:\/\/api.w.org\/{rel}","templated":true}]}}