{"id":97363,"date":"2023-11-04T08:10:34","date_gmt":"2023-11-04T11:10:34","guid":{"rendered":"https:\/\/regiaonews.net.br\/2022\/?p=97363"},"modified":"2023-11-04T08:11:22","modified_gmt":"2023-11-04T11:11:22","slug":"tres-pessoas-morrem-apos-fortes-chuvas-em-sao-paulo","status":"publish","type":"post","link":"https:\/\/regiaonews.net.br\/2022\/2023\/11\/04\/tres-pessoas-morrem-apos-fortes-chuvas-em-sao-paulo\/","title":{"rendered":"Tr\u00eas  pessoas morrem ap\u00f3s fortes chuvas em S\u00e3o Paulo"},"content":{"rendered":"<div class=\"post-item alt-font\">\n<div class=\"post-item-wrap\">\n<p>Foto &#8211; Fabiano Vito\/FolhaPress<\/p>\n<p>Foto &#8211; Ag\u00eancia Brasil<\/p>\n<p>Uma pessoa morreu em Osasco, na Grande S\u00e3o Paulo, uma em Santo Andr\u00e9 e outra em Limeira durante as intensas chuvas e fortes ventos que atingiram boa parte do estado na tarde desta sexta-feira (3). Segundo o Corpo de Bombeiros, a v\u00edtima morreu ap\u00f3s duas \u00e1rvores terem ca\u00eddo sobre ela e sobre um muro que desabou na Avenida Luis Rink.<img decoding=\"async\" src=\"https:\/\/agenciabrasil.ebc.com.br\/ebc.png?id=1564450&amp;o=node\" \/><img decoding=\"async\" src=\"https:\/\/agenciabrasil.ebc.com.br\/ebc.gif?id=1564450&amp;o=node\" \/><\/p>\n<p>O Corpo de Bombeiros informou que as chuvas e os ventos da tarde de hoje provocaram 12 desabamentos e a queda de 120 \u00e1rvores na Grande S\u00e3o Paulo.<\/p>\n<p>De acordo com a Ecovias, concession\u00e1ria que administra o Sistema Anchieta e Imigrantes, uma \u00e1rvore de grande porte caiu na altura do Km 10 da Rodovia Anchieta, sentido litoral, bloqueando a pista e causando congestionamento.<\/p>\n<p>A chuva tamb\u00e9m provocou estragos no Aut\u00f3dromo de Interlagos onde, neste fim de semana, ser\u00e1 disputado o Grande Pr\u00eamio de S\u00e3o Paulo de F\u00f3rmula 1. L\u00e1 houve queda do teto de uma arquibancada, conforme registrou o fot\u00f3grafo Andy Hone, em suas redes sociais. \u201cQue dez minutos assustadores na pista! O teto de uma arquibancada colapsou na \u00faltima curva, e eu quase fui decapitado pela queda de destro\u00e7os\u201d, escreveu Andy Hone no X (ex-Twitter).<\/p>\n<p>Por causa das chuvas, a capital paulista ficou em estado de aten\u00e7\u00e3o para alagamentos entre as 15h42 e as 17h30 de hoje.<\/p>\n<p>Al\u00e9m da chuva, o Centro de Gerenciamento de Emerg\u00eancias Clim\u00e1ticas (CGE) informou que foram registrados ventos de at\u00e9 103 km\/h na regi\u00e3o do Aeroporto de Congonhas.<\/p>\n<p>Segundo o CGE, a passagem de uma frente fria pela capital paulista provocar\u00e1 queda de temperatura a partir deste s\u00e1bado (4). A sensa\u00e7\u00e3o de frio n\u00e3o ser\u00e1 duradoura e voltar\u00e1 a esquentar a partir da quarta-feira (8).<\/p>\n<\/div>\n<\/div>\n<div id=\"ebc-ouvidoria\">\n<div id=\"barraManifestacao\" class=\"eouv-manifestacoes d-print-none\">\n<p>Fonte &#8211; Ag\u00eancia Brasil<\/p>\n<\/div>\n<\/div>\n","protected":false},"excerpt":{"rendered":"<p>Foto &#8211; Fabiano Vito\/FolhaPress Foto &#8211; Ag\u00eancia Brasil Uma pessoa<\/p>\n","protected":false},"author":2,"featured_media":97364,"comment_status":"open","ping_status":"open","sticky":false,"template":"","format":"standard","meta":{"footnotes":""},"categories":[23,29],"tags":[],"class_list":["post-97363","post","type-post","status-publish","format-standard","has-post-thumbnail","hentry","category-policia","category-sao-paulo"],"yoast_head":"<!-- This site is optimized with the Yoast SEO plugin v27.4 - https:\/\/yoast.com\/product\/yoast-seo-wordpress\/ -->\n<title>Tr\u00eas pessoas morrem ap\u00f3s fortes chuvas em S\u00e3o Paulo - Regi\u00e3o News<\/title>\n<meta name=\"robots\" content=\"index, follow, max-snippet:-1, max-image-preview:large, max-video-preview:-1\" \/>\n<link rel=\"canonical\" href=\"https:\/\/regiaonews.net.br\/2022\/2023\/11\/04\/tres-pessoas-morrem-apos-fortes-chuvas-em-sao-paulo\/\" \/>\n<meta property=\"og:locale\" content=\"pt_BR\" \/>\n<meta property=\"og:type\" content=\"article\" \/>\n<meta property=\"og:title\" content=\"Tr\u00eas pessoas morrem ap\u00f3s fortes chuvas em S\u00e3o Paulo - Regi\u00e3o News\" \/>\n<meta property=\"og:description\" content=\"Foto &#8211; Fabiano Vito\/FolhaPress Foto &#8211; Ag\u00eancia Brasil Uma pessoa\" \/>\n<meta property=\"og:url\" content=\"https:\/\/regiaonews.net.br\/2022\/2023\/11\/04\/tres-pessoas-morrem-apos-fortes-chuvas-em-sao-paulo\/\" \/>\n<meta property=\"og:site_name\" content=\"Regi\u00e3o News\" \/>\n<meta property=\"article:published_time\" content=\"2023-11-04T11:10:34+00:00\" \/>\n<meta property=\"article:modified_time\" content=\"2023-11-04T11:11:22+00:00\" \/>\n<meta property=\"og:image\" content=\"https:\/\/regiaonews.net.br\/2022\/wp-content\/uploads\/2023\/11\/1699050669654574adb86da_1699050669_3x2_md.jpg\" \/>\n\t<meta property=\"og:image:width\" content=\"768\" \/>\n\t<meta property=\"og:image:height\" content=\"432\" \/>\n\t<meta property=\"og:image:type\" content=\"image\/jpeg\" \/>\n<meta name=\"author\" content=\"Roberto\" \/>\n<meta name=\"twitter:card\" content=\"summary_large_image\" \/>\n<meta name=\"twitter:label1\" content=\"Escrito por\" \/>\n\t<meta name=\"twitter:data1\" content=\"Roberto\" \/>\n\t<meta name=\"twitter:label2\" content=\"Est. tempo de leitura\" \/>\n\t<meta name=\"twitter:data2\" content=\"3 minutos\" \/>\n<script type=\"application\/ld+json\" class=\"yoast-schema-graph\">{\"@context\":\"https:\\\/\\\/schema.org\",\"@graph\":[{\"@type\":\"Article\",\"@id\":\"https:\\\/\\\/regiaonews.net.br\\\/2022\\\/2023\\\/11\\\/04\\\/tres-pessoas-morrem-apos-fortes-chuvas-em-sao-paulo\\\/#article\",\"isPartOf\":{\"@id\":\"https:\\\/\\\/regiaonews.net.br\\\/2022\\\/2023\\\/11\\\/04\\\/tres-pessoas-morrem-apos-fortes-chuvas-em-sao-paulo\\\/\"},\"author\":{\"name\":\"Roberto\",\"@id\":\"https:\\\/\\\/regiaonews.net.br\\\/2022\\\/#\\\/schema\\\/person\\\/2d205a608a5aa97ac279d7a5e6d89ad8\"},\"headline\":\"Tr\u00eas pessoas morrem ap\u00f3s fortes chuvas em S\u00e3o Paulo\",\"datePublished\":\"2023-11-04T11:10:34+00:00\",\"dateModified\":\"2023-11-04T11:11:22+00:00\",\"mainEntityOfPage\":{\"@id\":\"https:\\\/\\\/regiaonews.net.br\\\/2022\\\/2023\\\/11\\\/04\\\/tres-pessoas-morrem-apos-fortes-chuvas-em-sao-paulo\\\/\"},\"wordCount\":322,\"commentCount\":0,\"publisher\":{\"@id\":\"https:\\\/\\\/regiaonews.net.br\\\/2022\\\/#organization\"},\"image\":{\"@id\":\"https:\\\/\\\/regiaonews.net.br\\\/2022\\\/2023\\\/11\\\/04\\\/tres-pessoas-morrem-apos-fortes-chuvas-em-sao-paulo\\\/#primaryimage\"},\"thumbnailUrl\":\"https:\\\/\\\/regiaonews.net.br\\\/2022\\\/wp-content\\\/uploads\\\/2023\\\/11\\\/1699050669654574adb86da_1699050669_3x2_md.jpg\",\"articleSection\":[\"Policia\",\"S\u00e3o Paulo\"],\"inLanguage\":\"pt-BR\",\"potentialAction\":[{\"@type\":\"CommentAction\",\"name\":\"Comment\",\"target\":[\"https:\\\/\\\/regiaonews.net.br\\\/2022\\\/2023\\\/11\\\/04\\\/tres-pessoas-morrem-apos-fortes-chuvas-em-sao-paulo\\\/#respond\"]}]},{\"@type\":\"WebPage\",\"@id\":\"https:\\\/\\\/regiaonews.net.br\\\/2022\\\/2023\\\/11\\\/04\\\/tres-pessoas-morrem-apos-fortes-chuvas-em-sao-paulo\\\/\",\"url\":\"https:\\\/\\\/regiaonews.net.br\\\/2022\\\/2023\\\/11\\\/04\\\/tres-pessoas-morrem-apos-fortes-chuvas-em-sao-paulo\\\/\",\"name\":\"Tr\u00eas pessoas morrem ap\u00f3s fortes chuvas em S\u00e3o Paulo - Regi\u00e3o News\",\"isPartOf\":{\"@id\":\"https:\\\/\\\/regiaonews.net.br\\\/2022\\\/#website\"},\"primaryImageOfPage\":{\"@id\":\"https:\\\/\\\/regiaonews.net.br\\\/2022\\\/2023\\\/11\\\/04\\\/tres-pessoas-morrem-apos-fortes-chuvas-em-sao-paulo\\\/#primaryimage\"},\"image\":{\"@id\":\"https:\\\/\\\/regiaonews.net.br\\\/2022\\\/2023\\\/11\\\/04\\\/tres-pessoas-morrem-apos-fortes-chuvas-em-sao-paulo\\\/#primaryimage\"},\"thumbnailUrl\":\"https:\\\/\\\/regiaonews.net.br\\\/2022\\\/wp-content\\\/uploads\\\/2023\\\/11\\\/1699050669654574adb86da_1699050669_3x2_md.jpg\",\"datePublished\":\"2023-11-04T11:10:34+00:00\",\"dateModified\":\"2023-11-04T11:11:22+00:00\",\"breadcrumb\":{\"@id\":\"https:\\\/\\\/regiaonews.net.br\\\/2022\\\/2023\\\/11\\\/04\\\/tres-pessoas-morrem-apos-fortes-chuvas-em-sao-paulo\\\/#breadcrumb\"},\"inLanguage\":\"pt-BR\",\"potentialAction\":[{\"@type\":\"ReadAction\",\"target\":[\"https:\\\/\\\/regiaonews.net.br\\\/2022\\\/2023\\\/11\\\/04\\\/tres-pessoas-morrem-apos-fortes-chuvas-em-sao-paulo\\\/\"]}]},{\"@type\":\"ImageObject\",\"inLanguage\":\"pt-BR\",\"@id\":\"https:\\\/\\\/regiaonews.net.br\\\/2022\\\/2023\\\/11\\\/04\\\/tres-pessoas-morrem-apos-fortes-chuvas-em-sao-paulo\\\/#primaryimage\",\"url\":\"https:\\\/\\\/regiaonews.net.br\\\/2022\\\/wp-content\\\/uploads\\\/2023\\\/11\\\/1699050669654574adb86da_1699050669_3x2_md.jpg\",\"contentUrl\":\"https:\\\/\\\/regiaonews.net.br\\\/2022\\\/wp-content\\\/uploads\\\/2023\\\/11\\\/1699050669654574adb86da_1699050669_3x2_md.jpg\",\"width\":768,\"height\":432},{\"@type\":\"BreadcrumbList\",\"@id\":\"https:\\\/\\\/regiaonews.net.br\\\/2022\\\/2023\\\/11\\\/04\\\/tres-pessoas-morrem-apos-fortes-chuvas-em-sao-paulo\\\/#breadcrumb\",\"itemListElement\":[{\"@type\":\"ListItem\",\"position\":1,\"name\":\"In\u00edcio\",\"item\":\"https:\\\/\\\/regiaonews.net.br\\\/2022\\\/\"},{\"@type\":\"ListItem\",\"position\":2,\"name\":\"Tr\u00eas pessoas morrem ap\u00f3s fortes chuvas em S\u00e3o Paulo\"}]},{\"@type\":\"WebSite\",\"@id\":\"https:\\\/\\\/regiaonews.net.br\\\/2022\\\/#website\",\"url\":\"https:\\\/\\\/regiaonews.net.br\\\/2022\\\/\",\"name\":\"Regi\u00e3o News\",\"description\":\"Site de Not\u00edcias de Barretos e regi\u00e3o\",\"publisher\":{\"@id\":\"https:\\\/\\\/regiaonews.net.br\\\/2022\\\/#organization\"},\"potentialAction\":[{\"@type\":\"SearchAction\",\"target\":{\"@type\":\"EntryPoint\",\"urlTemplate\":\"https:\\\/\\\/regiaonews.net.br\\\/2022\\\/?s={search_term_string}\"},\"query-input\":{\"@type\":\"PropertyValueSpecification\",\"valueRequired\":true,\"valueName\":\"search_term_string\"}}],\"inLanguage\":\"pt-BR\"},{\"@type\":\"Organization\",\"@id\":\"https:\\\/\\\/regiaonews.net.br\\\/2022\\\/#organization\",\"name\":\"Regi\u00e3o News\",\"url\":\"https:\\\/\\\/regiaonews.net.br\\\/2022\\\/\",\"logo\":{\"@type\":\"ImageObject\",\"inLanguage\":\"pt-BR\",\"@id\":\"https:\\\/\\\/regiaonews.net.br\\\/2022\\\/#\\\/schema\\\/logo\\\/image\\\/\",\"url\":\"https:\\\/\\\/regiaonews.net.br\\\/2022\\\/wp-content\\\/uploads\\\/2026\\\/03\\\/regiao-13-anos-scaled.jpg\",\"contentUrl\":\"https:\\\/\\\/regiaonews.net.br\\\/2022\\\/wp-content\\\/uploads\\\/2026\\\/03\\\/regiao-13-anos-scaled.jpg\",\"width\":2560,\"height\":635,\"caption\":\"Regi\u00e3o News\"},\"image\":{\"@id\":\"https:\\\/\\\/regiaonews.net.br\\\/2022\\\/#\\\/schema\\\/logo\\\/image\\\/\"}},{\"@type\":\"Person\",\"@id\":\"https:\\\/\\\/regiaonews.net.br\\\/2022\\\/#\\\/schema\\\/person\\\/2d205a608a5aa97ac279d7a5e6d89ad8\",\"name\":\"Roberto\",\"image\":{\"@type\":\"ImageObject\",\"inLanguage\":\"pt-BR\",\"@id\":\"https:\\\/\\\/secure.gravatar.com\\\/avatar\\\/42749d8b712ff9d59ca93dc150494e5b55a44134482993f5baeb97e61b7ecc89?s=96&d=mm&r=g\",\"url\":\"https:\\\/\\\/secure.gravatar.com\\\/avatar\\\/42749d8b712ff9d59ca93dc150494e5b55a44134482993f5baeb97e61b7ecc89?s=96&d=mm&r=g\",\"contentUrl\":\"https:\\\/\\\/secure.gravatar.com\\\/avatar\\\/42749d8b712ff9d59ca93dc150494e5b55a44134482993f5baeb97e61b7ecc89?s=96&d=mm&r=g\",\"caption\":\"Roberto\"},\"url\":\"https:\\\/\\\/regiaonews.net.br\\\/2022\\\/author\\\/roberto\\\/\"}]}<\/script>\n<!-- \/ Yoast SEO plugin. -->","yoast_head_json":{"title":"Tr\u00eas pessoas morrem ap\u00f3s fortes chuvas em S\u00e3o Paulo - Regi\u00e3o News","robots":{"index":"index","follow":"follow","max-snippet":"max-snippet:-1","max-image-preview":"max-image-preview:large","max-video-preview":"max-video-preview:-1"},"canonical":"https:\/\/regiaonews.net.br\/2022\/2023\/11\/04\/tres-pessoas-morrem-apos-fortes-chuvas-em-sao-paulo\/","og_locale":"pt_BR","og_type":"article","og_title":"Tr\u00eas pessoas morrem ap\u00f3s fortes chuvas em S\u00e3o Paulo - Regi\u00e3o News","og_description":"Foto &#8211; Fabiano Vito\/FolhaPress Foto &#8211; Ag\u00eancia Brasil Uma pessoa","og_url":"https:\/\/regiaonews.net.br\/2022\/2023\/11\/04\/tres-pessoas-morrem-apos-fortes-chuvas-em-sao-paulo\/","og_site_name":"Regi\u00e3o News","article_published_time":"2023-11-04T11:10:34+00:00","article_modified_time":"2023-11-04T11:11:22+00:00","og_image":[{"width":768,"height":432,"url":"https:\/\/regiaonews.net.br\/2022\/wp-content\/uploads\/2023\/11\/1699050669654574adb86da_1699050669_3x2_md.jpg","type":"image\/jpeg"}],"author":"Roberto","twitter_card":"summary_large_image","twitter_misc":{"Escrito por":"Roberto","Est. tempo de leitura":"3 minutos"},"schema":{"@context":"https:\/\/schema.org","@graph":[{"@type":"Article","@id":"https:\/\/regiaonews.net.br\/2022\/2023\/11\/04\/tres-pessoas-morrem-apos-fortes-chuvas-em-sao-paulo\/#article","isPartOf":{"@id":"https:\/\/regiaonews.net.br\/2022\/2023\/11\/04\/tres-pessoas-morrem-apos-fortes-chuvas-em-sao-paulo\/"},"author":{"name":"Roberto","@id":"https:\/\/regiaonews.net.br\/2022\/#\/schema\/person\/2d205a608a5aa97ac279d7a5e6d89ad8"},"headline":"Tr\u00eas pessoas morrem ap\u00f3s fortes chuvas em S\u00e3o Paulo","datePublished":"2023-11-04T11:10:34+00:00","dateModified":"2023-11-04T11:11:22+00:00","mainEntityOfPage":{"@id":"https:\/\/regiaonews.net.br\/2022\/2023\/11\/04\/tres-pessoas-morrem-apos-fortes-chuvas-em-sao-paulo\/"},"wordCount":322,"commentCount":0,"publisher":{"@id":"https:\/\/regiaonews.net.br\/2022\/#organization"},"image":{"@id":"https:\/\/regiaonews.net.br\/2022\/2023\/11\/04\/tres-pessoas-morrem-apos-fortes-chuvas-em-sao-paulo\/#primaryimage"},"thumbnailUrl":"https:\/\/regiaonews.net.br\/2022\/wp-content\/uploads\/2023\/11\/1699050669654574adb86da_1699050669_3x2_md.jpg","articleSection":["Policia","S\u00e3o Paulo"],"inLanguage":"pt-BR","potentialAction":[{"@type":"CommentAction","name":"Comment","target":["https:\/\/regiaonews.net.br\/2022\/2023\/11\/04\/tres-pessoas-morrem-apos-fortes-chuvas-em-sao-paulo\/#respond"]}]},{"@type":"WebPage","@id":"https:\/\/regiaonews.net.br\/2022\/2023\/11\/04\/tres-pessoas-morrem-apos-fortes-chuvas-em-sao-paulo\/","url":"https:\/\/regiaonews.net.br\/2022\/2023\/11\/04\/tres-pessoas-morrem-apos-fortes-chuvas-em-sao-paulo\/","name":"Tr\u00eas pessoas morrem ap\u00f3s fortes chuvas em S\u00e3o Paulo - Regi\u00e3o News","isPartOf":{"@id":"https:\/\/regiaonews.net.br\/2022\/#website"},"primaryImageOfPage":{"@id":"https:\/\/regiaonews.net.br\/2022\/2023\/11\/04\/tres-pessoas-morrem-apos-fortes-chuvas-em-sao-paulo\/#primaryimage"},"image":{"@id":"https:\/\/regiaonews.net.br\/2022\/2023\/11\/04\/tres-pessoas-morrem-apos-fortes-chuvas-em-sao-paulo\/#primaryimage"},"thumbnailUrl":"https:\/\/regiaonews.net.br\/2022\/wp-content\/uploads\/2023\/11\/1699050669654574adb86da_1699050669_3x2_md.jpg","datePublished":"2023-11-04T11:10:34+00:00","dateModified":"2023-11-04T11:11:22+00:00","breadcrumb":{"@id":"https:\/\/regiaonews.net.br\/2022\/2023\/11\/04\/tres-pessoas-morrem-apos-fortes-chuvas-em-sao-paulo\/#breadcrumb"},"inLanguage":"pt-BR","potentialAction":[{"@type":"ReadAction","target":["https:\/\/regiaonews.net.br\/2022\/2023\/11\/04\/tres-pessoas-morrem-apos-fortes-chuvas-em-sao-paulo\/"]}]},{"@type":"ImageObject","inLanguage":"pt-BR","@id":"https:\/\/regiaonews.net.br\/2022\/2023\/11\/04\/tres-pessoas-morrem-apos-fortes-chuvas-em-sao-paulo\/#primaryimage","url":"https:\/\/regiaonews.net.br\/2022\/wp-content\/uploads\/2023\/11\/1699050669654574adb86da_1699050669_3x2_md.jpg","contentUrl":"https:\/\/regiaonews.net.br\/2022\/wp-content\/uploads\/2023\/11\/1699050669654574adb86da_1699050669_3x2_md.jpg","width":768,"height":432},{"@type":"BreadcrumbList","@id":"https:\/\/regiaonews.net.br\/2022\/2023\/11\/04\/tres-pessoas-morrem-apos-fortes-chuvas-em-sao-paulo\/#breadcrumb","itemListElement":[{"@type":"ListItem","position":1,"name":"In\u00edcio","item":"https:\/\/regiaonews.net.br\/2022\/"},{"@type":"ListItem","position":2,"name":"Tr\u00eas pessoas morrem ap\u00f3s fortes chuvas em S\u00e3o Paulo"}]},{"@type":"WebSite","@id":"https:\/\/regiaonews.net.br\/2022\/#website","url":"https:\/\/regiaonews.net.br\/2022\/","name":"Regi\u00e3o News","description":"Site de Not\u00edcias de Barretos e regi\u00e3o","publisher":{"@id":"https:\/\/regiaonews.net.br\/2022\/#organization"},"potentialAction":[{"@type":"SearchAction","target":{"@type":"EntryPoint","urlTemplate":"https:\/\/regiaonews.net.br\/2022\/?s={search_term_string}"},"query-input":{"@type":"PropertyValueSpecification","valueRequired":true,"valueName":"search_term_string"}}],"inLanguage":"pt-BR"},{"@type":"Organization","@id":"https:\/\/regiaonews.net.br\/2022\/#organization","name":"Regi\u00e3o News","url":"https:\/\/regiaonews.net.br\/2022\/","logo":{"@type":"ImageObject","inLanguage":"pt-BR","@id":"https:\/\/regiaonews.net.br\/2022\/#\/schema\/logo\/image\/","url":"https:\/\/regiaonews.net.br\/2022\/wp-content\/uploads\/2026\/03\/regiao-13-anos-scaled.jpg","contentUrl":"https:\/\/regiaonews.net.br\/2022\/wp-content\/uploads\/2026\/03\/regiao-13-anos-scaled.jpg","width":2560,"height":635,"caption":"Regi\u00e3o News"},"image":{"@id":"https:\/\/regiaonews.net.br\/2022\/#\/schema\/logo\/image\/"}},{"@type":"Person","@id":"https:\/\/regiaonews.net.br\/2022\/#\/schema\/person\/2d205a608a5aa97ac279d7a5e6d89ad8","name":"Roberto","image":{"@type":"ImageObject","inLanguage":"pt-BR","@id":"https:\/\/secure.gravatar.com\/avatar\/42749d8b712ff9d59ca93dc150494e5b55a44134482993f5baeb97e61b7ecc89?s=96&d=mm&r=g","url":"https:\/\/secure.gravatar.com\/avatar\/42749d8b712ff9d59ca93dc150494e5b55a44134482993f5baeb97e61b7ecc89?s=96&d=mm&r=g","contentUrl":"https:\/\/secure.gravatar.com\/avatar\/42749d8b712ff9d59ca93dc150494e5b55a44134482993f5baeb97e61b7ecc89?s=96&d=mm&r=g","caption":"Roberto"},"url":"https:\/\/regiaonews.net.br\/2022\/author\/roberto\/"}]}},"publishpress_future_action":{"enabled":false,"date":"2026-05-04 11:37:35","action":"change-status","newStatus":"draft","terms":[],"taxonomy":"category","extraData":[]},"publishpress_future_workflow_manual_trigger":{"enabledWorkflows":[]},"_links":{"self":[{"href":"https:\/\/regiaonews.net.br\/2022\/wp-json\/wp\/v2\/posts\/97363","targetHints":{"allow":["GET"]}}],"collection":[{"href":"https:\/\/regiaonews.net.br\/2022\/wp-json\/wp\/v2\/posts"}],"about":[{"href":"https:\/\/regiaonews.net.br\/2022\/wp-json\/wp\/v2\/types\/post"}],"author":[{"embeddable":true,"href":"https:\/\/regiaonews.net.br\/2022\/wp-json\/wp\/v2\/users\/2"}],"replies":[{"embeddable":true,"href":"https:\/\/regiaonews.net.br\/2022\/wp-json\/wp\/v2\/comments?post=97363"}],"version-history":[{"count":1,"href":"https:\/\/regiaonews.net.br\/2022\/wp-json\/wp\/v2\/posts\/97363\/revisions"}],"predecessor-version":[{"id":97365,"href":"https:\/\/regiaonews.net.br\/2022\/wp-json\/wp\/v2\/posts\/97363\/revisions\/97365"}],"wp:featuredmedia":[{"embeddable":true,"href":"https:\/\/regiaonews.net.br\/2022\/wp-json\/wp\/v2\/media\/97364"}],"wp:attachment":[{"href":"https:\/\/regiaonews.net.br\/2022\/wp-json\/wp\/v2\/media?parent=97363"}],"wp:term":[{"taxonomy":"category","embeddable":true,"href":"https:\/\/regiaonews.net.br\/2022\/wp-json\/wp\/v2\/categories?post=97363"},{"taxonomy":"post_tag","embeddable":true,"href":"https:\/\/regiaonews.net.br\/2022\/wp-json\/wp\/v2\/tags?post=97363"}],"curies":[{"name":"wp","href":"https:\/\/api.w.org\/{rel}","templated":true}]}}