{"id":97340,"date":"2023-11-03T17:53:33","date_gmt":"2023-11-03T20:53:33","guid":{"rendered":"https:\/\/regiaonews.net.br\/2022\/?p=97340"},"modified":"2023-11-03T17:56:28","modified_gmt":"2023-11-03T20:56:28","slug":"tereos-abre-inscricoes-para-o-summer-experience-seu-programa-de-estagio-de-verao","status":"publish","type":"post","link":"https:\/\/regiaonews.net.br\/2022\/2023\/11\/03\/tereos-abre-inscricoes-para-o-summer-experience-seu-programa-de-estagio-de-verao\/","title":{"rendered":"Tereos abre inscri\u00e7\u00f5es para o Summer Experience"},"content":{"rendered":"<p>&nbsp;<\/p>\n<p>Inscri\u00e7\u00f5es v\u00e3o at\u00e9 17 de novembro; est\u00e1gio acontecer\u00e1 nos meses de janeiro e fevereiro de 2024<\/p>\n<p>Est\u00e3o abertas as inscri\u00e7\u00f5es para o Summer Experience, o programa de est\u00e1gio de f\u00e9rias de ver\u00e3o da Tereos, uma das empresas l\u00edderes no Brasil na produ\u00e7\u00e3o de a\u00e7\u00facar, etanol e energia a partir da biomassa da cana. \u00c9 poss\u00edvel se candidatar at\u00e9 o dia 17 de novembro.<br \/>\nO programa, que tem dura\u00e7\u00e3o de 45 dias e in\u00edcio em janeiro de 2024, \u00e9 voltado para estudantes universit\u00e1rios que buscam crescer dentro de um dos setores mais importantes da economia brasileira, o sucroenerg\u00e9tico<br \/>\nPodem se inscrever estudantes a partir do terceiro semestre dos cursos de Engenharia Agron\u00f4mica\/Agr\u00edcola, Engenharia Qu\u00edmica, Engenharia de Alimentos, Engenharia Ambiental, Engenharia El\u00e9trica, Engenharia de Controle e Automa\u00e7\u00e3o, Engenharia Mec\u00e2nica\/Mecatr\u00f4nica e Engenharia de Produ\u00e7\u00e3o.<br \/>\nPara participar, \u00e9 preciso residir nas regi\u00f5es de S\u00e3o Jos\u00e9 do Rio Preto, Ol\u00edmpia, Guaraci, Gua\u00edra, Pitangueiras e Colina ou ter disponibilidade de ficar na regi\u00e3o durante o per\u00edodo de est\u00e1gio de ver\u00e3o. Outros pr\u00e9-requisitos s\u00e3o ter dom\u00ednio das ferramentas de inform\u00e1tica e disponibilidade de estagiar 6h por dia, de segunda a sexta-feira.<br \/>\nO Summer Experience tem o objetivo de desenvolver novos talentos, oferecendo a oportunidade de vivenciar na pr\u00e1tica seus aprendizados, com o suporte da empresa. Ao final do est\u00e1gio, os participantes ter\u00e3o o desafio de desenvolver um projeto focado na sua \u00e1rea de atua\u00e7\u00e3o.<br \/>\nO processo seletivo ser\u00e1 composto por avalia\u00e7\u00e3o de curr\u00edculos, v\u00eddeo-entrevista e entrevista individual e as inscri\u00e7\u00f5es podem ser feitas pelo link: https:\/\/vagas.com.br\/v2578556. Os selecionados receber\u00e3o bolsa-aux\u00edlio, seguro de vida, transporte oferecido pela empresa e refeit\u00f3rio na empresa.<\/p>\n","protected":false},"excerpt":{"rendered":"<p>&nbsp; Inscri\u00e7\u00f5es v\u00e3o at\u00e9 17 de novembro; est\u00e1gio acontecer\u00e1 nos<\/p>\n","protected":false},"author":2,"featured_media":97342,"comment_status":"open","ping_status":"open","sticky":false,"template":"","format":"standard","meta":{"footnotes":""},"categories":[25,178],"tags":[],"class_list":["post-97340","post","type-post","status-publish","format-standard","has-post-thumbnail","hentry","category-cidades","category-olimpia-2"],"yoast_head":"<!-- This site is optimized with the Yoast SEO plugin v27.4 - https:\/\/yoast.com\/product\/yoast-seo-wordpress\/ -->\n<title>Tereos abre inscri\u00e7\u00f5es para o Summer Experience - Regi\u00e3o News<\/title>\n<meta name=\"robots\" content=\"index, follow, max-snippet:-1, max-image-preview:large, max-video-preview:-1\" \/>\n<link rel=\"canonical\" href=\"https:\/\/regiaonews.net.br\/2022\/2023\/11\/03\/tereos-abre-inscricoes-para-o-summer-experience-seu-programa-de-estagio-de-verao\/\" \/>\n<meta property=\"og:locale\" content=\"pt_BR\" \/>\n<meta property=\"og:type\" content=\"article\" \/>\n<meta property=\"og:title\" content=\"Tereos abre inscri\u00e7\u00f5es para o Summer Experience - Regi\u00e3o News\" \/>\n<meta property=\"og:description\" content=\"&nbsp; Inscri\u00e7\u00f5es v\u00e3o at\u00e9 17 de novembro; est\u00e1gio acontecer\u00e1 nos\" \/>\n<meta property=\"og:url\" content=\"https:\/\/regiaonews.net.br\/2022\/2023\/11\/03\/tereos-abre-inscricoes-para-o-summer-experience-seu-programa-de-estagio-de-verao\/\" \/>\n<meta property=\"og:site_name\" content=\"Regi\u00e3o News\" \/>\n<meta property=\"article:published_time\" content=\"2023-11-03T20:53:33+00:00\" \/>\n<meta property=\"article:modified_time\" content=\"2023-11-03T20:56:28+00:00\" \/>\n<meta property=\"og:image\" content=\"https:\/\/regiaonews.net.br\/2022\/wp-content\/uploads\/2023\/11\/IMG-20231103-WA0135-1.jpg\" \/>\n\t<meta property=\"og:image:width\" content=\"1600\" \/>\n\t<meta property=\"og:image:height\" content=\"1066\" \/>\n\t<meta property=\"og:image:type\" content=\"image\/jpeg\" \/>\n<meta name=\"author\" content=\"Roberto\" \/>\n<meta name=\"twitter:card\" content=\"summary_large_image\" \/>\n<meta name=\"twitter:label1\" content=\"Escrito por\" \/>\n\t<meta name=\"twitter:data1\" content=\"Roberto\" \/>\n\t<meta name=\"twitter:label2\" content=\"Est. tempo de leitura\" \/>\n\t<meta name=\"twitter:data2\" content=\"2 minutos\" \/>\n<script type=\"application\/ld+json\" class=\"yoast-schema-graph\">{\"@context\":\"https:\\\/\\\/schema.org\",\"@graph\":[{\"@type\":\"Article\",\"@id\":\"https:\\\/\\\/regiaonews.net.br\\\/2022\\\/2023\\\/11\\\/03\\\/tereos-abre-inscricoes-para-o-summer-experience-seu-programa-de-estagio-de-verao\\\/#article\",\"isPartOf\":{\"@id\":\"https:\\\/\\\/regiaonews.net.br\\\/2022\\\/2023\\\/11\\\/03\\\/tereos-abre-inscricoes-para-o-summer-experience-seu-programa-de-estagio-de-verao\\\/\"},\"author\":{\"name\":\"Roberto\",\"@id\":\"https:\\\/\\\/regiaonews.net.br\\\/2022\\\/#\\\/schema\\\/person\\\/2d205a608a5aa97ac279d7a5e6d89ad8\"},\"headline\":\"Tereos abre inscri\u00e7\u00f5es para o Summer Experience\",\"datePublished\":\"2023-11-03T20:53:33+00:00\",\"dateModified\":\"2023-11-03T20:56:28+00:00\",\"mainEntityOfPage\":{\"@id\":\"https:\\\/\\\/regiaonews.net.br\\\/2022\\\/2023\\\/11\\\/03\\\/tereos-abre-inscricoes-para-o-summer-experience-seu-programa-de-estagio-de-verao\\\/\"},\"wordCount\":318,\"commentCount\":0,\"publisher\":{\"@id\":\"https:\\\/\\\/regiaonews.net.br\\\/2022\\\/#organization\"},\"image\":{\"@id\":\"https:\\\/\\\/regiaonews.net.br\\\/2022\\\/2023\\\/11\\\/03\\\/tereos-abre-inscricoes-para-o-summer-experience-seu-programa-de-estagio-de-verao\\\/#primaryimage\"},\"thumbnailUrl\":\"https:\\\/\\\/regiaonews.net.br\\\/2022\\\/wp-content\\\/uploads\\\/2023\\\/11\\\/IMG-20231103-WA0135-1.jpg\",\"articleSection\":[\"Cidades\",\"Ol\u00edmpia\"],\"inLanguage\":\"pt-BR\",\"potentialAction\":[{\"@type\":\"CommentAction\",\"name\":\"Comment\",\"target\":[\"https:\\\/\\\/regiaonews.net.br\\\/2022\\\/2023\\\/11\\\/03\\\/tereos-abre-inscricoes-para-o-summer-experience-seu-programa-de-estagio-de-verao\\\/#respond\"]}]},{\"@type\":\"WebPage\",\"@id\":\"https:\\\/\\\/regiaonews.net.br\\\/2022\\\/2023\\\/11\\\/03\\\/tereos-abre-inscricoes-para-o-summer-experience-seu-programa-de-estagio-de-verao\\\/\",\"url\":\"https:\\\/\\\/regiaonews.net.br\\\/2022\\\/2023\\\/11\\\/03\\\/tereos-abre-inscricoes-para-o-summer-experience-seu-programa-de-estagio-de-verao\\\/\",\"name\":\"Tereos abre inscri\u00e7\u00f5es para o Summer Experience - Regi\u00e3o News\",\"isPartOf\":{\"@id\":\"https:\\\/\\\/regiaonews.net.br\\\/2022\\\/#website\"},\"primaryImageOfPage\":{\"@id\":\"https:\\\/\\\/regiaonews.net.br\\\/2022\\\/2023\\\/11\\\/03\\\/tereos-abre-inscricoes-para-o-summer-experience-seu-programa-de-estagio-de-verao\\\/#primaryimage\"},\"image\":{\"@id\":\"https:\\\/\\\/regiaonews.net.br\\\/2022\\\/2023\\\/11\\\/03\\\/tereos-abre-inscricoes-para-o-summer-experience-seu-programa-de-estagio-de-verao\\\/#primaryimage\"},\"thumbnailUrl\":\"https:\\\/\\\/regiaonews.net.br\\\/2022\\\/wp-content\\\/uploads\\\/2023\\\/11\\\/IMG-20231103-WA0135-1.jpg\",\"datePublished\":\"2023-11-03T20:53:33+00:00\",\"dateModified\":\"2023-11-03T20:56:28+00:00\",\"breadcrumb\":{\"@id\":\"https:\\\/\\\/regiaonews.net.br\\\/2022\\\/2023\\\/11\\\/03\\\/tereos-abre-inscricoes-para-o-summer-experience-seu-programa-de-estagio-de-verao\\\/#breadcrumb\"},\"inLanguage\":\"pt-BR\",\"potentialAction\":[{\"@type\":\"ReadAction\",\"target\":[\"https:\\\/\\\/regiaonews.net.br\\\/2022\\\/2023\\\/11\\\/03\\\/tereos-abre-inscricoes-para-o-summer-experience-seu-programa-de-estagio-de-verao\\\/\"]}]},{\"@type\":\"ImageObject\",\"inLanguage\":\"pt-BR\",\"@id\":\"https:\\\/\\\/regiaonews.net.br\\\/2022\\\/2023\\\/11\\\/03\\\/tereos-abre-inscricoes-para-o-summer-experience-seu-programa-de-estagio-de-verao\\\/#primaryimage\",\"url\":\"https:\\\/\\\/regiaonews.net.br\\\/2022\\\/wp-content\\\/uploads\\\/2023\\\/11\\\/IMG-20231103-WA0135-1.jpg\",\"contentUrl\":\"https:\\\/\\\/regiaonews.net.br\\\/2022\\\/wp-content\\\/uploads\\\/2023\\\/11\\\/IMG-20231103-WA0135-1.jpg\",\"width\":1600,\"height\":1066},{\"@type\":\"BreadcrumbList\",\"@id\":\"https:\\\/\\\/regiaonews.net.br\\\/2022\\\/2023\\\/11\\\/03\\\/tereos-abre-inscricoes-para-o-summer-experience-seu-programa-de-estagio-de-verao\\\/#breadcrumb\",\"itemListElement\":[{\"@type\":\"ListItem\",\"position\":1,\"name\":\"In\u00edcio\",\"item\":\"https:\\\/\\\/regiaonews.net.br\\\/2022\\\/\"},{\"@type\":\"ListItem\",\"position\":2,\"name\":\"Tereos abre inscri\u00e7\u00f5es para o Summer Experience\"}]},{\"@type\":\"WebSite\",\"@id\":\"https:\\\/\\\/regiaonews.net.br\\\/2022\\\/#website\",\"url\":\"https:\\\/\\\/regiaonews.net.br\\\/2022\\\/\",\"name\":\"Regi\u00e3o News\",\"description\":\"Site de Not\u00edcias de Barretos e regi\u00e3o\",\"publisher\":{\"@id\":\"https:\\\/\\\/regiaonews.net.br\\\/2022\\\/#organization\"},\"potentialAction\":[{\"@type\":\"SearchAction\",\"target\":{\"@type\":\"EntryPoint\",\"urlTemplate\":\"https:\\\/\\\/regiaonews.net.br\\\/2022\\\/?s={search_term_string}\"},\"query-input\":{\"@type\":\"PropertyValueSpecification\",\"valueRequired\":true,\"valueName\":\"search_term_string\"}}],\"inLanguage\":\"pt-BR\"},{\"@type\":\"Organization\",\"@id\":\"https:\\\/\\\/regiaonews.net.br\\\/2022\\\/#organization\",\"name\":\"Regi\u00e3o News\",\"url\":\"https:\\\/\\\/regiaonews.net.br\\\/2022\\\/\",\"logo\":{\"@type\":\"ImageObject\",\"inLanguage\":\"pt-BR\",\"@id\":\"https:\\\/\\\/regiaonews.net.br\\\/2022\\\/#\\\/schema\\\/logo\\\/image\\\/\",\"url\":\"https:\\\/\\\/regiaonews.net.br\\\/2022\\\/wp-content\\\/uploads\\\/2026\\\/03\\\/regiao-13-anos-scaled.jpg\",\"contentUrl\":\"https:\\\/\\\/regiaonews.net.br\\\/2022\\\/wp-content\\\/uploads\\\/2026\\\/03\\\/regiao-13-anos-scaled.jpg\",\"width\":2560,\"height\":635,\"caption\":\"Regi\u00e3o News\"},\"image\":{\"@id\":\"https:\\\/\\\/regiaonews.net.br\\\/2022\\\/#\\\/schema\\\/logo\\\/image\\\/\"}},{\"@type\":\"Person\",\"@id\":\"https:\\\/\\\/regiaonews.net.br\\\/2022\\\/#\\\/schema\\\/person\\\/2d205a608a5aa97ac279d7a5e6d89ad8\",\"name\":\"Roberto\",\"image\":{\"@type\":\"ImageObject\",\"inLanguage\":\"pt-BR\",\"@id\":\"https:\\\/\\\/secure.gravatar.com\\\/avatar\\\/42749d8b712ff9d59ca93dc150494e5b55a44134482993f5baeb97e61b7ecc89?s=96&d=mm&r=g\",\"url\":\"https:\\\/\\\/secure.gravatar.com\\\/avatar\\\/42749d8b712ff9d59ca93dc150494e5b55a44134482993f5baeb97e61b7ecc89?s=96&d=mm&r=g\",\"contentUrl\":\"https:\\\/\\\/secure.gravatar.com\\\/avatar\\\/42749d8b712ff9d59ca93dc150494e5b55a44134482993f5baeb97e61b7ecc89?s=96&d=mm&r=g\",\"caption\":\"Roberto\"},\"url\":\"https:\\\/\\\/regiaonews.net.br\\\/2022\\\/author\\\/roberto\\\/\"}]}<\/script>\n<!-- \/ Yoast SEO plugin. -->","yoast_head_json":{"title":"Tereos abre inscri\u00e7\u00f5es para o Summer Experience - Regi\u00e3o News","robots":{"index":"index","follow":"follow","max-snippet":"max-snippet:-1","max-image-preview":"max-image-preview:large","max-video-preview":"max-video-preview:-1"},"canonical":"https:\/\/regiaonews.net.br\/2022\/2023\/11\/03\/tereos-abre-inscricoes-para-o-summer-experience-seu-programa-de-estagio-de-verao\/","og_locale":"pt_BR","og_type":"article","og_title":"Tereos abre inscri\u00e7\u00f5es para o Summer Experience - Regi\u00e3o News","og_description":"&nbsp; Inscri\u00e7\u00f5es v\u00e3o at\u00e9 17 de novembro; est\u00e1gio acontecer\u00e1 nos","og_url":"https:\/\/regiaonews.net.br\/2022\/2023\/11\/03\/tereos-abre-inscricoes-para-o-summer-experience-seu-programa-de-estagio-de-verao\/","og_site_name":"Regi\u00e3o News","article_published_time":"2023-11-03T20:53:33+00:00","article_modified_time":"2023-11-03T20:56:28+00:00","og_image":[{"width":1600,"height":1066,"url":"https:\/\/regiaonews.net.br\/2022\/wp-content\/uploads\/2023\/11\/IMG-20231103-WA0135-1.jpg","type":"image\/jpeg"}],"author":"Roberto","twitter_card":"summary_large_image","twitter_misc":{"Escrito por":"Roberto","Est. tempo de leitura":"2 minutos"},"schema":{"@context":"https:\/\/schema.org","@graph":[{"@type":"Article","@id":"https:\/\/regiaonews.net.br\/2022\/2023\/11\/03\/tereos-abre-inscricoes-para-o-summer-experience-seu-programa-de-estagio-de-verao\/#article","isPartOf":{"@id":"https:\/\/regiaonews.net.br\/2022\/2023\/11\/03\/tereos-abre-inscricoes-para-o-summer-experience-seu-programa-de-estagio-de-verao\/"},"author":{"name":"Roberto","@id":"https:\/\/regiaonews.net.br\/2022\/#\/schema\/person\/2d205a608a5aa97ac279d7a5e6d89ad8"},"headline":"Tereos abre inscri\u00e7\u00f5es para o Summer Experience","datePublished":"2023-11-03T20:53:33+00:00","dateModified":"2023-11-03T20:56:28+00:00","mainEntityOfPage":{"@id":"https:\/\/regiaonews.net.br\/2022\/2023\/11\/03\/tereos-abre-inscricoes-para-o-summer-experience-seu-programa-de-estagio-de-verao\/"},"wordCount":318,"commentCount":0,"publisher":{"@id":"https:\/\/regiaonews.net.br\/2022\/#organization"},"image":{"@id":"https:\/\/regiaonews.net.br\/2022\/2023\/11\/03\/tereos-abre-inscricoes-para-o-summer-experience-seu-programa-de-estagio-de-verao\/#primaryimage"},"thumbnailUrl":"https:\/\/regiaonews.net.br\/2022\/wp-content\/uploads\/2023\/11\/IMG-20231103-WA0135-1.jpg","articleSection":["Cidades","Ol\u00edmpia"],"inLanguage":"pt-BR","potentialAction":[{"@type":"CommentAction","name":"Comment","target":["https:\/\/regiaonews.net.br\/2022\/2023\/11\/03\/tereos-abre-inscricoes-para-o-summer-experience-seu-programa-de-estagio-de-verao\/#respond"]}]},{"@type":"WebPage","@id":"https:\/\/regiaonews.net.br\/2022\/2023\/11\/03\/tereos-abre-inscricoes-para-o-summer-experience-seu-programa-de-estagio-de-verao\/","url":"https:\/\/regiaonews.net.br\/2022\/2023\/11\/03\/tereos-abre-inscricoes-para-o-summer-experience-seu-programa-de-estagio-de-verao\/","name":"Tereos abre inscri\u00e7\u00f5es para o Summer Experience - Regi\u00e3o News","isPartOf":{"@id":"https:\/\/regiaonews.net.br\/2022\/#website"},"primaryImageOfPage":{"@id":"https:\/\/regiaonews.net.br\/2022\/2023\/11\/03\/tereos-abre-inscricoes-para-o-summer-experience-seu-programa-de-estagio-de-verao\/#primaryimage"},"image":{"@id":"https:\/\/regiaonews.net.br\/2022\/2023\/11\/03\/tereos-abre-inscricoes-para-o-summer-experience-seu-programa-de-estagio-de-verao\/#primaryimage"},"thumbnailUrl":"https:\/\/regiaonews.net.br\/2022\/wp-content\/uploads\/2023\/11\/IMG-20231103-WA0135-1.jpg","datePublished":"2023-11-03T20:53:33+00:00","dateModified":"2023-11-03T20:56:28+00:00","breadcrumb":{"@id":"https:\/\/regiaonews.net.br\/2022\/2023\/11\/03\/tereos-abre-inscricoes-para-o-summer-experience-seu-programa-de-estagio-de-verao\/#breadcrumb"},"inLanguage":"pt-BR","potentialAction":[{"@type":"ReadAction","target":["https:\/\/regiaonews.net.br\/2022\/2023\/11\/03\/tereos-abre-inscricoes-para-o-summer-experience-seu-programa-de-estagio-de-verao\/"]}]},{"@type":"ImageObject","inLanguage":"pt-BR","@id":"https:\/\/regiaonews.net.br\/2022\/2023\/11\/03\/tereos-abre-inscricoes-para-o-summer-experience-seu-programa-de-estagio-de-verao\/#primaryimage","url":"https:\/\/regiaonews.net.br\/2022\/wp-content\/uploads\/2023\/11\/IMG-20231103-WA0135-1.jpg","contentUrl":"https:\/\/regiaonews.net.br\/2022\/wp-content\/uploads\/2023\/11\/IMG-20231103-WA0135-1.jpg","width":1600,"height":1066},{"@type":"BreadcrumbList","@id":"https:\/\/regiaonews.net.br\/2022\/2023\/11\/03\/tereos-abre-inscricoes-para-o-summer-experience-seu-programa-de-estagio-de-verao\/#breadcrumb","itemListElement":[{"@type":"ListItem","position":1,"name":"In\u00edcio","item":"https:\/\/regiaonews.net.br\/2022\/"},{"@type":"ListItem","position":2,"name":"Tereos abre inscri\u00e7\u00f5es para o Summer Experience"}]},{"@type":"WebSite","@id":"https:\/\/regiaonews.net.br\/2022\/#website","url":"https:\/\/regiaonews.net.br\/2022\/","name":"Regi\u00e3o News","description":"Site de Not\u00edcias de Barretos e regi\u00e3o","publisher":{"@id":"https:\/\/regiaonews.net.br\/2022\/#organization"},"potentialAction":[{"@type":"SearchAction","target":{"@type":"EntryPoint","urlTemplate":"https:\/\/regiaonews.net.br\/2022\/?s={search_term_string}"},"query-input":{"@type":"PropertyValueSpecification","valueRequired":true,"valueName":"search_term_string"}}],"inLanguage":"pt-BR"},{"@type":"Organization","@id":"https:\/\/regiaonews.net.br\/2022\/#organization","name":"Regi\u00e3o News","url":"https:\/\/regiaonews.net.br\/2022\/","logo":{"@type":"ImageObject","inLanguage":"pt-BR","@id":"https:\/\/regiaonews.net.br\/2022\/#\/schema\/logo\/image\/","url":"https:\/\/regiaonews.net.br\/2022\/wp-content\/uploads\/2026\/03\/regiao-13-anos-scaled.jpg","contentUrl":"https:\/\/regiaonews.net.br\/2022\/wp-content\/uploads\/2026\/03\/regiao-13-anos-scaled.jpg","width":2560,"height":635,"caption":"Regi\u00e3o News"},"image":{"@id":"https:\/\/regiaonews.net.br\/2022\/#\/schema\/logo\/image\/"}},{"@type":"Person","@id":"https:\/\/regiaonews.net.br\/2022\/#\/schema\/person\/2d205a608a5aa97ac279d7a5e6d89ad8","name":"Roberto","image":{"@type":"ImageObject","inLanguage":"pt-BR","@id":"https:\/\/secure.gravatar.com\/avatar\/42749d8b712ff9d59ca93dc150494e5b55a44134482993f5baeb97e61b7ecc89?s=96&d=mm&r=g","url":"https:\/\/secure.gravatar.com\/avatar\/42749d8b712ff9d59ca93dc150494e5b55a44134482993f5baeb97e61b7ecc89?s=96&d=mm&r=g","contentUrl":"https:\/\/secure.gravatar.com\/avatar\/42749d8b712ff9d59ca93dc150494e5b55a44134482993f5baeb97e61b7ecc89?s=96&d=mm&r=g","caption":"Roberto"},"url":"https:\/\/regiaonews.net.br\/2022\/author\/roberto\/"}]}},"publishpress_future_action":{"enabled":false,"date":"2026-05-04 13:01:33","action":"change-status","newStatus":"draft","terms":[],"taxonomy":"category","extraData":[]},"publishpress_future_workflow_manual_trigger":{"enabledWorkflows":[]},"_links":{"self":[{"href":"https:\/\/regiaonews.net.br\/2022\/wp-json\/wp\/v2\/posts\/97340","targetHints":{"allow":["GET"]}}],"collection":[{"href":"https:\/\/regiaonews.net.br\/2022\/wp-json\/wp\/v2\/posts"}],"about":[{"href":"https:\/\/regiaonews.net.br\/2022\/wp-json\/wp\/v2\/types\/post"}],"author":[{"embeddable":true,"href":"https:\/\/regiaonews.net.br\/2022\/wp-json\/wp\/v2\/users\/2"}],"replies":[{"embeddable":true,"href":"https:\/\/regiaonews.net.br\/2022\/wp-json\/wp\/v2\/comments?post=97340"}],"version-history":[{"count":2,"href":"https:\/\/regiaonews.net.br\/2022\/wp-json\/wp\/v2\/posts\/97340\/revisions"}],"predecessor-version":[{"id":97344,"href":"https:\/\/regiaonews.net.br\/2022\/wp-json\/wp\/v2\/posts\/97340\/revisions\/97344"}],"wp:featuredmedia":[{"embeddable":true,"href":"https:\/\/regiaonews.net.br\/2022\/wp-json\/wp\/v2\/media\/97342"}],"wp:attachment":[{"href":"https:\/\/regiaonews.net.br\/2022\/wp-json\/wp\/v2\/media?parent=97340"}],"wp:term":[{"taxonomy":"category","embeddable":true,"href":"https:\/\/regiaonews.net.br\/2022\/wp-json\/wp\/v2\/categories?post=97340"},{"taxonomy":"post_tag","embeddable":true,"href":"https:\/\/regiaonews.net.br\/2022\/wp-json\/wp\/v2\/tags?post=97340"}],"curies":[{"name":"wp","href":"https:\/\/api.w.org\/{rel}","templated":true}]}}