{"id":97309,"date":"2023-11-01T22:53:02","date_gmt":"2023-11-02T01:53:02","guid":{"rendered":"https:\/\/regiaonews.net.br\/2022\/?p=97309"},"modified":"2023-11-02T07:59:14","modified_gmt":"2023-11-02T10:59:14","slug":"barretos-recebe-espetaculo-vereda-da-salvacao-da-cia-beradeiro-em-homenagem-a-dramaturgo-jorge-andrade-natural-da-cidade","status":"publish","type":"post","link":"https:\/\/regiaonews.net.br\/2022\/2023\/11\/01\/barretos-recebe-espetaculo-vereda-da-salvacao-da-cia-beradeiro-em-homenagem-a-dramaturgo-jorge-andrade-natural-da-cidade\/","title":{"rendered":"Barretos recebe espet\u00e1culo \u2018Vereda da Salva\u00e7\u00e3o\u2019, da Cia. Beradeiro"},"content":{"rendered":"<p>Apresenta\u00e7\u00e3o do grupo de S\u00e3o Jos\u00e9 do Rio Preto \u00e9 gratuita e acontece neste s\u00e1bado, dia 4, dentro do projeto que celebra centen\u00e1rio de nascimento do autor que \u00e9 um dos mais importantes do teatro brasileiro<\/p>\n<p>Neste s\u00e1bado, dia 4 de novembro, a Cia. Beradeiro, de S\u00e3o Jos\u00e9 do Rio Preto, chega a Est\u00e2ncia Tur\u00edstica de Barretos com o espet\u00e1culo \u201cVereda da Salva\u00e7\u00e3o\u201d, dentro da circula\u00e7\u00e3o do Projeto No Rasto de Jorge Andrade por cidades do interior paulista. A iniciativa homenageia o centen\u00e1rio de nascimento do dramaturgo barretense, que \u00e9 um dos mais importantes do teatro brasileiro, celebrado no ano de 2022. A sess\u00e3o \u00e9 gratuita e com tradu\u00e7\u00e3o em Libras.<br \/>\nA apresenta\u00e7\u00e3o acontece no CEU das Artes, \u00e0s 19h. Ap\u00f3s a sess\u00e3o, tem bate-papo entre artistas e p\u00fablico sobre o processo de cria\u00e7\u00e3o e as tem\u00e1ticas levantadas pelo espet\u00e1culo. A a\u00e7\u00e3o \u00e9 em parceria com a Prefeitura de Barretos, Coletivo Quintess\u00eancia e Debis Gaia.<\/p>\n<p>Sobre a pe\u00e7a<br \/>\nPe\u00e7a escrita entre 1957 e 1963, \u201cVereda da Salva\u00e7\u00e3o\u201d \u00e9 baseada em um fato real ocorrido em 1955, na fazenda S\u00e3o Jo\u00e3o da Mata, no munic\u00edpio de Malacacheta, em Minas Gerais. Em cena, uma comunidade de trabalhadores rurais em sua busca por condi\u00e7\u00f5es de vida minimamente dignas mergulha em uma nova cren\u00e7a religiosa, a fim de encontrar o que acredita ser o caminho da liberta\u00e7\u00e3o.<br \/>\nO espet\u00e1culo \u00e9 resultado das pesquisas do grupo sobre o realismo po\u00e9tico de Jorge Andrade e sobre os aspectos fundamentalmente coletivos e sociais da obra. O caso que inspirou a obra envolveu a morte de quatro crian\u00e7as supostamente \u201cpossu\u00eddas pelo dem\u00f4nio\u201d. \u00c0 \u00e9poca, diante o ocorrido, a comunidade foi atacada e baleada pela pol\u00edcia da fazenda durante um banho de batismo. O fato acabou considerado um surto sociorreligioso.<br \/>\nA montagem da Cia. Beradeiro traz em sua est\u00e9tica a utiliza\u00e7\u00e3o do coro, com 16 atores em cena, evidenciando o coletivo e a comunidade que se encontra presa a esse lugar e seus acontecimentos, fortalecendo e potencializando o realismo po\u00e9tico da obra.<br \/>\nDirigida por Fabiano Amigucci e Fagner Rodrigues, a montagem tem no elenco Andrea Capelli, Beta Cunha, Christina Martins, Daiane Souza, David Balt, Deivison Miranda, Esmeraldina Reis, Ester Carvalho, ESu Mai\u00ea, Geovanna Leite, Giovana de Paula, Jessica Paladino, Nathalia Navarro, Pietra Borges, Simone Moerdaui (tamb\u00e9m assistente de dire\u00e7\u00e3o) e Vladmir Coelho. O cen\u00e1rio \u00e9 de L\u00e9o Bauab, figurinos de Adbailson Cuba e ilumina\u00e7\u00e3o de Luis Fernando Lopes.<br \/>\n\u201cA import\u00e2ncia de apresentar este espet\u00e1culo se d\u00e1 principalmente pela urg\u00eancia de discutir sobre o que pode ocorrer quando a coletividade, subtra\u00edda de senso cr\u00edtico, d\u00e1 suporte e poder a l\u00edderes que colocam suas ideologias acima das necessidades dos demais e dos direitos humanos. Vereda da Salva\u00e7\u00e3o, al\u00e9m de ser uma obra de grande relev\u00e2ncia social, \u00e9 um texto refer\u00eancia para qualquer amante e estudante da arte\u201d, considera a equipe art\u00edstica.<\/p>\n<p>Sobre Jorge Andrade<br \/>\nNascido em Barretos, filho de fazendeiros, Jorge Andrade mergulhou em suas origens para expor conflitos a partir dessa realidade. Sua obra alcan\u00e7ou reconhecimento por meio de premia\u00e7\u00f5es e sendo objeto de pesquisas acad\u00eamicas. Al\u00e9m de \u201cVereda da Salva\u00e7\u00e3o\u201d, encenada pela primeira vez por Antunes Filho no Teatro Brasileiro de Com\u00e9dia (TBC), em 1964, destacam-se entre suas cria\u00e7\u00f5es \u201cO telesc\u00f3pio\u201d, de 1951 e levada aos palcos por Paulo Francis em 1957; \u201cA morat\u00f3ria\u201d, dirigida em 1955 por Gianni Ratto e que lan\u00e7ou Fernanda Montenegro, e v\u00e1rias outras. Tamb\u00e9m escritor, jornalista e educador, Andrade morreu em 1984, na capital paulista.<\/p>\n<p>Outras a\u00e7\u00f5es<br \/>\nO Projeto No Rasto de Jorge Andrade compreende tamb\u00e9m uma roda de conversa online com o professor e pesquisador Eduardo Catanozi a respeito de Jorge Andrade, com previs\u00e3o de ser disponibilizada ainda em novembro, no canal do YouTube da Cia. Beradeiro (www.youtube.com\/@ciaberadeiro1607). Catanozi \u00e9 doutor em Letras, com a tese \u201cAtr\u00e1s do rasto da enuncia\u00e7\u00e3o de \u2018Rasto atr\u00e1s\u2019 de Jorge Andrade\u201d, defendida em 2002, na Unesp.<br \/>\nOutras a\u00e7\u00f5es s\u00e3o um v\u00eddeo documental sobre o projeto, com previs\u00e3o de divulga\u00e7\u00e3o at\u00e9 dezembro, e a oficina \u201cJogos e improvisos no Processo Criativo\u201d, em Jales, Ribeir\u00e3o Preto e Ol\u00edmpia.<br \/>\nO projeto \u00e9 viabilizado pelo Edital N\u00ba 02\/2022 do ProAC Expresso, modalidade \u201cTeatro \/ Circula\u00e7\u00e3o\u201d, da Secretaria de Cultura e Economia Criativa do Governo do Estado.<\/p>\n<p>SERVI\u00c7O:<br \/>\nEspet\u00e1culo \u201cVereda da Salva\u00e7\u00e3o\u201d, da Cia. Beradeiro<br \/>\nAp\u00f3s apresenta\u00e7\u00e3o, tem bate-papo com o p\u00fablico.<br \/>\n04\/11, s\u00e1bado, 19h, em Barretos.<br \/>\nLocal: CEU das Artes (Rua S\u00e3o Jos\u00e9, 803 \u2013 Jd. Universit\u00e1rio)<br \/>\nGratuito. 60 minutos. 16 anos. Tradu\u00e7\u00e3o em Libras. Distribui\u00e7\u00e3o de ingresso 1h antes.<br \/>\nParceria: Prefeitura de Barretos, Coletivo Quintess\u00eancia e Debis Gaia.<\/p>\n","protected":false},"excerpt":{"rendered":"<p>Apresenta\u00e7\u00e3o do grupo de S\u00e3o Jos\u00e9 do Rio Preto \u00e9<\/p>\n","protected":false},"author":2,"featured_media":97310,"comment_status":"open","ping_status":"open","sticky":false,"template":"","format":"standard","meta":{"footnotes":""},"categories":[14,25],"tags":[],"class_list":["post-97309","post","type-post","status-publish","format-standard","has-post-thumbnail","hentry","category-barretos","category-cidades"],"yoast_head":"<!-- This site is optimized with the Yoast SEO plugin v27.4 - https:\/\/yoast.com\/product\/yoast-seo-wordpress\/ -->\n<title>Barretos recebe espet\u00e1culo \u2018Vereda da Salva\u00e7\u00e3o\u2019, da Cia. Beradeiro - Regi\u00e3o News<\/title>\n<meta name=\"robots\" content=\"index, follow, max-snippet:-1, max-image-preview:large, max-video-preview:-1\" \/>\n<link rel=\"canonical\" href=\"https:\/\/regiaonews.net.br\/2022\/2023\/11\/01\/barretos-recebe-espetaculo-vereda-da-salvacao-da-cia-beradeiro-em-homenagem-a-dramaturgo-jorge-andrade-natural-da-cidade\/\" \/>\n<meta property=\"og:locale\" content=\"pt_BR\" \/>\n<meta property=\"og:type\" content=\"article\" \/>\n<meta property=\"og:title\" content=\"Barretos recebe espet\u00e1culo \u2018Vereda da Salva\u00e7\u00e3o\u2019, da Cia. Beradeiro - Regi\u00e3o News\" \/>\n<meta property=\"og:description\" content=\"Apresenta\u00e7\u00e3o do grupo de S\u00e3o Jos\u00e9 do Rio Preto \u00e9\" \/>\n<meta property=\"og:url\" content=\"https:\/\/regiaonews.net.br\/2022\/2023\/11\/01\/barretos-recebe-espetaculo-vereda-da-salvacao-da-cia-beradeiro-em-homenagem-a-dramaturgo-jorge-andrade-natural-da-cidade\/\" \/>\n<meta property=\"og:site_name\" content=\"Regi\u00e3o News\" \/>\n<meta property=\"article:published_time\" content=\"2023-11-02T01:53:02+00:00\" \/>\n<meta property=\"article:modified_time\" content=\"2023-11-02T10:59:14+00:00\" \/>\n<meta property=\"og:image\" content=\"https:\/\/regiaonews.net.br\/2022\/wp-content\/uploads\/2023\/11\/WhatsApp-Image-2023-11-01-at-21.56.40.jpeg\" \/>\n\t<meta property=\"og:image:width\" content=\"1600\" \/>\n\t<meta property=\"og:image:height\" content=\"1055\" \/>\n\t<meta property=\"og:image:type\" content=\"image\/jpeg\" \/>\n<meta name=\"author\" content=\"Roberto\" \/>\n<meta name=\"twitter:card\" content=\"summary_large_image\" \/>\n<meta name=\"twitter:label1\" content=\"Escrito por\" \/>\n\t<meta name=\"twitter:data1\" content=\"Roberto\" \/>\n\t<meta name=\"twitter:label2\" content=\"Est. tempo de leitura\" \/>\n\t<meta name=\"twitter:data2\" content=\"5 minutos\" \/>\n<script type=\"application\/ld+json\" class=\"yoast-schema-graph\">{\"@context\":\"https:\\\/\\\/schema.org\",\"@graph\":[{\"@type\":\"Article\",\"@id\":\"https:\\\/\\\/regiaonews.net.br\\\/2022\\\/2023\\\/11\\\/01\\\/barretos-recebe-espetaculo-vereda-da-salvacao-da-cia-beradeiro-em-homenagem-a-dramaturgo-jorge-andrade-natural-da-cidade\\\/#article\",\"isPartOf\":{\"@id\":\"https:\\\/\\\/regiaonews.net.br\\\/2022\\\/2023\\\/11\\\/01\\\/barretos-recebe-espetaculo-vereda-da-salvacao-da-cia-beradeiro-em-homenagem-a-dramaturgo-jorge-andrade-natural-da-cidade\\\/\"},\"author\":{\"name\":\"Roberto\",\"@id\":\"https:\\\/\\\/regiaonews.net.br\\\/2022\\\/#\\\/schema\\\/person\\\/2d205a608a5aa97ac279d7a5e6d89ad8\"},\"headline\":\"Barretos recebe espet\u00e1culo \u2018Vereda da Salva\u00e7\u00e3o\u2019, da Cia. Beradeiro\",\"datePublished\":\"2023-11-02T01:53:02+00:00\",\"dateModified\":\"2023-11-02T10:59:14+00:00\",\"mainEntityOfPage\":{\"@id\":\"https:\\\/\\\/regiaonews.net.br\\\/2022\\\/2023\\\/11\\\/01\\\/barretos-recebe-espetaculo-vereda-da-salvacao-da-cia-beradeiro-em-homenagem-a-dramaturgo-jorge-andrade-natural-da-cidade\\\/\"},\"wordCount\":825,\"commentCount\":0,\"publisher\":{\"@id\":\"https:\\\/\\\/regiaonews.net.br\\\/2022\\\/#organization\"},\"image\":{\"@id\":\"https:\\\/\\\/regiaonews.net.br\\\/2022\\\/2023\\\/11\\\/01\\\/barretos-recebe-espetaculo-vereda-da-salvacao-da-cia-beradeiro-em-homenagem-a-dramaturgo-jorge-andrade-natural-da-cidade\\\/#primaryimage\"},\"thumbnailUrl\":\"https:\\\/\\\/regiaonews.net.br\\\/2022\\\/wp-content\\\/uploads\\\/2023\\\/11\\\/WhatsApp-Image-2023-11-01-at-21.56.40.jpeg\",\"articleSection\":[\"Barretos\",\"Cidades\"],\"inLanguage\":\"pt-BR\",\"potentialAction\":[{\"@type\":\"CommentAction\",\"name\":\"Comment\",\"target\":[\"https:\\\/\\\/regiaonews.net.br\\\/2022\\\/2023\\\/11\\\/01\\\/barretos-recebe-espetaculo-vereda-da-salvacao-da-cia-beradeiro-em-homenagem-a-dramaturgo-jorge-andrade-natural-da-cidade\\\/#respond\"]}]},{\"@type\":\"WebPage\",\"@id\":\"https:\\\/\\\/regiaonews.net.br\\\/2022\\\/2023\\\/11\\\/01\\\/barretos-recebe-espetaculo-vereda-da-salvacao-da-cia-beradeiro-em-homenagem-a-dramaturgo-jorge-andrade-natural-da-cidade\\\/\",\"url\":\"https:\\\/\\\/regiaonews.net.br\\\/2022\\\/2023\\\/11\\\/01\\\/barretos-recebe-espetaculo-vereda-da-salvacao-da-cia-beradeiro-em-homenagem-a-dramaturgo-jorge-andrade-natural-da-cidade\\\/\",\"name\":\"Barretos recebe espet\u00e1culo \u2018Vereda da Salva\u00e7\u00e3o\u2019, da Cia. Beradeiro - Regi\u00e3o News\",\"isPartOf\":{\"@id\":\"https:\\\/\\\/regiaonews.net.br\\\/2022\\\/#website\"},\"primaryImageOfPage\":{\"@id\":\"https:\\\/\\\/regiaonews.net.br\\\/2022\\\/2023\\\/11\\\/01\\\/barretos-recebe-espetaculo-vereda-da-salvacao-da-cia-beradeiro-em-homenagem-a-dramaturgo-jorge-andrade-natural-da-cidade\\\/#primaryimage\"},\"image\":{\"@id\":\"https:\\\/\\\/regiaonews.net.br\\\/2022\\\/2023\\\/11\\\/01\\\/barretos-recebe-espetaculo-vereda-da-salvacao-da-cia-beradeiro-em-homenagem-a-dramaturgo-jorge-andrade-natural-da-cidade\\\/#primaryimage\"},\"thumbnailUrl\":\"https:\\\/\\\/regiaonews.net.br\\\/2022\\\/wp-content\\\/uploads\\\/2023\\\/11\\\/WhatsApp-Image-2023-11-01-at-21.56.40.jpeg\",\"datePublished\":\"2023-11-02T01:53:02+00:00\",\"dateModified\":\"2023-11-02T10:59:14+00:00\",\"breadcrumb\":{\"@id\":\"https:\\\/\\\/regiaonews.net.br\\\/2022\\\/2023\\\/11\\\/01\\\/barretos-recebe-espetaculo-vereda-da-salvacao-da-cia-beradeiro-em-homenagem-a-dramaturgo-jorge-andrade-natural-da-cidade\\\/#breadcrumb\"},\"inLanguage\":\"pt-BR\",\"potentialAction\":[{\"@type\":\"ReadAction\",\"target\":[\"https:\\\/\\\/regiaonews.net.br\\\/2022\\\/2023\\\/11\\\/01\\\/barretos-recebe-espetaculo-vereda-da-salvacao-da-cia-beradeiro-em-homenagem-a-dramaturgo-jorge-andrade-natural-da-cidade\\\/\"]}]},{\"@type\":\"ImageObject\",\"inLanguage\":\"pt-BR\",\"@id\":\"https:\\\/\\\/regiaonews.net.br\\\/2022\\\/2023\\\/11\\\/01\\\/barretos-recebe-espetaculo-vereda-da-salvacao-da-cia-beradeiro-em-homenagem-a-dramaturgo-jorge-andrade-natural-da-cidade\\\/#primaryimage\",\"url\":\"https:\\\/\\\/regiaonews.net.br\\\/2022\\\/wp-content\\\/uploads\\\/2023\\\/11\\\/WhatsApp-Image-2023-11-01-at-21.56.40.jpeg\",\"contentUrl\":\"https:\\\/\\\/regiaonews.net.br\\\/2022\\\/wp-content\\\/uploads\\\/2023\\\/11\\\/WhatsApp-Image-2023-11-01-at-21.56.40.jpeg\",\"width\":1600,\"height\":1055},{\"@type\":\"BreadcrumbList\",\"@id\":\"https:\\\/\\\/regiaonews.net.br\\\/2022\\\/2023\\\/11\\\/01\\\/barretos-recebe-espetaculo-vereda-da-salvacao-da-cia-beradeiro-em-homenagem-a-dramaturgo-jorge-andrade-natural-da-cidade\\\/#breadcrumb\",\"itemListElement\":[{\"@type\":\"ListItem\",\"position\":1,\"name\":\"In\u00edcio\",\"item\":\"https:\\\/\\\/regiaonews.net.br\\\/2022\\\/\"},{\"@type\":\"ListItem\",\"position\":2,\"name\":\"Barretos recebe espet\u00e1culo \u2018Vereda da Salva\u00e7\u00e3o\u2019, da Cia. Beradeiro\"}]},{\"@type\":\"WebSite\",\"@id\":\"https:\\\/\\\/regiaonews.net.br\\\/2022\\\/#website\",\"url\":\"https:\\\/\\\/regiaonews.net.br\\\/2022\\\/\",\"name\":\"Regi\u00e3o News\",\"description\":\"Site de Not\u00edcias de Barretos e regi\u00e3o\",\"publisher\":{\"@id\":\"https:\\\/\\\/regiaonews.net.br\\\/2022\\\/#organization\"},\"potentialAction\":[{\"@type\":\"SearchAction\",\"target\":{\"@type\":\"EntryPoint\",\"urlTemplate\":\"https:\\\/\\\/regiaonews.net.br\\\/2022\\\/?s={search_term_string}\"},\"query-input\":{\"@type\":\"PropertyValueSpecification\",\"valueRequired\":true,\"valueName\":\"search_term_string\"}}],\"inLanguage\":\"pt-BR\"},{\"@type\":\"Organization\",\"@id\":\"https:\\\/\\\/regiaonews.net.br\\\/2022\\\/#organization\",\"name\":\"Regi\u00e3o News\",\"url\":\"https:\\\/\\\/regiaonews.net.br\\\/2022\\\/\",\"logo\":{\"@type\":\"ImageObject\",\"inLanguage\":\"pt-BR\",\"@id\":\"https:\\\/\\\/regiaonews.net.br\\\/2022\\\/#\\\/schema\\\/logo\\\/image\\\/\",\"url\":\"https:\\\/\\\/regiaonews.net.br\\\/2022\\\/wp-content\\\/uploads\\\/2026\\\/03\\\/regiao-13-anos-scaled.jpg\",\"contentUrl\":\"https:\\\/\\\/regiaonews.net.br\\\/2022\\\/wp-content\\\/uploads\\\/2026\\\/03\\\/regiao-13-anos-scaled.jpg\",\"width\":2560,\"height\":635,\"caption\":\"Regi\u00e3o News\"},\"image\":{\"@id\":\"https:\\\/\\\/regiaonews.net.br\\\/2022\\\/#\\\/schema\\\/logo\\\/image\\\/\"}},{\"@type\":\"Person\",\"@id\":\"https:\\\/\\\/regiaonews.net.br\\\/2022\\\/#\\\/schema\\\/person\\\/2d205a608a5aa97ac279d7a5e6d89ad8\",\"name\":\"Roberto\",\"image\":{\"@type\":\"ImageObject\",\"inLanguage\":\"pt-BR\",\"@id\":\"https:\\\/\\\/secure.gravatar.com\\\/avatar\\\/42749d8b712ff9d59ca93dc150494e5b55a44134482993f5baeb97e61b7ecc89?s=96&d=mm&r=g\",\"url\":\"https:\\\/\\\/secure.gravatar.com\\\/avatar\\\/42749d8b712ff9d59ca93dc150494e5b55a44134482993f5baeb97e61b7ecc89?s=96&d=mm&r=g\",\"contentUrl\":\"https:\\\/\\\/secure.gravatar.com\\\/avatar\\\/42749d8b712ff9d59ca93dc150494e5b55a44134482993f5baeb97e61b7ecc89?s=96&d=mm&r=g\",\"caption\":\"Roberto\"},\"url\":\"https:\\\/\\\/regiaonews.net.br\\\/2022\\\/author\\\/roberto\\\/\"}]}<\/script>\n<!-- \/ Yoast SEO plugin. -->","yoast_head_json":{"title":"Barretos recebe espet\u00e1culo \u2018Vereda da Salva\u00e7\u00e3o\u2019, da Cia. Beradeiro - Regi\u00e3o News","robots":{"index":"index","follow":"follow","max-snippet":"max-snippet:-1","max-image-preview":"max-image-preview:large","max-video-preview":"max-video-preview:-1"},"canonical":"https:\/\/regiaonews.net.br\/2022\/2023\/11\/01\/barretos-recebe-espetaculo-vereda-da-salvacao-da-cia-beradeiro-em-homenagem-a-dramaturgo-jorge-andrade-natural-da-cidade\/","og_locale":"pt_BR","og_type":"article","og_title":"Barretos recebe espet\u00e1culo \u2018Vereda da Salva\u00e7\u00e3o\u2019, da Cia. Beradeiro - Regi\u00e3o News","og_description":"Apresenta\u00e7\u00e3o do grupo de S\u00e3o Jos\u00e9 do Rio Preto \u00e9","og_url":"https:\/\/regiaonews.net.br\/2022\/2023\/11\/01\/barretos-recebe-espetaculo-vereda-da-salvacao-da-cia-beradeiro-em-homenagem-a-dramaturgo-jorge-andrade-natural-da-cidade\/","og_site_name":"Regi\u00e3o News","article_published_time":"2023-11-02T01:53:02+00:00","article_modified_time":"2023-11-02T10:59:14+00:00","og_image":[{"width":1600,"height":1055,"url":"https:\/\/regiaonews.net.br\/2022\/wp-content\/uploads\/2023\/11\/WhatsApp-Image-2023-11-01-at-21.56.40.jpeg","type":"image\/jpeg"}],"author":"Roberto","twitter_card":"summary_large_image","twitter_misc":{"Escrito por":"Roberto","Est. tempo de leitura":"5 minutos"},"schema":{"@context":"https:\/\/schema.org","@graph":[{"@type":"Article","@id":"https:\/\/regiaonews.net.br\/2022\/2023\/11\/01\/barretos-recebe-espetaculo-vereda-da-salvacao-da-cia-beradeiro-em-homenagem-a-dramaturgo-jorge-andrade-natural-da-cidade\/#article","isPartOf":{"@id":"https:\/\/regiaonews.net.br\/2022\/2023\/11\/01\/barretos-recebe-espetaculo-vereda-da-salvacao-da-cia-beradeiro-em-homenagem-a-dramaturgo-jorge-andrade-natural-da-cidade\/"},"author":{"name":"Roberto","@id":"https:\/\/regiaonews.net.br\/2022\/#\/schema\/person\/2d205a608a5aa97ac279d7a5e6d89ad8"},"headline":"Barretos recebe espet\u00e1culo \u2018Vereda da Salva\u00e7\u00e3o\u2019, da Cia. Beradeiro","datePublished":"2023-11-02T01:53:02+00:00","dateModified":"2023-11-02T10:59:14+00:00","mainEntityOfPage":{"@id":"https:\/\/regiaonews.net.br\/2022\/2023\/11\/01\/barretos-recebe-espetaculo-vereda-da-salvacao-da-cia-beradeiro-em-homenagem-a-dramaturgo-jorge-andrade-natural-da-cidade\/"},"wordCount":825,"commentCount":0,"publisher":{"@id":"https:\/\/regiaonews.net.br\/2022\/#organization"},"image":{"@id":"https:\/\/regiaonews.net.br\/2022\/2023\/11\/01\/barretos-recebe-espetaculo-vereda-da-salvacao-da-cia-beradeiro-em-homenagem-a-dramaturgo-jorge-andrade-natural-da-cidade\/#primaryimage"},"thumbnailUrl":"https:\/\/regiaonews.net.br\/2022\/wp-content\/uploads\/2023\/11\/WhatsApp-Image-2023-11-01-at-21.56.40.jpeg","articleSection":["Barretos","Cidades"],"inLanguage":"pt-BR","potentialAction":[{"@type":"CommentAction","name":"Comment","target":["https:\/\/regiaonews.net.br\/2022\/2023\/11\/01\/barretos-recebe-espetaculo-vereda-da-salvacao-da-cia-beradeiro-em-homenagem-a-dramaturgo-jorge-andrade-natural-da-cidade\/#respond"]}]},{"@type":"WebPage","@id":"https:\/\/regiaonews.net.br\/2022\/2023\/11\/01\/barretos-recebe-espetaculo-vereda-da-salvacao-da-cia-beradeiro-em-homenagem-a-dramaturgo-jorge-andrade-natural-da-cidade\/","url":"https:\/\/regiaonews.net.br\/2022\/2023\/11\/01\/barretos-recebe-espetaculo-vereda-da-salvacao-da-cia-beradeiro-em-homenagem-a-dramaturgo-jorge-andrade-natural-da-cidade\/","name":"Barretos recebe espet\u00e1culo \u2018Vereda da Salva\u00e7\u00e3o\u2019, da Cia. Beradeiro - Regi\u00e3o News","isPartOf":{"@id":"https:\/\/regiaonews.net.br\/2022\/#website"},"primaryImageOfPage":{"@id":"https:\/\/regiaonews.net.br\/2022\/2023\/11\/01\/barretos-recebe-espetaculo-vereda-da-salvacao-da-cia-beradeiro-em-homenagem-a-dramaturgo-jorge-andrade-natural-da-cidade\/#primaryimage"},"image":{"@id":"https:\/\/regiaonews.net.br\/2022\/2023\/11\/01\/barretos-recebe-espetaculo-vereda-da-salvacao-da-cia-beradeiro-em-homenagem-a-dramaturgo-jorge-andrade-natural-da-cidade\/#primaryimage"},"thumbnailUrl":"https:\/\/regiaonews.net.br\/2022\/wp-content\/uploads\/2023\/11\/WhatsApp-Image-2023-11-01-at-21.56.40.jpeg","datePublished":"2023-11-02T01:53:02+00:00","dateModified":"2023-11-02T10:59:14+00:00","breadcrumb":{"@id":"https:\/\/regiaonews.net.br\/2022\/2023\/11\/01\/barretos-recebe-espetaculo-vereda-da-salvacao-da-cia-beradeiro-em-homenagem-a-dramaturgo-jorge-andrade-natural-da-cidade\/#breadcrumb"},"inLanguage":"pt-BR","potentialAction":[{"@type":"ReadAction","target":["https:\/\/regiaonews.net.br\/2022\/2023\/11\/01\/barretos-recebe-espetaculo-vereda-da-salvacao-da-cia-beradeiro-em-homenagem-a-dramaturgo-jorge-andrade-natural-da-cidade\/"]}]},{"@type":"ImageObject","inLanguage":"pt-BR","@id":"https:\/\/regiaonews.net.br\/2022\/2023\/11\/01\/barretos-recebe-espetaculo-vereda-da-salvacao-da-cia-beradeiro-em-homenagem-a-dramaturgo-jorge-andrade-natural-da-cidade\/#primaryimage","url":"https:\/\/regiaonews.net.br\/2022\/wp-content\/uploads\/2023\/11\/WhatsApp-Image-2023-11-01-at-21.56.40.jpeg","contentUrl":"https:\/\/regiaonews.net.br\/2022\/wp-content\/uploads\/2023\/11\/WhatsApp-Image-2023-11-01-at-21.56.40.jpeg","width":1600,"height":1055},{"@type":"BreadcrumbList","@id":"https:\/\/regiaonews.net.br\/2022\/2023\/11\/01\/barretos-recebe-espetaculo-vereda-da-salvacao-da-cia-beradeiro-em-homenagem-a-dramaturgo-jorge-andrade-natural-da-cidade\/#breadcrumb","itemListElement":[{"@type":"ListItem","position":1,"name":"In\u00edcio","item":"https:\/\/regiaonews.net.br\/2022\/"},{"@type":"ListItem","position":2,"name":"Barretos recebe espet\u00e1culo \u2018Vereda da Salva\u00e7\u00e3o\u2019, da Cia. Beradeiro"}]},{"@type":"WebSite","@id":"https:\/\/regiaonews.net.br\/2022\/#website","url":"https:\/\/regiaonews.net.br\/2022\/","name":"Regi\u00e3o News","description":"Site de Not\u00edcias de Barretos e regi\u00e3o","publisher":{"@id":"https:\/\/regiaonews.net.br\/2022\/#organization"},"potentialAction":[{"@type":"SearchAction","target":{"@type":"EntryPoint","urlTemplate":"https:\/\/regiaonews.net.br\/2022\/?s={search_term_string}"},"query-input":{"@type":"PropertyValueSpecification","valueRequired":true,"valueName":"search_term_string"}}],"inLanguage":"pt-BR"},{"@type":"Organization","@id":"https:\/\/regiaonews.net.br\/2022\/#organization","name":"Regi\u00e3o News","url":"https:\/\/regiaonews.net.br\/2022\/","logo":{"@type":"ImageObject","inLanguage":"pt-BR","@id":"https:\/\/regiaonews.net.br\/2022\/#\/schema\/logo\/image\/","url":"https:\/\/regiaonews.net.br\/2022\/wp-content\/uploads\/2026\/03\/regiao-13-anos-scaled.jpg","contentUrl":"https:\/\/regiaonews.net.br\/2022\/wp-content\/uploads\/2026\/03\/regiao-13-anos-scaled.jpg","width":2560,"height":635,"caption":"Regi\u00e3o News"},"image":{"@id":"https:\/\/regiaonews.net.br\/2022\/#\/schema\/logo\/image\/"}},{"@type":"Person","@id":"https:\/\/regiaonews.net.br\/2022\/#\/schema\/person\/2d205a608a5aa97ac279d7a5e6d89ad8","name":"Roberto","image":{"@type":"ImageObject","inLanguage":"pt-BR","@id":"https:\/\/secure.gravatar.com\/avatar\/42749d8b712ff9d59ca93dc150494e5b55a44134482993f5baeb97e61b7ecc89?s=96&d=mm&r=g","url":"https:\/\/secure.gravatar.com\/avatar\/42749d8b712ff9d59ca93dc150494e5b55a44134482993f5baeb97e61b7ecc89?s=96&d=mm&r=g","contentUrl":"https:\/\/secure.gravatar.com\/avatar\/42749d8b712ff9d59ca93dc150494e5b55a44134482993f5baeb97e61b7ecc89?s=96&d=mm&r=g","caption":"Roberto"},"url":"https:\/\/regiaonews.net.br\/2022\/author\/roberto\/"}]}},"publishpress_future_action":{"enabled":false,"date":"2026-05-04 13:02:10","action":"change-status","newStatus":"draft","terms":[],"taxonomy":"category","extraData":[]},"publishpress_future_workflow_manual_trigger":{"enabledWorkflows":[]},"_links":{"self":[{"href":"https:\/\/regiaonews.net.br\/2022\/wp-json\/wp\/v2\/posts\/97309","targetHints":{"allow":["GET"]}}],"collection":[{"href":"https:\/\/regiaonews.net.br\/2022\/wp-json\/wp\/v2\/posts"}],"about":[{"href":"https:\/\/regiaonews.net.br\/2022\/wp-json\/wp\/v2\/types\/post"}],"author":[{"embeddable":true,"href":"https:\/\/regiaonews.net.br\/2022\/wp-json\/wp\/v2\/users\/2"}],"replies":[{"embeddable":true,"href":"https:\/\/regiaonews.net.br\/2022\/wp-json\/wp\/v2\/comments?post=97309"}],"version-history":[{"count":2,"href":"https:\/\/regiaonews.net.br\/2022\/wp-json\/wp\/v2\/posts\/97309\/revisions"}],"predecessor-version":[{"id":97316,"href":"https:\/\/regiaonews.net.br\/2022\/wp-json\/wp\/v2\/posts\/97309\/revisions\/97316"}],"wp:featuredmedia":[{"embeddable":true,"href":"https:\/\/regiaonews.net.br\/2022\/wp-json\/wp\/v2\/media\/97310"}],"wp:attachment":[{"href":"https:\/\/regiaonews.net.br\/2022\/wp-json\/wp\/v2\/media?parent=97309"}],"wp:term":[{"taxonomy":"category","embeddable":true,"href":"https:\/\/regiaonews.net.br\/2022\/wp-json\/wp\/v2\/categories?post=97309"},{"taxonomy":"post_tag","embeddable":true,"href":"https:\/\/regiaonews.net.br\/2022\/wp-json\/wp\/v2\/tags?post=97309"}],"curies":[{"name":"wp","href":"https:\/\/api.w.org\/{rel}","templated":true}]}}