{"id":97260,"date":"2023-11-01T13:28:56","date_gmt":"2023-11-01T16:28:56","guid":{"rendered":"https:\/\/regiaonews.net.br\/2022\/?p=97260"},"modified":"2023-11-01T13:28:56","modified_gmt":"2023-11-01T16:28:56","slug":"presidente-do-icdh-conta-sua-historia-em-palestras-da-campanha-temos-muitas-razoes","status":"publish","type":"post","link":"https:\/\/regiaonews.net.br\/2022\/2023\/11\/01\/presidente-do-icdh-conta-sua-historia-em-palestras-da-campanha-temos-muitas-razoes\/","title":{"rendered":"Presidente do ICDH conta sua hist\u00f3ria em palestras da campanha \u201cTemos Muitas Raz\u00f5es\u201d"},"content":{"rendered":"<h3 style=\"text-align: center;\">Renata Molezim faz alerta \u00e0s mulheres sobre a import\u00e2ncia da realiza\u00e7\u00e3o da mamografia e de outros exames preventivos contra o c\u00e2ncer.<\/h3>\n<p>Segundo a OMS &#8211; Organiza\u00e7\u00e3o Mundial da Sa\u00fade, o c\u00e2ncer de mama \u00e9 um grave problema de sa\u00fade p\u00fablica, que estima a ocorr\u00eancia de mais de um milh\u00e3o de novos casos da doen\u00e7a, tornando um dos tipos de c\u00e2ncer mais comum entre as brasileiras.<br \/>\nA presidente do ICDH &#8211; Instituto de Compromisso com o Desenvolvimento Humano, Renata Catalani Molezim teve c\u00e2ncer de mama no ano de 2014, passou por tratamento at\u00e9 2018 no Hospital de Amor de Barretos\/SP e hoje est\u00e1 totalmente curada. Dentro da proposta da campanha \u201cTemos Muitas Raz\u00f5es\u201d, que celebrou o Outubro Rosa do ICDH, ela realizou diversas palestras p\u00fablicas em institui\u00e7\u00f5es, postos de sa\u00fade e empresas na cidade de Bebedouro, sede do Instituto, informando sobre a import\u00e2ncia da preven\u00e7\u00e3o e contando sua hist\u00f3ria.<br \/>\n&#8220;A experi\u00eancia de ser paciente, passar por v\u00e1rias cirurgias, ser atendida no Hospital de Amor, e ter passado por v\u00e1rios grupos terap\u00eauticos, me inspirou a motivar outras mulheres a n\u00e3o terem medo de fazer a mamografia e nem outros exames preventivos. Em Barretos eu conheci muitos casos de pacientes que chegaram ao HA com c\u00e2ncer j\u00e1 em estado avan\u00e7ado, devido ao medo de passar pelo exame preventivo\u201d, enfatizou a presidente do ICDH.<br \/>\nNatural da cidade de Bebedouro\/SP, Renata ap\u00f3s esse baque tomou como miss\u00e3o de vida a vontade de ministrar palestras, desde o ano de 2017, em institui\u00e7\u00f5es p\u00fablicas, privadas, postos de sa\u00fade, escolas e no pr\u00f3prio ICDH, sobre a import\u00e2ncia do diagn\u00f3stico precoce do c\u00e2ncer de mama durante todo o ano e tamb\u00e9m durante a Campanha do &#8220;Outubro Rosa&#8221;.<br \/>\nO Hospital de Amor h\u00e1 mais de 30 anos \u00e9 refer\u00eancia no tratamento, pesquisa e preven\u00e7\u00e3o do c\u00e2ncer, realizando atendimento gratuito e de excel\u00eancia no maior servi\u00e7o de preven\u00e7\u00e3o de c\u00e2ncer do pa\u00eds, com uma estrutura completa focada em ensino e pesquisa, que realiza um trabalho de rastreamento e busca ativa, e leva sa\u00fade de qualidade \u00e0 diversos pontos do Brasil e at\u00e9 de outros pa\u00edses.<br \/>\nPara saber mais sobre a campanha \u201cTemos Muitas Raz\u00f5es\u201d que incentiva a preven\u00e7\u00e3o como melhor arma no combate ao c\u00e2ncer, basta seguir as redes sociais do ICDH no @institutoICDH.<\/p>\n<p>Fotos:\u00a0Divulga\u00e7\u00e3o<\/p>\n","protected":false},"excerpt":{"rendered":"<p>Renata Molezim faz alerta \u00e0s mulheres sobre a import\u00e2ncia da<\/p>\n","protected":false},"author":2,"featured_media":97261,"comment_status":"open","ping_status":"open","sticky":false,"template":"","format":"standard","meta":{"footnotes":""},"categories":[14,3],"tags":[],"class_list":["post-97260","post","type-post","status-publish","format-standard","has-post-thumbnail","hentry","category-barretos","category-geral"],"yoast_head":"<!-- This site is optimized with the Yoast SEO plugin v27.4 - https:\/\/yoast.com\/product\/yoast-seo-wordpress\/ -->\n<title>Presidente do ICDH conta sua hist\u00f3ria em palestras da campanha \u201cTemos Muitas Raz\u00f5es\u201d - Regi\u00e3o News<\/title>\n<meta name=\"robots\" content=\"index, follow, max-snippet:-1, max-image-preview:large, max-video-preview:-1\" \/>\n<link rel=\"canonical\" href=\"https:\/\/regiaonews.net.br\/2022\/2023\/11\/01\/presidente-do-icdh-conta-sua-historia-em-palestras-da-campanha-temos-muitas-razoes\/\" \/>\n<meta property=\"og:locale\" content=\"pt_BR\" \/>\n<meta property=\"og:type\" content=\"article\" \/>\n<meta property=\"og:title\" content=\"Presidente do ICDH conta sua hist\u00f3ria em palestras da campanha \u201cTemos Muitas Raz\u00f5es\u201d - Regi\u00e3o News\" \/>\n<meta property=\"og:description\" content=\"Renata Molezim faz alerta \u00e0s mulheres sobre a import\u00e2ncia da\" \/>\n<meta property=\"og:url\" content=\"https:\/\/regiaonews.net.br\/2022\/2023\/11\/01\/presidente-do-icdh-conta-sua-historia-em-palestras-da-campanha-temos-muitas-razoes\/\" \/>\n<meta property=\"og:site_name\" content=\"Regi\u00e3o News\" \/>\n<meta property=\"article:published_time\" content=\"2023-11-01T16:28:56+00:00\" \/>\n<meta property=\"og:image\" content=\"https:\/\/regiaonews.net.br\/2022\/wp-content\/uploads\/2023\/11\/Imagem-do-WhatsApp-de-2023-10-31-as-21.57.30_b0659353.jpg\" \/>\n\t<meta property=\"og:image:width\" content=\"982\" \/>\n\t<meta property=\"og:image:height\" content=\"662\" \/>\n\t<meta property=\"og:image:type\" content=\"image\/jpeg\" \/>\n<meta name=\"author\" content=\"Roberto\" \/>\n<meta name=\"twitter:card\" content=\"summary_large_image\" \/>\n<meta name=\"twitter:label1\" content=\"Escrito por\" \/>\n\t<meta name=\"twitter:data1\" content=\"Roberto\" \/>\n\t<meta name=\"twitter:label2\" content=\"Est. tempo de leitura\" \/>\n\t<meta name=\"twitter:data2\" content=\"3 minutos\" \/>\n<script type=\"application\/ld+json\" class=\"yoast-schema-graph\">{\"@context\":\"https:\\\/\\\/schema.org\",\"@graph\":[{\"@type\":\"Article\",\"@id\":\"https:\\\/\\\/regiaonews.net.br\\\/2022\\\/2023\\\/11\\\/01\\\/presidente-do-icdh-conta-sua-historia-em-palestras-da-campanha-temos-muitas-razoes\\\/#article\",\"isPartOf\":{\"@id\":\"https:\\\/\\\/regiaonews.net.br\\\/2022\\\/2023\\\/11\\\/01\\\/presidente-do-icdh-conta-sua-historia-em-palestras-da-campanha-temos-muitas-razoes\\\/\"},\"author\":{\"name\":\"Roberto\",\"@id\":\"https:\\\/\\\/regiaonews.net.br\\\/2022\\\/#\\\/schema\\\/person\\\/2d205a608a5aa97ac279d7a5e6d89ad8\"},\"headline\":\"Presidente do ICDH conta sua hist\u00f3ria em palestras da campanha \u201cTemos Muitas Raz\u00f5es\u201d\",\"datePublished\":\"2023-11-01T16:28:56+00:00\",\"mainEntityOfPage\":{\"@id\":\"https:\\\/\\\/regiaonews.net.br\\\/2022\\\/2023\\\/11\\\/01\\\/presidente-do-icdh-conta-sua-historia-em-palestras-da-campanha-temos-muitas-razoes\\\/\"},\"wordCount\":436,\"commentCount\":0,\"publisher\":{\"@id\":\"https:\\\/\\\/regiaonews.net.br\\\/2022\\\/#organization\"},\"image\":{\"@id\":\"https:\\\/\\\/regiaonews.net.br\\\/2022\\\/2023\\\/11\\\/01\\\/presidente-do-icdh-conta-sua-historia-em-palestras-da-campanha-temos-muitas-razoes\\\/#primaryimage\"},\"thumbnailUrl\":\"https:\\\/\\\/regiaonews.net.br\\\/2022\\\/wp-content\\\/uploads\\\/2023\\\/11\\\/Imagem-do-WhatsApp-de-2023-10-31-as-21.57.30_b0659353.jpg\",\"articleSection\":[\"Barretos\",\"Geral\"],\"inLanguage\":\"pt-BR\",\"potentialAction\":[{\"@type\":\"CommentAction\",\"name\":\"Comment\",\"target\":[\"https:\\\/\\\/regiaonews.net.br\\\/2022\\\/2023\\\/11\\\/01\\\/presidente-do-icdh-conta-sua-historia-em-palestras-da-campanha-temos-muitas-razoes\\\/#respond\"]}]},{\"@type\":\"WebPage\",\"@id\":\"https:\\\/\\\/regiaonews.net.br\\\/2022\\\/2023\\\/11\\\/01\\\/presidente-do-icdh-conta-sua-historia-em-palestras-da-campanha-temos-muitas-razoes\\\/\",\"url\":\"https:\\\/\\\/regiaonews.net.br\\\/2022\\\/2023\\\/11\\\/01\\\/presidente-do-icdh-conta-sua-historia-em-palestras-da-campanha-temos-muitas-razoes\\\/\",\"name\":\"Presidente do ICDH conta sua hist\u00f3ria em palestras da campanha \u201cTemos Muitas Raz\u00f5es\u201d - Regi\u00e3o News\",\"isPartOf\":{\"@id\":\"https:\\\/\\\/regiaonews.net.br\\\/2022\\\/#website\"},\"primaryImageOfPage\":{\"@id\":\"https:\\\/\\\/regiaonews.net.br\\\/2022\\\/2023\\\/11\\\/01\\\/presidente-do-icdh-conta-sua-historia-em-palestras-da-campanha-temos-muitas-razoes\\\/#primaryimage\"},\"image\":{\"@id\":\"https:\\\/\\\/regiaonews.net.br\\\/2022\\\/2023\\\/11\\\/01\\\/presidente-do-icdh-conta-sua-historia-em-palestras-da-campanha-temos-muitas-razoes\\\/#primaryimage\"},\"thumbnailUrl\":\"https:\\\/\\\/regiaonews.net.br\\\/2022\\\/wp-content\\\/uploads\\\/2023\\\/11\\\/Imagem-do-WhatsApp-de-2023-10-31-as-21.57.30_b0659353.jpg\",\"datePublished\":\"2023-11-01T16:28:56+00:00\",\"breadcrumb\":{\"@id\":\"https:\\\/\\\/regiaonews.net.br\\\/2022\\\/2023\\\/11\\\/01\\\/presidente-do-icdh-conta-sua-historia-em-palestras-da-campanha-temos-muitas-razoes\\\/#breadcrumb\"},\"inLanguage\":\"pt-BR\",\"potentialAction\":[{\"@type\":\"ReadAction\",\"target\":[\"https:\\\/\\\/regiaonews.net.br\\\/2022\\\/2023\\\/11\\\/01\\\/presidente-do-icdh-conta-sua-historia-em-palestras-da-campanha-temos-muitas-razoes\\\/\"]}]},{\"@type\":\"ImageObject\",\"inLanguage\":\"pt-BR\",\"@id\":\"https:\\\/\\\/regiaonews.net.br\\\/2022\\\/2023\\\/11\\\/01\\\/presidente-do-icdh-conta-sua-historia-em-palestras-da-campanha-temos-muitas-razoes\\\/#primaryimage\",\"url\":\"https:\\\/\\\/regiaonews.net.br\\\/2022\\\/wp-content\\\/uploads\\\/2023\\\/11\\\/Imagem-do-WhatsApp-de-2023-10-31-as-21.57.30_b0659353.jpg\",\"contentUrl\":\"https:\\\/\\\/regiaonews.net.br\\\/2022\\\/wp-content\\\/uploads\\\/2023\\\/11\\\/Imagem-do-WhatsApp-de-2023-10-31-as-21.57.30_b0659353.jpg\",\"width\":982,\"height\":662},{\"@type\":\"BreadcrumbList\",\"@id\":\"https:\\\/\\\/regiaonews.net.br\\\/2022\\\/2023\\\/11\\\/01\\\/presidente-do-icdh-conta-sua-historia-em-palestras-da-campanha-temos-muitas-razoes\\\/#breadcrumb\",\"itemListElement\":[{\"@type\":\"ListItem\",\"position\":1,\"name\":\"In\u00edcio\",\"item\":\"https:\\\/\\\/regiaonews.net.br\\\/2022\\\/\"},{\"@type\":\"ListItem\",\"position\":2,\"name\":\"Presidente do ICDH conta sua hist\u00f3ria em palestras da campanha \u201cTemos Muitas Raz\u00f5es\u201d\"}]},{\"@type\":\"WebSite\",\"@id\":\"https:\\\/\\\/regiaonews.net.br\\\/2022\\\/#website\",\"url\":\"https:\\\/\\\/regiaonews.net.br\\\/2022\\\/\",\"name\":\"Regi\u00e3o News\",\"description\":\"Site de Not\u00edcias de Barretos e regi\u00e3o\",\"publisher\":{\"@id\":\"https:\\\/\\\/regiaonews.net.br\\\/2022\\\/#organization\"},\"potentialAction\":[{\"@type\":\"SearchAction\",\"target\":{\"@type\":\"EntryPoint\",\"urlTemplate\":\"https:\\\/\\\/regiaonews.net.br\\\/2022\\\/?s={search_term_string}\"},\"query-input\":{\"@type\":\"PropertyValueSpecification\",\"valueRequired\":true,\"valueName\":\"search_term_string\"}}],\"inLanguage\":\"pt-BR\"},{\"@type\":\"Organization\",\"@id\":\"https:\\\/\\\/regiaonews.net.br\\\/2022\\\/#organization\",\"name\":\"Regi\u00e3o News\",\"url\":\"https:\\\/\\\/regiaonews.net.br\\\/2022\\\/\",\"logo\":{\"@type\":\"ImageObject\",\"inLanguage\":\"pt-BR\",\"@id\":\"https:\\\/\\\/regiaonews.net.br\\\/2022\\\/#\\\/schema\\\/logo\\\/image\\\/\",\"url\":\"https:\\\/\\\/regiaonews.net.br\\\/2022\\\/wp-content\\\/uploads\\\/2026\\\/03\\\/regiao-13-anos-scaled.jpg\",\"contentUrl\":\"https:\\\/\\\/regiaonews.net.br\\\/2022\\\/wp-content\\\/uploads\\\/2026\\\/03\\\/regiao-13-anos-scaled.jpg\",\"width\":2560,\"height\":635,\"caption\":\"Regi\u00e3o News\"},\"image\":{\"@id\":\"https:\\\/\\\/regiaonews.net.br\\\/2022\\\/#\\\/schema\\\/logo\\\/image\\\/\"}},{\"@type\":\"Person\",\"@id\":\"https:\\\/\\\/regiaonews.net.br\\\/2022\\\/#\\\/schema\\\/person\\\/2d205a608a5aa97ac279d7a5e6d89ad8\",\"name\":\"Roberto\",\"image\":{\"@type\":\"ImageObject\",\"inLanguage\":\"pt-BR\",\"@id\":\"https:\\\/\\\/secure.gravatar.com\\\/avatar\\\/42749d8b712ff9d59ca93dc150494e5b55a44134482993f5baeb97e61b7ecc89?s=96&d=mm&r=g\",\"url\":\"https:\\\/\\\/secure.gravatar.com\\\/avatar\\\/42749d8b712ff9d59ca93dc150494e5b55a44134482993f5baeb97e61b7ecc89?s=96&d=mm&r=g\",\"contentUrl\":\"https:\\\/\\\/secure.gravatar.com\\\/avatar\\\/42749d8b712ff9d59ca93dc150494e5b55a44134482993f5baeb97e61b7ecc89?s=96&d=mm&r=g\",\"caption\":\"Roberto\"},\"url\":\"https:\\\/\\\/regiaonews.net.br\\\/2022\\\/author\\\/roberto\\\/\"}]}<\/script>\n<!-- \/ Yoast SEO plugin. -->","yoast_head_json":{"title":"Presidente do ICDH conta sua hist\u00f3ria em palestras da campanha \u201cTemos Muitas Raz\u00f5es\u201d - Regi\u00e3o News","robots":{"index":"index","follow":"follow","max-snippet":"max-snippet:-1","max-image-preview":"max-image-preview:large","max-video-preview":"max-video-preview:-1"},"canonical":"https:\/\/regiaonews.net.br\/2022\/2023\/11\/01\/presidente-do-icdh-conta-sua-historia-em-palestras-da-campanha-temos-muitas-razoes\/","og_locale":"pt_BR","og_type":"article","og_title":"Presidente do ICDH conta sua hist\u00f3ria em palestras da campanha \u201cTemos Muitas Raz\u00f5es\u201d - Regi\u00e3o News","og_description":"Renata Molezim faz alerta \u00e0s mulheres sobre a import\u00e2ncia da","og_url":"https:\/\/regiaonews.net.br\/2022\/2023\/11\/01\/presidente-do-icdh-conta-sua-historia-em-palestras-da-campanha-temos-muitas-razoes\/","og_site_name":"Regi\u00e3o News","article_published_time":"2023-11-01T16:28:56+00:00","og_image":[{"width":982,"height":662,"url":"https:\/\/regiaonews.net.br\/2022\/wp-content\/uploads\/2023\/11\/Imagem-do-WhatsApp-de-2023-10-31-as-21.57.30_b0659353.jpg","type":"image\/jpeg"}],"author":"Roberto","twitter_card":"summary_large_image","twitter_misc":{"Escrito por":"Roberto","Est. tempo de leitura":"3 minutos"},"schema":{"@context":"https:\/\/schema.org","@graph":[{"@type":"Article","@id":"https:\/\/regiaonews.net.br\/2022\/2023\/11\/01\/presidente-do-icdh-conta-sua-historia-em-palestras-da-campanha-temos-muitas-razoes\/#article","isPartOf":{"@id":"https:\/\/regiaonews.net.br\/2022\/2023\/11\/01\/presidente-do-icdh-conta-sua-historia-em-palestras-da-campanha-temos-muitas-razoes\/"},"author":{"name":"Roberto","@id":"https:\/\/regiaonews.net.br\/2022\/#\/schema\/person\/2d205a608a5aa97ac279d7a5e6d89ad8"},"headline":"Presidente do ICDH conta sua hist\u00f3ria em palestras da campanha \u201cTemos Muitas Raz\u00f5es\u201d","datePublished":"2023-11-01T16:28:56+00:00","mainEntityOfPage":{"@id":"https:\/\/regiaonews.net.br\/2022\/2023\/11\/01\/presidente-do-icdh-conta-sua-historia-em-palestras-da-campanha-temos-muitas-razoes\/"},"wordCount":436,"commentCount":0,"publisher":{"@id":"https:\/\/regiaonews.net.br\/2022\/#organization"},"image":{"@id":"https:\/\/regiaonews.net.br\/2022\/2023\/11\/01\/presidente-do-icdh-conta-sua-historia-em-palestras-da-campanha-temos-muitas-razoes\/#primaryimage"},"thumbnailUrl":"https:\/\/regiaonews.net.br\/2022\/wp-content\/uploads\/2023\/11\/Imagem-do-WhatsApp-de-2023-10-31-as-21.57.30_b0659353.jpg","articleSection":["Barretos","Geral"],"inLanguage":"pt-BR","potentialAction":[{"@type":"CommentAction","name":"Comment","target":["https:\/\/regiaonews.net.br\/2022\/2023\/11\/01\/presidente-do-icdh-conta-sua-historia-em-palestras-da-campanha-temos-muitas-razoes\/#respond"]}]},{"@type":"WebPage","@id":"https:\/\/regiaonews.net.br\/2022\/2023\/11\/01\/presidente-do-icdh-conta-sua-historia-em-palestras-da-campanha-temos-muitas-razoes\/","url":"https:\/\/regiaonews.net.br\/2022\/2023\/11\/01\/presidente-do-icdh-conta-sua-historia-em-palestras-da-campanha-temos-muitas-razoes\/","name":"Presidente do ICDH conta sua hist\u00f3ria em palestras da campanha \u201cTemos Muitas Raz\u00f5es\u201d - Regi\u00e3o News","isPartOf":{"@id":"https:\/\/regiaonews.net.br\/2022\/#website"},"primaryImageOfPage":{"@id":"https:\/\/regiaonews.net.br\/2022\/2023\/11\/01\/presidente-do-icdh-conta-sua-historia-em-palestras-da-campanha-temos-muitas-razoes\/#primaryimage"},"image":{"@id":"https:\/\/regiaonews.net.br\/2022\/2023\/11\/01\/presidente-do-icdh-conta-sua-historia-em-palestras-da-campanha-temos-muitas-razoes\/#primaryimage"},"thumbnailUrl":"https:\/\/regiaonews.net.br\/2022\/wp-content\/uploads\/2023\/11\/Imagem-do-WhatsApp-de-2023-10-31-as-21.57.30_b0659353.jpg","datePublished":"2023-11-01T16:28:56+00:00","breadcrumb":{"@id":"https:\/\/regiaonews.net.br\/2022\/2023\/11\/01\/presidente-do-icdh-conta-sua-historia-em-palestras-da-campanha-temos-muitas-razoes\/#breadcrumb"},"inLanguage":"pt-BR","potentialAction":[{"@type":"ReadAction","target":["https:\/\/regiaonews.net.br\/2022\/2023\/11\/01\/presidente-do-icdh-conta-sua-historia-em-palestras-da-campanha-temos-muitas-razoes\/"]}]},{"@type":"ImageObject","inLanguage":"pt-BR","@id":"https:\/\/regiaonews.net.br\/2022\/2023\/11\/01\/presidente-do-icdh-conta-sua-historia-em-palestras-da-campanha-temos-muitas-razoes\/#primaryimage","url":"https:\/\/regiaonews.net.br\/2022\/wp-content\/uploads\/2023\/11\/Imagem-do-WhatsApp-de-2023-10-31-as-21.57.30_b0659353.jpg","contentUrl":"https:\/\/regiaonews.net.br\/2022\/wp-content\/uploads\/2023\/11\/Imagem-do-WhatsApp-de-2023-10-31-as-21.57.30_b0659353.jpg","width":982,"height":662},{"@type":"BreadcrumbList","@id":"https:\/\/regiaonews.net.br\/2022\/2023\/11\/01\/presidente-do-icdh-conta-sua-historia-em-palestras-da-campanha-temos-muitas-razoes\/#breadcrumb","itemListElement":[{"@type":"ListItem","position":1,"name":"In\u00edcio","item":"https:\/\/regiaonews.net.br\/2022\/"},{"@type":"ListItem","position":2,"name":"Presidente do ICDH conta sua hist\u00f3ria em palestras da campanha \u201cTemos Muitas Raz\u00f5es\u201d"}]},{"@type":"WebSite","@id":"https:\/\/regiaonews.net.br\/2022\/#website","url":"https:\/\/regiaonews.net.br\/2022\/","name":"Regi\u00e3o News","description":"Site de Not\u00edcias de Barretos e regi\u00e3o","publisher":{"@id":"https:\/\/regiaonews.net.br\/2022\/#organization"},"potentialAction":[{"@type":"SearchAction","target":{"@type":"EntryPoint","urlTemplate":"https:\/\/regiaonews.net.br\/2022\/?s={search_term_string}"},"query-input":{"@type":"PropertyValueSpecification","valueRequired":true,"valueName":"search_term_string"}}],"inLanguage":"pt-BR"},{"@type":"Organization","@id":"https:\/\/regiaonews.net.br\/2022\/#organization","name":"Regi\u00e3o News","url":"https:\/\/regiaonews.net.br\/2022\/","logo":{"@type":"ImageObject","inLanguage":"pt-BR","@id":"https:\/\/regiaonews.net.br\/2022\/#\/schema\/logo\/image\/","url":"https:\/\/regiaonews.net.br\/2022\/wp-content\/uploads\/2026\/03\/regiao-13-anos-scaled.jpg","contentUrl":"https:\/\/regiaonews.net.br\/2022\/wp-content\/uploads\/2026\/03\/regiao-13-anos-scaled.jpg","width":2560,"height":635,"caption":"Regi\u00e3o News"},"image":{"@id":"https:\/\/regiaonews.net.br\/2022\/#\/schema\/logo\/image\/"}},{"@type":"Person","@id":"https:\/\/regiaonews.net.br\/2022\/#\/schema\/person\/2d205a608a5aa97ac279d7a5e6d89ad8","name":"Roberto","image":{"@type":"ImageObject","inLanguage":"pt-BR","@id":"https:\/\/secure.gravatar.com\/avatar\/42749d8b712ff9d59ca93dc150494e5b55a44134482993f5baeb97e61b7ecc89?s=96&d=mm&r=g","url":"https:\/\/secure.gravatar.com\/avatar\/42749d8b712ff9d59ca93dc150494e5b55a44134482993f5baeb97e61b7ecc89?s=96&d=mm&r=g","contentUrl":"https:\/\/secure.gravatar.com\/avatar\/42749d8b712ff9d59ca93dc150494e5b55a44134482993f5baeb97e61b7ecc89?s=96&d=mm&r=g","caption":"Roberto"},"url":"https:\/\/regiaonews.net.br\/2022\/author\/roberto\/"}]}},"publishpress_future_action":{"enabled":false,"date":"2026-05-04 14:37:37","action":"change-status","newStatus":"draft","terms":[],"taxonomy":"category","extraData":[]},"publishpress_future_workflow_manual_trigger":{"enabledWorkflows":[]},"_links":{"self":[{"href":"https:\/\/regiaonews.net.br\/2022\/wp-json\/wp\/v2\/posts\/97260","targetHints":{"allow":["GET"]}}],"collection":[{"href":"https:\/\/regiaonews.net.br\/2022\/wp-json\/wp\/v2\/posts"}],"about":[{"href":"https:\/\/regiaonews.net.br\/2022\/wp-json\/wp\/v2\/types\/post"}],"author":[{"embeddable":true,"href":"https:\/\/regiaonews.net.br\/2022\/wp-json\/wp\/v2\/users\/2"}],"replies":[{"embeddable":true,"href":"https:\/\/regiaonews.net.br\/2022\/wp-json\/wp\/v2\/comments?post=97260"}],"version-history":[{"count":1,"href":"https:\/\/regiaonews.net.br\/2022\/wp-json\/wp\/v2\/posts\/97260\/revisions"}],"predecessor-version":[{"id":97262,"href":"https:\/\/regiaonews.net.br\/2022\/wp-json\/wp\/v2\/posts\/97260\/revisions\/97262"}],"wp:featuredmedia":[{"embeddable":true,"href":"https:\/\/regiaonews.net.br\/2022\/wp-json\/wp\/v2\/media\/97261"}],"wp:attachment":[{"href":"https:\/\/regiaonews.net.br\/2022\/wp-json\/wp\/v2\/media?parent=97260"}],"wp:term":[{"taxonomy":"category","embeddable":true,"href":"https:\/\/regiaonews.net.br\/2022\/wp-json\/wp\/v2\/categories?post=97260"},{"taxonomy":"post_tag","embeddable":true,"href":"https:\/\/regiaonews.net.br\/2022\/wp-json\/wp\/v2\/tags?post=97260"}],"curies":[{"name":"wp","href":"https:\/\/api.w.org\/{rel}","templated":true}]}}