{"id":97247,"date":"2023-10-31T21:10:24","date_gmt":"2023-11-01T00:10:24","guid":{"rendered":"https:\/\/regiaonews.net.br\/2022\/?p=97247"},"modified":"2023-10-31T21:10:24","modified_gmt":"2023-11-01T00:10:24","slug":"tebe-apoia-acoes-de-estudantes-de-psicologia-da-unifafibe","status":"publish","type":"post","link":"https:\/\/regiaonews.net.br\/2022\/2023\/10\/31\/tebe-apoia-acoes-de-estudantes-de-psicologia-da-unifafibe\/","title":{"rendered":"TEBE apoia a\u00e7\u00f5es de estudantes de Psicologia da UNIFAFIBE"},"content":{"rendered":"<p style=\"font-weight: 400;\">\n<p style=\"font-weight: 400;\"><em>O trabalho de inclus\u00e3o desenvolvido pelas alunas do curso de Psicologia do UNIFAFIBE, foi levado para CEMEI Jos\u00e9 Caldeira Cardoso de Bebedouro e teve apoio da TEBE<\/em><\/p>\n<p style=\"font-weight: 400;\"><em>\u00a0<\/em><\/p>\n<p style=\"font-weight: 400;\">No dia 27,\u00a0 a Concession\u00e1ria de Rodovias TEBE participou da a\u00e7\u00e3o desenvolvida pelas alunas do 5\u00ba ano do curso de Psicologia do Centro Universit\u00e1rio UNIFAFIBE, que aconteceu na CEMEI Jos\u00e9 Caldeira Cardoso de Bebedouro, envolvendo os alunos das etapas 1 e 2, apoiando o trabalho de est\u00e1gio das alunas Laura, Maria J\u00falia e Taisa, abrangendo temas como inclus\u00e3o, diversidade, racismo e preconceitos.<\/p>\n<p style=\"font-weight: 400;\">No projeto, que \u00e9 uma parceria com os alunos do 5\u00ba ano de Psicologia do Centro Universit\u00e1rio UNIFAFIBE de Bebedouro e conta com o apoio da ARTESP \u2013 Ag\u00eancia Reguladora de Transportes do Estado de S\u00e3o Paulo, foram desenvolvidas algumas atividades com os alunos e conduzidas de forma l\u00fadica e divertida. No final foi realizada a distribui\u00e7\u00e3o de kit lanche para os alunos.<\/p>\n<p style=\"font-weight: 400;\">Segundo o gerente de recursos humanos da TEBE, Ivair Ant\u00f4nio\u00a0 Pereira da Silva, essas a\u00e7\u00f5es s\u00e3o importantes para conscientiza\u00e7\u00e3o por um mundo mais humano. &#8220;Come\u00e7amos plantando essa sementinha, para um futuro melhor, pois as crian\u00e7as, al\u00e9m do aprendizado, se tornam multiplicadores levando todas as informa\u00e7\u00f5es aos familiares e amigos, respeitando todas as pessoas e suas diferen\u00e7as&#8221;,\u00a0 afirmou.<\/p>\n<p style=\"font-weight: 400;\"><a href=\"https:\/\/regiaonews.net.br\/2022\/wp-content\/uploads\/2023\/10\/image003.jpg\"><img loading=\"lazy\" decoding=\"async\" class=\"alignnone size-medium wp-image-97248\" src=\"https:\/\/regiaonews.net.br\/2022\/wp-content\/uploads\/2023\/10\/image003-192x300.jpg\" alt=\"\" width=\"192\" height=\"300\" srcset=\"https:\/\/regiaonews.net.br\/2022\/wp-content\/uploads\/2023\/10\/image003-192x300.jpg 192w, https:\/\/regiaonews.net.br\/2022\/wp-content\/uploads\/2023\/10\/image003-250x391.jpg 250w, https:\/\/regiaonews.net.br\/2022\/wp-content\/uploads\/2023\/10\/image003.jpg 424w\" sizes=\"auto, (max-width: 192px) 100vw, 192px\" \/><\/a><\/p>\n<p style=\"font-weight: 400;\">\n","protected":false},"excerpt":{"rendered":"<p>O trabalho de inclus\u00e3o desenvolvido pelas alunas do curso de<\/p>\n","protected":false},"author":2,"featured_media":97249,"comment_status":"open","ping_status":"open","sticky":false,"template":"","format":"standard","meta":{"footnotes":""},"categories":[4,25],"tags":[],"class_list":["post-97247","post","type-post","status-publish","format-standard","has-post-thumbnail","hentry","category-bebedouro","category-cidades"],"yoast_head":"<!-- This site is optimized with the Yoast SEO plugin v27.4 - https:\/\/yoast.com\/product\/yoast-seo-wordpress\/ -->\n<title>TEBE apoia a\u00e7\u00f5es de estudantes de Psicologia da UNIFAFIBE<\/title>\n<meta name=\"description\" content=\"No dia 27,\u00a0 a Concession\u00e1ria de Rodovias TEBE participou da a\u00e7\u00e3o desenvolvida pelas alunas do 5\u00ba ano do curso de Psicologia do\" \/>\n<meta name=\"robots\" content=\"index, follow, max-snippet:-1, max-image-preview:large, max-video-preview:-1\" \/>\n<link rel=\"canonical\" href=\"https:\/\/regiaonews.net.br\/2022\/2023\/10\/31\/tebe-apoia-acoes-de-estudantes-de-psicologia-da-unifafibe\/\" \/>\n<meta property=\"og:locale\" content=\"pt_BR\" \/>\n<meta property=\"og:type\" content=\"article\" \/>\n<meta property=\"og:title\" content=\"TEBE apoia a\u00e7\u00f5es de estudantes de Psicologia da UNIFAFIBE\" \/>\n<meta property=\"og:description\" content=\"No dia 27,\u00a0 a Concession\u00e1ria de Rodovias TEBE participou da a\u00e7\u00e3o desenvolvida pelas alunas do 5\u00ba ano do curso de Psicologia do\" \/>\n<meta property=\"og:url\" content=\"https:\/\/regiaonews.net.br\/2022\/2023\/10\/31\/tebe-apoia-acoes-de-estudantes-de-psicologia-da-unifafibe\/\" \/>\n<meta property=\"og:site_name\" content=\"Regi\u00e3o News\" \/>\n<meta property=\"article:published_time\" content=\"2023-11-01T00:10:24+00:00\" \/>\n<meta property=\"og:image\" content=\"https:\/\/regiaonews.net.br\/2022\/wp-content\/uploads\/2023\/10\/image002.jpg\" \/>\n\t<meta property=\"og:image:width\" content=\"424\" \/>\n\t<meta property=\"og:image:height\" content=\"567\" \/>\n\t<meta property=\"og:image:type\" content=\"image\/jpeg\" \/>\n<meta name=\"author\" content=\"Roberto\" \/>\n<meta name=\"twitter:card\" content=\"summary_large_image\" \/>\n<meta name=\"twitter:label1\" content=\"Escrito por\" \/>\n\t<meta name=\"twitter:data1\" content=\"Roberto\" \/>\n\t<meta name=\"twitter:label2\" content=\"Est. tempo de leitura\" \/>\n\t<meta name=\"twitter:data2\" content=\"2 minutos\" \/>\n<script type=\"application\/ld+json\" class=\"yoast-schema-graph\">{\"@context\":\"https:\\\/\\\/schema.org\",\"@graph\":[{\"@type\":\"Article\",\"@id\":\"https:\\\/\\\/regiaonews.net.br\\\/2022\\\/2023\\\/10\\\/31\\\/tebe-apoia-acoes-de-estudantes-de-psicologia-da-unifafibe\\\/#article\",\"isPartOf\":{\"@id\":\"https:\\\/\\\/regiaonews.net.br\\\/2022\\\/2023\\\/10\\\/31\\\/tebe-apoia-acoes-de-estudantes-de-psicologia-da-unifafibe\\\/\"},\"author\":{\"name\":\"Roberto\",\"@id\":\"https:\\\/\\\/regiaonews.net.br\\\/2022\\\/#\\\/schema\\\/person\\\/2d205a608a5aa97ac279d7a5e6d89ad8\"},\"headline\":\"TEBE apoia a\u00e7\u00f5es de estudantes de Psicologia da UNIFAFIBE\",\"datePublished\":\"2023-11-01T00:10:24+00:00\",\"mainEntityOfPage\":{\"@id\":\"https:\\\/\\\/regiaonews.net.br\\\/2022\\\/2023\\\/10\\\/31\\\/tebe-apoia-acoes-de-estudantes-de-psicologia-da-unifafibe\\\/\"},\"wordCount\":233,\"commentCount\":0,\"publisher\":{\"@id\":\"https:\\\/\\\/regiaonews.net.br\\\/2022\\\/#organization\"},\"image\":{\"@id\":\"https:\\\/\\\/regiaonews.net.br\\\/2022\\\/2023\\\/10\\\/31\\\/tebe-apoia-acoes-de-estudantes-de-psicologia-da-unifafibe\\\/#primaryimage\"},\"thumbnailUrl\":\"https:\\\/\\\/regiaonews.net.br\\\/2022\\\/wp-content\\\/uploads\\\/2023\\\/10\\\/image002.jpg\",\"articleSection\":[\"Bebedouro\",\"Cidades\"],\"inLanguage\":\"pt-BR\",\"potentialAction\":[{\"@type\":\"CommentAction\",\"name\":\"Comment\",\"target\":[\"https:\\\/\\\/regiaonews.net.br\\\/2022\\\/2023\\\/10\\\/31\\\/tebe-apoia-acoes-de-estudantes-de-psicologia-da-unifafibe\\\/#respond\"]}]},{\"@type\":\"WebPage\",\"@id\":\"https:\\\/\\\/regiaonews.net.br\\\/2022\\\/2023\\\/10\\\/31\\\/tebe-apoia-acoes-de-estudantes-de-psicologia-da-unifafibe\\\/\",\"url\":\"https:\\\/\\\/regiaonews.net.br\\\/2022\\\/2023\\\/10\\\/31\\\/tebe-apoia-acoes-de-estudantes-de-psicologia-da-unifafibe\\\/\",\"name\":\"TEBE apoia a\u00e7\u00f5es de estudantes de Psicologia da UNIFAFIBE\",\"isPartOf\":{\"@id\":\"https:\\\/\\\/regiaonews.net.br\\\/2022\\\/#website\"},\"primaryImageOfPage\":{\"@id\":\"https:\\\/\\\/regiaonews.net.br\\\/2022\\\/2023\\\/10\\\/31\\\/tebe-apoia-acoes-de-estudantes-de-psicologia-da-unifafibe\\\/#primaryimage\"},\"image\":{\"@id\":\"https:\\\/\\\/regiaonews.net.br\\\/2022\\\/2023\\\/10\\\/31\\\/tebe-apoia-acoes-de-estudantes-de-psicologia-da-unifafibe\\\/#primaryimage\"},\"thumbnailUrl\":\"https:\\\/\\\/regiaonews.net.br\\\/2022\\\/wp-content\\\/uploads\\\/2023\\\/10\\\/image002.jpg\",\"datePublished\":\"2023-11-01T00:10:24+00:00\",\"description\":\"No dia 27,\u00a0 a Concession\u00e1ria de Rodovias TEBE participou da a\u00e7\u00e3o desenvolvida pelas alunas do 5\u00ba ano do curso de Psicologia do\",\"breadcrumb\":{\"@id\":\"https:\\\/\\\/regiaonews.net.br\\\/2022\\\/2023\\\/10\\\/31\\\/tebe-apoia-acoes-de-estudantes-de-psicologia-da-unifafibe\\\/#breadcrumb\"},\"inLanguage\":\"pt-BR\",\"potentialAction\":[{\"@type\":\"ReadAction\",\"target\":[\"https:\\\/\\\/regiaonews.net.br\\\/2022\\\/2023\\\/10\\\/31\\\/tebe-apoia-acoes-de-estudantes-de-psicologia-da-unifafibe\\\/\"]}]},{\"@type\":\"ImageObject\",\"inLanguage\":\"pt-BR\",\"@id\":\"https:\\\/\\\/regiaonews.net.br\\\/2022\\\/2023\\\/10\\\/31\\\/tebe-apoia-acoes-de-estudantes-de-psicologia-da-unifafibe\\\/#primaryimage\",\"url\":\"https:\\\/\\\/regiaonews.net.br\\\/2022\\\/wp-content\\\/uploads\\\/2023\\\/10\\\/image002.jpg\",\"contentUrl\":\"https:\\\/\\\/regiaonews.net.br\\\/2022\\\/wp-content\\\/uploads\\\/2023\\\/10\\\/image002.jpg\",\"width\":424,\"height\":567},{\"@type\":\"BreadcrumbList\",\"@id\":\"https:\\\/\\\/regiaonews.net.br\\\/2022\\\/2023\\\/10\\\/31\\\/tebe-apoia-acoes-de-estudantes-de-psicologia-da-unifafibe\\\/#breadcrumb\",\"itemListElement\":[{\"@type\":\"ListItem\",\"position\":1,\"name\":\"In\u00edcio\",\"item\":\"https:\\\/\\\/regiaonews.net.br\\\/2022\\\/\"},{\"@type\":\"ListItem\",\"position\":2,\"name\":\"TEBE apoia a\u00e7\u00f5es de estudantes de Psicologia da UNIFAFIBE\"}]},{\"@type\":\"WebSite\",\"@id\":\"https:\\\/\\\/regiaonews.net.br\\\/2022\\\/#website\",\"url\":\"https:\\\/\\\/regiaonews.net.br\\\/2022\\\/\",\"name\":\"Regi\u00e3o News\",\"description\":\"Site de Not\u00edcias de Barretos e regi\u00e3o\",\"publisher\":{\"@id\":\"https:\\\/\\\/regiaonews.net.br\\\/2022\\\/#organization\"},\"potentialAction\":[{\"@type\":\"SearchAction\",\"target\":{\"@type\":\"EntryPoint\",\"urlTemplate\":\"https:\\\/\\\/regiaonews.net.br\\\/2022\\\/?s={search_term_string}\"},\"query-input\":{\"@type\":\"PropertyValueSpecification\",\"valueRequired\":true,\"valueName\":\"search_term_string\"}}],\"inLanguage\":\"pt-BR\"},{\"@type\":\"Organization\",\"@id\":\"https:\\\/\\\/regiaonews.net.br\\\/2022\\\/#organization\",\"name\":\"Regi\u00e3o News\",\"url\":\"https:\\\/\\\/regiaonews.net.br\\\/2022\\\/\",\"logo\":{\"@type\":\"ImageObject\",\"inLanguage\":\"pt-BR\",\"@id\":\"https:\\\/\\\/regiaonews.net.br\\\/2022\\\/#\\\/schema\\\/logo\\\/image\\\/\",\"url\":\"https:\\\/\\\/regiaonews.net.br\\\/2022\\\/wp-content\\\/uploads\\\/2026\\\/03\\\/regiao-13-anos-scaled.jpg\",\"contentUrl\":\"https:\\\/\\\/regiaonews.net.br\\\/2022\\\/wp-content\\\/uploads\\\/2026\\\/03\\\/regiao-13-anos-scaled.jpg\",\"width\":2560,\"height\":635,\"caption\":\"Regi\u00e3o News\"},\"image\":{\"@id\":\"https:\\\/\\\/regiaonews.net.br\\\/2022\\\/#\\\/schema\\\/logo\\\/image\\\/\"}},{\"@type\":\"Person\",\"@id\":\"https:\\\/\\\/regiaonews.net.br\\\/2022\\\/#\\\/schema\\\/person\\\/2d205a608a5aa97ac279d7a5e6d89ad8\",\"name\":\"Roberto\",\"image\":{\"@type\":\"ImageObject\",\"inLanguage\":\"pt-BR\",\"@id\":\"https:\\\/\\\/secure.gravatar.com\\\/avatar\\\/42749d8b712ff9d59ca93dc150494e5b55a44134482993f5baeb97e61b7ecc89?s=96&d=mm&r=g\",\"url\":\"https:\\\/\\\/secure.gravatar.com\\\/avatar\\\/42749d8b712ff9d59ca93dc150494e5b55a44134482993f5baeb97e61b7ecc89?s=96&d=mm&r=g\",\"contentUrl\":\"https:\\\/\\\/secure.gravatar.com\\\/avatar\\\/42749d8b712ff9d59ca93dc150494e5b55a44134482993f5baeb97e61b7ecc89?s=96&d=mm&r=g\",\"caption\":\"Roberto\"},\"url\":\"https:\\\/\\\/regiaonews.net.br\\\/2022\\\/author\\\/roberto\\\/\"}]}<\/script>\n<!-- \/ Yoast SEO plugin. -->","yoast_head_json":{"title":"TEBE apoia a\u00e7\u00f5es de estudantes de Psicologia da UNIFAFIBE","description":"No dia 27,\u00a0 a Concession\u00e1ria de Rodovias TEBE participou da a\u00e7\u00e3o desenvolvida pelas alunas do 5\u00ba ano do curso de Psicologia do","robots":{"index":"index","follow":"follow","max-snippet":"max-snippet:-1","max-image-preview":"max-image-preview:large","max-video-preview":"max-video-preview:-1"},"canonical":"https:\/\/regiaonews.net.br\/2022\/2023\/10\/31\/tebe-apoia-acoes-de-estudantes-de-psicologia-da-unifafibe\/","og_locale":"pt_BR","og_type":"article","og_title":"TEBE apoia a\u00e7\u00f5es de estudantes de Psicologia da UNIFAFIBE","og_description":"No dia 27,\u00a0 a Concession\u00e1ria de Rodovias TEBE participou da a\u00e7\u00e3o desenvolvida pelas alunas do 5\u00ba ano do curso de Psicologia do","og_url":"https:\/\/regiaonews.net.br\/2022\/2023\/10\/31\/tebe-apoia-acoes-de-estudantes-de-psicologia-da-unifafibe\/","og_site_name":"Regi\u00e3o News","article_published_time":"2023-11-01T00:10:24+00:00","og_image":[{"width":424,"height":567,"url":"https:\/\/regiaonews.net.br\/2022\/wp-content\/uploads\/2023\/10\/image002.jpg","type":"image\/jpeg"}],"author":"Roberto","twitter_card":"summary_large_image","twitter_misc":{"Escrito por":"Roberto","Est. tempo de leitura":"2 minutos"},"schema":{"@context":"https:\/\/schema.org","@graph":[{"@type":"Article","@id":"https:\/\/regiaonews.net.br\/2022\/2023\/10\/31\/tebe-apoia-acoes-de-estudantes-de-psicologia-da-unifafibe\/#article","isPartOf":{"@id":"https:\/\/regiaonews.net.br\/2022\/2023\/10\/31\/tebe-apoia-acoes-de-estudantes-de-psicologia-da-unifafibe\/"},"author":{"name":"Roberto","@id":"https:\/\/regiaonews.net.br\/2022\/#\/schema\/person\/2d205a608a5aa97ac279d7a5e6d89ad8"},"headline":"TEBE apoia a\u00e7\u00f5es de estudantes de Psicologia da UNIFAFIBE","datePublished":"2023-11-01T00:10:24+00:00","mainEntityOfPage":{"@id":"https:\/\/regiaonews.net.br\/2022\/2023\/10\/31\/tebe-apoia-acoes-de-estudantes-de-psicologia-da-unifafibe\/"},"wordCount":233,"commentCount":0,"publisher":{"@id":"https:\/\/regiaonews.net.br\/2022\/#organization"},"image":{"@id":"https:\/\/regiaonews.net.br\/2022\/2023\/10\/31\/tebe-apoia-acoes-de-estudantes-de-psicologia-da-unifafibe\/#primaryimage"},"thumbnailUrl":"https:\/\/regiaonews.net.br\/2022\/wp-content\/uploads\/2023\/10\/image002.jpg","articleSection":["Bebedouro","Cidades"],"inLanguage":"pt-BR","potentialAction":[{"@type":"CommentAction","name":"Comment","target":["https:\/\/regiaonews.net.br\/2022\/2023\/10\/31\/tebe-apoia-acoes-de-estudantes-de-psicologia-da-unifafibe\/#respond"]}]},{"@type":"WebPage","@id":"https:\/\/regiaonews.net.br\/2022\/2023\/10\/31\/tebe-apoia-acoes-de-estudantes-de-psicologia-da-unifafibe\/","url":"https:\/\/regiaonews.net.br\/2022\/2023\/10\/31\/tebe-apoia-acoes-de-estudantes-de-psicologia-da-unifafibe\/","name":"TEBE apoia a\u00e7\u00f5es de estudantes de Psicologia da UNIFAFIBE","isPartOf":{"@id":"https:\/\/regiaonews.net.br\/2022\/#website"},"primaryImageOfPage":{"@id":"https:\/\/regiaonews.net.br\/2022\/2023\/10\/31\/tebe-apoia-acoes-de-estudantes-de-psicologia-da-unifafibe\/#primaryimage"},"image":{"@id":"https:\/\/regiaonews.net.br\/2022\/2023\/10\/31\/tebe-apoia-acoes-de-estudantes-de-psicologia-da-unifafibe\/#primaryimage"},"thumbnailUrl":"https:\/\/regiaonews.net.br\/2022\/wp-content\/uploads\/2023\/10\/image002.jpg","datePublished":"2023-11-01T00:10:24+00:00","description":"No dia 27,\u00a0 a Concession\u00e1ria de Rodovias TEBE participou da a\u00e7\u00e3o desenvolvida pelas alunas do 5\u00ba ano do curso de Psicologia do","breadcrumb":{"@id":"https:\/\/regiaonews.net.br\/2022\/2023\/10\/31\/tebe-apoia-acoes-de-estudantes-de-psicologia-da-unifafibe\/#breadcrumb"},"inLanguage":"pt-BR","potentialAction":[{"@type":"ReadAction","target":["https:\/\/regiaonews.net.br\/2022\/2023\/10\/31\/tebe-apoia-acoes-de-estudantes-de-psicologia-da-unifafibe\/"]}]},{"@type":"ImageObject","inLanguage":"pt-BR","@id":"https:\/\/regiaonews.net.br\/2022\/2023\/10\/31\/tebe-apoia-acoes-de-estudantes-de-psicologia-da-unifafibe\/#primaryimage","url":"https:\/\/regiaonews.net.br\/2022\/wp-content\/uploads\/2023\/10\/image002.jpg","contentUrl":"https:\/\/regiaonews.net.br\/2022\/wp-content\/uploads\/2023\/10\/image002.jpg","width":424,"height":567},{"@type":"BreadcrumbList","@id":"https:\/\/regiaonews.net.br\/2022\/2023\/10\/31\/tebe-apoia-acoes-de-estudantes-de-psicologia-da-unifafibe\/#breadcrumb","itemListElement":[{"@type":"ListItem","position":1,"name":"In\u00edcio","item":"https:\/\/regiaonews.net.br\/2022\/"},{"@type":"ListItem","position":2,"name":"TEBE apoia a\u00e7\u00f5es de estudantes de Psicologia da UNIFAFIBE"}]},{"@type":"WebSite","@id":"https:\/\/regiaonews.net.br\/2022\/#website","url":"https:\/\/regiaonews.net.br\/2022\/","name":"Regi\u00e3o News","description":"Site de Not\u00edcias de Barretos e regi\u00e3o","publisher":{"@id":"https:\/\/regiaonews.net.br\/2022\/#organization"},"potentialAction":[{"@type":"SearchAction","target":{"@type":"EntryPoint","urlTemplate":"https:\/\/regiaonews.net.br\/2022\/?s={search_term_string}"},"query-input":{"@type":"PropertyValueSpecification","valueRequired":true,"valueName":"search_term_string"}}],"inLanguage":"pt-BR"},{"@type":"Organization","@id":"https:\/\/regiaonews.net.br\/2022\/#organization","name":"Regi\u00e3o News","url":"https:\/\/regiaonews.net.br\/2022\/","logo":{"@type":"ImageObject","inLanguage":"pt-BR","@id":"https:\/\/regiaonews.net.br\/2022\/#\/schema\/logo\/image\/","url":"https:\/\/regiaonews.net.br\/2022\/wp-content\/uploads\/2026\/03\/regiao-13-anos-scaled.jpg","contentUrl":"https:\/\/regiaonews.net.br\/2022\/wp-content\/uploads\/2026\/03\/regiao-13-anos-scaled.jpg","width":2560,"height":635,"caption":"Regi\u00e3o News"},"image":{"@id":"https:\/\/regiaonews.net.br\/2022\/#\/schema\/logo\/image\/"}},{"@type":"Person","@id":"https:\/\/regiaonews.net.br\/2022\/#\/schema\/person\/2d205a608a5aa97ac279d7a5e6d89ad8","name":"Roberto","image":{"@type":"ImageObject","inLanguage":"pt-BR","@id":"https:\/\/secure.gravatar.com\/avatar\/42749d8b712ff9d59ca93dc150494e5b55a44134482993f5baeb97e61b7ecc89?s=96&d=mm&r=g","url":"https:\/\/secure.gravatar.com\/avatar\/42749d8b712ff9d59ca93dc150494e5b55a44134482993f5baeb97e61b7ecc89?s=96&d=mm&r=g","contentUrl":"https:\/\/secure.gravatar.com\/avatar\/42749d8b712ff9d59ca93dc150494e5b55a44134482993f5baeb97e61b7ecc89?s=96&d=mm&r=g","caption":"Roberto"},"url":"https:\/\/regiaonews.net.br\/2022\/author\/roberto\/"}]}},"publishpress_future_action":{"enabled":false,"date":"2026-05-04 19:13:52","action":"change-status","newStatus":"draft","terms":[],"taxonomy":"category","extraData":[]},"publishpress_future_workflow_manual_trigger":{"enabledWorkflows":[]},"_links":{"self":[{"href":"https:\/\/regiaonews.net.br\/2022\/wp-json\/wp\/v2\/posts\/97247","targetHints":{"allow":["GET"]}}],"collection":[{"href":"https:\/\/regiaonews.net.br\/2022\/wp-json\/wp\/v2\/posts"}],"about":[{"href":"https:\/\/regiaonews.net.br\/2022\/wp-json\/wp\/v2\/types\/post"}],"author":[{"embeddable":true,"href":"https:\/\/regiaonews.net.br\/2022\/wp-json\/wp\/v2\/users\/2"}],"replies":[{"embeddable":true,"href":"https:\/\/regiaonews.net.br\/2022\/wp-json\/wp\/v2\/comments?post=97247"}],"version-history":[{"count":1,"href":"https:\/\/regiaonews.net.br\/2022\/wp-json\/wp\/v2\/posts\/97247\/revisions"}],"predecessor-version":[{"id":97250,"href":"https:\/\/regiaonews.net.br\/2022\/wp-json\/wp\/v2\/posts\/97247\/revisions\/97250"}],"wp:featuredmedia":[{"embeddable":true,"href":"https:\/\/regiaonews.net.br\/2022\/wp-json\/wp\/v2\/media\/97249"}],"wp:attachment":[{"href":"https:\/\/regiaonews.net.br\/2022\/wp-json\/wp\/v2\/media?parent=97247"}],"wp:term":[{"taxonomy":"category","embeddable":true,"href":"https:\/\/regiaonews.net.br\/2022\/wp-json\/wp\/v2\/categories?post=97247"},{"taxonomy":"post_tag","embeddable":true,"href":"https:\/\/regiaonews.net.br\/2022\/wp-json\/wp\/v2\/tags?post=97247"}],"curies":[{"name":"wp","href":"https:\/\/api.w.org\/{rel}","templated":true}]}}