{"id":97243,"date":"2023-10-31T19:48:04","date_gmt":"2023-10-31T22:48:04","guid":{"rendered":"https:\/\/regiaonews.net.br\/2022\/?p=97243"},"modified":"2023-10-31T19:48:04","modified_gmt":"2023-10-31T22:48:04","slug":"mais-que-um-evento-de-palestras-the-turning-point-sera-um-espaco-para-networking","status":"publish","type":"post","link":"https:\/\/regiaonews.net.br\/2022\/2023\/10\/31\/mais-que-um-evento-de-palestras-the-turning-point-sera-um-espaco-para-networking\/","title":{"rendered":"Mais que um evento de palestras The Turning Point ser\u00e1 um espa\u00e7o para networking"},"content":{"rendered":"<div>\n<div><\/div>\n<\/div>\n<div><\/div>\n<table role=\"presentation\" border=\"0\" width=\"100%\" cellspacing=\"0\" cellpadding=\"0\">\n<tbody>\n<tr>\n<td align=\"left\">\n<div>\n<div><\/div>\n<\/div>\n<\/td>\n<\/tr>\n<tr>\n<td align=\"left\">\n<div>\n<p>Grupo C4 anuncia uma \u00e1rea para que empres\u00e1rios que forem ao Parque do Pe\u00e3o no dia 10 de novembro possam trocar experi\u00eancia e fazer novos neg\u00f3cios<\/p>\n<\/div>\n<\/td>\n<\/tr>\n<tr>\n<td align=\"left\">\n<div>\n<p>Com as palestras de dois dos maiores l\u00edderes empresariais da atualidade, Caio Carneiro e Geraldo Rufino, especialistas em falar de vendas e neg\u00f3cios, a segunda edi\u00e7\u00e3o do The Turning Point, realizada pelo Grupo C4 Eventos, que acontece no pr\u00f3ximo dia 10, no Espa\u00e7o Berrant\u00e3o, no Parque do Pe\u00e3o, \u00e0 partir das 19h, vai contar um espa\u00e7o f\u00edsico montado para a realiza\u00e7\u00e3o de networking, ou seja, para que empres\u00e1rios, vendedores, participantes do evento, possam de conhecer, trocar conhecimento e iniciar novos neg\u00f3cios.<\/p>\n<p>A \u00e1rea de networking estar\u00e1 a disposi\u00e7\u00e3o no espa\u00e7o elevado do Berrant\u00e3o, onde tradicionalmente alguns eventos montam seus camarotes, \u00e0 esquerda de quem olha para o palco. Ser\u00e3o disponibilizados m\u00f3veis como mesas, cadeiras, sof\u00e1s e bistr\u00f4s para que os participantes se re\u00fanam e troquem cart\u00f5es e experi\u00eancias.<\/p>\n<p><a href=\"https:\/\/regiaonews.net.br\/2022\/wp-content\/uploads\/2023\/10\/b201777f-76b5-4e72-bee1-f167ceedc524.jpg\"><img loading=\"lazy\" decoding=\"async\" class=\"alignnone size-medium wp-image-97244\" src=\"https:\/\/regiaonews.net.br\/2022\/wp-content\/uploads\/2023\/10\/b201777f-76b5-4e72-bee1-f167ceedc524-200x300.jpg\" alt=\"\" width=\"200\" height=\"300\" srcset=\"https:\/\/regiaonews.net.br\/2022\/wp-content\/uploads\/2023\/10\/b201777f-76b5-4e72-bee1-f167ceedc524-200x300.jpg 200w, https:\/\/regiaonews.net.br\/2022\/wp-content\/uploads\/2023\/10\/b201777f-76b5-4e72-bee1-f167ceedc524-250x375.jpg 250w, https:\/\/regiaonews.net.br\/2022\/wp-content\/uploads\/2023\/10\/b201777f-76b5-4e72-bee1-f167ceedc524.jpg 683w\" sizes=\"auto, (max-width: 200px) 100vw, 200px\" \/><\/a><\/p>\n<p>Um dos integrantes do Grupo C4, o engenheiro Carlos Santos do Nascimento, contou que a ideia de oferecer um ambiente al\u00e9m do conforto do audit\u00f3rio que ser\u00e1 montado para as palestras, provavelmente passar\u00e1 a ser uma pr\u00e1tica nos eventos do grupo. \u201cSomos oito empres\u00e1rios investindo em eventos que tem a finalidade de serem marcos na vida de quem os frequenta, bem ao estilo do nome The Turning Point, ou seja, o ponto de virada. Portanto, oferecer um ambiente prop\u00edcio a neg\u00f3cios, conhecimento e at\u00e9 a oportunidade de recoloca\u00e7\u00e3o no mercado de trabalho, uma vez que reunimos empres\u00e1rios, funcion\u00e1rios de empresas e pessoas que buscam conhecimento\u201d, diz ele.<\/p>\n<p>Os ingressos para o evento podem ser adquiridos exclusivamente pelo site\u00a0<a title=\"Protegido pelo Outlook: http:\/\/www.grupoc4eventos.com.br\/. Clique ou toque para seguir o link.\" href=\"https:\/\/na01.safelinks.protection.outlook.com\/?url=http%3A%2F%2Fwww.grupoc4eventos.com.br%2F&amp;data=05%7C01%7C%7C7876777e84b64304859508dbda4eb634%7C84df9e7fe9f640afb435aaaaaaaaaaaa%7C1%7C0%7C638343803835232700%7CUnknown%7CTWFpbGZsb3d8eyJWIjoiMC4wLjAwMDAiLCJQIjoiV2luMzIiLCJBTiI6Ik1haWwiLCJXVCI6Mn0%3D%7C3000%7C%7C%7C&amp;sdata=lk64o80rh%2Fy6Lfwp%2B4nUGmTPlfZhqrmW%2Bo%2F6xWDhFpQ%3D&amp;reserved=0\" target=\"_blank\" rel=\"noopener noreferrer\" data-auth=\"Verified\" data-linkindex=\"0\">www.grupoc4eventos.com.br<\/a>. Na hora da compra, o interessado escolhe um dos tr\u00eas setores distintos na plateia, que s\u00e3o separados por um sistema de identifica\u00e7\u00e3o e com acessos exclusivos. Todos os setores ter\u00e3o direito ao ingresso no Espa\u00e7o Network.<\/p>\n<p><strong>Grupo C4<\/strong><\/p>\n<p>O Grupo C4 Eventos \u00e9 formado por quatro casais de empres\u00e1rios, de diferentes ramos de atua\u00e7\u00e3o, que encontraram em comum a vontade de compartilhar conhecimento, inspirar as pessoas \u00e0 alta performance, buscando oferecer para a regi\u00e3o de Barretos eventos de motiva\u00e7\u00e3o e empreendedorismo. Alex Khatib, Marilene Ferreira, Carlos Santos, Jaqueline Magalh\u00e3es Nascimento, Fabio Gon\u00e7alves Machado, Paula Louzada, Nikollas Belmiro Ferreira e Aline Vieira Belmiro, juntos eles formam o time de investidores na marca Grupo C4 Eventos.<\/p>\n<\/div>\n<\/td>\n<\/tr>\n<\/tbody>\n<\/table>\n","protected":false},"excerpt":{"rendered":"<p>Grupo C4 anuncia uma \u00e1rea para que empres\u00e1rios que forem<\/p>\n","protected":false},"author":2,"featured_media":97245,"comment_status":"open","ping_status":"open","sticky":false,"template":"","format":"standard","meta":{"footnotes":""},"categories":[14,25],"tags":[],"class_list":["post-97243","post","type-post","status-publish","format-standard","has-post-thumbnail","hentry","category-barretos","category-cidades"],"yoast_head":"<!-- This site is optimized with the Yoast SEO plugin v27.4 - https:\/\/yoast.com\/product\/yoast-seo-wordpress\/ -->\n<title>Mais que um evento de palestras The Turning Point ser\u00e1 um espa\u00e7o para networking - Regi\u00e3o News<\/title>\n<meta name=\"robots\" content=\"index, follow, max-snippet:-1, max-image-preview:large, max-video-preview:-1\" \/>\n<link rel=\"canonical\" href=\"https:\/\/regiaonews.net.br\/2022\/2023\/10\/31\/mais-que-um-evento-de-palestras-the-turning-point-sera-um-espaco-para-networking\/\" \/>\n<meta property=\"og:locale\" content=\"pt_BR\" \/>\n<meta property=\"og:type\" content=\"article\" \/>\n<meta property=\"og:title\" content=\"Mais que um evento de palestras The Turning Point ser\u00e1 um espa\u00e7o para networking - Regi\u00e3o News\" \/>\n<meta property=\"og:description\" content=\"Grupo C4 anuncia uma \u00e1rea para que empres\u00e1rios que forem\" \/>\n<meta property=\"og:url\" content=\"https:\/\/regiaonews.net.br\/2022\/2023\/10\/31\/mais-que-um-evento-de-palestras-the-turning-point-sera-um-espaco-para-networking\/\" \/>\n<meta property=\"og:site_name\" content=\"Regi\u00e3o News\" \/>\n<meta property=\"article:published_time\" content=\"2023-10-31T22:48:04+00:00\" \/>\n<meta property=\"og:image\" content=\"https:\/\/regiaonews.net.br\/2022\/wp-content\/uploads\/2023\/10\/e1437672-e623-4835-98ee-9160a64c3ba6-1.jpeg\" \/>\n\t<meta property=\"og:image:width\" content=\"1280\" \/>\n\t<meta property=\"og:image:height\" content=\"1280\" \/>\n\t<meta property=\"og:image:type\" content=\"image\/jpeg\" \/>\n<meta name=\"author\" content=\"Roberto\" \/>\n<meta name=\"twitter:card\" content=\"summary_large_image\" \/>\n<meta name=\"twitter:label1\" content=\"Escrito por\" \/>\n\t<meta name=\"twitter:data1\" content=\"Roberto\" \/>\n\t<meta name=\"twitter:label2\" content=\"Est. tempo de leitura\" \/>\n\t<meta name=\"twitter:data2\" content=\"3 minutos\" \/>\n<script type=\"application\/ld+json\" class=\"yoast-schema-graph\">{\"@context\":\"https:\\\/\\\/schema.org\",\"@graph\":[{\"@type\":\"Article\",\"@id\":\"https:\\\/\\\/regiaonews.net.br\\\/2022\\\/2023\\\/10\\\/31\\\/mais-que-um-evento-de-palestras-the-turning-point-sera-um-espaco-para-networking\\\/#article\",\"isPartOf\":{\"@id\":\"https:\\\/\\\/regiaonews.net.br\\\/2022\\\/2023\\\/10\\\/31\\\/mais-que-um-evento-de-palestras-the-turning-point-sera-um-espaco-para-networking\\\/\"},\"author\":{\"name\":\"Roberto\",\"@id\":\"https:\\\/\\\/regiaonews.net.br\\\/2022\\\/#\\\/schema\\\/person\\\/2d205a608a5aa97ac279d7a5e6d89ad8\"},\"headline\":\"Mais que um evento de palestras The Turning Point ser\u00e1 um espa\u00e7o para networking\",\"datePublished\":\"2023-10-31T22:48:04+00:00\",\"mainEntityOfPage\":{\"@id\":\"https:\\\/\\\/regiaonews.net.br\\\/2022\\\/2023\\\/10\\\/31\\\/mais-que-um-evento-de-palestras-the-turning-point-sera-um-espaco-para-networking\\\/\"},\"wordCount\":446,\"commentCount\":0,\"publisher\":{\"@id\":\"https:\\\/\\\/regiaonews.net.br\\\/2022\\\/#organization\"},\"image\":{\"@id\":\"https:\\\/\\\/regiaonews.net.br\\\/2022\\\/2023\\\/10\\\/31\\\/mais-que-um-evento-de-palestras-the-turning-point-sera-um-espaco-para-networking\\\/#primaryimage\"},\"thumbnailUrl\":\"https:\\\/\\\/regiaonews.net.br\\\/2022\\\/wp-content\\\/uploads\\\/2023\\\/10\\\/e1437672-e623-4835-98ee-9160a64c3ba6-1.jpeg\",\"articleSection\":[\"Barretos\",\"Cidades\"],\"inLanguage\":\"pt-BR\",\"potentialAction\":[{\"@type\":\"CommentAction\",\"name\":\"Comment\",\"target\":[\"https:\\\/\\\/regiaonews.net.br\\\/2022\\\/2023\\\/10\\\/31\\\/mais-que-um-evento-de-palestras-the-turning-point-sera-um-espaco-para-networking\\\/#respond\"]}]},{\"@type\":\"WebPage\",\"@id\":\"https:\\\/\\\/regiaonews.net.br\\\/2022\\\/2023\\\/10\\\/31\\\/mais-que-um-evento-de-palestras-the-turning-point-sera-um-espaco-para-networking\\\/\",\"url\":\"https:\\\/\\\/regiaonews.net.br\\\/2022\\\/2023\\\/10\\\/31\\\/mais-que-um-evento-de-palestras-the-turning-point-sera-um-espaco-para-networking\\\/\",\"name\":\"Mais que um evento de palestras The Turning Point ser\u00e1 um espa\u00e7o para networking - Regi\u00e3o News\",\"isPartOf\":{\"@id\":\"https:\\\/\\\/regiaonews.net.br\\\/2022\\\/#website\"},\"primaryImageOfPage\":{\"@id\":\"https:\\\/\\\/regiaonews.net.br\\\/2022\\\/2023\\\/10\\\/31\\\/mais-que-um-evento-de-palestras-the-turning-point-sera-um-espaco-para-networking\\\/#primaryimage\"},\"image\":{\"@id\":\"https:\\\/\\\/regiaonews.net.br\\\/2022\\\/2023\\\/10\\\/31\\\/mais-que-um-evento-de-palestras-the-turning-point-sera-um-espaco-para-networking\\\/#primaryimage\"},\"thumbnailUrl\":\"https:\\\/\\\/regiaonews.net.br\\\/2022\\\/wp-content\\\/uploads\\\/2023\\\/10\\\/e1437672-e623-4835-98ee-9160a64c3ba6-1.jpeg\",\"datePublished\":\"2023-10-31T22:48:04+00:00\",\"breadcrumb\":{\"@id\":\"https:\\\/\\\/regiaonews.net.br\\\/2022\\\/2023\\\/10\\\/31\\\/mais-que-um-evento-de-palestras-the-turning-point-sera-um-espaco-para-networking\\\/#breadcrumb\"},\"inLanguage\":\"pt-BR\",\"potentialAction\":[{\"@type\":\"ReadAction\",\"target\":[\"https:\\\/\\\/regiaonews.net.br\\\/2022\\\/2023\\\/10\\\/31\\\/mais-que-um-evento-de-palestras-the-turning-point-sera-um-espaco-para-networking\\\/\"]}]},{\"@type\":\"ImageObject\",\"inLanguage\":\"pt-BR\",\"@id\":\"https:\\\/\\\/regiaonews.net.br\\\/2022\\\/2023\\\/10\\\/31\\\/mais-que-um-evento-de-palestras-the-turning-point-sera-um-espaco-para-networking\\\/#primaryimage\",\"url\":\"https:\\\/\\\/regiaonews.net.br\\\/2022\\\/wp-content\\\/uploads\\\/2023\\\/10\\\/e1437672-e623-4835-98ee-9160a64c3ba6-1.jpeg\",\"contentUrl\":\"https:\\\/\\\/regiaonews.net.br\\\/2022\\\/wp-content\\\/uploads\\\/2023\\\/10\\\/e1437672-e623-4835-98ee-9160a64c3ba6-1.jpeg\",\"width\":1280,\"height\":1280},{\"@type\":\"BreadcrumbList\",\"@id\":\"https:\\\/\\\/regiaonews.net.br\\\/2022\\\/2023\\\/10\\\/31\\\/mais-que-um-evento-de-palestras-the-turning-point-sera-um-espaco-para-networking\\\/#breadcrumb\",\"itemListElement\":[{\"@type\":\"ListItem\",\"position\":1,\"name\":\"In\u00edcio\",\"item\":\"https:\\\/\\\/regiaonews.net.br\\\/2022\\\/\"},{\"@type\":\"ListItem\",\"position\":2,\"name\":\"Mais que um evento de palestras The Turning Point ser\u00e1 um espa\u00e7o para networking\"}]},{\"@type\":\"WebSite\",\"@id\":\"https:\\\/\\\/regiaonews.net.br\\\/2022\\\/#website\",\"url\":\"https:\\\/\\\/regiaonews.net.br\\\/2022\\\/\",\"name\":\"Regi\u00e3o News\",\"description\":\"Site de Not\u00edcias de Barretos e regi\u00e3o\",\"publisher\":{\"@id\":\"https:\\\/\\\/regiaonews.net.br\\\/2022\\\/#organization\"},\"potentialAction\":[{\"@type\":\"SearchAction\",\"target\":{\"@type\":\"EntryPoint\",\"urlTemplate\":\"https:\\\/\\\/regiaonews.net.br\\\/2022\\\/?s={search_term_string}\"},\"query-input\":{\"@type\":\"PropertyValueSpecification\",\"valueRequired\":true,\"valueName\":\"search_term_string\"}}],\"inLanguage\":\"pt-BR\"},{\"@type\":\"Organization\",\"@id\":\"https:\\\/\\\/regiaonews.net.br\\\/2022\\\/#organization\",\"name\":\"Regi\u00e3o News\",\"url\":\"https:\\\/\\\/regiaonews.net.br\\\/2022\\\/\",\"logo\":{\"@type\":\"ImageObject\",\"inLanguage\":\"pt-BR\",\"@id\":\"https:\\\/\\\/regiaonews.net.br\\\/2022\\\/#\\\/schema\\\/logo\\\/image\\\/\",\"url\":\"https:\\\/\\\/regiaonews.net.br\\\/2022\\\/wp-content\\\/uploads\\\/2026\\\/03\\\/regiao-13-anos-scaled.jpg\",\"contentUrl\":\"https:\\\/\\\/regiaonews.net.br\\\/2022\\\/wp-content\\\/uploads\\\/2026\\\/03\\\/regiao-13-anos-scaled.jpg\",\"width\":2560,\"height\":635,\"caption\":\"Regi\u00e3o News\"},\"image\":{\"@id\":\"https:\\\/\\\/regiaonews.net.br\\\/2022\\\/#\\\/schema\\\/logo\\\/image\\\/\"}},{\"@type\":\"Person\",\"@id\":\"https:\\\/\\\/regiaonews.net.br\\\/2022\\\/#\\\/schema\\\/person\\\/2d205a608a5aa97ac279d7a5e6d89ad8\",\"name\":\"Roberto\",\"image\":{\"@type\":\"ImageObject\",\"inLanguage\":\"pt-BR\",\"@id\":\"https:\\\/\\\/secure.gravatar.com\\\/avatar\\\/42749d8b712ff9d59ca93dc150494e5b55a44134482993f5baeb97e61b7ecc89?s=96&d=mm&r=g\",\"url\":\"https:\\\/\\\/secure.gravatar.com\\\/avatar\\\/42749d8b712ff9d59ca93dc150494e5b55a44134482993f5baeb97e61b7ecc89?s=96&d=mm&r=g\",\"contentUrl\":\"https:\\\/\\\/secure.gravatar.com\\\/avatar\\\/42749d8b712ff9d59ca93dc150494e5b55a44134482993f5baeb97e61b7ecc89?s=96&d=mm&r=g\",\"caption\":\"Roberto\"},\"url\":\"https:\\\/\\\/regiaonews.net.br\\\/2022\\\/author\\\/roberto\\\/\"}]}<\/script>\n<!-- \/ Yoast SEO plugin. -->","yoast_head_json":{"title":"Mais que um evento de palestras The Turning Point ser\u00e1 um espa\u00e7o para networking - Regi\u00e3o News","robots":{"index":"index","follow":"follow","max-snippet":"max-snippet:-1","max-image-preview":"max-image-preview:large","max-video-preview":"max-video-preview:-1"},"canonical":"https:\/\/regiaonews.net.br\/2022\/2023\/10\/31\/mais-que-um-evento-de-palestras-the-turning-point-sera-um-espaco-para-networking\/","og_locale":"pt_BR","og_type":"article","og_title":"Mais que um evento de palestras The Turning Point ser\u00e1 um espa\u00e7o para networking - Regi\u00e3o News","og_description":"Grupo C4 anuncia uma \u00e1rea para que empres\u00e1rios que forem","og_url":"https:\/\/regiaonews.net.br\/2022\/2023\/10\/31\/mais-que-um-evento-de-palestras-the-turning-point-sera-um-espaco-para-networking\/","og_site_name":"Regi\u00e3o News","article_published_time":"2023-10-31T22:48:04+00:00","og_image":[{"width":1280,"height":1280,"url":"https:\/\/regiaonews.net.br\/2022\/wp-content\/uploads\/2023\/10\/e1437672-e623-4835-98ee-9160a64c3ba6-1.jpeg","type":"image\/jpeg"}],"author":"Roberto","twitter_card":"summary_large_image","twitter_misc":{"Escrito por":"Roberto","Est. tempo de leitura":"3 minutos"},"schema":{"@context":"https:\/\/schema.org","@graph":[{"@type":"Article","@id":"https:\/\/regiaonews.net.br\/2022\/2023\/10\/31\/mais-que-um-evento-de-palestras-the-turning-point-sera-um-espaco-para-networking\/#article","isPartOf":{"@id":"https:\/\/regiaonews.net.br\/2022\/2023\/10\/31\/mais-que-um-evento-de-palestras-the-turning-point-sera-um-espaco-para-networking\/"},"author":{"name":"Roberto","@id":"https:\/\/regiaonews.net.br\/2022\/#\/schema\/person\/2d205a608a5aa97ac279d7a5e6d89ad8"},"headline":"Mais que um evento de palestras The Turning Point ser\u00e1 um espa\u00e7o para networking","datePublished":"2023-10-31T22:48:04+00:00","mainEntityOfPage":{"@id":"https:\/\/regiaonews.net.br\/2022\/2023\/10\/31\/mais-que-um-evento-de-palestras-the-turning-point-sera-um-espaco-para-networking\/"},"wordCount":446,"commentCount":0,"publisher":{"@id":"https:\/\/regiaonews.net.br\/2022\/#organization"},"image":{"@id":"https:\/\/regiaonews.net.br\/2022\/2023\/10\/31\/mais-que-um-evento-de-palestras-the-turning-point-sera-um-espaco-para-networking\/#primaryimage"},"thumbnailUrl":"https:\/\/regiaonews.net.br\/2022\/wp-content\/uploads\/2023\/10\/e1437672-e623-4835-98ee-9160a64c3ba6-1.jpeg","articleSection":["Barretos","Cidades"],"inLanguage":"pt-BR","potentialAction":[{"@type":"CommentAction","name":"Comment","target":["https:\/\/regiaonews.net.br\/2022\/2023\/10\/31\/mais-que-um-evento-de-palestras-the-turning-point-sera-um-espaco-para-networking\/#respond"]}]},{"@type":"WebPage","@id":"https:\/\/regiaonews.net.br\/2022\/2023\/10\/31\/mais-que-um-evento-de-palestras-the-turning-point-sera-um-espaco-para-networking\/","url":"https:\/\/regiaonews.net.br\/2022\/2023\/10\/31\/mais-que-um-evento-de-palestras-the-turning-point-sera-um-espaco-para-networking\/","name":"Mais que um evento de palestras The Turning Point ser\u00e1 um espa\u00e7o para networking - Regi\u00e3o News","isPartOf":{"@id":"https:\/\/regiaonews.net.br\/2022\/#website"},"primaryImageOfPage":{"@id":"https:\/\/regiaonews.net.br\/2022\/2023\/10\/31\/mais-que-um-evento-de-palestras-the-turning-point-sera-um-espaco-para-networking\/#primaryimage"},"image":{"@id":"https:\/\/regiaonews.net.br\/2022\/2023\/10\/31\/mais-que-um-evento-de-palestras-the-turning-point-sera-um-espaco-para-networking\/#primaryimage"},"thumbnailUrl":"https:\/\/regiaonews.net.br\/2022\/wp-content\/uploads\/2023\/10\/e1437672-e623-4835-98ee-9160a64c3ba6-1.jpeg","datePublished":"2023-10-31T22:48:04+00:00","breadcrumb":{"@id":"https:\/\/regiaonews.net.br\/2022\/2023\/10\/31\/mais-que-um-evento-de-palestras-the-turning-point-sera-um-espaco-para-networking\/#breadcrumb"},"inLanguage":"pt-BR","potentialAction":[{"@type":"ReadAction","target":["https:\/\/regiaonews.net.br\/2022\/2023\/10\/31\/mais-que-um-evento-de-palestras-the-turning-point-sera-um-espaco-para-networking\/"]}]},{"@type":"ImageObject","inLanguage":"pt-BR","@id":"https:\/\/regiaonews.net.br\/2022\/2023\/10\/31\/mais-que-um-evento-de-palestras-the-turning-point-sera-um-espaco-para-networking\/#primaryimage","url":"https:\/\/regiaonews.net.br\/2022\/wp-content\/uploads\/2023\/10\/e1437672-e623-4835-98ee-9160a64c3ba6-1.jpeg","contentUrl":"https:\/\/regiaonews.net.br\/2022\/wp-content\/uploads\/2023\/10\/e1437672-e623-4835-98ee-9160a64c3ba6-1.jpeg","width":1280,"height":1280},{"@type":"BreadcrumbList","@id":"https:\/\/regiaonews.net.br\/2022\/2023\/10\/31\/mais-que-um-evento-de-palestras-the-turning-point-sera-um-espaco-para-networking\/#breadcrumb","itemListElement":[{"@type":"ListItem","position":1,"name":"In\u00edcio","item":"https:\/\/regiaonews.net.br\/2022\/"},{"@type":"ListItem","position":2,"name":"Mais que um evento de palestras The Turning Point ser\u00e1 um espa\u00e7o para networking"}]},{"@type":"WebSite","@id":"https:\/\/regiaonews.net.br\/2022\/#website","url":"https:\/\/regiaonews.net.br\/2022\/","name":"Regi\u00e3o News","description":"Site de Not\u00edcias de Barretos e regi\u00e3o","publisher":{"@id":"https:\/\/regiaonews.net.br\/2022\/#organization"},"potentialAction":[{"@type":"SearchAction","target":{"@type":"EntryPoint","urlTemplate":"https:\/\/regiaonews.net.br\/2022\/?s={search_term_string}"},"query-input":{"@type":"PropertyValueSpecification","valueRequired":true,"valueName":"search_term_string"}}],"inLanguage":"pt-BR"},{"@type":"Organization","@id":"https:\/\/regiaonews.net.br\/2022\/#organization","name":"Regi\u00e3o News","url":"https:\/\/regiaonews.net.br\/2022\/","logo":{"@type":"ImageObject","inLanguage":"pt-BR","@id":"https:\/\/regiaonews.net.br\/2022\/#\/schema\/logo\/image\/","url":"https:\/\/regiaonews.net.br\/2022\/wp-content\/uploads\/2026\/03\/regiao-13-anos-scaled.jpg","contentUrl":"https:\/\/regiaonews.net.br\/2022\/wp-content\/uploads\/2026\/03\/regiao-13-anos-scaled.jpg","width":2560,"height":635,"caption":"Regi\u00e3o News"},"image":{"@id":"https:\/\/regiaonews.net.br\/2022\/#\/schema\/logo\/image\/"}},{"@type":"Person","@id":"https:\/\/regiaonews.net.br\/2022\/#\/schema\/person\/2d205a608a5aa97ac279d7a5e6d89ad8","name":"Roberto","image":{"@type":"ImageObject","inLanguage":"pt-BR","@id":"https:\/\/secure.gravatar.com\/avatar\/42749d8b712ff9d59ca93dc150494e5b55a44134482993f5baeb97e61b7ecc89?s=96&d=mm&r=g","url":"https:\/\/secure.gravatar.com\/avatar\/42749d8b712ff9d59ca93dc150494e5b55a44134482993f5baeb97e61b7ecc89?s=96&d=mm&r=g","contentUrl":"https:\/\/secure.gravatar.com\/avatar\/42749d8b712ff9d59ca93dc150494e5b55a44134482993f5baeb97e61b7ecc89?s=96&d=mm&r=g","caption":"Roberto"},"url":"https:\/\/regiaonews.net.br\/2022\/author\/roberto\/"}]}},"publishpress_future_action":{"enabled":false,"date":"2026-05-04 17:27:55","action":"change-status","newStatus":"draft","terms":[],"taxonomy":"category","extraData":[]},"publishpress_future_workflow_manual_trigger":{"enabledWorkflows":[]},"_links":{"self":[{"href":"https:\/\/regiaonews.net.br\/2022\/wp-json\/wp\/v2\/posts\/97243","targetHints":{"allow":["GET"]}}],"collection":[{"href":"https:\/\/regiaonews.net.br\/2022\/wp-json\/wp\/v2\/posts"}],"about":[{"href":"https:\/\/regiaonews.net.br\/2022\/wp-json\/wp\/v2\/types\/post"}],"author":[{"embeddable":true,"href":"https:\/\/regiaonews.net.br\/2022\/wp-json\/wp\/v2\/users\/2"}],"replies":[{"embeddable":true,"href":"https:\/\/regiaonews.net.br\/2022\/wp-json\/wp\/v2\/comments?post=97243"}],"version-history":[{"count":1,"href":"https:\/\/regiaonews.net.br\/2022\/wp-json\/wp\/v2\/posts\/97243\/revisions"}],"predecessor-version":[{"id":97246,"href":"https:\/\/regiaonews.net.br\/2022\/wp-json\/wp\/v2\/posts\/97243\/revisions\/97246"}],"wp:featuredmedia":[{"embeddable":true,"href":"https:\/\/regiaonews.net.br\/2022\/wp-json\/wp\/v2\/media\/97245"}],"wp:attachment":[{"href":"https:\/\/regiaonews.net.br\/2022\/wp-json\/wp\/v2\/media?parent=97243"}],"wp:term":[{"taxonomy":"category","embeddable":true,"href":"https:\/\/regiaonews.net.br\/2022\/wp-json\/wp\/v2\/categories?post=97243"},{"taxonomy":"post_tag","embeddable":true,"href":"https:\/\/regiaonews.net.br\/2022\/wp-json\/wp\/v2\/tags?post=97243"}],"curies":[{"name":"wp","href":"https:\/\/api.w.org\/{rel}","templated":true}]}}