{"id":97240,"date":"2023-10-31T19:13:39","date_gmt":"2023-10-31T22:13:39","guid":{"rendered":"https:\/\/regiaonews.net.br\/2022\/?p=97240"},"modified":"2023-10-31T19:13:39","modified_gmt":"2023-10-31T22:13:39","slug":"controle-de-vetores-alerta-para-cuidados-com-a-proliferacao-de-dengue-na-celebracao-de-finados","status":"publish","type":"post","link":"https:\/\/regiaonews.net.br\/2022\/2023\/10\/31\/controle-de-vetores-alerta-para-cuidados-com-a-proliferacao-de-dengue-na-celebracao-de-finados\/","title":{"rendered":"Controle de Vetores alerta para cuidados com a prolifera\u00e7\u00e3o de dengue na celebra\u00e7\u00e3o de Finados"},"content":{"rendered":"<p>&nbsp;<\/p>\n<p>Colabora\u00e7\u00e3o da popula\u00e7\u00e3o \u00e9 fundamental para evitar novos criadouros do Aedes aegypti, que se reproduz em \u00e1gua parada<\/p>\n<p>A equipe de Controle de Vetores, da Secretaria Municipal de Sa\u00fade, refor\u00e7a o pedido \u00e0 popula\u00e7\u00e3o barretense para que, ao visitar os cemit\u00e9rios no Dia de Finados, colabore com o combate ao Aedes aegypti, mosquito que transmite a dengue, chikungunya e zika, e que se reproduz em \u00e1gua parada.<\/p>\n<p>A coordenadora do setor, Cristiane Parreira Lima, orienta os mun\u00edcipes a retirarem embalagens pl\u00e1sticas quando forem deixar vasos com flores nos t\u00famulos e a se atentarem para colocar areia dentro do vaso ou utilizar os que t\u00eam furo embaixo.<br \/>\n\u201cSempre que realizamos visita em cemit\u00e9rio, \u00e9 comum encontrar larvas em embalagens pl\u00e1sticas deixadas no vaso. Por isso, \u00e9 muito importante que, ao prestarem homenagem aos seus familiares, as pessoas retirem a embalagem em que a flor veio e n\u00e3o deixem pratinho embaixo do vaso, al\u00e9m de adotar as outras medidas que se fizerem necess\u00e1rias para impedir que fique \u00e1gua parada\u201d, ressaltou Cristiane.<\/p>\n<p>Casos de Dengue<\/p>\n<p>At\u00e9 o final da \u00faltima semana, conforme balan\u00e7o divulgado pela Vigil\u00e2ncia Epidemiol\u00f3gico nesta segunda-feira, 30 de outubro, Barretos registra neste ano 829 casos positivos de dengue, 1.038 de chikungunya e um de zika.<\/p>\n<p>Aten\u00e7\u00e3o com animais pe\u00e7onhentos<\/p>\n<p>Cristiane refor\u00e7a tamb\u00e9m que cemit\u00e9rios s\u00e3o um ambiente prop\u00edcio para a reprodu\u00e7\u00e3o de animais pe\u00e7onhentos como aranhas e escorpi\u00f5es. \u201cEsses bichos se escondem em v\u00e3os, vivem no espa\u00e7o entre um objeto e outro e o cemit\u00e9rio no dia a dia \u00e9 um ambiente em que n\u00e3o h\u00e1 muito movimento\u201d, explica. \u201cNesta \u00e9poca de Finados, em que h\u00e1 aglomera\u00e7\u00e3o, eles podem acabar se deslocando. Por isso, \u00e9 muito importante sempre olhar antes de colocar a m\u00e3o em objetos que estejam nos t\u00famulos e fazer a visita usando cal\u00e7ado fechado\u201d, observa a coordenadora.<br \/>\nEm Barretos, em caso de picada por escorpi\u00e3o, crian\u00e7as de at\u00e9 10 anos e pessoas idosas (a partir de 60 anos) devem se direcionar imediatamente para a Santa Casa. J\u00e1 os pacientes com idade entre 11 e 59 anos podem procurar a UBS mais pr\u00f3xima ou a UPA, em que receber\u00e3o o atendimento e\/ou encaminhamentos que se fizerem necess\u00e1rios.<\/p>\n<p>Nos casos de picada por aranha ou cobra, pessoas de todas as idades devem ir imediatamente para a Santa Casa. Sendo poss\u00edvel, \u00e9 importante levar junto o animal que proporcionou a picada, para a equipe de sa\u00fade identificar qual o soro ant\u00edgeno mais adequado a ser aplicado.<\/p>\n<p>N\u00e3o havendo como encaminhar o paciente imediatamente para a unidade de sa\u00fade, deve-se entrar em contato com o SAMU pelo telefone 192. A partir da liga\u00e7\u00e3o, o m\u00e9dico definir\u00e1 se \u00e9 o caso de o paciente ser transportado por uma ambul\u00e2ncia.<\/p>\n","protected":false},"excerpt":{"rendered":"<p>&nbsp; Colabora\u00e7\u00e3o da popula\u00e7\u00e3o \u00e9 fundamental para evitar novos criadouros<\/p>\n","protected":false},"author":2,"featured_media":97241,"comment_status":"open","ping_status":"open","sticky":false,"template":"","format":"standard","meta":{"footnotes":""},"categories":[14,25],"tags":[],"class_list":["post-97240","post","type-post","status-publish","format-standard","has-post-thumbnail","hentry","category-barretos","category-cidades"],"yoast_head":"<!-- This site is optimized with the Yoast SEO plugin v27.4 - https:\/\/yoast.com\/product\/yoast-seo-wordpress\/ -->\n<title>Controle de Vetores alerta para cuidados com a prolifera\u00e7\u00e3o de dengue na celebra\u00e7\u00e3o de Finados - Regi\u00e3o News<\/title>\n<meta name=\"robots\" content=\"index, follow, max-snippet:-1, max-image-preview:large, max-video-preview:-1\" \/>\n<link rel=\"canonical\" href=\"https:\/\/regiaonews.net.br\/2022\/2023\/10\/31\/controle-de-vetores-alerta-para-cuidados-com-a-proliferacao-de-dengue-na-celebracao-de-finados\/\" \/>\n<meta property=\"og:locale\" content=\"pt_BR\" \/>\n<meta property=\"og:type\" content=\"article\" \/>\n<meta property=\"og:title\" content=\"Controle de Vetores alerta para cuidados com a prolifera\u00e7\u00e3o de dengue na celebra\u00e7\u00e3o de Finados - Regi\u00e3o News\" \/>\n<meta property=\"og:description\" content=\"&nbsp; Colabora\u00e7\u00e3o da popula\u00e7\u00e3o \u00e9 fundamental para evitar novos criadouros\" \/>\n<meta property=\"og:url\" content=\"https:\/\/regiaonews.net.br\/2022\/2023\/10\/31\/controle-de-vetores-alerta-para-cuidados-com-a-proliferacao-de-dengue-na-celebracao-de-finados\/\" \/>\n<meta property=\"og:site_name\" content=\"Regi\u00e3o News\" \/>\n<meta property=\"article:published_time\" content=\"2023-10-31T22:13:39+00:00\" \/>\n<meta property=\"og:image\" content=\"https:\/\/regiaonews.net.br\/2022\/wp-content\/uploads\/2023\/10\/WhatsApp-Image-2023-10-31-at-16.50.58.jpeg\" \/>\n\t<meta property=\"og:image:width\" content=\"1280\" \/>\n\t<meta property=\"og:image:height\" content=\"791\" \/>\n\t<meta property=\"og:image:type\" content=\"image\/jpeg\" \/>\n<meta name=\"author\" content=\"Roberto\" \/>\n<meta name=\"twitter:card\" content=\"summary_large_image\" \/>\n<meta name=\"twitter:label1\" content=\"Escrito por\" \/>\n\t<meta name=\"twitter:data1\" content=\"Roberto\" \/>\n\t<meta name=\"twitter:label2\" content=\"Est. tempo de leitura\" \/>\n\t<meta name=\"twitter:data2\" content=\"3 minutos\" \/>\n<script type=\"application\/ld+json\" class=\"yoast-schema-graph\">{\"@context\":\"https:\\\/\\\/schema.org\",\"@graph\":[{\"@type\":\"Article\",\"@id\":\"https:\\\/\\\/regiaonews.net.br\\\/2022\\\/2023\\\/10\\\/31\\\/controle-de-vetores-alerta-para-cuidados-com-a-proliferacao-de-dengue-na-celebracao-de-finados\\\/#article\",\"isPartOf\":{\"@id\":\"https:\\\/\\\/regiaonews.net.br\\\/2022\\\/2023\\\/10\\\/31\\\/controle-de-vetores-alerta-para-cuidados-com-a-proliferacao-de-dengue-na-celebracao-de-finados\\\/\"},\"author\":{\"name\":\"Roberto\",\"@id\":\"https:\\\/\\\/regiaonews.net.br\\\/2022\\\/#\\\/schema\\\/person\\\/2d205a608a5aa97ac279d7a5e6d89ad8\"},\"headline\":\"Controle de Vetores alerta para cuidados com a prolifera\u00e7\u00e3o de dengue na celebra\u00e7\u00e3o de Finados\",\"datePublished\":\"2023-10-31T22:13:39+00:00\",\"mainEntityOfPage\":{\"@id\":\"https:\\\/\\\/regiaonews.net.br\\\/2022\\\/2023\\\/10\\\/31\\\/controle-de-vetores-alerta-para-cuidados-com-a-proliferacao-de-dengue-na-celebracao-de-finados\\\/\"},\"wordCount\":499,\"commentCount\":0,\"publisher\":{\"@id\":\"https:\\\/\\\/regiaonews.net.br\\\/2022\\\/#organization\"},\"image\":{\"@id\":\"https:\\\/\\\/regiaonews.net.br\\\/2022\\\/2023\\\/10\\\/31\\\/controle-de-vetores-alerta-para-cuidados-com-a-proliferacao-de-dengue-na-celebracao-de-finados\\\/#primaryimage\"},\"thumbnailUrl\":\"https:\\\/\\\/regiaonews.net.br\\\/2022\\\/wp-content\\\/uploads\\\/2023\\\/10\\\/WhatsApp-Image-2023-10-31-at-16.50.58.jpeg\",\"articleSection\":[\"Barretos\",\"Cidades\"],\"inLanguage\":\"pt-BR\",\"potentialAction\":[{\"@type\":\"CommentAction\",\"name\":\"Comment\",\"target\":[\"https:\\\/\\\/regiaonews.net.br\\\/2022\\\/2023\\\/10\\\/31\\\/controle-de-vetores-alerta-para-cuidados-com-a-proliferacao-de-dengue-na-celebracao-de-finados\\\/#respond\"]}]},{\"@type\":\"WebPage\",\"@id\":\"https:\\\/\\\/regiaonews.net.br\\\/2022\\\/2023\\\/10\\\/31\\\/controle-de-vetores-alerta-para-cuidados-com-a-proliferacao-de-dengue-na-celebracao-de-finados\\\/\",\"url\":\"https:\\\/\\\/regiaonews.net.br\\\/2022\\\/2023\\\/10\\\/31\\\/controle-de-vetores-alerta-para-cuidados-com-a-proliferacao-de-dengue-na-celebracao-de-finados\\\/\",\"name\":\"Controle de Vetores alerta para cuidados com a prolifera\u00e7\u00e3o de dengue na celebra\u00e7\u00e3o de Finados - Regi\u00e3o News\",\"isPartOf\":{\"@id\":\"https:\\\/\\\/regiaonews.net.br\\\/2022\\\/#website\"},\"primaryImageOfPage\":{\"@id\":\"https:\\\/\\\/regiaonews.net.br\\\/2022\\\/2023\\\/10\\\/31\\\/controle-de-vetores-alerta-para-cuidados-com-a-proliferacao-de-dengue-na-celebracao-de-finados\\\/#primaryimage\"},\"image\":{\"@id\":\"https:\\\/\\\/regiaonews.net.br\\\/2022\\\/2023\\\/10\\\/31\\\/controle-de-vetores-alerta-para-cuidados-com-a-proliferacao-de-dengue-na-celebracao-de-finados\\\/#primaryimage\"},\"thumbnailUrl\":\"https:\\\/\\\/regiaonews.net.br\\\/2022\\\/wp-content\\\/uploads\\\/2023\\\/10\\\/WhatsApp-Image-2023-10-31-at-16.50.58.jpeg\",\"datePublished\":\"2023-10-31T22:13:39+00:00\",\"breadcrumb\":{\"@id\":\"https:\\\/\\\/regiaonews.net.br\\\/2022\\\/2023\\\/10\\\/31\\\/controle-de-vetores-alerta-para-cuidados-com-a-proliferacao-de-dengue-na-celebracao-de-finados\\\/#breadcrumb\"},\"inLanguage\":\"pt-BR\",\"potentialAction\":[{\"@type\":\"ReadAction\",\"target\":[\"https:\\\/\\\/regiaonews.net.br\\\/2022\\\/2023\\\/10\\\/31\\\/controle-de-vetores-alerta-para-cuidados-com-a-proliferacao-de-dengue-na-celebracao-de-finados\\\/\"]}]},{\"@type\":\"ImageObject\",\"inLanguage\":\"pt-BR\",\"@id\":\"https:\\\/\\\/regiaonews.net.br\\\/2022\\\/2023\\\/10\\\/31\\\/controle-de-vetores-alerta-para-cuidados-com-a-proliferacao-de-dengue-na-celebracao-de-finados\\\/#primaryimage\",\"url\":\"https:\\\/\\\/regiaonews.net.br\\\/2022\\\/wp-content\\\/uploads\\\/2023\\\/10\\\/WhatsApp-Image-2023-10-31-at-16.50.58.jpeg\",\"contentUrl\":\"https:\\\/\\\/regiaonews.net.br\\\/2022\\\/wp-content\\\/uploads\\\/2023\\\/10\\\/WhatsApp-Image-2023-10-31-at-16.50.58.jpeg\",\"width\":1280,\"height\":791},{\"@type\":\"BreadcrumbList\",\"@id\":\"https:\\\/\\\/regiaonews.net.br\\\/2022\\\/2023\\\/10\\\/31\\\/controle-de-vetores-alerta-para-cuidados-com-a-proliferacao-de-dengue-na-celebracao-de-finados\\\/#breadcrumb\",\"itemListElement\":[{\"@type\":\"ListItem\",\"position\":1,\"name\":\"In\u00edcio\",\"item\":\"https:\\\/\\\/regiaonews.net.br\\\/2022\\\/\"},{\"@type\":\"ListItem\",\"position\":2,\"name\":\"Controle de Vetores alerta para cuidados com a prolifera\u00e7\u00e3o de dengue na celebra\u00e7\u00e3o de Finados\"}]},{\"@type\":\"WebSite\",\"@id\":\"https:\\\/\\\/regiaonews.net.br\\\/2022\\\/#website\",\"url\":\"https:\\\/\\\/regiaonews.net.br\\\/2022\\\/\",\"name\":\"Regi\u00e3o News\",\"description\":\"Site de Not\u00edcias de Barretos e regi\u00e3o\",\"publisher\":{\"@id\":\"https:\\\/\\\/regiaonews.net.br\\\/2022\\\/#organization\"},\"potentialAction\":[{\"@type\":\"SearchAction\",\"target\":{\"@type\":\"EntryPoint\",\"urlTemplate\":\"https:\\\/\\\/regiaonews.net.br\\\/2022\\\/?s={search_term_string}\"},\"query-input\":{\"@type\":\"PropertyValueSpecification\",\"valueRequired\":true,\"valueName\":\"search_term_string\"}}],\"inLanguage\":\"pt-BR\"},{\"@type\":\"Organization\",\"@id\":\"https:\\\/\\\/regiaonews.net.br\\\/2022\\\/#organization\",\"name\":\"Regi\u00e3o News\",\"url\":\"https:\\\/\\\/regiaonews.net.br\\\/2022\\\/\",\"logo\":{\"@type\":\"ImageObject\",\"inLanguage\":\"pt-BR\",\"@id\":\"https:\\\/\\\/regiaonews.net.br\\\/2022\\\/#\\\/schema\\\/logo\\\/image\\\/\",\"url\":\"https:\\\/\\\/regiaonews.net.br\\\/2022\\\/wp-content\\\/uploads\\\/2026\\\/03\\\/regiao-13-anos-scaled.jpg\",\"contentUrl\":\"https:\\\/\\\/regiaonews.net.br\\\/2022\\\/wp-content\\\/uploads\\\/2026\\\/03\\\/regiao-13-anos-scaled.jpg\",\"width\":2560,\"height\":635,\"caption\":\"Regi\u00e3o News\"},\"image\":{\"@id\":\"https:\\\/\\\/regiaonews.net.br\\\/2022\\\/#\\\/schema\\\/logo\\\/image\\\/\"}},{\"@type\":\"Person\",\"@id\":\"https:\\\/\\\/regiaonews.net.br\\\/2022\\\/#\\\/schema\\\/person\\\/2d205a608a5aa97ac279d7a5e6d89ad8\",\"name\":\"Roberto\",\"image\":{\"@type\":\"ImageObject\",\"inLanguage\":\"pt-BR\",\"@id\":\"https:\\\/\\\/secure.gravatar.com\\\/avatar\\\/42749d8b712ff9d59ca93dc150494e5b55a44134482993f5baeb97e61b7ecc89?s=96&d=mm&r=g\",\"url\":\"https:\\\/\\\/secure.gravatar.com\\\/avatar\\\/42749d8b712ff9d59ca93dc150494e5b55a44134482993f5baeb97e61b7ecc89?s=96&d=mm&r=g\",\"contentUrl\":\"https:\\\/\\\/secure.gravatar.com\\\/avatar\\\/42749d8b712ff9d59ca93dc150494e5b55a44134482993f5baeb97e61b7ecc89?s=96&d=mm&r=g\",\"caption\":\"Roberto\"},\"url\":\"https:\\\/\\\/regiaonews.net.br\\\/2022\\\/author\\\/roberto\\\/\"}]}<\/script>\n<!-- \/ Yoast SEO plugin. -->","yoast_head_json":{"title":"Controle de Vetores alerta para cuidados com a prolifera\u00e7\u00e3o de dengue na celebra\u00e7\u00e3o de Finados - Regi\u00e3o News","robots":{"index":"index","follow":"follow","max-snippet":"max-snippet:-1","max-image-preview":"max-image-preview:large","max-video-preview":"max-video-preview:-1"},"canonical":"https:\/\/regiaonews.net.br\/2022\/2023\/10\/31\/controle-de-vetores-alerta-para-cuidados-com-a-proliferacao-de-dengue-na-celebracao-de-finados\/","og_locale":"pt_BR","og_type":"article","og_title":"Controle de Vetores alerta para cuidados com a prolifera\u00e7\u00e3o de dengue na celebra\u00e7\u00e3o de Finados - Regi\u00e3o News","og_description":"&nbsp; Colabora\u00e7\u00e3o da popula\u00e7\u00e3o \u00e9 fundamental para evitar novos criadouros","og_url":"https:\/\/regiaonews.net.br\/2022\/2023\/10\/31\/controle-de-vetores-alerta-para-cuidados-com-a-proliferacao-de-dengue-na-celebracao-de-finados\/","og_site_name":"Regi\u00e3o News","article_published_time":"2023-10-31T22:13:39+00:00","og_image":[{"width":1280,"height":791,"url":"https:\/\/regiaonews.net.br\/2022\/wp-content\/uploads\/2023\/10\/WhatsApp-Image-2023-10-31-at-16.50.58.jpeg","type":"image\/jpeg"}],"author":"Roberto","twitter_card":"summary_large_image","twitter_misc":{"Escrito por":"Roberto","Est. tempo de leitura":"3 minutos"},"schema":{"@context":"https:\/\/schema.org","@graph":[{"@type":"Article","@id":"https:\/\/regiaonews.net.br\/2022\/2023\/10\/31\/controle-de-vetores-alerta-para-cuidados-com-a-proliferacao-de-dengue-na-celebracao-de-finados\/#article","isPartOf":{"@id":"https:\/\/regiaonews.net.br\/2022\/2023\/10\/31\/controle-de-vetores-alerta-para-cuidados-com-a-proliferacao-de-dengue-na-celebracao-de-finados\/"},"author":{"name":"Roberto","@id":"https:\/\/regiaonews.net.br\/2022\/#\/schema\/person\/2d205a608a5aa97ac279d7a5e6d89ad8"},"headline":"Controle de Vetores alerta para cuidados com a prolifera\u00e7\u00e3o de dengue na celebra\u00e7\u00e3o de Finados","datePublished":"2023-10-31T22:13:39+00:00","mainEntityOfPage":{"@id":"https:\/\/regiaonews.net.br\/2022\/2023\/10\/31\/controle-de-vetores-alerta-para-cuidados-com-a-proliferacao-de-dengue-na-celebracao-de-finados\/"},"wordCount":499,"commentCount":0,"publisher":{"@id":"https:\/\/regiaonews.net.br\/2022\/#organization"},"image":{"@id":"https:\/\/regiaonews.net.br\/2022\/2023\/10\/31\/controle-de-vetores-alerta-para-cuidados-com-a-proliferacao-de-dengue-na-celebracao-de-finados\/#primaryimage"},"thumbnailUrl":"https:\/\/regiaonews.net.br\/2022\/wp-content\/uploads\/2023\/10\/WhatsApp-Image-2023-10-31-at-16.50.58.jpeg","articleSection":["Barretos","Cidades"],"inLanguage":"pt-BR","potentialAction":[{"@type":"CommentAction","name":"Comment","target":["https:\/\/regiaonews.net.br\/2022\/2023\/10\/31\/controle-de-vetores-alerta-para-cuidados-com-a-proliferacao-de-dengue-na-celebracao-de-finados\/#respond"]}]},{"@type":"WebPage","@id":"https:\/\/regiaonews.net.br\/2022\/2023\/10\/31\/controle-de-vetores-alerta-para-cuidados-com-a-proliferacao-de-dengue-na-celebracao-de-finados\/","url":"https:\/\/regiaonews.net.br\/2022\/2023\/10\/31\/controle-de-vetores-alerta-para-cuidados-com-a-proliferacao-de-dengue-na-celebracao-de-finados\/","name":"Controle de Vetores alerta para cuidados com a prolifera\u00e7\u00e3o de dengue na celebra\u00e7\u00e3o de Finados - Regi\u00e3o News","isPartOf":{"@id":"https:\/\/regiaonews.net.br\/2022\/#website"},"primaryImageOfPage":{"@id":"https:\/\/regiaonews.net.br\/2022\/2023\/10\/31\/controle-de-vetores-alerta-para-cuidados-com-a-proliferacao-de-dengue-na-celebracao-de-finados\/#primaryimage"},"image":{"@id":"https:\/\/regiaonews.net.br\/2022\/2023\/10\/31\/controle-de-vetores-alerta-para-cuidados-com-a-proliferacao-de-dengue-na-celebracao-de-finados\/#primaryimage"},"thumbnailUrl":"https:\/\/regiaonews.net.br\/2022\/wp-content\/uploads\/2023\/10\/WhatsApp-Image-2023-10-31-at-16.50.58.jpeg","datePublished":"2023-10-31T22:13:39+00:00","breadcrumb":{"@id":"https:\/\/regiaonews.net.br\/2022\/2023\/10\/31\/controle-de-vetores-alerta-para-cuidados-com-a-proliferacao-de-dengue-na-celebracao-de-finados\/#breadcrumb"},"inLanguage":"pt-BR","potentialAction":[{"@type":"ReadAction","target":["https:\/\/regiaonews.net.br\/2022\/2023\/10\/31\/controle-de-vetores-alerta-para-cuidados-com-a-proliferacao-de-dengue-na-celebracao-de-finados\/"]}]},{"@type":"ImageObject","inLanguage":"pt-BR","@id":"https:\/\/regiaonews.net.br\/2022\/2023\/10\/31\/controle-de-vetores-alerta-para-cuidados-com-a-proliferacao-de-dengue-na-celebracao-de-finados\/#primaryimage","url":"https:\/\/regiaonews.net.br\/2022\/wp-content\/uploads\/2023\/10\/WhatsApp-Image-2023-10-31-at-16.50.58.jpeg","contentUrl":"https:\/\/regiaonews.net.br\/2022\/wp-content\/uploads\/2023\/10\/WhatsApp-Image-2023-10-31-at-16.50.58.jpeg","width":1280,"height":791},{"@type":"BreadcrumbList","@id":"https:\/\/regiaonews.net.br\/2022\/2023\/10\/31\/controle-de-vetores-alerta-para-cuidados-com-a-proliferacao-de-dengue-na-celebracao-de-finados\/#breadcrumb","itemListElement":[{"@type":"ListItem","position":1,"name":"In\u00edcio","item":"https:\/\/regiaonews.net.br\/2022\/"},{"@type":"ListItem","position":2,"name":"Controle de Vetores alerta para cuidados com a prolifera\u00e7\u00e3o de dengue na celebra\u00e7\u00e3o de Finados"}]},{"@type":"WebSite","@id":"https:\/\/regiaonews.net.br\/2022\/#website","url":"https:\/\/regiaonews.net.br\/2022\/","name":"Regi\u00e3o News","description":"Site de Not\u00edcias de Barretos e regi\u00e3o","publisher":{"@id":"https:\/\/regiaonews.net.br\/2022\/#organization"},"potentialAction":[{"@type":"SearchAction","target":{"@type":"EntryPoint","urlTemplate":"https:\/\/regiaonews.net.br\/2022\/?s={search_term_string}"},"query-input":{"@type":"PropertyValueSpecification","valueRequired":true,"valueName":"search_term_string"}}],"inLanguage":"pt-BR"},{"@type":"Organization","@id":"https:\/\/regiaonews.net.br\/2022\/#organization","name":"Regi\u00e3o News","url":"https:\/\/regiaonews.net.br\/2022\/","logo":{"@type":"ImageObject","inLanguage":"pt-BR","@id":"https:\/\/regiaonews.net.br\/2022\/#\/schema\/logo\/image\/","url":"https:\/\/regiaonews.net.br\/2022\/wp-content\/uploads\/2026\/03\/regiao-13-anos-scaled.jpg","contentUrl":"https:\/\/regiaonews.net.br\/2022\/wp-content\/uploads\/2026\/03\/regiao-13-anos-scaled.jpg","width":2560,"height":635,"caption":"Regi\u00e3o News"},"image":{"@id":"https:\/\/regiaonews.net.br\/2022\/#\/schema\/logo\/image\/"}},{"@type":"Person","@id":"https:\/\/regiaonews.net.br\/2022\/#\/schema\/person\/2d205a608a5aa97ac279d7a5e6d89ad8","name":"Roberto","image":{"@type":"ImageObject","inLanguage":"pt-BR","@id":"https:\/\/secure.gravatar.com\/avatar\/42749d8b712ff9d59ca93dc150494e5b55a44134482993f5baeb97e61b7ecc89?s=96&d=mm&r=g","url":"https:\/\/secure.gravatar.com\/avatar\/42749d8b712ff9d59ca93dc150494e5b55a44134482993f5baeb97e61b7ecc89?s=96&d=mm&r=g","contentUrl":"https:\/\/secure.gravatar.com\/avatar\/42749d8b712ff9d59ca93dc150494e5b55a44134482993f5baeb97e61b7ecc89?s=96&d=mm&r=g","caption":"Roberto"},"url":"https:\/\/regiaonews.net.br\/2022\/author\/roberto\/"}]}},"publishpress_future_action":{"enabled":false,"date":"2026-05-04 15:59:16","action":"change-status","newStatus":"draft","terms":[],"taxonomy":"category","extraData":[]},"publishpress_future_workflow_manual_trigger":{"enabledWorkflows":[]},"_links":{"self":[{"href":"https:\/\/regiaonews.net.br\/2022\/wp-json\/wp\/v2\/posts\/97240","targetHints":{"allow":["GET"]}}],"collection":[{"href":"https:\/\/regiaonews.net.br\/2022\/wp-json\/wp\/v2\/posts"}],"about":[{"href":"https:\/\/regiaonews.net.br\/2022\/wp-json\/wp\/v2\/types\/post"}],"author":[{"embeddable":true,"href":"https:\/\/regiaonews.net.br\/2022\/wp-json\/wp\/v2\/users\/2"}],"replies":[{"embeddable":true,"href":"https:\/\/regiaonews.net.br\/2022\/wp-json\/wp\/v2\/comments?post=97240"}],"version-history":[{"count":1,"href":"https:\/\/regiaonews.net.br\/2022\/wp-json\/wp\/v2\/posts\/97240\/revisions"}],"predecessor-version":[{"id":97242,"href":"https:\/\/regiaonews.net.br\/2022\/wp-json\/wp\/v2\/posts\/97240\/revisions\/97242"}],"wp:featuredmedia":[{"embeddable":true,"href":"https:\/\/regiaonews.net.br\/2022\/wp-json\/wp\/v2\/media\/97241"}],"wp:attachment":[{"href":"https:\/\/regiaonews.net.br\/2022\/wp-json\/wp\/v2\/media?parent=97240"}],"wp:term":[{"taxonomy":"category","embeddable":true,"href":"https:\/\/regiaonews.net.br\/2022\/wp-json\/wp\/v2\/categories?post=97240"},{"taxonomy":"post_tag","embeddable":true,"href":"https:\/\/regiaonews.net.br\/2022\/wp-json\/wp\/v2\/tags?post=97240"}],"curies":[{"name":"wp","href":"https:\/\/api.w.org\/{rel}","templated":true}]}}