{"id":97237,"date":"2023-10-31T19:10:02","date_gmt":"2023-10-31T22:10:02","guid":{"rendered":"https:\/\/regiaonews.net.br\/2022\/?p=97237"},"modified":"2023-10-31T19:10:02","modified_gmt":"2023-10-31T22:10:02","slug":"prefeitura-de-barretos-conclui-acoes-do-outubro-rosa","status":"publish","type":"post","link":"https:\/\/regiaonews.net.br\/2022\/2023\/10\/31\/prefeitura-de-barretos-conclui-acoes-do-outubro-rosa\/","title":{"rendered":"Prefeitura de Barretos conclui a\u00e7\u00f5es do Outubro Rosa"},"content":{"rendered":"<p>&nbsp;<\/p>\n<p>Ao longo do m\u00eas, o preven\u00e7\u00e3o do c\u00e2ncer de mama foi tema em atividades nas UBSs, na Assist\u00eancia Social e em escolas. Profissionais da Sa\u00fade usaram aventais rosa para lembrar da import\u00e2ncia de se prevenir<\/p>\n<p>A Prefeitura da Est\u00e2ncia Tur\u00edstica de Barretos concluiu as a\u00e7\u00f5es relacionadas ao Outubro Rosa. Ao longo de todo o m\u00eas, por meio da Secretaria Municipal de Sa\u00fade, a conscientiza\u00e7\u00e3o sobre a preven\u00e7\u00e3o ao c\u00e2ncer de mama foi refor\u00e7ada nas Unidades B\u00e1sicas de Sa\u00fade (UBSs) da cidade. Tamb\u00e9m foram realizadas a\u00e7\u00f5es como roda de conversa e apresenta\u00e7\u00e3o teatral, pela Assist\u00eancia Social e Desenvolvimento Humano, em centros de atividades para pessoas idosas (CCI e CDI) e Centros de Refer\u00eancia em Assist\u00eancia Social (CRAS) e, na Educa\u00e7\u00e3o, em escolas municipais e Centros Municipais de Educa\u00e7\u00e3o Infantil (Cemeis). Durante o m\u00eas, alguns monumentos e pr\u00e9dios p\u00fablicos tamb\u00e9m receberam ilumina\u00e7\u00e3o especial em fun\u00e7\u00e3o da campanha.<\/p>\n<p>A prefeita Paula Lemos agradeceu a todos que se empenharam na causa. \u201cFico muito feliz e grata a cada servidora e servidor que, dentro de sua fun\u00e7\u00e3o, contribuiu com a campanha Outubro Rosa. Diagnosticar o c\u00e2ncer de mama em est\u00e1gio inicial pode ser decisivo para salvar uma vida. Levando informa\u00e7\u00e3o e conscientiza\u00e7\u00e3o, cada um contribuiu para proteger a sa\u00fade das mulheres barretenses\u201d, afirmou. \u201cQuero agradecer tamb\u00e9m a empresa GLT, que \u00e9 fornecedora de suprimentos para a Sa\u00fade, e doou 3 mil aventais descart\u00e1veis na cor rosa, que foram usados pelos profissionais da Sa\u00fade ao longo deste m\u00eas, em mais uma a\u00e7\u00e3o que contribuiu para esse tema t\u00e3o importante ser lembrado a cada dia\u201d, ressaltou. \u201cUma atitude generosa que fortalece o trabalho da Secretaria e, ao mesmo tempo, evidencia a import\u00e2ncia da responsabilidade social corporativa, demonstrando o poder transformador que as parcerias entre o setor p\u00fablico e o privado podem ter\u201d, refor\u00e7ou.<\/p>\n<p>Exames dispon\u00edveis o ano todo<\/p>\n<p>Embora a campanha de preven\u00e7\u00e3o ao c\u00e2ncer de mama esteja conclu\u00edda, a mamografia pode ser realizada o ano todo. As mulheres com idade entre 40 e 49 devem realiz\u00e1-la uma vez por ano e as de 50 a 69, a cada dois anos. Basta entrar em contato pelo WhatsApp (17) 3321-6626 ou telefonar para (17) 3321-6600 e agendar o exame diretamente com o Instituto de Preven\u00e7\u00e3o do H.A, sem necessidade de encaminhamento m\u00e9dico.<\/p>\n<p>J\u00e1 o exame de Papanicolau, para preven\u00e7\u00e3o do c\u00e2ncer de colo de \u00fatero, \u00e9 realizado tamb\u00e9m ao longo de todo o ano, diretamente na UBS. Mulheres entre 25 e 64 anos devem procurar a UBS ou agendar com o agente comunit\u00e1rio de Sa\u00fade (ACS), da Estrat\u00e9gia da Fam\u00edlia, e realiz\u00e1-lo a cada tr\u00eas anos.<\/p>\n<p>Reta final da campanha<\/p>\n<p>Nesta quinta-feira, 31, foi dia de conscientiza\u00e7\u00e3o e caf\u00e9 da manh\u00e3 especial na UBS do distrito de Alberto Moreira, com a presen\u00e7a da equipe do programa \u201cPreven\u00e7\u00e3o bate \u00e0 sua porta\u201d, da Funda\u00e7\u00e3o Pio XII: coordenadora Caia Monteiro e enfermeira Damiela Girardi Landi. &#8220;Finalizamos a campanha de 2023 com essa grande a\u00e7\u00e3o de preven\u00e7\u00e3o na UBS de Alberto Moreira, em parceria com o Hospital de Amor. Abordamos v\u00e1rios temas de preven\u00e7\u00e3o como c\u00e2ncer de mama e colo uterino, e preven\u00e7\u00e3o de c\u00e2ncer de pele, intestino e pulm\u00e3o&#8221;, afirmou Elissandra Ara\u00fajo, enfermeira da Estrat\u00e9gia de Sa\u00fade da Fam\u00edlia na Zona Rural.<\/p>\n<p>Na \u00faltima quinta-feira, dia 27, a celebra\u00e7\u00e3o especial foi na UBS do Bairro Mar\u00edlia. \u201cFizemos a atividade no dia em que tem consulta pedi\u00e1trica e, assim, unimos os temas do Outubro Rosa e do Dia das Crian\u00e7as\u201d, ressaltou Giannini dos Santos, gerente de servi\u00e7os de Sa\u00fade. Para os pequenos, foi distribu\u00eddo algod\u00e3o doce e para todos presentes, um caf\u00e9 da manh\u00e3 especial. \u201cTivemos o envolvimento de toda a equipe. Os funcion\u00e1rios administrativos e da recep\u00e7\u00e3o fizeram a organiza\u00e7\u00e3o e a equipe da enfermagem realizou as a\u00e7\u00f5es de preven\u00e7\u00e3o\u201d, destacou. Ele lembra que na unidade h\u00e1 uma funcion\u00e1ria que fica dedicada o ano todo a buscar acompanhar e agendar os exames das mulheres: de preven\u00e7\u00e3o ao c\u00e2ncer de mama e ao c\u00e2ncer de colo de \u00fatero.<\/p>\n","protected":false},"excerpt":{"rendered":"<p>&nbsp; Ao longo do m\u00eas, o preven\u00e7\u00e3o do c\u00e2ncer de<\/p>\n","protected":false},"author":2,"featured_media":97238,"comment_status":"open","ping_status":"open","sticky":false,"template":"","format":"standard","meta":{"footnotes":""},"categories":[14,25],"tags":[],"class_list":["post-97237","post","type-post","status-publish","format-standard","has-post-thumbnail","hentry","category-barretos","category-cidades"],"yoast_head":"<!-- This site is optimized with the Yoast SEO plugin v27.4 - https:\/\/yoast.com\/product\/yoast-seo-wordpress\/ -->\n<title>Prefeitura de Barretos conclui a\u00e7\u00f5es do Outubro Rosa - Regi\u00e3o News<\/title>\n<meta name=\"robots\" content=\"index, follow, max-snippet:-1, max-image-preview:large, max-video-preview:-1\" \/>\n<link rel=\"canonical\" href=\"https:\/\/regiaonews.net.br\/2022\/2023\/10\/31\/prefeitura-de-barretos-conclui-acoes-do-outubro-rosa\/\" \/>\n<meta property=\"og:locale\" content=\"pt_BR\" \/>\n<meta property=\"og:type\" content=\"article\" \/>\n<meta property=\"og:title\" content=\"Prefeitura de Barretos conclui a\u00e7\u00f5es do Outubro Rosa - Regi\u00e3o News\" \/>\n<meta property=\"og:description\" content=\"&nbsp; Ao longo do m\u00eas, o preven\u00e7\u00e3o do c\u00e2ncer de\" \/>\n<meta property=\"og:url\" content=\"https:\/\/regiaonews.net.br\/2022\/2023\/10\/31\/prefeitura-de-barretos-conclui-acoes-do-outubro-rosa\/\" \/>\n<meta property=\"og:site_name\" content=\"Regi\u00e3o News\" \/>\n<meta property=\"article:published_time\" content=\"2023-10-31T22:10:02+00:00\" \/>\n<meta property=\"og:image\" content=\"https:\/\/regiaonews.net.br\/2022\/wp-content\/uploads\/2023\/10\/WhatsApp-Image-2023-10-31-at-16.50.57.jpeg\" \/>\n\t<meta property=\"og:image:width\" content=\"1600\" \/>\n\t<meta property=\"og:image:height\" content=\"719\" \/>\n\t<meta property=\"og:image:type\" content=\"image\/jpeg\" \/>\n<meta name=\"author\" content=\"Roberto\" \/>\n<meta name=\"twitter:card\" content=\"summary_large_image\" \/>\n<meta name=\"twitter:label1\" content=\"Escrito por\" \/>\n\t<meta name=\"twitter:data1\" content=\"Roberto\" \/>\n\t<meta name=\"twitter:label2\" content=\"Est. tempo de leitura\" \/>\n\t<meta name=\"twitter:data2\" content=\"4 minutos\" \/>\n<script type=\"application\/ld+json\" class=\"yoast-schema-graph\">{\"@context\":\"https:\\\/\\\/schema.org\",\"@graph\":[{\"@type\":\"Article\",\"@id\":\"https:\\\/\\\/regiaonews.net.br\\\/2022\\\/2023\\\/10\\\/31\\\/prefeitura-de-barretos-conclui-acoes-do-outubro-rosa\\\/#article\",\"isPartOf\":{\"@id\":\"https:\\\/\\\/regiaonews.net.br\\\/2022\\\/2023\\\/10\\\/31\\\/prefeitura-de-barretos-conclui-acoes-do-outubro-rosa\\\/\"},\"author\":{\"name\":\"Roberto\",\"@id\":\"https:\\\/\\\/regiaonews.net.br\\\/2022\\\/#\\\/schema\\\/person\\\/2d205a608a5aa97ac279d7a5e6d89ad8\"},\"headline\":\"Prefeitura de Barretos conclui a\u00e7\u00f5es do Outubro Rosa\",\"datePublished\":\"2023-10-31T22:10:02+00:00\",\"mainEntityOfPage\":{\"@id\":\"https:\\\/\\\/regiaonews.net.br\\\/2022\\\/2023\\\/10\\\/31\\\/prefeitura-de-barretos-conclui-acoes-do-outubro-rosa\\\/\"},\"wordCount\":749,\"commentCount\":0,\"publisher\":{\"@id\":\"https:\\\/\\\/regiaonews.net.br\\\/2022\\\/#organization\"},\"image\":{\"@id\":\"https:\\\/\\\/regiaonews.net.br\\\/2022\\\/2023\\\/10\\\/31\\\/prefeitura-de-barretos-conclui-acoes-do-outubro-rosa\\\/#primaryimage\"},\"thumbnailUrl\":\"https:\\\/\\\/regiaonews.net.br\\\/2022\\\/wp-content\\\/uploads\\\/2023\\\/10\\\/WhatsApp-Image-2023-10-31-at-16.50.57.jpeg\",\"articleSection\":[\"Barretos\",\"Cidades\"],\"inLanguage\":\"pt-BR\",\"potentialAction\":[{\"@type\":\"CommentAction\",\"name\":\"Comment\",\"target\":[\"https:\\\/\\\/regiaonews.net.br\\\/2022\\\/2023\\\/10\\\/31\\\/prefeitura-de-barretos-conclui-acoes-do-outubro-rosa\\\/#respond\"]}]},{\"@type\":\"WebPage\",\"@id\":\"https:\\\/\\\/regiaonews.net.br\\\/2022\\\/2023\\\/10\\\/31\\\/prefeitura-de-barretos-conclui-acoes-do-outubro-rosa\\\/\",\"url\":\"https:\\\/\\\/regiaonews.net.br\\\/2022\\\/2023\\\/10\\\/31\\\/prefeitura-de-barretos-conclui-acoes-do-outubro-rosa\\\/\",\"name\":\"Prefeitura de Barretos conclui a\u00e7\u00f5es do Outubro Rosa - Regi\u00e3o News\",\"isPartOf\":{\"@id\":\"https:\\\/\\\/regiaonews.net.br\\\/2022\\\/#website\"},\"primaryImageOfPage\":{\"@id\":\"https:\\\/\\\/regiaonews.net.br\\\/2022\\\/2023\\\/10\\\/31\\\/prefeitura-de-barretos-conclui-acoes-do-outubro-rosa\\\/#primaryimage\"},\"image\":{\"@id\":\"https:\\\/\\\/regiaonews.net.br\\\/2022\\\/2023\\\/10\\\/31\\\/prefeitura-de-barretos-conclui-acoes-do-outubro-rosa\\\/#primaryimage\"},\"thumbnailUrl\":\"https:\\\/\\\/regiaonews.net.br\\\/2022\\\/wp-content\\\/uploads\\\/2023\\\/10\\\/WhatsApp-Image-2023-10-31-at-16.50.57.jpeg\",\"datePublished\":\"2023-10-31T22:10:02+00:00\",\"breadcrumb\":{\"@id\":\"https:\\\/\\\/regiaonews.net.br\\\/2022\\\/2023\\\/10\\\/31\\\/prefeitura-de-barretos-conclui-acoes-do-outubro-rosa\\\/#breadcrumb\"},\"inLanguage\":\"pt-BR\",\"potentialAction\":[{\"@type\":\"ReadAction\",\"target\":[\"https:\\\/\\\/regiaonews.net.br\\\/2022\\\/2023\\\/10\\\/31\\\/prefeitura-de-barretos-conclui-acoes-do-outubro-rosa\\\/\"]}]},{\"@type\":\"ImageObject\",\"inLanguage\":\"pt-BR\",\"@id\":\"https:\\\/\\\/regiaonews.net.br\\\/2022\\\/2023\\\/10\\\/31\\\/prefeitura-de-barretos-conclui-acoes-do-outubro-rosa\\\/#primaryimage\",\"url\":\"https:\\\/\\\/regiaonews.net.br\\\/2022\\\/wp-content\\\/uploads\\\/2023\\\/10\\\/WhatsApp-Image-2023-10-31-at-16.50.57.jpeg\",\"contentUrl\":\"https:\\\/\\\/regiaonews.net.br\\\/2022\\\/wp-content\\\/uploads\\\/2023\\\/10\\\/WhatsApp-Image-2023-10-31-at-16.50.57.jpeg\",\"width\":1600,\"height\":719},{\"@type\":\"BreadcrumbList\",\"@id\":\"https:\\\/\\\/regiaonews.net.br\\\/2022\\\/2023\\\/10\\\/31\\\/prefeitura-de-barretos-conclui-acoes-do-outubro-rosa\\\/#breadcrumb\",\"itemListElement\":[{\"@type\":\"ListItem\",\"position\":1,\"name\":\"In\u00edcio\",\"item\":\"https:\\\/\\\/regiaonews.net.br\\\/2022\\\/\"},{\"@type\":\"ListItem\",\"position\":2,\"name\":\"Prefeitura de Barretos conclui a\u00e7\u00f5es do Outubro Rosa\"}]},{\"@type\":\"WebSite\",\"@id\":\"https:\\\/\\\/regiaonews.net.br\\\/2022\\\/#website\",\"url\":\"https:\\\/\\\/regiaonews.net.br\\\/2022\\\/\",\"name\":\"Regi\u00e3o News\",\"description\":\"Site de Not\u00edcias de Barretos e regi\u00e3o\",\"publisher\":{\"@id\":\"https:\\\/\\\/regiaonews.net.br\\\/2022\\\/#organization\"},\"potentialAction\":[{\"@type\":\"SearchAction\",\"target\":{\"@type\":\"EntryPoint\",\"urlTemplate\":\"https:\\\/\\\/regiaonews.net.br\\\/2022\\\/?s={search_term_string}\"},\"query-input\":{\"@type\":\"PropertyValueSpecification\",\"valueRequired\":true,\"valueName\":\"search_term_string\"}}],\"inLanguage\":\"pt-BR\"},{\"@type\":\"Organization\",\"@id\":\"https:\\\/\\\/regiaonews.net.br\\\/2022\\\/#organization\",\"name\":\"Regi\u00e3o News\",\"url\":\"https:\\\/\\\/regiaonews.net.br\\\/2022\\\/\",\"logo\":{\"@type\":\"ImageObject\",\"inLanguage\":\"pt-BR\",\"@id\":\"https:\\\/\\\/regiaonews.net.br\\\/2022\\\/#\\\/schema\\\/logo\\\/image\\\/\",\"url\":\"https:\\\/\\\/regiaonews.net.br\\\/2022\\\/wp-content\\\/uploads\\\/2026\\\/03\\\/regiao-13-anos-scaled.jpg\",\"contentUrl\":\"https:\\\/\\\/regiaonews.net.br\\\/2022\\\/wp-content\\\/uploads\\\/2026\\\/03\\\/regiao-13-anos-scaled.jpg\",\"width\":2560,\"height\":635,\"caption\":\"Regi\u00e3o News\"},\"image\":{\"@id\":\"https:\\\/\\\/regiaonews.net.br\\\/2022\\\/#\\\/schema\\\/logo\\\/image\\\/\"}},{\"@type\":\"Person\",\"@id\":\"https:\\\/\\\/regiaonews.net.br\\\/2022\\\/#\\\/schema\\\/person\\\/2d205a608a5aa97ac279d7a5e6d89ad8\",\"name\":\"Roberto\",\"image\":{\"@type\":\"ImageObject\",\"inLanguage\":\"pt-BR\",\"@id\":\"https:\\\/\\\/secure.gravatar.com\\\/avatar\\\/42749d8b712ff9d59ca93dc150494e5b55a44134482993f5baeb97e61b7ecc89?s=96&d=mm&r=g\",\"url\":\"https:\\\/\\\/secure.gravatar.com\\\/avatar\\\/42749d8b712ff9d59ca93dc150494e5b55a44134482993f5baeb97e61b7ecc89?s=96&d=mm&r=g\",\"contentUrl\":\"https:\\\/\\\/secure.gravatar.com\\\/avatar\\\/42749d8b712ff9d59ca93dc150494e5b55a44134482993f5baeb97e61b7ecc89?s=96&d=mm&r=g\",\"caption\":\"Roberto\"},\"url\":\"https:\\\/\\\/regiaonews.net.br\\\/2022\\\/author\\\/roberto\\\/\"}]}<\/script>\n<!-- \/ Yoast SEO plugin. -->","yoast_head_json":{"title":"Prefeitura de Barretos conclui a\u00e7\u00f5es do Outubro Rosa - Regi\u00e3o News","robots":{"index":"index","follow":"follow","max-snippet":"max-snippet:-1","max-image-preview":"max-image-preview:large","max-video-preview":"max-video-preview:-1"},"canonical":"https:\/\/regiaonews.net.br\/2022\/2023\/10\/31\/prefeitura-de-barretos-conclui-acoes-do-outubro-rosa\/","og_locale":"pt_BR","og_type":"article","og_title":"Prefeitura de Barretos conclui a\u00e7\u00f5es do Outubro Rosa - Regi\u00e3o News","og_description":"&nbsp; Ao longo do m\u00eas, o preven\u00e7\u00e3o do c\u00e2ncer de","og_url":"https:\/\/regiaonews.net.br\/2022\/2023\/10\/31\/prefeitura-de-barretos-conclui-acoes-do-outubro-rosa\/","og_site_name":"Regi\u00e3o News","article_published_time":"2023-10-31T22:10:02+00:00","og_image":[{"width":1600,"height":719,"url":"https:\/\/regiaonews.net.br\/2022\/wp-content\/uploads\/2023\/10\/WhatsApp-Image-2023-10-31-at-16.50.57.jpeg","type":"image\/jpeg"}],"author":"Roberto","twitter_card":"summary_large_image","twitter_misc":{"Escrito por":"Roberto","Est. tempo de leitura":"4 minutos"},"schema":{"@context":"https:\/\/schema.org","@graph":[{"@type":"Article","@id":"https:\/\/regiaonews.net.br\/2022\/2023\/10\/31\/prefeitura-de-barretos-conclui-acoes-do-outubro-rosa\/#article","isPartOf":{"@id":"https:\/\/regiaonews.net.br\/2022\/2023\/10\/31\/prefeitura-de-barretos-conclui-acoes-do-outubro-rosa\/"},"author":{"name":"Roberto","@id":"https:\/\/regiaonews.net.br\/2022\/#\/schema\/person\/2d205a608a5aa97ac279d7a5e6d89ad8"},"headline":"Prefeitura de Barretos conclui a\u00e7\u00f5es do Outubro Rosa","datePublished":"2023-10-31T22:10:02+00:00","mainEntityOfPage":{"@id":"https:\/\/regiaonews.net.br\/2022\/2023\/10\/31\/prefeitura-de-barretos-conclui-acoes-do-outubro-rosa\/"},"wordCount":749,"commentCount":0,"publisher":{"@id":"https:\/\/regiaonews.net.br\/2022\/#organization"},"image":{"@id":"https:\/\/regiaonews.net.br\/2022\/2023\/10\/31\/prefeitura-de-barretos-conclui-acoes-do-outubro-rosa\/#primaryimage"},"thumbnailUrl":"https:\/\/regiaonews.net.br\/2022\/wp-content\/uploads\/2023\/10\/WhatsApp-Image-2023-10-31-at-16.50.57.jpeg","articleSection":["Barretos","Cidades"],"inLanguage":"pt-BR","potentialAction":[{"@type":"CommentAction","name":"Comment","target":["https:\/\/regiaonews.net.br\/2022\/2023\/10\/31\/prefeitura-de-barretos-conclui-acoes-do-outubro-rosa\/#respond"]}]},{"@type":"WebPage","@id":"https:\/\/regiaonews.net.br\/2022\/2023\/10\/31\/prefeitura-de-barretos-conclui-acoes-do-outubro-rosa\/","url":"https:\/\/regiaonews.net.br\/2022\/2023\/10\/31\/prefeitura-de-barretos-conclui-acoes-do-outubro-rosa\/","name":"Prefeitura de Barretos conclui a\u00e7\u00f5es do Outubro Rosa - Regi\u00e3o News","isPartOf":{"@id":"https:\/\/regiaonews.net.br\/2022\/#website"},"primaryImageOfPage":{"@id":"https:\/\/regiaonews.net.br\/2022\/2023\/10\/31\/prefeitura-de-barretos-conclui-acoes-do-outubro-rosa\/#primaryimage"},"image":{"@id":"https:\/\/regiaonews.net.br\/2022\/2023\/10\/31\/prefeitura-de-barretos-conclui-acoes-do-outubro-rosa\/#primaryimage"},"thumbnailUrl":"https:\/\/regiaonews.net.br\/2022\/wp-content\/uploads\/2023\/10\/WhatsApp-Image-2023-10-31-at-16.50.57.jpeg","datePublished":"2023-10-31T22:10:02+00:00","breadcrumb":{"@id":"https:\/\/regiaonews.net.br\/2022\/2023\/10\/31\/prefeitura-de-barretos-conclui-acoes-do-outubro-rosa\/#breadcrumb"},"inLanguage":"pt-BR","potentialAction":[{"@type":"ReadAction","target":["https:\/\/regiaonews.net.br\/2022\/2023\/10\/31\/prefeitura-de-barretos-conclui-acoes-do-outubro-rosa\/"]}]},{"@type":"ImageObject","inLanguage":"pt-BR","@id":"https:\/\/regiaonews.net.br\/2022\/2023\/10\/31\/prefeitura-de-barretos-conclui-acoes-do-outubro-rosa\/#primaryimage","url":"https:\/\/regiaonews.net.br\/2022\/wp-content\/uploads\/2023\/10\/WhatsApp-Image-2023-10-31-at-16.50.57.jpeg","contentUrl":"https:\/\/regiaonews.net.br\/2022\/wp-content\/uploads\/2023\/10\/WhatsApp-Image-2023-10-31-at-16.50.57.jpeg","width":1600,"height":719},{"@type":"BreadcrumbList","@id":"https:\/\/regiaonews.net.br\/2022\/2023\/10\/31\/prefeitura-de-barretos-conclui-acoes-do-outubro-rosa\/#breadcrumb","itemListElement":[{"@type":"ListItem","position":1,"name":"In\u00edcio","item":"https:\/\/regiaonews.net.br\/2022\/"},{"@type":"ListItem","position":2,"name":"Prefeitura de Barretos conclui a\u00e7\u00f5es do Outubro Rosa"}]},{"@type":"WebSite","@id":"https:\/\/regiaonews.net.br\/2022\/#website","url":"https:\/\/regiaonews.net.br\/2022\/","name":"Regi\u00e3o News","description":"Site de Not\u00edcias de Barretos e regi\u00e3o","publisher":{"@id":"https:\/\/regiaonews.net.br\/2022\/#organization"},"potentialAction":[{"@type":"SearchAction","target":{"@type":"EntryPoint","urlTemplate":"https:\/\/regiaonews.net.br\/2022\/?s={search_term_string}"},"query-input":{"@type":"PropertyValueSpecification","valueRequired":true,"valueName":"search_term_string"}}],"inLanguage":"pt-BR"},{"@type":"Organization","@id":"https:\/\/regiaonews.net.br\/2022\/#organization","name":"Regi\u00e3o News","url":"https:\/\/regiaonews.net.br\/2022\/","logo":{"@type":"ImageObject","inLanguage":"pt-BR","@id":"https:\/\/regiaonews.net.br\/2022\/#\/schema\/logo\/image\/","url":"https:\/\/regiaonews.net.br\/2022\/wp-content\/uploads\/2026\/03\/regiao-13-anos-scaled.jpg","contentUrl":"https:\/\/regiaonews.net.br\/2022\/wp-content\/uploads\/2026\/03\/regiao-13-anos-scaled.jpg","width":2560,"height":635,"caption":"Regi\u00e3o News"},"image":{"@id":"https:\/\/regiaonews.net.br\/2022\/#\/schema\/logo\/image\/"}},{"@type":"Person","@id":"https:\/\/regiaonews.net.br\/2022\/#\/schema\/person\/2d205a608a5aa97ac279d7a5e6d89ad8","name":"Roberto","image":{"@type":"ImageObject","inLanguage":"pt-BR","@id":"https:\/\/secure.gravatar.com\/avatar\/42749d8b712ff9d59ca93dc150494e5b55a44134482993f5baeb97e61b7ecc89?s=96&d=mm&r=g","url":"https:\/\/secure.gravatar.com\/avatar\/42749d8b712ff9d59ca93dc150494e5b55a44134482993f5baeb97e61b7ecc89?s=96&d=mm&r=g","contentUrl":"https:\/\/secure.gravatar.com\/avatar\/42749d8b712ff9d59ca93dc150494e5b55a44134482993f5baeb97e61b7ecc89?s=96&d=mm&r=g","caption":"Roberto"},"url":"https:\/\/regiaonews.net.br\/2022\/author\/roberto\/"}]}},"publishpress_future_action":{"enabled":false,"date":"2026-05-04 14:37:46","action":"change-status","newStatus":"draft","terms":[],"taxonomy":"category","extraData":[]},"publishpress_future_workflow_manual_trigger":{"enabledWorkflows":[]},"_links":{"self":[{"href":"https:\/\/regiaonews.net.br\/2022\/wp-json\/wp\/v2\/posts\/97237","targetHints":{"allow":["GET"]}}],"collection":[{"href":"https:\/\/regiaonews.net.br\/2022\/wp-json\/wp\/v2\/posts"}],"about":[{"href":"https:\/\/regiaonews.net.br\/2022\/wp-json\/wp\/v2\/types\/post"}],"author":[{"embeddable":true,"href":"https:\/\/regiaonews.net.br\/2022\/wp-json\/wp\/v2\/users\/2"}],"replies":[{"embeddable":true,"href":"https:\/\/regiaonews.net.br\/2022\/wp-json\/wp\/v2\/comments?post=97237"}],"version-history":[{"count":1,"href":"https:\/\/regiaonews.net.br\/2022\/wp-json\/wp\/v2\/posts\/97237\/revisions"}],"predecessor-version":[{"id":97239,"href":"https:\/\/regiaonews.net.br\/2022\/wp-json\/wp\/v2\/posts\/97237\/revisions\/97239"}],"wp:featuredmedia":[{"embeddable":true,"href":"https:\/\/regiaonews.net.br\/2022\/wp-json\/wp\/v2\/media\/97238"}],"wp:attachment":[{"href":"https:\/\/regiaonews.net.br\/2022\/wp-json\/wp\/v2\/media?parent=97237"}],"wp:term":[{"taxonomy":"category","embeddable":true,"href":"https:\/\/regiaonews.net.br\/2022\/wp-json\/wp\/v2\/categories?post=97237"},{"taxonomy":"post_tag","embeddable":true,"href":"https:\/\/regiaonews.net.br\/2022\/wp-json\/wp\/v2\/tags?post=97237"}],"curies":[{"name":"wp","href":"https:\/\/api.w.org\/{rel}","templated":true}]}}