{"id":97234,"date":"2023-10-31T19:07:53","date_gmt":"2023-10-31T22:07:53","guid":{"rendered":"https:\/\/regiaonews.net.br\/2022\/?p=97234"},"modified":"2023-10-31T19:07:53","modified_gmt":"2023-10-31T22:07:53","slug":"dia-de-finados-confira-o-funcionamento-das-reparticoes-publicas-em-barretos-no-feriado","status":"publish","type":"post","link":"https:\/\/regiaonews.net.br\/2022\/2023\/10\/31\/dia-de-finados-confira-o-funcionamento-das-reparticoes-publicas-em-barretos-no-feriado\/","title":{"rendered":"Dia de Finados: Confira o funcionamento das reparti\u00e7\u00f5es p\u00fablicas em Barretos no feriado"},"content":{"rendered":"<p>Decreto n\u00b0 11.567 estabelece ponto facultativo no dia 3<\/p>\n<p>A Prefeitura da Est\u00e2ncia Tur\u00edstica de Barretos divulga o \u2018abre e fecha\u2019 durante o feriado prolongado do Dia de Finados, com base no Decreto n.\u00ba 11.567, de 19 de janeiro de 2023, que declarou facultativo o ponto nas reparti\u00e7\u00f5es p\u00fablicas no dia 3 de novembro.<br \/>\nNos dias 2 e 3 (quinta e sexta-feira), n\u00e3o haver\u00e1 expediente nos seguintes servi\u00e7os: Pa\u00e7o Municipal; Complexo Administrativo \u201cAdvogado Melek Zaiden Geraige\u201d (antiga prefeitura); Unidades de Ensino municipais e Unidades B\u00e1sicas de Sa\u00fade (UBSs).<\/p>\n<p>TELESSA\u00daDE<br \/>\nFunciona at\u00e9 quarta-feira (1\u00b0) e retorna na segunda-feira (6). Para ser atendido no servi\u00e7o, o mun\u00edcipe deve entrar em contato pelo WhatsApp (17) 3612-0003, em dias \u00fateis, das 7 \u00e0s 17h.<\/p>\n<p>CEMIT\u00c9RIOS \u2013 DIA DE FINADOS (2)<br \/>\nCEMIT\u00c9RIO MUNICIPAL DA PAZ \u2013 O hor\u00e1rio de visita\u00e7\u00e3o ser\u00e1 das 6h \u00e0s 18h30. Ser\u00e3o celebradas missas \u00e0s 7h30 pelo padre Deon\u00edsio Helko, \u00e0s 9h pelo bispo Dom Milton Kenan Junior e \u00e0s 17h pelo padre Costante Gualdi.<br \/>\nCEMIT\u00c9RIOS DOS DISTRITOS DO PRATA E DE IBITU &#8211; Abertos para visita\u00e7\u00e3o das 6h \u00e0s 18h.<br \/>\nMEMORIAL PARQUE JARDIM DAS OLIVEIRAS &#8211; Visita\u00e7\u00e3o ser\u00e1 das 7h \u00e0s 18h, com uma missa \u00e0s 9h celebrada pelo Pe. Deon\u00edsio Helko.<\/p>\n<p>SAAEB<br \/>\nO Servi\u00e7o Aut\u00f4nomo de \u00c1gua e Esgoto de Barretos (SAAEB) n\u00e3o realiza atendimento em sua sede na quinta e sexta-feira (2 e 3), retornando na segunda-feira (6).<br \/>\nO atendimento do SAAEB no Poupatempo \u00e9 interrompido no feriado (2) e retomado na sexta-feira (3), das 9h \u00e0s 17h, e no s\u00e1bado (4), das 9h \u00e0s 13h.<br \/>\nPara situa\u00e7\u00f5es emergenciais, \u00e9 poss\u00edvel entrar em contato 24h com o plant\u00e3o do SAAEB: (17) 3321-5300.<\/p>\n<p>COLETAS DE LIXO ORG\u00c2NICO E SELETIVA:<br \/>\nA coleta de lixo org\u00e2nico \u00e9 realizada normalmente. A coleta seletiva \u00e9 interrompida na quinta-feira (2) e realizada na sexta-feira e no s\u00e1bado (3 e 4).<\/p>\n<p>ECOPONTOS<br \/>\nFechados na quinta-feira (2). Na sexta-feira (3), funcionam das 7 \u00e0s 19h, e no s\u00e1bado (4), das 8 \u00e0s 18h.<br \/>\nEndere\u00e7os dos Ecopontos:<br \/>\nCalif\u00f3rnia: Rua Cristiano de Carvalho n\u00ba 50<br \/>\nCristiano de Carvalho: Av. Jo\u00e3o Ribeiro do Nascimento (Av. Colina)<br \/>\nExposi\u00e7\u00e3o: Rua F\u00e1bio Junqueira Franco n\u00ba 301<br \/>\nNadir Kenan: Rua Rage Caiel n\u00ba 400<br \/>\nSanta Cec\u00edlia: Avenida Ant\u00f4nio Machado das Dores, s\/n\u00ba<br \/>\nZequinha Am\u00eandola (Barretos II): Avenida Mario Petroni x Via Dr. Guilherme Seraphico de Assis Carvalho<\/p>\n<p>ABORDAGEM SOCIAL<br \/>\nA abordagem \u00e0 pessoa em situa\u00e7\u00e3o de rua agora \u00e9 realizada todos os dias da semana (de segunda-feira a domingo) das 7 \u00e0s 22h. \u00c9 poss\u00edvel entrar em contato com o servi\u00e7o pelos telefones (17) 99636-4678 e (17) 99654-6755.<\/p>\n<p>FUNCIONAM 24H:<br \/>\nSAMU 192<br \/>\nCorpo de Bombeiros 193<br \/>\nPol\u00edcia Militar 190<br \/>\nUPA (Via Conselheiro Ant\u00f4nio Prado, 1355 \u2013 Bairro Pereira)<br \/>\nPlant\u00e3o do SAAEB \u2013 (17) 3321-5300<br \/>\nPlant\u00e3o do Conselho Tutelar \u2013 (17) 98217-5999<br \/>\nPlant\u00e3o da Defesa Civil: (17) 99195-8754<\/p>\n<p>&nbsp;<\/p>\n","protected":false},"excerpt":{"rendered":"<p>Decreto n\u00b0 11.567 estabelece ponto facultativo no dia 3 A<\/p>\n","protected":false},"author":2,"featured_media":97235,"comment_status":"open","ping_status":"open","sticky":false,"template":"","format":"standard","meta":{"footnotes":""},"categories":[14,25],"tags":[],"class_list":["post-97234","post","type-post","status-publish","format-standard","has-post-thumbnail","hentry","category-barretos","category-cidades"],"yoast_head":"<!-- This site is optimized with the Yoast SEO plugin v27.4 - https:\/\/yoast.com\/product\/yoast-seo-wordpress\/ -->\n<title>Dia de Finados: Confira o funcionamento das reparti\u00e7\u00f5es p\u00fablicas em Barretos no feriado - Regi\u00e3o News<\/title>\n<meta name=\"robots\" content=\"index, follow, max-snippet:-1, max-image-preview:large, max-video-preview:-1\" \/>\n<link rel=\"canonical\" href=\"https:\/\/regiaonews.net.br\/2022\/2023\/10\/31\/dia-de-finados-confira-o-funcionamento-das-reparticoes-publicas-em-barretos-no-feriado\/\" \/>\n<meta property=\"og:locale\" content=\"pt_BR\" \/>\n<meta property=\"og:type\" content=\"article\" \/>\n<meta property=\"og:title\" content=\"Dia de Finados: Confira o funcionamento das reparti\u00e7\u00f5es p\u00fablicas em Barretos no feriado - Regi\u00e3o News\" \/>\n<meta property=\"og:description\" content=\"Decreto n\u00b0 11.567 estabelece ponto facultativo no dia 3 A\" \/>\n<meta property=\"og:url\" content=\"https:\/\/regiaonews.net.br\/2022\/2023\/10\/31\/dia-de-finados-confira-o-funcionamento-das-reparticoes-publicas-em-barretos-no-feriado\/\" \/>\n<meta property=\"og:site_name\" content=\"Regi\u00e3o News\" \/>\n<meta property=\"article:published_time\" content=\"2023-10-31T22:07:53+00:00\" \/>\n<meta property=\"og:image\" content=\"https:\/\/regiaonews.net.br\/2022\/wp-content\/uploads\/2023\/10\/WhatsApp-Image-2023-10-31-at-16.50.59.jpeg\" \/>\n\t<meta property=\"og:image:width\" content=\"1182\" \/>\n\t<meta property=\"og:image:height\" content=\"1501\" \/>\n\t<meta property=\"og:image:type\" content=\"image\/jpeg\" \/>\n<meta name=\"author\" content=\"Roberto\" \/>\n<meta name=\"twitter:card\" content=\"summary_large_image\" \/>\n<meta name=\"twitter:label1\" content=\"Escrito por\" \/>\n\t<meta name=\"twitter:data1\" content=\"Roberto\" \/>\n\t<meta name=\"twitter:label2\" content=\"Est. tempo de leitura\" \/>\n\t<meta name=\"twitter:data2\" content=\"3 minutos\" \/>\n<script type=\"application\/ld+json\" class=\"yoast-schema-graph\">{\"@context\":\"https:\\\/\\\/schema.org\",\"@graph\":[{\"@type\":\"Article\",\"@id\":\"https:\\\/\\\/regiaonews.net.br\\\/2022\\\/2023\\\/10\\\/31\\\/dia-de-finados-confira-o-funcionamento-das-reparticoes-publicas-em-barretos-no-feriado\\\/#article\",\"isPartOf\":{\"@id\":\"https:\\\/\\\/regiaonews.net.br\\\/2022\\\/2023\\\/10\\\/31\\\/dia-de-finados-confira-o-funcionamento-das-reparticoes-publicas-em-barretos-no-feriado\\\/\"},\"author\":{\"name\":\"Roberto\",\"@id\":\"https:\\\/\\\/regiaonews.net.br\\\/2022\\\/#\\\/schema\\\/person\\\/2d205a608a5aa97ac279d7a5e6d89ad8\"},\"headline\":\"Dia de Finados: Confira o funcionamento das reparti\u00e7\u00f5es p\u00fablicas em Barretos no feriado\",\"datePublished\":\"2023-10-31T22:07:53+00:00\",\"mainEntityOfPage\":{\"@id\":\"https:\\\/\\\/regiaonews.net.br\\\/2022\\\/2023\\\/10\\\/31\\\/dia-de-finados-confira-o-funcionamento-das-reparticoes-publicas-em-barretos-no-feriado\\\/\"},\"wordCount\":477,\"commentCount\":0,\"publisher\":{\"@id\":\"https:\\\/\\\/regiaonews.net.br\\\/2022\\\/#organization\"},\"image\":{\"@id\":\"https:\\\/\\\/regiaonews.net.br\\\/2022\\\/2023\\\/10\\\/31\\\/dia-de-finados-confira-o-funcionamento-das-reparticoes-publicas-em-barretos-no-feriado\\\/#primaryimage\"},\"thumbnailUrl\":\"https:\\\/\\\/regiaonews.net.br\\\/2022\\\/wp-content\\\/uploads\\\/2023\\\/10\\\/WhatsApp-Image-2023-10-31-at-16.50.59.jpeg\",\"articleSection\":[\"Barretos\",\"Cidades\"],\"inLanguage\":\"pt-BR\",\"potentialAction\":[{\"@type\":\"CommentAction\",\"name\":\"Comment\",\"target\":[\"https:\\\/\\\/regiaonews.net.br\\\/2022\\\/2023\\\/10\\\/31\\\/dia-de-finados-confira-o-funcionamento-das-reparticoes-publicas-em-barretos-no-feriado\\\/#respond\"]}]},{\"@type\":\"WebPage\",\"@id\":\"https:\\\/\\\/regiaonews.net.br\\\/2022\\\/2023\\\/10\\\/31\\\/dia-de-finados-confira-o-funcionamento-das-reparticoes-publicas-em-barretos-no-feriado\\\/\",\"url\":\"https:\\\/\\\/regiaonews.net.br\\\/2022\\\/2023\\\/10\\\/31\\\/dia-de-finados-confira-o-funcionamento-das-reparticoes-publicas-em-barretos-no-feriado\\\/\",\"name\":\"Dia de Finados: Confira o funcionamento das reparti\u00e7\u00f5es p\u00fablicas em Barretos no feriado - Regi\u00e3o News\",\"isPartOf\":{\"@id\":\"https:\\\/\\\/regiaonews.net.br\\\/2022\\\/#website\"},\"primaryImageOfPage\":{\"@id\":\"https:\\\/\\\/regiaonews.net.br\\\/2022\\\/2023\\\/10\\\/31\\\/dia-de-finados-confira-o-funcionamento-das-reparticoes-publicas-em-barretos-no-feriado\\\/#primaryimage\"},\"image\":{\"@id\":\"https:\\\/\\\/regiaonews.net.br\\\/2022\\\/2023\\\/10\\\/31\\\/dia-de-finados-confira-o-funcionamento-das-reparticoes-publicas-em-barretos-no-feriado\\\/#primaryimage\"},\"thumbnailUrl\":\"https:\\\/\\\/regiaonews.net.br\\\/2022\\\/wp-content\\\/uploads\\\/2023\\\/10\\\/WhatsApp-Image-2023-10-31-at-16.50.59.jpeg\",\"datePublished\":\"2023-10-31T22:07:53+00:00\",\"breadcrumb\":{\"@id\":\"https:\\\/\\\/regiaonews.net.br\\\/2022\\\/2023\\\/10\\\/31\\\/dia-de-finados-confira-o-funcionamento-das-reparticoes-publicas-em-barretos-no-feriado\\\/#breadcrumb\"},\"inLanguage\":\"pt-BR\",\"potentialAction\":[{\"@type\":\"ReadAction\",\"target\":[\"https:\\\/\\\/regiaonews.net.br\\\/2022\\\/2023\\\/10\\\/31\\\/dia-de-finados-confira-o-funcionamento-das-reparticoes-publicas-em-barretos-no-feriado\\\/\"]}]},{\"@type\":\"ImageObject\",\"inLanguage\":\"pt-BR\",\"@id\":\"https:\\\/\\\/regiaonews.net.br\\\/2022\\\/2023\\\/10\\\/31\\\/dia-de-finados-confira-o-funcionamento-das-reparticoes-publicas-em-barretos-no-feriado\\\/#primaryimage\",\"url\":\"https:\\\/\\\/regiaonews.net.br\\\/2022\\\/wp-content\\\/uploads\\\/2023\\\/10\\\/WhatsApp-Image-2023-10-31-at-16.50.59.jpeg\",\"contentUrl\":\"https:\\\/\\\/regiaonews.net.br\\\/2022\\\/wp-content\\\/uploads\\\/2023\\\/10\\\/WhatsApp-Image-2023-10-31-at-16.50.59.jpeg\",\"width\":1182,\"height\":1501},{\"@type\":\"BreadcrumbList\",\"@id\":\"https:\\\/\\\/regiaonews.net.br\\\/2022\\\/2023\\\/10\\\/31\\\/dia-de-finados-confira-o-funcionamento-das-reparticoes-publicas-em-barretos-no-feriado\\\/#breadcrumb\",\"itemListElement\":[{\"@type\":\"ListItem\",\"position\":1,\"name\":\"In\u00edcio\",\"item\":\"https:\\\/\\\/regiaonews.net.br\\\/2022\\\/\"},{\"@type\":\"ListItem\",\"position\":2,\"name\":\"Dia de Finados: Confira o funcionamento das reparti\u00e7\u00f5es p\u00fablicas em Barretos no feriado\"}]},{\"@type\":\"WebSite\",\"@id\":\"https:\\\/\\\/regiaonews.net.br\\\/2022\\\/#website\",\"url\":\"https:\\\/\\\/regiaonews.net.br\\\/2022\\\/\",\"name\":\"Regi\u00e3o News\",\"description\":\"Site de Not\u00edcias de Barretos e regi\u00e3o\",\"publisher\":{\"@id\":\"https:\\\/\\\/regiaonews.net.br\\\/2022\\\/#organization\"},\"potentialAction\":[{\"@type\":\"SearchAction\",\"target\":{\"@type\":\"EntryPoint\",\"urlTemplate\":\"https:\\\/\\\/regiaonews.net.br\\\/2022\\\/?s={search_term_string}\"},\"query-input\":{\"@type\":\"PropertyValueSpecification\",\"valueRequired\":true,\"valueName\":\"search_term_string\"}}],\"inLanguage\":\"pt-BR\"},{\"@type\":\"Organization\",\"@id\":\"https:\\\/\\\/regiaonews.net.br\\\/2022\\\/#organization\",\"name\":\"Regi\u00e3o News\",\"url\":\"https:\\\/\\\/regiaonews.net.br\\\/2022\\\/\",\"logo\":{\"@type\":\"ImageObject\",\"inLanguage\":\"pt-BR\",\"@id\":\"https:\\\/\\\/regiaonews.net.br\\\/2022\\\/#\\\/schema\\\/logo\\\/image\\\/\",\"url\":\"https:\\\/\\\/regiaonews.net.br\\\/2022\\\/wp-content\\\/uploads\\\/2026\\\/03\\\/regiao-13-anos-scaled.jpg\",\"contentUrl\":\"https:\\\/\\\/regiaonews.net.br\\\/2022\\\/wp-content\\\/uploads\\\/2026\\\/03\\\/regiao-13-anos-scaled.jpg\",\"width\":2560,\"height\":635,\"caption\":\"Regi\u00e3o News\"},\"image\":{\"@id\":\"https:\\\/\\\/regiaonews.net.br\\\/2022\\\/#\\\/schema\\\/logo\\\/image\\\/\"}},{\"@type\":\"Person\",\"@id\":\"https:\\\/\\\/regiaonews.net.br\\\/2022\\\/#\\\/schema\\\/person\\\/2d205a608a5aa97ac279d7a5e6d89ad8\",\"name\":\"Roberto\",\"image\":{\"@type\":\"ImageObject\",\"inLanguage\":\"pt-BR\",\"@id\":\"https:\\\/\\\/secure.gravatar.com\\\/avatar\\\/42749d8b712ff9d59ca93dc150494e5b55a44134482993f5baeb97e61b7ecc89?s=96&d=mm&r=g\",\"url\":\"https:\\\/\\\/secure.gravatar.com\\\/avatar\\\/42749d8b712ff9d59ca93dc150494e5b55a44134482993f5baeb97e61b7ecc89?s=96&d=mm&r=g\",\"contentUrl\":\"https:\\\/\\\/secure.gravatar.com\\\/avatar\\\/42749d8b712ff9d59ca93dc150494e5b55a44134482993f5baeb97e61b7ecc89?s=96&d=mm&r=g\",\"caption\":\"Roberto\"},\"url\":\"https:\\\/\\\/regiaonews.net.br\\\/2022\\\/author\\\/roberto\\\/\"}]}<\/script>\n<!-- \/ Yoast SEO plugin. -->","yoast_head_json":{"title":"Dia de Finados: Confira o funcionamento das reparti\u00e7\u00f5es p\u00fablicas em Barretos no feriado - Regi\u00e3o News","robots":{"index":"index","follow":"follow","max-snippet":"max-snippet:-1","max-image-preview":"max-image-preview:large","max-video-preview":"max-video-preview:-1"},"canonical":"https:\/\/regiaonews.net.br\/2022\/2023\/10\/31\/dia-de-finados-confira-o-funcionamento-das-reparticoes-publicas-em-barretos-no-feriado\/","og_locale":"pt_BR","og_type":"article","og_title":"Dia de Finados: Confira o funcionamento das reparti\u00e7\u00f5es p\u00fablicas em Barretos no feriado - Regi\u00e3o News","og_description":"Decreto n\u00b0 11.567 estabelece ponto facultativo no dia 3 A","og_url":"https:\/\/regiaonews.net.br\/2022\/2023\/10\/31\/dia-de-finados-confira-o-funcionamento-das-reparticoes-publicas-em-barretos-no-feriado\/","og_site_name":"Regi\u00e3o News","article_published_time":"2023-10-31T22:07:53+00:00","og_image":[{"width":1182,"height":1501,"url":"https:\/\/regiaonews.net.br\/2022\/wp-content\/uploads\/2023\/10\/WhatsApp-Image-2023-10-31-at-16.50.59.jpeg","type":"image\/jpeg"}],"author":"Roberto","twitter_card":"summary_large_image","twitter_misc":{"Escrito por":"Roberto","Est. tempo de leitura":"3 minutos"},"schema":{"@context":"https:\/\/schema.org","@graph":[{"@type":"Article","@id":"https:\/\/regiaonews.net.br\/2022\/2023\/10\/31\/dia-de-finados-confira-o-funcionamento-das-reparticoes-publicas-em-barretos-no-feriado\/#article","isPartOf":{"@id":"https:\/\/regiaonews.net.br\/2022\/2023\/10\/31\/dia-de-finados-confira-o-funcionamento-das-reparticoes-publicas-em-barretos-no-feriado\/"},"author":{"name":"Roberto","@id":"https:\/\/regiaonews.net.br\/2022\/#\/schema\/person\/2d205a608a5aa97ac279d7a5e6d89ad8"},"headline":"Dia de Finados: Confira o funcionamento das reparti\u00e7\u00f5es p\u00fablicas em Barretos no feriado","datePublished":"2023-10-31T22:07:53+00:00","mainEntityOfPage":{"@id":"https:\/\/regiaonews.net.br\/2022\/2023\/10\/31\/dia-de-finados-confira-o-funcionamento-das-reparticoes-publicas-em-barretos-no-feriado\/"},"wordCount":477,"commentCount":0,"publisher":{"@id":"https:\/\/regiaonews.net.br\/2022\/#organization"},"image":{"@id":"https:\/\/regiaonews.net.br\/2022\/2023\/10\/31\/dia-de-finados-confira-o-funcionamento-das-reparticoes-publicas-em-barretos-no-feriado\/#primaryimage"},"thumbnailUrl":"https:\/\/regiaonews.net.br\/2022\/wp-content\/uploads\/2023\/10\/WhatsApp-Image-2023-10-31-at-16.50.59.jpeg","articleSection":["Barretos","Cidades"],"inLanguage":"pt-BR","potentialAction":[{"@type":"CommentAction","name":"Comment","target":["https:\/\/regiaonews.net.br\/2022\/2023\/10\/31\/dia-de-finados-confira-o-funcionamento-das-reparticoes-publicas-em-barretos-no-feriado\/#respond"]}]},{"@type":"WebPage","@id":"https:\/\/regiaonews.net.br\/2022\/2023\/10\/31\/dia-de-finados-confira-o-funcionamento-das-reparticoes-publicas-em-barretos-no-feriado\/","url":"https:\/\/regiaonews.net.br\/2022\/2023\/10\/31\/dia-de-finados-confira-o-funcionamento-das-reparticoes-publicas-em-barretos-no-feriado\/","name":"Dia de Finados: Confira o funcionamento das reparti\u00e7\u00f5es p\u00fablicas em Barretos no feriado - Regi\u00e3o News","isPartOf":{"@id":"https:\/\/regiaonews.net.br\/2022\/#website"},"primaryImageOfPage":{"@id":"https:\/\/regiaonews.net.br\/2022\/2023\/10\/31\/dia-de-finados-confira-o-funcionamento-das-reparticoes-publicas-em-barretos-no-feriado\/#primaryimage"},"image":{"@id":"https:\/\/regiaonews.net.br\/2022\/2023\/10\/31\/dia-de-finados-confira-o-funcionamento-das-reparticoes-publicas-em-barretos-no-feriado\/#primaryimage"},"thumbnailUrl":"https:\/\/regiaonews.net.br\/2022\/wp-content\/uploads\/2023\/10\/WhatsApp-Image-2023-10-31-at-16.50.59.jpeg","datePublished":"2023-10-31T22:07:53+00:00","breadcrumb":{"@id":"https:\/\/regiaonews.net.br\/2022\/2023\/10\/31\/dia-de-finados-confira-o-funcionamento-das-reparticoes-publicas-em-barretos-no-feriado\/#breadcrumb"},"inLanguage":"pt-BR","potentialAction":[{"@type":"ReadAction","target":["https:\/\/regiaonews.net.br\/2022\/2023\/10\/31\/dia-de-finados-confira-o-funcionamento-das-reparticoes-publicas-em-barretos-no-feriado\/"]}]},{"@type":"ImageObject","inLanguage":"pt-BR","@id":"https:\/\/regiaonews.net.br\/2022\/2023\/10\/31\/dia-de-finados-confira-o-funcionamento-das-reparticoes-publicas-em-barretos-no-feriado\/#primaryimage","url":"https:\/\/regiaonews.net.br\/2022\/wp-content\/uploads\/2023\/10\/WhatsApp-Image-2023-10-31-at-16.50.59.jpeg","contentUrl":"https:\/\/regiaonews.net.br\/2022\/wp-content\/uploads\/2023\/10\/WhatsApp-Image-2023-10-31-at-16.50.59.jpeg","width":1182,"height":1501},{"@type":"BreadcrumbList","@id":"https:\/\/regiaonews.net.br\/2022\/2023\/10\/31\/dia-de-finados-confira-o-funcionamento-das-reparticoes-publicas-em-barretos-no-feriado\/#breadcrumb","itemListElement":[{"@type":"ListItem","position":1,"name":"In\u00edcio","item":"https:\/\/regiaonews.net.br\/2022\/"},{"@type":"ListItem","position":2,"name":"Dia de Finados: Confira o funcionamento das reparti\u00e7\u00f5es p\u00fablicas em Barretos no feriado"}]},{"@type":"WebSite","@id":"https:\/\/regiaonews.net.br\/2022\/#website","url":"https:\/\/regiaonews.net.br\/2022\/","name":"Regi\u00e3o News","description":"Site de Not\u00edcias de Barretos e regi\u00e3o","publisher":{"@id":"https:\/\/regiaonews.net.br\/2022\/#organization"},"potentialAction":[{"@type":"SearchAction","target":{"@type":"EntryPoint","urlTemplate":"https:\/\/regiaonews.net.br\/2022\/?s={search_term_string}"},"query-input":{"@type":"PropertyValueSpecification","valueRequired":true,"valueName":"search_term_string"}}],"inLanguage":"pt-BR"},{"@type":"Organization","@id":"https:\/\/regiaonews.net.br\/2022\/#organization","name":"Regi\u00e3o News","url":"https:\/\/regiaonews.net.br\/2022\/","logo":{"@type":"ImageObject","inLanguage":"pt-BR","@id":"https:\/\/regiaonews.net.br\/2022\/#\/schema\/logo\/image\/","url":"https:\/\/regiaonews.net.br\/2022\/wp-content\/uploads\/2026\/03\/regiao-13-anos-scaled.jpg","contentUrl":"https:\/\/regiaonews.net.br\/2022\/wp-content\/uploads\/2026\/03\/regiao-13-anos-scaled.jpg","width":2560,"height":635,"caption":"Regi\u00e3o News"},"image":{"@id":"https:\/\/regiaonews.net.br\/2022\/#\/schema\/logo\/image\/"}},{"@type":"Person","@id":"https:\/\/regiaonews.net.br\/2022\/#\/schema\/person\/2d205a608a5aa97ac279d7a5e6d89ad8","name":"Roberto","image":{"@type":"ImageObject","inLanguage":"pt-BR","@id":"https:\/\/secure.gravatar.com\/avatar\/42749d8b712ff9d59ca93dc150494e5b55a44134482993f5baeb97e61b7ecc89?s=96&d=mm&r=g","url":"https:\/\/secure.gravatar.com\/avatar\/42749d8b712ff9d59ca93dc150494e5b55a44134482993f5baeb97e61b7ecc89?s=96&d=mm&r=g","contentUrl":"https:\/\/secure.gravatar.com\/avatar\/42749d8b712ff9d59ca93dc150494e5b55a44134482993f5baeb97e61b7ecc89?s=96&d=mm&r=g","caption":"Roberto"},"url":"https:\/\/regiaonews.net.br\/2022\/author\/roberto\/"}]}},"publishpress_future_action":{"enabled":false,"date":"2026-05-04 13:02:10","action":"change-status","newStatus":"draft","terms":[],"taxonomy":"category","extraData":[]},"publishpress_future_workflow_manual_trigger":{"enabledWorkflows":[]},"_links":{"self":[{"href":"https:\/\/regiaonews.net.br\/2022\/wp-json\/wp\/v2\/posts\/97234","targetHints":{"allow":["GET"]}}],"collection":[{"href":"https:\/\/regiaonews.net.br\/2022\/wp-json\/wp\/v2\/posts"}],"about":[{"href":"https:\/\/regiaonews.net.br\/2022\/wp-json\/wp\/v2\/types\/post"}],"author":[{"embeddable":true,"href":"https:\/\/regiaonews.net.br\/2022\/wp-json\/wp\/v2\/users\/2"}],"replies":[{"embeddable":true,"href":"https:\/\/regiaonews.net.br\/2022\/wp-json\/wp\/v2\/comments?post=97234"}],"version-history":[{"count":1,"href":"https:\/\/regiaonews.net.br\/2022\/wp-json\/wp\/v2\/posts\/97234\/revisions"}],"predecessor-version":[{"id":97236,"href":"https:\/\/regiaonews.net.br\/2022\/wp-json\/wp\/v2\/posts\/97234\/revisions\/97236"}],"wp:featuredmedia":[{"embeddable":true,"href":"https:\/\/regiaonews.net.br\/2022\/wp-json\/wp\/v2\/media\/97235"}],"wp:attachment":[{"href":"https:\/\/regiaonews.net.br\/2022\/wp-json\/wp\/v2\/media?parent=97234"}],"wp:term":[{"taxonomy":"category","embeddable":true,"href":"https:\/\/regiaonews.net.br\/2022\/wp-json\/wp\/v2\/categories?post=97234"},{"taxonomy":"post_tag","embeddable":true,"href":"https:\/\/regiaonews.net.br\/2022\/wp-json\/wp\/v2\/tags?post=97234"}],"curies":[{"name":"wp","href":"https:\/\/api.w.org\/{rel}","templated":true}]}}