{"id":97212,"date":"2023-10-31T11:39:36","date_gmt":"2023-10-31T14:39:36","guid":{"rendered":"https:\/\/regiaonews.net.br\/2022\/?p=97212"},"modified":"2023-10-31T11:39:36","modified_gmt":"2023-10-31T14:39:36","slug":"governo-abre-concurso-para-contratacao-de-2-700-soldados-pm-2a-classe","status":"publish","type":"post","link":"https:\/\/regiaonews.net.br\/2022\/2023\/10\/31\/governo-abre-concurso-para-contratacao-de-2-700-soldados-pm-2a-classe\/","title":{"rendered":"Governo abre concurso para contrata\u00e7\u00e3o de 2.700 soldados PM 2\u00aa classe"},"content":{"rendered":"<div>\n<h3 class=\"titulopreto ng-binding\" style=\"text-align: center;\">Inscri\u00e7\u00f5es come\u00e7am em 6 de novembro e v\u00e3o at\u00e9 20 de dezembro.<\/h3>\n<\/div>\n<div id=\"notCorpo\" class=\"ng-binding\">\n<div>O Governo de SP autorizou a abertura de concurso p\u00fablico para a contrata\u00e7\u00e3o de 2.700 soldados de 2\u00aa Classe da Pol\u00edcia Militar. A autoriza\u00e7\u00e3o foi publicada no Di\u00e1rio Oficial desta ter\u00e7a-feira (31).<\/div>\n<div><\/div>\n<div>Para participar, os candidatos devem ter entre 17 e 30 anos \u2013 exceto para quem j\u00e1 pertence aos quadros da PM \u2013 e estar em dia com as obriga\u00e7\u00f5es eleitorais e militares. As mulheres precisam ter altura m\u00ednima de 1,55 metro e os homens, de 1,60 m.<\/div>\n<div><\/div>\n<div>As inscri\u00e7\u00f5es come\u00e7am \u00e0s 10h do pr\u00f3ximo dia 6 de novembro e v\u00e3o at\u00e9 20 de dezembro e devem ser feitas exclusivamente pelo sita da Vunesp, organizadora do concurso.<\/div>\n<div><\/div>\n<div>A remunera\u00e7\u00e3o b\u00e1sica inicial para o cargo de soldado 2\u00aa classe PM \u00e9 de R$ 4.852,21 &#8211; incluindo sal\u00e1rio-base e Regime Especial de Trabalho Policial (RETP).<\/div>\n<div><\/div>\n<div>A \u00edntegra do edital est\u00e1 dispon\u00edvel nas p\u00e1ginas 204 a 208 do caderno Executivo &#8211; Se\u00e7\u00e3o III, na parte de Concursos P\u00fablicos do Di\u00e1rio Oficial<\/div>\n<div><\/div>\n<div><b>Terceiro concurso<\/b><\/div>\n<div><\/div>\n<div>Este \u00e9 o terceiro concurso p\u00fablico com vagas para refor\u00e7ar o efetivo da Pol\u00edcia Militar da atual gest\u00e3o. Em maio e junho foram abertos dois concursos, com 2.700 vagas para soldados 2\u00aa classe e 200 vagas para alunos-oficiais.<\/div>\n<div><\/div>\n<div>Al\u00e9m disso, no \u00faltimo dia 19 foram autorizadas mais 200 vagas de alunos-oficiais para um novo edital.<\/div>\n<\/div>\n","protected":false},"excerpt":{"rendered":"<p>Inscri\u00e7\u00f5es come\u00e7am em 6 de novembro e v\u00e3o at\u00e9 20<\/p>\n","protected":false},"author":2,"featured_media":97213,"comment_status":"open","ping_status":"open","sticky":false,"template":"","format":"standard","meta":{"footnotes":""},"categories":[7,23],"tags":[],"class_list":["post-97212","post","type-post","status-publish","format-standard","has-post-thumbnail","hentry","category-estado-de-sao-paulo","category-policia"],"yoast_head":"<!-- This site is optimized with the Yoast SEO plugin v27.4 - https:\/\/yoast.com\/product\/yoast-seo-wordpress\/ -->\n<title>Governo abre concurso para contrata\u00e7\u00e3o de 2.700 soldados PM 2\u00aa classe - Regi\u00e3o News<\/title>\n<meta name=\"robots\" content=\"index, follow, max-snippet:-1, max-image-preview:large, max-video-preview:-1\" \/>\n<link rel=\"canonical\" href=\"https:\/\/regiaonews.net.br\/2022\/2023\/10\/31\/governo-abre-concurso-para-contratacao-de-2-700-soldados-pm-2a-classe\/\" \/>\n<meta property=\"og:locale\" content=\"pt_BR\" \/>\n<meta property=\"og:type\" content=\"article\" \/>\n<meta property=\"og:title\" content=\"Governo abre concurso para contrata\u00e7\u00e3o de 2.700 soldados PM 2\u00aa classe - Regi\u00e3o News\" \/>\n<meta property=\"og:description\" content=\"Inscri\u00e7\u00f5es come\u00e7am em 6 de novembro e v\u00e3o at\u00e9 20\" \/>\n<meta property=\"og:url\" content=\"https:\/\/regiaonews.net.br\/2022\/2023\/10\/31\/governo-abre-concurso-para-contratacao-de-2-700-soldados-pm-2a-classe\/\" \/>\n<meta property=\"og:site_name\" content=\"Regi\u00e3o News\" \/>\n<meta property=\"article:published_time\" content=\"2023-10-31T14:39:36+00:00\" \/>\n<meta property=\"og:image\" content=\"https:\/\/regiaonews.net.br\/2022\/wp-content\/uploads\/2023\/10\/00051888.jpeg\" \/>\n\t<meta property=\"og:image:width\" content=\"800\" \/>\n\t<meta property=\"og:image:height\" content=\"533\" \/>\n\t<meta property=\"og:image:type\" content=\"image\/jpeg\" \/>\n<meta name=\"author\" content=\"Roberto\" \/>\n<meta name=\"twitter:card\" content=\"summary_large_image\" \/>\n<meta name=\"twitter:label1\" content=\"Escrito por\" \/>\n\t<meta name=\"twitter:data1\" content=\"Roberto\" \/>\n\t<meta name=\"twitter:label2\" content=\"Est. tempo de leitura\" \/>\n\t<meta name=\"twitter:data2\" content=\"2 minutos\" \/>\n<script type=\"application\/ld+json\" class=\"yoast-schema-graph\">{\"@context\":\"https:\\\/\\\/schema.org\",\"@graph\":[{\"@type\":\"Article\",\"@id\":\"https:\\\/\\\/regiaonews.net.br\\\/2022\\\/2023\\\/10\\\/31\\\/governo-abre-concurso-para-contratacao-de-2-700-soldados-pm-2a-classe\\\/#article\",\"isPartOf\":{\"@id\":\"https:\\\/\\\/regiaonews.net.br\\\/2022\\\/2023\\\/10\\\/31\\\/governo-abre-concurso-para-contratacao-de-2-700-soldados-pm-2a-classe\\\/\"},\"author\":{\"name\":\"Roberto\",\"@id\":\"https:\\\/\\\/regiaonews.net.br\\\/2022\\\/#\\\/schema\\\/person\\\/2d205a608a5aa97ac279d7a5e6d89ad8\"},\"headline\":\"Governo abre concurso para contrata\u00e7\u00e3o de 2.700 soldados PM 2\u00aa classe\",\"datePublished\":\"2023-10-31T14:39:36+00:00\",\"mainEntityOfPage\":{\"@id\":\"https:\\\/\\\/regiaonews.net.br\\\/2022\\\/2023\\\/10\\\/31\\\/governo-abre-concurso-para-contratacao-de-2-700-soldados-pm-2a-classe\\\/\"},\"wordCount\":242,\"commentCount\":0,\"publisher\":{\"@id\":\"https:\\\/\\\/regiaonews.net.br\\\/2022\\\/#organization\"},\"image\":{\"@id\":\"https:\\\/\\\/regiaonews.net.br\\\/2022\\\/2023\\\/10\\\/31\\\/governo-abre-concurso-para-contratacao-de-2-700-soldados-pm-2a-classe\\\/#primaryimage\"},\"thumbnailUrl\":\"https:\\\/\\\/regiaonews.net.br\\\/2022\\\/wp-content\\\/uploads\\\/2023\\\/10\\\/00051888.jpeg\",\"articleSection\":[\"Estado de S\u00e3o Paulo\",\"Policia\"],\"inLanguage\":\"pt-BR\",\"potentialAction\":[{\"@type\":\"CommentAction\",\"name\":\"Comment\",\"target\":[\"https:\\\/\\\/regiaonews.net.br\\\/2022\\\/2023\\\/10\\\/31\\\/governo-abre-concurso-para-contratacao-de-2-700-soldados-pm-2a-classe\\\/#respond\"]}]},{\"@type\":\"WebPage\",\"@id\":\"https:\\\/\\\/regiaonews.net.br\\\/2022\\\/2023\\\/10\\\/31\\\/governo-abre-concurso-para-contratacao-de-2-700-soldados-pm-2a-classe\\\/\",\"url\":\"https:\\\/\\\/regiaonews.net.br\\\/2022\\\/2023\\\/10\\\/31\\\/governo-abre-concurso-para-contratacao-de-2-700-soldados-pm-2a-classe\\\/\",\"name\":\"Governo abre concurso para contrata\u00e7\u00e3o de 2.700 soldados PM 2\u00aa classe - Regi\u00e3o News\",\"isPartOf\":{\"@id\":\"https:\\\/\\\/regiaonews.net.br\\\/2022\\\/#website\"},\"primaryImageOfPage\":{\"@id\":\"https:\\\/\\\/regiaonews.net.br\\\/2022\\\/2023\\\/10\\\/31\\\/governo-abre-concurso-para-contratacao-de-2-700-soldados-pm-2a-classe\\\/#primaryimage\"},\"image\":{\"@id\":\"https:\\\/\\\/regiaonews.net.br\\\/2022\\\/2023\\\/10\\\/31\\\/governo-abre-concurso-para-contratacao-de-2-700-soldados-pm-2a-classe\\\/#primaryimage\"},\"thumbnailUrl\":\"https:\\\/\\\/regiaonews.net.br\\\/2022\\\/wp-content\\\/uploads\\\/2023\\\/10\\\/00051888.jpeg\",\"datePublished\":\"2023-10-31T14:39:36+00:00\",\"breadcrumb\":{\"@id\":\"https:\\\/\\\/regiaonews.net.br\\\/2022\\\/2023\\\/10\\\/31\\\/governo-abre-concurso-para-contratacao-de-2-700-soldados-pm-2a-classe\\\/#breadcrumb\"},\"inLanguage\":\"pt-BR\",\"potentialAction\":[{\"@type\":\"ReadAction\",\"target\":[\"https:\\\/\\\/regiaonews.net.br\\\/2022\\\/2023\\\/10\\\/31\\\/governo-abre-concurso-para-contratacao-de-2-700-soldados-pm-2a-classe\\\/\"]}]},{\"@type\":\"ImageObject\",\"inLanguage\":\"pt-BR\",\"@id\":\"https:\\\/\\\/regiaonews.net.br\\\/2022\\\/2023\\\/10\\\/31\\\/governo-abre-concurso-para-contratacao-de-2-700-soldados-pm-2a-classe\\\/#primaryimage\",\"url\":\"https:\\\/\\\/regiaonews.net.br\\\/2022\\\/wp-content\\\/uploads\\\/2023\\\/10\\\/00051888.jpeg\",\"contentUrl\":\"https:\\\/\\\/regiaonews.net.br\\\/2022\\\/wp-content\\\/uploads\\\/2023\\\/10\\\/00051888.jpeg\",\"width\":800,\"height\":533},{\"@type\":\"BreadcrumbList\",\"@id\":\"https:\\\/\\\/regiaonews.net.br\\\/2022\\\/2023\\\/10\\\/31\\\/governo-abre-concurso-para-contratacao-de-2-700-soldados-pm-2a-classe\\\/#breadcrumb\",\"itemListElement\":[{\"@type\":\"ListItem\",\"position\":1,\"name\":\"In\u00edcio\",\"item\":\"https:\\\/\\\/regiaonews.net.br\\\/2022\\\/\"},{\"@type\":\"ListItem\",\"position\":2,\"name\":\"Governo abre concurso para contrata\u00e7\u00e3o de 2.700 soldados PM 2\u00aa classe\"}]},{\"@type\":\"WebSite\",\"@id\":\"https:\\\/\\\/regiaonews.net.br\\\/2022\\\/#website\",\"url\":\"https:\\\/\\\/regiaonews.net.br\\\/2022\\\/\",\"name\":\"Regi\u00e3o News\",\"description\":\"Site de Not\u00edcias de Barretos e regi\u00e3o\",\"publisher\":{\"@id\":\"https:\\\/\\\/regiaonews.net.br\\\/2022\\\/#organization\"},\"potentialAction\":[{\"@type\":\"SearchAction\",\"target\":{\"@type\":\"EntryPoint\",\"urlTemplate\":\"https:\\\/\\\/regiaonews.net.br\\\/2022\\\/?s={search_term_string}\"},\"query-input\":{\"@type\":\"PropertyValueSpecification\",\"valueRequired\":true,\"valueName\":\"search_term_string\"}}],\"inLanguage\":\"pt-BR\"},{\"@type\":\"Organization\",\"@id\":\"https:\\\/\\\/regiaonews.net.br\\\/2022\\\/#organization\",\"name\":\"Regi\u00e3o News\",\"url\":\"https:\\\/\\\/regiaonews.net.br\\\/2022\\\/\",\"logo\":{\"@type\":\"ImageObject\",\"inLanguage\":\"pt-BR\",\"@id\":\"https:\\\/\\\/regiaonews.net.br\\\/2022\\\/#\\\/schema\\\/logo\\\/image\\\/\",\"url\":\"https:\\\/\\\/regiaonews.net.br\\\/2022\\\/wp-content\\\/uploads\\\/2026\\\/03\\\/regiao-13-anos-scaled.jpg\",\"contentUrl\":\"https:\\\/\\\/regiaonews.net.br\\\/2022\\\/wp-content\\\/uploads\\\/2026\\\/03\\\/regiao-13-anos-scaled.jpg\",\"width\":2560,\"height\":635,\"caption\":\"Regi\u00e3o News\"},\"image\":{\"@id\":\"https:\\\/\\\/regiaonews.net.br\\\/2022\\\/#\\\/schema\\\/logo\\\/image\\\/\"}},{\"@type\":\"Person\",\"@id\":\"https:\\\/\\\/regiaonews.net.br\\\/2022\\\/#\\\/schema\\\/person\\\/2d205a608a5aa97ac279d7a5e6d89ad8\",\"name\":\"Roberto\",\"image\":{\"@type\":\"ImageObject\",\"inLanguage\":\"pt-BR\",\"@id\":\"https:\\\/\\\/secure.gravatar.com\\\/avatar\\\/42749d8b712ff9d59ca93dc150494e5b55a44134482993f5baeb97e61b7ecc89?s=96&d=mm&r=g\",\"url\":\"https:\\\/\\\/secure.gravatar.com\\\/avatar\\\/42749d8b712ff9d59ca93dc150494e5b55a44134482993f5baeb97e61b7ecc89?s=96&d=mm&r=g\",\"contentUrl\":\"https:\\\/\\\/secure.gravatar.com\\\/avatar\\\/42749d8b712ff9d59ca93dc150494e5b55a44134482993f5baeb97e61b7ecc89?s=96&d=mm&r=g\",\"caption\":\"Roberto\"},\"url\":\"https:\\\/\\\/regiaonews.net.br\\\/2022\\\/author\\\/roberto\\\/\"}]}<\/script>\n<!-- \/ Yoast SEO plugin. -->","yoast_head_json":{"title":"Governo abre concurso para contrata\u00e7\u00e3o de 2.700 soldados PM 2\u00aa classe - Regi\u00e3o News","robots":{"index":"index","follow":"follow","max-snippet":"max-snippet:-1","max-image-preview":"max-image-preview:large","max-video-preview":"max-video-preview:-1"},"canonical":"https:\/\/regiaonews.net.br\/2022\/2023\/10\/31\/governo-abre-concurso-para-contratacao-de-2-700-soldados-pm-2a-classe\/","og_locale":"pt_BR","og_type":"article","og_title":"Governo abre concurso para contrata\u00e7\u00e3o de 2.700 soldados PM 2\u00aa classe - Regi\u00e3o News","og_description":"Inscri\u00e7\u00f5es come\u00e7am em 6 de novembro e v\u00e3o at\u00e9 20","og_url":"https:\/\/regiaonews.net.br\/2022\/2023\/10\/31\/governo-abre-concurso-para-contratacao-de-2-700-soldados-pm-2a-classe\/","og_site_name":"Regi\u00e3o News","article_published_time":"2023-10-31T14:39:36+00:00","og_image":[{"width":800,"height":533,"url":"https:\/\/regiaonews.net.br\/2022\/wp-content\/uploads\/2023\/10\/00051888.jpeg","type":"image\/jpeg"}],"author":"Roberto","twitter_card":"summary_large_image","twitter_misc":{"Escrito por":"Roberto","Est. tempo de leitura":"2 minutos"},"schema":{"@context":"https:\/\/schema.org","@graph":[{"@type":"Article","@id":"https:\/\/regiaonews.net.br\/2022\/2023\/10\/31\/governo-abre-concurso-para-contratacao-de-2-700-soldados-pm-2a-classe\/#article","isPartOf":{"@id":"https:\/\/regiaonews.net.br\/2022\/2023\/10\/31\/governo-abre-concurso-para-contratacao-de-2-700-soldados-pm-2a-classe\/"},"author":{"name":"Roberto","@id":"https:\/\/regiaonews.net.br\/2022\/#\/schema\/person\/2d205a608a5aa97ac279d7a5e6d89ad8"},"headline":"Governo abre concurso para contrata\u00e7\u00e3o de 2.700 soldados PM 2\u00aa classe","datePublished":"2023-10-31T14:39:36+00:00","mainEntityOfPage":{"@id":"https:\/\/regiaonews.net.br\/2022\/2023\/10\/31\/governo-abre-concurso-para-contratacao-de-2-700-soldados-pm-2a-classe\/"},"wordCount":242,"commentCount":0,"publisher":{"@id":"https:\/\/regiaonews.net.br\/2022\/#organization"},"image":{"@id":"https:\/\/regiaonews.net.br\/2022\/2023\/10\/31\/governo-abre-concurso-para-contratacao-de-2-700-soldados-pm-2a-classe\/#primaryimage"},"thumbnailUrl":"https:\/\/regiaonews.net.br\/2022\/wp-content\/uploads\/2023\/10\/00051888.jpeg","articleSection":["Estado de S\u00e3o Paulo","Policia"],"inLanguage":"pt-BR","potentialAction":[{"@type":"CommentAction","name":"Comment","target":["https:\/\/regiaonews.net.br\/2022\/2023\/10\/31\/governo-abre-concurso-para-contratacao-de-2-700-soldados-pm-2a-classe\/#respond"]}]},{"@type":"WebPage","@id":"https:\/\/regiaonews.net.br\/2022\/2023\/10\/31\/governo-abre-concurso-para-contratacao-de-2-700-soldados-pm-2a-classe\/","url":"https:\/\/regiaonews.net.br\/2022\/2023\/10\/31\/governo-abre-concurso-para-contratacao-de-2-700-soldados-pm-2a-classe\/","name":"Governo abre concurso para contrata\u00e7\u00e3o de 2.700 soldados PM 2\u00aa classe - Regi\u00e3o News","isPartOf":{"@id":"https:\/\/regiaonews.net.br\/2022\/#website"},"primaryImageOfPage":{"@id":"https:\/\/regiaonews.net.br\/2022\/2023\/10\/31\/governo-abre-concurso-para-contratacao-de-2-700-soldados-pm-2a-classe\/#primaryimage"},"image":{"@id":"https:\/\/regiaonews.net.br\/2022\/2023\/10\/31\/governo-abre-concurso-para-contratacao-de-2-700-soldados-pm-2a-classe\/#primaryimage"},"thumbnailUrl":"https:\/\/regiaonews.net.br\/2022\/wp-content\/uploads\/2023\/10\/00051888.jpeg","datePublished":"2023-10-31T14:39:36+00:00","breadcrumb":{"@id":"https:\/\/regiaonews.net.br\/2022\/2023\/10\/31\/governo-abre-concurso-para-contratacao-de-2-700-soldados-pm-2a-classe\/#breadcrumb"},"inLanguage":"pt-BR","potentialAction":[{"@type":"ReadAction","target":["https:\/\/regiaonews.net.br\/2022\/2023\/10\/31\/governo-abre-concurso-para-contratacao-de-2-700-soldados-pm-2a-classe\/"]}]},{"@type":"ImageObject","inLanguage":"pt-BR","@id":"https:\/\/regiaonews.net.br\/2022\/2023\/10\/31\/governo-abre-concurso-para-contratacao-de-2-700-soldados-pm-2a-classe\/#primaryimage","url":"https:\/\/regiaonews.net.br\/2022\/wp-content\/uploads\/2023\/10\/00051888.jpeg","contentUrl":"https:\/\/regiaonews.net.br\/2022\/wp-content\/uploads\/2023\/10\/00051888.jpeg","width":800,"height":533},{"@type":"BreadcrumbList","@id":"https:\/\/regiaonews.net.br\/2022\/2023\/10\/31\/governo-abre-concurso-para-contratacao-de-2-700-soldados-pm-2a-classe\/#breadcrumb","itemListElement":[{"@type":"ListItem","position":1,"name":"In\u00edcio","item":"https:\/\/regiaonews.net.br\/2022\/"},{"@type":"ListItem","position":2,"name":"Governo abre concurso para contrata\u00e7\u00e3o de 2.700 soldados PM 2\u00aa classe"}]},{"@type":"WebSite","@id":"https:\/\/regiaonews.net.br\/2022\/#website","url":"https:\/\/regiaonews.net.br\/2022\/","name":"Regi\u00e3o News","description":"Site de Not\u00edcias de Barretos e regi\u00e3o","publisher":{"@id":"https:\/\/regiaonews.net.br\/2022\/#organization"},"potentialAction":[{"@type":"SearchAction","target":{"@type":"EntryPoint","urlTemplate":"https:\/\/regiaonews.net.br\/2022\/?s={search_term_string}"},"query-input":{"@type":"PropertyValueSpecification","valueRequired":true,"valueName":"search_term_string"}}],"inLanguage":"pt-BR"},{"@type":"Organization","@id":"https:\/\/regiaonews.net.br\/2022\/#organization","name":"Regi\u00e3o News","url":"https:\/\/regiaonews.net.br\/2022\/","logo":{"@type":"ImageObject","inLanguage":"pt-BR","@id":"https:\/\/regiaonews.net.br\/2022\/#\/schema\/logo\/image\/","url":"https:\/\/regiaonews.net.br\/2022\/wp-content\/uploads\/2026\/03\/regiao-13-anos-scaled.jpg","contentUrl":"https:\/\/regiaonews.net.br\/2022\/wp-content\/uploads\/2026\/03\/regiao-13-anos-scaled.jpg","width":2560,"height":635,"caption":"Regi\u00e3o News"},"image":{"@id":"https:\/\/regiaonews.net.br\/2022\/#\/schema\/logo\/image\/"}},{"@type":"Person","@id":"https:\/\/regiaonews.net.br\/2022\/#\/schema\/person\/2d205a608a5aa97ac279d7a5e6d89ad8","name":"Roberto","image":{"@type":"ImageObject","inLanguage":"pt-BR","@id":"https:\/\/secure.gravatar.com\/avatar\/42749d8b712ff9d59ca93dc150494e5b55a44134482993f5baeb97e61b7ecc89?s=96&d=mm&r=g","url":"https:\/\/secure.gravatar.com\/avatar\/42749d8b712ff9d59ca93dc150494e5b55a44134482993f5baeb97e61b7ecc89?s=96&d=mm&r=g","contentUrl":"https:\/\/secure.gravatar.com\/avatar\/42749d8b712ff9d59ca93dc150494e5b55a44134482993f5baeb97e61b7ecc89?s=96&d=mm&r=g","caption":"Roberto"},"url":"https:\/\/regiaonews.net.br\/2022\/author\/roberto\/"}]}},"publishpress_future_action":{"enabled":false,"date":"2026-05-04 11:37:35","action":"change-status","newStatus":"draft","terms":[],"taxonomy":"category","extraData":[]},"publishpress_future_workflow_manual_trigger":{"enabledWorkflows":[]},"_links":{"self":[{"href":"https:\/\/regiaonews.net.br\/2022\/wp-json\/wp\/v2\/posts\/97212","targetHints":{"allow":["GET"]}}],"collection":[{"href":"https:\/\/regiaonews.net.br\/2022\/wp-json\/wp\/v2\/posts"}],"about":[{"href":"https:\/\/regiaonews.net.br\/2022\/wp-json\/wp\/v2\/types\/post"}],"author":[{"embeddable":true,"href":"https:\/\/regiaonews.net.br\/2022\/wp-json\/wp\/v2\/users\/2"}],"replies":[{"embeddable":true,"href":"https:\/\/regiaonews.net.br\/2022\/wp-json\/wp\/v2\/comments?post=97212"}],"version-history":[{"count":1,"href":"https:\/\/regiaonews.net.br\/2022\/wp-json\/wp\/v2\/posts\/97212\/revisions"}],"predecessor-version":[{"id":97214,"href":"https:\/\/regiaonews.net.br\/2022\/wp-json\/wp\/v2\/posts\/97212\/revisions\/97214"}],"wp:featuredmedia":[{"embeddable":true,"href":"https:\/\/regiaonews.net.br\/2022\/wp-json\/wp\/v2\/media\/97213"}],"wp:attachment":[{"href":"https:\/\/regiaonews.net.br\/2022\/wp-json\/wp\/v2\/media?parent=97212"}],"wp:term":[{"taxonomy":"category","embeddable":true,"href":"https:\/\/regiaonews.net.br\/2022\/wp-json\/wp\/v2\/categories?post=97212"},{"taxonomy":"post_tag","embeddable":true,"href":"https:\/\/regiaonews.net.br\/2022\/wp-json\/wp\/v2\/tags?post=97212"}],"curies":[{"name":"wp","href":"https:\/\/api.w.org\/{rel}","templated":true}]}}