{"id":97168,"date":"2023-10-30T19:35:15","date_gmt":"2023-10-30T22:35:15","guid":{"rendered":"https:\/\/regiaonews.net.br\/2022\/?p=97168"},"modified":"2023-10-31T06:38:52","modified_gmt":"2023-10-31T09:38:52","slug":"operacao-recupera-carga-de-cigarro-avaliado-em-r-2-milhoes","status":"publish","type":"post","link":"https:\/\/regiaonews.net.br\/2022\/2023\/10\/30\/operacao-recupera-carga-de-cigarro-avaliado-em-r-2-milhoes\/","title":{"rendered":"Opera\u00e7\u00e3o recupera carga de cigarro avaliado em R$ 2 milh\u00f5es"},"content":{"rendered":"<p>Os pol\u00edcias militares da 4\u00aa Companhia da Pol\u00edcia Militar de Gua\u00edra, em opera\u00e7\u00e3o conjunta com a Pol\u00edcia Militar de Planura\/MG atrav\u00e9s dos policiais da 300\u00aa Companhia, desenvolveram uma opera\u00e7\u00e3o na divisa, entre as cidades de Col\u00f4mbia e Planura. A Opera\u00e7\u00e3o aconteceu ap\u00f3s os policiais obterem\u00a0 informa\u00e7\u00f5es sobre o paradeiro de indiv\u00edduos que fazem parte de uma quadrilha especializada em roubos de cargas de alto valor, entre eles, um caso ocorrido no dia 28 de outubro, em Itumbiara\/GO.<br \/>\nNa a\u00e7\u00e3o, os policias militares chegaram at\u00e9 um dos autores que estava planejando a rota para levar a carga roubada para Carapicu\u00edba e regi\u00e3o. J\u00e1 o condutor do caminh\u00e3o com a carga roubada tentou empreender fuga a p\u00e9, foi alcan\u00e7ado, ap\u00f3s dar voz de pris\u00e3o e indaga\u00e7\u00e3o informal, as equipes tomaram conhecimento que havia mais 3 indiv\u00edduos que haviam sa\u00eddo de Planura\/MG com destino a rodovi\u00e1ria de Barretos.<br \/>\nAtrav\u00e9s de imagens das c\u00e2meras de monitoramento, foi obtida as caracter\u00edsticas do ve\u00edculo bem como dos indiv\u00edduos. As equipes da 1\u00aa Companhia de Barretos, identificaram os tr\u00eas indiv\u00edduos que estavam em um estabelecimento comercial de Barretos, onde foram abordados e indagados informalmente, confessando que fazem parte de uma quadrilha especialista em roubos de cargas de alto valor, al\u00e9m disso foi confirmado pelo v\u00eddeo monitoramento de MG que s\u00e3o os mesmos indiv\u00edduos que empreenderam fuga de Planura\/MG.<br \/>\nA ocorr\u00eancia foi apresentada pela Pol\u00edcia de Planura e todos os indiv\u00edduos presos j\u00e1 possuem antecedentes e reincid\u00eancia criminosa pelos crimes nos artigos 157 e 180 do C\u00f3digo Penal.<br \/>\nNa opera\u00e7\u00e3o foram apreendidos um caminh\u00e3o Ford\/Cargo produto de Furto, carga da Souza Cruz e objetos diversos, avaliados em aproximadamente R$ 1,9 milh\u00e3o, Jeep\/Renegade &#8211; BAM4D69, diversas placas de ve\u00edculos, v\u00e1rios aparelhos celulares, R$3.529,00 em esp\u00e9cie, bloqueador de sinais, 12 antenas e 5 presos.<\/p>\n","protected":false},"excerpt":{"rendered":"<p>Os pol\u00edcias militares da 4\u00aa Companhia da Pol\u00edcia Militar de<\/p>\n","protected":false},"author":2,"featured_media":97169,"comment_status":"open","ping_status":"open","sticky":false,"template":"","format":"standard","meta":{"footnotes":""},"categories":[6,42,23],"tags":[],"class_list":["post-97168","post","type-post","status-publish","format-standard","has-post-thumbnail","hentry","category-colombia","category-planura","category-policia"],"yoast_head":"<!-- This site is optimized with the Yoast SEO plugin v27.4 - https:\/\/yoast.com\/product\/yoast-seo-wordpress\/ -->\n<title>Opera\u00e7\u00e3o recupera carga de cigarro avaliado em R$ 2 milh\u00f5es<\/title>\n<meta name=\"description\" content=\"Os pol\u00edcias militares da 4\u00aa Companhia da Pol\u00edcia Militar de Gua\u00edra, em opera\u00e7\u00e3o conjunta com a Pol\u00edcia Militar de Planura\/MG atrav\u00e9s\" \/>\n<meta name=\"robots\" content=\"index, follow, max-snippet:-1, max-image-preview:large, max-video-preview:-1\" \/>\n<link rel=\"canonical\" href=\"https:\/\/regiaonews.net.br\/2022\/2023\/10\/30\/operacao-recupera-carga-de-cigarro-avaliado-em-r-2-milhoes\/\" \/>\n<meta property=\"og:locale\" content=\"pt_BR\" \/>\n<meta property=\"og:type\" content=\"article\" \/>\n<meta property=\"og:title\" content=\"Opera\u00e7\u00e3o recupera carga de cigarro avaliado em R$ 2 milh\u00f5es\" \/>\n<meta property=\"og:description\" content=\"Os pol\u00edcias militares da 4\u00aa Companhia da Pol\u00edcia Militar de Gua\u00edra, em opera\u00e7\u00e3o conjunta com a Pol\u00edcia Militar de Planura\/MG atrav\u00e9s\" \/>\n<meta property=\"og:url\" content=\"https:\/\/regiaonews.net.br\/2022\/2023\/10\/30\/operacao-recupera-carga-de-cigarro-avaliado-em-r-2-milhoes\/\" \/>\n<meta property=\"og:site_name\" content=\"Regi\u00e3o News\" \/>\n<meta property=\"article:published_time\" content=\"2023-10-30T22:35:15+00:00\" \/>\n<meta property=\"article:modified_time\" content=\"2023-10-31T09:38:52+00:00\" \/>\n<meta property=\"og:image\" content=\"https:\/\/regiaonews.net.br\/2022\/wp-content\/uploads\/2023\/10\/WhatsApp-Image-2023-10-30-at-18.00.26-1.jpeg\" \/>\n\t<meta property=\"og:image:width\" content=\"1024\" \/>\n\t<meta property=\"og:image:height\" content=\"1024\" \/>\n\t<meta property=\"og:image:type\" content=\"image\/jpeg\" \/>\n<meta name=\"author\" content=\"Roberto\" \/>\n<meta name=\"twitter:card\" content=\"summary_large_image\" \/>\n<meta name=\"twitter:label1\" content=\"Escrito por\" \/>\n\t<meta name=\"twitter:data1\" content=\"Roberto\" \/>\n\t<meta name=\"twitter:label2\" content=\"Est. tempo de leitura\" \/>\n\t<meta name=\"twitter:data2\" content=\"2 minutos\" \/>\n<script type=\"application\/ld+json\" class=\"yoast-schema-graph\">{\"@context\":\"https:\\\/\\\/schema.org\",\"@graph\":[{\"@type\":\"Article\",\"@id\":\"https:\\\/\\\/regiaonews.net.br\\\/2022\\\/2023\\\/10\\\/30\\\/operacao-recupera-carga-de-cigarro-avaliado-em-r-2-milhoes\\\/#article\",\"isPartOf\":{\"@id\":\"https:\\\/\\\/regiaonews.net.br\\\/2022\\\/2023\\\/10\\\/30\\\/operacao-recupera-carga-de-cigarro-avaliado-em-r-2-milhoes\\\/\"},\"author\":{\"name\":\"Roberto\",\"@id\":\"https:\\\/\\\/regiaonews.net.br\\\/2022\\\/#\\\/schema\\\/person\\\/2d205a608a5aa97ac279d7a5e6d89ad8\"},\"headline\":\"Opera\u00e7\u00e3o recupera carga de cigarro avaliado em R$ 2 milh\u00f5es\",\"datePublished\":\"2023-10-30T22:35:15+00:00\",\"dateModified\":\"2023-10-31T09:38:52+00:00\",\"mainEntityOfPage\":{\"@id\":\"https:\\\/\\\/regiaonews.net.br\\\/2022\\\/2023\\\/10\\\/30\\\/operacao-recupera-carga-de-cigarro-avaliado-em-r-2-milhoes\\\/\"},\"wordCount\":347,\"commentCount\":0,\"publisher\":{\"@id\":\"https:\\\/\\\/regiaonews.net.br\\\/2022\\\/#organization\"},\"image\":{\"@id\":\"https:\\\/\\\/regiaonews.net.br\\\/2022\\\/2023\\\/10\\\/30\\\/operacao-recupera-carga-de-cigarro-avaliado-em-r-2-milhoes\\\/#primaryimage\"},\"thumbnailUrl\":\"https:\\\/\\\/regiaonews.net.br\\\/2022\\\/wp-content\\\/uploads\\\/2023\\\/10\\\/WhatsApp-Image-2023-10-30-at-18.00.26-1.jpeg\",\"articleSection\":[\"Col\u00f4mbia\",\"Planura\",\"Policia\"],\"inLanguage\":\"pt-BR\",\"potentialAction\":[{\"@type\":\"CommentAction\",\"name\":\"Comment\",\"target\":[\"https:\\\/\\\/regiaonews.net.br\\\/2022\\\/2023\\\/10\\\/30\\\/operacao-recupera-carga-de-cigarro-avaliado-em-r-2-milhoes\\\/#respond\"]}]},{\"@type\":\"WebPage\",\"@id\":\"https:\\\/\\\/regiaonews.net.br\\\/2022\\\/2023\\\/10\\\/30\\\/operacao-recupera-carga-de-cigarro-avaliado-em-r-2-milhoes\\\/\",\"url\":\"https:\\\/\\\/regiaonews.net.br\\\/2022\\\/2023\\\/10\\\/30\\\/operacao-recupera-carga-de-cigarro-avaliado-em-r-2-milhoes\\\/\",\"name\":\"Opera\u00e7\u00e3o recupera carga de cigarro avaliado em R$ 2 milh\u00f5es\",\"isPartOf\":{\"@id\":\"https:\\\/\\\/regiaonews.net.br\\\/2022\\\/#website\"},\"primaryImageOfPage\":{\"@id\":\"https:\\\/\\\/regiaonews.net.br\\\/2022\\\/2023\\\/10\\\/30\\\/operacao-recupera-carga-de-cigarro-avaliado-em-r-2-milhoes\\\/#primaryimage\"},\"image\":{\"@id\":\"https:\\\/\\\/regiaonews.net.br\\\/2022\\\/2023\\\/10\\\/30\\\/operacao-recupera-carga-de-cigarro-avaliado-em-r-2-milhoes\\\/#primaryimage\"},\"thumbnailUrl\":\"https:\\\/\\\/regiaonews.net.br\\\/2022\\\/wp-content\\\/uploads\\\/2023\\\/10\\\/WhatsApp-Image-2023-10-30-at-18.00.26-1.jpeg\",\"datePublished\":\"2023-10-30T22:35:15+00:00\",\"dateModified\":\"2023-10-31T09:38:52+00:00\",\"description\":\"Os pol\u00edcias militares da 4\u00aa Companhia da Pol\u00edcia Militar de Gua\u00edra, em opera\u00e7\u00e3o conjunta com a Pol\u00edcia Militar de Planura\\\/MG atrav\u00e9s\",\"breadcrumb\":{\"@id\":\"https:\\\/\\\/regiaonews.net.br\\\/2022\\\/2023\\\/10\\\/30\\\/operacao-recupera-carga-de-cigarro-avaliado-em-r-2-milhoes\\\/#breadcrumb\"},\"inLanguage\":\"pt-BR\",\"potentialAction\":[{\"@type\":\"ReadAction\",\"target\":[\"https:\\\/\\\/regiaonews.net.br\\\/2022\\\/2023\\\/10\\\/30\\\/operacao-recupera-carga-de-cigarro-avaliado-em-r-2-milhoes\\\/\"]}]},{\"@type\":\"ImageObject\",\"inLanguage\":\"pt-BR\",\"@id\":\"https:\\\/\\\/regiaonews.net.br\\\/2022\\\/2023\\\/10\\\/30\\\/operacao-recupera-carga-de-cigarro-avaliado-em-r-2-milhoes\\\/#primaryimage\",\"url\":\"https:\\\/\\\/regiaonews.net.br\\\/2022\\\/wp-content\\\/uploads\\\/2023\\\/10\\\/WhatsApp-Image-2023-10-30-at-18.00.26-1.jpeg\",\"contentUrl\":\"https:\\\/\\\/regiaonews.net.br\\\/2022\\\/wp-content\\\/uploads\\\/2023\\\/10\\\/WhatsApp-Image-2023-10-30-at-18.00.26-1.jpeg\",\"width\":1024,\"height\":1024},{\"@type\":\"BreadcrumbList\",\"@id\":\"https:\\\/\\\/regiaonews.net.br\\\/2022\\\/2023\\\/10\\\/30\\\/operacao-recupera-carga-de-cigarro-avaliado-em-r-2-milhoes\\\/#breadcrumb\",\"itemListElement\":[{\"@type\":\"ListItem\",\"position\":1,\"name\":\"In\u00edcio\",\"item\":\"https:\\\/\\\/regiaonews.net.br\\\/2022\\\/\"},{\"@type\":\"ListItem\",\"position\":2,\"name\":\"Opera\u00e7\u00e3o recupera carga de cigarro avaliado em R$ 2 milh\u00f5es\"}]},{\"@type\":\"WebSite\",\"@id\":\"https:\\\/\\\/regiaonews.net.br\\\/2022\\\/#website\",\"url\":\"https:\\\/\\\/regiaonews.net.br\\\/2022\\\/\",\"name\":\"Regi\u00e3o News\",\"description\":\"Site de Not\u00edcias de Barretos e regi\u00e3o\",\"publisher\":{\"@id\":\"https:\\\/\\\/regiaonews.net.br\\\/2022\\\/#organization\"},\"potentialAction\":[{\"@type\":\"SearchAction\",\"target\":{\"@type\":\"EntryPoint\",\"urlTemplate\":\"https:\\\/\\\/regiaonews.net.br\\\/2022\\\/?s={search_term_string}\"},\"query-input\":{\"@type\":\"PropertyValueSpecification\",\"valueRequired\":true,\"valueName\":\"search_term_string\"}}],\"inLanguage\":\"pt-BR\"},{\"@type\":\"Organization\",\"@id\":\"https:\\\/\\\/regiaonews.net.br\\\/2022\\\/#organization\",\"name\":\"Regi\u00e3o News\",\"url\":\"https:\\\/\\\/regiaonews.net.br\\\/2022\\\/\",\"logo\":{\"@type\":\"ImageObject\",\"inLanguage\":\"pt-BR\",\"@id\":\"https:\\\/\\\/regiaonews.net.br\\\/2022\\\/#\\\/schema\\\/logo\\\/image\\\/\",\"url\":\"https:\\\/\\\/regiaonews.net.br\\\/2022\\\/wp-content\\\/uploads\\\/2026\\\/03\\\/regiao-13-anos-scaled.jpg\",\"contentUrl\":\"https:\\\/\\\/regiaonews.net.br\\\/2022\\\/wp-content\\\/uploads\\\/2026\\\/03\\\/regiao-13-anos-scaled.jpg\",\"width\":2560,\"height\":635,\"caption\":\"Regi\u00e3o News\"},\"image\":{\"@id\":\"https:\\\/\\\/regiaonews.net.br\\\/2022\\\/#\\\/schema\\\/logo\\\/image\\\/\"}},{\"@type\":\"Person\",\"@id\":\"https:\\\/\\\/regiaonews.net.br\\\/2022\\\/#\\\/schema\\\/person\\\/2d205a608a5aa97ac279d7a5e6d89ad8\",\"name\":\"Roberto\",\"image\":{\"@type\":\"ImageObject\",\"inLanguage\":\"pt-BR\",\"@id\":\"https:\\\/\\\/secure.gravatar.com\\\/avatar\\\/42749d8b712ff9d59ca93dc150494e5b55a44134482993f5baeb97e61b7ecc89?s=96&d=mm&r=g\",\"url\":\"https:\\\/\\\/secure.gravatar.com\\\/avatar\\\/42749d8b712ff9d59ca93dc150494e5b55a44134482993f5baeb97e61b7ecc89?s=96&d=mm&r=g\",\"contentUrl\":\"https:\\\/\\\/secure.gravatar.com\\\/avatar\\\/42749d8b712ff9d59ca93dc150494e5b55a44134482993f5baeb97e61b7ecc89?s=96&d=mm&r=g\",\"caption\":\"Roberto\"},\"url\":\"https:\\\/\\\/regiaonews.net.br\\\/2022\\\/author\\\/roberto\\\/\"}]}<\/script>\n<!-- \/ Yoast SEO plugin. -->","yoast_head_json":{"title":"Opera\u00e7\u00e3o recupera carga de cigarro avaliado em R$ 2 milh\u00f5es","description":"Os pol\u00edcias militares da 4\u00aa Companhia da Pol\u00edcia Militar de Gua\u00edra, em opera\u00e7\u00e3o conjunta com a Pol\u00edcia Militar de Planura\/MG atrav\u00e9s","robots":{"index":"index","follow":"follow","max-snippet":"max-snippet:-1","max-image-preview":"max-image-preview:large","max-video-preview":"max-video-preview:-1"},"canonical":"https:\/\/regiaonews.net.br\/2022\/2023\/10\/30\/operacao-recupera-carga-de-cigarro-avaliado-em-r-2-milhoes\/","og_locale":"pt_BR","og_type":"article","og_title":"Opera\u00e7\u00e3o recupera carga de cigarro avaliado em R$ 2 milh\u00f5es","og_description":"Os pol\u00edcias militares da 4\u00aa Companhia da Pol\u00edcia Militar de Gua\u00edra, em opera\u00e7\u00e3o conjunta com a Pol\u00edcia Militar de Planura\/MG atrav\u00e9s","og_url":"https:\/\/regiaonews.net.br\/2022\/2023\/10\/30\/operacao-recupera-carga-de-cigarro-avaliado-em-r-2-milhoes\/","og_site_name":"Regi\u00e3o News","article_published_time":"2023-10-30T22:35:15+00:00","article_modified_time":"2023-10-31T09:38:52+00:00","og_image":[{"width":1024,"height":1024,"url":"https:\/\/regiaonews.net.br\/2022\/wp-content\/uploads\/2023\/10\/WhatsApp-Image-2023-10-30-at-18.00.26-1.jpeg","type":"image\/jpeg"}],"author":"Roberto","twitter_card":"summary_large_image","twitter_misc":{"Escrito por":"Roberto","Est. tempo de leitura":"2 minutos"},"schema":{"@context":"https:\/\/schema.org","@graph":[{"@type":"Article","@id":"https:\/\/regiaonews.net.br\/2022\/2023\/10\/30\/operacao-recupera-carga-de-cigarro-avaliado-em-r-2-milhoes\/#article","isPartOf":{"@id":"https:\/\/regiaonews.net.br\/2022\/2023\/10\/30\/operacao-recupera-carga-de-cigarro-avaliado-em-r-2-milhoes\/"},"author":{"name":"Roberto","@id":"https:\/\/regiaonews.net.br\/2022\/#\/schema\/person\/2d205a608a5aa97ac279d7a5e6d89ad8"},"headline":"Opera\u00e7\u00e3o recupera carga de cigarro avaliado em R$ 2 milh\u00f5es","datePublished":"2023-10-30T22:35:15+00:00","dateModified":"2023-10-31T09:38:52+00:00","mainEntityOfPage":{"@id":"https:\/\/regiaonews.net.br\/2022\/2023\/10\/30\/operacao-recupera-carga-de-cigarro-avaliado-em-r-2-milhoes\/"},"wordCount":347,"commentCount":0,"publisher":{"@id":"https:\/\/regiaonews.net.br\/2022\/#organization"},"image":{"@id":"https:\/\/regiaonews.net.br\/2022\/2023\/10\/30\/operacao-recupera-carga-de-cigarro-avaliado-em-r-2-milhoes\/#primaryimage"},"thumbnailUrl":"https:\/\/regiaonews.net.br\/2022\/wp-content\/uploads\/2023\/10\/WhatsApp-Image-2023-10-30-at-18.00.26-1.jpeg","articleSection":["Col\u00f4mbia","Planura","Policia"],"inLanguage":"pt-BR","potentialAction":[{"@type":"CommentAction","name":"Comment","target":["https:\/\/regiaonews.net.br\/2022\/2023\/10\/30\/operacao-recupera-carga-de-cigarro-avaliado-em-r-2-milhoes\/#respond"]}]},{"@type":"WebPage","@id":"https:\/\/regiaonews.net.br\/2022\/2023\/10\/30\/operacao-recupera-carga-de-cigarro-avaliado-em-r-2-milhoes\/","url":"https:\/\/regiaonews.net.br\/2022\/2023\/10\/30\/operacao-recupera-carga-de-cigarro-avaliado-em-r-2-milhoes\/","name":"Opera\u00e7\u00e3o recupera carga de cigarro avaliado em R$ 2 milh\u00f5es","isPartOf":{"@id":"https:\/\/regiaonews.net.br\/2022\/#website"},"primaryImageOfPage":{"@id":"https:\/\/regiaonews.net.br\/2022\/2023\/10\/30\/operacao-recupera-carga-de-cigarro-avaliado-em-r-2-milhoes\/#primaryimage"},"image":{"@id":"https:\/\/regiaonews.net.br\/2022\/2023\/10\/30\/operacao-recupera-carga-de-cigarro-avaliado-em-r-2-milhoes\/#primaryimage"},"thumbnailUrl":"https:\/\/regiaonews.net.br\/2022\/wp-content\/uploads\/2023\/10\/WhatsApp-Image-2023-10-30-at-18.00.26-1.jpeg","datePublished":"2023-10-30T22:35:15+00:00","dateModified":"2023-10-31T09:38:52+00:00","description":"Os pol\u00edcias militares da 4\u00aa Companhia da Pol\u00edcia Militar de Gua\u00edra, em opera\u00e7\u00e3o conjunta com a Pol\u00edcia Militar de Planura\/MG atrav\u00e9s","breadcrumb":{"@id":"https:\/\/regiaonews.net.br\/2022\/2023\/10\/30\/operacao-recupera-carga-de-cigarro-avaliado-em-r-2-milhoes\/#breadcrumb"},"inLanguage":"pt-BR","potentialAction":[{"@type":"ReadAction","target":["https:\/\/regiaonews.net.br\/2022\/2023\/10\/30\/operacao-recupera-carga-de-cigarro-avaliado-em-r-2-milhoes\/"]}]},{"@type":"ImageObject","inLanguage":"pt-BR","@id":"https:\/\/regiaonews.net.br\/2022\/2023\/10\/30\/operacao-recupera-carga-de-cigarro-avaliado-em-r-2-milhoes\/#primaryimage","url":"https:\/\/regiaonews.net.br\/2022\/wp-content\/uploads\/2023\/10\/WhatsApp-Image-2023-10-30-at-18.00.26-1.jpeg","contentUrl":"https:\/\/regiaonews.net.br\/2022\/wp-content\/uploads\/2023\/10\/WhatsApp-Image-2023-10-30-at-18.00.26-1.jpeg","width":1024,"height":1024},{"@type":"BreadcrumbList","@id":"https:\/\/regiaonews.net.br\/2022\/2023\/10\/30\/operacao-recupera-carga-de-cigarro-avaliado-em-r-2-milhoes\/#breadcrumb","itemListElement":[{"@type":"ListItem","position":1,"name":"In\u00edcio","item":"https:\/\/regiaonews.net.br\/2022\/"},{"@type":"ListItem","position":2,"name":"Opera\u00e7\u00e3o recupera carga de cigarro avaliado em R$ 2 milh\u00f5es"}]},{"@type":"WebSite","@id":"https:\/\/regiaonews.net.br\/2022\/#website","url":"https:\/\/regiaonews.net.br\/2022\/","name":"Regi\u00e3o News","description":"Site de Not\u00edcias de Barretos e regi\u00e3o","publisher":{"@id":"https:\/\/regiaonews.net.br\/2022\/#organization"},"potentialAction":[{"@type":"SearchAction","target":{"@type":"EntryPoint","urlTemplate":"https:\/\/regiaonews.net.br\/2022\/?s={search_term_string}"},"query-input":{"@type":"PropertyValueSpecification","valueRequired":true,"valueName":"search_term_string"}}],"inLanguage":"pt-BR"},{"@type":"Organization","@id":"https:\/\/regiaonews.net.br\/2022\/#organization","name":"Regi\u00e3o News","url":"https:\/\/regiaonews.net.br\/2022\/","logo":{"@type":"ImageObject","inLanguage":"pt-BR","@id":"https:\/\/regiaonews.net.br\/2022\/#\/schema\/logo\/image\/","url":"https:\/\/regiaonews.net.br\/2022\/wp-content\/uploads\/2026\/03\/regiao-13-anos-scaled.jpg","contentUrl":"https:\/\/regiaonews.net.br\/2022\/wp-content\/uploads\/2026\/03\/regiao-13-anos-scaled.jpg","width":2560,"height":635,"caption":"Regi\u00e3o News"},"image":{"@id":"https:\/\/regiaonews.net.br\/2022\/#\/schema\/logo\/image\/"}},{"@type":"Person","@id":"https:\/\/regiaonews.net.br\/2022\/#\/schema\/person\/2d205a608a5aa97ac279d7a5e6d89ad8","name":"Roberto","image":{"@type":"ImageObject","inLanguage":"pt-BR","@id":"https:\/\/secure.gravatar.com\/avatar\/42749d8b712ff9d59ca93dc150494e5b55a44134482993f5baeb97e61b7ecc89?s=96&d=mm&r=g","url":"https:\/\/secure.gravatar.com\/avatar\/42749d8b712ff9d59ca93dc150494e5b55a44134482993f5baeb97e61b7ecc89?s=96&d=mm&r=g","contentUrl":"https:\/\/secure.gravatar.com\/avatar\/42749d8b712ff9d59ca93dc150494e5b55a44134482993f5baeb97e61b7ecc89?s=96&d=mm&r=g","caption":"Roberto"},"url":"https:\/\/regiaonews.net.br\/2022\/author\/roberto\/"}]}},"publishpress_future_action":{"enabled":false,"date":"2026-05-04 11:38:11","action":"change-status","newStatus":"draft","terms":[],"taxonomy":"category","extraData":[]},"publishpress_future_workflow_manual_trigger":{"enabledWorkflows":[]},"_links":{"self":[{"href":"https:\/\/regiaonews.net.br\/2022\/wp-json\/wp\/v2\/posts\/97168","targetHints":{"allow":["GET"]}}],"collection":[{"href":"https:\/\/regiaonews.net.br\/2022\/wp-json\/wp\/v2\/posts"}],"about":[{"href":"https:\/\/regiaonews.net.br\/2022\/wp-json\/wp\/v2\/types\/post"}],"author":[{"embeddable":true,"href":"https:\/\/regiaonews.net.br\/2022\/wp-json\/wp\/v2\/users\/2"}],"replies":[{"embeddable":true,"href":"https:\/\/regiaonews.net.br\/2022\/wp-json\/wp\/v2\/comments?post=97168"}],"version-history":[{"count":3,"href":"https:\/\/regiaonews.net.br\/2022\/wp-json\/wp\/v2\/posts\/97168\/revisions"}],"predecessor-version":[{"id":97201,"href":"https:\/\/regiaonews.net.br\/2022\/wp-json\/wp\/v2\/posts\/97168\/revisions\/97201"}],"wp:featuredmedia":[{"embeddable":true,"href":"https:\/\/regiaonews.net.br\/2022\/wp-json\/wp\/v2\/media\/97169"}],"wp:attachment":[{"href":"https:\/\/regiaonews.net.br\/2022\/wp-json\/wp\/v2\/media?parent=97168"}],"wp:term":[{"taxonomy":"category","embeddable":true,"href":"https:\/\/regiaonews.net.br\/2022\/wp-json\/wp\/v2\/categories?post=97168"},{"taxonomy":"post_tag","embeddable":true,"href":"https:\/\/regiaonews.net.br\/2022\/wp-json\/wp\/v2\/tags?post=97168"}],"curies":[{"name":"wp","href":"https:\/\/api.w.org\/{rel}","templated":true}]}}