{"id":97165,"date":"2023-10-30T16:29:06","date_gmt":"2023-10-30T19:29:06","guid":{"rendered":"https:\/\/regiaonews.net.br\/2022\/?p=97165"},"modified":"2023-10-30T16:29:06","modified_gmt":"2023-10-30T19:29:06","slug":"olimpia-recebe-circuito-sesc-de-artes-neste-sabado-4","status":"publish","type":"post","link":"https:\/\/regiaonews.net.br\/2022\/2023\/10\/30\/olimpia-recebe-circuito-sesc-de-artes-neste-sabado-4\/","title":{"rendered":"Ol\u00edmpia recebe Circuito Sesc de Artes neste s\u00e1bado (4)"},"content":{"rendered":"<div>A Est\u00e2ncia Tur\u00edstica de Ol\u00edmpia receber\u00e1 neste s\u00e1bado, 4 de novembro, o Circuito Sesc de Artes 2023. Neste ano, as atra\u00e7\u00f5es ser\u00e3o realizadas na ECO \u2013 Esta\u00e7\u00e3o Cultural de Ol\u00edmpia. A partir das 16 horas, diversas atividades gratuitas com dan\u00e7a, m\u00fasica, oficinas, apresenta\u00e7\u00f5es culturais e a\u00e7\u00f5es liter\u00e1rias estar\u00e3o \u00e0 disposi\u00e7\u00e3o de toda popula\u00e7\u00e3o olimpiense.<\/div>\n<div>\n<p><span style=\"font-family: arial, sans-serif;\">O Circuito Sesc de Artes chega a 2023 levando uma programa\u00e7\u00e3o gratuita para 123 cidades do Estado de S\u00e3o Paulo. Realizado pelo Sesc S\u00e3o Paulo, o circuito chega a Ol\u00edmpia por meio do SESC Catanduva em parceria com secretaria de Turismo e Cultura. O evento re\u00fane 75 trabalhos art\u00edsticos distribu\u00eddos em seis finais de semana entre os dias 21 de outubro e 26 de novembro. Ser\u00e3o mais de 700 atividades divididas em 12 roteiros diferentes, que percorrer\u00e3o munic\u00edpios da Grande S\u00e3o Paulo, interior e litoral paulista abrangendo todas as idades e interesses.<\/span><\/p>\n<p><span style=\"font-family: arial, sans-serif;\">Em Ol\u00edmpia, com uma programa\u00e7\u00e3o diversificada de dan\u00e7as, literatura, artes visuais, teatro, m\u00fasica e show de circo, a escolha das\u00a0atra\u00e7\u00f5es\u00a0mostrou\u00a0um\u00a0olhar\u00a0atento\u00a0para\u00a0a\u00a0diversidade\u00a0e\u00a0a\u00a0representatividade.<\/span><\/p>\n<h1><span lang=\"PT\"><span style=\"font-family: arial, sans-serif; font-size: small;\">Programa\u00e7\u00e3o<\/span><\/span><\/h1>\n<p><span lang=\"PT\"><span style=\"font-family: arial, sans-serif;\">A\u00a0m\u00fasica\u00a0marca\u00a0presen\u00e7a\u00a0na\u00a0edi\u00e7\u00e3o\u00a02023\u00a0do\u00a0Circuito\u00a0Sesc\u00a0de\u00a0Artes\u00a0com\u00a0apresenta\u00e7\u00f5es\u00a0das\u00a0DJs\u00a0<u>Alliblack<\/u>\u00a0e\u00a0<u>Emily\u00a0Souza<\/u>,\u00a0que\u00a0trazem uma sele\u00e7\u00e3o de ritmos da cultura negra, como hip hop, jazz,\u00a0blues, samba, soul, funk e afrobeat. Nascida no Mato Grosso do Sul,\u00a0<u>Alliblack<\/u>\u00a0\u00e9\u00a0poeta, rapper, DJ, mestre de cerim\u00f4nias e produtora cultural. De S\u00e3o Paulo,\u00a0<u>Emily<\/u>\u00a0<u>Souza<\/u>\u00a0atua\u00a0como\u00a0DJ e\u00a0produtora\u00a0de\u00a0eventos do\u00a0Slam Quilombo\u00a0de\u00a0Dandara.<\/span><\/span><\/p>\n<p><span lang=\"PT\"><span style=\"font-family: arial, sans-serif;\">Outra atra\u00e7\u00e3o musical \u00e9 o projeto\u00a0<i>Moda de Rock, dos\u00a0<\/i>m\u00fasicos\u00a0<u>Ricardo Vignini e Z\u00e9<\/u>\u00a0<u>Helder<\/u>, que transforma can\u00e7\u00f5es cl\u00e1ssicas do rock em vers\u00f5es instrumentais para\u00a0viola caipira. O repert\u00f3rio combina sucessos de bandas nacionais, como Mutantes,\u00a0Novos Baianos, Ira! e Plebe Rude, e estrangeiras, a exemplo de Beatles, Nirvana,\u00a0Queen\u00a0e\u00a0Led\u00a0Zeppelin.<\/span><\/span><\/p>\n<p><span lang=\"PT\"><span style=\"font-family: arial, sans-serif;\">P\u00fablicos de todas as idades poder\u00e3o se divertir com a interven\u00e7\u00e3o\u00a0<i>Cabe\u00e7\u00e3o Pelo\u00a0Mundo,\u00a0<\/i>da\u00a0dan\u00e7arina\u00a0e\u00a0manipuladora\u00a0<u>Maria\u00a0Eugenia\u00a0Tita<\/u>,\u00a0que\u00a0d\u00e1\u00a0vida\u00a0ao\u00a0simp\u00e1tico\u00a0e encantador boneco Cabe\u00e7\u00e3o,\u00a0herdeiro das tradi\u00e7\u00f5es populares brasileiras. Ao\u00a0ritmo de passos de frevo, cavalo marinho, caboclinho e capoeira, ele convida a\u00a0plateia\u00a0a\u00a0se\u00a0entregar\u00a0\u00e0\u00a0dan\u00e7a\u00a0e\u00a0ao\u00a0riso.<\/span><\/span><\/p>\n<p><span lang=\"PT\"><span style=\"font-family: arial, sans-serif;\">Equilibrismo,\u00a0malabarismo\u00a0e\u00a0acrobacias\u00a0conduzem\u00a0o\u00a0espet\u00e1culo\u00a0<i>Herolino,\u00a0o\u00a0faxineiro<\/i>, de\u00a0<u>Erickson Almeida<\/u>, que transforma a limpeza em um grande show.\u00a0Quando chega para seu primeiro dia de trabalho em um novo local \u2013 o circo \u2013, o\u00a0faxineiro Herolino se deixa levar pela imagina\u00e7\u00e3o e inventa n\u00fameros incr\u00edveis com\u00a0vassoura, balde\u00a0e\u00a0espanador.<\/span><\/span><\/p>\n<p><span lang=\"PT\"><span style=\"font-family: arial, sans-serif;\">Usando \u00f3culos e fones de ouvido especiais, o p\u00fablico poder\u00e1 participar de uma\u00a0experi\u00eancia\u00a0de\u00a0cinema\u00a0em\u00a0realidade\u00a0virtual.\u00a0Em\u00a0<i>Amaz\u00f4nia\u00a0Viva\u00a0<\/i>[Dir:\u00a0Estev\u00e3o\u00a0Ciavatta, Brasil, 2022, 10 min], o p\u00fablico \u00e9 transportado para a regi\u00e3o do rio Tapaj\u00f3s\u00a0e viaja ao cora\u00e7\u00e3o da floresta. Conduzida pela l\u00edder ind\u00edgena Raquel Tupinamb\u00e1, da\u00a0comunidade Surucu\u00e1, a narrativa ajuda a entender a import\u00e2ncia do local e de sua\u00a0preserva\u00e7\u00e3o. Em 2023, a obra levou o pr\u00eamio de Melhor Filme de Realidade Virtual\u00a0360\u00b0 no\u00a0Barcelona\u00a0Planet Film\u00a0Festival.<\/span><\/span><\/p>\n<p><span lang=\"PT\"><span style=\"font-family: arial, sans-serif;\">Na oficina\u00a0<i>Sonoril\u00e2ndia em Sinopets<\/i>, o artista, educador e musicoterapeuta Andr\u00e9\u00a0Pereira Lindenberg, conhecido como\u00a0<u>Ded\u00e9co<\/u>, prop\u00f5e a transforma\u00e7\u00e3o de garrafas\u00a0PET em instrumentos musicais. A atividade mostra como produzir sinopets, sinos\u00a0feitos com o material. Ao final, o p\u00fablico \u00e9 convidado\u00a0a\u00a0se aventurar como\u00a0regente\u00a0da\u00a0sinfonia\u00a0sonora\u00a0produzida\u00a0em\u00a0conjunto.<\/span><\/span><\/p>\n<p><span lang=\"PT\"><span style=\"font-family: arial, sans-serif;\">J\u00e1 com a\u00a0<i>Bikeoteca<\/i>, uma bicicleta transformada em biblioteca ambulante, o grupo\u00a0<u>Hist\u00f3rias da Nana<\/u>, de Presidente Prudente, busca estimular a forma\u00e7\u00e3o de leitores.\u00a0Al\u00e9m de explorar livremente os t\u00edtulos dispon\u00edveis, com sugest\u00f5es para todas as\u00a0idades, o p\u00fablico pode pedir indica\u00e7\u00f5es e participar de media\u00e7\u00f5es individuais e\u00a0intera\u00e7\u00f5es liter\u00e1rias.<\/span><\/span><\/p>\n<p><span style=\"font-family: arial, helvetica, sans-serif;\"><b>Prefeitura da Est\u00e2ncia Tur\u00edstica de Ol\u00edmpia<\/b><\/span><\/p>\n<\/div>\n","protected":false},"excerpt":{"rendered":"<p>A Est\u00e2ncia Tur\u00edstica de Ol\u00edmpia receber\u00e1 neste s\u00e1bado, 4 de<\/p>\n","protected":false},"author":2,"featured_media":97166,"comment_status":"open","ping_status":"open","sticky":false,"template":"","format":"standard","meta":{"footnotes":""},"categories":[25,178],"tags":[],"class_list":["post-97165","post","type-post","status-publish","format-standard","has-post-thumbnail","hentry","category-cidades","category-olimpia-2"],"yoast_head":"<!-- This site is optimized with the Yoast SEO plugin v27.4 - https:\/\/yoast.com\/product\/yoast-seo-wordpress\/ -->\n<title>Ol\u00edmpia recebe Circuito Sesc de Artes neste s\u00e1bado (4) - Regi\u00e3o News<\/title>\n<meta name=\"robots\" content=\"index, follow, max-snippet:-1, max-image-preview:large, max-video-preview:-1\" \/>\n<link rel=\"canonical\" href=\"https:\/\/regiaonews.net.br\/2022\/2023\/10\/30\/olimpia-recebe-circuito-sesc-de-artes-neste-sabado-4\/\" \/>\n<meta property=\"og:locale\" content=\"pt_BR\" \/>\n<meta property=\"og:type\" content=\"article\" \/>\n<meta property=\"og:title\" content=\"Ol\u00edmpia recebe Circuito Sesc de Artes neste s\u00e1bado (4) - Regi\u00e3o News\" \/>\n<meta property=\"og:description\" content=\"A Est\u00e2ncia Tur\u00edstica de Ol\u00edmpia receber\u00e1 neste s\u00e1bado, 4 de\" \/>\n<meta property=\"og:url\" content=\"https:\/\/regiaonews.net.br\/2022\/2023\/10\/30\/olimpia-recebe-circuito-sesc-de-artes-neste-sabado-4\/\" \/>\n<meta property=\"og:site_name\" content=\"Regi\u00e3o News\" \/>\n<meta property=\"article:published_time\" content=\"2023-10-30T19:29:06+00:00\" \/>\n<meta property=\"og:image\" content=\"https:\/\/regiaonews.net.br\/2022\/wp-content\/uploads\/2023\/10\/Circuito-Sesc-Arquivo.jpg\" \/>\n\t<meta property=\"og:image:width\" content=\"2464\" \/>\n\t<meta property=\"og:image:height\" content=\"1632\" \/>\n\t<meta property=\"og:image:type\" content=\"image\/jpeg\" \/>\n<meta name=\"author\" content=\"Roberto\" \/>\n<meta name=\"twitter:card\" content=\"summary_large_image\" \/>\n<meta name=\"twitter:label1\" content=\"Escrito por\" \/>\n\t<meta name=\"twitter:data1\" content=\"Roberto\" \/>\n\t<meta name=\"twitter:label2\" content=\"Est. tempo de leitura\" \/>\n\t<meta name=\"twitter:data2\" content=\"4 minutos\" \/>\n<script type=\"application\/ld+json\" class=\"yoast-schema-graph\">{\"@context\":\"https:\\\/\\\/schema.org\",\"@graph\":[{\"@type\":\"Article\",\"@id\":\"https:\\\/\\\/regiaonews.net.br\\\/2022\\\/2023\\\/10\\\/30\\\/olimpia-recebe-circuito-sesc-de-artes-neste-sabado-4\\\/#article\",\"isPartOf\":{\"@id\":\"https:\\\/\\\/regiaonews.net.br\\\/2022\\\/2023\\\/10\\\/30\\\/olimpia-recebe-circuito-sesc-de-artes-neste-sabado-4\\\/\"},\"author\":{\"name\":\"Roberto\",\"@id\":\"https:\\\/\\\/regiaonews.net.br\\\/2022\\\/#\\\/schema\\\/person\\\/2d205a608a5aa97ac279d7a5e6d89ad8\"},\"headline\":\"Ol\u00edmpia recebe Circuito Sesc de Artes neste s\u00e1bado (4)\",\"datePublished\":\"2023-10-30T19:29:06+00:00\",\"mainEntityOfPage\":{\"@id\":\"https:\\\/\\\/regiaonews.net.br\\\/2022\\\/2023\\\/10\\\/30\\\/olimpia-recebe-circuito-sesc-de-artes-neste-sabado-4\\\/\"},\"wordCount\":689,\"commentCount\":0,\"publisher\":{\"@id\":\"https:\\\/\\\/regiaonews.net.br\\\/2022\\\/#organization\"},\"image\":{\"@id\":\"https:\\\/\\\/regiaonews.net.br\\\/2022\\\/2023\\\/10\\\/30\\\/olimpia-recebe-circuito-sesc-de-artes-neste-sabado-4\\\/#primaryimage\"},\"thumbnailUrl\":\"https:\\\/\\\/regiaonews.net.br\\\/2022\\\/wp-content\\\/uploads\\\/2023\\\/10\\\/Circuito-Sesc-Arquivo.jpg\",\"articleSection\":[\"Cidades\",\"Ol\u00edmpia\"],\"inLanguage\":\"pt-BR\",\"potentialAction\":[{\"@type\":\"CommentAction\",\"name\":\"Comment\",\"target\":[\"https:\\\/\\\/regiaonews.net.br\\\/2022\\\/2023\\\/10\\\/30\\\/olimpia-recebe-circuito-sesc-de-artes-neste-sabado-4\\\/#respond\"]}]},{\"@type\":\"WebPage\",\"@id\":\"https:\\\/\\\/regiaonews.net.br\\\/2022\\\/2023\\\/10\\\/30\\\/olimpia-recebe-circuito-sesc-de-artes-neste-sabado-4\\\/\",\"url\":\"https:\\\/\\\/regiaonews.net.br\\\/2022\\\/2023\\\/10\\\/30\\\/olimpia-recebe-circuito-sesc-de-artes-neste-sabado-4\\\/\",\"name\":\"Ol\u00edmpia recebe Circuito Sesc de Artes neste s\u00e1bado (4) - Regi\u00e3o News\",\"isPartOf\":{\"@id\":\"https:\\\/\\\/regiaonews.net.br\\\/2022\\\/#website\"},\"primaryImageOfPage\":{\"@id\":\"https:\\\/\\\/regiaonews.net.br\\\/2022\\\/2023\\\/10\\\/30\\\/olimpia-recebe-circuito-sesc-de-artes-neste-sabado-4\\\/#primaryimage\"},\"image\":{\"@id\":\"https:\\\/\\\/regiaonews.net.br\\\/2022\\\/2023\\\/10\\\/30\\\/olimpia-recebe-circuito-sesc-de-artes-neste-sabado-4\\\/#primaryimage\"},\"thumbnailUrl\":\"https:\\\/\\\/regiaonews.net.br\\\/2022\\\/wp-content\\\/uploads\\\/2023\\\/10\\\/Circuito-Sesc-Arquivo.jpg\",\"datePublished\":\"2023-10-30T19:29:06+00:00\",\"breadcrumb\":{\"@id\":\"https:\\\/\\\/regiaonews.net.br\\\/2022\\\/2023\\\/10\\\/30\\\/olimpia-recebe-circuito-sesc-de-artes-neste-sabado-4\\\/#breadcrumb\"},\"inLanguage\":\"pt-BR\",\"potentialAction\":[{\"@type\":\"ReadAction\",\"target\":[\"https:\\\/\\\/regiaonews.net.br\\\/2022\\\/2023\\\/10\\\/30\\\/olimpia-recebe-circuito-sesc-de-artes-neste-sabado-4\\\/\"]}]},{\"@type\":\"ImageObject\",\"inLanguage\":\"pt-BR\",\"@id\":\"https:\\\/\\\/regiaonews.net.br\\\/2022\\\/2023\\\/10\\\/30\\\/olimpia-recebe-circuito-sesc-de-artes-neste-sabado-4\\\/#primaryimage\",\"url\":\"https:\\\/\\\/regiaonews.net.br\\\/2022\\\/wp-content\\\/uploads\\\/2023\\\/10\\\/Circuito-Sesc-Arquivo.jpg\",\"contentUrl\":\"https:\\\/\\\/regiaonews.net.br\\\/2022\\\/wp-content\\\/uploads\\\/2023\\\/10\\\/Circuito-Sesc-Arquivo.jpg\",\"width\":2464,\"height\":1632},{\"@type\":\"BreadcrumbList\",\"@id\":\"https:\\\/\\\/regiaonews.net.br\\\/2022\\\/2023\\\/10\\\/30\\\/olimpia-recebe-circuito-sesc-de-artes-neste-sabado-4\\\/#breadcrumb\",\"itemListElement\":[{\"@type\":\"ListItem\",\"position\":1,\"name\":\"In\u00edcio\",\"item\":\"https:\\\/\\\/regiaonews.net.br\\\/2022\\\/\"},{\"@type\":\"ListItem\",\"position\":2,\"name\":\"Ol\u00edmpia recebe Circuito Sesc de Artes neste s\u00e1bado (4)\"}]},{\"@type\":\"WebSite\",\"@id\":\"https:\\\/\\\/regiaonews.net.br\\\/2022\\\/#website\",\"url\":\"https:\\\/\\\/regiaonews.net.br\\\/2022\\\/\",\"name\":\"Regi\u00e3o News\",\"description\":\"Site de Not\u00edcias de Barretos e regi\u00e3o\",\"publisher\":{\"@id\":\"https:\\\/\\\/regiaonews.net.br\\\/2022\\\/#organization\"},\"potentialAction\":[{\"@type\":\"SearchAction\",\"target\":{\"@type\":\"EntryPoint\",\"urlTemplate\":\"https:\\\/\\\/regiaonews.net.br\\\/2022\\\/?s={search_term_string}\"},\"query-input\":{\"@type\":\"PropertyValueSpecification\",\"valueRequired\":true,\"valueName\":\"search_term_string\"}}],\"inLanguage\":\"pt-BR\"},{\"@type\":\"Organization\",\"@id\":\"https:\\\/\\\/regiaonews.net.br\\\/2022\\\/#organization\",\"name\":\"Regi\u00e3o News\",\"url\":\"https:\\\/\\\/regiaonews.net.br\\\/2022\\\/\",\"logo\":{\"@type\":\"ImageObject\",\"inLanguage\":\"pt-BR\",\"@id\":\"https:\\\/\\\/regiaonews.net.br\\\/2022\\\/#\\\/schema\\\/logo\\\/image\\\/\",\"url\":\"https:\\\/\\\/regiaonews.net.br\\\/2022\\\/wp-content\\\/uploads\\\/2026\\\/03\\\/regiao-13-anos-scaled.jpg\",\"contentUrl\":\"https:\\\/\\\/regiaonews.net.br\\\/2022\\\/wp-content\\\/uploads\\\/2026\\\/03\\\/regiao-13-anos-scaled.jpg\",\"width\":2560,\"height\":635,\"caption\":\"Regi\u00e3o News\"},\"image\":{\"@id\":\"https:\\\/\\\/regiaonews.net.br\\\/2022\\\/#\\\/schema\\\/logo\\\/image\\\/\"}},{\"@type\":\"Person\",\"@id\":\"https:\\\/\\\/regiaonews.net.br\\\/2022\\\/#\\\/schema\\\/person\\\/2d205a608a5aa97ac279d7a5e6d89ad8\",\"name\":\"Roberto\",\"image\":{\"@type\":\"ImageObject\",\"inLanguage\":\"pt-BR\",\"@id\":\"https:\\\/\\\/secure.gravatar.com\\\/avatar\\\/42749d8b712ff9d59ca93dc150494e5b55a44134482993f5baeb97e61b7ecc89?s=96&d=mm&r=g\",\"url\":\"https:\\\/\\\/secure.gravatar.com\\\/avatar\\\/42749d8b712ff9d59ca93dc150494e5b55a44134482993f5baeb97e61b7ecc89?s=96&d=mm&r=g\",\"contentUrl\":\"https:\\\/\\\/secure.gravatar.com\\\/avatar\\\/42749d8b712ff9d59ca93dc150494e5b55a44134482993f5baeb97e61b7ecc89?s=96&d=mm&r=g\",\"caption\":\"Roberto\"},\"url\":\"https:\\\/\\\/regiaonews.net.br\\\/2022\\\/author\\\/roberto\\\/\"}]}<\/script>\n<!-- \/ Yoast SEO plugin. -->","yoast_head_json":{"title":"Ol\u00edmpia recebe Circuito Sesc de Artes neste s\u00e1bado (4) - Regi\u00e3o News","robots":{"index":"index","follow":"follow","max-snippet":"max-snippet:-1","max-image-preview":"max-image-preview:large","max-video-preview":"max-video-preview:-1"},"canonical":"https:\/\/regiaonews.net.br\/2022\/2023\/10\/30\/olimpia-recebe-circuito-sesc-de-artes-neste-sabado-4\/","og_locale":"pt_BR","og_type":"article","og_title":"Ol\u00edmpia recebe Circuito Sesc de Artes neste s\u00e1bado (4) - Regi\u00e3o News","og_description":"A Est\u00e2ncia Tur\u00edstica de Ol\u00edmpia receber\u00e1 neste s\u00e1bado, 4 de","og_url":"https:\/\/regiaonews.net.br\/2022\/2023\/10\/30\/olimpia-recebe-circuito-sesc-de-artes-neste-sabado-4\/","og_site_name":"Regi\u00e3o News","article_published_time":"2023-10-30T19:29:06+00:00","og_image":[{"width":2464,"height":1632,"url":"https:\/\/regiaonews.net.br\/2022\/wp-content\/uploads\/2023\/10\/Circuito-Sesc-Arquivo.jpg","type":"image\/jpeg"}],"author":"Roberto","twitter_card":"summary_large_image","twitter_misc":{"Escrito por":"Roberto","Est. tempo de leitura":"4 minutos"},"schema":{"@context":"https:\/\/schema.org","@graph":[{"@type":"Article","@id":"https:\/\/regiaonews.net.br\/2022\/2023\/10\/30\/olimpia-recebe-circuito-sesc-de-artes-neste-sabado-4\/#article","isPartOf":{"@id":"https:\/\/regiaonews.net.br\/2022\/2023\/10\/30\/olimpia-recebe-circuito-sesc-de-artes-neste-sabado-4\/"},"author":{"name":"Roberto","@id":"https:\/\/regiaonews.net.br\/2022\/#\/schema\/person\/2d205a608a5aa97ac279d7a5e6d89ad8"},"headline":"Ol\u00edmpia recebe Circuito Sesc de Artes neste s\u00e1bado (4)","datePublished":"2023-10-30T19:29:06+00:00","mainEntityOfPage":{"@id":"https:\/\/regiaonews.net.br\/2022\/2023\/10\/30\/olimpia-recebe-circuito-sesc-de-artes-neste-sabado-4\/"},"wordCount":689,"commentCount":0,"publisher":{"@id":"https:\/\/regiaonews.net.br\/2022\/#organization"},"image":{"@id":"https:\/\/regiaonews.net.br\/2022\/2023\/10\/30\/olimpia-recebe-circuito-sesc-de-artes-neste-sabado-4\/#primaryimage"},"thumbnailUrl":"https:\/\/regiaonews.net.br\/2022\/wp-content\/uploads\/2023\/10\/Circuito-Sesc-Arquivo.jpg","articleSection":["Cidades","Ol\u00edmpia"],"inLanguage":"pt-BR","potentialAction":[{"@type":"CommentAction","name":"Comment","target":["https:\/\/regiaonews.net.br\/2022\/2023\/10\/30\/olimpia-recebe-circuito-sesc-de-artes-neste-sabado-4\/#respond"]}]},{"@type":"WebPage","@id":"https:\/\/regiaonews.net.br\/2022\/2023\/10\/30\/olimpia-recebe-circuito-sesc-de-artes-neste-sabado-4\/","url":"https:\/\/regiaonews.net.br\/2022\/2023\/10\/30\/olimpia-recebe-circuito-sesc-de-artes-neste-sabado-4\/","name":"Ol\u00edmpia recebe Circuito Sesc de Artes neste s\u00e1bado (4) - Regi\u00e3o News","isPartOf":{"@id":"https:\/\/regiaonews.net.br\/2022\/#website"},"primaryImageOfPage":{"@id":"https:\/\/regiaonews.net.br\/2022\/2023\/10\/30\/olimpia-recebe-circuito-sesc-de-artes-neste-sabado-4\/#primaryimage"},"image":{"@id":"https:\/\/regiaonews.net.br\/2022\/2023\/10\/30\/olimpia-recebe-circuito-sesc-de-artes-neste-sabado-4\/#primaryimage"},"thumbnailUrl":"https:\/\/regiaonews.net.br\/2022\/wp-content\/uploads\/2023\/10\/Circuito-Sesc-Arquivo.jpg","datePublished":"2023-10-30T19:29:06+00:00","breadcrumb":{"@id":"https:\/\/regiaonews.net.br\/2022\/2023\/10\/30\/olimpia-recebe-circuito-sesc-de-artes-neste-sabado-4\/#breadcrumb"},"inLanguage":"pt-BR","potentialAction":[{"@type":"ReadAction","target":["https:\/\/regiaonews.net.br\/2022\/2023\/10\/30\/olimpia-recebe-circuito-sesc-de-artes-neste-sabado-4\/"]}]},{"@type":"ImageObject","inLanguage":"pt-BR","@id":"https:\/\/regiaonews.net.br\/2022\/2023\/10\/30\/olimpia-recebe-circuito-sesc-de-artes-neste-sabado-4\/#primaryimage","url":"https:\/\/regiaonews.net.br\/2022\/wp-content\/uploads\/2023\/10\/Circuito-Sesc-Arquivo.jpg","contentUrl":"https:\/\/regiaonews.net.br\/2022\/wp-content\/uploads\/2023\/10\/Circuito-Sesc-Arquivo.jpg","width":2464,"height":1632},{"@type":"BreadcrumbList","@id":"https:\/\/regiaonews.net.br\/2022\/2023\/10\/30\/olimpia-recebe-circuito-sesc-de-artes-neste-sabado-4\/#breadcrumb","itemListElement":[{"@type":"ListItem","position":1,"name":"In\u00edcio","item":"https:\/\/regiaonews.net.br\/2022\/"},{"@type":"ListItem","position":2,"name":"Ol\u00edmpia recebe Circuito Sesc de Artes neste s\u00e1bado (4)"}]},{"@type":"WebSite","@id":"https:\/\/regiaonews.net.br\/2022\/#website","url":"https:\/\/regiaonews.net.br\/2022\/","name":"Regi\u00e3o News","description":"Site de Not\u00edcias de Barretos e regi\u00e3o","publisher":{"@id":"https:\/\/regiaonews.net.br\/2022\/#organization"},"potentialAction":[{"@type":"SearchAction","target":{"@type":"EntryPoint","urlTemplate":"https:\/\/regiaonews.net.br\/2022\/?s={search_term_string}"},"query-input":{"@type":"PropertyValueSpecification","valueRequired":true,"valueName":"search_term_string"}}],"inLanguage":"pt-BR"},{"@type":"Organization","@id":"https:\/\/regiaonews.net.br\/2022\/#organization","name":"Regi\u00e3o News","url":"https:\/\/regiaonews.net.br\/2022\/","logo":{"@type":"ImageObject","inLanguage":"pt-BR","@id":"https:\/\/regiaonews.net.br\/2022\/#\/schema\/logo\/image\/","url":"https:\/\/regiaonews.net.br\/2022\/wp-content\/uploads\/2026\/03\/regiao-13-anos-scaled.jpg","contentUrl":"https:\/\/regiaonews.net.br\/2022\/wp-content\/uploads\/2026\/03\/regiao-13-anos-scaled.jpg","width":2560,"height":635,"caption":"Regi\u00e3o News"},"image":{"@id":"https:\/\/regiaonews.net.br\/2022\/#\/schema\/logo\/image\/"}},{"@type":"Person","@id":"https:\/\/regiaonews.net.br\/2022\/#\/schema\/person\/2d205a608a5aa97ac279d7a5e6d89ad8","name":"Roberto","image":{"@type":"ImageObject","inLanguage":"pt-BR","@id":"https:\/\/secure.gravatar.com\/avatar\/42749d8b712ff9d59ca93dc150494e5b55a44134482993f5baeb97e61b7ecc89?s=96&d=mm&r=g","url":"https:\/\/secure.gravatar.com\/avatar\/42749d8b712ff9d59ca93dc150494e5b55a44134482993f5baeb97e61b7ecc89?s=96&d=mm&r=g","contentUrl":"https:\/\/secure.gravatar.com\/avatar\/42749d8b712ff9d59ca93dc150494e5b55a44134482993f5baeb97e61b7ecc89?s=96&d=mm&r=g","caption":"Roberto"},"url":"https:\/\/regiaonews.net.br\/2022\/author\/roberto\/"}]}},"publishpress_future_action":{"enabled":false,"date":"2026-05-04 13:01:06","action":"change-status","newStatus":"draft","terms":[],"taxonomy":"category","extraData":[]},"publishpress_future_workflow_manual_trigger":{"enabledWorkflows":[]},"_links":{"self":[{"href":"https:\/\/regiaonews.net.br\/2022\/wp-json\/wp\/v2\/posts\/97165","targetHints":{"allow":["GET"]}}],"collection":[{"href":"https:\/\/regiaonews.net.br\/2022\/wp-json\/wp\/v2\/posts"}],"about":[{"href":"https:\/\/regiaonews.net.br\/2022\/wp-json\/wp\/v2\/types\/post"}],"author":[{"embeddable":true,"href":"https:\/\/regiaonews.net.br\/2022\/wp-json\/wp\/v2\/users\/2"}],"replies":[{"embeddable":true,"href":"https:\/\/regiaonews.net.br\/2022\/wp-json\/wp\/v2\/comments?post=97165"}],"version-history":[{"count":1,"href":"https:\/\/regiaonews.net.br\/2022\/wp-json\/wp\/v2\/posts\/97165\/revisions"}],"predecessor-version":[{"id":97167,"href":"https:\/\/regiaonews.net.br\/2022\/wp-json\/wp\/v2\/posts\/97165\/revisions\/97167"}],"wp:featuredmedia":[{"embeddable":true,"href":"https:\/\/regiaonews.net.br\/2022\/wp-json\/wp\/v2\/media\/97166"}],"wp:attachment":[{"href":"https:\/\/regiaonews.net.br\/2022\/wp-json\/wp\/v2\/media?parent=97165"}],"wp:term":[{"taxonomy":"category","embeddable":true,"href":"https:\/\/regiaonews.net.br\/2022\/wp-json\/wp\/v2\/categories?post=97165"},{"taxonomy":"post_tag","embeddable":true,"href":"https:\/\/regiaonews.net.br\/2022\/wp-json\/wp\/v2\/tags?post=97165"}],"curies":[{"name":"wp","href":"https:\/\/api.w.org\/{rel}","templated":true}]}}