{"id":97150,"date":"2023-10-30T07:16:39","date_gmt":"2023-10-30T10:16:39","guid":{"rendered":"https:\/\/regiaonews.net.br\/2022\/?p=97150"},"modified":"2023-10-30T07:16:39","modified_gmt":"2023-10-30T10:16:39","slug":"colegio-feb-abre-inscricoes-para-vestibulinho-2024-com-bolsas-de-ate-100","status":"publish","type":"post","link":"https:\/\/regiaonews.net.br\/2022\/2023\/10\/30\/colegio-feb-abre-inscricoes-para-vestibulinho-2024-com-bolsas-de-ate-100\/","title":{"rendered":"Col\u00e9gio FEB abre inscri\u00e7\u00f5es para Vestibulinho\/2024 com bolsas de at\u00e9 100%\u00a0"},"content":{"rendered":"<p style=\"font-weight: 400;\">\n<p style=\"font-weight: 400;\">\n<p style=\"font-weight: 400;\"><strong><em>A prova acontece no dia 18 de novembro, \u00e0s 9h, no campus do UNIFEB\u00a0<\/em><\/strong><\/p>\n<p style=\"font-weight: 400;\">\n<p style=\"font-weight: 400;\">Est\u00e3o abertas as inscri\u00e7\u00f5es para o Vestibulinho\/2024 do Col\u00e9gio FEB, que mais um ano promove o tradicional Concurso de Bolsas com descontos de at\u00e9 100% para ingresso no 6\u00ba Ano do Ensino Fundamental II e para a 1\u00aa S\u00e9rie do Ensino M\u00e9dio.<\/p>\n<p style=\"font-weight: 400;\">As regras do Concurso de Bolsas constam no Edital dispon\u00edvel no site\u00a0<a href=\"http:\/\/www.unifeb.edu.br\/colegiofeb\" data-linkindex=\"0\">www.unifeb.edu.br\/colegiofeb<\/a>. Em resumo, o 1\u00ba colocado conquista desconto de 100%; o 2\u00ba colocado tem desconto de 75%; o 3\u00ba colocado obt\u00e9m desconto de 50%; j\u00e1 os classificados do 4\u00ba at\u00e9 o 60\u00ba lugar ter\u00e3o direito ao desconto de 30% no valor da mensalidade.<\/p>\n<p style=\"font-weight: 400;\">A diretora do Col\u00e9gio FEB, Profa. L\u00edvia Macedo, ressalta que o objetivo da institui\u00e7\u00e3o \u00e9 educar com excel\u00eancia e preparar os estudantes para chegarem com \u00eaxito ao ensino superior. \u201cTrabalhamos com muita humaniza\u00e7\u00e3o e respeito \u00e0s potencialidades de cada aluno. Para isso, oferecemos v\u00e1rios diferenciais no processo de aprendizagem e contamos com professores renomados, material did\u00e1tico de alta qualidade, contraturno e infraestrutura de faculdade, com laborat\u00f3rios modernos e diferenciados\u201d, frisou.<\/p>\n<p style=\"font-weight: 400;\">O Col\u00e9gio FEB utiliza h\u00e1 13 anos o material did\u00e1tico do Sistema Etapa, refer\u00eancia em todo o Brasil e considerado l\u00edder em aprova\u00e7\u00f5es nas melhores universidades nacionais e do exterior, al\u00e9m de principais coloca\u00e7\u00f5es em olimp\u00edadas culturais. \u201cO conte\u00fado \u00e9 disponibilizado no formato impresso e digital para o ensino b\u00e1sico &#8211; da Educa\u00e7\u00e3o Infantil ao Ensino M\u00e9dio &#8211; al\u00e9m de servi\u00e7os exclusivos. O material possibilita excelente suporte pedag\u00f3gico para a forma\u00e7\u00e3o completa dos estudantes levando o processo de ensino-aprendizagem ao patamar mais elevado\u201d, explicou L\u00edvia.<\/p>\n<p style=\"font-weight: 400;\">Ainda segundo a diretora, outro grande diferencial \u00e9 o contraturno, permitindo que os alunos possam participar de atividades art\u00edsticas e esportivas no per\u00edodo da tarde. \u201cJ\u00e1 est\u00e3o dispon\u00edveis aulas de dan\u00e7a e karat\u00ea e em 2024 novas modalidades ser\u00e3o lan\u00e7adas\u201d, enfatizou.<\/p>\n<p style=\"font-weight: 400;\">Os alunos do Col\u00e9gio FEB tamb\u00e9m t\u00eam \u00e0 disposi\u00e7\u00e3o diversos laborat\u00f3rios que ampliam o conhecimento e incentivam \u00e0 pesquisa.<\/p>\n<p style=\"font-weight: 400;\">A prova acontece no dia 18 de novembro, \u00e0s 9h, no Campus do UNIFEB (Centro Universit\u00e1rio da Funda\u00e7\u00e3o Educacional de Barretos). As inscri\u00e7\u00f5es podem ser realizadas pelo site\u00a0<a href=\"http:\/\/www.unifeb.edu.br\/colegiofeb\" data-linkindex=\"1\">www.unifeb.edu.br\/colegiofeb<\/a>.<\/p>\n<p style=\"font-weight: 400;\"><strong>APOIO AO ESPORTE<\/strong><strong>\u00a0<\/strong><\/p>\n<p style=\"font-weight: 400;\">O Col\u00e9gio FEB tamb\u00e9m apoia a equipe feminina de basquete sub-16 do Instituto APAB Barretos (Associa\u00e7\u00e3o de Pais e Amigos do Basquete), que trabalha no desenvolvimento esportivo h\u00e1 mais de 20 anos, com participa\u00e7\u00e3o em v\u00e1rios campeonatos brasileiros, paulistas, mundiais, al\u00e9m de ter representado o Brasil em disputas na Fran\u00e7a, Turquia, \u00c1frica, entre outras regi\u00f5es.<\/p>\n<p style=\"font-weight: 400;\">O Reitor do UNIFEB, Prof. Dr. Angelo Davis, destaca que incentivar os esportes \u00e9 permitir que jovens se desenvolvam num ambiente saud\u00e1vel e estimulem a lideran\u00e7a, trabalho em equipe, respeito \u00e0s regras e demais valores necess\u00e1rios na forma\u00e7\u00e3o pessoal. \u201cO esporte possui um grande potencial de socializar indiv\u00edduos e colabora na constru\u00e7\u00e3o da cidadania e na cria\u00e7\u00e3o de oportunidades para um futuro melhor\u201d, disse.<\/p>\n<p style=\"font-weight: 400;\">\n","protected":false},"excerpt":{"rendered":"<p>A prova acontece no dia 18 de novembro, \u00e0s 9h,<\/p>\n","protected":false},"author":2,"featured_media":97152,"comment_status":"open","ping_status":"open","sticky":false,"template":"","format":"standard","meta":{"footnotes":""},"categories":[14,25],"tags":[],"class_list":["post-97150","post","type-post","status-publish","format-standard","has-post-thumbnail","hentry","category-barretos","category-cidades"],"yoast_head":"<!-- This site is optimized with the Yoast SEO plugin v27.4 - https:\/\/yoast.com\/product\/yoast-seo-wordpress\/ -->\n<title>Col\u00e9gio FEB abre inscri\u00e7\u00f5es para Vestibulinho\/2024 com bolsas de at\u00e9 100%\u00a0 - Regi\u00e3o News<\/title>\n<meta name=\"robots\" content=\"index, follow, max-snippet:-1, max-image-preview:large, max-video-preview:-1\" \/>\n<link rel=\"canonical\" href=\"https:\/\/regiaonews.net.br\/2022\/2023\/10\/30\/colegio-feb-abre-inscricoes-para-vestibulinho-2024-com-bolsas-de-ate-100\/\" \/>\n<meta property=\"og:locale\" content=\"pt_BR\" \/>\n<meta property=\"og:type\" content=\"article\" \/>\n<meta property=\"og:title\" content=\"Col\u00e9gio FEB abre inscri\u00e7\u00f5es para Vestibulinho\/2024 com bolsas de at\u00e9 100%\u00a0 - Regi\u00e3o News\" \/>\n<meta property=\"og:description\" content=\"A prova acontece no dia 18 de novembro, \u00e0s 9h,\" \/>\n<meta property=\"og:url\" content=\"https:\/\/regiaonews.net.br\/2022\/2023\/10\/30\/colegio-feb-abre-inscricoes-para-vestibulinho-2024-com-bolsas-de-ate-100\/\" \/>\n<meta property=\"og:site_name\" content=\"Regi\u00e3o News\" \/>\n<meta property=\"article:published_time\" content=\"2023-10-30T10:16:39+00:00\" \/>\n<meta property=\"og:image\" content=\"https:\/\/regiaonews.net.br\/2022\/wp-content\/uploads\/2023\/10\/Campanha-Vest-Colegio-Feed.png\" \/>\n\t<meta property=\"og:image:width\" content=\"1080\" \/>\n\t<meta property=\"og:image:height\" content=\"1080\" \/>\n\t<meta property=\"og:image:type\" content=\"image\/png\" \/>\n<meta name=\"author\" content=\"Roberto\" \/>\n<meta name=\"twitter:card\" content=\"summary_large_image\" \/>\n<meta name=\"twitter:label1\" content=\"Escrito por\" \/>\n\t<meta name=\"twitter:data1\" content=\"Roberto\" \/>\n\t<meta name=\"twitter:label2\" content=\"Est. tempo de leitura\" \/>\n\t<meta name=\"twitter:data2\" content=\"3 minutos\" \/>\n<script type=\"application\/ld+json\" class=\"yoast-schema-graph\">{\"@context\":\"https:\\\/\\\/schema.org\",\"@graph\":[{\"@type\":\"Article\",\"@id\":\"https:\\\/\\\/regiaonews.net.br\\\/2022\\\/2023\\\/10\\\/30\\\/colegio-feb-abre-inscricoes-para-vestibulinho-2024-com-bolsas-de-ate-100\\\/#article\",\"isPartOf\":{\"@id\":\"https:\\\/\\\/regiaonews.net.br\\\/2022\\\/2023\\\/10\\\/30\\\/colegio-feb-abre-inscricoes-para-vestibulinho-2024-com-bolsas-de-ate-100\\\/\"},\"author\":{\"name\":\"Roberto\",\"@id\":\"https:\\\/\\\/regiaonews.net.br\\\/2022\\\/#\\\/schema\\\/person\\\/2d205a608a5aa97ac279d7a5e6d89ad8\"},\"headline\":\"Col\u00e9gio FEB abre inscri\u00e7\u00f5es para Vestibulinho\\\/2024 com bolsas de at\u00e9 100%\u00a0\",\"datePublished\":\"2023-10-30T10:16:39+00:00\",\"mainEntityOfPage\":{\"@id\":\"https:\\\/\\\/regiaonews.net.br\\\/2022\\\/2023\\\/10\\\/30\\\/colegio-feb-abre-inscricoes-para-vestibulinho-2024-com-bolsas-de-ate-100\\\/\"},\"wordCount\":537,\"commentCount\":0,\"publisher\":{\"@id\":\"https:\\\/\\\/regiaonews.net.br\\\/2022\\\/#organization\"},\"image\":{\"@id\":\"https:\\\/\\\/regiaonews.net.br\\\/2022\\\/2023\\\/10\\\/30\\\/colegio-feb-abre-inscricoes-para-vestibulinho-2024-com-bolsas-de-ate-100\\\/#primaryimage\"},\"thumbnailUrl\":\"https:\\\/\\\/regiaonews.net.br\\\/2022\\\/wp-content\\\/uploads\\\/2023\\\/10\\\/Campanha-Vest-Colegio-Feed.png\",\"articleSection\":[\"Barretos\",\"Cidades\"],\"inLanguage\":\"pt-BR\",\"potentialAction\":[{\"@type\":\"CommentAction\",\"name\":\"Comment\",\"target\":[\"https:\\\/\\\/regiaonews.net.br\\\/2022\\\/2023\\\/10\\\/30\\\/colegio-feb-abre-inscricoes-para-vestibulinho-2024-com-bolsas-de-ate-100\\\/#respond\"]}]},{\"@type\":\"WebPage\",\"@id\":\"https:\\\/\\\/regiaonews.net.br\\\/2022\\\/2023\\\/10\\\/30\\\/colegio-feb-abre-inscricoes-para-vestibulinho-2024-com-bolsas-de-ate-100\\\/\",\"url\":\"https:\\\/\\\/regiaonews.net.br\\\/2022\\\/2023\\\/10\\\/30\\\/colegio-feb-abre-inscricoes-para-vestibulinho-2024-com-bolsas-de-ate-100\\\/\",\"name\":\"Col\u00e9gio FEB abre inscri\u00e7\u00f5es para Vestibulinho\\\/2024 com bolsas de at\u00e9 100%\u00a0 - Regi\u00e3o News\",\"isPartOf\":{\"@id\":\"https:\\\/\\\/regiaonews.net.br\\\/2022\\\/#website\"},\"primaryImageOfPage\":{\"@id\":\"https:\\\/\\\/regiaonews.net.br\\\/2022\\\/2023\\\/10\\\/30\\\/colegio-feb-abre-inscricoes-para-vestibulinho-2024-com-bolsas-de-ate-100\\\/#primaryimage\"},\"image\":{\"@id\":\"https:\\\/\\\/regiaonews.net.br\\\/2022\\\/2023\\\/10\\\/30\\\/colegio-feb-abre-inscricoes-para-vestibulinho-2024-com-bolsas-de-ate-100\\\/#primaryimage\"},\"thumbnailUrl\":\"https:\\\/\\\/regiaonews.net.br\\\/2022\\\/wp-content\\\/uploads\\\/2023\\\/10\\\/Campanha-Vest-Colegio-Feed.png\",\"datePublished\":\"2023-10-30T10:16:39+00:00\",\"breadcrumb\":{\"@id\":\"https:\\\/\\\/regiaonews.net.br\\\/2022\\\/2023\\\/10\\\/30\\\/colegio-feb-abre-inscricoes-para-vestibulinho-2024-com-bolsas-de-ate-100\\\/#breadcrumb\"},\"inLanguage\":\"pt-BR\",\"potentialAction\":[{\"@type\":\"ReadAction\",\"target\":[\"https:\\\/\\\/regiaonews.net.br\\\/2022\\\/2023\\\/10\\\/30\\\/colegio-feb-abre-inscricoes-para-vestibulinho-2024-com-bolsas-de-ate-100\\\/\"]}]},{\"@type\":\"ImageObject\",\"inLanguage\":\"pt-BR\",\"@id\":\"https:\\\/\\\/regiaonews.net.br\\\/2022\\\/2023\\\/10\\\/30\\\/colegio-feb-abre-inscricoes-para-vestibulinho-2024-com-bolsas-de-ate-100\\\/#primaryimage\",\"url\":\"https:\\\/\\\/regiaonews.net.br\\\/2022\\\/wp-content\\\/uploads\\\/2023\\\/10\\\/Campanha-Vest-Colegio-Feed.png\",\"contentUrl\":\"https:\\\/\\\/regiaonews.net.br\\\/2022\\\/wp-content\\\/uploads\\\/2023\\\/10\\\/Campanha-Vest-Colegio-Feed.png\",\"width\":1080,\"height\":1080},{\"@type\":\"BreadcrumbList\",\"@id\":\"https:\\\/\\\/regiaonews.net.br\\\/2022\\\/2023\\\/10\\\/30\\\/colegio-feb-abre-inscricoes-para-vestibulinho-2024-com-bolsas-de-ate-100\\\/#breadcrumb\",\"itemListElement\":[{\"@type\":\"ListItem\",\"position\":1,\"name\":\"In\u00edcio\",\"item\":\"https:\\\/\\\/regiaonews.net.br\\\/2022\\\/\"},{\"@type\":\"ListItem\",\"position\":2,\"name\":\"Col\u00e9gio FEB abre inscri\u00e7\u00f5es para Vestibulinho\\\/2024 com bolsas de at\u00e9 100%\u00a0\"}]},{\"@type\":\"WebSite\",\"@id\":\"https:\\\/\\\/regiaonews.net.br\\\/2022\\\/#website\",\"url\":\"https:\\\/\\\/regiaonews.net.br\\\/2022\\\/\",\"name\":\"Regi\u00e3o News\",\"description\":\"Site de Not\u00edcias de Barretos e regi\u00e3o\",\"publisher\":{\"@id\":\"https:\\\/\\\/regiaonews.net.br\\\/2022\\\/#organization\"},\"potentialAction\":[{\"@type\":\"SearchAction\",\"target\":{\"@type\":\"EntryPoint\",\"urlTemplate\":\"https:\\\/\\\/regiaonews.net.br\\\/2022\\\/?s={search_term_string}\"},\"query-input\":{\"@type\":\"PropertyValueSpecification\",\"valueRequired\":true,\"valueName\":\"search_term_string\"}}],\"inLanguage\":\"pt-BR\"},{\"@type\":\"Organization\",\"@id\":\"https:\\\/\\\/regiaonews.net.br\\\/2022\\\/#organization\",\"name\":\"Regi\u00e3o News\",\"url\":\"https:\\\/\\\/regiaonews.net.br\\\/2022\\\/\",\"logo\":{\"@type\":\"ImageObject\",\"inLanguage\":\"pt-BR\",\"@id\":\"https:\\\/\\\/regiaonews.net.br\\\/2022\\\/#\\\/schema\\\/logo\\\/image\\\/\",\"url\":\"https:\\\/\\\/regiaonews.net.br\\\/2022\\\/wp-content\\\/uploads\\\/2026\\\/03\\\/regiao-13-anos-scaled.jpg\",\"contentUrl\":\"https:\\\/\\\/regiaonews.net.br\\\/2022\\\/wp-content\\\/uploads\\\/2026\\\/03\\\/regiao-13-anos-scaled.jpg\",\"width\":2560,\"height\":635,\"caption\":\"Regi\u00e3o News\"},\"image\":{\"@id\":\"https:\\\/\\\/regiaonews.net.br\\\/2022\\\/#\\\/schema\\\/logo\\\/image\\\/\"}},{\"@type\":\"Person\",\"@id\":\"https:\\\/\\\/regiaonews.net.br\\\/2022\\\/#\\\/schema\\\/person\\\/2d205a608a5aa97ac279d7a5e6d89ad8\",\"name\":\"Roberto\",\"image\":{\"@type\":\"ImageObject\",\"inLanguage\":\"pt-BR\",\"@id\":\"https:\\\/\\\/secure.gravatar.com\\\/avatar\\\/42749d8b712ff9d59ca93dc150494e5b55a44134482993f5baeb97e61b7ecc89?s=96&d=mm&r=g\",\"url\":\"https:\\\/\\\/secure.gravatar.com\\\/avatar\\\/42749d8b712ff9d59ca93dc150494e5b55a44134482993f5baeb97e61b7ecc89?s=96&d=mm&r=g\",\"contentUrl\":\"https:\\\/\\\/secure.gravatar.com\\\/avatar\\\/42749d8b712ff9d59ca93dc150494e5b55a44134482993f5baeb97e61b7ecc89?s=96&d=mm&r=g\",\"caption\":\"Roberto\"},\"url\":\"https:\\\/\\\/regiaonews.net.br\\\/2022\\\/author\\\/roberto\\\/\"}]}<\/script>\n<!-- \/ Yoast SEO plugin. -->","yoast_head_json":{"title":"Col\u00e9gio FEB abre inscri\u00e7\u00f5es para Vestibulinho\/2024 com bolsas de at\u00e9 100%\u00a0 - Regi\u00e3o News","robots":{"index":"index","follow":"follow","max-snippet":"max-snippet:-1","max-image-preview":"max-image-preview:large","max-video-preview":"max-video-preview:-1"},"canonical":"https:\/\/regiaonews.net.br\/2022\/2023\/10\/30\/colegio-feb-abre-inscricoes-para-vestibulinho-2024-com-bolsas-de-ate-100\/","og_locale":"pt_BR","og_type":"article","og_title":"Col\u00e9gio FEB abre inscri\u00e7\u00f5es para Vestibulinho\/2024 com bolsas de at\u00e9 100%\u00a0 - Regi\u00e3o News","og_description":"A prova acontece no dia 18 de novembro, \u00e0s 9h,","og_url":"https:\/\/regiaonews.net.br\/2022\/2023\/10\/30\/colegio-feb-abre-inscricoes-para-vestibulinho-2024-com-bolsas-de-ate-100\/","og_site_name":"Regi\u00e3o News","article_published_time":"2023-10-30T10:16:39+00:00","og_image":[{"width":1080,"height":1080,"url":"https:\/\/regiaonews.net.br\/2022\/wp-content\/uploads\/2023\/10\/Campanha-Vest-Colegio-Feed.png","type":"image\/png"}],"author":"Roberto","twitter_card":"summary_large_image","twitter_misc":{"Escrito por":"Roberto","Est. tempo de leitura":"3 minutos"},"schema":{"@context":"https:\/\/schema.org","@graph":[{"@type":"Article","@id":"https:\/\/regiaonews.net.br\/2022\/2023\/10\/30\/colegio-feb-abre-inscricoes-para-vestibulinho-2024-com-bolsas-de-ate-100\/#article","isPartOf":{"@id":"https:\/\/regiaonews.net.br\/2022\/2023\/10\/30\/colegio-feb-abre-inscricoes-para-vestibulinho-2024-com-bolsas-de-ate-100\/"},"author":{"name":"Roberto","@id":"https:\/\/regiaonews.net.br\/2022\/#\/schema\/person\/2d205a608a5aa97ac279d7a5e6d89ad8"},"headline":"Col\u00e9gio FEB abre inscri\u00e7\u00f5es para Vestibulinho\/2024 com bolsas de at\u00e9 100%\u00a0","datePublished":"2023-10-30T10:16:39+00:00","mainEntityOfPage":{"@id":"https:\/\/regiaonews.net.br\/2022\/2023\/10\/30\/colegio-feb-abre-inscricoes-para-vestibulinho-2024-com-bolsas-de-ate-100\/"},"wordCount":537,"commentCount":0,"publisher":{"@id":"https:\/\/regiaonews.net.br\/2022\/#organization"},"image":{"@id":"https:\/\/regiaonews.net.br\/2022\/2023\/10\/30\/colegio-feb-abre-inscricoes-para-vestibulinho-2024-com-bolsas-de-ate-100\/#primaryimage"},"thumbnailUrl":"https:\/\/regiaonews.net.br\/2022\/wp-content\/uploads\/2023\/10\/Campanha-Vest-Colegio-Feed.png","articleSection":["Barretos","Cidades"],"inLanguage":"pt-BR","potentialAction":[{"@type":"CommentAction","name":"Comment","target":["https:\/\/regiaonews.net.br\/2022\/2023\/10\/30\/colegio-feb-abre-inscricoes-para-vestibulinho-2024-com-bolsas-de-ate-100\/#respond"]}]},{"@type":"WebPage","@id":"https:\/\/regiaonews.net.br\/2022\/2023\/10\/30\/colegio-feb-abre-inscricoes-para-vestibulinho-2024-com-bolsas-de-ate-100\/","url":"https:\/\/regiaonews.net.br\/2022\/2023\/10\/30\/colegio-feb-abre-inscricoes-para-vestibulinho-2024-com-bolsas-de-ate-100\/","name":"Col\u00e9gio FEB abre inscri\u00e7\u00f5es para Vestibulinho\/2024 com bolsas de at\u00e9 100%\u00a0 - Regi\u00e3o News","isPartOf":{"@id":"https:\/\/regiaonews.net.br\/2022\/#website"},"primaryImageOfPage":{"@id":"https:\/\/regiaonews.net.br\/2022\/2023\/10\/30\/colegio-feb-abre-inscricoes-para-vestibulinho-2024-com-bolsas-de-ate-100\/#primaryimage"},"image":{"@id":"https:\/\/regiaonews.net.br\/2022\/2023\/10\/30\/colegio-feb-abre-inscricoes-para-vestibulinho-2024-com-bolsas-de-ate-100\/#primaryimage"},"thumbnailUrl":"https:\/\/regiaonews.net.br\/2022\/wp-content\/uploads\/2023\/10\/Campanha-Vest-Colegio-Feed.png","datePublished":"2023-10-30T10:16:39+00:00","breadcrumb":{"@id":"https:\/\/regiaonews.net.br\/2022\/2023\/10\/30\/colegio-feb-abre-inscricoes-para-vestibulinho-2024-com-bolsas-de-ate-100\/#breadcrumb"},"inLanguage":"pt-BR","potentialAction":[{"@type":"ReadAction","target":["https:\/\/regiaonews.net.br\/2022\/2023\/10\/30\/colegio-feb-abre-inscricoes-para-vestibulinho-2024-com-bolsas-de-ate-100\/"]}]},{"@type":"ImageObject","inLanguage":"pt-BR","@id":"https:\/\/regiaonews.net.br\/2022\/2023\/10\/30\/colegio-feb-abre-inscricoes-para-vestibulinho-2024-com-bolsas-de-ate-100\/#primaryimage","url":"https:\/\/regiaonews.net.br\/2022\/wp-content\/uploads\/2023\/10\/Campanha-Vest-Colegio-Feed.png","contentUrl":"https:\/\/regiaonews.net.br\/2022\/wp-content\/uploads\/2023\/10\/Campanha-Vest-Colegio-Feed.png","width":1080,"height":1080},{"@type":"BreadcrumbList","@id":"https:\/\/regiaonews.net.br\/2022\/2023\/10\/30\/colegio-feb-abre-inscricoes-para-vestibulinho-2024-com-bolsas-de-ate-100\/#breadcrumb","itemListElement":[{"@type":"ListItem","position":1,"name":"In\u00edcio","item":"https:\/\/regiaonews.net.br\/2022\/"},{"@type":"ListItem","position":2,"name":"Col\u00e9gio FEB abre inscri\u00e7\u00f5es para Vestibulinho\/2024 com bolsas de at\u00e9 100%\u00a0"}]},{"@type":"WebSite","@id":"https:\/\/regiaonews.net.br\/2022\/#website","url":"https:\/\/regiaonews.net.br\/2022\/","name":"Regi\u00e3o News","description":"Site de Not\u00edcias de Barretos e regi\u00e3o","publisher":{"@id":"https:\/\/regiaonews.net.br\/2022\/#organization"},"potentialAction":[{"@type":"SearchAction","target":{"@type":"EntryPoint","urlTemplate":"https:\/\/regiaonews.net.br\/2022\/?s={search_term_string}"},"query-input":{"@type":"PropertyValueSpecification","valueRequired":true,"valueName":"search_term_string"}}],"inLanguage":"pt-BR"},{"@type":"Organization","@id":"https:\/\/regiaonews.net.br\/2022\/#organization","name":"Regi\u00e3o News","url":"https:\/\/regiaonews.net.br\/2022\/","logo":{"@type":"ImageObject","inLanguage":"pt-BR","@id":"https:\/\/regiaonews.net.br\/2022\/#\/schema\/logo\/image\/","url":"https:\/\/regiaonews.net.br\/2022\/wp-content\/uploads\/2026\/03\/regiao-13-anos-scaled.jpg","contentUrl":"https:\/\/regiaonews.net.br\/2022\/wp-content\/uploads\/2026\/03\/regiao-13-anos-scaled.jpg","width":2560,"height":635,"caption":"Regi\u00e3o News"},"image":{"@id":"https:\/\/regiaonews.net.br\/2022\/#\/schema\/logo\/image\/"}},{"@type":"Person","@id":"https:\/\/regiaonews.net.br\/2022\/#\/schema\/person\/2d205a608a5aa97ac279d7a5e6d89ad8","name":"Roberto","image":{"@type":"ImageObject","inLanguage":"pt-BR","@id":"https:\/\/secure.gravatar.com\/avatar\/42749d8b712ff9d59ca93dc150494e5b55a44134482993f5baeb97e61b7ecc89?s=96&d=mm&r=g","url":"https:\/\/secure.gravatar.com\/avatar\/42749d8b712ff9d59ca93dc150494e5b55a44134482993f5baeb97e61b7ecc89?s=96&d=mm&r=g","contentUrl":"https:\/\/secure.gravatar.com\/avatar\/42749d8b712ff9d59ca93dc150494e5b55a44134482993f5baeb97e61b7ecc89?s=96&d=mm&r=g","caption":"Roberto"},"url":"https:\/\/regiaonews.net.br\/2022\/author\/roberto\/"}]}},"publishpress_future_action":{"enabled":false,"date":"2026-05-04 20:49:22","action":"change-status","newStatus":"draft","terms":[],"taxonomy":"category","extraData":[]},"publishpress_future_workflow_manual_trigger":{"enabledWorkflows":[]},"_links":{"self":[{"href":"https:\/\/regiaonews.net.br\/2022\/wp-json\/wp\/v2\/posts\/97150","targetHints":{"allow":["GET"]}}],"collection":[{"href":"https:\/\/regiaonews.net.br\/2022\/wp-json\/wp\/v2\/posts"}],"about":[{"href":"https:\/\/regiaonews.net.br\/2022\/wp-json\/wp\/v2\/types\/post"}],"author":[{"embeddable":true,"href":"https:\/\/regiaonews.net.br\/2022\/wp-json\/wp\/v2\/users\/2"}],"replies":[{"embeddable":true,"href":"https:\/\/regiaonews.net.br\/2022\/wp-json\/wp\/v2\/comments?post=97150"}],"version-history":[{"count":1,"href":"https:\/\/regiaonews.net.br\/2022\/wp-json\/wp\/v2\/posts\/97150\/revisions"}],"predecessor-version":[{"id":97153,"href":"https:\/\/regiaonews.net.br\/2022\/wp-json\/wp\/v2\/posts\/97150\/revisions\/97153"}],"wp:featuredmedia":[{"embeddable":true,"href":"https:\/\/regiaonews.net.br\/2022\/wp-json\/wp\/v2\/media\/97152"}],"wp:attachment":[{"href":"https:\/\/regiaonews.net.br\/2022\/wp-json\/wp\/v2\/media?parent=97150"}],"wp:term":[{"taxonomy":"category","embeddable":true,"href":"https:\/\/regiaonews.net.br\/2022\/wp-json\/wp\/v2\/categories?post=97150"},{"taxonomy":"post_tag","embeddable":true,"href":"https:\/\/regiaonews.net.br\/2022\/wp-json\/wp\/v2\/tags?post=97150"}],"curies":[{"name":"wp","href":"https:\/\/api.w.org\/{rel}","templated":true}]}}