{"id":97141,"date":"2023-10-29T21:20:46","date_gmt":"2023-10-30T00:20:46","guid":{"rendered":"https:\/\/regiaonews.net.br\/2022\/?p=97141"},"modified":"2023-10-29T21:32:32","modified_gmt":"2023-10-30T00:32:32","slug":"sao-paulo-empata-e-classico-termina-empatado-na-arena","status":"publish","type":"post","link":"https:\/\/regiaonews.net.br\/2022\/2023\/10\/29\/sao-paulo-empata-e-classico-termina-empatado-na-arena\/","title":{"rendered":"S\u00e3o Paulo empata e cl\u00e1ssico  termina empatado na Arena"},"content":{"rendered":"<p>Foto &#8211; Jhony In\u00e1cio<\/p>\n<p>O S\u00e3o Paulo visitou o Athletico-PR neste domingo (29), na Ligga Arena, pela 30\u00aa rodada do Brasileir\u00e3o, em Curitiba. O embate rapidamente teve seus n\u00fameros finais, ap\u00f3s gols de Pablo, para os mandantes, e de Pablo Maia, como resposta para o time paulista, fechando o 1 a 1.<\/p>\n<p>O empate manteve o Athletico fora do G-6, agora com 49 pontos, empatado com o Atl\u00e9tico-MG, que venceu na rodada e est\u00e1 logo acima. O S\u00e3o Paulo segue na 10\u00aa coloca\u00e7\u00e3o, com dez pontos a menos, a sete pontos de dist\u00e2ncia do atual primeiro time da zona de rebaixamento.<\/p>\n<p>Cl\u00e1ssico<\/p>\n<p>Apesar da expectativa de um grande jogo entre Corinthians e Santos na Neo Qu\u00edmica Arena, neste domingo (29), o protagonismo do duelo da 30\u00aa rodada do Brasileir\u00e3o ficou s\u00f3 do lado mandante, que saiu \u00e0 frente com gol contra de Jean Lucas. No entanto, o time da baixada contou com um p\u00eanalti de Mendoza nos acr\u00e9scimos para empatar por 1 a 1.<\/p>\n<p>Com o empate na Arena, os paulistanos foram a 37 pontos, mas seguem na 14\u00aa coloca\u00e7\u00e3o, apenas cinco tentos da degola. O respiro do Santos \u00e9 ainda menor, j\u00e1 que s\u00e3o 34 pontos somados em 30 jogos mant\u00e9m o time na 16\u00aa posi\u00e7\u00e3o, e apenas dois tentos a frente do Goi\u00e1s, 17\u00ba colocado.<\/p>\n<p>Na 31\u00aa rodada do Brasileir\u00e3o, o Corinthians \u00e9 o primeiro quem volta a campo, novamente na Neo Qu\u00edmica Arena, para receber o Athletico-PR, na quarta-feira (01), \u00e0s 19h.<\/p>\n<p>No mesmo dia, o Santos visita o Flamengo para um confronto que acontecer\u00e1 no mesmo dia, no Man\u00e9 Garrinha, em Bras\u00edlia, \u00e0s 20h.<\/p>\n","protected":false},"excerpt":{"rendered":"<p>Foto &#8211; Jhony In\u00e1cio O S\u00e3o Paulo visitou o Athletico-PR<\/p>\n","protected":false},"author":2,"featured_media":97142,"comment_status":"open","ping_status":"open","sticky":false,"template":"","format":"standard","meta":{"footnotes":""},"categories":[127,21],"tags":[],"class_list":["post-97141","post","type-post","status-publish","format-standard","has-post-thumbnail","hentry","category-brasileirao","category-esporte"],"yoast_head":"<!-- This site is optimized with the Yoast SEO plugin v27.4 - https:\/\/yoast.com\/product\/yoast-seo-wordpress\/ -->\n<title>S\u00e3o Paulo empata no Paran\u00e1 e cl\u00e1ssico tamb\u00e9m termina empatado<\/title>\n<meta name=\"description\" content=\"O S\u00e3o Paulo visitou o Athletico-PR neste domingo (29), na Ligga Arena, pela 30\u00aa rodada do Brasileir\u00e3o, em Curitiba. O embate rapidamen\" \/>\n<meta name=\"robots\" content=\"index, follow, max-snippet:-1, max-image-preview:large, max-video-preview:-1\" \/>\n<link rel=\"canonical\" href=\"https:\/\/regiaonews.net.br\/2022\/2023\/10\/29\/sao-paulo-empata-e-classico-termina-empatado-na-arena\/\" \/>\n<meta property=\"og:locale\" content=\"pt_BR\" \/>\n<meta property=\"og:type\" content=\"article\" \/>\n<meta property=\"og:title\" content=\"S\u00e3o Paulo empata no Paran\u00e1 e cl\u00e1ssico tamb\u00e9m termina empatado\" \/>\n<meta property=\"og:description\" content=\"O S\u00e3o Paulo visitou o Athletico-PR neste domingo (29), na Ligga Arena, pela 30\u00aa rodada do Brasileir\u00e3o, em Curitiba. O embate rapidamen\" \/>\n<meta property=\"og:url\" content=\"https:\/\/regiaonews.net.br\/2022\/2023\/10\/29\/sao-paulo-empata-e-classico-termina-empatado-na-arena\/\" \/>\n<meta property=\"og:site_name\" content=\"Regi\u00e3o News\" \/>\n<meta property=\"article:published_time\" content=\"2023-10-30T00:20:46+00:00\" \/>\n<meta property=\"article:modified_time\" content=\"2023-10-30T00:32:32+00:00\" \/>\n<meta property=\"og:image\" content=\"https:\/\/regiaonews.net.br\/2022\/wp-content\/uploads\/2023\/10\/renato_augusto_tentando_dribler_contra_jogador_wxfn.jpg\" \/>\n\t<meta property=\"og:image:width\" content=\"614\" \/>\n\t<meta property=\"og:image:height\" content=\"409\" \/>\n\t<meta property=\"og:image:type\" content=\"image\/jpeg\" \/>\n<meta name=\"author\" content=\"Roberto\" \/>\n<meta name=\"twitter:card\" content=\"summary_large_image\" \/>\n<meta name=\"twitter:label1\" content=\"Escrito por\" \/>\n\t<meta name=\"twitter:data1\" content=\"Roberto\" \/>\n\t<meta name=\"twitter:label2\" content=\"Est. tempo de leitura\" \/>\n\t<meta name=\"twitter:data2\" content=\"2 minutos\" \/>\n<script type=\"application\/ld+json\" class=\"yoast-schema-graph\">{\"@context\":\"https:\\\/\\\/schema.org\",\"@graph\":[{\"@type\":\"Article\",\"@id\":\"https:\\\/\\\/regiaonews.net.br\\\/2022\\\/2023\\\/10\\\/29\\\/sao-paulo-empata-e-classico-termina-empatado-na-arena\\\/#article\",\"isPartOf\":{\"@id\":\"https:\\\/\\\/regiaonews.net.br\\\/2022\\\/2023\\\/10\\\/29\\\/sao-paulo-empata-e-classico-termina-empatado-na-arena\\\/\"},\"author\":{\"name\":\"Roberto\",\"@id\":\"https:\\\/\\\/regiaonews.net.br\\\/2022\\\/#\\\/schema\\\/person\\\/2d205a608a5aa97ac279d7a5e6d89ad8\"},\"headline\":\"S\u00e3o Paulo empata e cl\u00e1ssico termina empatado na Arena\",\"datePublished\":\"2023-10-30T00:20:46+00:00\",\"dateModified\":\"2023-10-30T00:32:32+00:00\",\"mainEntityOfPage\":{\"@id\":\"https:\\\/\\\/regiaonews.net.br\\\/2022\\\/2023\\\/10\\\/29\\\/sao-paulo-empata-e-classico-termina-empatado-na-arena\\\/\"},\"wordCount\":280,\"commentCount\":0,\"publisher\":{\"@id\":\"https:\\\/\\\/regiaonews.net.br\\\/2022\\\/#organization\"},\"image\":{\"@id\":\"https:\\\/\\\/regiaonews.net.br\\\/2022\\\/2023\\\/10\\\/29\\\/sao-paulo-empata-e-classico-termina-empatado-na-arena\\\/#primaryimage\"},\"thumbnailUrl\":\"https:\\\/\\\/regiaonews.net.br\\\/2022\\\/wp-content\\\/uploads\\\/2023\\\/10\\\/renato_augusto_tentando_dribler_contra_jogador_wxfn.jpg\",\"articleSection\":[\"Brasileir\u00e3o\",\"Esporte\"],\"inLanguage\":\"pt-BR\",\"potentialAction\":[{\"@type\":\"CommentAction\",\"name\":\"Comment\",\"target\":[\"https:\\\/\\\/regiaonews.net.br\\\/2022\\\/2023\\\/10\\\/29\\\/sao-paulo-empata-e-classico-termina-empatado-na-arena\\\/#respond\"]}]},{\"@type\":\"WebPage\",\"@id\":\"https:\\\/\\\/regiaonews.net.br\\\/2022\\\/2023\\\/10\\\/29\\\/sao-paulo-empata-e-classico-termina-empatado-na-arena\\\/\",\"url\":\"https:\\\/\\\/regiaonews.net.br\\\/2022\\\/2023\\\/10\\\/29\\\/sao-paulo-empata-e-classico-termina-empatado-na-arena\\\/\",\"name\":\"S\u00e3o Paulo empata no Paran\u00e1 e cl\u00e1ssico tamb\u00e9m termina empatado\",\"isPartOf\":{\"@id\":\"https:\\\/\\\/regiaonews.net.br\\\/2022\\\/#website\"},\"primaryImageOfPage\":{\"@id\":\"https:\\\/\\\/regiaonews.net.br\\\/2022\\\/2023\\\/10\\\/29\\\/sao-paulo-empata-e-classico-termina-empatado-na-arena\\\/#primaryimage\"},\"image\":{\"@id\":\"https:\\\/\\\/regiaonews.net.br\\\/2022\\\/2023\\\/10\\\/29\\\/sao-paulo-empata-e-classico-termina-empatado-na-arena\\\/#primaryimage\"},\"thumbnailUrl\":\"https:\\\/\\\/regiaonews.net.br\\\/2022\\\/wp-content\\\/uploads\\\/2023\\\/10\\\/renato_augusto_tentando_dribler_contra_jogador_wxfn.jpg\",\"datePublished\":\"2023-10-30T00:20:46+00:00\",\"dateModified\":\"2023-10-30T00:32:32+00:00\",\"description\":\"O S\u00e3o Paulo visitou o Athletico-PR neste domingo (29), na Ligga Arena, pela 30\u00aa rodada do Brasileir\u00e3o, em Curitiba. O embate rapidamen\",\"breadcrumb\":{\"@id\":\"https:\\\/\\\/regiaonews.net.br\\\/2022\\\/2023\\\/10\\\/29\\\/sao-paulo-empata-e-classico-termina-empatado-na-arena\\\/#breadcrumb\"},\"inLanguage\":\"pt-BR\",\"potentialAction\":[{\"@type\":\"ReadAction\",\"target\":[\"https:\\\/\\\/regiaonews.net.br\\\/2022\\\/2023\\\/10\\\/29\\\/sao-paulo-empata-e-classico-termina-empatado-na-arena\\\/\"]}]},{\"@type\":\"ImageObject\",\"inLanguage\":\"pt-BR\",\"@id\":\"https:\\\/\\\/regiaonews.net.br\\\/2022\\\/2023\\\/10\\\/29\\\/sao-paulo-empata-e-classico-termina-empatado-na-arena\\\/#primaryimage\",\"url\":\"https:\\\/\\\/regiaonews.net.br\\\/2022\\\/wp-content\\\/uploads\\\/2023\\\/10\\\/renato_augusto_tentando_dribler_contra_jogador_wxfn.jpg\",\"contentUrl\":\"https:\\\/\\\/regiaonews.net.br\\\/2022\\\/wp-content\\\/uploads\\\/2023\\\/10\\\/renato_augusto_tentando_dribler_contra_jogador_wxfn.jpg\",\"width\":614,\"height\":409},{\"@type\":\"BreadcrumbList\",\"@id\":\"https:\\\/\\\/regiaonews.net.br\\\/2022\\\/2023\\\/10\\\/29\\\/sao-paulo-empata-e-classico-termina-empatado-na-arena\\\/#breadcrumb\",\"itemListElement\":[{\"@type\":\"ListItem\",\"position\":1,\"name\":\"In\u00edcio\",\"item\":\"https:\\\/\\\/regiaonews.net.br\\\/2022\\\/\"},{\"@type\":\"ListItem\",\"position\":2,\"name\":\"S\u00e3o Paulo empata e cl\u00e1ssico termina empatado na Arena\"}]},{\"@type\":\"WebSite\",\"@id\":\"https:\\\/\\\/regiaonews.net.br\\\/2022\\\/#website\",\"url\":\"https:\\\/\\\/regiaonews.net.br\\\/2022\\\/\",\"name\":\"Regi\u00e3o News\",\"description\":\"Site de Not\u00edcias de Barretos e regi\u00e3o\",\"publisher\":{\"@id\":\"https:\\\/\\\/regiaonews.net.br\\\/2022\\\/#organization\"},\"potentialAction\":[{\"@type\":\"SearchAction\",\"target\":{\"@type\":\"EntryPoint\",\"urlTemplate\":\"https:\\\/\\\/regiaonews.net.br\\\/2022\\\/?s={search_term_string}\"},\"query-input\":{\"@type\":\"PropertyValueSpecification\",\"valueRequired\":true,\"valueName\":\"search_term_string\"}}],\"inLanguage\":\"pt-BR\"},{\"@type\":\"Organization\",\"@id\":\"https:\\\/\\\/regiaonews.net.br\\\/2022\\\/#organization\",\"name\":\"Regi\u00e3o News\",\"url\":\"https:\\\/\\\/regiaonews.net.br\\\/2022\\\/\",\"logo\":{\"@type\":\"ImageObject\",\"inLanguage\":\"pt-BR\",\"@id\":\"https:\\\/\\\/regiaonews.net.br\\\/2022\\\/#\\\/schema\\\/logo\\\/image\\\/\",\"url\":\"https:\\\/\\\/regiaonews.net.br\\\/2022\\\/wp-content\\\/uploads\\\/2026\\\/03\\\/regiao-13-anos-scaled.jpg\",\"contentUrl\":\"https:\\\/\\\/regiaonews.net.br\\\/2022\\\/wp-content\\\/uploads\\\/2026\\\/03\\\/regiao-13-anos-scaled.jpg\",\"width\":2560,\"height\":635,\"caption\":\"Regi\u00e3o News\"},\"image\":{\"@id\":\"https:\\\/\\\/regiaonews.net.br\\\/2022\\\/#\\\/schema\\\/logo\\\/image\\\/\"}},{\"@type\":\"Person\",\"@id\":\"https:\\\/\\\/regiaonews.net.br\\\/2022\\\/#\\\/schema\\\/person\\\/2d205a608a5aa97ac279d7a5e6d89ad8\",\"name\":\"Roberto\",\"image\":{\"@type\":\"ImageObject\",\"inLanguage\":\"pt-BR\",\"@id\":\"https:\\\/\\\/secure.gravatar.com\\\/avatar\\\/42749d8b712ff9d59ca93dc150494e5b55a44134482993f5baeb97e61b7ecc89?s=96&d=mm&r=g\",\"url\":\"https:\\\/\\\/secure.gravatar.com\\\/avatar\\\/42749d8b712ff9d59ca93dc150494e5b55a44134482993f5baeb97e61b7ecc89?s=96&d=mm&r=g\",\"contentUrl\":\"https:\\\/\\\/secure.gravatar.com\\\/avatar\\\/42749d8b712ff9d59ca93dc150494e5b55a44134482993f5baeb97e61b7ecc89?s=96&d=mm&r=g\",\"caption\":\"Roberto\"},\"url\":\"https:\\\/\\\/regiaonews.net.br\\\/2022\\\/author\\\/roberto\\\/\"}]}<\/script>\n<!-- \/ Yoast SEO plugin. -->","yoast_head_json":{"title":"S\u00e3o Paulo empata no Paran\u00e1 e cl\u00e1ssico tamb\u00e9m termina empatado","description":"O S\u00e3o Paulo visitou o Athletico-PR neste domingo (29), na Ligga Arena, pela 30\u00aa rodada do Brasileir\u00e3o, em Curitiba. O embate rapidamen","robots":{"index":"index","follow":"follow","max-snippet":"max-snippet:-1","max-image-preview":"max-image-preview:large","max-video-preview":"max-video-preview:-1"},"canonical":"https:\/\/regiaonews.net.br\/2022\/2023\/10\/29\/sao-paulo-empata-e-classico-termina-empatado-na-arena\/","og_locale":"pt_BR","og_type":"article","og_title":"S\u00e3o Paulo empata no Paran\u00e1 e cl\u00e1ssico tamb\u00e9m termina empatado","og_description":"O S\u00e3o Paulo visitou o Athletico-PR neste domingo (29), na Ligga Arena, pela 30\u00aa rodada do Brasileir\u00e3o, em Curitiba. O embate rapidamen","og_url":"https:\/\/regiaonews.net.br\/2022\/2023\/10\/29\/sao-paulo-empata-e-classico-termina-empatado-na-arena\/","og_site_name":"Regi\u00e3o News","article_published_time":"2023-10-30T00:20:46+00:00","article_modified_time":"2023-10-30T00:32:32+00:00","og_image":[{"width":614,"height":409,"url":"https:\/\/regiaonews.net.br\/2022\/wp-content\/uploads\/2023\/10\/renato_augusto_tentando_dribler_contra_jogador_wxfn.jpg","type":"image\/jpeg"}],"author":"Roberto","twitter_card":"summary_large_image","twitter_misc":{"Escrito por":"Roberto","Est. tempo de leitura":"2 minutos"},"schema":{"@context":"https:\/\/schema.org","@graph":[{"@type":"Article","@id":"https:\/\/regiaonews.net.br\/2022\/2023\/10\/29\/sao-paulo-empata-e-classico-termina-empatado-na-arena\/#article","isPartOf":{"@id":"https:\/\/regiaonews.net.br\/2022\/2023\/10\/29\/sao-paulo-empata-e-classico-termina-empatado-na-arena\/"},"author":{"name":"Roberto","@id":"https:\/\/regiaonews.net.br\/2022\/#\/schema\/person\/2d205a608a5aa97ac279d7a5e6d89ad8"},"headline":"S\u00e3o Paulo empata e cl\u00e1ssico termina empatado na Arena","datePublished":"2023-10-30T00:20:46+00:00","dateModified":"2023-10-30T00:32:32+00:00","mainEntityOfPage":{"@id":"https:\/\/regiaonews.net.br\/2022\/2023\/10\/29\/sao-paulo-empata-e-classico-termina-empatado-na-arena\/"},"wordCount":280,"commentCount":0,"publisher":{"@id":"https:\/\/regiaonews.net.br\/2022\/#organization"},"image":{"@id":"https:\/\/regiaonews.net.br\/2022\/2023\/10\/29\/sao-paulo-empata-e-classico-termina-empatado-na-arena\/#primaryimage"},"thumbnailUrl":"https:\/\/regiaonews.net.br\/2022\/wp-content\/uploads\/2023\/10\/renato_augusto_tentando_dribler_contra_jogador_wxfn.jpg","articleSection":["Brasileir\u00e3o","Esporte"],"inLanguage":"pt-BR","potentialAction":[{"@type":"CommentAction","name":"Comment","target":["https:\/\/regiaonews.net.br\/2022\/2023\/10\/29\/sao-paulo-empata-e-classico-termina-empatado-na-arena\/#respond"]}]},{"@type":"WebPage","@id":"https:\/\/regiaonews.net.br\/2022\/2023\/10\/29\/sao-paulo-empata-e-classico-termina-empatado-na-arena\/","url":"https:\/\/regiaonews.net.br\/2022\/2023\/10\/29\/sao-paulo-empata-e-classico-termina-empatado-na-arena\/","name":"S\u00e3o Paulo empata no Paran\u00e1 e cl\u00e1ssico tamb\u00e9m termina empatado","isPartOf":{"@id":"https:\/\/regiaonews.net.br\/2022\/#website"},"primaryImageOfPage":{"@id":"https:\/\/regiaonews.net.br\/2022\/2023\/10\/29\/sao-paulo-empata-e-classico-termina-empatado-na-arena\/#primaryimage"},"image":{"@id":"https:\/\/regiaonews.net.br\/2022\/2023\/10\/29\/sao-paulo-empata-e-classico-termina-empatado-na-arena\/#primaryimage"},"thumbnailUrl":"https:\/\/regiaonews.net.br\/2022\/wp-content\/uploads\/2023\/10\/renato_augusto_tentando_dribler_contra_jogador_wxfn.jpg","datePublished":"2023-10-30T00:20:46+00:00","dateModified":"2023-10-30T00:32:32+00:00","description":"O S\u00e3o Paulo visitou o Athletico-PR neste domingo (29), na Ligga Arena, pela 30\u00aa rodada do Brasileir\u00e3o, em Curitiba. O embate rapidamen","breadcrumb":{"@id":"https:\/\/regiaonews.net.br\/2022\/2023\/10\/29\/sao-paulo-empata-e-classico-termina-empatado-na-arena\/#breadcrumb"},"inLanguage":"pt-BR","potentialAction":[{"@type":"ReadAction","target":["https:\/\/regiaonews.net.br\/2022\/2023\/10\/29\/sao-paulo-empata-e-classico-termina-empatado-na-arena\/"]}]},{"@type":"ImageObject","inLanguage":"pt-BR","@id":"https:\/\/regiaonews.net.br\/2022\/2023\/10\/29\/sao-paulo-empata-e-classico-termina-empatado-na-arena\/#primaryimage","url":"https:\/\/regiaonews.net.br\/2022\/wp-content\/uploads\/2023\/10\/renato_augusto_tentando_dribler_contra_jogador_wxfn.jpg","contentUrl":"https:\/\/regiaonews.net.br\/2022\/wp-content\/uploads\/2023\/10\/renato_augusto_tentando_dribler_contra_jogador_wxfn.jpg","width":614,"height":409},{"@type":"BreadcrumbList","@id":"https:\/\/regiaonews.net.br\/2022\/2023\/10\/29\/sao-paulo-empata-e-classico-termina-empatado-na-arena\/#breadcrumb","itemListElement":[{"@type":"ListItem","position":1,"name":"In\u00edcio","item":"https:\/\/regiaonews.net.br\/2022\/"},{"@type":"ListItem","position":2,"name":"S\u00e3o Paulo empata e cl\u00e1ssico termina empatado na Arena"}]},{"@type":"WebSite","@id":"https:\/\/regiaonews.net.br\/2022\/#website","url":"https:\/\/regiaonews.net.br\/2022\/","name":"Regi\u00e3o News","description":"Site de Not\u00edcias de Barretos e regi\u00e3o","publisher":{"@id":"https:\/\/regiaonews.net.br\/2022\/#organization"},"potentialAction":[{"@type":"SearchAction","target":{"@type":"EntryPoint","urlTemplate":"https:\/\/regiaonews.net.br\/2022\/?s={search_term_string}"},"query-input":{"@type":"PropertyValueSpecification","valueRequired":true,"valueName":"search_term_string"}}],"inLanguage":"pt-BR"},{"@type":"Organization","@id":"https:\/\/regiaonews.net.br\/2022\/#organization","name":"Regi\u00e3o News","url":"https:\/\/regiaonews.net.br\/2022\/","logo":{"@type":"ImageObject","inLanguage":"pt-BR","@id":"https:\/\/regiaonews.net.br\/2022\/#\/schema\/logo\/image\/","url":"https:\/\/regiaonews.net.br\/2022\/wp-content\/uploads\/2026\/03\/regiao-13-anos-scaled.jpg","contentUrl":"https:\/\/regiaonews.net.br\/2022\/wp-content\/uploads\/2026\/03\/regiao-13-anos-scaled.jpg","width":2560,"height":635,"caption":"Regi\u00e3o News"},"image":{"@id":"https:\/\/regiaonews.net.br\/2022\/#\/schema\/logo\/image\/"}},{"@type":"Person","@id":"https:\/\/regiaonews.net.br\/2022\/#\/schema\/person\/2d205a608a5aa97ac279d7a5e6d89ad8","name":"Roberto","image":{"@type":"ImageObject","inLanguage":"pt-BR","@id":"https:\/\/secure.gravatar.com\/avatar\/42749d8b712ff9d59ca93dc150494e5b55a44134482993f5baeb97e61b7ecc89?s=96&d=mm&r=g","url":"https:\/\/secure.gravatar.com\/avatar\/42749d8b712ff9d59ca93dc150494e5b55a44134482993f5baeb97e61b7ecc89?s=96&d=mm&r=g","contentUrl":"https:\/\/secure.gravatar.com\/avatar\/42749d8b712ff9d59ca93dc150494e5b55a44134482993f5baeb97e61b7ecc89?s=96&d=mm&r=g","caption":"Roberto"},"url":"https:\/\/regiaonews.net.br\/2022\/author\/roberto\/"}]}},"publishpress_future_action":{"enabled":false,"date":"2026-05-04 17:27:56","action":"change-status","newStatus":"draft","terms":[],"taxonomy":"category","extraData":[]},"publishpress_future_workflow_manual_trigger":{"enabledWorkflows":[]},"_links":{"self":[{"href":"https:\/\/regiaonews.net.br\/2022\/wp-json\/wp\/v2\/posts\/97141","targetHints":{"allow":["GET"]}}],"collection":[{"href":"https:\/\/regiaonews.net.br\/2022\/wp-json\/wp\/v2\/posts"}],"about":[{"href":"https:\/\/regiaonews.net.br\/2022\/wp-json\/wp\/v2\/types\/post"}],"author":[{"embeddable":true,"href":"https:\/\/regiaonews.net.br\/2022\/wp-json\/wp\/v2\/users\/2"}],"replies":[{"embeddable":true,"href":"https:\/\/regiaonews.net.br\/2022\/wp-json\/wp\/v2\/comments?post=97141"}],"version-history":[{"count":3,"href":"https:\/\/regiaonews.net.br\/2022\/wp-json\/wp\/v2\/posts\/97141\/revisions"}],"predecessor-version":[{"id":97145,"href":"https:\/\/regiaonews.net.br\/2022\/wp-json\/wp\/v2\/posts\/97141\/revisions\/97145"}],"wp:featuredmedia":[{"embeddable":true,"href":"https:\/\/regiaonews.net.br\/2022\/wp-json\/wp\/v2\/media\/97142"}],"wp:attachment":[{"href":"https:\/\/regiaonews.net.br\/2022\/wp-json\/wp\/v2\/media?parent=97141"}],"wp:term":[{"taxonomy":"category","embeddable":true,"href":"https:\/\/regiaonews.net.br\/2022\/wp-json\/wp\/v2\/categories?post=97141"},{"taxonomy":"post_tag","embeddable":true,"href":"https:\/\/regiaonews.net.br\/2022\/wp-json\/wp\/v2\/tags?post=97141"}],"curies":[{"name":"wp","href":"https:\/\/api.w.org\/{rel}","templated":true}]}}