{"id":97135,"date":"2023-10-29T13:41:10","date_gmt":"2023-10-29T16:41:10","guid":{"rendered":"https:\/\/regiaonews.net.br\/2022\/?p=97135"},"modified":"2023-10-29T13:41:10","modified_gmt":"2023-10-29T16:41:10","slug":"corinthians-e-santos-jogam-hoje-na-arena","status":"publish","type":"post","link":"https:\/\/regiaonews.net.br\/2022\/2023\/10\/29\/corinthians-e-santos-jogam-hoje-na-arena\/","title":{"rendered":"Corinthians e Santos jogam hoje na Arena"},"content":{"rendered":"<div id=\"clever-72774-sticky-footer\">Foto &#8211; Rodrigo Coca<\/div>\n<div id=\"wrap\">\n<div id=\"container_wrap\">\n<div id=\"conteudo\" class=\"container\">\n<div id=\"main\">\n<article id=\"noticia\" class=\"default\">\n<div class=\"texto\">\n<p>Nrste domingo, os comandados de <a class=\"hotword\" href=\"https:\/\/www.meutimao.com.br\/tecnico\/mano_menezes\" target=\"_blank\" rel=\"noopener\">Mano Menezes<\/a>\u00a0encaram um confronto que pode ser chamado de &#8220;jogo da vida&#8221; nesta reta final do\u00a0<a class=\"hotword\" href=\"https:\/\/www.meutimao.com.br\/tabela-de-classificacao\/campeonato_brasileiro\/\" target=\"_blank\" rel=\"noopener\">Campeonato Brasileiro.<\/a>\u00a0O embate est\u00e1 agendado para \u00e0s 18h30, na\u00a0<a class=\"hotword\" href=\"https:\/\/www.meutimao.com.br\/estadio-do-corinthians\/\" target=\"_blank\" rel=\"noopener\">Neo Qu\u00edmica Arena,<\/a>\u00a0e coloca frente a frente o\u00a0<a class=\"hotword\" href=\"https:\/\/www.meutimao.com.br\/\" target=\"_blank\" rel=\"noopener\">Corinthians<\/a> e o Santos, marcando a 30\u00aa rodada do torneio.<\/p>\n<p>A partida assume grande import\u00e2ncia para o Corinthians, j\u00e1 que se trata de um confronto direto na luta para se distanciar da zona de rebaixamento. Atualmente, o Tim\u00e3o ocupa a 14\u00aa posi\u00e7\u00e3o na tabela, somando 36 pontos, enquanto o Santos est\u00e1 na 16\u00aa coloca\u00e7\u00e3o, com 33 pontos.<\/p>\n<p>Assim como no jogo contra o Cuiab\u00e1, na \u00faltima rodada do Brasileiro, Mano Menezes pode ter os desfalques de Giovane, Gustavo Mosquito e Paulinho, os tr\u00eas em processo de recupera\u00e7\u00e3o de les\u00f5es. Al\u00e9m deles, Matheus Donelli e Biro est\u00e3o servindo a\u00a0<a class=\"hotword\" href=\"https:\/\/www.meutimao.com.br\/corinthianos-na-selecao\" target=\"_blank\" rel=\"noopener\">Sele\u00e7\u00e3o Brasileira<\/a>\u00a0nos Jogos Pan-Americanos.<\/p>\n<div class=\"pbmt publicidade_300x250 pbmt_container \">\n<div class=\"pbmt\">\n<div class=\"pbmt publicidade_arroba publicidade_300x250\">\n<div id=\"place_gam_29\" data-prebid=\"true\" data-aps=\"true\" data-google-query-id=\"CMD-k-DXm4IDFVhR3QIdtPEObA\">\n<div id=\"google_ads_iframe_\/3600946\/29_0__container__\"><\/div>\n<\/div>\n<\/div>\n<\/div>\n<\/div>\n<p>Diante deste cen\u00e1rio, uma prov\u00e1vel escala\u00e7\u00e3o para o confronto deste domingo inclui os seguintes jogadores do Tim\u00e3o:\u00a0<strong>C\u00e1ssio; Bruno M\u00e9ndez (Fagner), Gil, Lucas Ver\u00edssimo e\u00a0<a class=\"hotword\" href=\"https:\/\/www.meutimao.com.br\/jogador-do-corinthians\/fabio-santos\" target=\"_blank\" rel=\"noopener\">F\u00e1bio Santos;<\/a>\u00a0Fausto Vera, Maycon,\u00a0<a class=\"hotword\" href=\"https:\/\/www.meutimao.com.br\/jogador-do-corinthians\/giuliano-victor\" target=\"_blank\" rel=\"noopener\">Giuliano<\/a>\u00a0e\u00a0<a class=\"hotword\" href=\"https:\/\/www.meutimao.com.br\/jogador-do-corinthians\/renato-augusto\" target=\"_blank\" rel=\"noopener\">Renato Augusto<\/a> (Gabriel Moscardo); Romero e Yuri Alberto.<\/strong><\/p>\n<h3>Apita o jogo<\/h3>\n<p>O \u00e1rbitro Fifa Anderson Daronco assumir\u00e1 a responsabilidade pelo apito no confronto, contando com a assist\u00eancia de Bruno Boschilia e Rafael da Silva Alves, ambos tamb\u00e9m \u00e1rbitros Fifa, nas bandeiras. Thiago Louren\u00e7o de Mattos ser\u00e1 o quarto \u00e1rbitro, enquanto Wagner Reway estar\u00e1 encarregado da arbitragem de v\u00eddeo, o VAR.<\/p>\n<\/div>\n<\/article>\n<\/div>\n<\/div>\n<\/div>\n<\/div>\n<p>&nbsp;<\/p>\n","protected":false},"excerpt":{"rendered":"<p>Foto &#8211; Rodrigo Coca Nrste domingo, os comandados de Mano<\/p>\n","protected":false},"author":2,"featured_media":97136,"comment_status":"open","ping_status":"open","sticky":false,"template":"","format":"standard","meta":{"footnotes":""},"categories":[127,21],"tags":[],"class_list":["post-97135","post","type-post","status-publish","format-standard","has-post-thumbnail","hentry","category-brasileirao","category-esporte"],"yoast_head":"<!-- This site is optimized with the Yoast SEO plugin v27.4 - https:\/\/yoast.com\/product\/yoast-seo-wordpress\/ -->\n<title>Corinthians e Santos jogam hoje na Arena - Regi\u00e3o News<\/title>\n<meta name=\"robots\" content=\"index, follow, max-snippet:-1, max-image-preview:large, max-video-preview:-1\" \/>\n<link rel=\"canonical\" href=\"https:\/\/regiaonews.net.br\/2022\/2023\/10\/29\/corinthians-e-santos-jogam-hoje-na-arena\/\" \/>\n<meta property=\"og:locale\" content=\"pt_BR\" \/>\n<meta property=\"og:type\" content=\"article\" \/>\n<meta property=\"og:title\" content=\"Corinthians e Santos jogam hoje na Arena - Regi\u00e3o News\" \/>\n<meta property=\"og:description\" content=\"Foto &#8211; Rodrigo Coca Nrste domingo, os comandados de Mano\" \/>\n<meta property=\"og:url\" content=\"https:\/\/regiaonews.net.br\/2022\/2023\/10\/29\/corinthians-e-santos-jogam-hoje-na-arena\/\" \/>\n<meta property=\"og:site_name\" content=\"Regi\u00e3o News\" \/>\n<meta property=\"article:published_time\" content=\"2023-10-29T16:41:10+00:00\" \/>\n<meta property=\"og:image\" content=\"https:\/\/regiaonews.net.br\/2022\/wp-content\/uploads\/2023\/10\/yuri-alberto-foi-eleito-o-melhor-jogador-no-dt.jpg\" \/>\n\t<meta property=\"og:image:width\" content=\"614\" \/>\n\t<meta property=\"og:image:height\" content=\"441\" \/>\n\t<meta property=\"og:image:type\" content=\"image\/jpeg\" \/>\n<meta name=\"author\" content=\"Roberto\" \/>\n<meta name=\"twitter:card\" content=\"summary_large_image\" \/>\n<meta name=\"twitter:label1\" content=\"Escrito por\" \/>\n\t<meta name=\"twitter:data1\" content=\"Roberto\" \/>\n\t<meta name=\"twitter:label2\" content=\"Est. tempo de leitura\" \/>\n\t<meta name=\"twitter:data2\" content=\"2 minutos\" \/>\n<script type=\"application\/ld+json\" class=\"yoast-schema-graph\">{\"@context\":\"https:\\\/\\\/schema.org\",\"@graph\":[{\"@type\":\"Article\",\"@id\":\"https:\\\/\\\/regiaonews.net.br\\\/2022\\\/2023\\\/10\\\/29\\\/corinthians-e-santos-jogam-hoje-na-arena\\\/#article\",\"isPartOf\":{\"@id\":\"https:\\\/\\\/regiaonews.net.br\\\/2022\\\/2023\\\/10\\\/29\\\/corinthians-e-santos-jogam-hoje-na-arena\\\/\"},\"author\":{\"name\":\"Roberto\",\"@id\":\"https:\\\/\\\/regiaonews.net.br\\\/2022\\\/#\\\/schema\\\/person\\\/2d205a608a5aa97ac279d7a5e6d89ad8\"},\"headline\":\"Corinthians e Santos jogam hoje na Arena\",\"datePublished\":\"2023-10-29T16:41:10+00:00\",\"mainEntityOfPage\":{\"@id\":\"https:\\\/\\\/regiaonews.net.br\\\/2022\\\/2023\\\/10\\\/29\\\/corinthians-e-santos-jogam-hoje-na-arena\\\/\"},\"wordCount\":266,\"commentCount\":0,\"publisher\":{\"@id\":\"https:\\\/\\\/regiaonews.net.br\\\/2022\\\/#organization\"},\"image\":{\"@id\":\"https:\\\/\\\/regiaonews.net.br\\\/2022\\\/2023\\\/10\\\/29\\\/corinthians-e-santos-jogam-hoje-na-arena\\\/#primaryimage\"},\"thumbnailUrl\":\"https:\\\/\\\/regiaonews.net.br\\\/2022\\\/wp-content\\\/uploads\\\/2023\\\/10\\\/yuri-alberto-foi-eleito-o-melhor-jogador-no-dt.jpg\",\"articleSection\":[\"Brasileir\u00e3o\",\"Esporte\"],\"inLanguage\":\"pt-BR\",\"potentialAction\":[{\"@type\":\"CommentAction\",\"name\":\"Comment\",\"target\":[\"https:\\\/\\\/regiaonews.net.br\\\/2022\\\/2023\\\/10\\\/29\\\/corinthians-e-santos-jogam-hoje-na-arena\\\/#respond\"]}]},{\"@type\":\"WebPage\",\"@id\":\"https:\\\/\\\/regiaonews.net.br\\\/2022\\\/2023\\\/10\\\/29\\\/corinthians-e-santos-jogam-hoje-na-arena\\\/\",\"url\":\"https:\\\/\\\/regiaonews.net.br\\\/2022\\\/2023\\\/10\\\/29\\\/corinthians-e-santos-jogam-hoje-na-arena\\\/\",\"name\":\"Corinthians e Santos jogam hoje na Arena - Regi\u00e3o News\",\"isPartOf\":{\"@id\":\"https:\\\/\\\/regiaonews.net.br\\\/2022\\\/#website\"},\"primaryImageOfPage\":{\"@id\":\"https:\\\/\\\/regiaonews.net.br\\\/2022\\\/2023\\\/10\\\/29\\\/corinthians-e-santos-jogam-hoje-na-arena\\\/#primaryimage\"},\"image\":{\"@id\":\"https:\\\/\\\/regiaonews.net.br\\\/2022\\\/2023\\\/10\\\/29\\\/corinthians-e-santos-jogam-hoje-na-arena\\\/#primaryimage\"},\"thumbnailUrl\":\"https:\\\/\\\/regiaonews.net.br\\\/2022\\\/wp-content\\\/uploads\\\/2023\\\/10\\\/yuri-alberto-foi-eleito-o-melhor-jogador-no-dt.jpg\",\"datePublished\":\"2023-10-29T16:41:10+00:00\",\"breadcrumb\":{\"@id\":\"https:\\\/\\\/regiaonews.net.br\\\/2022\\\/2023\\\/10\\\/29\\\/corinthians-e-santos-jogam-hoje-na-arena\\\/#breadcrumb\"},\"inLanguage\":\"pt-BR\",\"potentialAction\":[{\"@type\":\"ReadAction\",\"target\":[\"https:\\\/\\\/regiaonews.net.br\\\/2022\\\/2023\\\/10\\\/29\\\/corinthians-e-santos-jogam-hoje-na-arena\\\/\"]}]},{\"@type\":\"ImageObject\",\"inLanguage\":\"pt-BR\",\"@id\":\"https:\\\/\\\/regiaonews.net.br\\\/2022\\\/2023\\\/10\\\/29\\\/corinthians-e-santos-jogam-hoje-na-arena\\\/#primaryimage\",\"url\":\"https:\\\/\\\/regiaonews.net.br\\\/2022\\\/wp-content\\\/uploads\\\/2023\\\/10\\\/yuri-alberto-foi-eleito-o-melhor-jogador-no-dt.jpg\",\"contentUrl\":\"https:\\\/\\\/regiaonews.net.br\\\/2022\\\/wp-content\\\/uploads\\\/2023\\\/10\\\/yuri-alberto-foi-eleito-o-melhor-jogador-no-dt.jpg\",\"width\":614,\"height\":441},{\"@type\":\"BreadcrumbList\",\"@id\":\"https:\\\/\\\/regiaonews.net.br\\\/2022\\\/2023\\\/10\\\/29\\\/corinthians-e-santos-jogam-hoje-na-arena\\\/#breadcrumb\",\"itemListElement\":[{\"@type\":\"ListItem\",\"position\":1,\"name\":\"In\u00edcio\",\"item\":\"https:\\\/\\\/regiaonews.net.br\\\/2022\\\/\"},{\"@type\":\"ListItem\",\"position\":2,\"name\":\"Corinthians e Santos jogam hoje na Arena\"}]},{\"@type\":\"WebSite\",\"@id\":\"https:\\\/\\\/regiaonews.net.br\\\/2022\\\/#website\",\"url\":\"https:\\\/\\\/regiaonews.net.br\\\/2022\\\/\",\"name\":\"Regi\u00e3o News\",\"description\":\"Site de Not\u00edcias de Barretos e regi\u00e3o\",\"publisher\":{\"@id\":\"https:\\\/\\\/regiaonews.net.br\\\/2022\\\/#organization\"},\"potentialAction\":[{\"@type\":\"SearchAction\",\"target\":{\"@type\":\"EntryPoint\",\"urlTemplate\":\"https:\\\/\\\/regiaonews.net.br\\\/2022\\\/?s={search_term_string}\"},\"query-input\":{\"@type\":\"PropertyValueSpecification\",\"valueRequired\":true,\"valueName\":\"search_term_string\"}}],\"inLanguage\":\"pt-BR\"},{\"@type\":\"Organization\",\"@id\":\"https:\\\/\\\/regiaonews.net.br\\\/2022\\\/#organization\",\"name\":\"Regi\u00e3o News\",\"url\":\"https:\\\/\\\/regiaonews.net.br\\\/2022\\\/\",\"logo\":{\"@type\":\"ImageObject\",\"inLanguage\":\"pt-BR\",\"@id\":\"https:\\\/\\\/regiaonews.net.br\\\/2022\\\/#\\\/schema\\\/logo\\\/image\\\/\",\"url\":\"https:\\\/\\\/regiaonews.net.br\\\/2022\\\/wp-content\\\/uploads\\\/2026\\\/03\\\/regiao-13-anos-scaled.jpg\",\"contentUrl\":\"https:\\\/\\\/regiaonews.net.br\\\/2022\\\/wp-content\\\/uploads\\\/2026\\\/03\\\/regiao-13-anos-scaled.jpg\",\"width\":2560,\"height\":635,\"caption\":\"Regi\u00e3o News\"},\"image\":{\"@id\":\"https:\\\/\\\/regiaonews.net.br\\\/2022\\\/#\\\/schema\\\/logo\\\/image\\\/\"}},{\"@type\":\"Person\",\"@id\":\"https:\\\/\\\/regiaonews.net.br\\\/2022\\\/#\\\/schema\\\/person\\\/2d205a608a5aa97ac279d7a5e6d89ad8\",\"name\":\"Roberto\",\"image\":{\"@type\":\"ImageObject\",\"inLanguage\":\"pt-BR\",\"@id\":\"https:\\\/\\\/secure.gravatar.com\\\/avatar\\\/42749d8b712ff9d59ca93dc150494e5b55a44134482993f5baeb97e61b7ecc89?s=96&d=mm&r=g\",\"url\":\"https:\\\/\\\/secure.gravatar.com\\\/avatar\\\/42749d8b712ff9d59ca93dc150494e5b55a44134482993f5baeb97e61b7ecc89?s=96&d=mm&r=g\",\"contentUrl\":\"https:\\\/\\\/secure.gravatar.com\\\/avatar\\\/42749d8b712ff9d59ca93dc150494e5b55a44134482993f5baeb97e61b7ecc89?s=96&d=mm&r=g\",\"caption\":\"Roberto\"},\"url\":\"https:\\\/\\\/regiaonews.net.br\\\/2022\\\/author\\\/roberto\\\/\"}]}<\/script>\n<!-- \/ Yoast SEO plugin. -->","yoast_head_json":{"title":"Corinthians e Santos jogam hoje na Arena - Regi\u00e3o News","robots":{"index":"index","follow":"follow","max-snippet":"max-snippet:-1","max-image-preview":"max-image-preview:large","max-video-preview":"max-video-preview:-1"},"canonical":"https:\/\/regiaonews.net.br\/2022\/2023\/10\/29\/corinthians-e-santos-jogam-hoje-na-arena\/","og_locale":"pt_BR","og_type":"article","og_title":"Corinthians e Santos jogam hoje na Arena - Regi\u00e3o News","og_description":"Foto &#8211; Rodrigo Coca Nrste domingo, os comandados de Mano","og_url":"https:\/\/regiaonews.net.br\/2022\/2023\/10\/29\/corinthians-e-santos-jogam-hoje-na-arena\/","og_site_name":"Regi\u00e3o News","article_published_time":"2023-10-29T16:41:10+00:00","og_image":[{"width":614,"height":441,"url":"https:\/\/regiaonews.net.br\/2022\/wp-content\/uploads\/2023\/10\/yuri-alberto-foi-eleito-o-melhor-jogador-no-dt.jpg","type":"image\/jpeg"}],"author":"Roberto","twitter_card":"summary_large_image","twitter_misc":{"Escrito por":"Roberto","Est. tempo de leitura":"2 minutos"},"schema":{"@context":"https:\/\/schema.org","@graph":[{"@type":"Article","@id":"https:\/\/regiaonews.net.br\/2022\/2023\/10\/29\/corinthians-e-santos-jogam-hoje-na-arena\/#article","isPartOf":{"@id":"https:\/\/regiaonews.net.br\/2022\/2023\/10\/29\/corinthians-e-santos-jogam-hoje-na-arena\/"},"author":{"name":"Roberto","@id":"https:\/\/regiaonews.net.br\/2022\/#\/schema\/person\/2d205a608a5aa97ac279d7a5e6d89ad8"},"headline":"Corinthians e Santos jogam hoje na Arena","datePublished":"2023-10-29T16:41:10+00:00","mainEntityOfPage":{"@id":"https:\/\/regiaonews.net.br\/2022\/2023\/10\/29\/corinthians-e-santos-jogam-hoje-na-arena\/"},"wordCount":266,"commentCount":0,"publisher":{"@id":"https:\/\/regiaonews.net.br\/2022\/#organization"},"image":{"@id":"https:\/\/regiaonews.net.br\/2022\/2023\/10\/29\/corinthians-e-santos-jogam-hoje-na-arena\/#primaryimage"},"thumbnailUrl":"https:\/\/regiaonews.net.br\/2022\/wp-content\/uploads\/2023\/10\/yuri-alberto-foi-eleito-o-melhor-jogador-no-dt.jpg","articleSection":["Brasileir\u00e3o","Esporte"],"inLanguage":"pt-BR","potentialAction":[{"@type":"CommentAction","name":"Comment","target":["https:\/\/regiaonews.net.br\/2022\/2023\/10\/29\/corinthians-e-santos-jogam-hoje-na-arena\/#respond"]}]},{"@type":"WebPage","@id":"https:\/\/regiaonews.net.br\/2022\/2023\/10\/29\/corinthians-e-santos-jogam-hoje-na-arena\/","url":"https:\/\/regiaonews.net.br\/2022\/2023\/10\/29\/corinthians-e-santos-jogam-hoje-na-arena\/","name":"Corinthians e Santos jogam hoje na Arena - Regi\u00e3o News","isPartOf":{"@id":"https:\/\/regiaonews.net.br\/2022\/#website"},"primaryImageOfPage":{"@id":"https:\/\/regiaonews.net.br\/2022\/2023\/10\/29\/corinthians-e-santos-jogam-hoje-na-arena\/#primaryimage"},"image":{"@id":"https:\/\/regiaonews.net.br\/2022\/2023\/10\/29\/corinthians-e-santos-jogam-hoje-na-arena\/#primaryimage"},"thumbnailUrl":"https:\/\/regiaonews.net.br\/2022\/wp-content\/uploads\/2023\/10\/yuri-alberto-foi-eleito-o-melhor-jogador-no-dt.jpg","datePublished":"2023-10-29T16:41:10+00:00","breadcrumb":{"@id":"https:\/\/regiaonews.net.br\/2022\/2023\/10\/29\/corinthians-e-santos-jogam-hoje-na-arena\/#breadcrumb"},"inLanguage":"pt-BR","potentialAction":[{"@type":"ReadAction","target":["https:\/\/regiaonews.net.br\/2022\/2023\/10\/29\/corinthians-e-santos-jogam-hoje-na-arena\/"]}]},{"@type":"ImageObject","inLanguage":"pt-BR","@id":"https:\/\/regiaonews.net.br\/2022\/2023\/10\/29\/corinthians-e-santos-jogam-hoje-na-arena\/#primaryimage","url":"https:\/\/regiaonews.net.br\/2022\/wp-content\/uploads\/2023\/10\/yuri-alberto-foi-eleito-o-melhor-jogador-no-dt.jpg","contentUrl":"https:\/\/regiaonews.net.br\/2022\/wp-content\/uploads\/2023\/10\/yuri-alberto-foi-eleito-o-melhor-jogador-no-dt.jpg","width":614,"height":441},{"@type":"BreadcrumbList","@id":"https:\/\/regiaonews.net.br\/2022\/2023\/10\/29\/corinthians-e-santos-jogam-hoje-na-arena\/#breadcrumb","itemListElement":[{"@type":"ListItem","position":1,"name":"In\u00edcio","item":"https:\/\/regiaonews.net.br\/2022\/"},{"@type":"ListItem","position":2,"name":"Corinthians e Santos jogam hoje na Arena"}]},{"@type":"WebSite","@id":"https:\/\/regiaonews.net.br\/2022\/#website","url":"https:\/\/regiaonews.net.br\/2022\/","name":"Regi\u00e3o News","description":"Site de Not\u00edcias de Barretos e regi\u00e3o","publisher":{"@id":"https:\/\/regiaonews.net.br\/2022\/#organization"},"potentialAction":[{"@type":"SearchAction","target":{"@type":"EntryPoint","urlTemplate":"https:\/\/regiaonews.net.br\/2022\/?s={search_term_string}"},"query-input":{"@type":"PropertyValueSpecification","valueRequired":true,"valueName":"search_term_string"}}],"inLanguage":"pt-BR"},{"@type":"Organization","@id":"https:\/\/regiaonews.net.br\/2022\/#organization","name":"Regi\u00e3o News","url":"https:\/\/regiaonews.net.br\/2022\/","logo":{"@type":"ImageObject","inLanguage":"pt-BR","@id":"https:\/\/regiaonews.net.br\/2022\/#\/schema\/logo\/image\/","url":"https:\/\/regiaonews.net.br\/2022\/wp-content\/uploads\/2026\/03\/regiao-13-anos-scaled.jpg","contentUrl":"https:\/\/regiaonews.net.br\/2022\/wp-content\/uploads\/2026\/03\/regiao-13-anos-scaled.jpg","width":2560,"height":635,"caption":"Regi\u00e3o News"},"image":{"@id":"https:\/\/regiaonews.net.br\/2022\/#\/schema\/logo\/image\/"}},{"@type":"Person","@id":"https:\/\/regiaonews.net.br\/2022\/#\/schema\/person\/2d205a608a5aa97ac279d7a5e6d89ad8","name":"Roberto","image":{"@type":"ImageObject","inLanguage":"pt-BR","@id":"https:\/\/secure.gravatar.com\/avatar\/42749d8b712ff9d59ca93dc150494e5b55a44134482993f5baeb97e61b7ecc89?s=96&d=mm&r=g","url":"https:\/\/secure.gravatar.com\/avatar\/42749d8b712ff9d59ca93dc150494e5b55a44134482993f5baeb97e61b7ecc89?s=96&d=mm&r=g","contentUrl":"https:\/\/secure.gravatar.com\/avatar\/42749d8b712ff9d59ca93dc150494e5b55a44134482993f5baeb97e61b7ecc89?s=96&d=mm&r=g","caption":"Roberto"},"url":"https:\/\/regiaonews.net.br\/2022\/author\/roberto\/"}]}},"publishpress_future_action":{"enabled":false,"date":"2026-05-04 13:02:10","action":"change-status","newStatus":"draft","terms":[],"taxonomy":"category","extraData":[]},"publishpress_future_workflow_manual_trigger":{"enabledWorkflows":[]},"_links":{"self":[{"href":"https:\/\/regiaonews.net.br\/2022\/wp-json\/wp\/v2\/posts\/97135","targetHints":{"allow":["GET"]}}],"collection":[{"href":"https:\/\/regiaonews.net.br\/2022\/wp-json\/wp\/v2\/posts"}],"about":[{"href":"https:\/\/regiaonews.net.br\/2022\/wp-json\/wp\/v2\/types\/post"}],"author":[{"embeddable":true,"href":"https:\/\/regiaonews.net.br\/2022\/wp-json\/wp\/v2\/users\/2"}],"replies":[{"embeddable":true,"href":"https:\/\/regiaonews.net.br\/2022\/wp-json\/wp\/v2\/comments?post=97135"}],"version-history":[{"count":1,"href":"https:\/\/regiaonews.net.br\/2022\/wp-json\/wp\/v2\/posts\/97135\/revisions"}],"predecessor-version":[{"id":97137,"href":"https:\/\/regiaonews.net.br\/2022\/wp-json\/wp\/v2\/posts\/97135\/revisions\/97137"}],"wp:featuredmedia":[{"embeddable":true,"href":"https:\/\/regiaonews.net.br\/2022\/wp-json\/wp\/v2\/media\/97136"}],"wp:attachment":[{"href":"https:\/\/regiaonews.net.br\/2022\/wp-json\/wp\/v2\/media?parent=97135"}],"wp:term":[{"taxonomy":"category","embeddable":true,"href":"https:\/\/regiaonews.net.br\/2022\/wp-json\/wp\/v2\/categories?post=97135"},{"taxonomy":"post_tag","embeddable":true,"href":"https:\/\/regiaonews.net.br\/2022\/wp-json\/wp\/v2\/tags?post=97135"}],"curies":[{"name":"wp","href":"https:\/\/api.w.org\/{rel}","templated":true}]}}