{"id":97130,"date":"2023-10-29T11:41:37","date_gmt":"2023-10-29T14:41:37","guid":{"rendered":"https:\/\/regiaonews.net.br\/2022\/?p=97130"},"modified":"2023-10-29T11:41:37","modified_gmt":"2023-10-29T14:41:37","slug":"operacao-pre-piracema-aborda-pescadores-praticando-pesca-ilegal","status":"publish","type":"post","link":"https:\/\/regiaonews.net.br\/2022\/2023\/10\/29\/operacao-pre-piracema-aborda-pescadores-praticando-pesca-ilegal\/","title":{"rendered":"Opera\u00e7\u00e3o Pr\u00e9-Piracema aborda pescadores praticando pesca ilegal"},"content":{"rendered":"<p>&nbsp;<\/p>\n<p>Foto \u2013 Peixes apreendidos em Jaborandi e Col\u00f4mbia na opera\u00e7\u00e3o<br \/>\nFotos \u2013 Divulga\u00e7\u00e3o<\/p>\n<p>A Pol\u00edcia Ambiental est\u00e1 realiza\u00e7\u00e3o fiscaliza\u00e7\u00f5es nos rios da regi\u00e3o durante a Opera\u00e7\u00e3o Pr\u00e9-Piracema. Na quarta (25), no Rio Pardo em Jaborandi, nas proximidades da corredeira Brumado, os policias ambientais visualizaram diversas garrafas pet flutuando rio abaixo e logo ap\u00f3s visualizaram dois pescadores em uma embarca\u00e7\u00e3o arremessando mais garrafas com linha, anzol e peda\u00e7os de peixes, o chamado Jo\u00e3o Bobo, para realizar a captura dos peixes. Os pescadores fugiram, mas foram identificados por se tratarem de infratores j\u00e1 conhecidos dos policiais ambientais. No rancho foi realizado o auto de infra\u00e7\u00e3o no valor de R$ 4.992,00, sendo apreendido 1 barco de alum\u00ednio, 1 motor de popa 18 HP, 24 garrafas com anzol e linha e 49,8 kg de pescado da esp\u00e9cie Barbado.<br \/>\nJ\u00e1 na quinta (26), no Rio Grande, em Col\u00f4mbia, na regi\u00e3o do Porto do Bambu, os policias ao avistarem um barco encostado \u00e0s margens do Rio, aguardaram at\u00e9 que fosse retirado todo o material da embarca\u00e7\u00e3o e fosse colocado em um ve\u00edculo. Ap\u00f3s a tentativa de abordar o ve\u00edculo, os ocupantes abandonaram o carro e se evadiram, sendo identificado um dos ocupantes. No ve\u00edculo foram localizados 1 motor de popa, 15 armadilhas tipo guarda-chuva, 1 tanque de combust\u00edvel e 2,6 kg de pescado do tipo Tuvira, que foram soltos no rio. O carro estava com o licenciamento vencido e foi recolhido para o p\u00e1tio de Barretos e foi aplicado uma multa no R$ 4.208,00.<br \/>\nNos dois casos os pescadores fugiram, mas foram identificados, sendo confeccionados os Autos de Infra\u00e7\u00e3o Ambiental por incorrem no disposto Artigo 35 Par\u00e1grafo 1\u00b0 Inciso II &#8221; Por pescar mediante utiliza\u00e7\u00e3o de petrecho proibido&#8221;. Penalmente os infratores incorreram em crime capitulado nos ART. 34 da lei federal 9.605\/98.<\/p>\n<p><a href=\"https:\/\/regiaonews.net.br\/2022\/wp-content\/uploads\/2023\/10\/IMG-20231026-WA0555.jpg\"><img loading=\"lazy\" decoding=\"async\" class=\"alignnone size-medium wp-image-97132\" src=\"https:\/\/regiaonews.net.br\/2022\/wp-content\/uploads\/2023\/10\/IMG-20231026-WA0555-225x300.jpg\" alt=\"\" width=\"225\" height=\"300\" srcset=\"https:\/\/regiaonews.net.br\/2022\/wp-content\/uploads\/2023\/10\/IMG-20231026-WA0555-225x300.jpg 225w, https:\/\/regiaonews.net.br\/2022\/wp-content\/uploads\/2023\/10\/IMG-20231026-WA0555-768x1024.jpg 768w, https:\/\/regiaonews.net.br\/2022\/wp-content\/uploads\/2023\/10\/IMG-20231026-WA0555-1152x1536.jpg 1152w, https:\/\/regiaonews.net.br\/2022\/wp-content\/uploads\/2023\/10\/IMG-20231026-WA0555-250x333.jpg 250w, https:\/\/regiaonews.net.br\/2022\/wp-content\/uploads\/2023\/10\/IMG-20231026-WA0555.jpg 1200w\" sizes=\"auto, (max-width: 225px) 100vw, 225px\" \/><\/a> <a href=\"https:\/\/regiaonews.net.br\/2022\/wp-content\/uploads\/2023\/10\/IMG-20231026-WA0579.jpg\"><img loading=\"lazy\" decoding=\"async\" class=\"alignnone size-medium wp-image-97133\" src=\"https:\/\/regiaonews.net.br\/2022\/wp-content\/uploads\/2023\/10\/IMG-20231026-WA0579-300x300.jpg\" alt=\"\" width=\"300\" height=\"300\" srcset=\"https:\/\/regiaonews.net.br\/2022\/wp-content\/uploads\/2023\/10\/IMG-20231026-WA0579-300x300.jpg 300w, https:\/\/regiaonews.net.br\/2022\/wp-content\/uploads\/2023\/10\/IMG-20231026-WA0579-1024x1024.jpg 1024w, https:\/\/regiaonews.net.br\/2022\/wp-content\/uploads\/2023\/10\/IMG-20231026-WA0579-150x150.jpg 150w, https:\/\/regiaonews.net.br\/2022\/wp-content\/uploads\/2023\/10\/IMG-20231026-WA0579-768x768.jpg 768w, https:\/\/regiaonews.net.br\/2022\/wp-content\/uploads\/2023\/10\/IMG-20231026-WA0579-1536x1536.jpg 1536w, https:\/\/regiaonews.net.br\/2022\/wp-content\/uploads\/2023\/10\/IMG-20231026-WA0579-250x250.jpg 250w, https:\/\/regiaonews.net.br\/2022\/wp-content\/uploads\/2023\/10\/IMG-20231026-WA0579.jpg 1599w\" sizes=\"auto, (max-width: 300px) 100vw, 300px\" \/><\/a><\/p>\n","protected":false},"excerpt":{"rendered":"<p>&nbsp; Foto \u2013 Peixes apreendidos em Jaborandi e Col\u00f4mbia na<\/p>\n","protected":false},"author":2,"featured_media":97131,"comment_status":"open","ping_status":"open","sticky":false,"template":"","format":"standard","meta":{"footnotes":""},"categories":[6,10,23],"tags":[],"class_list":["post-97130","post","type-post","status-publish","format-standard","has-post-thumbnail","hentry","category-colombia","category-jaborandi","category-policia"],"yoast_head":"<!-- This site is optimized with the Yoast SEO plugin v27.4 - https:\/\/yoast.com\/product\/yoast-seo-wordpress\/ -->\n<title>Opera\u00e7\u00e3o Pr\u00e9-Piracema aborda pescadores praticando pesca ilegal<\/title>\n<meta name=\"description\" content=\"A Pol\u00edcia Ambiental est\u00e1 realiza\u00e7\u00e3o fiscaliza\u00e7\u00f5es nos rios da regi\u00e3o durante a Opera\u00e7\u00e3o Pr\u00e9-Piracema. Na quarta (25), no Rio Pardo em\" \/>\n<meta name=\"robots\" content=\"index, follow, max-snippet:-1, max-image-preview:large, max-video-preview:-1\" \/>\n<link rel=\"canonical\" href=\"https:\/\/regiaonews.net.br\/2022\/2023\/10\/29\/operacao-pre-piracema-aborda-pescadores-praticando-pesca-ilegal\/\" \/>\n<meta property=\"og:locale\" content=\"pt_BR\" \/>\n<meta property=\"og:type\" content=\"article\" \/>\n<meta property=\"og:title\" content=\"Opera\u00e7\u00e3o Pr\u00e9-Piracema aborda pescadores praticando pesca ilegal\" \/>\n<meta property=\"og:description\" content=\"A Pol\u00edcia Ambiental est\u00e1 realiza\u00e7\u00e3o fiscaliza\u00e7\u00f5es nos rios da regi\u00e3o durante a Opera\u00e7\u00e3o Pr\u00e9-Piracema. Na quarta (25), no Rio Pardo em\" \/>\n<meta property=\"og:url\" content=\"https:\/\/regiaonews.net.br\/2022\/2023\/10\/29\/operacao-pre-piracema-aborda-pescadores-praticando-pesca-ilegal\/\" \/>\n<meta property=\"og:site_name\" content=\"Regi\u00e3o News\" \/>\n<meta property=\"article:published_time\" content=\"2023-10-29T14:41:37+00:00\" \/>\n<meta property=\"og:image\" content=\"https:\/\/regiaonews.net.br\/2022\/wp-content\/uploads\/2023\/10\/IMG-20231026-WA0556.jpg\" \/>\n\t<meta property=\"og:image:width\" content=\"1600\" \/>\n\t<meta property=\"og:image:height\" content=\"1200\" \/>\n\t<meta property=\"og:image:type\" content=\"image\/jpeg\" \/>\n<meta name=\"author\" content=\"Roberto\" \/>\n<meta name=\"twitter:card\" content=\"summary_large_image\" \/>\n<meta name=\"twitter:label1\" content=\"Escrito por\" \/>\n\t<meta name=\"twitter:data1\" content=\"Roberto\" \/>\n\t<meta name=\"twitter:label2\" content=\"Est. tempo de leitura\" \/>\n\t<meta name=\"twitter:data2\" content=\"3 minutos\" \/>\n<script type=\"application\/ld+json\" class=\"yoast-schema-graph\">{\"@context\":\"https:\\\/\\\/schema.org\",\"@graph\":[{\"@type\":\"Article\",\"@id\":\"https:\\\/\\\/regiaonews.net.br\\\/2022\\\/2023\\\/10\\\/29\\\/operacao-pre-piracema-aborda-pescadores-praticando-pesca-ilegal\\\/#article\",\"isPartOf\":{\"@id\":\"https:\\\/\\\/regiaonews.net.br\\\/2022\\\/2023\\\/10\\\/29\\\/operacao-pre-piracema-aborda-pescadores-praticando-pesca-ilegal\\\/\"},\"author\":{\"name\":\"Roberto\",\"@id\":\"https:\\\/\\\/regiaonews.net.br\\\/2022\\\/#\\\/schema\\\/person\\\/2d205a608a5aa97ac279d7a5e6d89ad8\"},\"headline\":\"Opera\u00e7\u00e3o Pr\u00e9-Piracema aborda pescadores praticando pesca ilegal\",\"datePublished\":\"2023-10-29T14:41:37+00:00\",\"mainEntityOfPage\":{\"@id\":\"https:\\\/\\\/regiaonews.net.br\\\/2022\\\/2023\\\/10\\\/29\\\/operacao-pre-piracema-aborda-pescadores-praticando-pesca-ilegal\\\/\"},\"wordCount\":314,\"commentCount\":0,\"publisher\":{\"@id\":\"https:\\\/\\\/regiaonews.net.br\\\/2022\\\/#organization\"},\"image\":{\"@id\":\"https:\\\/\\\/regiaonews.net.br\\\/2022\\\/2023\\\/10\\\/29\\\/operacao-pre-piracema-aborda-pescadores-praticando-pesca-ilegal\\\/#primaryimage\"},\"thumbnailUrl\":\"https:\\\/\\\/regiaonews.net.br\\\/2022\\\/wp-content\\\/uploads\\\/2023\\\/10\\\/IMG-20231026-WA0556.jpg\",\"articleSection\":[\"Col\u00f4mbia\",\"Jaborandi\",\"Policia\"],\"inLanguage\":\"pt-BR\",\"potentialAction\":[{\"@type\":\"CommentAction\",\"name\":\"Comment\",\"target\":[\"https:\\\/\\\/regiaonews.net.br\\\/2022\\\/2023\\\/10\\\/29\\\/operacao-pre-piracema-aborda-pescadores-praticando-pesca-ilegal\\\/#respond\"]}]},{\"@type\":\"WebPage\",\"@id\":\"https:\\\/\\\/regiaonews.net.br\\\/2022\\\/2023\\\/10\\\/29\\\/operacao-pre-piracema-aborda-pescadores-praticando-pesca-ilegal\\\/\",\"url\":\"https:\\\/\\\/regiaonews.net.br\\\/2022\\\/2023\\\/10\\\/29\\\/operacao-pre-piracema-aborda-pescadores-praticando-pesca-ilegal\\\/\",\"name\":\"Opera\u00e7\u00e3o Pr\u00e9-Piracema aborda pescadores praticando pesca ilegal\",\"isPartOf\":{\"@id\":\"https:\\\/\\\/regiaonews.net.br\\\/2022\\\/#website\"},\"primaryImageOfPage\":{\"@id\":\"https:\\\/\\\/regiaonews.net.br\\\/2022\\\/2023\\\/10\\\/29\\\/operacao-pre-piracema-aborda-pescadores-praticando-pesca-ilegal\\\/#primaryimage\"},\"image\":{\"@id\":\"https:\\\/\\\/regiaonews.net.br\\\/2022\\\/2023\\\/10\\\/29\\\/operacao-pre-piracema-aborda-pescadores-praticando-pesca-ilegal\\\/#primaryimage\"},\"thumbnailUrl\":\"https:\\\/\\\/regiaonews.net.br\\\/2022\\\/wp-content\\\/uploads\\\/2023\\\/10\\\/IMG-20231026-WA0556.jpg\",\"datePublished\":\"2023-10-29T14:41:37+00:00\",\"description\":\"A Pol\u00edcia Ambiental est\u00e1 realiza\u00e7\u00e3o fiscaliza\u00e7\u00f5es nos rios da regi\u00e3o durante a Opera\u00e7\u00e3o Pr\u00e9-Piracema. Na quarta (25), no Rio Pardo em\",\"breadcrumb\":{\"@id\":\"https:\\\/\\\/regiaonews.net.br\\\/2022\\\/2023\\\/10\\\/29\\\/operacao-pre-piracema-aborda-pescadores-praticando-pesca-ilegal\\\/#breadcrumb\"},\"inLanguage\":\"pt-BR\",\"potentialAction\":[{\"@type\":\"ReadAction\",\"target\":[\"https:\\\/\\\/regiaonews.net.br\\\/2022\\\/2023\\\/10\\\/29\\\/operacao-pre-piracema-aborda-pescadores-praticando-pesca-ilegal\\\/\"]}]},{\"@type\":\"ImageObject\",\"inLanguage\":\"pt-BR\",\"@id\":\"https:\\\/\\\/regiaonews.net.br\\\/2022\\\/2023\\\/10\\\/29\\\/operacao-pre-piracema-aborda-pescadores-praticando-pesca-ilegal\\\/#primaryimage\",\"url\":\"https:\\\/\\\/regiaonews.net.br\\\/2022\\\/wp-content\\\/uploads\\\/2023\\\/10\\\/IMG-20231026-WA0556.jpg\",\"contentUrl\":\"https:\\\/\\\/regiaonews.net.br\\\/2022\\\/wp-content\\\/uploads\\\/2023\\\/10\\\/IMG-20231026-WA0556.jpg\",\"width\":1600,\"height\":1200},{\"@type\":\"BreadcrumbList\",\"@id\":\"https:\\\/\\\/regiaonews.net.br\\\/2022\\\/2023\\\/10\\\/29\\\/operacao-pre-piracema-aborda-pescadores-praticando-pesca-ilegal\\\/#breadcrumb\",\"itemListElement\":[{\"@type\":\"ListItem\",\"position\":1,\"name\":\"In\u00edcio\",\"item\":\"https:\\\/\\\/regiaonews.net.br\\\/2022\\\/\"},{\"@type\":\"ListItem\",\"position\":2,\"name\":\"Opera\u00e7\u00e3o Pr\u00e9-Piracema aborda pescadores praticando pesca ilegal\"}]},{\"@type\":\"WebSite\",\"@id\":\"https:\\\/\\\/regiaonews.net.br\\\/2022\\\/#website\",\"url\":\"https:\\\/\\\/regiaonews.net.br\\\/2022\\\/\",\"name\":\"Regi\u00e3o News\",\"description\":\"Site de Not\u00edcias de Barretos e regi\u00e3o\",\"publisher\":{\"@id\":\"https:\\\/\\\/regiaonews.net.br\\\/2022\\\/#organization\"},\"potentialAction\":[{\"@type\":\"SearchAction\",\"target\":{\"@type\":\"EntryPoint\",\"urlTemplate\":\"https:\\\/\\\/regiaonews.net.br\\\/2022\\\/?s={search_term_string}\"},\"query-input\":{\"@type\":\"PropertyValueSpecification\",\"valueRequired\":true,\"valueName\":\"search_term_string\"}}],\"inLanguage\":\"pt-BR\"},{\"@type\":\"Organization\",\"@id\":\"https:\\\/\\\/regiaonews.net.br\\\/2022\\\/#organization\",\"name\":\"Regi\u00e3o News\",\"url\":\"https:\\\/\\\/regiaonews.net.br\\\/2022\\\/\",\"logo\":{\"@type\":\"ImageObject\",\"inLanguage\":\"pt-BR\",\"@id\":\"https:\\\/\\\/regiaonews.net.br\\\/2022\\\/#\\\/schema\\\/logo\\\/image\\\/\",\"url\":\"https:\\\/\\\/regiaonews.net.br\\\/2022\\\/wp-content\\\/uploads\\\/2026\\\/03\\\/regiao-13-anos-scaled.jpg\",\"contentUrl\":\"https:\\\/\\\/regiaonews.net.br\\\/2022\\\/wp-content\\\/uploads\\\/2026\\\/03\\\/regiao-13-anos-scaled.jpg\",\"width\":2560,\"height\":635,\"caption\":\"Regi\u00e3o News\"},\"image\":{\"@id\":\"https:\\\/\\\/regiaonews.net.br\\\/2022\\\/#\\\/schema\\\/logo\\\/image\\\/\"}},{\"@type\":\"Person\",\"@id\":\"https:\\\/\\\/regiaonews.net.br\\\/2022\\\/#\\\/schema\\\/person\\\/2d205a608a5aa97ac279d7a5e6d89ad8\",\"name\":\"Roberto\",\"image\":{\"@type\":\"ImageObject\",\"inLanguage\":\"pt-BR\",\"@id\":\"https:\\\/\\\/secure.gravatar.com\\\/avatar\\\/42749d8b712ff9d59ca93dc150494e5b55a44134482993f5baeb97e61b7ecc89?s=96&d=mm&r=g\",\"url\":\"https:\\\/\\\/secure.gravatar.com\\\/avatar\\\/42749d8b712ff9d59ca93dc150494e5b55a44134482993f5baeb97e61b7ecc89?s=96&d=mm&r=g\",\"contentUrl\":\"https:\\\/\\\/secure.gravatar.com\\\/avatar\\\/42749d8b712ff9d59ca93dc150494e5b55a44134482993f5baeb97e61b7ecc89?s=96&d=mm&r=g\",\"caption\":\"Roberto\"},\"url\":\"https:\\\/\\\/regiaonews.net.br\\\/2022\\\/author\\\/roberto\\\/\"}]}<\/script>\n<!-- \/ Yoast SEO plugin. -->","yoast_head_json":{"title":"Opera\u00e7\u00e3o Pr\u00e9-Piracema aborda pescadores praticando pesca ilegal","description":"A Pol\u00edcia Ambiental est\u00e1 realiza\u00e7\u00e3o fiscaliza\u00e7\u00f5es nos rios da regi\u00e3o durante a Opera\u00e7\u00e3o Pr\u00e9-Piracema. Na quarta (25), no Rio Pardo em","robots":{"index":"index","follow":"follow","max-snippet":"max-snippet:-1","max-image-preview":"max-image-preview:large","max-video-preview":"max-video-preview:-1"},"canonical":"https:\/\/regiaonews.net.br\/2022\/2023\/10\/29\/operacao-pre-piracema-aborda-pescadores-praticando-pesca-ilegal\/","og_locale":"pt_BR","og_type":"article","og_title":"Opera\u00e7\u00e3o Pr\u00e9-Piracema aborda pescadores praticando pesca ilegal","og_description":"A Pol\u00edcia Ambiental est\u00e1 realiza\u00e7\u00e3o fiscaliza\u00e7\u00f5es nos rios da regi\u00e3o durante a Opera\u00e7\u00e3o Pr\u00e9-Piracema. Na quarta (25), no Rio Pardo em","og_url":"https:\/\/regiaonews.net.br\/2022\/2023\/10\/29\/operacao-pre-piracema-aborda-pescadores-praticando-pesca-ilegal\/","og_site_name":"Regi\u00e3o News","article_published_time":"2023-10-29T14:41:37+00:00","og_image":[{"width":1600,"height":1200,"url":"https:\/\/regiaonews.net.br\/2022\/wp-content\/uploads\/2023\/10\/IMG-20231026-WA0556.jpg","type":"image\/jpeg"}],"author":"Roberto","twitter_card":"summary_large_image","twitter_misc":{"Escrito por":"Roberto","Est. tempo de leitura":"3 minutos"},"schema":{"@context":"https:\/\/schema.org","@graph":[{"@type":"Article","@id":"https:\/\/regiaonews.net.br\/2022\/2023\/10\/29\/operacao-pre-piracema-aborda-pescadores-praticando-pesca-ilegal\/#article","isPartOf":{"@id":"https:\/\/regiaonews.net.br\/2022\/2023\/10\/29\/operacao-pre-piracema-aborda-pescadores-praticando-pesca-ilegal\/"},"author":{"name":"Roberto","@id":"https:\/\/regiaonews.net.br\/2022\/#\/schema\/person\/2d205a608a5aa97ac279d7a5e6d89ad8"},"headline":"Opera\u00e7\u00e3o Pr\u00e9-Piracema aborda pescadores praticando pesca ilegal","datePublished":"2023-10-29T14:41:37+00:00","mainEntityOfPage":{"@id":"https:\/\/regiaonews.net.br\/2022\/2023\/10\/29\/operacao-pre-piracema-aborda-pescadores-praticando-pesca-ilegal\/"},"wordCount":314,"commentCount":0,"publisher":{"@id":"https:\/\/regiaonews.net.br\/2022\/#organization"},"image":{"@id":"https:\/\/regiaonews.net.br\/2022\/2023\/10\/29\/operacao-pre-piracema-aborda-pescadores-praticando-pesca-ilegal\/#primaryimage"},"thumbnailUrl":"https:\/\/regiaonews.net.br\/2022\/wp-content\/uploads\/2023\/10\/IMG-20231026-WA0556.jpg","articleSection":["Col\u00f4mbia","Jaborandi","Policia"],"inLanguage":"pt-BR","potentialAction":[{"@type":"CommentAction","name":"Comment","target":["https:\/\/regiaonews.net.br\/2022\/2023\/10\/29\/operacao-pre-piracema-aborda-pescadores-praticando-pesca-ilegal\/#respond"]}]},{"@type":"WebPage","@id":"https:\/\/regiaonews.net.br\/2022\/2023\/10\/29\/operacao-pre-piracema-aborda-pescadores-praticando-pesca-ilegal\/","url":"https:\/\/regiaonews.net.br\/2022\/2023\/10\/29\/operacao-pre-piracema-aborda-pescadores-praticando-pesca-ilegal\/","name":"Opera\u00e7\u00e3o Pr\u00e9-Piracema aborda pescadores praticando pesca ilegal","isPartOf":{"@id":"https:\/\/regiaonews.net.br\/2022\/#website"},"primaryImageOfPage":{"@id":"https:\/\/regiaonews.net.br\/2022\/2023\/10\/29\/operacao-pre-piracema-aborda-pescadores-praticando-pesca-ilegal\/#primaryimage"},"image":{"@id":"https:\/\/regiaonews.net.br\/2022\/2023\/10\/29\/operacao-pre-piracema-aborda-pescadores-praticando-pesca-ilegal\/#primaryimage"},"thumbnailUrl":"https:\/\/regiaonews.net.br\/2022\/wp-content\/uploads\/2023\/10\/IMG-20231026-WA0556.jpg","datePublished":"2023-10-29T14:41:37+00:00","description":"A Pol\u00edcia Ambiental est\u00e1 realiza\u00e7\u00e3o fiscaliza\u00e7\u00f5es nos rios da regi\u00e3o durante a Opera\u00e7\u00e3o Pr\u00e9-Piracema. Na quarta (25), no Rio Pardo em","breadcrumb":{"@id":"https:\/\/regiaonews.net.br\/2022\/2023\/10\/29\/operacao-pre-piracema-aborda-pescadores-praticando-pesca-ilegal\/#breadcrumb"},"inLanguage":"pt-BR","potentialAction":[{"@type":"ReadAction","target":["https:\/\/regiaonews.net.br\/2022\/2023\/10\/29\/operacao-pre-piracema-aborda-pescadores-praticando-pesca-ilegal\/"]}]},{"@type":"ImageObject","inLanguage":"pt-BR","@id":"https:\/\/regiaonews.net.br\/2022\/2023\/10\/29\/operacao-pre-piracema-aborda-pescadores-praticando-pesca-ilegal\/#primaryimage","url":"https:\/\/regiaonews.net.br\/2022\/wp-content\/uploads\/2023\/10\/IMG-20231026-WA0556.jpg","contentUrl":"https:\/\/regiaonews.net.br\/2022\/wp-content\/uploads\/2023\/10\/IMG-20231026-WA0556.jpg","width":1600,"height":1200},{"@type":"BreadcrumbList","@id":"https:\/\/regiaonews.net.br\/2022\/2023\/10\/29\/operacao-pre-piracema-aborda-pescadores-praticando-pesca-ilegal\/#breadcrumb","itemListElement":[{"@type":"ListItem","position":1,"name":"In\u00edcio","item":"https:\/\/regiaonews.net.br\/2022\/"},{"@type":"ListItem","position":2,"name":"Opera\u00e7\u00e3o Pr\u00e9-Piracema aborda pescadores praticando pesca ilegal"}]},{"@type":"WebSite","@id":"https:\/\/regiaonews.net.br\/2022\/#website","url":"https:\/\/regiaonews.net.br\/2022\/","name":"Regi\u00e3o News","description":"Site de Not\u00edcias de Barretos e regi\u00e3o","publisher":{"@id":"https:\/\/regiaonews.net.br\/2022\/#organization"},"potentialAction":[{"@type":"SearchAction","target":{"@type":"EntryPoint","urlTemplate":"https:\/\/regiaonews.net.br\/2022\/?s={search_term_string}"},"query-input":{"@type":"PropertyValueSpecification","valueRequired":true,"valueName":"search_term_string"}}],"inLanguage":"pt-BR"},{"@type":"Organization","@id":"https:\/\/regiaonews.net.br\/2022\/#organization","name":"Regi\u00e3o News","url":"https:\/\/regiaonews.net.br\/2022\/","logo":{"@type":"ImageObject","inLanguage":"pt-BR","@id":"https:\/\/regiaonews.net.br\/2022\/#\/schema\/logo\/image\/","url":"https:\/\/regiaonews.net.br\/2022\/wp-content\/uploads\/2026\/03\/regiao-13-anos-scaled.jpg","contentUrl":"https:\/\/regiaonews.net.br\/2022\/wp-content\/uploads\/2026\/03\/regiao-13-anos-scaled.jpg","width":2560,"height":635,"caption":"Regi\u00e3o News"},"image":{"@id":"https:\/\/regiaonews.net.br\/2022\/#\/schema\/logo\/image\/"}},{"@type":"Person","@id":"https:\/\/regiaonews.net.br\/2022\/#\/schema\/person\/2d205a608a5aa97ac279d7a5e6d89ad8","name":"Roberto","image":{"@type":"ImageObject","inLanguage":"pt-BR","@id":"https:\/\/secure.gravatar.com\/avatar\/42749d8b712ff9d59ca93dc150494e5b55a44134482993f5baeb97e61b7ecc89?s=96&d=mm&r=g","url":"https:\/\/secure.gravatar.com\/avatar\/42749d8b712ff9d59ca93dc150494e5b55a44134482993f5baeb97e61b7ecc89?s=96&d=mm&r=g","contentUrl":"https:\/\/secure.gravatar.com\/avatar\/42749d8b712ff9d59ca93dc150494e5b55a44134482993f5baeb97e61b7ecc89?s=96&d=mm&r=g","caption":"Roberto"},"url":"https:\/\/regiaonews.net.br\/2022\/author\/roberto\/"}]}},"publishpress_future_action":{"enabled":false,"date":"2026-05-04 13:01:00","action":"change-status","newStatus":"draft","terms":[],"taxonomy":"category","extraData":[]},"publishpress_future_workflow_manual_trigger":{"enabledWorkflows":[]},"_links":{"self":[{"href":"https:\/\/regiaonews.net.br\/2022\/wp-json\/wp\/v2\/posts\/97130","targetHints":{"allow":["GET"]}}],"collection":[{"href":"https:\/\/regiaonews.net.br\/2022\/wp-json\/wp\/v2\/posts"}],"about":[{"href":"https:\/\/regiaonews.net.br\/2022\/wp-json\/wp\/v2\/types\/post"}],"author":[{"embeddable":true,"href":"https:\/\/regiaonews.net.br\/2022\/wp-json\/wp\/v2\/users\/2"}],"replies":[{"embeddable":true,"href":"https:\/\/regiaonews.net.br\/2022\/wp-json\/wp\/v2\/comments?post=97130"}],"version-history":[{"count":1,"href":"https:\/\/regiaonews.net.br\/2022\/wp-json\/wp\/v2\/posts\/97130\/revisions"}],"predecessor-version":[{"id":97134,"href":"https:\/\/regiaonews.net.br\/2022\/wp-json\/wp\/v2\/posts\/97130\/revisions\/97134"}],"wp:featuredmedia":[{"embeddable":true,"href":"https:\/\/regiaonews.net.br\/2022\/wp-json\/wp\/v2\/media\/97131"}],"wp:attachment":[{"href":"https:\/\/regiaonews.net.br\/2022\/wp-json\/wp\/v2\/media?parent=97130"}],"wp:term":[{"taxonomy":"category","embeddable":true,"href":"https:\/\/regiaonews.net.br\/2022\/wp-json\/wp\/v2\/categories?post=97130"},{"taxonomy":"post_tag","embeddable":true,"href":"https:\/\/regiaonews.net.br\/2022\/wp-json\/wp\/v2\/tags?post=97130"}],"curies":[{"name":"wp","href":"https:\/\/api.w.org\/{rel}","templated":true}]}}