{"id":97116,"date":"2023-10-28T20:05:45","date_gmt":"2023-10-28T23:05:45","guid":{"rendered":"https:\/\/regiaonews.net.br\/2022\/?p=97116"},"modified":"2023-10-28T20:12:25","modified_gmt":"2023-10-28T23:12:25","slug":"nos-penaltis-ldu-conquista-o-titulo-da-sul-americana","status":"publish","type":"post","link":"https:\/\/regiaonews.net.br\/2022\/2023\/10\/28\/nos-penaltis-ldu-conquista-o-titulo-da-sul-americana\/","title":{"rendered":"Nos p\u00eanaltis, LDU  conquista o t\u00edtulo da Sul-Americana"},"content":{"rendered":"<p>&nbsp;<\/p>\n<p>A LDU acabou com o sonho do Fortaleza e faturou a Copa Sul-Americana 2023! Ap\u00f3s empate por 1 a 1 no tempo normal e prorroga\u00e7\u00e3o, a equipe equatoriana venceu o Laion, nos p\u00eanaltis, por 4 a 3, no Est\u00e1dio Domingo Burgue\u00f1o Miguel, na cidade de Maldonado, no Uruguai.<\/p>\n<p>Lucero abriu o placar no aos tr\u00eas minutos do segundo tempo, mas Alzuragary empatou sete minutos depois. Nas penalidades, Romero, Pedro Augusto e Br\u00edtez erraram as cobran\u00e7as. Com a derrota do Fortaleza, o Nordeste segue sem representantes campe\u00f5es continentais. J\u00e1 a LDU faturou a Sul-Americana pela segunda vez em sua hist\u00f3ria.<\/p>\n<p>O Fortaleza conseguiu imprimir seu estilo de jogo, dificultando e incomodando a sa\u00edda de jogo da LDU. O Laion tomou conta do meio-campo, mas n\u00e3o foi contundente nas finaliza\u00e7\u00f5es. J\u00e1 a equipe equatoriana concentrou seus ataques pelo lado esquerdo, com Jhojan Julio, mas n\u00e3o conseguiu causar perigo na defesa do Fortaleza. A primeira etapa teve muita intensidade, e poucas chances de ambas equipes.<\/p>\n<p>Gols<\/p>\n<p>As equipes voltaram do intervalo mais desatentas na defesas, e tanto o Fortaleza quanto a LDU aproveitaram os erros para constru\u00edrem seus gols. O Laion saiu na frente aos tr\u00eas minutos ap\u00f3s boa finaliza\u00e7\u00e3o de Lucero, mas a LDU n\u00e3o se abalou e buscou o empate com um gola\u00e7o de Alzuragaray. Os times sentiram o calor e n\u00e3o conseguiram imprimir o mesmo ritmo nos \u00faltimos 25 minutos do segundo tempo.<\/p>\n<p>Prorroga\u00e7\u00e3o<\/p>\n<p>A LDU teve vantagem no primeiro tempo da prorroga\u00e7\u00e3o, dificultando a sa\u00edda de bola do Fortaleza e aproveitando o cansa\u00e7o f\u00edsico do Laion. Por\u00e9m, os equatorianos n\u00e3o criaram chances de perigo. No segundo tempo da prorroga\u00e7\u00e3o as equipes adotaram cautela, se preservando para os p\u00eanaltis.<\/p>\n<p>FORTALEZA 1 () x () 1 LDU<br \/>\nSUL-AMERICANA &#8211; FINAL<\/p>\n<p>Local: Est\u00e1dio Domingo Burgue\u00f1o Miguel, Maldonado, Uruguai<br \/>\nData e hora: s\u00e1bado, 28 de outubro de 2023, \u00e0s 17h (hor\u00e1rio de Bras\u00edlia)<br \/>\n\u00c1rbitro: Jes\u00fas Valenzuela (VEN)<br \/>\nAssistentes: Jorge Urrego (VEN) e T\u00falio Moreno (VEN)<br \/>\n\u00c1rbitro de v\u00eddeo: Jorge Bali\u00f1o (ARG)<\/p>\n<p>Cart\u00f5es amarelos: Caio Alexandre, Guilherme, Marinho, Br\u00edtez (FOR); Guerrero, Piovi (LDU)<\/p>\n<p>Cart\u00f5es vermelhos: &#8211;<\/p>\n<p>GOLS: Lucero (1-0, aos 3&#8242; do 2\u00baT); Alzugaray (1-1, aos 10&#8242; do 2\u00baT)<\/p>\n<p>FORTALEZA &#8211; Jo\u00e3o Ricardo; Tinga, Br\u00edtez, Titi e Bruno Pacheco; Z\u00e9 Welison (Pedro Augusto, aos 38&#8242; do 2\u00baT) e Caio Alexandre (Lucas Sasha, aos 1&#8242; do 2\u00baT prorroga\u00e7\u00e3o); Marinho (Machuca, aos 28&#8242; do 2\u00baT), Pocchetino (Thiago Galhardo, aos 38&#8242; do 2\u00baT) e Guilherme (Pikachu, aos 18&#8242; do 2\u00baT); Lucero (Romero, aos 9&#8242; do 1\u00baT prorroga\u00e7\u00e3o). T\u00e9cnico: Juan Pablo Vojvoda<\/p>\n<p>LDU &#8211; Alexander Dom\u00ednguez; Jos\u00e9 Quintero, Ricardo Ad\u00e9, Facundo Rodr\u00edguez e Leonel Qui\u00f1\u00f3nez (Ram\u00edrez, aos 5&#8242; do 1\u00baT prorroga\u00e7\u00e3o); Ezequiel Piovi, Mauricio Mart\u00ednez e Sebasti\u00e1n Gonz\u00e1lez (Alvarado, aos 18&#8242; do 2\u00baT); Renato Ibarra (Alzugaray, aos 39&#8242; do 1\u00baT), Jhojan Julio e Paulo Guerrero. T\u00e9cnico: Lu\u00eds Zubeldia<\/p>\n<p><a href=\"https:\/\/regiaonews.net.br\/2022\/wp-content\/uploads\/2023\/10\/LDU-Fortaleza-Sul-Americana-2023.jpg\"><img loading=\"lazy\" decoding=\"async\" class=\"alignnone size-medium wp-image-97122\" src=\"https:\/\/regiaonews.net.br\/2022\/wp-content\/uploads\/2023\/10\/LDU-Fortaleza-Sul-Americana-2023-300x200.jpg\" alt=\"\" width=\"300\" height=\"200\" srcset=\"https:\/\/regiaonews.net.br\/2022\/wp-content\/uploads\/2023\/10\/LDU-Fortaleza-Sul-Americana-2023-300x200.jpg 300w, https:\/\/regiaonews.net.br\/2022\/wp-content\/uploads\/2023\/10\/LDU-Fortaleza-Sul-Americana-2023-1024x682.jpg 1024w, https:\/\/regiaonews.net.br\/2022\/wp-content\/uploads\/2023\/10\/LDU-Fortaleza-Sul-Americana-2023-768x512.jpg 768w, https:\/\/regiaonews.net.br\/2022\/wp-content\/uploads\/2023\/10\/LDU-Fortaleza-Sul-Americana-2023-1536x1024.jpg 1536w, https:\/\/regiaonews.net.br\/2022\/wp-content\/uploads\/2023\/10\/LDU-Fortaleza-Sul-Americana-2023-250x167.jpg 250w, https:\/\/regiaonews.net.br\/2022\/wp-content\/uploads\/2023\/10\/LDU-Fortaleza-Sul-Americana-2023-900x600.jpg 900w, https:\/\/regiaonews.net.br\/2022\/wp-content\/uploads\/2023\/10\/LDU-Fortaleza-Sul-Americana-2023.jpg 1763w\" sizes=\"auto, (max-width: 300px) 100vw, 300px\" \/><\/a><\/p>\n","protected":false},"excerpt":{"rendered":"<p>&nbsp; A LDU acabou com o sonho do Fortaleza e<\/p>\n","protected":false},"author":2,"featured_media":97121,"comment_status":"open","ping_status":"open","sticky":false,"template":"","format":"standard","meta":{"footnotes":""},"categories":[172,21],"tags":[],"class_list":["post-97116","post","type-post","status-publish","format-standard","has-post-thumbnail","hentry","category-copa-sul-americana","category-esporte"],"yoast_head":"<!-- This site is optimized with the Yoast SEO plugin v27.4 - https:\/\/yoast.com\/product\/yoast-seo-wordpress\/ -->\n<title>Nos p\u00eanaltis, LDU conquista o t\u00edtulo da Sul-Americana - Regi\u00e3o News<\/title>\n<meta name=\"robots\" content=\"index, follow, max-snippet:-1, max-image-preview:large, max-video-preview:-1\" \/>\n<link rel=\"canonical\" href=\"https:\/\/regiaonews.net.br\/2022\/2023\/10\/28\/nos-penaltis-ldu-conquista-o-titulo-da-sul-americana\/\" \/>\n<meta property=\"og:locale\" content=\"pt_BR\" \/>\n<meta property=\"og:type\" content=\"article\" \/>\n<meta property=\"og:title\" content=\"Nos p\u00eanaltis, LDU conquista o t\u00edtulo da Sul-Americana - Regi\u00e3o News\" \/>\n<meta property=\"og:description\" content=\"&nbsp; A LDU acabou com o sonho do Fortaleza e\" \/>\n<meta property=\"og:url\" content=\"https:\/\/regiaonews.net.br\/2022\/2023\/10\/28\/nos-penaltis-ldu-conquista-o-titulo-da-sul-americana\/\" \/>\n<meta property=\"og:site_name\" content=\"Regi\u00e3o News\" \/>\n<meta property=\"article:published_time\" content=\"2023-10-28T23:05:45+00:00\" \/>\n<meta property=\"article:modified_time\" content=\"2023-10-28T23:12:25+00:00\" \/>\n<meta property=\"og:image\" content=\"https:\/\/regiaonews.net.br\/2022\/wp-content\/uploads\/2023\/10\/Festa-da-LDU-apos-o-titulo-da-Sul-Americana.jpg\" \/>\n\t<meta property=\"og:image:width\" content=\"1763\" \/>\n\t<meta property=\"og:image:height\" content=\"1176\" \/>\n\t<meta property=\"og:image:type\" content=\"image\/jpeg\" \/>\n<meta name=\"author\" content=\"Roberto\" \/>\n<meta name=\"twitter:card\" content=\"summary_large_image\" \/>\n<meta name=\"twitter:label1\" content=\"Escrito por\" \/>\n\t<meta name=\"twitter:data1\" content=\"Roberto\" \/>\n\t<meta name=\"twitter:label2\" content=\"Est. tempo de leitura\" \/>\n\t<meta name=\"twitter:data2\" content=\"3 minutos\" \/>\n<script type=\"application\/ld+json\" class=\"yoast-schema-graph\">{\"@context\":\"https:\\\/\\\/schema.org\",\"@graph\":[{\"@type\":\"Article\",\"@id\":\"https:\\\/\\\/regiaonews.net.br\\\/2022\\\/2023\\\/10\\\/28\\\/nos-penaltis-ldu-conquista-o-titulo-da-sul-americana\\\/#article\",\"isPartOf\":{\"@id\":\"https:\\\/\\\/regiaonews.net.br\\\/2022\\\/2023\\\/10\\\/28\\\/nos-penaltis-ldu-conquista-o-titulo-da-sul-americana\\\/\"},\"author\":{\"name\":\"Roberto\",\"@id\":\"https:\\\/\\\/regiaonews.net.br\\\/2022\\\/#\\\/schema\\\/person\\\/2d205a608a5aa97ac279d7a5e6d89ad8\"},\"headline\":\"Nos p\u00eanaltis, LDU conquista o t\u00edtulo da Sul-Americana\",\"datePublished\":\"2023-10-28T23:05:45+00:00\",\"dateModified\":\"2023-10-28T23:12:25+00:00\",\"mainEntityOfPage\":{\"@id\":\"https:\\\/\\\/regiaonews.net.br\\\/2022\\\/2023\\\/10\\\/28\\\/nos-penaltis-ldu-conquista-o-titulo-da-sul-americana\\\/\"},\"wordCount\":505,\"commentCount\":0,\"publisher\":{\"@id\":\"https:\\\/\\\/regiaonews.net.br\\\/2022\\\/#organization\"},\"image\":{\"@id\":\"https:\\\/\\\/regiaonews.net.br\\\/2022\\\/2023\\\/10\\\/28\\\/nos-penaltis-ldu-conquista-o-titulo-da-sul-americana\\\/#primaryimage\"},\"thumbnailUrl\":\"https:\\\/\\\/regiaonews.net.br\\\/2022\\\/wp-content\\\/uploads\\\/2023\\\/10\\\/Festa-da-LDU-apos-o-titulo-da-Sul-Americana.jpg\",\"articleSection\":[\"Copa Sul-Americana\",\"Esporte\"],\"inLanguage\":\"pt-BR\",\"potentialAction\":[{\"@type\":\"CommentAction\",\"name\":\"Comment\",\"target\":[\"https:\\\/\\\/regiaonews.net.br\\\/2022\\\/2023\\\/10\\\/28\\\/nos-penaltis-ldu-conquista-o-titulo-da-sul-americana\\\/#respond\"]}]},{\"@type\":\"WebPage\",\"@id\":\"https:\\\/\\\/regiaonews.net.br\\\/2022\\\/2023\\\/10\\\/28\\\/nos-penaltis-ldu-conquista-o-titulo-da-sul-americana\\\/\",\"url\":\"https:\\\/\\\/regiaonews.net.br\\\/2022\\\/2023\\\/10\\\/28\\\/nos-penaltis-ldu-conquista-o-titulo-da-sul-americana\\\/\",\"name\":\"Nos p\u00eanaltis, LDU conquista o t\u00edtulo da Sul-Americana - Regi\u00e3o News\",\"isPartOf\":{\"@id\":\"https:\\\/\\\/regiaonews.net.br\\\/2022\\\/#website\"},\"primaryImageOfPage\":{\"@id\":\"https:\\\/\\\/regiaonews.net.br\\\/2022\\\/2023\\\/10\\\/28\\\/nos-penaltis-ldu-conquista-o-titulo-da-sul-americana\\\/#primaryimage\"},\"image\":{\"@id\":\"https:\\\/\\\/regiaonews.net.br\\\/2022\\\/2023\\\/10\\\/28\\\/nos-penaltis-ldu-conquista-o-titulo-da-sul-americana\\\/#primaryimage\"},\"thumbnailUrl\":\"https:\\\/\\\/regiaonews.net.br\\\/2022\\\/wp-content\\\/uploads\\\/2023\\\/10\\\/Festa-da-LDU-apos-o-titulo-da-Sul-Americana.jpg\",\"datePublished\":\"2023-10-28T23:05:45+00:00\",\"dateModified\":\"2023-10-28T23:12:25+00:00\",\"breadcrumb\":{\"@id\":\"https:\\\/\\\/regiaonews.net.br\\\/2022\\\/2023\\\/10\\\/28\\\/nos-penaltis-ldu-conquista-o-titulo-da-sul-americana\\\/#breadcrumb\"},\"inLanguage\":\"pt-BR\",\"potentialAction\":[{\"@type\":\"ReadAction\",\"target\":[\"https:\\\/\\\/regiaonews.net.br\\\/2022\\\/2023\\\/10\\\/28\\\/nos-penaltis-ldu-conquista-o-titulo-da-sul-americana\\\/\"]}]},{\"@type\":\"ImageObject\",\"inLanguage\":\"pt-BR\",\"@id\":\"https:\\\/\\\/regiaonews.net.br\\\/2022\\\/2023\\\/10\\\/28\\\/nos-penaltis-ldu-conquista-o-titulo-da-sul-americana\\\/#primaryimage\",\"url\":\"https:\\\/\\\/regiaonews.net.br\\\/2022\\\/wp-content\\\/uploads\\\/2023\\\/10\\\/Festa-da-LDU-apos-o-titulo-da-Sul-Americana.jpg\",\"contentUrl\":\"https:\\\/\\\/regiaonews.net.br\\\/2022\\\/wp-content\\\/uploads\\\/2023\\\/10\\\/Festa-da-LDU-apos-o-titulo-da-Sul-Americana.jpg\",\"width\":1763,\"height\":1176},{\"@type\":\"BreadcrumbList\",\"@id\":\"https:\\\/\\\/regiaonews.net.br\\\/2022\\\/2023\\\/10\\\/28\\\/nos-penaltis-ldu-conquista-o-titulo-da-sul-americana\\\/#breadcrumb\",\"itemListElement\":[{\"@type\":\"ListItem\",\"position\":1,\"name\":\"In\u00edcio\",\"item\":\"https:\\\/\\\/regiaonews.net.br\\\/2022\\\/\"},{\"@type\":\"ListItem\",\"position\":2,\"name\":\"Nos p\u00eanaltis, LDU conquista o t\u00edtulo da Sul-Americana\"}]},{\"@type\":\"WebSite\",\"@id\":\"https:\\\/\\\/regiaonews.net.br\\\/2022\\\/#website\",\"url\":\"https:\\\/\\\/regiaonews.net.br\\\/2022\\\/\",\"name\":\"Regi\u00e3o News\",\"description\":\"Site de Not\u00edcias de Barretos e regi\u00e3o\",\"publisher\":{\"@id\":\"https:\\\/\\\/regiaonews.net.br\\\/2022\\\/#organization\"},\"potentialAction\":[{\"@type\":\"SearchAction\",\"target\":{\"@type\":\"EntryPoint\",\"urlTemplate\":\"https:\\\/\\\/regiaonews.net.br\\\/2022\\\/?s={search_term_string}\"},\"query-input\":{\"@type\":\"PropertyValueSpecification\",\"valueRequired\":true,\"valueName\":\"search_term_string\"}}],\"inLanguage\":\"pt-BR\"},{\"@type\":\"Organization\",\"@id\":\"https:\\\/\\\/regiaonews.net.br\\\/2022\\\/#organization\",\"name\":\"Regi\u00e3o News\",\"url\":\"https:\\\/\\\/regiaonews.net.br\\\/2022\\\/\",\"logo\":{\"@type\":\"ImageObject\",\"inLanguage\":\"pt-BR\",\"@id\":\"https:\\\/\\\/regiaonews.net.br\\\/2022\\\/#\\\/schema\\\/logo\\\/image\\\/\",\"url\":\"https:\\\/\\\/regiaonews.net.br\\\/2022\\\/wp-content\\\/uploads\\\/2026\\\/03\\\/regiao-13-anos-scaled.jpg\",\"contentUrl\":\"https:\\\/\\\/regiaonews.net.br\\\/2022\\\/wp-content\\\/uploads\\\/2026\\\/03\\\/regiao-13-anos-scaled.jpg\",\"width\":2560,\"height\":635,\"caption\":\"Regi\u00e3o News\"},\"image\":{\"@id\":\"https:\\\/\\\/regiaonews.net.br\\\/2022\\\/#\\\/schema\\\/logo\\\/image\\\/\"}},{\"@type\":\"Person\",\"@id\":\"https:\\\/\\\/regiaonews.net.br\\\/2022\\\/#\\\/schema\\\/person\\\/2d205a608a5aa97ac279d7a5e6d89ad8\",\"name\":\"Roberto\",\"image\":{\"@type\":\"ImageObject\",\"inLanguage\":\"pt-BR\",\"@id\":\"https:\\\/\\\/secure.gravatar.com\\\/avatar\\\/42749d8b712ff9d59ca93dc150494e5b55a44134482993f5baeb97e61b7ecc89?s=96&d=mm&r=g\",\"url\":\"https:\\\/\\\/secure.gravatar.com\\\/avatar\\\/42749d8b712ff9d59ca93dc150494e5b55a44134482993f5baeb97e61b7ecc89?s=96&d=mm&r=g\",\"contentUrl\":\"https:\\\/\\\/secure.gravatar.com\\\/avatar\\\/42749d8b712ff9d59ca93dc150494e5b55a44134482993f5baeb97e61b7ecc89?s=96&d=mm&r=g\",\"caption\":\"Roberto\"},\"url\":\"https:\\\/\\\/regiaonews.net.br\\\/2022\\\/author\\\/roberto\\\/\"}]}<\/script>\n<!-- \/ Yoast SEO plugin. -->","yoast_head_json":{"title":"Nos p\u00eanaltis, LDU conquista o t\u00edtulo da Sul-Americana - Regi\u00e3o News","robots":{"index":"index","follow":"follow","max-snippet":"max-snippet:-1","max-image-preview":"max-image-preview:large","max-video-preview":"max-video-preview:-1"},"canonical":"https:\/\/regiaonews.net.br\/2022\/2023\/10\/28\/nos-penaltis-ldu-conquista-o-titulo-da-sul-americana\/","og_locale":"pt_BR","og_type":"article","og_title":"Nos p\u00eanaltis, LDU conquista o t\u00edtulo da Sul-Americana - Regi\u00e3o News","og_description":"&nbsp; A LDU acabou com o sonho do Fortaleza e","og_url":"https:\/\/regiaonews.net.br\/2022\/2023\/10\/28\/nos-penaltis-ldu-conquista-o-titulo-da-sul-americana\/","og_site_name":"Regi\u00e3o News","article_published_time":"2023-10-28T23:05:45+00:00","article_modified_time":"2023-10-28T23:12:25+00:00","og_image":[{"width":1763,"height":1176,"url":"https:\/\/regiaonews.net.br\/2022\/wp-content\/uploads\/2023\/10\/Festa-da-LDU-apos-o-titulo-da-Sul-Americana.jpg","type":"image\/jpeg"}],"author":"Roberto","twitter_card":"summary_large_image","twitter_misc":{"Escrito por":"Roberto","Est. tempo de leitura":"3 minutos"},"schema":{"@context":"https:\/\/schema.org","@graph":[{"@type":"Article","@id":"https:\/\/regiaonews.net.br\/2022\/2023\/10\/28\/nos-penaltis-ldu-conquista-o-titulo-da-sul-americana\/#article","isPartOf":{"@id":"https:\/\/regiaonews.net.br\/2022\/2023\/10\/28\/nos-penaltis-ldu-conquista-o-titulo-da-sul-americana\/"},"author":{"name":"Roberto","@id":"https:\/\/regiaonews.net.br\/2022\/#\/schema\/person\/2d205a608a5aa97ac279d7a5e6d89ad8"},"headline":"Nos p\u00eanaltis, LDU conquista o t\u00edtulo da Sul-Americana","datePublished":"2023-10-28T23:05:45+00:00","dateModified":"2023-10-28T23:12:25+00:00","mainEntityOfPage":{"@id":"https:\/\/regiaonews.net.br\/2022\/2023\/10\/28\/nos-penaltis-ldu-conquista-o-titulo-da-sul-americana\/"},"wordCount":505,"commentCount":0,"publisher":{"@id":"https:\/\/regiaonews.net.br\/2022\/#organization"},"image":{"@id":"https:\/\/regiaonews.net.br\/2022\/2023\/10\/28\/nos-penaltis-ldu-conquista-o-titulo-da-sul-americana\/#primaryimage"},"thumbnailUrl":"https:\/\/regiaonews.net.br\/2022\/wp-content\/uploads\/2023\/10\/Festa-da-LDU-apos-o-titulo-da-Sul-Americana.jpg","articleSection":["Copa Sul-Americana","Esporte"],"inLanguage":"pt-BR","potentialAction":[{"@type":"CommentAction","name":"Comment","target":["https:\/\/regiaonews.net.br\/2022\/2023\/10\/28\/nos-penaltis-ldu-conquista-o-titulo-da-sul-americana\/#respond"]}]},{"@type":"WebPage","@id":"https:\/\/regiaonews.net.br\/2022\/2023\/10\/28\/nos-penaltis-ldu-conquista-o-titulo-da-sul-americana\/","url":"https:\/\/regiaonews.net.br\/2022\/2023\/10\/28\/nos-penaltis-ldu-conquista-o-titulo-da-sul-americana\/","name":"Nos p\u00eanaltis, LDU conquista o t\u00edtulo da Sul-Americana - Regi\u00e3o News","isPartOf":{"@id":"https:\/\/regiaonews.net.br\/2022\/#website"},"primaryImageOfPage":{"@id":"https:\/\/regiaonews.net.br\/2022\/2023\/10\/28\/nos-penaltis-ldu-conquista-o-titulo-da-sul-americana\/#primaryimage"},"image":{"@id":"https:\/\/regiaonews.net.br\/2022\/2023\/10\/28\/nos-penaltis-ldu-conquista-o-titulo-da-sul-americana\/#primaryimage"},"thumbnailUrl":"https:\/\/regiaonews.net.br\/2022\/wp-content\/uploads\/2023\/10\/Festa-da-LDU-apos-o-titulo-da-Sul-Americana.jpg","datePublished":"2023-10-28T23:05:45+00:00","dateModified":"2023-10-28T23:12:25+00:00","breadcrumb":{"@id":"https:\/\/regiaonews.net.br\/2022\/2023\/10\/28\/nos-penaltis-ldu-conquista-o-titulo-da-sul-americana\/#breadcrumb"},"inLanguage":"pt-BR","potentialAction":[{"@type":"ReadAction","target":["https:\/\/regiaonews.net.br\/2022\/2023\/10\/28\/nos-penaltis-ldu-conquista-o-titulo-da-sul-americana\/"]}]},{"@type":"ImageObject","inLanguage":"pt-BR","@id":"https:\/\/regiaonews.net.br\/2022\/2023\/10\/28\/nos-penaltis-ldu-conquista-o-titulo-da-sul-americana\/#primaryimage","url":"https:\/\/regiaonews.net.br\/2022\/wp-content\/uploads\/2023\/10\/Festa-da-LDU-apos-o-titulo-da-Sul-Americana.jpg","contentUrl":"https:\/\/regiaonews.net.br\/2022\/wp-content\/uploads\/2023\/10\/Festa-da-LDU-apos-o-titulo-da-Sul-Americana.jpg","width":1763,"height":1176},{"@type":"BreadcrumbList","@id":"https:\/\/regiaonews.net.br\/2022\/2023\/10\/28\/nos-penaltis-ldu-conquista-o-titulo-da-sul-americana\/#breadcrumb","itemListElement":[{"@type":"ListItem","position":1,"name":"In\u00edcio","item":"https:\/\/regiaonews.net.br\/2022\/"},{"@type":"ListItem","position":2,"name":"Nos p\u00eanaltis, LDU conquista o t\u00edtulo da Sul-Americana"}]},{"@type":"WebSite","@id":"https:\/\/regiaonews.net.br\/2022\/#website","url":"https:\/\/regiaonews.net.br\/2022\/","name":"Regi\u00e3o News","description":"Site de Not\u00edcias de Barretos e regi\u00e3o","publisher":{"@id":"https:\/\/regiaonews.net.br\/2022\/#organization"},"potentialAction":[{"@type":"SearchAction","target":{"@type":"EntryPoint","urlTemplate":"https:\/\/regiaonews.net.br\/2022\/?s={search_term_string}"},"query-input":{"@type":"PropertyValueSpecification","valueRequired":true,"valueName":"search_term_string"}}],"inLanguage":"pt-BR"},{"@type":"Organization","@id":"https:\/\/regiaonews.net.br\/2022\/#organization","name":"Regi\u00e3o News","url":"https:\/\/regiaonews.net.br\/2022\/","logo":{"@type":"ImageObject","inLanguage":"pt-BR","@id":"https:\/\/regiaonews.net.br\/2022\/#\/schema\/logo\/image\/","url":"https:\/\/regiaonews.net.br\/2022\/wp-content\/uploads\/2026\/03\/regiao-13-anos-scaled.jpg","contentUrl":"https:\/\/regiaonews.net.br\/2022\/wp-content\/uploads\/2026\/03\/regiao-13-anos-scaled.jpg","width":2560,"height":635,"caption":"Regi\u00e3o News"},"image":{"@id":"https:\/\/regiaonews.net.br\/2022\/#\/schema\/logo\/image\/"}},{"@type":"Person","@id":"https:\/\/regiaonews.net.br\/2022\/#\/schema\/person\/2d205a608a5aa97ac279d7a5e6d89ad8","name":"Roberto","image":{"@type":"ImageObject","inLanguage":"pt-BR","@id":"https:\/\/secure.gravatar.com\/avatar\/42749d8b712ff9d59ca93dc150494e5b55a44134482993f5baeb97e61b7ecc89?s=96&d=mm&r=g","url":"https:\/\/secure.gravatar.com\/avatar\/42749d8b712ff9d59ca93dc150494e5b55a44134482993f5baeb97e61b7ecc89?s=96&d=mm&r=g","contentUrl":"https:\/\/secure.gravatar.com\/avatar\/42749d8b712ff9d59ca93dc150494e5b55a44134482993f5baeb97e61b7ecc89?s=96&d=mm&r=g","caption":"Roberto"},"url":"https:\/\/regiaonews.net.br\/2022\/author\/roberto\/"}]}},"publishpress_future_action":{"enabled":false,"date":"2026-05-04 14:38:05","action":"change-status","newStatus":"draft","terms":[],"taxonomy":"category","extraData":[]},"publishpress_future_workflow_manual_trigger":{"enabledWorkflows":[]},"_links":{"self":[{"href":"https:\/\/regiaonews.net.br\/2022\/wp-json\/wp\/v2\/posts\/97116","targetHints":{"allow":["GET"]}}],"collection":[{"href":"https:\/\/regiaonews.net.br\/2022\/wp-json\/wp\/v2\/posts"}],"about":[{"href":"https:\/\/regiaonews.net.br\/2022\/wp-json\/wp\/v2\/types\/post"}],"author":[{"embeddable":true,"href":"https:\/\/regiaonews.net.br\/2022\/wp-json\/wp\/v2\/users\/2"}],"replies":[{"embeddable":true,"href":"https:\/\/regiaonews.net.br\/2022\/wp-json\/wp\/v2\/comments?post=97116"}],"version-history":[{"count":2,"href":"https:\/\/regiaonews.net.br\/2022\/wp-json\/wp\/v2\/posts\/97116\/revisions"}],"predecessor-version":[{"id":97123,"href":"https:\/\/regiaonews.net.br\/2022\/wp-json\/wp\/v2\/posts\/97116\/revisions\/97123"}],"wp:featuredmedia":[{"embeddable":true,"href":"https:\/\/regiaonews.net.br\/2022\/wp-json\/wp\/v2\/media\/97121"}],"wp:attachment":[{"href":"https:\/\/regiaonews.net.br\/2022\/wp-json\/wp\/v2\/media?parent=97116"}],"wp:term":[{"taxonomy":"category","embeddable":true,"href":"https:\/\/regiaonews.net.br\/2022\/wp-json\/wp\/v2\/categories?post=97116"},{"taxonomy":"post_tag","embeddable":true,"href":"https:\/\/regiaonews.net.br\/2022\/wp-json\/wp\/v2\/tags?post=97116"}],"curies":[{"name":"wp","href":"https:\/\/api.w.org\/{rel}","templated":true}]}}