{"id":97060,"date":"2023-10-27T16:17:24","date_gmt":"2023-10-27T19:17:24","guid":{"rendered":"https:\/\/regiaonews.net.br\/2022\/?p=97060"},"modified":"2023-10-27T16:17:24","modified_gmt":"2023-10-27T19:17:24","slug":"campanha-de-multivacinacao-termina-no-proximo-dia-31-terca-feira","status":"publish","type":"post","link":"https:\/\/regiaonews.net.br\/2022\/2023\/10\/27\/campanha-de-multivacinacao-termina-no-proximo-dia-31-terca-feira\/","title":{"rendered":"Campanha de Multivacina\u00e7\u00e3o termina no pr\u00f3ximo dia 31, ter\u00e7a-feira"},"content":{"rendered":"<h3 style=\"text-align: center;\">Cerca de 5 mil doses de vacina j\u00e1 foram aplicadas e Secretaria Municipal de Sa\u00fade espera aumentar esse n\u00famero.<\/h3>\n<p>A Prefeitura da Est\u00e2ncia Tur\u00edstica de Barretos, por meio da Secretaria Municipal de Sa\u00fade, realiza a Campanha de Multivacina\u00e7\u00e3o para toda a fam\u00edlia at\u00e9 a pr\u00f3xima ter\u00e7a-feira, dia 31 de outubro. Em todas as UBSs (postinhos de sa\u00fade) da cidade, das 8 \u00e0s 16h, de segunda a sexta-feira, profissionais de enfermagem avaliam a \u2018carteirinha de vacina\u00e7\u00e3o\u2019 de beb\u00eas, crian\u00e7as, adolescentes e adultos para conferir se existe alguma dose em atraso.<br \/>\nNo Post\u00e3o (ARE I), a campanha tamb\u00e9m \u00e9 realizada durante a semana, das 8 \u00e0s 12h, e h\u00e1 tamb\u00e9m a possibilidade de vacina\u00e7\u00e3o em hor\u00e1rio estendido at\u00e9 esta sexta-feira, dia 27, na Unidade B\u00e1sica de Sa\u00fade do Bairro Mar\u00edlia, das 8 \u00e0s 19h.<\/p>\n<p><strong>Balan\u00e7o parcial<\/strong><\/p>\n<p>Nos primeiros 20 dias da campanha, incluindo os \u2018Dias D\u2019 realizados em 7 e 21 de outubro, foram aplicadas 4.755 doses de vacinas, sendo 3.110 de rotina destinadas \u00e0 popula\u00e7\u00e3o de 0 a 14 anos, que \u00e9 o principal p\u00fablico-alvo da campanha, e outras 910 doses em pessoas a partir de 15 anos de idade. Para as crian\u00e7as, \u00e9 realizada a entrega de certificado de coragem e de adesivos com a informa\u00e7\u00e3o que a crian\u00e7a est\u00e1 vacinada e protegida.<br \/>\nNa Campanha de Multivacina\u00e7\u00e3o, s\u00e3o atualizadas vacinas contra a poliomielite (paralisia infantil), varicela (catapora), meningite, febre amarela; a Tr\u00edplice Viral (contra sarampo, caxumba e rub\u00e9ola), a Pentavalente (contra difteria, t\u00e9tano, coqueluche, hepatite B e doen\u00e7as invasivas causadas pelo hem\u00f3filo b), BGC (contra tuberculose), al\u00e9m da vacina contra HPV, para a faixa et\u00e1ria em que cada vacina \u00e9 indicada.<br \/>\nAs pessoas que quiserem aproveitar para conferir e atualizar a vacina contra a Covid-19 tamb\u00e9m t\u00eam essa possibilidade. Nesse per\u00edodo, foram aplicadas 735 doses de vacina contra a doen\u00e7a.<\/p>\n<p><strong>Cobertura Vacinal<\/strong><\/p>\n<p>O Minist\u00e9rio da Sa\u00fade especifica que a cobertura vacinal contra doen\u00e7as deve ser de 90 a 95%, conforme a doen\u00e7a, para que n\u00e3o corra o risco de r\u00e1pida contamina\u00e7\u00e3o entre a popula\u00e7\u00e3o. Desde 2016, Barretos, assim como diversas cidades brasileiras, vem registrando queda na procura da popula\u00e7\u00e3o por vacina contra v\u00e1rias doen\u00e7as. Em 2022, a cobertura vacinal com a segunda dose da vacina Tr\u00edplice Viral, por exemplo, ficou em apenas 82%; A cobertura vacinal para a faixa et\u00e1ria entre 4 e 6 anos com o refor\u00e7o da DTP \u2013 que protege contra difteria, t\u00e9tano e coqueluche \u2013 ao t\u00e9rmino de 2022 foi de apenas 81%. N\u00fameros bastante abaixo do percentual considerado seguro. A meta da Secretaria Municipal de Sa\u00fade \u00e9 aumentar os percentuais de cobertura.<\/p>\n<p>Visando contribuir com a conscientiza\u00e7\u00e3o da popula\u00e7\u00e3o sobre a import\u00e2ncia da vacina\u00e7\u00e3o, o Governo do Estado de S\u00e3o Paulo disponibiliza o site www.vacina100duvidas.sp.gov.br, em que \u00e9 poss\u00edvel desfazer mitos sobre vacinas e saber mais sobre os perigos das doen\u00e7as.<\/p>\n<p>Reda\u00e7\u00e3o: Everton Sylvestre<br \/>\nFotos:\u00a0Nivaldo\u00a0Jr.<\/p>\n","protected":false},"excerpt":{"rendered":"<p>Cerca de 5 mil doses de vacina j\u00e1 foram aplicadas<\/p>\n","protected":false},"author":2,"featured_media":97061,"comment_status":"open","ping_status":"open","sticky":false,"template":"","format":"standard","meta":{"footnotes":""},"categories":[14,3],"tags":[],"class_list":["post-97060","post","type-post","status-publish","format-standard","has-post-thumbnail","hentry","category-barretos","category-geral"],"yoast_head":"<!-- This site is optimized with the Yoast SEO plugin v27.4 - https:\/\/yoast.com\/product\/yoast-seo-wordpress\/ -->\n<title>Campanha de Multivacina\u00e7\u00e3o termina no pr\u00f3ximo dia 31, ter\u00e7a-feira - Regi\u00e3o News<\/title>\n<meta name=\"robots\" content=\"index, follow, max-snippet:-1, max-image-preview:large, max-video-preview:-1\" \/>\n<link rel=\"canonical\" href=\"https:\/\/regiaonews.net.br\/2022\/2023\/10\/27\/campanha-de-multivacinacao-termina-no-proximo-dia-31-terca-feira\/\" \/>\n<meta property=\"og:locale\" content=\"pt_BR\" \/>\n<meta property=\"og:type\" content=\"article\" \/>\n<meta property=\"og:title\" content=\"Campanha de Multivacina\u00e7\u00e3o termina no pr\u00f3ximo dia 31, ter\u00e7a-feira - Regi\u00e3o News\" \/>\n<meta property=\"og:description\" content=\"Cerca de 5 mil doses de vacina j\u00e1 foram aplicadas\" \/>\n<meta property=\"og:url\" content=\"https:\/\/regiaonews.net.br\/2022\/2023\/10\/27\/campanha-de-multivacinacao-termina-no-proximo-dia-31-terca-feira\/\" \/>\n<meta property=\"og:site_name\" content=\"Regi\u00e3o News\" \/>\n<meta property=\"article:published_time\" content=\"2023-10-27T19:17:24+00:00\" \/>\n<meta property=\"og:image\" content=\"https:\/\/regiaonews.net.br\/2022\/wp-content\/uploads\/2023\/10\/Imagem-do-WhatsApp-de-2023-10-27-as-15.28.10_d0657cfe.jpg\" \/>\n\t<meta property=\"og:image:width\" content=\"1600\" \/>\n\t<meta property=\"og:image:height\" content=\"1200\" \/>\n\t<meta property=\"og:image:type\" content=\"image\/jpeg\" \/>\n<meta name=\"author\" content=\"Roberto\" \/>\n<meta name=\"twitter:card\" content=\"summary_large_image\" \/>\n<meta name=\"twitter:label1\" content=\"Escrito por\" \/>\n\t<meta name=\"twitter:data1\" content=\"Roberto\" \/>\n\t<meta name=\"twitter:label2\" content=\"Est. tempo de leitura\" \/>\n\t<meta name=\"twitter:data2\" content=\"3 minutos\" \/>\n<script type=\"application\/ld+json\" class=\"yoast-schema-graph\">{\"@context\":\"https:\\\/\\\/schema.org\",\"@graph\":[{\"@type\":\"Article\",\"@id\":\"https:\\\/\\\/regiaonews.net.br\\\/2022\\\/2023\\\/10\\\/27\\\/campanha-de-multivacinacao-termina-no-proximo-dia-31-terca-feira\\\/#article\",\"isPartOf\":{\"@id\":\"https:\\\/\\\/regiaonews.net.br\\\/2022\\\/2023\\\/10\\\/27\\\/campanha-de-multivacinacao-termina-no-proximo-dia-31-terca-feira\\\/\"},\"author\":{\"name\":\"Roberto\",\"@id\":\"https:\\\/\\\/regiaonews.net.br\\\/2022\\\/#\\\/schema\\\/person\\\/2d205a608a5aa97ac279d7a5e6d89ad8\"},\"headline\":\"Campanha de Multivacina\u00e7\u00e3o termina no pr\u00f3ximo dia 31, ter\u00e7a-feira\",\"datePublished\":\"2023-10-27T19:17:24+00:00\",\"mainEntityOfPage\":{\"@id\":\"https:\\\/\\\/regiaonews.net.br\\\/2022\\\/2023\\\/10\\\/27\\\/campanha-de-multivacinacao-termina-no-proximo-dia-31-terca-feira\\\/\"},\"wordCount\":520,\"commentCount\":0,\"publisher\":{\"@id\":\"https:\\\/\\\/regiaonews.net.br\\\/2022\\\/#organization\"},\"image\":{\"@id\":\"https:\\\/\\\/regiaonews.net.br\\\/2022\\\/2023\\\/10\\\/27\\\/campanha-de-multivacinacao-termina-no-proximo-dia-31-terca-feira\\\/#primaryimage\"},\"thumbnailUrl\":\"https:\\\/\\\/regiaonews.net.br\\\/2022\\\/wp-content\\\/uploads\\\/2023\\\/10\\\/Imagem-do-WhatsApp-de-2023-10-27-as-15.28.10_d0657cfe.jpg\",\"articleSection\":[\"Barretos\",\"Geral\"],\"inLanguage\":\"pt-BR\",\"potentialAction\":[{\"@type\":\"CommentAction\",\"name\":\"Comment\",\"target\":[\"https:\\\/\\\/regiaonews.net.br\\\/2022\\\/2023\\\/10\\\/27\\\/campanha-de-multivacinacao-termina-no-proximo-dia-31-terca-feira\\\/#respond\"]}]},{\"@type\":\"WebPage\",\"@id\":\"https:\\\/\\\/regiaonews.net.br\\\/2022\\\/2023\\\/10\\\/27\\\/campanha-de-multivacinacao-termina-no-proximo-dia-31-terca-feira\\\/\",\"url\":\"https:\\\/\\\/regiaonews.net.br\\\/2022\\\/2023\\\/10\\\/27\\\/campanha-de-multivacinacao-termina-no-proximo-dia-31-terca-feira\\\/\",\"name\":\"Campanha de Multivacina\u00e7\u00e3o termina no pr\u00f3ximo dia 31, ter\u00e7a-feira - Regi\u00e3o News\",\"isPartOf\":{\"@id\":\"https:\\\/\\\/regiaonews.net.br\\\/2022\\\/#website\"},\"primaryImageOfPage\":{\"@id\":\"https:\\\/\\\/regiaonews.net.br\\\/2022\\\/2023\\\/10\\\/27\\\/campanha-de-multivacinacao-termina-no-proximo-dia-31-terca-feira\\\/#primaryimage\"},\"image\":{\"@id\":\"https:\\\/\\\/regiaonews.net.br\\\/2022\\\/2023\\\/10\\\/27\\\/campanha-de-multivacinacao-termina-no-proximo-dia-31-terca-feira\\\/#primaryimage\"},\"thumbnailUrl\":\"https:\\\/\\\/regiaonews.net.br\\\/2022\\\/wp-content\\\/uploads\\\/2023\\\/10\\\/Imagem-do-WhatsApp-de-2023-10-27-as-15.28.10_d0657cfe.jpg\",\"datePublished\":\"2023-10-27T19:17:24+00:00\",\"breadcrumb\":{\"@id\":\"https:\\\/\\\/regiaonews.net.br\\\/2022\\\/2023\\\/10\\\/27\\\/campanha-de-multivacinacao-termina-no-proximo-dia-31-terca-feira\\\/#breadcrumb\"},\"inLanguage\":\"pt-BR\",\"potentialAction\":[{\"@type\":\"ReadAction\",\"target\":[\"https:\\\/\\\/regiaonews.net.br\\\/2022\\\/2023\\\/10\\\/27\\\/campanha-de-multivacinacao-termina-no-proximo-dia-31-terca-feira\\\/\"]}]},{\"@type\":\"ImageObject\",\"inLanguage\":\"pt-BR\",\"@id\":\"https:\\\/\\\/regiaonews.net.br\\\/2022\\\/2023\\\/10\\\/27\\\/campanha-de-multivacinacao-termina-no-proximo-dia-31-terca-feira\\\/#primaryimage\",\"url\":\"https:\\\/\\\/regiaonews.net.br\\\/2022\\\/wp-content\\\/uploads\\\/2023\\\/10\\\/Imagem-do-WhatsApp-de-2023-10-27-as-15.28.10_d0657cfe.jpg\",\"contentUrl\":\"https:\\\/\\\/regiaonews.net.br\\\/2022\\\/wp-content\\\/uploads\\\/2023\\\/10\\\/Imagem-do-WhatsApp-de-2023-10-27-as-15.28.10_d0657cfe.jpg\",\"width\":1600,\"height\":1200},{\"@type\":\"BreadcrumbList\",\"@id\":\"https:\\\/\\\/regiaonews.net.br\\\/2022\\\/2023\\\/10\\\/27\\\/campanha-de-multivacinacao-termina-no-proximo-dia-31-terca-feira\\\/#breadcrumb\",\"itemListElement\":[{\"@type\":\"ListItem\",\"position\":1,\"name\":\"In\u00edcio\",\"item\":\"https:\\\/\\\/regiaonews.net.br\\\/2022\\\/\"},{\"@type\":\"ListItem\",\"position\":2,\"name\":\"Campanha de Multivacina\u00e7\u00e3o termina no pr\u00f3ximo dia 31, ter\u00e7a-feira\"}]},{\"@type\":\"WebSite\",\"@id\":\"https:\\\/\\\/regiaonews.net.br\\\/2022\\\/#website\",\"url\":\"https:\\\/\\\/regiaonews.net.br\\\/2022\\\/\",\"name\":\"Regi\u00e3o News\",\"description\":\"Site de Not\u00edcias de Barretos e regi\u00e3o\",\"publisher\":{\"@id\":\"https:\\\/\\\/regiaonews.net.br\\\/2022\\\/#organization\"},\"potentialAction\":[{\"@type\":\"SearchAction\",\"target\":{\"@type\":\"EntryPoint\",\"urlTemplate\":\"https:\\\/\\\/regiaonews.net.br\\\/2022\\\/?s={search_term_string}\"},\"query-input\":{\"@type\":\"PropertyValueSpecification\",\"valueRequired\":true,\"valueName\":\"search_term_string\"}}],\"inLanguage\":\"pt-BR\"},{\"@type\":\"Organization\",\"@id\":\"https:\\\/\\\/regiaonews.net.br\\\/2022\\\/#organization\",\"name\":\"Regi\u00e3o News\",\"url\":\"https:\\\/\\\/regiaonews.net.br\\\/2022\\\/\",\"logo\":{\"@type\":\"ImageObject\",\"inLanguage\":\"pt-BR\",\"@id\":\"https:\\\/\\\/regiaonews.net.br\\\/2022\\\/#\\\/schema\\\/logo\\\/image\\\/\",\"url\":\"https:\\\/\\\/regiaonews.net.br\\\/2022\\\/wp-content\\\/uploads\\\/2026\\\/03\\\/regiao-13-anos-scaled.jpg\",\"contentUrl\":\"https:\\\/\\\/regiaonews.net.br\\\/2022\\\/wp-content\\\/uploads\\\/2026\\\/03\\\/regiao-13-anos-scaled.jpg\",\"width\":2560,\"height\":635,\"caption\":\"Regi\u00e3o News\"},\"image\":{\"@id\":\"https:\\\/\\\/regiaonews.net.br\\\/2022\\\/#\\\/schema\\\/logo\\\/image\\\/\"}},{\"@type\":\"Person\",\"@id\":\"https:\\\/\\\/regiaonews.net.br\\\/2022\\\/#\\\/schema\\\/person\\\/2d205a608a5aa97ac279d7a5e6d89ad8\",\"name\":\"Roberto\",\"image\":{\"@type\":\"ImageObject\",\"inLanguage\":\"pt-BR\",\"@id\":\"https:\\\/\\\/secure.gravatar.com\\\/avatar\\\/42749d8b712ff9d59ca93dc150494e5b55a44134482993f5baeb97e61b7ecc89?s=96&d=mm&r=g\",\"url\":\"https:\\\/\\\/secure.gravatar.com\\\/avatar\\\/42749d8b712ff9d59ca93dc150494e5b55a44134482993f5baeb97e61b7ecc89?s=96&d=mm&r=g\",\"contentUrl\":\"https:\\\/\\\/secure.gravatar.com\\\/avatar\\\/42749d8b712ff9d59ca93dc150494e5b55a44134482993f5baeb97e61b7ecc89?s=96&d=mm&r=g\",\"caption\":\"Roberto\"},\"url\":\"https:\\\/\\\/regiaonews.net.br\\\/2022\\\/author\\\/roberto\\\/\"}]}<\/script>\n<!-- \/ Yoast SEO plugin. -->","yoast_head_json":{"title":"Campanha de Multivacina\u00e7\u00e3o termina no pr\u00f3ximo dia 31, ter\u00e7a-feira - Regi\u00e3o News","robots":{"index":"index","follow":"follow","max-snippet":"max-snippet:-1","max-image-preview":"max-image-preview:large","max-video-preview":"max-video-preview:-1"},"canonical":"https:\/\/regiaonews.net.br\/2022\/2023\/10\/27\/campanha-de-multivacinacao-termina-no-proximo-dia-31-terca-feira\/","og_locale":"pt_BR","og_type":"article","og_title":"Campanha de Multivacina\u00e7\u00e3o termina no pr\u00f3ximo dia 31, ter\u00e7a-feira - Regi\u00e3o News","og_description":"Cerca de 5 mil doses de vacina j\u00e1 foram aplicadas","og_url":"https:\/\/regiaonews.net.br\/2022\/2023\/10\/27\/campanha-de-multivacinacao-termina-no-proximo-dia-31-terca-feira\/","og_site_name":"Regi\u00e3o News","article_published_time":"2023-10-27T19:17:24+00:00","og_image":[{"width":1600,"height":1200,"url":"https:\/\/regiaonews.net.br\/2022\/wp-content\/uploads\/2023\/10\/Imagem-do-WhatsApp-de-2023-10-27-as-15.28.10_d0657cfe.jpg","type":"image\/jpeg"}],"author":"Roberto","twitter_card":"summary_large_image","twitter_misc":{"Escrito por":"Roberto","Est. tempo de leitura":"3 minutos"},"schema":{"@context":"https:\/\/schema.org","@graph":[{"@type":"Article","@id":"https:\/\/regiaonews.net.br\/2022\/2023\/10\/27\/campanha-de-multivacinacao-termina-no-proximo-dia-31-terca-feira\/#article","isPartOf":{"@id":"https:\/\/regiaonews.net.br\/2022\/2023\/10\/27\/campanha-de-multivacinacao-termina-no-proximo-dia-31-terca-feira\/"},"author":{"name":"Roberto","@id":"https:\/\/regiaonews.net.br\/2022\/#\/schema\/person\/2d205a608a5aa97ac279d7a5e6d89ad8"},"headline":"Campanha de Multivacina\u00e7\u00e3o termina no pr\u00f3ximo dia 31, ter\u00e7a-feira","datePublished":"2023-10-27T19:17:24+00:00","mainEntityOfPage":{"@id":"https:\/\/regiaonews.net.br\/2022\/2023\/10\/27\/campanha-de-multivacinacao-termina-no-proximo-dia-31-terca-feira\/"},"wordCount":520,"commentCount":0,"publisher":{"@id":"https:\/\/regiaonews.net.br\/2022\/#organization"},"image":{"@id":"https:\/\/regiaonews.net.br\/2022\/2023\/10\/27\/campanha-de-multivacinacao-termina-no-proximo-dia-31-terca-feira\/#primaryimage"},"thumbnailUrl":"https:\/\/regiaonews.net.br\/2022\/wp-content\/uploads\/2023\/10\/Imagem-do-WhatsApp-de-2023-10-27-as-15.28.10_d0657cfe.jpg","articleSection":["Barretos","Geral"],"inLanguage":"pt-BR","potentialAction":[{"@type":"CommentAction","name":"Comment","target":["https:\/\/regiaonews.net.br\/2022\/2023\/10\/27\/campanha-de-multivacinacao-termina-no-proximo-dia-31-terca-feira\/#respond"]}]},{"@type":"WebPage","@id":"https:\/\/regiaonews.net.br\/2022\/2023\/10\/27\/campanha-de-multivacinacao-termina-no-proximo-dia-31-terca-feira\/","url":"https:\/\/regiaonews.net.br\/2022\/2023\/10\/27\/campanha-de-multivacinacao-termina-no-proximo-dia-31-terca-feira\/","name":"Campanha de Multivacina\u00e7\u00e3o termina no pr\u00f3ximo dia 31, ter\u00e7a-feira - Regi\u00e3o News","isPartOf":{"@id":"https:\/\/regiaonews.net.br\/2022\/#website"},"primaryImageOfPage":{"@id":"https:\/\/regiaonews.net.br\/2022\/2023\/10\/27\/campanha-de-multivacinacao-termina-no-proximo-dia-31-terca-feira\/#primaryimage"},"image":{"@id":"https:\/\/regiaonews.net.br\/2022\/2023\/10\/27\/campanha-de-multivacinacao-termina-no-proximo-dia-31-terca-feira\/#primaryimage"},"thumbnailUrl":"https:\/\/regiaonews.net.br\/2022\/wp-content\/uploads\/2023\/10\/Imagem-do-WhatsApp-de-2023-10-27-as-15.28.10_d0657cfe.jpg","datePublished":"2023-10-27T19:17:24+00:00","breadcrumb":{"@id":"https:\/\/regiaonews.net.br\/2022\/2023\/10\/27\/campanha-de-multivacinacao-termina-no-proximo-dia-31-terca-feira\/#breadcrumb"},"inLanguage":"pt-BR","potentialAction":[{"@type":"ReadAction","target":["https:\/\/regiaonews.net.br\/2022\/2023\/10\/27\/campanha-de-multivacinacao-termina-no-proximo-dia-31-terca-feira\/"]}]},{"@type":"ImageObject","inLanguage":"pt-BR","@id":"https:\/\/regiaonews.net.br\/2022\/2023\/10\/27\/campanha-de-multivacinacao-termina-no-proximo-dia-31-terca-feira\/#primaryimage","url":"https:\/\/regiaonews.net.br\/2022\/wp-content\/uploads\/2023\/10\/Imagem-do-WhatsApp-de-2023-10-27-as-15.28.10_d0657cfe.jpg","contentUrl":"https:\/\/regiaonews.net.br\/2022\/wp-content\/uploads\/2023\/10\/Imagem-do-WhatsApp-de-2023-10-27-as-15.28.10_d0657cfe.jpg","width":1600,"height":1200},{"@type":"BreadcrumbList","@id":"https:\/\/regiaonews.net.br\/2022\/2023\/10\/27\/campanha-de-multivacinacao-termina-no-proximo-dia-31-terca-feira\/#breadcrumb","itemListElement":[{"@type":"ListItem","position":1,"name":"In\u00edcio","item":"https:\/\/regiaonews.net.br\/2022\/"},{"@type":"ListItem","position":2,"name":"Campanha de Multivacina\u00e7\u00e3o termina no pr\u00f3ximo dia 31, ter\u00e7a-feira"}]},{"@type":"WebSite","@id":"https:\/\/regiaonews.net.br\/2022\/#website","url":"https:\/\/regiaonews.net.br\/2022\/","name":"Regi\u00e3o News","description":"Site de Not\u00edcias de Barretos e regi\u00e3o","publisher":{"@id":"https:\/\/regiaonews.net.br\/2022\/#organization"},"potentialAction":[{"@type":"SearchAction","target":{"@type":"EntryPoint","urlTemplate":"https:\/\/regiaonews.net.br\/2022\/?s={search_term_string}"},"query-input":{"@type":"PropertyValueSpecification","valueRequired":true,"valueName":"search_term_string"}}],"inLanguage":"pt-BR"},{"@type":"Organization","@id":"https:\/\/regiaonews.net.br\/2022\/#organization","name":"Regi\u00e3o News","url":"https:\/\/regiaonews.net.br\/2022\/","logo":{"@type":"ImageObject","inLanguage":"pt-BR","@id":"https:\/\/regiaonews.net.br\/2022\/#\/schema\/logo\/image\/","url":"https:\/\/regiaonews.net.br\/2022\/wp-content\/uploads\/2026\/03\/regiao-13-anos-scaled.jpg","contentUrl":"https:\/\/regiaonews.net.br\/2022\/wp-content\/uploads\/2026\/03\/regiao-13-anos-scaled.jpg","width":2560,"height":635,"caption":"Regi\u00e3o News"},"image":{"@id":"https:\/\/regiaonews.net.br\/2022\/#\/schema\/logo\/image\/"}},{"@type":"Person","@id":"https:\/\/regiaonews.net.br\/2022\/#\/schema\/person\/2d205a608a5aa97ac279d7a5e6d89ad8","name":"Roberto","image":{"@type":"ImageObject","inLanguage":"pt-BR","@id":"https:\/\/secure.gravatar.com\/avatar\/42749d8b712ff9d59ca93dc150494e5b55a44134482993f5baeb97e61b7ecc89?s=96&d=mm&r=g","url":"https:\/\/secure.gravatar.com\/avatar\/42749d8b712ff9d59ca93dc150494e5b55a44134482993f5baeb97e61b7ecc89?s=96&d=mm&r=g","contentUrl":"https:\/\/secure.gravatar.com\/avatar\/42749d8b712ff9d59ca93dc150494e5b55a44134482993f5baeb97e61b7ecc89?s=96&d=mm&r=g","caption":"Roberto"},"url":"https:\/\/regiaonews.net.br\/2022\/author\/roberto\/"}]}},"publishpress_future_action":{"enabled":false,"date":"2026-05-03 01:43:51","action":"change-status","newStatus":"draft","terms":[],"taxonomy":"category","extraData":[]},"publishpress_future_workflow_manual_trigger":{"enabledWorkflows":[]},"_links":{"self":[{"href":"https:\/\/regiaonews.net.br\/2022\/wp-json\/wp\/v2\/posts\/97060","targetHints":{"allow":["GET"]}}],"collection":[{"href":"https:\/\/regiaonews.net.br\/2022\/wp-json\/wp\/v2\/posts"}],"about":[{"href":"https:\/\/regiaonews.net.br\/2022\/wp-json\/wp\/v2\/types\/post"}],"author":[{"embeddable":true,"href":"https:\/\/regiaonews.net.br\/2022\/wp-json\/wp\/v2\/users\/2"}],"replies":[{"embeddable":true,"href":"https:\/\/regiaonews.net.br\/2022\/wp-json\/wp\/v2\/comments?post=97060"}],"version-history":[{"count":1,"href":"https:\/\/regiaonews.net.br\/2022\/wp-json\/wp\/v2\/posts\/97060\/revisions"}],"predecessor-version":[{"id":97062,"href":"https:\/\/regiaonews.net.br\/2022\/wp-json\/wp\/v2\/posts\/97060\/revisions\/97062"}],"wp:featuredmedia":[{"embeddable":true,"href":"https:\/\/regiaonews.net.br\/2022\/wp-json\/wp\/v2\/media\/97061"}],"wp:attachment":[{"href":"https:\/\/regiaonews.net.br\/2022\/wp-json\/wp\/v2\/media?parent=97060"}],"wp:term":[{"taxonomy":"category","embeddable":true,"href":"https:\/\/regiaonews.net.br\/2022\/wp-json\/wp\/v2\/categories?post=97060"},{"taxonomy":"post_tag","embeddable":true,"href":"https:\/\/regiaonews.net.br\/2022\/wp-json\/wp\/v2\/tags?post=97060"}],"curies":[{"name":"wp","href":"https:\/\/api.w.org\/{rel}","templated":true}]}}