{"id":97010,"date":"2023-10-26T16:14:38","date_gmt":"2023-10-26T19:14:38","guid":{"rendered":"https:\/\/regiaonews.net.br\/2022\/?p=97010"},"modified":"2023-10-26T16:14:38","modified_gmt":"2023-10-26T19:14:38","slug":"orquestra-sinfonica-municipal-de-barretos-apresenta-concerto-para-as-criancas","status":"publish","type":"post","link":"https:\/\/regiaonews.net.br\/2022\/2023\/10\/26\/orquestra-sinfonica-municipal-de-barretos-apresenta-concerto-para-as-criancas\/","title":{"rendered":"Orquestra Sinf\u00f4nica Municipal de Barretos apresenta \u201cConcerto para as Crian\u00e7as\u201d"},"content":{"rendered":"<h3 style=\"text-align: center;\">OSMB vai apresentar temas do universo infantil e cl\u00e1ssicos do cinema, que encantam crian\u00e7as de todas as idades.<\/h3>\n<p>O m\u00eas de outubro \u00e9 \u00e9poca de encantamento e concerto especial com a Orquestra Sinf\u00f4nica Municipal de Barretos (OSMB). O Concerto para Crian\u00e7as ser\u00e1 realizado nesta sexta-feira, 27 de outubro, no Centro cultural \u201cOs\u00f3rio Falleiros da Rocha\u201d \u2013 Teatro Cine Barretos. A apresenta\u00e7\u00e3o \u00e9 gratuita e ter\u00e1 arrecada\u00e7\u00e3o solid\u00e1ria de 1 litro de leite, para quem puder doar.<\/p>\n<p>Sob a reg\u00eancia do maestro Fernando Ortiz de Villate e produ\u00e7\u00e3o de Diogo Silva, o concerto traz surpresas e grande repert\u00f3rio preparado especialmente para a celebra\u00e7\u00e3o do m\u00eas das crian\u00e7as. Entre as obras executadas, temas do universo infantil e cl\u00e1ssicos do cinema, que encantam crian\u00e7as de todas as idade,s como Barbeiro de Sevilha, Tema do Pin\u00f3cchi e m\u00fasica de abertura da s\u00e9rie Castelo R\u00e1-Tim-Bum.<\/p>\n<p>A apresenta\u00e7\u00e3o traz ainda em destaque a participa\u00e7\u00e3o das crian\u00e7as solitas Let\u00edcia Ara\u00fajo e Gabriel Beck e do personagem Pingo D\u00b4\u00e1gua. Let\u00edcia Ara\u00fajo \u00e9 violoncelista e Gabriel Beck, pianista; ambos s\u00e3o destaque na m\u00fasica erudita nacional e j\u00e1 realizaram apresenta\u00e7\u00f5es com grandes orquestras de diferentes partes do Pa\u00eds. O Palha\u00e7o Pingo D\u00b4\u00c1gua \u00e9 interpretado pelo artista Aristeu Faustino e d\u00e1 vida a uma mistura de maestro e palha\u00e7o que auxilia ludicamente na reg\u00eancia do espet\u00e1culo.<\/p>\n<p>Para o secret\u00e1rio municipal de cultura, Rog\u00e9rio Teod\u00f3sio, a apresenta\u00e7\u00e3o \u00e9 um dos grandes diferenciais na versatilidade da OSMB. \u201cNossa Orquestra \u00e9 habilitada tecnicamente a realizar os mais diversos espet\u00e1culos para as mais diversas ocasi\u00f5es\u201d, observa.<\/p>\n<p>Diogo Silva, produtor da Orquestra, conta que a expectativa \u00e9 de uma noite para ficar na mem\u00f3ria. \u201cPreparamos uma apresenta\u00e7\u00e3o inesquec\u00edvel que vai emocionar toda a fam\u00edlia\u201d, destaca.<\/p>\n<p>A OSMB \u00e9 \u00f3rg\u00e3o integrante da Secretaria Municipal de Cultura. Criada em 1997, desde ent\u00e3o a Orquestra vem realizando concertos, apresenta\u00e7\u00f5es regionais e espet\u00e1culos musicais locais, valorizando a cultura musical em Barretos.<\/p>\n<p>Reda\u00e7\u00e3o: Ass. Imp. \/ Secretaria Municipal de Cultura<\/p>\n","protected":false},"excerpt":{"rendered":"<p>OSMB vai apresentar temas do universo infantil e cl\u00e1ssicos do<\/p>\n","protected":false},"author":2,"featured_media":97011,"comment_status":"open","ping_status":"open","sticky":false,"template":"","format":"standard","meta":{"footnotes":""},"categories":[14,3],"tags":[],"class_list":["post-97010","post","type-post","status-publish","format-standard","has-post-thumbnail","hentry","category-barretos","category-geral"],"yoast_head":"<!-- This site is optimized with the Yoast SEO plugin v27.4 - https:\/\/yoast.com\/product\/yoast-seo-wordpress\/ -->\n<title>Orquestra Sinf\u00f4nica Municipal de Barretos apresenta \u201cConcerto para as Crian\u00e7as\u201d - Regi\u00e3o News<\/title>\n<meta name=\"robots\" content=\"index, follow, max-snippet:-1, max-image-preview:large, max-video-preview:-1\" \/>\n<link rel=\"canonical\" href=\"https:\/\/regiaonews.net.br\/2022\/2023\/10\/26\/orquestra-sinfonica-municipal-de-barretos-apresenta-concerto-para-as-criancas\/\" \/>\n<meta property=\"og:locale\" content=\"pt_BR\" \/>\n<meta property=\"og:type\" content=\"article\" \/>\n<meta property=\"og:title\" content=\"Orquestra Sinf\u00f4nica Municipal de Barretos apresenta \u201cConcerto para as Crian\u00e7as\u201d - Regi\u00e3o News\" \/>\n<meta property=\"og:description\" content=\"OSMB vai apresentar temas do universo infantil e cl\u00e1ssicos do\" \/>\n<meta property=\"og:url\" content=\"https:\/\/regiaonews.net.br\/2022\/2023\/10\/26\/orquestra-sinfonica-municipal-de-barretos-apresenta-concerto-para-as-criancas\/\" \/>\n<meta property=\"og:site_name\" content=\"Regi\u00e3o News\" \/>\n<meta property=\"article:published_time\" content=\"2023-10-26T19:14:38+00:00\" \/>\n<meta property=\"og:image\" content=\"https:\/\/regiaonews.net.br\/2022\/wp-content\/uploads\/2023\/10\/Imagem-do-WhatsApp-de-2023-10-26-as-15.36.16_e5900751.jpg\" \/>\n\t<meta property=\"og:image:width\" content=\"1080\" \/>\n\t<meta property=\"og:image:height\" content=\"1080\" \/>\n\t<meta property=\"og:image:type\" content=\"image\/jpeg\" \/>\n<meta name=\"author\" content=\"Roberto\" \/>\n<meta name=\"twitter:card\" content=\"summary_large_image\" \/>\n<meta name=\"twitter:label1\" content=\"Escrito por\" \/>\n\t<meta name=\"twitter:data1\" content=\"Roberto\" \/>\n\t<meta name=\"twitter:label2\" content=\"Est. tempo de leitura\" \/>\n\t<meta name=\"twitter:data2\" content=\"2 minutos\" \/>\n<script type=\"application\/ld+json\" class=\"yoast-schema-graph\">{\"@context\":\"https:\\\/\\\/schema.org\",\"@graph\":[{\"@type\":\"Article\",\"@id\":\"https:\\\/\\\/regiaonews.net.br\\\/2022\\\/2023\\\/10\\\/26\\\/orquestra-sinfonica-municipal-de-barretos-apresenta-concerto-para-as-criancas\\\/#article\",\"isPartOf\":{\"@id\":\"https:\\\/\\\/regiaonews.net.br\\\/2022\\\/2023\\\/10\\\/26\\\/orquestra-sinfonica-municipal-de-barretos-apresenta-concerto-para-as-criancas\\\/\"},\"author\":{\"name\":\"Roberto\",\"@id\":\"https:\\\/\\\/regiaonews.net.br\\\/2022\\\/#\\\/schema\\\/person\\\/2d205a608a5aa97ac279d7a5e6d89ad8\"},\"headline\":\"Orquestra Sinf\u00f4nica Municipal de Barretos apresenta \u201cConcerto para as Crian\u00e7as\u201d\",\"datePublished\":\"2023-10-26T19:14:38+00:00\",\"mainEntityOfPage\":{\"@id\":\"https:\\\/\\\/regiaonews.net.br\\\/2022\\\/2023\\\/10\\\/26\\\/orquestra-sinfonica-municipal-de-barretos-apresenta-concerto-para-as-criancas\\\/\"},\"wordCount\":372,\"commentCount\":0,\"publisher\":{\"@id\":\"https:\\\/\\\/regiaonews.net.br\\\/2022\\\/#organization\"},\"image\":{\"@id\":\"https:\\\/\\\/regiaonews.net.br\\\/2022\\\/2023\\\/10\\\/26\\\/orquestra-sinfonica-municipal-de-barretos-apresenta-concerto-para-as-criancas\\\/#primaryimage\"},\"thumbnailUrl\":\"https:\\\/\\\/regiaonews.net.br\\\/2022\\\/wp-content\\\/uploads\\\/2023\\\/10\\\/Imagem-do-WhatsApp-de-2023-10-26-as-15.36.16_e5900751.jpg\",\"articleSection\":[\"Barretos\",\"Geral\"],\"inLanguage\":\"pt-BR\",\"potentialAction\":[{\"@type\":\"CommentAction\",\"name\":\"Comment\",\"target\":[\"https:\\\/\\\/regiaonews.net.br\\\/2022\\\/2023\\\/10\\\/26\\\/orquestra-sinfonica-municipal-de-barretos-apresenta-concerto-para-as-criancas\\\/#respond\"]}]},{\"@type\":\"WebPage\",\"@id\":\"https:\\\/\\\/regiaonews.net.br\\\/2022\\\/2023\\\/10\\\/26\\\/orquestra-sinfonica-municipal-de-barretos-apresenta-concerto-para-as-criancas\\\/\",\"url\":\"https:\\\/\\\/regiaonews.net.br\\\/2022\\\/2023\\\/10\\\/26\\\/orquestra-sinfonica-municipal-de-barretos-apresenta-concerto-para-as-criancas\\\/\",\"name\":\"Orquestra Sinf\u00f4nica Municipal de Barretos apresenta \u201cConcerto para as Crian\u00e7as\u201d - Regi\u00e3o News\",\"isPartOf\":{\"@id\":\"https:\\\/\\\/regiaonews.net.br\\\/2022\\\/#website\"},\"primaryImageOfPage\":{\"@id\":\"https:\\\/\\\/regiaonews.net.br\\\/2022\\\/2023\\\/10\\\/26\\\/orquestra-sinfonica-municipal-de-barretos-apresenta-concerto-para-as-criancas\\\/#primaryimage\"},\"image\":{\"@id\":\"https:\\\/\\\/regiaonews.net.br\\\/2022\\\/2023\\\/10\\\/26\\\/orquestra-sinfonica-municipal-de-barretos-apresenta-concerto-para-as-criancas\\\/#primaryimage\"},\"thumbnailUrl\":\"https:\\\/\\\/regiaonews.net.br\\\/2022\\\/wp-content\\\/uploads\\\/2023\\\/10\\\/Imagem-do-WhatsApp-de-2023-10-26-as-15.36.16_e5900751.jpg\",\"datePublished\":\"2023-10-26T19:14:38+00:00\",\"breadcrumb\":{\"@id\":\"https:\\\/\\\/regiaonews.net.br\\\/2022\\\/2023\\\/10\\\/26\\\/orquestra-sinfonica-municipal-de-barretos-apresenta-concerto-para-as-criancas\\\/#breadcrumb\"},\"inLanguage\":\"pt-BR\",\"potentialAction\":[{\"@type\":\"ReadAction\",\"target\":[\"https:\\\/\\\/regiaonews.net.br\\\/2022\\\/2023\\\/10\\\/26\\\/orquestra-sinfonica-municipal-de-barretos-apresenta-concerto-para-as-criancas\\\/\"]}]},{\"@type\":\"ImageObject\",\"inLanguage\":\"pt-BR\",\"@id\":\"https:\\\/\\\/regiaonews.net.br\\\/2022\\\/2023\\\/10\\\/26\\\/orquestra-sinfonica-municipal-de-barretos-apresenta-concerto-para-as-criancas\\\/#primaryimage\",\"url\":\"https:\\\/\\\/regiaonews.net.br\\\/2022\\\/wp-content\\\/uploads\\\/2023\\\/10\\\/Imagem-do-WhatsApp-de-2023-10-26-as-15.36.16_e5900751.jpg\",\"contentUrl\":\"https:\\\/\\\/regiaonews.net.br\\\/2022\\\/wp-content\\\/uploads\\\/2023\\\/10\\\/Imagem-do-WhatsApp-de-2023-10-26-as-15.36.16_e5900751.jpg\",\"width\":1080,\"height\":1080},{\"@type\":\"BreadcrumbList\",\"@id\":\"https:\\\/\\\/regiaonews.net.br\\\/2022\\\/2023\\\/10\\\/26\\\/orquestra-sinfonica-municipal-de-barretos-apresenta-concerto-para-as-criancas\\\/#breadcrumb\",\"itemListElement\":[{\"@type\":\"ListItem\",\"position\":1,\"name\":\"In\u00edcio\",\"item\":\"https:\\\/\\\/regiaonews.net.br\\\/2022\\\/\"},{\"@type\":\"ListItem\",\"position\":2,\"name\":\"Orquestra Sinf\u00f4nica Municipal de Barretos apresenta \u201cConcerto para as Crian\u00e7as\u201d\"}]},{\"@type\":\"WebSite\",\"@id\":\"https:\\\/\\\/regiaonews.net.br\\\/2022\\\/#website\",\"url\":\"https:\\\/\\\/regiaonews.net.br\\\/2022\\\/\",\"name\":\"Regi\u00e3o News\",\"description\":\"Site de Not\u00edcias de Barretos e regi\u00e3o\",\"publisher\":{\"@id\":\"https:\\\/\\\/regiaonews.net.br\\\/2022\\\/#organization\"},\"potentialAction\":[{\"@type\":\"SearchAction\",\"target\":{\"@type\":\"EntryPoint\",\"urlTemplate\":\"https:\\\/\\\/regiaonews.net.br\\\/2022\\\/?s={search_term_string}\"},\"query-input\":{\"@type\":\"PropertyValueSpecification\",\"valueRequired\":true,\"valueName\":\"search_term_string\"}}],\"inLanguage\":\"pt-BR\"},{\"@type\":\"Organization\",\"@id\":\"https:\\\/\\\/regiaonews.net.br\\\/2022\\\/#organization\",\"name\":\"Regi\u00e3o News\",\"url\":\"https:\\\/\\\/regiaonews.net.br\\\/2022\\\/\",\"logo\":{\"@type\":\"ImageObject\",\"inLanguage\":\"pt-BR\",\"@id\":\"https:\\\/\\\/regiaonews.net.br\\\/2022\\\/#\\\/schema\\\/logo\\\/image\\\/\",\"url\":\"https:\\\/\\\/regiaonews.net.br\\\/2022\\\/wp-content\\\/uploads\\\/2026\\\/03\\\/regiao-13-anos-scaled.jpg\",\"contentUrl\":\"https:\\\/\\\/regiaonews.net.br\\\/2022\\\/wp-content\\\/uploads\\\/2026\\\/03\\\/regiao-13-anos-scaled.jpg\",\"width\":2560,\"height\":635,\"caption\":\"Regi\u00e3o News\"},\"image\":{\"@id\":\"https:\\\/\\\/regiaonews.net.br\\\/2022\\\/#\\\/schema\\\/logo\\\/image\\\/\"}},{\"@type\":\"Person\",\"@id\":\"https:\\\/\\\/regiaonews.net.br\\\/2022\\\/#\\\/schema\\\/person\\\/2d205a608a5aa97ac279d7a5e6d89ad8\",\"name\":\"Roberto\",\"image\":{\"@type\":\"ImageObject\",\"inLanguage\":\"pt-BR\",\"@id\":\"https:\\\/\\\/secure.gravatar.com\\\/avatar\\\/42749d8b712ff9d59ca93dc150494e5b55a44134482993f5baeb97e61b7ecc89?s=96&d=mm&r=g\",\"url\":\"https:\\\/\\\/secure.gravatar.com\\\/avatar\\\/42749d8b712ff9d59ca93dc150494e5b55a44134482993f5baeb97e61b7ecc89?s=96&d=mm&r=g\",\"contentUrl\":\"https:\\\/\\\/secure.gravatar.com\\\/avatar\\\/42749d8b712ff9d59ca93dc150494e5b55a44134482993f5baeb97e61b7ecc89?s=96&d=mm&r=g\",\"caption\":\"Roberto\"},\"url\":\"https:\\\/\\\/regiaonews.net.br\\\/2022\\\/author\\\/roberto\\\/\"}]}<\/script>\n<!-- \/ Yoast SEO plugin. -->","yoast_head_json":{"title":"Orquestra Sinf\u00f4nica Municipal de Barretos apresenta \u201cConcerto para as Crian\u00e7as\u201d - Regi\u00e3o News","robots":{"index":"index","follow":"follow","max-snippet":"max-snippet:-1","max-image-preview":"max-image-preview:large","max-video-preview":"max-video-preview:-1"},"canonical":"https:\/\/regiaonews.net.br\/2022\/2023\/10\/26\/orquestra-sinfonica-municipal-de-barretos-apresenta-concerto-para-as-criancas\/","og_locale":"pt_BR","og_type":"article","og_title":"Orquestra Sinf\u00f4nica Municipal de Barretos apresenta \u201cConcerto para as Crian\u00e7as\u201d - Regi\u00e3o News","og_description":"OSMB vai apresentar temas do universo infantil e cl\u00e1ssicos do","og_url":"https:\/\/regiaonews.net.br\/2022\/2023\/10\/26\/orquestra-sinfonica-municipal-de-barretos-apresenta-concerto-para-as-criancas\/","og_site_name":"Regi\u00e3o News","article_published_time":"2023-10-26T19:14:38+00:00","og_image":[{"width":1080,"height":1080,"url":"https:\/\/regiaonews.net.br\/2022\/wp-content\/uploads\/2023\/10\/Imagem-do-WhatsApp-de-2023-10-26-as-15.36.16_e5900751.jpg","type":"image\/jpeg"}],"author":"Roberto","twitter_card":"summary_large_image","twitter_misc":{"Escrito por":"Roberto","Est. tempo de leitura":"2 minutos"},"schema":{"@context":"https:\/\/schema.org","@graph":[{"@type":"Article","@id":"https:\/\/regiaonews.net.br\/2022\/2023\/10\/26\/orquestra-sinfonica-municipal-de-barretos-apresenta-concerto-para-as-criancas\/#article","isPartOf":{"@id":"https:\/\/regiaonews.net.br\/2022\/2023\/10\/26\/orquestra-sinfonica-municipal-de-barretos-apresenta-concerto-para-as-criancas\/"},"author":{"name":"Roberto","@id":"https:\/\/regiaonews.net.br\/2022\/#\/schema\/person\/2d205a608a5aa97ac279d7a5e6d89ad8"},"headline":"Orquestra Sinf\u00f4nica Municipal de Barretos apresenta \u201cConcerto para as Crian\u00e7as\u201d","datePublished":"2023-10-26T19:14:38+00:00","mainEntityOfPage":{"@id":"https:\/\/regiaonews.net.br\/2022\/2023\/10\/26\/orquestra-sinfonica-municipal-de-barretos-apresenta-concerto-para-as-criancas\/"},"wordCount":372,"commentCount":0,"publisher":{"@id":"https:\/\/regiaonews.net.br\/2022\/#organization"},"image":{"@id":"https:\/\/regiaonews.net.br\/2022\/2023\/10\/26\/orquestra-sinfonica-municipal-de-barretos-apresenta-concerto-para-as-criancas\/#primaryimage"},"thumbnailUrl":"https:\/\/regiaonews.net.br\/2022\/wp-content\/uploads\/2023\/10\/Imagem-do-WhatsApp-de-2023-10-26-as-15.36.16_e5900751.jpg","articleSection":["Barretos","Geral"],"inLanguage":"pt-BR","potentialAction":[{"@type":"CommentAction","name":"Comment","target":["https:\/\/regiaonews.net.br\/2022\/2023\/10\/26\/orquestra-sinfonica-municipal-de-barretos-apresenta-concerto-para-as-criancas\/#respond"]}]},{"@type":"WebPage","@id":"https:\/\/regiaonews.net.br\/2022\/2023\/10\/26\/orquestra-sinfonica-municipal-de-barretos-apresenta-concerto-para-as-criancas\/","url":"https:\/\/regiaonews.net.br\/2022\/2023\/10\/26\/orquestra-sinfonica-municipal-de-barretos-apresenta-concerto-para-as-criancas\/","name":"Orquestra Sinf\u00f4nica Municipal de Barretos apresenta \u201cConcerto para as Crian\u00e7as\u201d - Regi\u00e3o News","isPartOf":{"@id":"https:\/\/regiaonews.net.br\/2022\/#website"},"primaryImageOfPage":{"@id":"https:\/\/regiaonews.net.br\/2022\/2023\/10\/26\/orquestra-sinfonica-municipal-de-barretos-apresenta-concerto-para-as-criancas\/#primaryimage"},"image":{"@id":"https:\/\/regiaonews.net.br\/2022\/2023\/10\/26\/orquestra-sinfonica-municipal-de-barretos-apresenta-concerto-para-as-criancas\/#primaryimage"},"thumbnailUrl":"https:\/\/regiaonews.net.br\/2022\/wp-content\/uploads\/2023\/10\/Imagem-do-WhatsApp-de-2023-10-26-as-15.36.16_e5900751.jpg","datePublished":"2023-10-26T19:14:38+00:00","breadcrumb":{"@id":"https:\/\/regiaonews.net.br\/2022\/2023\/10\/26\/orquestra-sinfonica-municipal-de-barretos-apresenta-concerto-para-as-criancas\/#breadcrumb"},"inLanguage":"pt-BR","potentialAction":[{"@type":"ReadAction","target":["https:\/\/regiaonews.net.br\/2022\/2023\/10\/26\/orquestra-sinfonica-municipal-de-barretos-apresenta-concerto-para-as-criancas\/"]}]},{"@type":"ImageObject","inLanguage":"pt-BR","@id":"https:\/\/regiaonews.net.br\/2022\/2023\/10\/26\/orquestra-sinfonica-municipal-de-barretos-apresenta-concerto-para-as-criancas\/#primaryimage","url":"https:\/\/regiaonews.net.br\/2022\/wp-content\/uploads\/2023\/10\/Imagem-do-WhatsApp-de-2023-10-26-as-15.36.16_e5900751.jpg","contentUrl":"https:\/\/regiaonews.net.br\/2022\/wp-content\/uploads\/2023\/10\/Imagem-do-WhatsApp-de-2023-10-26-as-15.36.16_e5900751.jpg","width":1080,"height":1080},{"@type":"BreadcrumbList","@id":"https:\/\/regiaonews.net.br\/2022\/2023\/10\/26\/orquestra-sinfonica-municipal-de-barretos-apresenta-concerto-para-as-criancas\/#breadcrumb","itemListElement":[{"@type":"ListItem","position":1,"name":"In\u00edcio","item":"https:\/\/regiaonews.net.br\/2022\/"},{"@type":"ListItem","position":2,"name":"Orquestra Sinf\u00f4nica Municipal de Barretos apresenta \u201cConcerto para as Crian\u00e7as\u201d"}]},{"@type":"WebSite","@id":"https:\/\/regiaonews.net.br\/2022\/#website","url":"https:\/\/regiaonews.net.br\/2022\/","name":"Regi\u00e3o News","description":"Site de Not\u00edcias de Barretos e regi\u00e3o","publisher":{"@id":"https:\/\/regiaonews.net.br\/2022\/#organization"},"potentialAction":[{"@type":"SearchAction","target":{"@type":"EntryPoint","urlTemplate":"https:\/\/regiaonews.net.br\/2022\/?s={search_term_string}"},"query-input":{"@type":"PropertyValueSpecification","valueRequired":true,"valueName":"search_term_string"}}],"inLanguage":"pt-BR"},{"@type":"Organization","@id":"https:\/\/regiaonews.net.br\/2022\/#organization","name":"Regi\u00e3o News","url":"https:\/\/regiaonews.net.br\/2022\/","logo":{"@type":"ImageObject","inLanguage":"pt-BR","@id":"https:\/\/regiaonews.net.br\/2022\/#\/schema\/logo\/image\/","url":"https:\/\/regiaonews.net.br\/2022\/wp-content\/uploads\/2026\/03\/regiao-13-anos-scaled.jpg","contentUrl":"https:\/\/regiaonews.net.br\/2022\/wp-content\/uploads\/2026\/03\/regiao-13-anos-scaled.jpg","width":2560,"height":635,"caption":"Regi\u00e3o News"},"image":{"@id":"https:\/\/regiaonews.net.br\/2022\/#\/schema\/logo\/image\/"}},{"@type":"Person","@id":"https:\/\/regiaonews.net.br\/2022\/#\/schema\/person\/2d205a608a5aa97ac279d7a5e6d89ad8","name":"Roberto","image":{"@type":"ImageObject","inLanguage":"pt-BR","@id":"https:\/\/secure.gravatar.com\/avatar\/42749d8b712ff9d59ca93dc150494e5b55a44134482993f5baeb97e61b7ecc89?s=96&d=mm&r=g","url":"https:\/\/secure.gravatar.com\/avatar\/42749d8b712ff9d59ca93dc150494e5b55a44134482993f5baeb97e61b7ecc89?s=96&d=mm&r=g","contentUrl":"https:\/\/secure.gravatar.com\/avatar\/42749d8b712ff9d59ca93dc150494e5b55a44134482993f5baeb97e61b7ecc89?s=96&d=mm&r=g","caption":"Roberto"},"url":"https:\/\/regiaonews.net.br\/2022\/author\/roberto\/"}]}},"publishpress_future_action":{"enabled":false,"date":"2026-05-04 15:57:38","action":"change-status","newStatus":"draft","terms":[],"taxonomy":"category","extraData":[]},"publishpress_future_workflow_manual_trigger":{"enabledWorkflows":[]},"_links":{"self":[{"href":"https:\/\/regiaonews.net.br\/2022\/wp-json\/wp\/v2\/posts\/97010","targetHints":{"allow":["GET"]}}],"collection":[{"href":"https:\/\/regiaonews.net.br\/2022\/wp-json\/wp\/v2\/posts"}],"about":[{"href":"https:\/\/regiaonews.net.br\/2022\/wp-json\/wp\/v2\/types\/post"}],"author":[{"embeddable":true,"href":"https:\/\/regiaonews.net.br\/2022\/wp-json\/wp\/v2\/users\/2"}],"replies":[{"embeddable":true,"href":"https:\/\/regiaonews.net.br\/2022\/wp-json\/wp\/v2\/comments?post=97010"}],"version-history":[{"count":1,"href":"https:\/\/regiaonews.net.br\/2022\/wp-json\/wp\/v2\/posts\/97010\/revisions"}],"predecessor-version":[{"id":97012,"href":"https:\/\/regiaonews.net.br\/2022\/wp-json\/wp\/v2\/posts\/97010\/revisions\/97012"}],"wp:featuredmedia":[{"embeddable":true,"href":"https:\/\/regiaonews.net.br\/2022\/wp-json\/wp\/v2\/media\/97011"}],"wp:attachment":[{"href":"https:\/\/regiaonews.net.br\/2022\/wp-json\/wp\/v2\/media?parent=97010"}],"wp:term":[{"taxonomy":"category","embeddable":true,"href":"https:\/\/regiaonews.net.br\/2022\/wp-json\/wp\/v2\/categories?post=97010"},{"taxonomy":"post_tag","embeddable":true,"href":"https:\/\/regiaonews.net.br\/2022\/wp-json\/wp\/v2\/tags?post=97010"}],"curies":[{"name":"wp","href":"https:\/\/api.w.org\/{rel}","templated":true}]}}