{"id":97006,"date":"2023-10-26T13:22:10","date_gmt":"2023-10-26T16:22:10","guid":{"rendered":"https:\/\/regiaonews.net.br\/2022\/?p=97006"},"modified":"2023-10-26T13:22:10","modified_gmt":"2023-10-26T16:22:10","slug":"dig-faz-operacao-para-prender-envolvidos-em-tentativa-homicidio-em-festa-no-final-de-semana","status":"publish","type":"post","link":"https:\/\/regiaonews.net.br\/2022\/2023\/10\/26\/dig-faz-operacao-para-prender-envolvidos-em-tentativa-homicidio-em-festa-no-final-de-semana\/","title":{"rendered":"DIG faz opera\u00e7\u00e3o para prender envolvidos em tentativa homic\u00eddio em festa no final de semana"},"content":{"rendered":"<p>A Pol\u00edcia Civil de Barretos, por interm\u00e9dio dos policiais civis da Delegacia de Investiga\u00e7\u00f5es Gerais e com apoio das demais Delegacias de Barretos e da Pol\u00edcia Militar, desencadeou, na manh\u00e3 desta quinta-feira (26), uma opera\u00e7\u00e3o visando prender 2 indiv\u00edduos e apreender 1 adolescente, que s\u00e3o suspeitos da pr\u00e1tica de tentativa de homic\u00eddio e tentativa de latroc\u00ednio, ocorridos no \u00faltimo final de semana na cidade.<br \/>\nSegundo informa\u00e7\u00f5es, os agentes da DIG apuraram que, na madrugada de domingo, durante uma festa ocorrida num camping nas proximidades do Parque de Pe\u00e3o, os tr\u00eas indiv\u00edduos, sendo um de 21, outro de 18 e um de 16 anos, efetuaram disparos de arma de fogo contra um homem de 21 anos, atingindo-o na perna.<br \/>\nEm seguida, o trio foi at\u00e9 a resid\u00eancia da irm\u00e3 da v\u00edtima e tamb\u00e9m efetuaram disparos de arma de fogo, roubando um ve\u00edculo pertencente a um amigo dessa mulher.<br \/>\nDiante disso do apurado pelos policiais, o delegado de pol\u00edcia da DIG, Dr. Rafael Faria Domingos, representou pela pris\u00e3o dos maiores e pela apreens\u00e3o do adolescente, sendo todos os mandados deferidos pelo Poder Judici\u00e1rio.<br \/>\nNa manh\u00e3 desta quinta-feira (26), os policiais sa\u00edram \u00e0s ruas para cumprimento dos mandados e localizaram o homem de 21 anos, que foi preso. O outro homem e o adolescente permanecem foragidos e os policiais prosseguem fazendo dilig\u00eancias para localiz\u00e1-los.<br \/>\nO caso tamb\u00e9m est\u00e1 sendo investigado como associa\u00e7\u00e3o criminosa armada e corrup\u00e7\u00e3o\u00a0de\u00a0menores.<\/p>\n<div style=\"width: 640px;\" class=\"wp-video\"><video class=\"wp-video-shortcode\" id=\"video-97006-1\" width=\"640\" height=\"362\" preload=\"metadata\" controls=\"controls\"><source type=\"video\/mp4\" src=\"https:\/\/regiaonews.net.br\/2022\/wp-content\/uploads\/2023\/10\/Video-do-WhatsApp-de-2023-10-26-as-11.24.17_c5069a9e.mp4?_=1\" \/><a href=\"https:\/\/regiaonews.net.br\/2022\/wp-content\/uploads\/2023\/10\/Video-do-WhatsApp-de-2023-10-26-as-11.24.17_c5069a9e.mp4\">https:\/\/regiaonews.net.br\/2022\/wp-content\/uploads\/2023\/10\/Video-do-WhatsApp-de-2023-10-26-as-11.24.17_c5069a9e.mp4<\/a><\/video><\/div>\n","protected":false},"excerpt":{"rendered":"<p>A Pol\u00edcia Civil de Barretos, por interm\u00e9dio dos policiais civis<\/p>\n","protected":false},"author":2,"featured_media":97008,"comment_status":"open","ping_status":"open","sticky":false,"template":"","format":"standard","meta":{"footnotes":""},"categories":[14,23],"tags":[],"class_list":["post-97006","post","type-post","status-publish","format-standard","has-post-thumbnail","hentry","category-barretos","category-policia"],"yoast_head":"<!-- This site is optimized with the Yoast SEO plugin v27.4 - https:\/\/yoast.com\/product\/yoast-seo-wordpress\/ -->\n<title>DIG faz opera\u00e7\u00e3o para prender envolvidos em tentativa homic\u00eddio em festa no final de semana - Regi\u00e3o News<\/title>\n<meta name=\"robots\" content=\"index, follow, max-snippet:-1, max-image-preview:large, max-video-preview:-1\" \/>\n<link rel=\"canonical\" href=\"https:\/\/regiaonews.net.br\/2022\/2023\/10\/26\/dig-faz-operacao-para-prender-envolvidos-em-tentativa-homicidio-em-festa-no-final-de-semana\/\" \/>\n<meta property=\"og:locale\" content=\"pt_BR\" \/>\n<meta property=\"og:type\" content=\"article\" \/>\n<meta property=\"og:title\" content=\"DIG faz opera\u00e7\u00e3o para prender envolvidos em tentativa homic\u00eddio em festa no final de semana - Regi\u00e3o News\" \/>\n<meta property=\"og:description\" content=\"A Pol\u00edcia Civil de Barretos, por interm\u00e9dio dos policiais civis\" \/>\n<meta property=\"og:url\" content=\"https:\/\/regiaonews.net.br\/2022\/2023\/10\/26\/dig-faz-operacao-para-prender-envolvidos-em-tentativa-homicidio-em-festa-no-final-de-semana\/\" \/>\n<meta property=\"og:site_name\" content=\"Regi\u00e3o News\" \/>\n<meta property=\"article:published_time\" content=\"2023-10-26T16:22:10+00:00\" \/>\n<meta property=\"og:image\" content=\"https:\/\/regiaonews.net.br\/2022\/wp-content\/uploads\/2023\/10\/Imagem-do-WhatsApp-de-2023-10-26-as-10.43.10_15aa597d-scaled.jpg\" \/>\n\t<meta property=\"og:image:width\" content=\"1920\" \/>\n\t<meta property=\"og:image:height\" content=\"2560\" \/>\n\t<meta property=\"og:image:type\" content=\"image\/jpeg\" \/>\n<meta name=\"author\" content=\"Roberto\" \/>\n<meta name=\"twitter:card\" content=\"summary_large_image\" \/>\n<meta name=\"twitter:label1\" content=\"Escrito por\" \/>\n\t<meta name=\"twitter:data1\" content=\"Roberto\" \/>\n\t<meta name=\"twitter:label2\" content=\"Est. tempo de leitura\" \/>\n\t<meta name=\"twitter:data2\" content=\"2 minutos\" \/>\n<script type=\"application\/ld+json\" class=\"yoast-schema-graph\">{\"@context\":\"https:\\\/\\\/schema.org\",\"@graph\":[{\"@type\":\"Article\",\"@id\":\"https:\\\/\\\/regiaonews.net.br\\\/2022\\\/2023\\\/10\\\/26\\\/dig-faz-operacao-para-prender-envolvidos-em-tentativa-homicidio-em-festa-no-final-de-semana\\\/#article\",\"isPartOf\":{\"@id\":\"https:\\\/\\\/regiaonews.net.br\\\/2022\\\/2023\\\/10\\\/26\\\/dig-faz-operacao-para-prender-envolvidos-em-tentativa-homicidio-em-festa-no-final-de-semana\\\/\"},\"author\":{\"name\":\"Roberto\",\"@id\":\"https:\\\/\\\/regiaonews.net.br\\\/2022\\\/#\\\/schema\\\/person\\\/2d205a608a5aa97ac279d7a5e6d89ad8\"},\"headline\":\"DIG faz opera\u00e7\u00e3o para prender envolvidos em tentativa homic\u00eddio em festa no final de semana\",\"datePublished\":\"2023-10-26T16:22:10+00:00\",\"mainEntityOfPage\":{\"@id\":\"https:\\\/\\\/regiaonews.net.br\\\/2022\\\/2023\\\/10\\\/26\\\/dig-faz-operacao-para-prender-envolvidos-em-tentativa-homicidio-em-festa-no-final-de-semana\\\/\"},\"wordCount\":290,\"commentCount\":0,\"publisher\":{\"@id\":\"https:\\\/\\\/regiaonews.net.br\\\/2022\\\/#organization\"},\"image\":{\"@id\":\"https:\\\/\\\/regiaonews.net.br\\\/2022\\\/2023\\\/10\\\/26\\\/dig-faz-operacao-para-prender-envolvidos-em-tentativa-homicidio-em-festa-no-final-de-semana\\\/#primaryimage\"},\"thumbnailUrl\":\"https:\\\/\\\/regiaonews.net.br\\\/2022\\\/wp-content\\\/uploads\\\/2023\\\/10\\\/Imagem-do-WhatsApp-de-2023-10-26-as-10.43.10_15aa597d-scaled.jpg\",\"articleSection\":[\"Barretos\",\"Policia\"],\"inLanguage\":\"pt-BR\",\"potentialAction\":[{\"@type\":\"CommentAction\",\"name\":\"Comment\",\"target\":[\"https:\\\/\\\/regiaonews.net.br\\\/2022\\\/2023\\\/10\\\/26\\\/dig-faz-operacao-para-prender-envolvidos-em-tentativa-homicidio-em-festa-no-final-de-semana\\\/#respond\"]}]},{\"@type\":\"WebPage\",\"@id\":\"https:\\\/\\\/regiaonews.net.br\\\/2022\\\/2023\\\/10\\\/26\\\/dig-faz-operacao-para-prender-envolvidos-em-tentativa-homicidio-em-festa-no-final-de-semana\\\/\",\"url\":\"https:\\\/\\\/regiaonews.net.br\\\/2022\\\/2023\\\/10\\\/26\\\/dig-faz-operacao-para-prender-envolvidos-em-tentativa-homicidio-em-festa-no-final-de-semana\\\/\",\"name\":\"DIG faz opera\u00e7\u00e3o para prender envolvidos em tentativa homic\u00eddio em festa no final de semana - Regi\u00e3o News\",\"isPartOf\":{\"@id\":\"https:\\\/\\\/regiaonews.net.br\\\/2022\\\/#website\"},\"primaryImageOfPage\":{\"@id\":\"https:\\\/\\\/regiaonews.net.br\\\/2022\\\/2023\\\/10\\\/26\\\/dig-faz-operacao-para-prender-envolvidos-em-tentativa-homicidio-em-festa-no-final-de-semana\\\/#primaryimage\"},\"image\":{\"@id\":\"https:\\\/\\\/regiaonews.net.br\\\/2022\\\/2023\\\/10\\\/26\\\/dig-faz-operacao-para-prender-envolvidos-em-tentativa-homicidio-em-festa-no-final-de-semana\\\/#primaryimage\"},\"thumbnailUrl\":\"https:\\\/\\\/regiaonews.net.br\\\/2022\\\/wp-content\\\/uploads\\\/2023\\\/10\\\/Imagem-do-WhatsApp-de-2023-10-26-as-10.43.10_15aa597d-scaled.jpg\",\"datePublished\":\"2023-10-26T16:22:10+00:00\",\"breadcrumb\":{\"@id\":\"https:\\\/\\\/regiaonews.net.br\\\/2022\\\/2023\\\/10\\\/26\\\/dig-faz-operacao-para-prender-envolvidos-em-tentativa-homicidio-em-festa-no-final-de-semana\\\/#breadcrumb\"},\"inLanguage\":\"pt-BR\",\"potentialAction\":[{\"@type\":\"ReadAction\",\"target\":[\"https:\\\/\\\/regiaonews.net.br\\\/2022\\\/2023\\\/10\\\/26\\\/dig-faz-operacao-para-prender-envolvidos-em-tentativa-homicidio-em-festa-no-final-de-semana\\\/\"]}]},{\"@type\":\"ImageObject\",\"inLanguage\":\"pt-BR\",\"@id\":\"https:\\\/\\\/regiaonews.net.br\\\/2022\\\/2023\\\/10\\\/26\\\/dig-faz-operacao-para-prender-envolvidos-em-tentativa-homicidio-em-festa-no-final-de-semana\\\/#primaryimage\",\"url\":\"https:\\\/\\\/regiaonews.net.br\\\/2022\\\/wp-content\\\/uploads\\\/2023\\\/10\\\/Imagem-do-WhatsApp-de-2023-10-26-as-10.43.10_15aa597d-scaled.jpg\",\"contentUrl\":\"https:\\\/\\\/regiaonews.net.br\\\/2022\\\/wp-content\\\/uploads\\\/2023\\\/10\\\/Imagem-do-WhatsApp-de-2023-10-26-as-10.43.10_15aa597d-scaled.jpg\",\"width\":1920,\"height\":2560},{\"@type\":\"BreadcrumbList\",\"@id\":\"https:\\\/\\\/regiaonews.net.br\\\/2022\\\/2023\\\/10\\\/26\\\/dig-faz-operacao-para-prender-envolvidos-em-tentativa-homicidio-em-festa-no-final-de-semana\\\/#breadcrumb\",\"itemListElement\":[{\"@type\":\"ListItem\",\"position\":1,\"name\":\"In\u00edcio\",\"item\":\"https:\\\/\\\/regiaonews.net.br\\\/2022\\\/\"},{\"@type\":\"ListItem\",\"position\":2,\"name\":\"DIG faz opera\u00e7\u00e3o para prender envolvidos em tentativa homic\u00eddio em festa no final de semana\"}]},{\"@type\":\"WebSite\",\"@id\":\"https:\\\/\\\/regiaonews.net.br\\\/2022\\\/#website\",\"url\":\"https:\\\/\\\/regiaonews.net.br\\\/2022\\\/\",\"name\":\"Regi\u00e3o News\",\"description\":\"Site de Not\u00edcias de Barretos e regi\u00e3o\",\"publisher\":{\"@id\":\"https:\\\/\\\/regiaonews.net.br\\\/2022\\\/#organization\"},\"potentialAction\":[{\"@type\":\"SearchAction\",\"target\":{\"@type\":\"EntryPoint\",\"urlTemplate\":\"https:\\\/\\\/regiaonews.net.br\\\/2022\\\/?s={search_term_string}\"},\"query-input\":{\"@type\":\"PropertyValueSpecification\",\"valueRequired\":true,\"valueName\":\"search_term_string\"}}],\"inLanguage\":\"pt-BR\"},{\"@type\":\"Organization\",\"@id\":\"https:\\\/\\\/regiaonews.net.br\\\/2022\\\/#organization\",\"name\":\"Regi\u00e3o News\",\"url\":\"https:\\\/\\\/regiaonews.net.br\\\/2022\\\/\",\"logo\":{\"@type\":\"ImageObject\",\"inLanguage\":\"pt-BR\",\"@id\":\"https:\\\/\\\/regiaonews.net.br\\\/2022\\\/#\\\/schema\\\/logo\\\/image\\\/\",\"url\":\"https:\\\/\\\/regiaonews.net.br\\\/2022\\\/wp-content\\\/uploads\\\/2026\\\/03\\\/regiao-13-anos-scaled.jpg\",\"contentUrl\":\"https:\\\/\\\/regiaonews.net.br\\\/2022\\\/wp-content\\\/uploads\\\/2026\\\/03\\\/regiao-13-anos-scaled.jpg\",\"width\":2560,\"height\":635,\"caption\":\"Regi\u00e3o News\"},\"image\":{\"@id\":\"https:\\\/\\\/regiaonews.net.br\\\/2022\\\/#\\\/schema\\\/logo\\\/image\\\/\"}},{\"@type\":\"Person\",\"@id\":\"https:\\\/\\\/regiaonews.net.br\\\/2022\\\/#\\\/schema\\\/person\\\/2d205a608a5aa97ac279d7a5e6d89ad8\",\"name\":\"Roberto\",\"image\":{\"@type\":\"ImageObject\",\"inLanguage\":\"pt-BR\",\"@id\":\"https:\\\/\\\/secure.gravatar.com\\\/avatar\\\/42749d8b712ff9d59ca93dc150494e5b55a44134482993f5baeb97e61b7ecc89?s=96&d=mm&r=g\",\"url\":\"https:\\\/\\\/secure.gravatar.com\\\/avatar\\\/42749d8b712ff9d59ca93dc150494e5b55a44134482993f5baeb97e61b7ecc89?s=96&d=mm&r=g\",\"contentUrl\":\"https:\\\/\\\/secure.gravatar.com\\\/avatar\\\/42749d8b712ff9d59ca93dc150494e5b55a44134482993f5baeb97e61b7ecc89?s=96&d=mm&r=g\",\"caption\":\"Roberto\"},\"url\":\"https:\\\/\\\/regiaonews.net.br\\\/2022\\\/author\\\/roberto\\\/\"}]}<\/script>\n<!-- \/ Yoast SEO plugin. -->","yoast_head_json":{"title":"DIG faz opera\u00e7\u00e3o para prender envolvidos em tentativa homic\u00eddio em festa no final de semana - Regi\u00e3o News","robots":{"index":"index","follow":"follow","max-snippet":"max-snippet:-1","max-image-preview":"max-image-preview:large","max-video-preview":"max-video-preview:-1"},"canonical":"https:\/\/regiaonews.net.br\/2022\/2023\/10\/26\/dig-faz-operacao-para-prender-envolvidos-em-tentativa-homicidio-em-festa-no-final-de-semana\/","og_locale":"pt_BR","og_type":"article","og_title":"DIG faz opera\u00e7\u00e3o para prender envolvidos em tentativa homic\u00eddio em festa no final de semana - Regi\u00e3o News","og_description":"A Pol\u00edcia Civil de Barretos, por interm\u00e9dio dos policiais civis","og_url":"https:\/\/regiaonews.net.br\/2022\/2023\/10\/26\/dig-faz-operacao-para-prender-envolvidos-em-tentativa-homicidio-em-festa-no-final-de-semana\/","og_site_name":"Regi\u00e3o News","article_published_time":"2023-10-26T16:22:10+00:00","og_image":[{"width":1920,"height":2560,"url":"https:\/\/regiaonews.net.br\/2022\/wp-content\/uploads\/2023\/10\/Imagem-do-WhatsApp-de-2023-10-26-as-10.43.10_15aa597d-scaled.jpg","type":"image\/jpeg"}],"author":"Roberto","twitter_card":"summary_large_image","twitter_misc":{"Escrito por":"Roberto","Est. tempo de leitura":"2 minutos"},"schema":{"@context":"https:\/\/schema.org","@graph":[{"@type":"Article","@id":"https:\/\/regiaonews.net.br\/2022\/2023\/10\/26\/dig-faz-operacao-para-prender-envolvidos-em-tentativa-homicidio-em-festa-no-final-de-semana\/#article","isPartOf":{"@id":"https:\/\/regiaonews.net.br\/2022\/2023\/10\/26\/dig-faz-operacao-para-prender-envolvidos-em-tentativa-homicidio-em-festa-no-final-de-semana\/"},"author":{"name":"Roberto","@id":"https:\/\/regiaonews.net.br\/2022\/#\/schema\/person\/2d205a608a5aa97ac279d7a5e6d89ad8"},"headline":"DIG faz opera\u00e7\u00e3o para prender envolvidos em tentativa homic\u00eddio em festa no final de semana","datePublished":"2023-10-26T16:22:10+00:00","mainEntityOfPage":{"@id":"https:\/\/regiaonews.net.br\/2022\/2023\/10\/26\/dig-faz-operacao-para-prender-envolvidos-em-tentativa-homicidio-em-festa-no-final-de-semana\/"},"wordCount":290,"commentCount":0,"publisher":{"@id":"https:\/\/regiaonews.net.br\/2022\/#organization"},"image":{"@id":"https:\/\/regiaonews.net.br\/2022\/2023\/10\/26\/dig-faz-operacao-para-prender-envolvidos-em-tentativa-homicidio-em-festa-no-final-de-semana\/#primaryimage"},"thumbnailUrl":"https:\/\/regiaonews.net.br\/2022\/wp-content\/uploads\/2023\/10\/Imagem-do-WhatsApp-de-2023-10-26-as-10.43.10_15aa597d-scaled.jpg","articleSection":["Barretos","Policia"],"inLanguage":"pt-BR","potentialAction":[{"@type":"CommentAction","name":"Comment","target":["https:\/\/regiaonews.net.br\/2022\/2023\/10\/26\/dig-faz-operacao-para-prender-envolvidos-em-tentativa-homicidio-em-festa-no-final-de-semana\/#respond"]}]},{"@type":"WebPage","@id":"https:\/\/regiaonews.net.br\/2022\/2023\/10\/26\/dig-faz-operacao-para-prender-envolvidos-em-tentativa-homicidio-em-festa-no-final-de-semana\/","url":"https:\/\/regiaonews.net.br\/2022\/2023\/10\/26\/dig-faz-operacao-para-prender-envolvidos-em-tentativa-homicidio-em-festa-no-final-de-semana\/","name":"DIG faz opera\u00e7\u00e3o para prender envolvidos em tentativa homic\u00eddio em festa no final de semana - Regi\u00e3o News","isPartOf":{"@id":"https:\/\/regiaonews.net.br\/2022\/#website"},"primaryImageOfPage":{"@id":"https:\/\/regiaonews.net.br\/2022\/2023\/10\/26\/dig-faz-operacao-para-prender-envolvidos-em-tentativa-homicidio-em-festa-no-final-de-semana\/#primaryimage"},"image":{"@id":"https:\/\/regiaonews.net.br\/2022\/2023\/10\/26\/dig-faz-operacao-para-prender-envolvidos-em-tentativa-homicidio-em-festa-no-final-de-semana\/#primaryimage"},"thumbnailUrl":"https:\/\/regiaonews.net.br\/2022\/wp-content\/uploads\/2023\/10\/Imagem-do-WhatsApp-de-2023-10-26-as-10.43.10_15aa597d-scaled.jpg","datePublished":"2023-10-26T16:22:10+00:00","breadcrumb":{"@id":"https:\/\/regiaonews.net.br\/2022\/2023\/10\/26\/dig-faz-operacao-para-prender-envolvidos-em-tentativa-homicidio-em-festa-no-final-de-semana\/#breadcrumb"},"inLanguage":"pt-BR","potentialAction":[{"@type":"ReadAction","target":["https:\/\/regiaonews.net.br\/2022\/2023\/10\/26\/dig-faz-operacao-para-prender-envolvidos-em-tentativa-homicidio-em-festa-no-final-de-semana\/"]}]},{"@type":"ImageObject","inLanguage":"pt-BR","@id":"https:\/\/regiaonews.net.br\/2022\/2023\/10\/26\/dig-faz-operacao-para-prender-envolvidos-em-tentativa-homicidio-em-festa-no-final-de-semana\/#primaryimage","url":"https:\/\/regiaonews.net.br\/2022\/wp-content\/uploads\/2023\/10\/Imagem-do-WhatsApp-de-2023-10-26-as-10.43.10_15aa597d-scaled.jpg","contentUrl":"https:\/\/regiaonews.net.br\/2022\/wp-content\/uploads\/2023\/10\/Imagem-do-WhatsApp-de-2023-10-26-as-10.43.10_15aa597d-scaled.jpg","width":1920,"height":2560},{"@type":"BreadcrumbList","@id":"https:\/\/regiaonews.net.br\/2022\/2023\/10\/26\/dig-faz-operacao-para-prender-envolvidos-em-tentativa-homicidio-em-festa-no-final-de-semana\/#breadcrumb","itemListElement":[{"@type":"ListItem","position":1,"name":"In\u00edcio","item":"https:\/\/regiaonews.net.br\/2022\/"},{"@type":"ListItem","position":2,"name":"DIG faz opera\u00e7\u00e3o para prender envolvidos em tentativa homic\u00eddio em festa no final de semana"}]},{"@type":"WebSite","@id":"https:\/\/regiaonews.net.br\/2022\/#website","url":"https:\/\/regiaonews.net.br\/2022\/","name":"Regi\u00e3o News","description":"Site de Not\u00edcias de Barretos e regi\u00e3o","publisher":{"@id":"https:\/\/regiaonews.net.br\/2022\/#organization"},"potentialAction":[{"@type":"SearchAction","target":{"@type":"EntryPoint","urlTemplate":"https:\/\/regiaonews.net.br\/2022\/?s={search_term_string}"},"query-input":{"@type":"PropertyValueSpecification","valueRequired":true,"valueName":"search_term_string"}}],"inLanguage":"pt-BR"},{"@type":"Organization","@id":"https:\/\/regiaonews.net.br\/2022\/#organization","name":"Regi\u00e3o News","url":"https:\/\/regiaonews.net.br\/2022\/","logo":{"@type":"ImageObject","inLanguage":"pt-BR","@id":"https:\/\/regiaonews.net.br\/2022\/#\/schema\/logo\/image\/","url":"https:\/\/regiaonews.net.br\/2022\/wp-content\/uploads\/2026\/03\/regiao-13-anos-scaled.jpg","contentUrl":"https:\/\/regiaonews.net.br\/2022\/wp-content\/uploads\/2026\/03\/regiao-13-anos-scaled.jpg","width":2560,"height":635,"caption":"Regi\u00e3o News"},"image":{"@id":"https:\/\/regiaonews.net.br\/2022\/#\/schema\/logo\/image\/"}},{"@type":"Person","@id":"https:\/\/regiaonews.net.br\/2022\/#\/schema\/person\/2d205a608a5aa97ac279d7a5e6d89ad8","name":"Roberto","image":{"@type":"ImageObject","inLanguage":"pt-BR","@id":"https:\/\/secure.gravatar.com\/avatar\/42749d8b712ff9d59ca93dc150494e5b55a44134482993f5baeb97e61b7ecc89?s=96&d=mm&r=g","url":"https:\/\/secure.gravatar.com\/avatar\/42749d8b712ff9d59ca93dc150494e5b55a44134482993f5baeb97e61b7ecc89?s=96&d=mm&r=g","contentUrl":"https:\/\/secure.gravatar.com\/avatar\/42749d8b712ff9d59ca93dc150494e5b55a44134482993f5baeb97e61b7ecc89?s=96&d=mm&r=g","caption":"Roberto"},"url":"https:\/\/regiaonews.net.br\/2022\/author\/roberto\/"}]}},"publishpress_future_action":{"enabled":false,"date":"2026-05-04 13:01:07","action":"change-status","newStatus":"draft","terms":[],"taxonomy":"category","extraData":[]},"publishpress_future_workflow_manual_trigger":{"enabledWorkflows":[]},"_links":{"self":[{"href":"https:\/\/regiaonews.net.br\/2022\/wp-json\/wp\/v2\/posts\/97006","targetHints":{"allow":["GET"]}}],"collection":[{"href":"https:\/\/regiaonews.net.br\/2022\/wp-json\/wp\/v2\/posts"}],"about":[{"href":"https:\/\/regiaonews.net.br\/2022\/wp-json\/wp\/v2\/types\/post"}],"author":[{"embeddable":true,"href":"https:\/\/regiaonews.net.br\/2022\/wp-json\/wp\/v2\/users\/2"}],"replies":[{"embeddable":true,"href":"https:\/\/regiaonews.net.br\/2022\/wp-json\/wp\/v2\/comments?post=97006"}],"version-history":[{"count":1,"href":"https:\/\/regiaonews.net.br\/2022\/wp-json\/wp\/v2\/posts\/97006\/revisions"}],"predecessor-version":[{"id":97009,"href":"https:\/\/regiaonews.net.br\/2022\/wp-json\/wp\/v2\/posts\/97006\/revisions\/97009"}],"wp:featuredmedia":[{"embeddable":true,"href":"https:\/\/regiaonews.net.br\/2022\/wp-json\/wp\/v2\/media\/97008"}],"wp:attachment":[{"href":"https:\/\/regiaonews.net.br\/2022\/wp-json\/wp\/v2\/media?parent=97006"}],"wp:term":[{"taxonomy":"category","embeddable":true,"href":"https:\/\/regiaonews.net.br\/2022\/wp-json\/wp\/v2\/categories?post=97006"},{"taxonomy":"post_tag","embeddable":true,"href":"https:\/\/regiaonews.net.br\/2022\/wp-json\/wp\/v2\/tags?post=97006"}],"curies":[{"name":"wp","href":"https:\/\/api.w.org\/{rel}","templated":true}]}}